{"id":9854,"date":"2017-03-15T12:18:57","date_gmt":"2017-03-15T12:18:57","guid":{"rendered":"http:\/\/www.lafarga.com\/corporatiu\/?p=9854"},"modified":"2017-03-21T12:44:45","modified_gmt":"2017-03-21T12:44:45","slug":"torre-barrina-tret-sortida-postgrau-smart-social-city","status":"publish","type":"post","link":"https:\/\/www.lafarga.com\/corporatiu\/torre-barrina-tret-sortida-postgrau-smart-social-city\/","title":{"rendered":"Torre Barrina d\u00f3na el tret de sortida al postgrau Smart Social City"},"content":{"rendered":"<h5>\u00c9s la tercera edici\u00f3 d\u2019aquest curs<\/h5>\n<p>L\u2019Ajuntament de L\u2019Hospitalet, la Universitat de Barcelona (UB) i la Diputaci\u00f3 de Barcelona posen en marxa la tercera edici\u00f3 del curs superior universitari de postgrau Smart Social City. Estrat\u00e8gies i processos d\u2019innovaci\u00f3. <a href=\"http:\/\/www.torrebarrina.cat\/\" target=\"_blank\"><strong>Torre Barrina, Centre Municipal de Creaci\u00f3 Multim\u00e8dia de L&#8217;Hospitalet<\/strong><\/a>, ha donat el tret de sortida amb la presentaci\u00f3 d&#8217;aquest curs.<\/p>\n<p>Aquest postgrau abordar\u00e0 l\u2019<em>smart social city<\/em>, una estrat\u00e8gia de gesti\u00f3 que t\u00e9 com a objectiu impulsar la innovaci\u00f3, la tecnologia i l\u2019efici\u00e8ncia de les ciutats, amb la finalitat de millorar la qualitat de vida de les persones. El curs s\u2019adre\u00e7a a graduats, llicenciats i professionals t\u00e8cnics de l\u2019Administraci\u00f3 p\u00fablica amb especial inter\u00e8s en l\u2019\u00e0mbit de la gesti\u00f3 de l\u2019<em>smart city<\/em> i la innovaci\u00f3 social, o que treballin en el desenvolupament de projectes des de la dimensi\u00f3 social i hol\u00edstica de la gesti\u00f3. El curs es far\u00e0 d\u2019abril a juny.<\/p>\n<h5>El temari del curs \u00e9s el seg\u00fcent:<\/h5>\n<p>-La dimensi\u00f3 social: de la ciutat a l&#8217;<em>smart social city<\/em>.<br \/>\n-Elements tecnol\u00f2gics, infraestructures, recursos i actors necessaris.<br \/>\n-Impacte en els processos de gesti\u00f3 d\u2019una administraci\u00f3 i arquitectura de\u00a0processos.<br \/>\n-Models organitzatius i gesti\u00f3 del canvi cultural.<br \/>\n-Cat\u00e0leg de nous serveis.<br \/>\n-Els ciutadans i les empreses: pla de comunicaci\u00f3 i canals de serveis.<br \/>\n-Model econ\u00f2mic i financer i marc jur\u00eddic de les <em>smart cities<\/em>.<br \/>\n&#8211;<em>Smart Governance<\/em>: Quadre de comandament i <em>situation room<\/em>.<br \/>\n-Tallers d\u2019innovaci\u00f3.<br \/>\n-El futur: Les <em>smart social regions<\/em>.<\/p>\n<p>El curs s\u2019emmarca en l\u2019objectiu estrat\u00e8gic de L\u2019Hospitalet d\u2019esdevenir un referent en la definici\u00f3 i en la implantaci\u00f3 del concepte <em>smart social city<\/em>, que remarca les potencialitats del concepte smart, aplicades en un entorn local amb un complex teixit socioecon\u00f2mic i multicultural.<\/p>\n<p>L\u2019acte de presentaci\u00f3 del curs superior universitari de postgrau Smart Social City. &#8216;Estrat\u00e8gies i processos d\u2019innovaci\u00f3&#8217; ha incl\u00f2s una master class Hibridaci\u00f3 entre el m\u00f3n f\u00edsic i digital, a c\u00e0rrec de l\u2019investigador Domenico Di Siena, que ha abordat el paper de la tecnologia per aconseguir societats m\u00e9s connectades i eficients per tal de millorar la qualitat de vida dels seus habitants.<\/p>\n","protected":false},"excerpt":{"rendered":"<p>L\u2019Ajuntament de L\u2019Hospitalet, la Universitat de Barcelona (UB) i la Diputaci\u00f3 de Barcelona posen en marxa la tercera edici\u00f3 del curs superior universitari de postgrau Smart Social City. <\/p>\n","protected":false},"author":5,"featured_media":9855,"comment_status":"closed","ping_status":"closed","sticky":false,"template":"","format":"standard","meta":{"inline_featured_image":false,"_uag_custom_page_level_css":"","_monsterinsights_skip_tracking":false,"_monsterinsights_sitenote_active":false,"_monsterinsights_sitenote_note":"","_monsterinsights_sitenote_category":0,"site-sidebar-layout":"default","site-content-layout":"","ast-site-content-layout":"default","site-content-style":"default","site-sidebar-style":"default","ast-global-header-display":"","ast-banner-title-visibility":"","ast-main-header-display":"","ast-hfb-above-header-display":"","ast-hfb-below-header-display":"","ast-hfb-mobile-header-display":"","site-post-title":"","ast-breadcrumbs-content":"","ast-featured-img":"","footer-sml-layout":"","ast-disable-related-posts":"","theme-transparent-header-meta":"","adv-header-id-meta":"","stick-header-meta":"","header-above-stick-meta":"","header-main-stick-meta":"","header-below-stick-meta":"","astra-migrate-meta-layouts":"default","ast-page-background-enabled":"default","ast-page-background-meta":{"desktop":{"background-color":"var(--ast-global-color-4)","background-image":"","background-repeat":"repeat","background-position":"center center","background-size":"auto","background-attachment":"scroll","background-type":"","background-media":"","overlay-type":"","overlay-color":"","overlay-opacity":"","overlay-gradient":""},"tablet":{"background-color":"","background-image":"","background-repeat":"repeat","background-position":"center center","background-size":"auto","background-attachment":"scroll","background-type":"","background-media":"","overlay-type":"","overlay-color":"","overlay-opacity":"","overlay-gradient":""},"mobile":{"background-color":"","background-image":"","background-repeat":"repeat","background-position":"center center","background-size":"auto","background-attachment":"scroll","background-type":"","background-media":"","overlay-type":"","overlay-color":"","overlay-opacity":"","overlay-gradient":""}},"ast-content-background-meta":{"desktop":{"background-color":"var(--ast-global-color-5)","background-image":"","background-repeat":"repeat","background-position":"center center","background-size":"auto","background-attachment":"scroll","background-type":"","background-media":"","overlay-type":"","overlay-color":"","overlay-opacity":"","overlay-gradient":""},"tablet":{"background-color":"var(--ast-global-color-5)","background-image":"","background-repeat":"repeat","background-position":"center center","background-size":"auto","background-attachment":"scroll","background-type":"","background-media":"","overlay-type":"","overlay-color":"","overlay-opacity":"","overlay-gradient":""},"mobile":{"background-color":"var(--ast-global-color-5)","background-image":"","background-repeat":"repeat","background-position":"center center","background-size":"auto","background-attachment":"scroll","background-type":"","background-media":"","overlay-type":"","overlay-color":"","overlay-opacity":"","overlay-gradient":""}},"footnotes":""},"categories":[57],"tags":[],"class_list":["post-9854","post","type-post","status-publish","format-standard","has-post-thumbnail","hentry","category-torre-barrina"],"yoast_head":"<!-- This site is optimized with the Yoast SEO plugin v27.4 - https:\/\/yoast.com\/product\/yoast-seo-wordpress\/ -->\n<title>Torre Barrina d\u00f3na el tret de sortida al postgrau Smart Social City - La Farga Gesti\u00f3n de Equipamientos Municipales, S.A.<\/title>\n<meta name=\"description\" content=\"L\u2019Ajuntament de L\u2019H, la Universitat de Barcelona i la Diputaci\u00f3 de Barcelona posen en marxa la 3a edici\u00f3 del curs superior de postgrau Smart Social City.\" \/>\n<meta name=\"robots\" content=\"index, follow, max-snippet:-1, max-image-preview:large, max-video-preview:-1\" \/>\n<link rel=\"canonical\" href=\"https:\/\/www.lafarga.com\/corporatiu\/torre-barrina-tret-sortida-postgrau-smart-social-city\/\" \/>\n<meta property=\"og:locale\" content=\"ca_ES\" \/>\n<meta property=\"og:type\" content=\"article\" \/>\n<meta property=\"og:title\" content=\"Torre Barrina d\u00f3na el tret de sortida al postgrau Smart Social City - La Farga Gesti\u00f3n de Equipamientos Municipales, S.A.\" \/>\n<meta property=\"og:description\" content=\"L\u2019Ajuntament de L\u2019H, la Universitat de Barcelona i la Diputaci\u00f3 de Barcelona posen en marxa la 3a edici\u00f3 del curs superior de postgrau Smart Social City.\" \/>\n<meta property=\"og:url\" content=\"https:\/\/www.lafarga.com\/corporatiu\/torre-barrina-tret-sortida-postgrau-smart-social-city\/\" \/>\n<meta property=\"og:site_name\" content=\"La Farga Gesti\u00f3n de Equipamientos Municipales, S.A.\" \/>\n<meta property=\"article:published_time\" content=\"2017-03-15T12:18:57+00:00\" \/>\n<meta property=\"article:modified_time\" content=\"2017-03-21T12:44:45+00:00\" \/>\n<meta property=\"og:image\" content=\"https:\/\/www.lafarga.com\/corporatiu\/wp-content\/uploads\/2017\/03\/Torre-Barrina-La-Farga.jpg\" \/>\n\t<meta property=\"og:image:width\" content=\"730\" \/>\n\t<meta property=\"og:image:height\" content=\"410\" \/>\n\t<meta property=\"og:image:type\" content=\"image\/jpeg\" \/>\n<meta name=\"author\" content=\"\u00d2scar Milla\" \/>\n<meta name=\"twitter:label1\" content=\"Escrit per\" \/>\n\t<meta name=\"twitter:data1\" content=\"\u00d2scar Milla\" \/>\n\t<meta name=\"twitter:label2\" content=\"Temps estimat de lectura\" \/>\n\t<meta name=\"twitter:data2\" content=\"2 minuts\" \/>\n<script type=\"application\/ld+json\" class=\"yoast-schema-graph\">{\"@context\":\"https:\\\/\\\/schema.org\",\"@graph\":[{\"@type\":\"Article\",\"@id\":\"https:\\\/\\\/www.lafarga.com\\\/corporatiu\\\/torre-barrina-tret-sortida-postgrau-smart-social-city\\\/#article\",\"isPartOf\":{\"@id\":\"https:\\\/\\\/www.lafarga.com\\\/corporatiu\\\/torre-barrina-tret-sortida-postgrau-smart-social-city\\\/\"},\"author\":{\"name\":\"\u00d2scar Milla\",\"@id\":\"https:\\\/\\\/www.lafarga.com\\\/corporatiu\\\/#\\\/schema\\\/person\\\/70d96fe17d0da1a9c9e80d232bdbcf33\"},\"headline\":\"Torre Barrina d\u00f3na el tret de sortida al postgrau Smart Social City\",\"datePublished\":\"2017-03-15T12:18:57+00:00\",\"dateModified\":\"2017-03-21T12:44:45+00:00\",\"mainEntityOfPage\":{\"@id\":\"https:\\\/\\\/www.lafarga.com\\\/corporatiu\\\/torre-barrina-tret-sortida-postgrau-smart-social-city\\\/\"},\"wordCount\":394,\"publisher\":{\"@id\":\"https:\\\/\\\/www.lafarga.com\\\/corporatiu\\\/#organization\"},\"image\":{\"@id\":\"https:\\\/\\\/www.lafarga.com\\\/corporatiu\\\/torre-barrina-tret-sortida-postgrau-smart-social-city\\\/#primaryimage\"},\"thumbnailUrl\":\"https:\\\/\\\/www.lafarga.com\\\/corporatiu\\\/wp-content\\\/uploads\\\/2017\\\/03\\\/Torre-Barrina-La-Farga.jpg\",\"articleSection\":[\"Torre Barrina\"],\"inLanguage\":\"ca\"},{\"@type\":\"WebPage\",\"@id\":\"https:\\\/\\\/www.lafarga.com\\\/corporatiu\\\/torre-barrina-tret-sortida-postgrau-smart-social-city\\\/\",\"url\":\"https:\\\/\\\/www.lafarga.com\\\/corporatiu\\\/torre-barrina-tret-sortida-postgrau-smart-social-city\\\/\",\"name\":\"Torre Barrina d\u00f3na el tret de sortida al postgrau Smart Social City - La Farga Gesti\u00f3n de Equipamientos Municipales, S.A.\",\"isPartOf\":{\"@id\":\"https:\\\/\\\/www.lafarga.com\\\/corporatiu\\\/#website\"},\"primaryImageOfPage\":{\"@id\":\"https:\\\/\\\/www.lafarga.com\\\/corporatiu\\\/torre-barrina-tret-sortida-postgrau-smart-social-city\\\/#primaryimage\"},\"image\":{\"@id\":\"https:\\\/\\\/www.lafarga.com\\\/corporatiu\\\/torre-barrina-tret-sortida-postgrau-smart-social-city\\\/#primaryimage\"},\"thumbnailUrl\":\"https:\\\/\\\/www.lafarga.com\\\/corporatiu\\\/wp-content\\\/uploads\\\/2017\\\/03\\\/Torre-Barrina-La-Farga.jpg\",\"datePublished\":\"2017-03-15T12:18:57+00:00\",\"dateModified\":\"2017-03-21T12:44:45+00:00\",\"description\":\"L\u2019Ajuntament de L\u2019H, la Universitat de Barcelona i la Diputaci\u00f3 de Barcelona posen en marxa la 3a edici\u00f3 del curs superior de postgrau Smart Social City.\",\"breadcrumb\":{\"@id\":\"https:\\\/\\\/www.lafarga.com\\\/corporatiu\\\/torre-barrina-tret-sortida-postgrau-smart-social-city\\\/#breadcrumb\"},\"inLanguage\":\"ca\",\"potentialAction\":[{\"@type\":\"ReadAction\",\"target\":[\"https:\\\/\\\/www.lafarga.com\\\/corporatiu\\\/torre-barrina-tret-sortida-postgrau-smart-social-city\\\/\"]}]},{\"@type\":\"ImageObject\",\"inLanguage\":\"ca\",\"@id\":\"https:\\\/\\\/www.lafarga.com\\\/corporatiu\\\/torre-barrina-tret-sortida-postgrau-smart-social-city\\\/#primaryimage\",\"url\":\"https:\\\/\\\/www.lafarga.com\\\/corporatiu\\\/wp-content\\\/uploads\\\/2017\\\/03\\\/Torre-Barrina-La-Farga.jpg\",\"contentUrl\":\"https:\\\/\\\/www.lafarga.com\\\/corporatiu\\\/wp-content\\\/uploads\\\/2017\\\/03\\\/Torre-Barrina-La-Farga.jpg\",\"width\":730,\"height\":410,\"caption\":\"Torre Barrina Smart City\"},{\"@type\":\"BreadcrumbList\",\"@id\":\"https:\\\/\\\/www.lafarga.com\\\/corporatiu\\\/torre-barrina-tret-sortida-postgrau-smart-social-city\\\/#breadcrumb\",\"itemListElement\":[{\"@type\":\"ListItem\",\"position\":1,\"name\":\"Home\",\"item\":\"https:\\\/\\\/www.lafarga.com\\\/corporatiu\\\/lafarga-hospitalet-llobregat\\\/\"},{\"@type\":\"ListItem\",\"position\":2,\"name\":\"Torre Barrina d\u00f3na el tret de sortida al postgrau Smart Social City\"}]},{\"@type\":\"WebSite\",\"@id\":\"https:\\\/\\\/www.lafarga.com\\\/corporatiu\\\/#website\",\"url\":\"https:\\\/\\\/www.lafarga.com\\\/corporatiu\\\/\",\"name\":\"La Farga Gesti\u00f3 d&#039;Equipaments Municipals, SA\",\"description\":\"\",\"publisher\":{\"@id\":\"https:\\\/\\\/www.lafarga.com\\\/corporatiu\\\/#organization\"},\"potentialAction\":[{\"@type\":\"SearchAction\",\"target\":{\"@type\":\"EntryPoint\",\"urlTemplate\":\"https:\\\/\\\/www.lafarga.com\\\/corporatiu\\\/?s={search_term_string}\"},\"query-input\":{\"@type\":\"PropertyValueSpecification\",\"valueRequired\":true,\"valueName\":\"search_term_string\"}}],\"inLanguage\":\"ca\"},{\"@type\":\"Organization\",\"@id\":\"https:\\\/\\\/www.lafarga.com\\\/corporatiu\\\/#organization\",\"name\":\"La Farga Gesti\u00f3 d&#039;Equipaments Municipals, SA\",\"url\":\"https:\\\/\\\/www.lafarga.com\\\/corporatiu\\\/\",\"logo\":{\"@type\":\"ImageObject\",\"inLanguage\":\"ca\",\"@id\":\"https:\\\/\\\/www.lafarga.com\\\/corporatiu\\\/#\\\/schema\\\/logo\\\/image\\\/\",\"url\":\"https:\\\/\\\/www.lafarga.com\\\/corporatiu\\\/wp-content\\\/uploads\\\/2023\\\/11\\\/logotipo_lafarga_gemsa.svg\",\"contentUrl\":\"https:\\\/\\\/www.lafarga.com\\\/corporatiu\\\/wp-content\\\/uploads\\\/2023\\\/11\\\/logotipo_lafarga_gemsa.svg\",\"width\":102,\"height\":103,\"caption\":\"La Farga Gesti\u00f3 d&#039;Equipaments Municipals, SA\"},\"image\":{\"@id\":\"https:\\\/\\\/www.lafarga.com\\\/corporatiu\\\/#\\\/schema\\\/logo\\\/image\\\/\"}},{\"@type\":\"Person\",\"@id\":\"https:\\\/\\\/www.lafarga.com\\\/corporatiu\\\/#\\\/schema\\\/person\\\/70d96fe17d0da1a9c9e80d232bdbcf33\",\"name\":\"\u00d2scar Milla\",\"image\":{\"@type\":\"ImageObject\",\"inLanguage\":\"ca\",\"@id\":\"https:\\\/\\\/secure.gravatar.com\\\/avatar\\\/92e75d184f9d5e0e403bd4ad075b080ad258344ddc259adddb579f6a3ba6494f?s=96&d=mm&r=g\",\"url\":\"https:\\\/\\\/secure.gravatar.com\\\/avatar\\\/92e75d184f9d5e0e403bd4ad075b080ad258344ddc259adddb579f6a3ba6494f?s=96&d=mm&r=g\",\"contentUrl\":\"https:\\\/\\\/secure.gravatar.com\\\/avatar\\\/92e75d184f9d5e0e403bd4ad075b080ad258344ddc259adddb579f6a3ba6494f?s=96&d=mm&r=g\",\"caption\":\"\u00d2scar Milla\"},\"url\":\"https:\\\/\\\/www.lafarga.com\\\/corporatiu\\\/author\\\/omilla\\\/\"}]}<\/script>\n<!-- \/ Yoast SEO plugin. -->","yoast_head_json":{"title":"Torre Barrina d\u00f3na el tret de sortida al postgrau Smart Social City - La Farga Gesti\u00f3n de Equipamientos Municipales, S.A.","description":"L\u2019Ajuntament de L\u2019H, la Universitat de Barcelona i la Diputaci\u00f3 de Barcelona posen en marxa la 3a edici\u00f3 del curs superior de postgrau Smart Social City.","robots":{"index":"index","follow":"follow","max-snippet":"max-snippet:-1","max-image-preview":"max-image-preview:large","max-video-preview":"max-video-preview:-1"},"canonical":"https:\/\/www.lafarga.com\/corporatiu\/torre-barrina-tret-sortida-postgrau-smart-social-city\/","og_locale":"ca_ES","og_type":"article","og_title":"Torre Barrina d\u00f3na el tret de sortida al postgrau Smart Social City - La Farga Gesti\u00f3n de Equipamientos Municipales, S.A.","og_description":"L\u2019Ajuntament de L\u2019H, la Universitat de Barcelona i la Diputaci\u00f3 de Barcelona posen en marxa la 3a edici\u00f3 del curs superior de postgrau Smart Social City.","og_url":"https:\/\/www.lafarga.com\/corporatiu\/torre-barrina-tret-sortida-postgrau-smart-social-city\/","og_site_name":"La Farga Gesti\u00f3n de Equipamientos Municipales, S.A.","article_published_time":"2017-03-15T12:18:57+00:00","article_modified_time":"2017-03-21T12:44:45+00:00","og_image":[{"width":730,"height":410,"url":"https:\/\/www.lafarga.com\/corporatiu\/wp-content\/uploads\/2017\/03\/Torre-Barrina-La-Farga.jpg","type":"image\/jpeg"}],"author":"\u00d2scar Milla","twitter_misc":{"Escrit per":"\u00d2scar Milla","Temps estimat de lectura":"2 minuts"},"schema":{"@context":"https:\/\/schema.org","@graph":[{"@type":"Article","@id":"https:\/\/www.lafarga.com\/corporatiu\/torre-barrina-tret-sortida-postgrau-smart-social-city\/#article","isPartOf":{"@id":"https:\/\/www.lafarga.com\/corporatiu\/torre-barrina-tret-sortida-postgrau-smart-social-city\/"},"author":{"name":"\u00d2scar Milla","@id":"https:\/\/www.lafarga.com\/corporatiu\/#\/schema\/person\/70d96fe17d0da1a9c9e80d232bdbcf33"},"headline":"Torre Barrina d\u00f3na el tret de sortida al postgrau Smart Social City","datePublished":"2017-03-15T12:18:57+00:00","dateModified":"2017-03-21T12:44:45+00:00","mainEntityOfPage":{"@id":"https:\/\/www.lafarga.com\/corporatiu\/torre-barrina-tret-sortida-postgrau-smart-social-city\/"},"wordCount":394,"publisher":{"@id":"https:\/\/www.lafarga.com\/corporatiu\/#organization"},"image":{"@id":"https:\/\/www.lafarga.com\/corporatiu\/torre-barrina-tret-sortida-postgrau-smart-social-city\/#primaryimage"},"thumbnailUrl":"https:\/\/www.lafarga.com\/corporatiu\/wp-content\/uploads\/2017\/03\/Torre-Barrina-La-Farga.jpg","articleSection":["Torre Barrina"],"inLanguage":"ca"},{"@type":"WebPage","@id":"https:\/\/www.lafarga.com\/corporatiu\/torre-barrina-tret-sortida-postgrau-smart-social-city\/","url":"https:\/\/www.lafarga.com\/corporatiu\/torre-barrina-tret-sortida-postgrau-smart-social-city\/","name":"Torre Barrina d\u00f3na el tret de sortida al postgrau Smart Social City - La Farga Gesti\u00f3n de Equipamientos Municipales, S.A.","isPartOf":{"@id":"https:\/\/www.lafarga.com\/corporatiu\/#website"},"primaryImageOfPage":{"@id":"https:\/\/www.lafarga.com\/corporatiu\/torre-barrina-tret-sortida-postgrau-smart-social-city\/#primaryimage"},"image":{"@id":"https:\/\/www.lafarga.com\/corporatiu\/torre-barrina-tret-sortida-postgrau-smart-social-city\/#primaryimage"},"thumbnailUrl":"https:\/\/www.lafarga.com\/corporatiu\/wp-content\/uploads\/2017\/03\/Torre-Barrina-La-Farga.jpg","datePublished":"2017-03-15T12:18:57+00:00","dateModified":"2017-03-21T12:44:45+00:00","description":"L\u2019Ajuntament de L\u2019H, la Universitat de Barcelona i la Diputaci\u00f3 de Barcelona posen en marxa la 3a edici\u00f3 del curs superior de postgrau Smart Social City.","breadcrumb":{"@id":"https:\/\/www.lafarga.com\/corporatiu\/torre-barrina-tret-sortida-postgrau-smart-social-city\/#breadcrumb"},"inLanguage":"ca","potentialAction":[{"@type":"ReadAction","target":["https:\/\/www.lafarga.com\/corporatiu\/torre-barrina-tret-sortida-postgrau-smart-social-city\/"]}]},{"@type":"ImageObject","inLanguage":"ca","@id":"https:\/\/www.lafarga.com\/corporatiu\/torre-barrina-tret-sortida-postgrau-smart-social-city\/#primaryimage","url":"https:\/\/www.lafarga.com\/corporatiu\/wp-content\/uploads\/2017\/03\/Torre-Barrina-La-Farga.jpg","contentUrl":"https:\/\/www.lafarga.com\/corporatiu\/wp-content\/uploads\/2017\/03\/Torre-Barrina-La-Farga.jpg","width":730,"height":410,"caption":"Torre Barrina Smart City"},{"@type":"BreadcrumbList","@id":"https:\/\/www.lafarga.com\/corporatiu\/torre-barrina-tret-sortida-postgrau-smart-social-city\/#breadcrumb","itemListElement":[{"@type":"ListItem","position":1,"name":"Home","item":"https:\/\/www.lafarga.com\/corporatiu\/lafarga-hospitalet-llobregat\/"},{"@type":"ListItem","position":2,"name":"Torre Barrina d\u00f3na el tret de sortida al postgrau Smart Social City"}]},{"@type":"WebSite","@id":"https:\/\/www.lafarga.com\/corporatiu\/#website","url":"https:\/\/www.lafarga.com\/corporatiu\/","name":"La Farga Gesti\u00f3 d&#039;Equipaments Municipals, SA","description":"","publisher":{"@id":"https:\/\/www.lafarga.com\/corporatiu\/#organization"},"potentialAction":[{"@type":"SearchAction","target":{"@type":"EntryPoint","urlTemplate":"https:\/\/www.lafarga.com\/corporatiu\/?s={search_term_string}"},"query-input":{"@type":"PropertyValueSpecification","valueRequired":true,"valueName":"search_term_string"}}],"inLanguage":"ca"},{"@type":"Organization","@id":"https:\/\/www.lafarga.com\/corporatiu\/#organization","name":"La Farga Gesti\u00f3 d&#039;Equipaments Municipals, SA","url":"https:\/\/www.lafarga.com\/corporatiu\/","logo":{"@type":"ImageObject","inLanguage":"ca","@id":"https:\/\/www.lafarga.com\/corporatiu\/#\/schema\/logo\/image\/","url":"https:\/\/www.lafarga.com\/corporatiu\/wp-content\/uploads\/2023\/11\/logotipo_lafarga_gemsa.svg","contentUrl":"https:\/\/www.lafarga.com\/corporatiu\/wp-content\/uploads\/2023\/11\/logotipo_lafarga_gemsa.svg","width":102,"height":103,"caption":"La Farga Gesti\u00f3 d&#039;Equipaments Municipals, SA"},"image":{"@id":"https:\/\/www.lafarga.com\/corporatiu\/#\/schema\/logo\/image\/"}},{"@type":"Person","@id":"https:\/\/www.lafarga.com\/corporatiu\/#\/schema\/person\/70d96fe17d0da1a9c9e80d232bdbcf33","name":"\u00d2scar Milla","image":{"@type":"ImageObject","inLanguage":"ca","@id":"https:\/\/secure.gravatar.com\/avatar\/92e75d184f9d5e0e403bd4ad075b080ad258344ddc259adddb579f6a3ba6494f?s=96&d=mm&r=g","url":"https:\/\/secure.gravatar.com\/avatar\/92e75d184f9d5e0e403bd4ad075b080ad258344ddc259adddb579f6a3ba6494f?s=96&d=mm&r=g","contentUrl":"https:\/\/secure.gravatar.com\/avatar\/92e75d184f9d5e0e403bd4ad075b080ad258344ddc259adddb579f6a3ba6494f?s=96&d=mm&r=g","caption":"\u00d2scar Milla"},"url":"https:\/\/www.lafarga.com\/corporatiu\/author\/omilla\/"}]}},"uagb_featured_image_src":{"full":["https:\/\/www.lafarga.com\/corporatiu\/wp-content\/uploads\/2017\/03\/Torre-Barrina-La-Farga.jpg",730,410,false],"thumbnail":["https:\/\/www.lafarga.com\/corporatiu\/wp-content\/uploads\/2017\/03\/Torre-Barrina-La-Farga-150x150.jpg",150,150,true],"medium":["https:\/\/www.lafarga.com\/corporatiu\/wp-content\/uploads\/2017\/03\/Torre-Barrina-La-Farga-300x168.jpg",300,168,true],"medium_large":["https:\/\/www.lafarga.com\/corporatiu\/wp-content\/uploads\/2017\/03\/Torre-Barrina-La-Farga.jpg",730,410,false],"large":["https:\/\/www.lafarga.com\/corporatiu\/wp-content\/uploads\/2017\/03\/Torre-Barrina-La-Farga.jpg",730,410,false],"1536x1536":["https:\/\/www.lafarga.com\/corporatiu\/wp-content\/uploads\/2017\/03\/Torre-Barrina-La-Farga.jpg",730,410,false],"2048x2048":["https:\/\/www.lafarga.com\/corporatiu\/wp-content\/uploads\/2017\/03\/Torre-Barrina-La-Farga.jpg",730,410,false],"mailpoet_newsletter_max":["https:\/\/www.lafarga.com\/corporatiu\/wp-content\/uploads\/2017\/03\/Torre-Barrina-La-Farga.jpg",730,410,false]},"uagb_author_info":{"display_name":"\u00d2scar Milla","author_link":"https:\/\/www.lafarga.com\/corporatiu\/author\/omilla\/"},"uagb_comment_info":0,"uagb_excerpt":"L\u2019Ajuntament de L\u2019Hospitalet, la Universitat de Barcelona (UB) i la Diputaci\u00f3 de Barcelona posen en marxa la tercera edici\u00f3 del curs superior universitari de postgrau Smart Social City.","_links":{"self":[{"href":"https:\/\/www.lafarga.com\/corporatiu\/wp-json\/wp\/v2\/posts\/9854","targetHints":{"allow":["GET"]}}],"collection":[{"href":"https:\/\/www.lafarga.com\/corporatiu\/wp-json\/wp\/v2\/posts"}],"about":[{"href":"https:\/\/www.lafarga.com\/corporatiu\/wp-json\/wp\/v2\/types\/post"}],"author":[{"embeddable":true,"href":"https:\/\/www.lafarga.com\/corporatiu\/wp-json\/wp\/v2\/users\/5"}],"replies":[{"embeddable":true,"href":"https:\/\/www.lafarga.com\/corporatiu\/wp-json\/wp\/v2\/comments?post=9854"}],"version-history":[{"count":3,"href":"https:\/\/www.lafarga.com\/corporatiu\/wp-json\/wp\/v2\/posts\/9854\/revisions"}],"predecessor-version":[{"id":9861,"href":"https:\/\/www.lafarga.com\/corporatiu\/wp-json\/wp\/v2\/posts\/9854\/revisions\/9861"}],"wp:featuredmedia":[{"embeddable":true,"href":"https:\/\/www.lafarga.com\/corporatiu\/wp-json\/wp\/v2\/media\/9855"}],"wp:attachment":[{"href":"https:\/\/www.lafarga.com\/corporatiu\/wp-json\/wp\/v2\/media?parent=9854"}],"wp:term":[{"taxonomy":"category","embeddable":true,"href":"https:\/\/www.lafarga.com\/corporatiu\/wp-json\/wp\/v2\/categories?post=9854"},{"taxonomy":"post_tag","embeddable":true,"href":"https:\/\/www.lafarga.com\/corporatiu\/wp-json\/wp\/v2\/tags?post=9854"}],"curies":[{"name":"wp","href":"https:\/\/api.w.org\/{rel}","templated":true}]}}