{"id":9798,"date":"2017-03-13T12:57:05","date_gmt":"2017-03-13T12:57:05","guid":{"rendered":"http:\/\/www.lafarga.com\/corporatiu\/?p=9798"},"modified":"2017-03-13T13:04:57","modified_gmt":"2017-03-13T13:04:57","slug":"pdu-granvia-millores-barris-principals-temes-diari","status":"publish","type":"post","link":"https:\/\/www.lafarga.com\/corporatiu\/pdu-granvia-millores-barris-principals-temes-diari\/","title":{"rendered":"El PDU Granvia i millores als barris, principals temes del Diari"},"content":{"rendered":"<h5>Edici\u00f3 n\u00famero 321<\/h5>\n<p>L\u2019aprovaci\u00f3 del PDU Granvia \u00e9s el principal tema de portada del Diari de L\u2019Hospitalet que ha sortit aquest dilluns. La Comissi\u00f3 d\u2019Urbanisme de Catalunya ha aprovat definitivament la reforma d\u2019aquest sector de la ciutat. El parc de Cal Trabal guanya tres hect\u00e0rees i s\u2019introdueixen mesures de control mediambiental.<\/p>\n<p>En aquesta edici\u00f3 trobem, en p\u00e0gines centrals una \u00e0mplia informaci\u00f3 sobre la posada al dia dels barris. Els carrers de L\u2019Hospitalet es fan m\u00e9s c\u00f2modes i accessibles per als ve\u00efns gr\u00e0cies a les actuacions d\u2019asfaltatge i ordenaci\u00f3 de carrers i places.<\/p>\n<p>La signatura d\u2019un conveni per a la millora de l\u2019educaci\u00f3 entre la Generalitat i l\u2019Ajuntament; la promesa del Govern central de posar ascensors a l\u2019estaci\u00f3 de Bellvitge; i que la PAH Ciutat de L\u2019Hospitalet proposa al Ple mesures contra la pobresa energ\u00e8tica i aliment\u00e0ria tamb\u00e9 son informacions que figuren en portada.<\/p>\n<p>En l\u2019apartat pol\u00edtic hi trobarem tres entrevistes als portaveus del grup municipal del PSC, Francesc J. Belver, el de Ciutadans i vicepresident de La Farga Gesti\u00f3 d\u2019Equipaments Municipals, Miguel Garc\u00eda, i la portaveu del grup municipal d\u2019Iniciativa per Catalunya Verds-Esquerra Unida i Alternativa-Pirates, Ana Gonz\u00e1lez.<\/p>\n<h5>Agenda de La Farga Centre d&#8217;Activitats<\/h5>\n<p>El proper <a href=\"http:\/\/www.lafargalhospitalet.com\/miquel-rius-bbf-repte-venir-a-hospitalet\/\" target=\"_blank\"><strong>Barcelona Beer Festival<\/strong><\/a> que s\u2019ha de celebrar a La Farga Centre d\u2019Activitats del 24 al 26 de mar\u00e7, tamb\u00e9 ho podem veure en portada i a la plana 16 amb una \u00e0mplia obertura. M\u00e9s de 350 marques d\u2019arreu del m\u00f3n hi seran a La Farga com la local Fort, del barri del Centre. De la resta d\u2019activitats de La Farga, el Diari tamb\u00e9 destaca que <a href=\"http:\/\/www.lafargalhospitalet.com\/leiva-elefantes-oreja-van-gogh-farga\/\" target=\"_blank\"><strong>Leiva i La Oreja de Van Gogh<\/strong><\/a> seran els dos grans concerts de les properes Festes de Primavera.<\/p>\n<p>Per \u00faltim pel que fa a la cultura i els esports, destaquen el lliurament dels premis del 20\u00e8 Certamen Andreu Trias, i el 30\u00e8 aniversari de la UD Unificaci\u00f3n Bellvitge respectivament.<\/p>\n<p>A trav\u00e8s d&#8217;aquest <a href=\"http:\/\/lhdigital.cat\/diarilh_digital\/321\/index.html\" target=\"_blank\"><strong>enlla\u00e7<\/strong><\/a> podeu veure la versi\u00f3 digital.<\/p>\n","protected":false},"excerpt":{"rendered":"<p>L\u2019aprovaci\u00f3 del PDU Granvia \u00e9s el principal tema de portada del Diari de L\u2019Hospitalet que ha sortit aquest dilluns.<\/p>\n","protected":false},"author":5,"featured_media":9799,"comment_status":"closed","ping_status":"closed","sticky":false,"template":"","format":"standard","meta":{"inline_featured_image":false,"_uag_custom_page_level_css":"","_monsterinsights_skip_tracking":false,"_monsterinsights_sitenote_active":false,"_monsterinsights_sitenote_note":"","_monsterinsights_sitenote_category":0,"site-sidebar-layout":"default","site-content-layout":"","ast-site-content-layout":"default","site-content-style":"default","site-sidebar-style":"default","ast-global-header-display":"","ast-banner-title-visibility":"","ast-main-header-display":"","ast-hfb-above-header-display":"","ast-hfb-below-header-display":"","ast-hfb-mobile-header-display":"","site-post-title":"","ast-breadcrumbs-content":"","ast-featured-img":"","footer-sml-layout":"","ast-disable-related-posts":"","theme-transparent-header-meta":"","adv-header-id-meta":"","stick-header-meta":"","header-above-stick-meta":"","header-main-stick-meta":"","header-below-stick-meta":"","astra-migrate-meta-layouts":"default","ast-page-background-enabled":"default","ast-page-background-meta":{"desktop":{"background-color":"var(--ast-global-color-4)","background-image":"","background-repeat":"repeat","background-position":"center center","background-size":"auto","background-attachment":"scroll","background-type":"","background-media":"","overlay-type":"","overlay-color":"","overlay-opacity":"","overlay-gradient":""},"tablet":{"background-color":"","background-image":"","background-repeat":"repeat","background-position":"center center","background-size":"auto","background-attachment":"scroll","background-type":"","background-media":"","overlay-type":"","overlay-color":"","overlay-opacity":"","overlay-gradient":""},"mobile":{"background-color":"","background-image":"","background-repeat":"repeat","background-position":"center center","background-size":"auto","background-attachment":"scroll","background-type":"","background-media":"","overlay-type":"","overlay-color":"","overlay-opacity":"","overlay-gradient":""}},"ast-content-background-meta":{"desktop":{"background-color":"var(--ast-global-color-5)","background-image":"","background-repeat":"repeat","background-position":"center center","background-size":"auto","background-attachment":"scroll","background-type":"","background-media":"","overlay-type":"","overlay-color":"","overlay-opacity":"","overlay-gradient":""},"tablet":{"background-color":"var(--ast-global-color-5)","background-image":"","background-repeat":"repeat","background-position":"center center","background-size":"auto","background-attachment":"scroll","background-type":"","background-media":"","overlay-type":"","overlay-color":"","overlay-opacity":"","overlay-gradient":""},"mobile":{"background-color":"var(--ast-global-color-5)","background-image":"","background-repeat":"repeat","background-position":"center center","background-size":"auto","background-attachment":"scroll","background-type":"","background-media":"","overlay-type":"","overlay-color":"","overlay-opacity":"","overlay-gradient":""}},"footnotes":""},"categories":[51],"tags":[],"class_list":["post-9798","post","type-post","status-publish","format-standard","has-post-thumbnail","hentry","category-mitjans-comunicacio"],"yoast_head":"<!-- This site is optimized with the Yoast SEO plugin v27.4 - https:\/\/yoast.com\/product\/yoast-seo-wordpress\/ -->\n<title>El PDU Granvia i millores als barris, principals temes del Diari - La Farga Gesti\u00f3n de Equipamientos Municipales, S.A.<\/title>\n<meta name=\"description\" content=\"L\u2019aprovaci\u00f3 del PDU Granvia \u00e9s el principal tema de portada del Diari de L\u2019Hospitalet que ha sortit aquest dilluns, en la seva edici\u00f3 n\u00famero 321.\" \/>\n<meta name=\"robots\" content=\"index, follow, max-snippet:-1, max-image-preview:large, max-video-preview:-1\" \/>\n<link rel=\"canonical\" href=\"https:\/\/www.lafarga.com\/corporatiu\/pdu-granvia-millores-barris-principals-temes-diari\/\" \/>\n<meta property=\"og:locale\" content=\"ca_ES\" \/>\n<meta property=\"og:type\" content=\"article\" \/>\n<meta property=\"og:title\" content=\"El PDU Granvia i millores als barris, principals temes del Diari - La Farga Gesti\u00f3n de Equipamientos Municipales, S.A.\" \/>\n<meta property=\"og:description\" content=\"L\u2019aprovaci\u00f3 del PDU Granvia \u00e9s el principal tema de portada del Diari de L\u2019Hospitalet que ha sortit aquest dilluns, en la seva edici\u00f3 n\u00famero 321.\" \/>\n<meta property=\"og:url\" content=\"https:\/\/www.lafarga.com\/corporatiu\/pdu-granvia-millores-barris-principals-temes-diari\/\" \/>\n<meta property=\"og:site_name\" content=\"La Farga Gesti\u00f3n de Equipamientos Municipales, S.A.\" \/>\n<meta property=\"article:published_time\" content=\"2017-03-13T12:57:05+00:00\" \/>\n<meta property=\"article:modified_time\" content=\"2017-03-13T13:04:57+00:00\" \/>\n<meta property=\"og:image\" content=\"https:\/\/www.lafarga.com\/corporatiu\/wp-content\/uploads\/2017\/03\/Diari-marc-Farga.jpg\" \/>\n\t<meta property=\"og:image:width\" content=\"730\" \/>\n\t<meta property=\"og:image:height\" content=\"410\" \/>\n\t<meta property=\"og:image:type\" content=\"image\/jpeg\" \/>\n<meta name=\"author\" content=\"\u00d2scar Milla\" \/>\n<meta name=\"twitter:label1\" content=\"Escrit per\" \/>\n\t<meta name=\"twitter:data1\" content=\"\u00d2scar Milla\" \/>\n\t<meta name=\"twitter:label2\" content=\"Temps estimat de lectura\" \/>\n\t<meta name=\"twitter:data2\" content=\"2 minuts\" \/>\n<script type=\"application\/ld+json\" class=\"yoast-schema-graph\">{\"@context\":\"https:\\\/\\\/schema.org\",\"@graph\":[{\"@type\":\"Article\",\"@id\":\"https:\\\/\\\/www.lafarga.com\\\/corporatiu\\\/pdu-granvia-millores-barris-principals-temes-diari\\\/#article\",\"isPartOf\":{\"@id\":\"https:\\\/\\\/www.lafarga.com\\\/corporatiu\\\/pdu-granvia-millores-barris-principals-temes-diari\\\/\"},\"author\":{\"name\":\"\u00d2scar Milla\",\"@id\":\"https:\\\/\\\/www.lafarga.com\\\/corporatiu\\\/#\\\/schema\\\/person\\\/70d96fe17d0da1a9c9e80d232bdbcf33\"},\"headline\":\"El PDU Granvia i millores als barris, principals temes del Diari\",\"datePublished\":\"2017-03-13T12:57:05+00:00\",\"dateModified\":\"2017-03-13T13:04:57+00:00\",\"mainEntityOfPage\":{\"@id\":\"https:\\\/\\\/www.lafarga.com\\\/corporatiu\\\/pdu-granvia-millores-barris-principals-temes-diari\\\/\"},\"wordCount\":360,\"publisher\":{\"@id\":\"https:\\\/\\\/www.lafarga.com\\\/corporatiu\\\/#organization\"},\"image\":{\"@id\":\"https:\\\/\\\/www.lafarga.com\\\/corporatiu\\\/pdu-granvia-millores-barris-principals-temes-diari\\\/#primaryimage\"},\"thumbnailUrl\":\"https:\\\/\\\/www.lafarga.com\\\/corporatiu\\\/wp-content\\\/uploads\\\/2017\\\/03\\\/Diari-marc-Farga.jpg\",\"articleSection\":[\"Mitjans de Comunicaci\u00f3\"],\"inLanguage\":\"ca\"},{\"@type\":\"WebPage\",\"@id\":\"https:\\\/\\\/www.lafarga.com\\\/corporatiu\\\/pdu-granvia-millores-barris-principals-temes-diari\\\/\",\"url\":\"https:\\\/\\\/www.lafarga.com\\\/corporatiu\\\/pdu-granvia-millores-barris-principals-temes-diari\\\/\",\"name\":\"El PDU Granvia i millores als barris, principals temes del Diari - La Farga Gesti\u00f3n de Equipamientos Municipales, S.A.\",\"isPartOf\":{\"@id\":\"https:\\\/\\\/www.lafarga.com\\\/corporatiu\\\/#website\"},\"primaryImageOfPage\":{\"@id\":\"https:\\\/\\\/www.lafarga.com\\\/corporatiu\\\/pdu-granvia-millores-barris-principals-temes-diari\\\/#primaryimage\"},\"image\":{\"@id\":\"https:\\\/\\\/www.lafarga.com\\\/corporatiu\\\/pdu-granvia-millores-barris-principals-temes-diari\\\/#primaryimage\"},\"thumbnailUrl\":\"https:\\\/\\\/www.lafarga.com\\\/corporatiu\\\/wp-content\\\/uploads\\\/2017\\\/03\\\/Diari-marc-Farga.jpg\",\"datePublished\":\"2017-03-13T12:57:05+00:00\",\"dateModified\":\"2017-03-13T13:04:57+00:00\",\"description\":\"L\u2019aprovaci\u00f3 del PDU Granvia \u00e9s el principal tema de portada del Diari de L\u2019Hospitalet que ha sortit aquest dilluns, en la seva edici\u00f3 n\u00famero 321.\",\"breadcrumb\":{\"@id\":\"https:\\\/\\\/www.lafarga.com\\\/corporatiu\\\/pdu-granvia-millores-barris-principals-temes-diari\\\/#breadcrumb\"},\"inLanguage\":\"ca\",\"potentialAction\":[{\"@type\":\"ReadAction\",\"target\":[\"https:\\\/\\\/www.lafarga.com\\\/corporatiu\\\/pdu-granvia-millores-barris-principals-temes-diari\\\/\"]}]},{\"@type\":\"ImageObject\",\"inLanguage\":\"ca\",\"@id\":\"https:\\\/\\\/www.lafarga.com\\\/corporatiu\\\/pdu-granvia-millores-barris-principals-temes-diari\\\/#primaryimage\",\"url\":\"https:\\\/\\\/www.lafarga.com\\\/corporatiu\\\/wp-content\\\/uploads\\\/2017\\\/03\\\/Diari-marc-Farga.jpg\",\"contentUrl\":\"https:\\\/\\\/www.lafarga.com\\\/corporatiu\\\/wp-content\\\/uploads\\\/2017\\\/03\\\/Diari-marc-Farga.jpg\",\"width\":730,\"height\":410,\"caption\":\"Diari mar\u00e7 PDU Granvia Farga\"},{\"@type\":\"BreadcrumbList\",\"@id\":\"https:\\\/\\\/www.lafarga.com\\\/corporatiu\\\/pdu-granvia-millores-barris-principals-temes-diari\\\/#breadcrumb\",\"itemListElement\":[{\"@type\":\"ListItem\",\"position\":1,\"name\":\"Home\",\"item\":\"https:\\\/\\\/www.lafarga.com\\\/corporatiu\\\/lafarga-hospitalet-llobregat\\\/\"},{\"@type\":\"ListItem\",\"position\":2,\"name\":\"El PDU Granvia i millores als barris, principals temes del Diari\"}]},{\"@type\":\"WebSite\",\"@id\":\"https:\\\/\\\/www.lafarga.com\\\/corporatiu\\\/#website\",\"url\":\"https:\\\/\\\/www.lafarga.com\\\/corporatiu\\\/\",\"name\":\"La Farga Gesti\u00f3 d&#039;Equipaments Municipals, SA\",\"description\":\"\",\"publisher\":{\"@id\":\"https:\\\/\\\/www.lafarga.com\\\/corporatiu\\\/#organization\"},\"potentialAction\":[{\"@type\":\"SearchAction\",\"target\":{\"@type\":\"EntryPoint\",\"urlTemplate\":\"https:\\\/\\\/www.lafarga.com\\\/corporatiu\\\/?s={search_term_string}\"},\"query-input\":{\"@type\":\"PropertyValueSpecification\",\"valueRequired\":true,\"valueName\":\"search_term_string\"}}],\"inLanguage\":\"ca\"},{\"@type\":\"Organization\",\"@id\":\"https:\\\/\\\/www.lafarga.com\\\/corporatiu\\\/#organization\",\"name\":\"La Farga Gesti\u00f3 d&#039;Equipaments Municipals, SA\",\"url\":\"https:\\\/\\\/www.lafarga.com\\\/corporatiu\\\/\",\"logo\":{\"@type\":\"ImageObject\",\"inLanguage\":\"ca\",\"@id\":\"https:\\\/\\\/www.lafarga.com\\\/corporatiu\\\/#\\\/schema\\\/logo\\\/image\\\/\",\"url\":\"https:\\\/\\\/www.lafarga.com\\\/corporatiu\\\/wp-content\\\/uploads\\\/2023\\\/11\\\/logotipo_lafarga_gemsa.svg\",\"contentUrl\":\"https:\\\/\\\/www.lafarga.com\\\/corporatiu\\\/wp-content\\\/uploads\\\/2023\\\/11\\\/logotipo_lafarga_gemsa.svg\",\"width\":102,\"height\":103,\"caption\":\"La Farga Gesti\u00f3 d&#039;Equipaments Municipals, SA\"},\"image\":{\"@id\":\"https:\\\/\\\/www.lafarga.com\\\/corporatiu\\\/#\\\/schema\\\/logo\\\/image\\\/\"}},{\"@type\":\"Person\",\"@id\":\"https:\\\/\\\/www.lafarga.com\\\/corporatiu\\\/#\\\/schema\\\/person\\\/70d96fe17d0da1a9c9e80d232bdbcf33\",\"name\":\"\u00d2scar Milla\",\"image\":{\"@type\":\"ImageObject\",\"inLanguage\":\"ca\",\"@id\":\"https:\\\/\\\/secure.gravatar.com\\\/avatar\\\/92e75d184f9d5e0e403bd4ad075b080ad258344ddc259adddb579f6a3ba6494f?s=96&d=mm&r=g\",\"url\":\"https:\\\/\\\/secure.gravatar.com\\\/avatar\\\/92e75d184f9d5e0e403bd4ad075b080ad258344ddc259adddb579f6a3ba6494f?s=96&d=mm&r=g\",\"contentUrl\":\"https:\\\/\\\/secure.gravatar.com\\\/avatar\\\/92e75d184f9d5e0e403bd4ad075b080ad258344ddc259adddb579f6a3ba6494f?s=96&d=mm&r=g\",\"caption\":\"\u00d2scar Milla\"},\"url\":\"https:\\\/\\\/www.lafarga.com\\\/corporatiu\\\/author\\\/omilla\\\/\"}]}<\/script>\n<!-- \/ Yoast SEO plugin. -->","yoast_head_json":{"title":"El PDU Granvia i millores als barris, principals temes del Diari - La Farga Gesti\u00f3n de Equipamientos Municipales, S.A.","description":"L\u2019aprovaci\u00f3 del PDU Granvia \u00e9s el principal tema de portada del Diari de L\u2019Hospitalet que ha sortit aquest dilluns, en la seva edici\u00f3 n\u00famero 321.","robots":{"index":"index","follow":"follow","max-snippet":"max-snippet:-1","max-image-preview":"max-image-preview:large","max-video-preview":"max-video-preview:-1"},"canonical":"https:\/\/www.lafarga.com\/corporatiu\/pdu-granvia-millores-barris-principals-temes-diari\/","og_locale":"ca_ES","og_type":"article","og_title":"El PDU Granvia i millores als barris, principals temes del Diari - La Farga Gesti\u00f3n de Equipamientos Municipales, S.A.","og_description":"L\u2019aprovaci\u00f3 del PDU Granvia \u00e9s el principal tema de portada del Diari de L\u2019Hospitalet que ha sortit aquest dilluns, en la seva edici\u00f3 n\u00famero 321.","og_url":"https:\/\/www.lafarga.com\/corporatiu\/pdu-granvia-millores-barris-principals-temes-diari\/","og_site_name":"La Farga Gesti\u00f3n de Equipamientos Municipales, S.A.","article_published_time":"2017-03-13T12:57:05+00:00","article_modified_time":"2017-03-13T13:04:57+00:00","og_image":[{"width":730,"height":410,"url":"https:\/\/www.lafarga.com\/corporatiu\/wp-content\/uploads\/2017\/03\/Diari-marc-Farga.jpg","type":"image\/jpeg"}],"author":"\u00d2scar Milla","twitter_misc":{"Escrit per":"\u00d2scar Milla","Temps estimat de lectura":"2 minuts"},"schema":{"@context":"https:\/\/schema.org","@graph":[{"@type":"Article","@id":"https:\/\/www.lafarga.com\/corporatiu\/pdu-granvia-millores-barris-principals-temes-diari\/#article","isPartOf":{"@id":"https:\/\/www.lafarga.com\/corporatiu\/pdu-granvia-millores-barris-principals-temes-diari\/"},"author":{"name":"\u00d2scar Milla","@id":"https:\/\/www.lafarga.com\/corporatiu\/#\/schema\/person\/70d96fe17d0da1a9c9e80d232bdbcf33"},"headline":"El PDU Granvia i millores als barris, principals temes del Diari","datePublished":"2017-03-13T12:57:05+00:00","dateModified":"2017-03-13T13:04:57+00:00","mainEntityOfPage":{"@id":"https:\/\/www.lafarga.com\/corporatiu\/pdu-granvia-millores-barris-principals-temes-diari\/"},"wordCount":360,"publisher":{"@id":"https:\/\/www.lafarga.com\/corporatiu\/#organization"},"image":{"@id":"https:\/\/www.lafarga.com\/corporatiu\/pdu-granvia-millores-barris-principals-temes-diari\/#primaryimage"},"thumbnailUrl":"https:\/\/www.lafarga.com\/corporatiu\/wp-content\/uploads\/2017\/03\/Diari-marc-Farga.jpg","articleSection":["Mitjans de Comunicaci\u00f3"],"inLanguage":"ca"},{"@type":"WebPage","@id":"https:\/\/www.lafarga.com\/corporatiu\/pdu-granvia-millores-barris-principals-temes-diari\/","url":"https:\/\/www.lafarga.com\/corporatiu\/pdu-granvia-millores-barris-principals-temes-diari\/","name":"El PDU Granvia i millores als barris, principals temes del Diari - La Farga Gesti\u00f3n de Equipamientos Municipales, S.A.","isPartOf":{"@id":"https:\/\/www.lafarga.com\/corporatiu\/#website"},"primaryImageOfPage":{"@id":"https:\/\/www.lafarga.com\/corporatiu\/pdu-granvia-millores-barris-principals-temes-diari\/#primaryimage"},"image":{"@id":"https:\/\/www.lafarga.com\/corporatiu\/pdu-granvia-millores-barris-principals-temes-diari\/#primaryimage"},"thumbnailUrl":"https:\/\/www.lafarga.com\/corporatiu\/wp-content\/uploads\/2017\/03\/Diari-marc-Farga.jpg","datePublished":"2017-03-13T12:57:05+00:00","dateModified":"2017-03-13T13:04:57+00:00","description":"L\u2019aprovaci\u00f3 del PDU Granvia \u00e9s el principal tema de portada del Diari de L\u2019Hospitalet que ha sortit aquest dilluns, en la seva edici\u00f3 n\u00famero 321.","breadcrumb":{"@id":"https:\/\/www.lafarga.com\/corporatiu\/pdu-granvia-millores-barris-principals-temes-diari\/#breadcrumb"},"inLanguage":"ca","potentialAction":[{"@type":"ReadAction","target":["https:\/\/www.lafarga.com\/corporatiu\/pdu-granvia-millores-barris-principals-temes-diari\/"]}]},{"@type":"ImageObject","inLanguage":"ca","@id":"https:\/\/www.lafarga.com\/corporatiu\/pdu-granvia-millores-barris-principals-temes-diari\/#primaryimage","url":"https:\/\/www.lafarga.com\/corporatiu\/wp-content\/uploads\/2017\/03\/Diari-marc-Farga.jpg","contentUrl":"https:\/\/www.lafarga.com\/corporatiu\/wp-content\/uploads\/2017\/03\/Diari-marc-Farga.jpg","width":730,"height":410,"caption":"Diari mar\u00e7 PDU Granvia Farga"},{"@type":"BreadcrumbList","@id":"https:\/\/www.lafarga.com\/corporatiu\/pdu-granvia-millores-barris-principals-temes-diari\/#breadcrumb","itemListElement":[{"@type":"ListItem","position":1,"name":"Home","item":"https:\/\/www.lafarga.com\/corporatiu\/lafarga-hospitalet-llobregat\/"},{"@type":"ListItem","position":2,"name":"El PDU Granvia i millores als barris, principals temes del Diari"}]},{"@type":"WebSite","@id":"https:\/\/www.lafarga.com\/corporatiu\/#website","url":"https:\/\/www.lafarga.com\/corporatiu\/","name":"La Farga Gesti\u00f3 d&#039;Equipaments Municipals, SA","description":"","publisher":{"@id":"https:\/\/www.lafarga.com\/corporatiu\/#organization"},"potentialAction":[{"@type":"SearchAction","target":{"@type":"EntryPoint","urlTemplate":"https:\/\/www.lafarga.com\/corporatiu\/?s={search_term_string}"},"query-input":{"@type":"PropertyValueSpecification","valueRequired":true,"valueName":"search_term_string"}}],"inLanguage":"ca"},{"@type":"Organization","@id":"https:\/\/www.lafarga.com\/corporatiu\/#organization","name":"La Farga Gesti\u00f3 d&#039;Equipaments Municipals, SA","url":"https:\/\/www.lafarga.com\/corporatiu\/","logo":{"@type":"ImageObject","inLanguage":"ca","@id":"https:\/\/www.lafarga.com\/corporatiu\/#\/schema\/logo\/image\/","url":"https:\/\/www.lafarga.com\/corporatiu\/wp-content\/uploads\/2023\/11\/logotipo_lafarga_gemsa.svg","contentUrl":"https:\/\/www.lafarga.com\/corporatiu\/wp-content\/uploads\/2023\/11\/logotipo_lafarga_gemsa.svg","width":102,"height":103,"caption":"La Farga Gesti\u00f3 d&#039;Equipaments Municipals, SA"},"image":{"@id":"https:\/\/www.lafarga.com\/corporatiu\/#\/schema\/logo\/image\/"}},{"@type":"Person","@id":"https:\/\/www.lafarga.com\/corporatiu\/#\/schema\/person\/70d96fe17d0da1a9c9e80d232bdbcf33","name":"\u00d2scar Milla","image":{"@type":"ImageObject","inLanguage":"ca","@id":"https:\/\/secure.gravatar.com\/avatar\/92e75d184f9d5e0e403bd4ad075b080ad258344ddc259adddb579f6a3ba6494f?s=96&d=mm&r=g","url":"https:\/\/secure.gravatar.com\/avatar\/92e75d184f9d5e0e403bd4ad075b080ad258344ddc259adddb579f6a3ba6494f?s=96&d=mm&r=g","contentUrl":"https:\/\/secure.gravatar.com\/avatar\/92e75d184f9d5e0e403bd4ad075b080ad258344ddc259adddb579f6a3ba6494f?s=96&d=mm&r=g","caption":"\u00d2scar Milla"},"url":"https:\/\/www.lafarga.com\/corporatiu\/author\/omilla\/"}]}},"uagb_featured_image_src":{"full":["https:\/\/www.lafarga.com\/corporatiu\/wp-content\/uploads\/2017\/03\/Diari-marc-Farga.jpg",730,410,false],"thumbnail":["https:\/\/www.lafarga.com\/corporatiu\/wp-content\/uploads\/2017\/03\/Diari-marc-Farga-150x150.jpg",150,150,true],"medium":["https:\/\/www.lafarga.com\/corporatiu\/wp-content\/uploads\/2017\/03\/Diari-marc-Farga-300x168.jpg",300,168,true],"medium_large":["https:\/\/www.lafarga.com\/corporatiu\/wp-content\/uploads\/2017\/03\/Diari-marc-Farga.jpg",730,410,false],"large":["https:\/\/www.lafarga.com\/corporatiu\/wp-content\/uploads\/2017\/03\/Diari-marc-Farga.jpg",730,410,false],"1536x1536":["https:\/\/www.lafarga.com\/corporatiu\/wp-content\/uploads\/2017\/03\/Diari-marc-Farga.jpg",730,410,false],"2048x2048":["https:\/\/www.lafarga.com\/corporatiu\/wp-content\/uploads\/2017\/03\/Diari-marc-Farga.jpg",730,410,false],"mailpoet_newsletter_max":["https:\/\/www.lafarga.com\/corporatiu\/wp-content\/uploads\/2017\/03\/Diari-marc-Farga.jpg",730,410,false]},"uagb_author_info":{"display_name":"\u00d2scar Milla","author_link":"https:\/\/www.lafarga.com\/corporatiu\/author\/omilla\/"},"uagb_comment_info":0,"uagb_excerpt":"L\u2019aprovaci\u00f3 del PDU Granvia \u00e9s el principal tema de portada del Diari de L\u2019Hospitalet que ha sortit aquest dilluns.","_links":{"self":[{"href":"https:\/\/www.lafarga.com\/corporatiu\/wp-json\/wp\/v2\/posts\/9798","targetHints":{"allow":["GET"]}}],"collection":[{"href":"https:\/\/www.lafarga.com\/corporatiu\/wp-json\/wp\/v2\/posts"}],"about":[{"href":"https:\/\/www.lafarga.com\/corporatiu\/wp-json\/wp\/v2\/types\/post"}],"author":[{"embeddable":true,"href":"https:\/\/www.lafarga.com\/corporatiu\/wp-json\/wp\/v2\/users\/5"}],"replies":[{"embeddable":true,"href":"https:\/\/www.lafarga.com\/corporatiu\/wp-json\/wp\/v2\/comments?post=9798"}],"version-history":[{"count":2,"href":"https:\/\/www.lafarga.com\/corporatiu\/wp-json\/wp\/v2\/posts\/9798\/revisions"}],"predecessor-version":[{"id":9804,"href":"https:\/\/www.lafarga.com\/corporatiu\/wp-json\/wp\/v2\/posts\/9798\/revisions\/9804"}],"wp:featuredmedia":[{"embeddable":true,"href":"https:\/\/www.lafarga.com\/corporatiu\/wp-json\/wp\/v2\/media\/9799"}],"wp:attachment":[{"href":"https:\/\/www.lafarga.com\/corporatiu\/wp-json\/wp\/v2\/media?parent=9798"}],"wp:term":[{"taxonomy":"category","embeddable":true,"href":"https:\/\/www.lafarga.com\/corporatiu\/wp-json\/wp\/v2\/categories?post=9798"},{"taxonomy":"post_tag","embeddable":true,"href":"https:\/\/www.lafarga.com\/corporatiu\/wp-json\/wp\/v2\/tags?post=9798"}],"curies":[{"name":"wp","href":"https:\/\/api.w.org\/{rel}","templated":true}]}}