{"id":9266,"date":"2016-12-16T09:00:53","date_gmt":"2016-12-16T09:00:53","guid":{"rendered":"http:\/\/www.lafarga.com\/corporatiu\/?p=9266"},"modified":"2016-12-16T09:08:02","modified_gmt":"2016-12-16T09:08:02","slug":"la-facana-de-torre-barrina-llueix-de-nou","status":"publish","type":"post","link":"https:\/\/www.lafarga.com\/corporatiu\/la-facana-de-torre-barrina-llueix-de-nou\/","title":{"rendered":"La fa\u00e7ana de Torre Barrina llueix de nou"},"content":{"rendered":"<h5>ExperimentaLHs 2016<\/h5>\n<p>La tercera edici\u00f3 de les Jornades per al Foment de l\u2019Audiovisual l\u2019ExperimentaLHs 2016, celebrada a <strong><a href=\"http:\/\/www.torrebarrina.cat\/\" target=\"_blank\">Torre Barrina, Centre Municipal de Creaci\u00f3 Multim\u00e8dia de L&#8217;Hospitalet<\/a><\/strong>, ha estat de nou un \u00e8xit.<\/p>\n<p>Tot un seguit de confer\u00e8ncies, masterclass per a professionals i creadors novells han servit per experimentar amb la creaci\u00f3 en tres dimensions, i tamb\u00e9 la projecci\u00f3 del tradicional videomapping que ha centrat aquesta jornada.<\/p>\n<p>Un videomapping, un joc de llum i volums, sobre la fa\u00e7ana de Torre Barrina inspirat en el nou Districte Cultural ha servit per concloure la tercera edici\u00f3 d&#8217;aquest ExperimentaLHs. Enguany, aquestes jornades s&#8217;han centrat en experimentar amb la tridi-mensionalitat. L&#8217;objectiu ha estat endinsar-se en les possibilitats que ofereix el 3D en el camp audiovisual i aglutinar el talent multim\u00e8dia de L&#8217;Hospitalet.<\/p>\n<p>L&#8217;ExperimentaLHs ha acostat a la ciutat les t\u00e8cniques audiovisuals m\u00e9s innovadores, com la realitat virtual, el modelatge 3D, la animaci\u00f3 Stop Motion o el videomapping.<\/p>\n<p>Des de Torre Barrina, on La Farga GEMSA, d\u00f3na assessorament t\u00e8cnic, s\u2019ha valorat molt positivament l&#8217;acollida que ha rebut la jornada i ja es pensa en una nova edici\u00f3.<\/p>\n","protected":false},"excerpt":{"rendered":"<p>La tercera edici\u00f3 de les Jornades per al Foment de l\u2019Audiovisual l\u2019ExperimentaLHs 2016, celebrada a Torre Barrina, Centre Municipal de Creaci\u00f3 Multim\u00e8dia de L&#8217;Hospitalet, ha estat de nou un \u00e8xit.<\/p>\n","protected":false},"author":5,"featured_media":9267,"comment_status":"closed","ping_status":"closed","sticky":false,"template":"","format":"standard","meta":{"inline_featured_image":false,"_uag_custom_page_level_css":"","_monsterinsights_skip_tracking":false,"_monsterinsights_sitenote_active":false,"_monsterinsights_sitenote_note":"","_monsterinsights_sitenote_category":0,"site-sidebar-layout":"default","site-content-layout":"","ast-site-content-layout":"default","site-content-style":"default","site-sidebar-style":"default","ast-global-header-display":"","ast-banner-title-visibility":"","ast-main-header-display":"","ast-hfb-above-header-display":"","ast-hfb-below-header-display":"","ast-hfb-mobile-header-display":"","site-post-title":"","ast-breadcrumbs-content":"","ast-featured-img":"","footer-sml-layout":"","ast-disable-related-posts":"","theme-transparent-header-meta":"","adv-header-id-meta":"","stick-header-meta":"","header-above-stick-meta":"","header-main-stick-meta":"","header-below-stick-meta":"","astra-migrate-meta-layouts":"default","ast-page-background-enabled":"default","ast-page-background-meta":{"desktop":{"background-color":"var(--ast-global-color-4)","background-image":"","background-repeat":"repeat","background-position":"center center","background-size":"auto","background-attachment":"scroll","background-type":"","background-media":"","overlay-type":"","overlay-color":"","overlay-opacity":"","overlay-gradient":""},"tablet":{"background-color":"","background-image":"","background-repeat":"repeat","background-position":"center center","background-size":"auto","background-attachment":"scroll","background-type":"","background-media":"","overlay-type":"","overlay-color":"","overlay-opacity":"","overlay-gradient":""},"mobile":{"background-color":"","background-image":"","background-repeat":"repeat","background-position":"center center","background-size":"auto","background-attachment":"scroll","background-type":"","background-media":"","overlay-type":"","overlay-color":"","overlay-opacity":"","overlay-gradient":""}},"ast-content-background-meta":{"desktop":{"background-color":"var(--ast-global-color-5)","background-image":"","background-repeat":"repeat","background-position":"center center","background-size":"auto","background-attachment":"scroll","background-type":"","background-media":"","overlay-type":"","overlay-color":"","overlay-opacity":"","overlay-gradient":""},"tablet":{"background-color":"var(--ast-global-color-5)","background-image":"","background-repeat":"repeat","background-position":"center center","background-size":"auto","background-attachment":"scroll","background-type":"","background-media":"","overlay-type":"","overlay-color":"","overlay-opacity":"","overlay-gradient":""},"mobile":{"background-color":"var(--ast-global-color-5)","background-image":"","background-repeat":"repeat","background-position":"center center","background-size":"auto","background-attachment":"scroll","background-type":"","background-media":"","overlay-type":"","overlay-color":"","overlay-opacity":"","overlay-gradient":""}},"footnotes":""},"categories":[57],"tags":[],"class_list":["post-9266","post","type-post","status-publish","format-standard","has-post-thumbnail","hentry","category-torre-barrina"],"yoast_head":"<!-- This site is optimized with the Yoast SEO plugin v27.4 - https:\/\/yoast.com\/product\/yoast-seo-wordpress\/ -->\n<title>La fa\u00e7ana de Torre Barrina llueix de nou - La Farga Gesti\u00f3n de Equipamientos Municipales, S.A.<\/title>\n<meta name=\"description\" content=\"La tercera edici\u00f3 de l\u2019ExperimentaLHs 2016, celebrada a Torre Barrina, ha estat de nou un \u00e8xit. De nou la seva fa\u00e7ana ha llu\u00eft.\" \/>\n<meta name=\"robots\" content=\"index, follow, max-snippet:-1, max-image-preview:large, max-video-preview:-1\" \/>\n<link rel=\"canonical\" href=\"https:\/\/www.lafarga.com\/corporatiu\/la-facana-de-torre-barrina-llueix-de-nou\/\" \/>\n<meta property=\"og:locale\" content=\"ca_ES\" \/>\n<meta property=\"og:type\" content=\"article\" \/>\n<meta property=\"og:title\" content=\"La fa\u00e7ana de Torre Barrina llueix de nou - La Farga Gesti\u00f3n de Equipamientos Municipales, S.A.\" \/>\n<meta property=\"og:description\" content=\"La tercera edici\u00f3 de l\u2019ExperimentaLHs 2016, celebrada a Torre Barrina, ha estat de nou un \u00e8xit. De nou la seva fa\u00e7ana ha llu\u00eft.\" \/>\n<meta property=\"og:url\" content=\"https:\/\/www.lafarga.com\/corporatiu\/la-facana-de-torre-barrina-llueix-de-nou\/\" \/>\n<meta property=\"og:site_name\" content=\"La Farga Gesti\u00f3n de Equipamientos Municipales, S.A.\" \/>\n<meta property=\"article:published_time\" content=\"2016-12-16T09:00:53+00:00\" \/>\n<meta property=\"article:modified_time\" content=\"2016-12-16T09:08:02+00:00\" \/>\n<meta property=\"og:image\" content=\"https:\/\/www.lafarga.com\/corporatiu\/wp-content\/uploads\/2016\/12\/Experimentalhs-Barrina.jpg\" \/>\n\t<meta property=\"og:image:width\" content=\"730\" \/>\n\t<meta property=\"og:image:height\" content=\"410\" \/>\n\t<meta property=\"og:image:type\" content=\"image\/jpeg\" \/>\n<meta name=\"author\" content=\"\u00d2scar Milla\" \/>\n<meta name=\"twitter:label1\" content=\"Escrit per\" \/>\n\t<meta name=\"twitter:data1\" content=\"\u00d2scar Milla\" \/>\n\t<meta name=\"twitter:label2\" content=\"Temps estimat de lectura\" \/>\n\t<meta name=\"twitter:data2\" content=\"1 minut\" \/>\n<script type=\"application\/ld+json\" class=\"yoast-schema-graph\">{\"@context\":\"https:\\\/\\\/schema.org\",\"@graph\":[{\"@type\":\"Article\",\"@id\":\"https:\\\/\\\/www.lafarga.com\\\/corporatiu\\\/la-facana-de-torre-barrina-llueix-de-nou\\\/#article\",\"isPartOf\":{\"@id\":\"https:\\\/\\\/www.lafarga.com\\\/corporatiu\\\/la-facana-de-torre-barrina-llueix-de-nou\\\/\"},\"author\":{\"name\":\"\u00d2scar Milla\",\"@id\":\"https:\\\/\\\/www.lafarga.com\\\/corporatiu\\\/#\\\/schema\\\/person\\\/70d96fe17d0da1a9c9e80d232bdbcf33\"},\"headline\":\"La fa\u00e7ana de Torre Barrina llueix de nou\",\"datePublished\":\"2016-12-16T09:00:53+00:00\",\"dateModified\":\"2016-12-16T09:08:02+00:00\",\"mainEntityOfPage\":{\"@id\":\"https:\\\/\\\/www.lafarga.com\\\/corporatiu\\\/la-facana-de-torre-barrina-llueix-de-nou\\\/\"},\"wordCount\":206,\"publisher\":{\"@id\":\"https:\\\/\\\/www.lafarga.com\\\/corporatiu\\\/#organization\"},\"image\":{\"@id\":\"https:\\\/\\\/www.lafarga.com\\\/corporatiu\\\/la-facana-de-torre-barrina-llueix-de-nou\\\/#primaryimage\"},\"thumbnailUrl\":\"https:\\\/\\\/www.lafarga.com\\\/corporatiu\\\/wp-content\\\/uploads\\\/2016\\\/12\\\/Experimentalhs-Barrina.jpg\",\"articleSection\":[\"Torre Barrina\"],\"inLanguage\":\"ca\"},{\"@type\":\"WebPage\",\"@id\":\"https:\\\/\\\/www.lafarga.com\\\/corporatiu\\\/la-facana-de-torre-barrina-llueix-de-nou\\\/\",\"url\":\"https:\\\/\\\/www.lafarga.com\\\/corporatiu\\\/la-facana-de-torre-barrina-llueix-de-nou\\\/\",\"name\":\"La fa\u00e7ana de Torre Barrina llueix de nou - La Farga Gesti\u00f3n de Equipamientos Municipales, S.A.\",\"isPartOf\":{\"@id\":\"https:\\\/\\\/www.lafarga.com\\\/corporatiu\\\/#website\"},\"primaryImageOfPage\":{\"@id\":\"https:\\\/\\\/www.lafarga.com\\\/corporatiu\\\/la-facana-de-torre-barrina-llueix-de-nou\\\/#primaryimage\"},\"image\":{\"@id\":\"https:\\\/\\\/www.lafarga.com\\\/corporatiu\\\/la-facana-de-torre-barrina-llueix-de-nou\\\/#primaryimage\"},\"thumbnailUrl\":\"https:\\\/\\\/www.lafarga.com\\\/corporatiu\\\/wp-content\\\/uploads\\\/2016\\\/12\\\/Experimentalhs-Barrina.jpg\",\"datePublished\":\"2016-12-16T09:00:53+00:00\",\"dateModified\":\"2016-12-16T09:08:02+00:00\",\"description\":\"La tercera edici\u00f3 de l\u2019ExperimentaLHs 2016, celebrada a Torre Barrina, ha estat de nou un \u00e8xit. De nou la seva fa\u00e7ana ha llu\u00eft.\",\"breadcrumb\":{\"@id\":\"https:\\\/\\\/www.lafarga.com\\\/corporatiu\\\/la-facana-de-torre-barrina-llueix-de-nou\\\/#breadcrumb\"},\"inLanguage\":\"ca\",\"potentialAction\":[{\"@type\":\"ReadAction\",\"target\":[\"https:\\\/\\\/www.lafarga.com\\\/corporatiu\\\/la-facana-de-torre-barrina-llueix-de-nou\\\/\"]}]},{\"@type\":\"ImageObject\",\"inLanguage\":\"ca\",\"@id\":\"https:\\\/\\\/www.lafarga.com\\\/corporatiu\\\/la-facana-de-torre-barrina-llueix-de-nou\\\/#primaryimage\",\"url\":\"https:\\\/\\\/www.lafarga.com\\\/corporatiu\\\/wp-content\\\/uploads\\\/2016\\\/12\\\/Experimentalhs-Barrina.jpg\",\"contentUrl\":\"https:\\\/\\\/www.lafarga.com\\\/corporatiu\\\/wp-content\\\/uploads\\\/2016\\\/12\\\/Experimentalhs-Barrina.jpg\",\"width\":730,\"height\":410,\"caption\":\"Experimentalhs Fa\u00e7ana\"},{\"@type\":\"BreadcrumbList\",\"@id\":\"https:\\\/\\\/www.lafarga.com\\\/corporatiu\\\/la-facana-de-torre-barrina-llueix-de-nou\\\/#breadcrumb\",\"itemListElement\":[{\"@type\":\"ListItem\",\"position\":1,\"name\":\"Home\",\"item\":\"https:\\\/\\\/www.lafarga.com\\\/corporatiu\\\/lafarga-hospitalet-llobregat\\\/\"},{\"@type\":\"ListItem\",\"position\":2,\"name\":\"La fa\u00e7ana de Torre Barrina llueix de nou\"}]},{\"@type\":\"WebSite\",\"@id\":\"https:\\\/\\\/www.lafarga.com\\\/corporatiu\\\/#website\",\"url\":\"https:\\\/\\\/www.lafarga.com\\\/corporatiu\\\/\",\"name\":\"La Farga Gesti\u00f3 d&#039;Equipaments Municipals, SA\",\"description\":\"\",\"publisher\":{\"@id\":\"https:\\\/\\\/www.lafarga.com\\\/corporatiu\\\/#organization\"},\"potentialAction\":[{\"@type\":\"SearchAction\",\"target\":{\"@type\":\"EntryPoint\",\"urlTemplate\":\"https:\\\/\\\/www.lafarga.com\\\/corporatiu\\\/?s={search_term_string}\"},\"query-input\":{\"@type\":\"PropertyValueSpecification\",\"valueRequired\":true,\"valueName\":\"search_term_string\"}}],\"inLanguage\":\"ca\"},{\"@type\":\"Organization\",\"@id\":\"https:\\\/\\\/www.lafarga.com\\\/corporatiu\\\/#organization\",\"name\":\"La Farga Gesti\u00f3 d&#039;Equipaments Municipals, SA\",\"url\":\"https:\\\/\\\/www.lafarga.com\\\/corporatiu\\\/\",\"logo\":{\"@type\":\"ImageObject\",\"inLanguage\":\"ca\",\"@id\":\"https:\\\/\\\/www.lafarga.com\\\/corporatiu\\\/#\\\/schema\\\/logo\\\/image\\\/\",\"url\":\"https:\\\/\\\/www.lafarga.com\\\/corporatiu\\\/wp-content\\\/uploads\\\/2023\\\/11\\\/logotipo_lafarga_gemsa.svg\",\"contentUrl\":\"https:\\\/\\\/www.lafarga.com\\\/corporatiu\\\/wp-content\\\/uploads\\\/2023\\\/11\\\/logotipo_lafarga_gemsa.svg\",\"width\":102,\"height\":103,\"caption\":\"La Farga Gesti\u00f3 d&#039;Equipaments Municipals, SA\"},\"image\":{\"@id\":\"https:\\\/\\\/www.lafarga.com\\\/corporatiu\\\/#\\\/schema\\\/logo\\\/image\\\/\"}},{\"@type\":\"Person\",\"@id\":\"https:\\\/\\\/www.lafarga.com\\\/corporatiu\\\/#\\\/schema\\\/person\\\/70d96fe17d0da1a9c9e80d232bdbcf33\",\"name\":\"\u00d2scar Milla\",\"image\":{\"@type\":\"ImageObject\",\"inLanguage\":\"ca\",\"@id\":\"https:\\\/\\\/secure.gravatar.com\\\/avatar\\\/92e75d184f9d5e0e403bd4ad075b080ad258344ddc259adddb579f6a3ba6494f?s=96&d=mm&r=g\",\"url\":\"https:\\\/\\\/secure.gravatar.com\\\/avatar\\\/92e75d184f9d5e0e403bd4ad075b080ad258344ddc259adddb579f6a3ba6494f?s=96&d=mm&r=g\",\"contentUrl\":\"https:\\\/\\\/secure.gravatar.com\\\/avatar\\\/92e75d184f9d5e0e403bd4ad075b080ad258344ddc259adddb579f6a3ba6494f?s=96&d=mm&r=g\",\"caption\":\"\u00d2scar Milla\"},\"url\":\"https:\\\/\\\/www.lafarga.com\\\/corporatiu\\\/author\\\/omilla\\\/\"}]}<\/script>\n<!-- \/ Yoast SEO plugin. -->","yoast_head_json":{"title":"La fa\u00e7ana de Torre Barrina llueix de nou - La Farga Gesti\u00f3n de Equipamientos Municipales, S.A.","description":"La tercera edici\u00f3 de l\u2019ExperimentaLHs 2016, celebrada a Torre Barrina, ha estat de nou un \u00e8xit. De nou la seva fa\u00e7ana ha llu\u00eft.","robots":{"index":"index","follow":"follow","max-snippet":"max-snippet:-1","max-image-preview":"max-image-preview:large","max-video-preview":"max-video-preview:-1"},"canonical":"https:\/\/www.lafarga.com\/corporatiu\/la-facana-de-torre-barrina-llueix-de-nou\/","og_locale":"ca_ES","og_type":"article","og_title":"La fa\u00e7ana de Torre Barrina llueix de nou - La Farga Gesti\u00f3n de Equipamientos Municipales, S.A.","og_description":"La tercera edici\u00f3 de l\u2019ExperimentaLHs 2016, celebrada a Torre Barrina, ha estat de nou un \u00e8xit. De nou la seva fa\u00e7ana ha llu\u00eft.","og_url":"https:\/\/www.lafarga.com\/corporatiu\/la-facana-de-torre-barrina-llueix-de-nou\/","og_site_name":"La Farga Gesti\u00f3n de Equipamientos Municipales, S.A.","article_published_time":"2016-12-16T09:00:53+00:00","article_modified_time":"2016-12-16T09:08:02+00:00","og_image":[{"width":730,"height":410,"url":"https:\/\/www.lafarga.com\/corporatiu\/wp-content\/uploads\/2016\/12\/Experimentalhs-Barrina.jpg","type":"image\/jpeg"}],"author":"\u00d2scar Milla","twitter_misc":{"Escrit per":"\u00d2scar Milla","Temps estimat de lectura":"1 minut"},"schema":{"@context":"https:\/\/schema.org","@graph":[{"@type":"Article","@id":"https:\/\/www.lafarga.com\/corporatiu\/la-facana-de-torre-barrina-llueix-de-nou\/#article","isPartOf":{"@id":"https:\/\/www.lafarga.com\/corporatiu\/la-facana-de-torre-barrina-llueix-de-nou\/"},"author":{"name":"\u00d2scar Milla","@id":"https:\/\/www.lafarga.com\/corporatiu\/#\/schema\/person\/70d96fe17d0da1a9c9e80d232bdbcf33"},"headline":"La fa\u00e7ana de Torre Barrina llueix de nou","datePublished":"2016-12-16T09:00:53+00:00","dateModified":"2016-12-16T09:08:02+00:00","mainEntityOfPage":{"@id":"https:\/\/www.lafarga.com\/corporatiu\/la-facana-de-torre-barrina-llueix-de-nou\/"},"wordCount":206,"publisher":{"@id":"https:\/\/www.lafarga.com\/corporatiu\/#organization"},"image":{"@id":"https:\/\/www.lafarga.com\/corporatiu\/la-facana-de-torre-barrina-llueix-de-nou\/#primaryimage"},"thumbnailUrl":"https:\/\/www.lafarga.com\/corporatiu\/wp-content\/uploads\/2016\/12\/Experimentalhs-Barrina.jpg","articleSection":["Torre Barrina"],"inLanguage":"ca"},{"@type":"WebPage","@id":"https:\/\/www.lafarga.com\/corporatiu\/la-facana-de-torre-barrina-llueix-de-nou\/","url":"https:\/\/www.lafarga.com\/corporatiu\/la-facana-de-torre-barrina-llueix-de-nou\/","name":"La fa\u00e7ana de Torre Barrina llueix de nou - La Farga Gesti\u00f3n de Equipamientos Municipales, S.A.","isPartOf":{"@id":"https:\/\/www.lafarga.com\/corporatiu\/#website"},"primaryImageOfPage":{"@id":"https:\/\/www.lafarga.com\/corporatiu\/la-facana-de-torre-barrina-llueix-de-nou\/#primaryimage"},"image":{"@id":"https:\/\/www.lafarga.com\/corporatiu\/la-facana-de-torre-barrina-llueix-de-nou\/#primaryimage"},"thumbnailUrl":"https:\/\/www.lafarga.com\/corporatiu\/wp-content\/uploads\/2016\/12\/Experimentalhs-Barrina.jpg","datePublished":"2016-12-16T09:00:53+00:00","dateModified":"2016-12-16T09:08:02+00:00","description":"La tercera edici\u00f3 de l\u2019ExperimentaLHs 2016, celebrada a Torre Barrina, ha estat de nou un \u00e8xit. De nou la seva fa\u00e7ana ha llu\u00eft.","breadcrumb":{"@id":"https:\/\/www.lafarga.com\/corporatiu\/la-facana-de-torre-barrina-llueix-de-nou\/#breadcrumb"},"inLanguage":"ca","potentialAction":[{"@type":"ReadAction","target":["https:\/\/www.lafarga.com\/corporatiu\/la-facana-de-torre-barrina-llueix-de-nou\/"]}]},{"@type":"ImageObject","inLanguage":"ca","@id":"https:\/\/www.lafarga.com\/corporatiu\/la-facana-de-torre-barrina-llueix-de-nou\/#primaryimage","url":"https:\/\/www.lafarga.com\/corporatiu\/wp-content\/uploads\/2016\/12\/Experimentalhs-Barrina.jpg","contentUrl":"https:\/\/www.lafarga.com\/corporatiu\/wp-content\/uploads\/2016\/12\/Experimentalhs-Barrina.jpg","width":730,"height":410,"caption":"Experimentalhs Fa\u00e7ana"},{"@type":"BreadcrumbList","@id":"https:\/\/www.lafarga.com\/corporatiu\/la-facana-de-torre-barrina-llueix-de-nou\/#breadcrumb","itemListElement":[{"@type":"ListItem","position":1,"name":"Home","item":"https:\/\/www.lafarga.com\/corporatiu\/lafarga-hospitalet-llobregat\/"},{"@type":"ListItem","position":2,"name":"La fa\u00e7ana de Torre Barrina llueix de nou"}]},{"@type":"WebSite","@id":"https:\/\/www.lafarga.com\/corporatiu\/#website","url":"https:\/\/www.lafarga.com\/corporatiu\/","name":"La Farga Gesti\u00f3 d&#039;Equipaments Municipals, SA","description":"","publisher":{"@id":"https:\/\/www.lafarga.com\/corporatiu\/#organization"},"potentialAction":[{"@type":"SearchAction","target":{"@type":"EntryPoint","urlTemplate":"https:\/\/www.lafarga.com\/corporatiu\/?s={search_term_string}"},"query-input":{"@type":"PropertyValueSpecification","valueRequired":true,"valueName":"search_term_string"}}],"inLanguage":"ca"},{"@type":"Organization","@id":"https:\/\/www.lafarga.com\/corporatiu\/#organization","name":"La Farga Gesti\u00f3 d&#039;Equipaments Municipals, SA","url":"https:\/\/www.lafarga.com\/corporatiu\/","logo":{"@type":"ImageObject","inLanguage":"ca","@id":"https:\/\/www.lafarga.com\/corporatiu\/#\/schema\/logo\/image\/","url":"https:\/\/www.lafarga.com\/corporatiu\/wp-content\/uploads\/2023\/11\/logotipo_lafarga_gemsa.svg","contentUrl":"https:\/\/www.lafarga.com\/corporatiu\/wp-content\/uploads\/2023\/11\/logotipo_lafarga_gemsa.svg","width":102,"height":103,"caption":"La Farga Gesti\u00f3 d&#039;Equipaments Municipals, SA"},"image":{"@id":"https:\/\/www.lafarga.com\/corporatiu\/#\/schema\/logo\/image\/"}},{"@type":"Person","@id":"https:\/\/www.lafarga.com\/corporatiu\/#\/schema\/person\/70d96fe17d0da1a9c9e80d232bdbcf33","name":"\u00d2scar Milla","image":{"@type":"ImageObject","inLanguage":"ca","@id":"https:\/\/secure.gravatar.com\/avatar\/92e75d184f9d5e0e403bd4ad075b080ad258344ddc259adddb579f6a3ba6494f?s=96&d=mm&r=g","url":"https:\/\/secure.gravatar.com\/avatar\/92e75d184f9d5e0e403bd4ad075b080ad258344ddc259adddb579f6a3ba6494f?s=96&d=mm&r=g","contentUrl":"https:\/\/secure.gravatar.com\/avatar\/92e75d184f9d5e0e403bd4ad075b080ad258344ddc259adddb579f6a3ba6494f?s=96&d=mm&r=g","caption":"\u00d2scar Milla"},"url":"https:\/\/www.lafarga.com\/corporatiu\/author\/omilla\/"}]}},"uagb_featured_image_src":{"full":["https:\/\/www.lafarga.com\/corporatiu\/wp-content\/uploads\/2016\/12\/Experimentalhs-Barrina.jpg",730,410,false],"thumbnail":["https:\/\/www.lafarga.com\/corporatiu\/wp-content\/uploads\/2016\/12\/Experimentalhs-Barrina-150x150.jpg",150,150,true],"medium":["https:\/\/www.lafarga.com\/corporatiu\/wp-content\/uploads\/2016\/12\/Experimentalhs-Barrina-300x168.jpg",300,168,true],"medium_large":["https:\/\/www.lafarga.com\/corporatiu\/wp-content\/uploads\/2016\/12\/Experimentalhs-Barrina.jpg",730,410,false],"large":["https:\/\/www.lafarga.com\/corporatiu\/wp-content\/uploads\/2016\/12\/Experimentalhs-Barrina.jpg",730,410,false],"1536x1536":["https:\/\/www.lafarga.com\/corporatiu\/wp-content\/uploads\/2016\/12\/Experimentalhs-Barrina.jpg",730,410,false],"2048x2048":["https:\/\/www.lafarga.com\/corporatiu\/wp-content\/uploads\/2016\/12\/Experimentalhs-Barrina.jpg",730,410,false],"mailpoet_newsletter_max":["https:\/\/www.lafarga.com\/corporatiu\/wp-content\/uploads\/2016\/12\/Experimentalhs-Barrina.jpg",730,410,false]},"uagb_author_info":{"display_name":"\u00d2scar Milla","author_link":"https:\/\/www.lafarga.com\/corporatiu\/author\/omilla\/"},"uagb_comment_info":0,"uagb_excerpt":"La tercera edici\u00f3 de les Jornades per al Foment de l\u2019Audiovisual l\u2019ExperimentaLHs 2016, celebrada a Torre Barrina, Centre Municipal de Creaci\u00f3 Multim\u00e8dia de L'Hospitalet, ha estat de nou un \u00e8xit.","_links":{"self":[{"href":"https:\/\/www.lafarga.com\/corporatiu\/wp-json\/wp\/v2\/posts\/9266","targetHints":{"allow":["GET"]}}],"collection":[{"href":"https:\/\/www.lafarga.com\/corporatiu\/wp-json\/wp\/v2\/posts"}],"about":[{"href":"https:\/\/www.lafarga.com\/corporatiu\/wp-json\/wp\/v2\/types\/post"}],"author":[{"embeddable":true,"href":"https:\/\/www.lafarga.com\/corporatiu\/wp-json\/wp\/v2\/users\/5"}],"replies":[{"embeddable":true,"href":"https:\/\/www.lafarga.com\/corporatiu\/wp-json\/wp\/v2\/comments?post=9266"}],"version-history":[{"count":4,"href":"https:\/\/www.lafarga.com\/corporatiu\/wp-json\/wp\/v2\/posts\/9266\/revisions"}],"predecessor-version":[{"id":9273,"href":"https:\/\/www.lafarga.com\/corporatiu\/wp-json\/wp\/v2\/posts\/9266\/revisions\/9273"}],"wp:featuredmedia":[{"embeddable":true,"href":"https:\/\/www.lafarga.com\/corporatiu\/wp-json\/wp\/v2\/media\/9267"}],"wp:attachment":[{"href":"https:\/\/www.lafarga.com\/corporatiu\/wp-json\/wp\/v2\/media?parent=9266"}],"wp:term":[{"taxonomy":"category","embeddable":true,"href":"https:\/\/www.lafarga.com\/corporatiu\/wp-json\/wp\/v2\/categories?post=9266"},{"taxonomy":"post_tag","embeddable":true,"href":"https:\/\/www.lafarga.com\/corporatiu\/wp-json\/wp\/v2\/tags?post=9266"}],"curies":[{"name":"wp","href":"https:\/\/api.w.org\/{rel}","templated":true}]}}