{"id":9228,"date":"2016-12-12T14:26:09","date_gmt":"2016-12-12T14:26:09","guid":{"rendered":"http:\/\/www.lafarga.com\/corporatiu\/?p=9228"},"modified":"2016-12-12T14:26:09","modified_gmt":"2016-12-12T14:26:09","slug":"navidad-hospitalet-portada-diciembre","status":"publish","type":"post","link":"https:\/\/www.lafarga.com\/corporatiu\/navidad-hospitalet-portada-diciembre\/","title":{"rendered":"La Navidad en L\u2019Hospitalet, portada de diciembre"},"content":{"rendered":"<h5>Edici\u00f3n n\u00famero 318<\/h5>\n<p>La llegada de la Navidad a L&#8217;Hospitalet es el tema principal de la edici\u00f3n de diciembre del <strong><a href=\"http:\/\/lhdigital.cat\/web\/diari\/diari-l-h\" target=\"_blank\">Diari de L&#8217;Hospitalet<\/a><\/strong> que ha salido este lunes.<\/p>\n<p>Con fotograf\u00eda principal de <strong><a href=\"http:\/\/www.lafargalhospitalet.com\/kaliu-park-abre-puertas\/\" target=\"_blank\">Kaliu Park, Espacio L\u00fadico de Navidad<\/a><\/strong> situado en La Farga hasta el 8 de enero, la portada se hace eco de la intensa <strong><a href=\"http:\/\/www.l-h.cat\/webs\/especials\/nadal\/inici_2.aspx\" target=\"_blank\">agenda navide\u00f1a de la ciudad<\/a><\/strong> con todo lo que incluye el propio Kaliu Park, como la emblem\u00e1tica pista de patinaje sobre hielo. Tambi\u00e9n podemos disfrutar en L&#8217;Hospitalet de la Muestra de pesebrista, &#8216;Els pastorets&#8217; y muchas otras actividades.<\/p>\n<p>Por su parte las asociaciones de comerciantes y entidades organizan tambi\u00e9n su programa de actividades para dinamizar el comercio local, mientras que la Cruz Roja recoge juguetes para garantizar el derecho a jugar de los ni\u00f1os de 0 a 14 a\u00f1os. Toda la propuesta navide\u00f1a la podemos leer en un especial del Diari de once p\u00e1ginas.<\/p>\n<p>Otros temas destacados de la portada de diciembre son que el Ayuntamiento crea un cuerpo de inspectores para ordenar el espacio p\u00fablico, que el CUAP Pura Fern\u00e1ndez ofrecer\u00e1 servicios de urgencias pedi\u00e1tricas a partir de enero de 2017 y que el Pleno aprueba una iniciativa ciudadana para garantizar el derecho a una vivienda digna.<\/p>\n<h5>La Nit de Santa Ll\u00facia, en L&#8217;Hospitalet<\/h5>\n<p>En el apartado cultural, destaca la entrevista a Joan Casas premiado en 1979 en la Nit de Santa Ll\u00facia, que este a\u00f1o se celebra en L&#8217;Hospitalet.<\/p>\n<p>En deportes la ausencia del Real Madrid en el Torneo de Baloncesto Junior &#8220;Ciutat de L&#8217;Hospitalet&#8221; es la informaci\u00f3n m\u00e1s destacada.<\/p>\n<p>En p\u00e1ginas interiores, en informaci\u00f3n sobre los Medios de Comunicaci\u00f3n de L&#8217;Hospitalet podemos leer y ver, a trav\u00e9s de c\u00f3digos QR las noticias m\u00e1s le\u00eddas y los v\u00eddeos m\u00e1s vistos del portal web <strong><a href=\"http:\/\/lhdigital.cat\/web\/digital-h\/\" target=\"_blank\">LHdigital<\/a><\/strong>. Destacan la apertura del nuevo mercado de La Florida, la puesta en funcionamiento de la L\u00ednea 9 del metro o los reportajes sobre las Fiestas de Primavera.<\/p>\n<p>El Diari de L&#8217;Hospitalet es un medio de comunicaci\u00f3n que edita La Farga Gesti\u00f3n de Equipamientos Municipales SA y tiene una tirada de 105.000 ejemplares mensuales.<\/p>\n<p>Aqu\u00ed se puede ver la <strong><a href=\"http:\/\/lhdigital.cat\/diarilh_digital\/318\/index.html\" target=\"_blank\">versi\u00f3n digital<\/a><\/strong> del Diari de L&#8217;Hospitalet.<\/p>\n","protected":false},"excerpt":{"rendered":"<p>La llegada de la Navidad a L&#8217;Hospitalet es el tema principal de la edici\u00f3n de diciembre del Diari de L&#8217;Hospitalet que ha salido este lunes.<\/p>\n","protected":false},"author":5,"featured_media":9226,"comment_status":"closed","ping_status":"closed","sticky":false,"template":"","format":"standard","meta":{"inline_featured_image":false,"_uag_custom_page_level_css":"","_monsterinsights_skip_tracking":false,"_monsterinsights_sitenote_active":false,"_monsterinsights_sitenote_note":"","_monsterinsights_sitenote_category":0,"site-sidebar-layout":"default","site-content-layout":"","ast-site-content-layout":"default","site-content-style":"default","site-sidebar-style":"default","ast-global-header-display":"","ast-banner-title-visibility":"","ast-main-header-display":"","ast-hfb-above-header-display":"","ast-hfb-below-header-display":"","ast-hfb-mobile-header-display":"","site-post-title":"","ast-breadcrumbs-content":"","ast-featured-img":"","footer-sml-layout":"","ast-disable-related-posts":"","theme-transparent-header-meta":"","adv-header-id-meta":"","stick-header-meta":"","header-above-stick-meta":"","header-main-stick-meta":"","header-below-stick-meta":"","astra-migrate-meta-layouts":"default","ast-page-background-enabled":"default","ast-page-background-meta":{"desktop":{"background-color":"var(--ast-global-color-4)","background-image":"","background-repeat":"repeat","background-position":"center center","background-size":"auto","background-attachment":"scroll","background-type":"","background-media":"","overlay-type":"","overlay-color":"","overlay-opacity":"","overlay-gradient":""},"tablet":{"background-color":"","background-image":"","background-repeat":"repeat","background-position":"center center","background-size":"auto","background-attachment":"scroll","background-type":"","background-media":"","overlay-type":"","overlay-color":"","overlay-opacity":"","overlay-gradient":""},"mobile":{"background-color":"","background-image":"","background-repeat":"repeat","background-position":"center center","background-size":"auto","background-attachment":"scroll","background-type":"","background-media":"","overlay-type":"","overlay-color":"","overlay-opacity":"","overlay-gradient":""}},"ast-content-background-meta":{"desktop":{"background-color":"var(--ast-global-color-5)","background-image":"","background-repeat":"repeat","background-position":"center center","background-size":"auto","background-attachment":"scroll","background-type":"","background-media":"","overlay-type":"","overlay-color":"","overlay-opacity":"","overlay-gradient":""},"tablet":{"background-color":"var(--ast-global-color-5)","background-image":"","background-repeat":"repeat","background-position":"center center","background-size":"auto","background-attachment":"scroll","background-type":"","background-media":"","overlay-type":"","overlay-color":"","overlay-opacity":"","overlay-gradient":""},"mobile":{"background-color":"var(--ast-global-color-5)","background-image":"","background-repeat":"repeat","background-position":"center center","background-size":"auto","background-attachment":"scroll","background-type":"","background-media":"","overlay-type":"","overlay-color":"","overlay-opacity":"","overlay-gradient":""}},"footnotes":""},"categories":[81],"tags":[],"class_list":["post-9228","post","type-post","status-publish","format-standard","has-post-thumbnail","hentry","category-medios-comunicacion"],"yoast_head":"<!-- This site is optimized with the Yoast SEO plugin v27.4 - https:\/\/yoast.com\/product\/yoast-seo-wordpress\/ -->\n<title>La Navidad en L\u2019Hospitalet, portada de diciembre - La Farga Gesti\u00f3n de Equipamientos Municipales, S.A.<\/title>\n<meta name=\"description\" content=\"La llegada de la Navidad a L&#039;Hospitalet es el tema principal de la edici\u00f3n de diciembre del Diari de L&#039;Hospitalet que ha salido este lunes.\" \/>\n<meta name=\"robots\" content=\"index, follow, max-snippet:-1, max-image-preview:large, max-video-preview:-1\" \/>\n<link rel=\"canonical\" href=\"https:\/\/www.lafarga.com\/corporatiu\/navidad-hospitalet-portada-diciembre\/\" \/>\n<meta property=\"og:locale\" content=\"ca_ES\" \/>\n<meta property=\"og:type\" content=\"article\" \/>\n<meta property=\"og:title\" content=\"La Navidad en L\u2019Hospitalet, portada de diciembre - La Farga Gesti\u00f3n de Equipamientos Municipales, S.A.\" \/>\n<meta property=\"og:description\" content=\"La llegada de la Navidad a L&#039;Hospitalet es el tema principal de la edici\u00f3n de diciembre del Diari de L&#039;Hospitalet que ha salido este lunes.\" \/>\n<meta property=\"og:url\" content=\"https:\/\/www.lafarga.com\/corporatiu\/navidad-hospitalet-portada-diciembre\/\" \/>\n<meta property=\"og:site_name\" content=\"La Farga Gesti\u00f3n de Equipamientos Municipales, S.A.\" \/>\n<meta property=\"article:published_time\" content=\"2016-12-12T14:26:09+00:00\" \/>\n<meta property=\"og:image\" content=\"https:\/\/www.lafarga.com\/corporatiu\/wp-content\/uploads\/2016\/12\/Portada-DiariLH-desembre.jpg\" \/>\n\t<meta property=\"og:image:width\" content=\"730\" \/>\n\t<meta property=\"og:image:height\" content=\"410\" \/>\n\t<meta property=\"og:image:type\" content=\"image\/jpeg\" \/>\n<meta name=\"author\" content=\"\u00d2scar Milla\" \/>\n<meta name=\"twitter:label1\" content=\"Escrit per\" \/>\n\t<meta name=\"twitter:data1\" content=\"\u00d2scar Milla\" \/>\n\t<meta name=\"twitter:label2\" content=\"Temps estimat de lectura\" \/>\n\t<meta name=\"twitter:data2\" content=\"2 minuts\" \/>\n<script type=\"application\/ld+json\" class=\"yoast-schema-graph\">{\"@context\":\"https:\\\/\\\/schema.org\",\"@graph\":[{\"@type\":\"Article\",\"@id\":\"https:\\\/\\\/www.lafarga.com\\\/corporatiu\\\/navidad-hospitalet-portada-diciembre\\\/#article\",\"isPartOf\":{\"@id\":\"https:\\\/\\\/www.lafarga.com\\\/corporatiu\\\/navidad-hospitalet-portada-diciembre\\\/\"},\"author\":{\"name\":\"\u00d2scar Milla\",\"@id\":\"https:\\\/\\\/www.lafarga.com\\\/corporatiu\\\/#\\\/schema\\\/person\\\/70d96fe17d0da1a9c9e80d232bdbcf33\"},\"headline\":\"La Navidad en L\u2019Hospitalet, portada de diciembre\",\"datePublished\":\"2016-12-12T14:26:09+00:00\",\"mainEntityOfPage\":{\"@id\":\"https:\\\/\\\/www.lafarga.com\\\/corporatiu\\\/navidad-hospitalet-portada-diciembre\\\/\"},\"wordCount\":398,\"publisher\":{\"@id\":\"https:\\\/\\\/www.lafarga.com\\\/corporatiu\\\/#organization\"},\"image\":{\"@id\":\"https:\\\/\\\/www.lafarga.com\\\/corporatiu\\\/navidad-hospitalet-portada-diciembre\\\/#primaryimage\"},\"thumbnailUrl\":\"https:\\\/\\\/www.lafarga.com\\\/corporatiu\\\/wp-content\\\/uploads\\\/2016\\\/12\\\/Portada-DiariLH-desembre.jpg\",\"articleSection\":[\"Medios de Comunicaci\u00f3n\"],\"inLanguage\":\"ca\"},{\"@type\":\"WebPage\",\"@id\":\"https:\\\/\\\/www.lafarga.com\\\/corporatiu\\\/navidad-hospitalet-portada-diciembre\\\/\",\"url\":\"https:\\\/\\\/www.lafarga.com\\\/corporatiu\\\/navidad-hospitalet-portada-diciembre\\\/\",\"name\":\"La Navidad en L\u2019Hospitalet, portada de diciembre - La Farga Gesti\u00f3n de Equipamientos Municipales, S.A.\",\"isPartOf\":{\"@id\":\"https:\\\/\\\/www.lafarga.com\\\/corporatiu\\\/#website\"},\"primaryImageOfPage\":{\"@id\":\"https:\\\/\\\/www.lafarga.com\\\/corporatiu\\\/navidad-hospitalet-portada-diciembre\\\/#primaryimage\"},\"image\":{\"@id\":\"https:\\\/\\\/www.lafarga.com\\\/corporatiu\\\/navidad-hospitalet-portada-diciembre\\\/#primaryimage\"},\"thumbnailUrl\":\"https:\\\/\\\/www.lafarga.com\\\/corporatiu\\\/wp-content\\\/uploads\\\/2016\\\/12\\\/Portada-DiariLH-desembre.jpg\",\"datePublished\":\"2016-12-12T14:26:09+00:00\",\"description\":\"La llegada de la Navidad a L'Hospitalet es el tema principal de la edici\u00f3n de diciembre del Diari de L'Hospitalet que ha salido este lunes.\",\"breadcrumb\":{\"@id\":\"https:\\\/\\\/www.lafarga.com\\\/corporatiu\\\/navidad-hospitalet-portada-diciembre\\\/#breadcrumb\"},\"inLanguage\":\"ca\",\"potentialAction\":[{\"@type\":\"ReadAction\",\"target\":[\"https:\\\/\\\/www.lafarga.com\\\/corporatiu\\\/navidad-hospitalet-portada-diciembre\\\/\"]}]},{\"@type\":\"ImageObject\",\"inLanguage\":\"ca\",\"@id\":\"https:\\\/\\\/www.lafarga.com\\\/corporatiu\\\/navidad-hospitalet-portada-diciembre\\\/#primaryimage\",\"url\":\"https:\\\/\\\/www.lafarga.com\\\/corporatiu\\\/wp-content\\\/uploads\\\/2016\\\/12\\\/Portada-DiariLH-desembre.jpg\",\"contentUrl\":\"https:\\\/\\\/www.lafarga.com\\\/corporatiu\\\/wp-content\\\/uploads\\\/2016\\\/12\\\/Portada-DiariLH-desembre.jpg\",\"width\":730,\"height\":410,\"caption\":\"Diari LH Desembre\"},{\"@type\":\"BreadcrumbList\",\"@id\":\"https:\\\/\\\/www.lafarga.com\\\/corporatiu\\\/navidad-hospitalet-portada-diciembre\\\/#breadcrumb\",\"itemListElement\":[{\"@type\":\"ListItem\",\"position\":1,\"name\":\"Home\",\"item\":\"https:\\\/\\\/www.lafarga.com\\\/corporatiu\\\/lafarga-hospitalet-llobregat\\\/\"},{\"@type\":\"ListItem\",\"position\":2,\"name\":\"La Navidad en L\u2019Hospitalet, portada de diciembre\"}]},{\"@type\":\"WebSite\",\"@id\":\"https:\\\/\\\/www.lafarga.com\\\/corporatiu\\\/#website\",\"url\":\"https:\\\/\\\/www.lafarga.com\\\/corporatiu\\\/\",\"name\":\"La Farga Gesti\u00f3 d&#039;Equipaments Municipals, SA\",\"description\":\"\",\"publisher\":{\"@id\":\"https:\\\/\\\/www.lafarga.com\\\/corporatiu\\\/#organization\"},\"potentialAction\":[{\"@type\":\"SearchAction\",\"target\":{\"@type\":\"EntryPoint\",\"urlTemplate\":\"https:\\\/\\\/www.lafarga.com\\\/corporatiu\\\/?s={search_term_string}\"},\"query-input\":{\"@type\":\"PropertyValueSpecification\",\"valueRequired\":true,\"valueName\":\"search_term_string\"}}],\"inLanguage\":\"ca\"},{\"@type\":\"Organization\",\"@id\":\"https:\\\/\\\/www.lafarga.com\\\/corporatiu\\\/#organization\",\"name\":\"La Farga Gesti\u00f3 d&#039;Equipaments Municipals, SA\",\"url\":\"https:\\\/\\\/www.lafarga.com\\\/corporatiu\\\/\",\"logo\":{\"@type\":\"ImageObject\",\"inLanguage\":\"ca\",\"@id\":\"https:\\\/\\\/www.lafarga.com\\\/corporatiu\\\/#\\\/schema\\\/logo\\\/image\\\/\",\"url\":\"https:\\\/\\\/www.lafarga.com\\\/corporatiu\\\/wp-content\\\/uploads\\\/2023\\\/11\\\/logotipo_lafarga_gemsa.svg\",\"contentUrl\":\"https:\\\/\\\/www.lafarga.com\\\/corporatiu\\\/wp-content\\\/uploads\\\/2023\\\/11\\\/logotipo_lafarga_gemsa.svg\",\"width\":102,\"height\":103,\"caption\":\"La Farga Gesti\u00f3 d&#039;Equipaments Municipals, SA\"},\"image\":{\"@id\":\"https:\\\/\\\/www.lafarga.com\\\/corporatiu\\\/#\\\/schema\\\/logo\\\/image\\\/\"}},{\"@type\":\"Person\",\"@id\":\"https:\\\/\\\/www.lafarga.com\\\/corporatiu\\\/#\\\/schema\\\/person\\\/70d96fe17d0da1a9c9e80d232bdbcf33\",\"name\":\"\u00d2scar Milla\",\"image\":{\"@type\":\"ImageObject\",\"inLanguage\":\"ca\",\"@id\":\"https:\\\/\\\/secure.gravatar.com\\\/avatar\\\/92e75d184f9d5e0e403bd4ad075b080ad258344ddc259adddb579f6a3ba6494f?s=96&d=mm&r=g\",\"url\":\"https:\\\/\\\/secure.gravatar.com\\\/avatar\\\/92e75d184f9d5e0e403bd4ad075b080ad258344ddc259adddb579f6a3ba6494f?s=96&d=mm&r=g\",\"contentUrl\":\"https:\\\/\\\/secure.gravatar.com\\\/avatar\\\/92e75d184f9d5e0e403bd4ad075b080ad258344ddc259adddb579f6a3ba6494f?s=96&d=mm&r=g\",\"caption\":\"\u00d2scar Milla\"},\"url\":\"https:\\\/\\\/www.lafarga.com\\\/corporatiu\\\/author\\\/omilla\\\/\"}]}<\/script>\n<!-- \/ Yoast SEO plugin. -->","yoast_head_json":{"title":"La Navidad en L\u2019Hospitalet, portada de diciembre - La Farga Gesti\u00f3n de Equipamientos Municipales, S.A.","description":"La llegada de la Navidad a L'Hospitalet es el tema principal de la edici\u00f3n de diciembre del Diari de L'Hospitalet que ha salido este lunes.","robots":{"index":"index","follow":"follow","max-snippet":"max-snippet:-1","max-image-preview":"max-image-preview:large","max-video-preview":"max-video-preview:-1"},"canonical":"https:\/\/www.lafarga.com\/corporatiu\/navidad-hospitalet-portada-diciembre\/","og_locale":"ca_ES","og_type":"article","og_title":"La Navidad en L\u2019Hospitalet, portada de diciembre - La Farga Gesti\u00f3n de Equipamientos Municipales, S.A.","og_description":"La llegada de la Navidad a L'Hospitalet es el tema principal de la edici\u00f3n de diciembre del Diari de L'Hospitalet que ha salido este lunes.","og_url":"https:\/\/www.lafarga.com\/corporatiu\/navidad-hospitalet-portada-diciembre\/","og_site_name":"La Farga Gesti\u00f3n de Equipamientos Municipales, S.A.","article_published_time":"2016-12-12T14:26:09+00:00","og_image":[{"width":730,"height":410,"url":"https:\/\/www.lafarga.com\/corporatiu\/wp-content\/uploads\/2016\/12\/Portada-DiariLH-desembre.jpg","type":"image\/jpeg"}],"author":"\u00d2scar Milla","twitter_misc":{"Escrit per":"\u00d2scar Milla","Temps estimat de lectura":"2 minuts"},"schema":{"@context":"https:\/\/schema.org","@graph":[{"@type":"Article","@id":"https:\/\/www.lafarga.com\/corporatiu\/navidad-hospitalet-portada-diciembre\/#article","isPartOf":{"@id":"https:\/\/www.lafarga.com\/corporatiu\/navidad-hospitalet-portada-diciembre\/"},"author":{"name":"\u00d2scar Milla","@id":"https:\/\/www.lafarga.com\/corporatiu\/#\/schema\/person\/70d96fe17d0da1a9c9e80d232bdbcf33"},"headline":"La Navidad en L\u2019Hospitalet, portada de diciembre","datePublished":"2016-12-12T14:26:09+00:00","mainEntityOfPage":{"@id":"https:\/\/www.lafarga.com\/corporatiu\/navidad-hospitalet-portada-diciembre\/"},"wordCount":398,"publisher":{"@id":"https:\/\/www.lafarga.com\/corporatiu\/#organization"},"image":{"@id":"https:\/\/www.lafarga.com\/corporatiu\/navidad-hospitalet-portada-diciembre\/#primaryimage"},"thumbnailUrl":"https:\/\/www.lafarga.com\/corporatiu\/wp-content\/uploads\/2016\/12\/Portada-DiariLH-desembre.jpg","articleSection":["Medios de Comunicaci\u00f3n"],"inLanguage":"ca"},{"@type":"WebPage","@id":"https:\/\/www.lafarga.com\/corporatiu\/navidad-hospitalet-portada-diciembre\/","url":"https:\/\/www.lafarga.com\/corporatiu\/navidad-hospitalet-portada-diciembre\/","name":"La Navidad en L\u2019Hospitalet, portada de diciembre - La Farga Gesti\u00f3n de Equipamientos Municipales, S.A.","isPartOf":{"@id":"https:\/\/www.lafarga.com\/corporatiu\/#website"},"primaryImageOfPage":{"@id":"https:\/\/www.lafarga.com\/corporatiu\/navidad-hospitalet-portada-diciembre\/#primaryimage"},"image":{"@id":"https:\/\/www.lafarga.com\/corporatiu\/navidad-hospitalet-portada-diciembre\/#primaryimage"},"thumbnailUrl":"https:\/\/www.lafarga.com\/corporatiu\/wp-content\/uploads\/2016\/12\/Portada-DiariLH-desembre.jpg","datePublished":"2016-12-12T14:26:09+00:00","description":"La llegada de la Navidad a L'Hospitalet es el tema principal de la edici\u00f3n de diciembre del Diari de L'Hospitalet que ha salido este lunes.","breadcrumb":{"@id":"https:\/\/www.lafarga.com\/corporatiu\/navidad-hospitalet-portada-diciembre\/#breadcrumb"},"inLanguage":"ca","potentialAction":[{"@type":"ReadAction","target":["https:\/\/www.lafarga.com\/corporatiu\/navidad-hospitalet-portada-diciembre\/"]}]},{"@type":"ImageObject","inLanguage":"ca","@id":"https:\/\/www.lafarga.com\/corporatiu\/navidad-hospitalet-portada-diciembre\/#primaryimage","url":"https:\/\/www.lafarga.com\/corporatiu\/wp-content\/uploads\/2016\/12\/Portada-DiariLH-desembre.jpg","contentUrl":"https:\/\/www.lafarga.com\/corporatiu\/wp-content\/uploads\/2016\/12\/Portada-DiariLH-desembre.jpg","width":730,"height":410,"caption":"Diari LH Desembre"},{"@type":"BreadcrumbList","@id":"https:\/\/www.lafarga.com\/corporatiu\/navidad-hospitalet-portada-diciembre\/#breadcrumb","itemListElement":[{"@type":"ListItem","position":1,"name":"Home","item":"https:\/\/www.lafarga.com\/corporatiu\/lafarga-hospitalet-llobregat\/"},{"@type":"ListItem","position":2,"name":"La Navidad en L\u2019Hospitalet, portada de diciembre"}]},{"@type":"WebSite","@id":"https:\/\/www.lafarga.com\/corporatiu\/#website","url":"https:\/\/www.lafarga.com\/corporatiu\/","name":"La Farga Gesti\u00f3 d&#039;Equipaments Municipals, SA","description":"","publisher":{"@id":"https:\/\/www.lafarga.com\/corporatiu\/#organization"},"potentialAction":[{"@type":"SearchAction","target":{"@type":"EntryPoint","urlTemplate":"https:\/\/www.lafarga.com\/corporatiu\/?s={search_term_string}"},"query-input":{"@type":"PropertyValueSpecification","valueRequired":true,"valueName":"search_term_string"}}],"inLanguage":"ca"},{"@type":"Organization","@id":"https:\/\/www.lafarga.com\/corporatiu\/#organization","name":"La Farga Gesti\u00f3 d&#039;Equipaments Municipals, SA","url":"https:\/\/www.lafarga.com\/corporatiu\/","logo":{"@type":"ImageObject","inLanguage":"ca","@id":"https:\/\/www.lafarga.com\/corporatiu\/#\/schema\/logo\/image\/","url":"https:\/\/www.lafarga.com\/corporatiu\/wp-content\/uploads\/2023\/11\/logotipo_lafarga_gemsa.svg","contentUrl":"https:\/\/www.lafarga.com\/corporatiu\/wp-content\/uploads\/2023\/11\/logotipo_lafarga_gemsa.svg","width":102,"height":103,"caption":"La Farga Gesti\u00f3 d&#039;Equipaments Municipals, SA"},"image":{"@id":"https:\/\/www.lafarga.com\/corporatiu\/#\/schema\/logo\/image\/"}},{"@type":"Person","@id":"https:\/\/www.lafarga.com\/corporatiu\/#\/schema\/person\/70d96fe17d0da1a9c9e80d232bdbcf33","name":"\u00d2scar Milla","image":{"@type":"ImageObject","inLanguage":"ca","@id":"https:\/\/secure.gravatar.com\/avatar\/92e75d184f9d5e0e403bd4ad075b080ad258344ddc259adddb579f6a3ba6494f?s=96&d=mm&r=g","url":"https:\/\/secure.gravatar.com\/avatar\/92e75d184f9d5e0e403bd4ad075b080ad258344ddc259adddb579f6a3ba6494f?s=96&d=mm&r=g","contentUrl":"https:\/\/secure.gravatar.com\/avatar\/92e75d184f9d5e0e403bd4ad075b080ad258344ddc259adddb579f6a3ba6494f?s=96&d=mm&r=g","caption":"\u00d2scar Milla"},"url":"https:\/\/www.lafarga.com\/corporatiu\/author\/omilla\/"}]}},"uagb_featured_image_src":{"full":["https:\/\/www.lafarga.com\/corporatiu\/wp-content\/uploads\/2016\/12\/Portada-DiariLH-desembre.jpg",730,410,false],"thumbnail":["https:\/\/www.lafarga.com\/corporatiu\/wp-content\/uploads\/2016\/12\/Portada-DiariLH-desembre-150x150.jpg",150,150,true],"medium":["https:\/\/www.lafarga.com\/corporatiu\/wp-content\/uploads\/2016\/12\/Portada-DiariLH-desembre-300x168.jpg",300,168,true],"medium_large":["https:\/\/www.lafarga.com\/corporatiu\/wp-content\/uploads\/2016\/12\/Portada-DiariLH-desembre.jpg",730,410,false],"large":["https:\/\/www.lafarga.com\/corporatiu\/wp-content\/uploads\/2016\/12\/Portada-DiariLH-desembre.jpg",730,410,false],"1536x1536":["https:\/\/www.lafarga.com\/corporatiu\/wp-content\/uploads\/2016\/12\/Portada-DiariLH-desembre.jpg",730,410,false],"2048x2048":["https:\/\/www.lafarga.com\/corporatiu\/wp-content\/uploads\/2016\/12\/Portada-DiariLH-desembre.jpg",730,410,false],"mailpoet_newsletter_max":["https:\/\/www.lafarga.com\/corporatiu\/wp-content\/uploads\/2016\/12\/Portada-DiariLH-desembre.jpg",730,410,false]},"uagb_author_info":{"display_name":"\u00d2scar Milla","author_link":"https:\/\/www.lafarga.com\/corporatiu\/author\/omilla\/"},"uagb_comment_info":0,"uagb_excerpt":"La llegada de la Navidad a L'Hospitalet es el tema principal de la edici\u00f3n de diciembre del Diari de L'Hospitalet que ha salido este lunes.","_links":{"self":[{"href":"https:\/\/www.lafarga.com\/corporatiu\/wp-json\/wp\/v2\/posts\/9228","targetHints":{"allow":["GET"]}}],"collection":[{"href":"https:\/\/www.lafarga.com\/corporatiu\/wp-json\/wp\/v2\/posts"}],"about":[{"href":"https:\/\/www.lafarga.com\/corporatiu\/wp-json\/wp\/v2\/types\/post"}],"author":[{"embeddable":true,"href":"https:\/\/www.lafarga.com\/corporatiu\/wp-json\/wp\/v2\/users\/5"}],"replies":[{"embeddable":true,"href":"https:\/\/www.lafarga.com\/corporatiu\/wp-json\/wp\/v2\/comments?post=9228"}],"version-history":[{"count":1,"href":"https:\/\/www.lafarga.com\/corporatiu\/wp-json\/wp\/v2\/posts\/9228\/revisions"}],"predecessor-version":[{"id":9229,"href":"https:\/\/www.lafarga.com\/corporatiu\/wp-json\/wp\/v2\/posts\/9228\/revisions\/9229"}],"wp:featuredmedia":[{"embeddable":true,"href":"https:\/\/www.lafarga.com\/corporatiu\/wp-json\/wp\/v2\/media\/9226"}],"wp:attachment":[{"href":"https:\/\/www.lafarga.com\/corporatiu\/wp-json\/wp\/v2\/media?parent=9228"}],"wp:term":[{"taxonomy":"category","embeddable":true,"href":"https:\/\/www.lafarga.com\/corporatiu\/wp-json\/wp\/v2\/categories?post=9228"},{"taxonomy":"post_tag","embeddable":true,"href":"https:\/\/www.lafarga.com\/corporatiu\/wp-json\/wp\/v2\/tags?post=9228"}],"curies":[{"name":"wp","href":"https:\/\/api.w.org\/{rel}","templated":true}]}}