{"id":9205,"date":"2016-12-01T08:24:20","date_gmt":"2016-12-01T08:24:20","guid":{"rendered":"http:\/\/www.lafarga.com\/corporatiu\/?p=9205"},"modified":"2016-12-01T08:38:48","modified_gmt":"2016-12-01T08:38:48","slug":"zoom-in-nuevo-programa-entrevistas-tv-hospitalet","status":"publish","type":"post","link":"https:\/\/www.lafarga.com\/corporatiu\/zoom-in-nuevo-programa-entrevistas-tv-hospitalet\/","title":{"rendered":"\u2018Zoom in\u2019, el programa de entrevistas de TV L\u2019Hospitalet"},"content":{"rendered":"<h5>Manel Esteller y Rosa Sala Rose, primeros protagonistas<\/h5>\n<p>&#8216;Zoom in&#8217; es el nuevo espacio de los Medios de Comunicaci\u00f3n de L&#8217;Hospitalet que se emite por <strong><a href=\"http:\/\/lhdigital.cat\/web\/digital-h\/televisio\" target=\"_blank\">TV L&#8217;Hospitalet<\/a><\/strong>, y en la carta para <strong><a href=\"http:\/\/lhdigital.cat\/web\/digital-h\/\" target=\"_blank\">L&#8217;Hdigital<\/a><\/strong>.<\/p>\n<p>Este programa de conversaciones con personajes locales o con protagonistas de la actualidad es nuevo producto de los Medios de Comunicaci\u00f3n que se presenta con el objetivo de hacer una mirada en profundidad sobre personajes significativos de la ciudad o bien sobre aspectos de la actualidad m\u00e1s pr\u00f3xima de la mano de sus protagonistas.<\/p>\n<p>Este viernes se estrena el segundo &#8216;Zoom in&#8217; donde <strong><a href=\"https:\/\/twitter.com\/PeriodistaL_H\" target=\"_blank\">Enric Gil<\/a><\/strong> entrevista Rosa Sala Rose, fil\u00f3loga, germanista e investigadora, autora del trabajo sobre las redes de evasi\u00f3n de los jud\u00edos a trav\u00e9s de los Pirineos durante la Segunda Guerra Mundial.<\/p>\n<p>Rosa Sala Rose puso L&#8217;Hospitalet en el mapa de estas redes de evasi\u00f3n, y tambi\u00e9n en el de la fuga de oficiales nazis despu\u00e9s de la derrota. Pero adem\u00e1s, el programa revelar\u00e1 en EXCLUSIVA un documento que vincula L&#8217;Hospitalet con una red de nazis activa en 1947. &#8216;Zoom in&#8217; se estrena este viernes, 2 de diciembre, a las 21.30h y de nuevo se emitir\u00e1 el s\u00e1bado y el domingo a la misma hora.<\/p>\n<p>El primer &#8216;Zoom in&#8217; de TV L&#8217;Hospitalet fue una interesante entrevista de la veterana periodista <strong><a href=\"https:\/\/twitter.com\/Margaridasole\" target=\"_blank\">Marga Sol\u00e9<\/a><\/strong> al doctor Manel Esteller, director del programa de Epigen\u00e9tica y Biolog\u00eda del C\u00e1ncer en el Instituto Idibell de Bellvitge. Aqu\u00ed la pod\u00e9is ver de nuevo:<\/p>\n<p><object data=\"http:\/\/releases.flowplayer.org\/swf\/flowplayer-3.2.16.swf\" type=\"application\/x-shockwave-flash\" width=\"490\" height=\"275\"><param name=\"movie\" value=\"http:\/\/releases.flowplayer.org\/swf\/flowplayer-3.2.16.swf\" \/><param name=\"allowfullscreen\" value=\"true\" \/><param name=\"allowscriptaccess\" value=\"always\" \/><param name=\"flashvars\" value=\"config={&quot;clip&quot;:{&quot;url&quot;:&quot;http%3A%2F%2Flhdigital.cat%2Fvideos_2016%2Fnoticies%2FZOOMIN%2001%20-%20MANEL%20ESTELLER.mp4%3Ft%3D1480575243710&quot;},&quot;playlist&quot;:[{&quot;url&quot;:&quot;http%3A%2F%2Flhdigital.cat%2Fvideos_2016%2Fnoticies%2FZOOMIN%2001%20-%20MANEL%20ESTELLER.mp4%3Ft%3D1480575243710&quot;}]}\" \/><\/object><\/p>\n","protected":false},"excerpt":{"rendered":"<p>&#8216;Zoom in&#8217; es el nuevo espacio de los Medios de Comunicaci\u00f3n de L&#8217;Hospitalet que se emite por TV L&#8217;Hospitalet, y en la carta para L&#8217;Hdigital.<\/p>\n","protected":false},"author":5,"featured_media":9203,"comment_status":"closed","ping_status":"closed","sticky":false,"template":"","format":"standard","meta":{"inline_featured_image":false,"_uag_custom_page_level_css":"","_monsterinsights_skip_tracking":false,"_monsterinsights_sitenote_active":false,"_monsterinsights_sitenote_note":"","_monsterinsights_sitenote_category":0,"site-sidebar-layout":"default","site-content-layout":"","ast-site-content-layout":"default","site-content-style":"default","site-sidebar-style":"default","ast-global-header-display":"","ast-banner-title-visibility":"","ast-main-header-display":"","ast-hfb-above-header-display":"","ast-hfb-below-header-display":"","ast-hfb-mobile-header-display":"","site-post-title":"","ast-breadcrumbs-content":"","ast-featured-img":"","footer-sml-layout":"","ast-disable-related-posts":"","theme-transparent-header-meta":"","adv-header-id-meta":"","stick-header-meta":"","header-above-stick-meta":"","header-main-stick-meta":"","header-below-stick-meta":"","astra-migrate-meta-layouts":"default","ast-page-background-enabled":"default","ast-page-background-meta":{"desktop":{"background-color":"var(--ast-global-color-4)","background-image":"","background-repeat":"repeat","background-position":"center center","background-size":"auto","background-attachment":"scroll","background-type":"","background-media":"","overlay-type":"","overlay-color":"","overlay-opacity":"","overlay-gradient":""},"tablet":{"background-color":"","background-image":"","background-repeat":"repeat","background-position":"center center","background-size":"auto","background-attachment":"scroll","background-type":"","background-media":"","overlay-type":"","overlay-color":"","overlay-opacity":"","overlay-gradient":""},"mobile":{"background-color":"","background-image":"","background-repeat":"repeat","background-position":"center center","background-size":"auto","background-attachment":"scroll","background-type":"","background-media":"","overlay-type":"","overlay-color":"","overlay-opacity":"","overlay-gradient":""}},"ast-content-background-meta":{"desktop":{"background-color":"var(--ast-global-color-5)","background-image":"","background-repeat":"repeat","background-position":"center center","background-size":"auto","background-attachment":"scroll","background-type":"","background-media":"","overlay-type":"","overlay-color":"","overlay-opacity":"","overlay-gradient":""},"tablet":{"background-color":"var(--ast-global-color-5)","background-image":"","background-repeat":"repeat","background-position":"center center","background-size":"auto","background-attachment":"scroll","background-type":"","background-media":"","overlay-type":"","overlay-color":"","overlay-opacity":"","overlay-gradient":""},"mobile":{"background-color":"var(--ast-global-color-5)","background-image":"","background-repeat":"repeat","background-position":"center center","background-size":"auto","background-attachment":"scroll","background-type":"","background-media":"","overlay-type":"","overlay-color":"","overlay-opacity":"","overlay-gradient":""}},"footnotes":""},"categories":[81],"tags":[],"class_list":["post-9205","post","type-post","status-publish","format-standard","has-post-thumbnail","hentry","category-medios-comunicacion"],"yoast_head":"<!-- This site is optimized with the Yoast SEO plugin v27.4 - https:\/\/yoast.com\/product\/yoast-seo-wordpress\/ -->\n<title>\u2018Zoom in\u2019, el programa de entrevistas de TV L\u2019Hospitalet - La Farga Gesti\u00f3n de Equipamientos Municipales, S.A.<\/title>\n<meta name=\"description\" content=\"Zoom in \u00e9s el nou espai dels Mitjans de Comunicaci\u00f3 de L&#039;Hospitalet que s&#039;emet per TV L&#039;Hospitalet, i a la carta per L&#039;Hdigital.\" \/>\n<meta name=\"robots\" content=\"index, follow, max-snippet:-1, max-image-preview:large, max-video-preview:-1\" \/>\n<link rel=\"canonical\" href=\"https:\/\/www.lafarga.com\/corporatiu\/zoom-in-nuevo-programa-entrevistas-tv-hospitalet\/\" \/>\n<meta property=\"og:locale\" content=\"ca_ES\" \/>\n<meta property=\"og:type\" content=\"article\" \/>\n<meta property=\"og:title\" content=\"\u2018Zoom in\u2019, el programa de entrevistas de TV L\u2019Hospitalet - La Farga Gesti\u00f3n de Equipamientos Municipales, S.A.\" \/>\n<meta property=\"og:description\" content=\"Zoom in \u00e9s el nou espai dels Mitjans de Comunicaci\u00f3 de L&#039;Hospitalet que s&#039;emet per TV L&#039;Hospitalet, i a la carta per L&#039;Hdigital.\" \/>\n<meta property=\"og:url\" content=\"https:\/\/www.lafarga.com\/corporatiu\/zoom-in-nuevo-programa-entrevistas-tv-hospitalet\/\" \/>\n<meta property=\"og:site_name\" content=\"La Farga Gesti\u00f3n de Equipamientos Municipales, S.A.\" \/>\n<meta property=\"article:published_time\" content=\"2016-12-01T08:24:20+00:00\" \/>\n<meta property=\"article:modified_time\" content=\"2016-12-01T08:38:48+00:00\" \/>\n<meta property=\"og:image\" content=\"https:\/\/www.lafarga.com\/corporatiu\/wp-content\/uploads\/2016\/12\/ZoomIN-Farga.jpg\" \/>\n\t<meta property=\"og:image:width\" content=\"730\" \/>\n\t<meta property=\"og:image:height\" content=\"410\" \/>\n\t<meta property=\"og:image:type\" content=\"image\/jpeg\" \/>\n<meta name=\"author\" content=\"\u00d2scar Milla\" \/>\n<meta name=\"twitter:label1\" content=\"Escrit per\" \/>\n\t<meta name=\"twitter:data1\" content=\"\u00d2scar Milla\" \/>\n\t<meta name=\"twitter:label2\" content=\"Temps estimat de lectura\" \/>\n\t<meta name=\"twitter:data2\" content=\"1 minut\" \/>\n<script type=\"application\/ld+json\" class=\"yoast-schema-graph\">{\"@context\":\"https:\\\/\\\/schema.org\",\"@graph\":[{\"@type\":\"Article\",\"@id\":\"https:\\\/\\\/www.lafarga.com\\\/corporatiu\\\/zoom-in-nuevo-programa-entrevistas-tv-hospitalet\\\/#article\",\"isPartOf\":{\"@id\":\"https:\\\/\\\/www.lafarga.com\\\/corporatiu\\\/zoom-in-nuevo-programa-entrevistas-tv-hospitalet\\\/\"},\"author\":{\"name\":\"\u00d2scar Milla\",\"@id\":\"https:\\\/\\\/www.lafarga.com\\\/corporatiu\\\/#\\\/schema\\\/person\\\/70d96fe17d0da1a9c9e80d232bdbcf33\"},\"headline\":\"\u2018Zoom in\u2019, el programa de entrevistas de TV L\u2019Hospitalet\",\"datePublished\":\"2016-12-01T08:24:20+00:00\",\"dateModified\":\"2016-12-01T08:38:48+00:00\",\"mainEntityOfPage\":{\"@id\":\"https:\\\/\\\/www.lafarga.com\\\/corporatiu\\\/zoom-in-nuevo-programa-entrevistas-tv-hospitalet\\\/\"},\"wordCount\":273,\"publisher\":{\"@id\":\"https:\\\/\\\/www.lafarga.com\\\/corporatiu\\\/#organization\"},\"image\":{\"@id\":\"https:\\\/\\\/www.lafarga.com\\\/corporatiu\\\/zoom-in-nuevo-programa-entrevistas-tv-hospitalet\\\/#primaryimage\"},\"thumbnailUrl\":\"https:\\\/\\\/www.lafarga.com\\\/corporatiu\\\/wp-content\\\/uploads\\\/2016\\\/12\\\/ZoomIN-Farga.jpg\",\"articleSection\":[\"Medios de Comunicaci\u00f3n\"],\"inLanguage\":\"ca\"},{\"@type\":\"WebPage\",\"@id\":\"https:\\\/\\\/www.lafarga.com\\\/corporatiu\\\/zoom-in-nuevo-programa-entrevistas-tv-hospitalet\\\/\",\"url\":\"https:\\\/\\\/www.lafarga.com\\\/corporatiu\\\/zoom-in-nuevo-programa-entrevistas-tv-hospitalet\\\/\",\"name\":\"\u2018Zoom in\u2019, el programa de entrevistas de TV L\u2019Hospitalet - La Farga Gesti\u00f3n de Equipamientos Municipales, S.A.\",\"isPartOf\":{\"@id\":\"https:\\\/\\\/www.lafarga.com\\\/corporatiu\\\/#website\"},\"primaryImageOfPage\":{\"@id\":\"https:\\\/\\\/www.lafarga.com\\\/corporatiu\\\/zoom-in-nuevo-programa-entrevistas-tv-hospitalet\\\/#primaryimage\"},\"image\":{\"@id\":\"https:\\\/\\\/www.lafarga.com\\\/corporatiu\\\/zoom-in-nuevo-programa-entrevistas-tv-hospitalet\\\/#primaryimage\"},\"thumbnailUrl\":\"https:\\\/\\\/www.lafarga.com\\\/corporatiu\\\/wp-content\\\/uploads\\\/2016\\\/12\\\/ZoomIN-Farga.jpg\",\"datePublished\":\"2016-12-01T08:24:20+00:00\",\"dateModified\":\"2016-12-01T08:38:48+00:00\",\"description\":\"Zoom in \u00e9s el nou espai dels Mitjans de Comunicaci\u00f3 de L'Hospitalet que s'emet per TV L'Hospitalet, i a la carta per L'Hdigital.\",\"breadcrumb\":{\"@id\":\"https:\\\/\\\/www.lafarga.com\\\/corporatiu\\\/zoom-in-nuevo-programa-entrevistas-tv-hospitalet\\\/#breadcrumb\"},\"inLanguage\":\"ca\",\"potentialAction\":[{\"@type\":\"ReadAction\",\"target\":[\"https:\\\/\\\/www.lafarga.com\\\/corporatiu\\\/zoom-in-nuevo-programa-entrevistas-tv-hospitalet\\\/\"]}]},{\"@type\":\"ImageObject\",\"inLanguage\":\"ca\",\"@id\":\"https:\\\/\\\/www.lafarga.com\\\/corporatiu\\\/zoom-in-nuevo-programa-entrevistas-tv-hospitalet\\\/#primaryimage\",\"url\":\"https:\\\/\\\/www.lafarga.com\\\/corporatiu\\\/wp-content\\\/uploads\\\/2016\\\/12\\\/ZoomIN-Farga.jpg\",\"contentUrl\":\"https:\\\/\\\/www.lafarga.com\\\/corporatiu\\\/wp-content\\\/uploads\\\/2016\\\/12\\\/ZoomIN-Farga.jpg\",\"width\":730,\"height\":410,\"caption\":\"Zoom In Farga\"},{\"@type\":\"BreadcrumbList\",\"@id\":\"https:\\\/\\\/www.lafarga.com\\\/corporatiu\\\/zoom-in-nuevo-programa-entrevistas-tv-hospitalet\\\/#breadcrumb\",\"itemListElement\":[{\"@type\":\"ListItem\",\"position\":1,\"name\":\"Home\",\"item\":\"https:\\\/\\\/www.lafarga.com\\\/corporatiu\\\/lafarga-hospitalet-llobregat\\\/\"},{\"@type\":\"ListItem\",\"position\":2,\"name\":\"\u2018Zoom in\u2019, el programa de entrevistas de TV L\u2019Hospitalet\"}]},{\"@type\":\"WebSite\",\"@id\":\"https:\\\/\\\/www.lafarga.com\\\/corporatiu\\\/#website\",\"url\":\"https:\\\/\\\/www.lafarga.com\\\/corporatiu\\\/\",\"name\":\"La Farga Gesti\u00f3 d&#039;Equipaments Municipals, SA\",\"description\":\"\",\"publisher\":{\"@id\":\"https:\\\/\\\/www.lafarga.com\\\/corporatiu\\\/#organization\"},\"potentialAction\":[{\"@type\":\"SearchAction\",\"target\":{\"@type\":\"EntryPoint\",\"urlTemplate\":\"https:\\\/\\\/www.lafarga.com\\\/corporatiu\\\/?s={search_term_string}\"},\"query-input\":{\"@type\":\"PropertyValueSpecification\",\"valueRequired\":true,\"valueName\":\"search_term_string\"}}],\"inLanguage\":\"ca\"},{\"@type\":\"Organization\",\"@id\":\"https:\\\/\\\/www.lafarga.com\\\/corporatiu\\\/#organization\",\"name\":\"La Farga Gesti\u00f3 d&#039;Equipaments Municipals, SA\",\"url\":\"https:\\\/\\\/www.lafarga.com\\\/corporatiu\\\/\",\"logo\":{\"@type\":\"ImageObject\",\"inLanguage\":\"ca\",\"@id\":\"https:\\\/\\\/www.lafarga.com\\\/corporatiu\\\/#\\\/schema\\\/logo\\\/image\\\/\",\"url\":\"https:\\\/\\\/www.lafarga.com\\\/corporatiu\\\/wp-content\\\/uploads\\\/2023\\\/11\\\/logotipo_lafarga_gemsa.svg\",\"contentUrl\":\"https:\\\/\\\/www.lafarga.com\\\/corporatiu\\\/wp-content\\\/uploads\\\/2023\\\/11\\\/logotipo_lafarga_gemsa.svg\",\"width\":102,\"height\":103,\"caption\":\"La Farga Gesti\u00f3 d&#039;Equipaments Municipals, SA\"},\"image\":{\"@id\":\"https:\\\/\\\/www.lafarga.com\\\/corporatiu\\\/#\\\/schema\\\/logo\\\/image\\\/\"}},{\"@type\":\"Person\",\"@id\":\"https:\\\/\\\/www.lafarga.com\\\/corporatiu\\\/#\\\/schema\\\/person\\\/70d96fe17d0da1a9c9e80d232bdbcf33\",\"name\":\"\u00d2scar Milla\",\"image\":{\"@type\":\"ImageObject\",\"inLanguage\":\"ca\",\"@id\":\"https:\\\/\\\/secure.gravatar.com\\\/avatar\\\/92e75d184f9d5e0e403bd4ad075b080ad258344ddc259adddb579f6a3ba6494f?s=96&d=mm&r=g\",\"url\":\"https:\\\/\\\/secure.gravatar.com\\\/avatar\\\/92e75d184f9d5e0e403bd4ad075b080ad258344ddc259adddb579f6a3ba6494f?s=96&d=mm&r=g\",\"contentUrl\":\"https:\\\/\\\/secure.gravatar.com\\\/avatar\\\/92e75d184f9d5e0e403bd4ad075b080ad258344ddc259adddb579f6a3ba6494f?s=96&d=mm&r=g\",\"caption\":\"\u00d2scar Milla\"},\"url\":\"https:\\\/\\\/www.lafarga.com\\\/corporatiu\\\/author\\\/omilla\\\/\"}]}<\/script>\n<!-- \/ Yoast SEO plugin. -->","yoast_head_json":{"title":"\u2018Zoom in\u2019, el programa de entrevistas de TV L\u2019Hospitalet - La Farga Gesti\u00f3n de Equipamientos Municipales, S.A.","description":"Zoom in \u00e9s el nou espai dels Mitjans de Comunicaci\u00f3 de L'Hospitalet que s'emet per TV L'Hospitalet, i a la carta per L'Hdigital.","robots":{"index":"index","follow":"follow","max-snippet":"max-snippet:-1","max-image-preview":"max-image-preview:large","max-video-preview":"max-video-preview:-1"},"canonical":"https:\/\/www.lafarga.com\/corporatiu\/zoom-in-nuevo-programa-entrevistas-tv-hospitalet\/","og_locale":"ca_ES","og_type":"article","og_title":"\u2018Zoom in\u2019, el programa de entrevistas de TV L\u2019Hospitalet - La Farga Gesti\u00f3n de Equipamientos Municipales, S.A.","og_description":"Zoom in \u00e9s el nou espai dels Mitjans de Comunicaci\u00f3 de L'Hospitalet que s'emet per TV L'Hospitalet, i a la carta per L'Hdigital.","og_url":"https:\/\/www.lafarga.com\/corporatiu\/zoom-in-nuevo-programa-entrevistas-tv-hospitalet\/","og_site_name":"La Farga Gesti\u00f3n de Equipamientos Municipales, S.A.","article_published_time":"2016-12-01T08:24:20+00:00","article_modified_time":"2016-12-01T08:38:48+00:00","og_image":[{"width":730,"height":410,"url":"https:\/\/www.lafarga.com\/corporatiu\/wp-content\/uploads\/2016\/12\/ZoomIN-Farga.jpg","type":"image\/jpeg"}],"author":"\u00d2scar Milla","twitter_misc":{"Escrit per":"\u00d2scar Milla","Temps estimat de lectura":"1 minut"},"schema":{"@context":"https:\/\/schema.org","@graph":[{"@type":"Article","@id":"https:\/\/www.lafarga.com\/corporatiu\/zoom-in-nuevo-programa-entrevistas-tv-hospitalet\/#article","isPartOf":{"@id":"https:\/\/www.lafarga.com\/corporatiu\/zoom-in-nuevo-programa-entrevistas-tv-hospitalet\/"},"author":{"name":"\u00d2scar Milla","@id":"https:\/\/www.lafarga.com\/corporatiu\/#\/schema\/person\/70d96fe17d0da1a9c9e80d232bdbcf33"},"headline":"\u2018Zoom in\u2019, el programa de entrevistas de TV L\u2019Hospitalet","datePublished":"2016-12-01T08:24:20+00:00","dateModified":"2016-12-01T08:38:48+00:00","mainEntityOfPage":{"@id":"https:\/\/www.lafarga.com\/corporatiu\/zoom-in-nuevo-programa-entrevistas-tv-hospitalet\/"},"wordCount":273,"publisher":{"@id":"https:\/\/www.lafarga.com\/corporatiu\/#organization"},"image":{"@id":"https:\/\/www.lafarga.com\/corporatiu\/zoom-in-nuevo-programa-entrevistas-tv-hospitalet\/#primaryimage"},"thumbnailUrl":"https:\/\/www.lafarga.com\/corporatiu\/wp-content\/uploads\/2016\/12\/ZoomIN-Farga.jpg","articleSection":["Medios de Comunicaci\u00f3n"],"inLanguage":"ca"},{"@type":"WebPage","@id":"https:\/\/www.lafarga.com\/corporatiu\/zoom-in-nuevo-programa-entrevistas-tv-hospitalet\/","url":"https:\/\/www.lafarga.com\/corporatiu\/zoom-in-nuevo-programa-entrevistas-tv-hospitalet\/","name":"\u2018Zoom in\u2019, el programa de entrevistas de TV L\u2019Hospitalet - La Farga Gesti\u00f3n de Equipamientos Municipales, S.A.","isPartOf":{"@id":"https:\/\/www.lafarga.com\/corporatiu\/#website"},"primaryImageOfPage":{"@id":"https:\/\/www.lafarga.com\/corporatiu\/zoom-in-nuevo-programa-entrevistas-tv-hospitalet\/#primaryimage"},"image":{"@id":"https:\/\/www.lafarga.com\/corporatiu\/zoom-in-nuevo-programa-entrevistas-tv-hospitalet\/#primaryimage"},"thumbnailUrl":"https:\/\/www.lafarga.com\/corporatiu\/wp-content\/uploads\/2016\/12\/ZoomIN-Farga.jpg","datePublished":"2016-12-01T08:24:20+00:00","dateModified":"2016-12-01T08:38:48+00:00","description":"Zoom in \u00e9s el nou espai dels Mitjans de Comunicaci\u00f3 de L'Hospitalet que s'emet per TV L'Hospitalet, i a la carta per L'Hdigital.","breadcrumb":{"@id":"https:\/\/www.lafarga.com\/corporatiu\/zoom-in-nuevo-programa-entrevistas-tv-hospitalet\/#breadcrumb"},"inLanguage":"ca","potentialAction":[{"@type":"ReadAction","target":["https:\/\/www.lafarga.com\/corporatiu\/zoom-in-nuevo-programa-entrevistas-tv-hospitalet\/"]}]},{"@type":"ImageObject","inLanguage":"ca","@id":"https:\/\/www.lafarga.com\/corporatiu\/zoom-in-nuevo-programa-entrevistas-tv-hospitalet\/#primaryimage","url":"https:\/\/www.lafarga.com\/corporatiu\/wp-content\/uploads\/2016\/12\/ZoomIN-Farga.jpg","contentUrl":"https:\/\/www.lafarga.com\/corporatiu\/wp-content\/uploads\/2016\/12\/ZoomIN-Farga.jpg","width":730,"height":410,"caption":"Zoom In Farga"},{"@type":"BreadcrumbList","@id":"https:\/\/www.lafarga.com\/corporatiu\/zoom-in-nuevo-programa-entrevistas-tv-hospitalet\/#breadcrumb","itemListElement":[{"@type":"ListItem","position":1,"name":"Home","item":"https:\/\/www.lafarga.com\/corporatiu\/lafarga-hospitalet-llobregat\/"},{"@type":"ListItem","position":2,"name":"\u2018Zoom in\u2019, el programa de entrevistas de TV L\u2019Hospitalet"}]},{"@type":"WebSite","@id":"https:\/\/www.lafarga.com\/corporatiu\/#website","url":"https:\/\/www.lafarga.com\/corporatiu\/","name":"La Farga Gesti\u00f3 d&#039;Equipaments Municipals, SA","description":"","publisher":{"@id":"https:\/\/www.lafarga.com\/corporatiu\/#organization"},"potentialAction":[{"@type":"SearchAction","target":{"@type":"EntryPoint","urlTemplate":"https:\/\/www.lafarga.com\/corporatiu\/?s={search_term_string}"},"query-input":{"@type":"PropertyValueSpecification","valueRequired":true,"valueName":"search_term_string"}}],"inLanguage":"ca"},{"@type":"Organization","@id":"https:\/\/www.lafarga.com\/corporatiu\/#organization","name":"La Farga Gesti\u00f3 d&#039;Equipaments Municipals, SA","url":"https:\/\/www.lafarga.com\/corporatiu\/","logo":{"@type":"ImageObject","inLanguage":"ca","@id":"https:\/\/www.lafarga.com\/corporatiu\/#\/schema\/logo\/image\/","url":"https:\/\/www.lafarga.com\/corporatiu\/wp-content\/uploads\/2023\/11\/logotipo_lafarga_gemsa.svg","contentUrl":"https:\/\/www.lafarga.com\/corporatiu\/wp-content\/uploads\/2023\/11\/logotipo_lafarga_gemsa.svg","width":102,"height":103,"caption":"La Farga Gesti\u00f3 d&#039;Equipaments Municipals, SA"},"image":{"@id":"https:\/\/www.lafarga.com\/corporatiu\/#\/schema\/logo\/image\/"}},{"@type":"Person","@id":"https:\/\/www.lafarga.com\/corporatiu\/#\/schema\/person\/70d96fe17d0da1a9c9e80d232bdbcf33","name":"\u00d2scar Milla","image":{"@type":"ImageObject","inLanguage":"ca","@id":"https:\/\/secure.gravatar.com\/avatar\/92e75d184f9d5e0e403bd4ad075b080ad258344ddc259adddb579f6a3ba6494f?s=96&d=mm&r=g","url":"https:\/\/secure.gravatar.com\/avatar\/92e75d184f9d5e0e403bd4ad075b080ad258344ddc259adddb579f6a3ba6494f?s=96&d=mm&r=g","contentUrl":"https:\/\/secure.gravatar.com\/avatar\/92e75d184f9d5e0e403bd4ad075b080ad258344ddc259adddb579f6a3ba6494f?s=96&d=mm&r=g","caption":"\u00d2scar Milla"},"url":"https:\/\/www.lafarga.com\/corporatiu\/author\/omilla\/"}]}},"uagb_featured_image_src":{"full":["https:\/\/www.lafarga.com\/corporatiu\/wp-content\/uploads\/2016\/12\/ZoomIN-Farga.jpg",730,410,false],"thumbnail":["https:\/\/www.lafarga.com\/corporatiu\/wp-content\/uploads\/2016\/12\/ZoomIN-Farga-150x150.jpg",150,150,true],"medium":["https:\/\/www.lafarga.com\/corporatiu\/wp-content\/uploads\/2016\/12\/ZoomIN-Farga-300x168.jpg",300,168,true],"medium_large":["https:\/\/www.lafarga.com\/corporatiu\/wp-content\/uploads\/2016\/12\/ZoomIN-Farga.jpg",730,410,false],"large":["https:\/\/www.lafarga.com\/corporatiu\/wp-content\/uploads\/2016\/12\/ZoomIN-Farga.jpg",730,410,false],"1536x1536":["https:\/\/www.lafarga.com\/corporatiu\/wp-content\/uploads\/2016\/12\/ZoomIN-Farga.jpg",730,410,false],"2048x2048":["https:\/\/www.lafarga.com\/corporatiu\/wp-content\/uploads\/2016\/12\/ZoomIN-Farga.jpg",730,410,false],"mailpoet_newsletter_max":["https:\/\/www.lafarga.com\/corporatiu\/wp-content\/uploads\/2016\/12\/ZoomIN-Farga.jpg",730,410,false]},"uagb_author_info":{"display_name":"\u00d2scar Milla","author_link":"https:\/\/www.lafarga.com\/corporatiu\/author\/omilla\/"},"uagb_comment_info":0,"uagb_excerpt":"'Zoom in' es el nuevo espacio de los Medios de Comunicaci\u00f3n de L'Hospitalet que se emite por TV L'Hospitalet, y en la carta para L'Hdigital.","_links":{"self":[{"href":"https:\/\/www.lafarga.com\/corporatiu\/wp-json\/wp\/v2\/posts\/9205","targetHints":{"allow":["GET"]}}],"collection":[{"href":"https:\/\/www.lafarga.com\/corporatiu\/wp-json\/wp\/v2\/posts"}],"about":[{"href":"https:\/\/www.lafarga.com\/corporatiu\/wp-json\/wp\/v2\/types\/post"}],"author":[{"embeddable":true,"href":"https:\/\/www.lafarga.com\/corporatiu\/wp-json\/wp\/v2\/users\/5"}],"replies":[{"embeddable":true,"href":"https:\/\/www.lafarga.com\/corporatiu\/wp-json\/wp\/v2\/comments?post=9205"}],"version-history":[{"count":5,"href":"https:\/\/www.lafarga.com\/corporatiu\/wp-json\/wp\/v2\/posts\/9205\/revisions"}],"predecessor-version":[{"id":9212,"href":"https:\/\/www.lafarga.com\/corporatiu\/wp-json\/wp\/v2\/posts\/9205\/revisions\/9212"}],"wp:featuredmedia":[{"embeddable":true,"href":"https:\/\/www.lafarga.com\/corporatiu\/wp-json\/wp\/v2\/media\/9203"}],"wp:attachment":[{"href":"https:\/\/www.lafarga.com\/corporatiu\/wp-json\/wp\/v2\/media?parent=9205"}],"wp:term":[{"taxonomy":"category","embeddable":true,"href":"https:\/\/www.lafarga.com\/corporatiu\/wp-json\/wp\/v2\/categories?post=9205"},{"taxonomy":"post_tag","embeddable":true,"href":"https:\/\/www.lafarga.com\/corporatiu\/wp-json\/wp\/v2\/tags?post=9205"}],"curies":[{"name":"wp","href":"https:\/\/api.w.org\/{rel}","templated":true}]}}