{"id":9104,"date":"2016-11-14T15:47:15","date_gmt":"2016-11-14T15:47:15","guid":{"rendered":"http:\/\/www.lafarga.com\/corporatiu\/?p=9104"},"modified":"2016-11-14T15:53:12","modified_gmt":"2016-11-14T15:53:12","slug":"noves-mesures-per-ordenar-lespai-public-en-portada","status":"publish","type":"post","link":"https:\/\/www.lafarga.com\/corporatiu\/noves-mesures-per-ordenar-lespai-public-en-portada\/","title":{"rendered":"Noves mesures per ordenar l&#8217;espai p\u00fablic, en portada"},"content":{"rendered":"<h5>Edici\u00f3 n\u00famero 317<\/h5>\n<p>Les noves mesures per ordenar l\u2019espai p\u00fablic de L\u2019Hospitalet \u00e9s la principal not\u00edcia de portada del <strong><a href=\"http:\/\/lhdigital.cat\/web\/diari\/diari-l-h\" target=\"_blank\">Diari de L\u2019Hospitalet<\/a><\/strong> que ha sortit aquest dilluns.<\/p>\n<p>Tota la informaci\u00f3 sobre el pla de xoc de neteja integral als barris i l\u2019elaboraci\u00f3 de les noves ordenances participatives per a 2017, sobre tinen\u00e7a d\u2019animals i terrasses d\u2019establiments de restauraci\u00f3 s\u00f3n els temes d\u2019obertura de l\u2019edici\u00f3 317 del rotatiu hospitalenc.<\/p>\n<p>Tamb\u00e9 a la portada, amb fotografia destacada, trobem la signatura per al Pacte local per l\u2019Educaci\u00f3 de L\u2019Hospitalet, que ha aplegat m\u00e9s de 100 adhesions.<\/p>\n<p>Altres q\u00fcestions del Diari de novembre s\u00f3n que el terme municipal de L\u2019Hospitalet guanya una part de la llera del riu Llobregat, que la ciutat instaura el Dia de la Mem\u00f2ria Democr\u00e0tica (en p\u00e0gines centrals) i una entrevista amb el doctor Manel Esteller, investigador de l\u2019Idibell, recentment guardonat amb el premi Internacional Catalunya i la medalla d\u2019or del Parlament.<\/p>\n<p>En p\u00e0gines interiors, i pel que fa a serveis que presta La Farga Gesti\u00f3 d\u2019Equipaments Municipals, trobem que l\u2019any 2017 la ciutat disposar\u00e0 de <strong><a href=\"https:\/\/www.lafarga.com\/corporatiu\/renovacio-parquimetres-ciutat\/\" target=\"_blank\">nous parqu\u00edmetres amb control a dist\u00e0ncia i pagament amb targeta<\/a><\/strong>.<\/p>\n<p>El Diari tamb\u00e9 informa que s\u2019ha posat punt i final a la Setmana de la Solidaritat amb 26.730\u20ac recaptats, 8.900 dels quals durant el concert <strong><a href=\"http:\/\/www.lafargalhospitalet.com\/farga-plena-vessar-vibra-mejor-aqui-y-alli\/\" target=\"_blank\">\u201cLo Mejor de Aqu\u00ed y de Alli\u201d, celebrat a La Farga Centre d\u2019Activitats<\/a><\/strong>.<\/p>\n<p>En l\u2019apartat cultural trobem la celebraci\u00f3 liter\u00e0ria de la Nit de Sant Ll\u00facia, que organitzar\u00e0 \u00d2mnium Cultural a L\u2019Hospitalet.\u00a0Pel que fa als esports destaca el reconeixement fet als esportistes locals durant la celebraci\u00f3 de la Nit de l\u2019Esport.<\/p>\n<p>El Diari de L\u2019Hospitalet, amb 105.00 exemplars distribu\u00efts a les llars de la ciutat, \u00e9s un mitj\u00e0 de comunicaci\u00f3 editat per La Farga GEM, SA.<\/p>\n<p>El Diari tamb\u00e9 el podeu consultar en la seva versi\u00f3 digital a trav\u00e9s d&#8217;aquest <strong><a href=\"http:\/\/lhdigital.cat\/diarilh_digital\/317\/index.html\" target=\"_blank\">enlla\u00e7<\/a><\/strong>.<\/p>\n","protected":false},"excerpt":{"rendered":"<p>Les noves mesures per ordenar l\u2019espai p\u00fablic de L\u2019Hospitalet \u00e9s la principal not\u00edcia de portada del Diari de L\u2019Hospitalet que ha sortit aquest dilluns.<\/p>\n","protected":false},"author":5,"featured_media":9105,"comment_status":"closed","ping_status":"closed","sticky":false,"template":"","format":"standard","meta":{"inline_featured_image":false,"_uag_custom_page_level_css":"","_monsterinsights_skip_tracking":false,"_monsterinsights_sitenote_active":false,"_monsterinsights_sitenote_note":"","_monsterinsights_sitenote_category":0,"site-sidebar-layout":"default","site-content-layout":"","ast-site-content-layout":"default","site-content-style":"default","site-sidebar-style":"default","ast-global-header-display":"","ast-banner-title-visibility":"","ast-main-header-display":"","ast-hfb-above-header-display":"","ast-hfb-below-header-display":"","ast-hfb-mobile-header-display":"","site-post-title":"","ast-breadcrumbs-content":"","ast-featured-img":"","footer-sml-layout":"","ast-disable-related-posts":"","theme-transparent-header-meta":"","adv-header-id-meta":"","stick-header-meta":"","header-above-stick-meta":"","header-main-stick-meta":"","header-below-stick-meta":"","astra-migrate-meta-layouts":"default","ast-page-background-enabled":"default","ast-page-background-meta":{"desktop":{"background-color":"var(--ast-global-color-4)","background-image":"","background-repeat":"repeat","background-position":"center center","background-size":"auto","background-attachment":"scroll","background-type":"","background-media":"","overlay-type":"","overlay-color":"","overlay-opacity":"","overlay-gradient":""},"tablet":{"background-color":"","background-image":"","background-repeat":"repeat","background-position":"center center","background-size":"auto","background-attachment":"scroll","background-type":"","background-media":"","overlay-type":"","overlay-color":"","overlay-opacity":"","overlay-gradient":""},"mobile":{"background-color":"","background-image":"","background-repeat":"repeat","background-position":"center center","background-size":"auto","background-attachment":"scroll","background-type":"","background-media":"","overlay-type":"","overlay-color":"","overlay-opacity":"","overlay-gradient":""}},"ast-content-background-meta":{"desktop":{"background-color":"var(--ast-global-color-5)","background-image":"","background-repeat":"repeat","background-position":"center center","background-size":"auto","background-attachment":"scroll","background-type":"","background-media":"","overlay-type":"","overlay-color":"","overlay-opacity":"","overlay-gradient":""},"tablet":{"background-color":"var(--ast-global-color-5)","background-image":"","background-repeat":"repeat","background-position":"center center","background-size":"auto","background-attachment":"scroll","background-type":"","background-media":"","overlay-type":"","overlay-color":"","overlay-opacity":"","overlay-gradient":""},"mobile":{"background-color":"var(--ast-global-color-5)","background-image":"","background-repeat":"repeat","background-position":"center center","background-size":"auto","background-attachment":"scroll","background-type":"","background-media":"","overlay-type":"","overlay-color":"","overlay-opacity":"","overlay-gradient":""}},"footnotes":""},"categories":[51],"tags":[],"class_list":["post-9104","post","type-post","status-publish","format-standard","has-post-thumbnail","hentry","category-mitjans-comunicacio"],"yoast_head":"<!-- This site is optimized with the Yoast SEO plugin v27.4 - https:\/\/yoast.com\/product\/yoast-seo-wordpress\/ -->\n<title>Noves mesures per ordenar l&#039;espai p\u00fablic, en portada - La Farga Gesti\u00f3n de Equipamientos Municipales, S.A.<\/title>\n<meta name=\"description\" content=\"Les noves mesures per ordenar l\u2019espai p\u00fablic de L\u2019Hospitalet \u00e9s la principal not\u00edcia de portada del Diari de L\u2019Hospitalet que ha sortit aquest dilluns.\" \/>\n<meta name=\"robots\" content=\"index, follow, max-snippet:-1, max-image-preview:large, max-video-preview:-1\" \/>\n<link rel=\"canonical\" href=\"https:\/\/www.lafarga.com\/corporatiu\/noves-mesures-per-ordenar-lespai-public-en-portada\/\" \/>\n<meta property=\"og:locale\" content=\"ca_ES\" \/>\n<meta property=\"og:type\" content=\"article\" \/>\n<meta property=\"og:title\" content=\"Noves mesures per ordenar l&#039;espai p\u00fablic, en portada - La Farga Gesti\u00f3n de Equipamientos Municipales, S.A.\" \/>\n<meta property=\"og:description\" content=\"Les noves mesures per ordenar l\u2019espai p\u00fablic de L\u2019Hospitalet \u00e9s la principal not\u00edcia de portada del Diari de L\u2019Hospitalet que ha sortit aquest dilluns.\" \/>\n<meta property=\"og:url\" content=\"https:\/\/www.lafarga.com\/corporatiu\/noves-mesures-per-ordenar-lespai-public-en-portada\/\" \/>\n<meta property=\"og:site_name\" content=\"La Farga Gesti\u00f3n de Equipamientos Municipales, S.A.\" \/>\n<meta property=\"article:published_time\" content=\"2016-11-14T15:47:15+00:00\" \/>\n<meta property=\"article:modified_time\" content=\"2016-11-14T15:53:12+00:00\" \/>\n<meta property=\"og:image\" content=\"https:\/\/www.lafarga.com\/corporatiu\/wp-content\/uploads\/2016\/11\/Portada-DiariLH-Novembre-16.jpg\" \/>\n\t<meta property=\"og:image:width\" content=\"730\" \/>\n\t<meta property=\"og:image:height\" content=\"410\" \/>\n\t<meta property=\"og:image:type\" content=\"image\/jpeg\" \/>\n<meta name=\"author\" content=\"\u00d2scar Milla\" \/>\n<meta name=\"twitter:label1\" content=\"Escrit per\" \/>\n\t<meta name=\"twitter:data1\" content=\"\u00d2scar Milla\" \/>\n\t<meta name=\"twitter:label2\" content=\"Temps estimat de lectura\" \/>\n\t<meta name=\"twitter:data2\" content=\"2 minuts\" \/>\n<script type=\"application\/ld+json\" class=\"yoast-schema-graph\">{\"@context\":\"https:\\\/\\\/schema.org\",\"@graph\":[{\"@type\":\"Article\",\"@id\":\"https:\\\/\\\/www.lafarga.com\\\/corporatiu\\\/noves-mesures-per-ordenar-lespai-public-en-portada\\\/#article\",\"isPartOf\":{\"@id\":\"https:\\\/\\\/www.lafarga.com\\\/corporatiu\\\/noves-mesures-per-ordenar-lespai-public-en-portada\\\/\"},\"author\":{\"name\":\"\u00d2scar Milla\",\"@id\":\"https:\\\/\\\/www.lafarga.com\\\/corporatiu\\\/#\\\/schema\\\/person\\\/70d96fe17d0da1a9c9e80d232bdbcf33\"},\"headline\":\"Noves mesures per ordenar l&#8217;espai p\u00fablic, en portada\",\"datePublished\":\"2016-11-14T15:47:15+00:00\",\"dateModified\":\"2016-11-14T15:53:12+00:00\",\"mainEntityOfPage\":{\"@id\":\"https:\\\/\\\/www.lafarga.com\\\/corporatiu\\\/noves-mesures-per-ordenar-lespai-public-en-portada\\\/\"},\"wordCount\":345,\"publisher\":{\"@id\":\"https:\\\/\\\/www.lafarga.com\\\/corporatiu\\\/#organization\"},\"image\":{\"@id\":\"https:\\\/\\\/www.lafarga.com\\\/corporatiu\\\/noves-mesures-per-ordenar-lespai-public-en-portada\\\/#primaryimage\"},\"thumbnailUrl\":\"https:\\\/\\\/www.lafarga.com\\\/corporatiu\\\/wp-content\\\/uploads\\\/2016\\\/11\\\/Portada-DiariLH-Novembre-16.jpg\",\"articleSection\":[\"Mitjans de Comunicaci\u00f3\"],\"inLanguage\":\"ca\"},{\"@type\":\"WebPage\",\"@id\":\"https:\\\/\\\/www.lafarga.com\\\/corporatiu\\\/noves-mesures-per-ordenar-lespai-public-en-portada\\\/\",\"url\":\"https:\\\/\\\/www.lafarga.com\\\/corporatiu\\\/noves-mesures-per-ordenar-lespai-public-en-portada\\\/\",\"name\":\"Noves mesures per ordenar l'espai p\u00fablic, en portada - La Farga Gesti\u00f3n de Equipamientos Municipales, S.A.\",\"isPartOf\":{\"@id\":\"https:\\\/\\\/www.lafarga.com\\\/corporatiu\\\/#website\"},\"primaryImageOfPage\":{\"@id\":\"https:\\\/\\\/www.lafarga.com\\\/corporatiu\\\/noves-mesures-per-ordenar-lespai-public-en-portada\\\/#primaryimage\"},\"image\":{\"@id\":\"https:\\\/\\\/www.lafarga.com\\\/corporatiu\\\/noves-mesures-per-ordenar-lespai-public-en-portada\\\/#primaryimage\"},\"thumbnailUrl\":\"https:\\\/\\\/www.lafarga.com\\\/corporatiu\\\/wp-content\\\/uploads\\\/2016\\\/11\\\/Portada-DiariLH-Novembre-16.jpg\",\"datePublished\":\"2016-11-14T15:47:15+00:00\",\"dateModified\":\"2016-11-14T15:53:12+00:00\",\"description\":\"Les noves mesures per ordenar l\u2019espai p\u00fablic de L\u2019Hospitalet \u00e9s la principal not\u00edcia de portada del Diari de L\u2019Hospitalet que ha sortit aquest dilluns.\",\"breadcrumb\":{\"@id\":\"https:\\\/\\\/www.lafarga.com\\\/corporatiu\\\/noves-mesures-per-ordenar-lespai-public-en-portada\\\/#breadcrumb\"},\"inLanguage\":\"ca\",\"potentialAction\":[{\"@type\":\"ReadAction\",\"target\":[\"https:\\\/\\\/www.lafarga.com\\\/corporatiu\\\/noves-mesures-per-ordenar-lespai-public-en-portada\\\/\"]}]},{\"@type\":\"ImageObject\",\"inLanguage\":\"ca\",\"@id\":\"https:\\\/\\\/www.lafarga.com\\\/corporatiu\\\/noves-mesures-per-ordenar-lespai-public-en-portada\\\/#primaryimage\",\"url\":\"https:\\\/\\\/www.lafarga.com\\\/corporatiu\\\/wp-content\\\/uploads\\\/2016\\\/11\\\/Portada-DiariLH-Novembre-16.jpg\",\"contentUrl\":\"https:\\\/\\\/www.lafarga.com\\\/corporatiu\\\/wp-content\\\/uploads\\\/2016\\\/11\\\/Portada-DiariLH-Novembre-16.jpg\",\"width\":730,\"height\":410,\"caption\":\"Portada Diari Novembre Farga\"},{\"@type\":\"BreadcrumbList\",\"@id\":\"https:\\\/\\\/www.lafarga.com\\\/corporatiu\\\/noves-mesures-per-ordenar-lespai-public-en-portada\\\/#breadcrumb\",\"itemListElement\":[{\"@type\":\"ListItem\",\"position\":1,\"name\":\"Home\",\"item\":\"https:\\\/\\\/www.lafarga.com\\\/corporatiu\\\/lafarga-hospitalet-llobregat\\\/\"},{\"@type\":\"ListItem\",\"position\":2,\"name\":\"Noves mesures per ordenar l&#8217;espai p\u00fablic, en portada\"}]},{\"@type\":\"WebSite\",\"@id\":\"https:\\\/\\\/www.lafarga.com\\\/corporatiu\\\/#website\",\"url\":\"https:\\\/\\\/www.lafarga.com\\\/corporatiu\\\/\",\"name\":\"La Farga Gesti\u00f3 d&#039;Equipaments Municipals, SA\",\"description\":\"\",\"publisher\":{\"@id\":\"https:\\\/\\\/www.lafarga.com\\\/corporatiu\\\/#organization\"},\"potentialAction\":[{\"@type\":\"SearchAction\",\"target\":{\"@type\":\"EntryPoint\",\"urlTemplate\":\"https:\\\/\\\/www.lafarga.com\\\/corporatiu\\\/?s={search_term_string}\"},\"query-input\":{\"@type\":\"PropertyValueSpecification\",\"valueRequired\":true,\"valueName\":\"search_term_string\"}}],\"inLanguage\":\"ca\"},{\"@type\":\"Organization\",\"@id\":\"https:\\\/\\\/www.lafarga.com\\\/corporatiu\\\/#organization\",\"name\":\"La Farga Gesti\u00f3 d&#039;Equipaments Municipals, SA\",\"url\":\"https:\\\/\\\/www.lafarga.com\\\/corporatiu\\\/\",\"logo\":{\"@type\":\"ImageObject\",\"inLanguage\":\"ca\",\"@id\":\"https:\\\/\\\/www.lafarga.com\\\/corporatiu\\\/#\\\/schema\\\/logo\\\/image\\\/\",\"url\":\"https:\\\/\\\/www.lafarga.com\\\/corporatiu\\\/wp-content\\\/uploads\\\/2023\\\/11\\\/logotipo_lafarga_gemsa.svg\",\"contentUrl\":\"https:\\\/\\\/www.lafarga.com\\\/corporatiu\\\/wp-content\\\/uploads\\\/2023\\\/11\\\/logotipo_lafarga_gemsa.svg\",\"width\":102,\"height\":103,\"caption\":\"La Farga Gesti\u00f3 d&#039;Equipaments Municipals, SA\"},\"image\":{\"@id\":\"https:\\\/\\\/www.lafarga.com\\\/corporatiu\\\/#\\\/schema\\\/logo\\\/image\\\/\"}},{\"@type\":\"Person\",\"@id\":\"https:\\\/\\\/www.lafarga.com\\\/corporatiu\\\/#\\\/schema\\\/person\\\/70d96fe17d0da1a9c9e80d232bdbcf33\",\"name\":\"\u00d2scar Milla\",\"image\":{\"@type\":\"ImageObject\",\"inLanguage\":\"ca\",\"@id\":\"https:\\\/\\\/secure.gravatar.com\\\/avatar\\\/92e75d184f9d5e0e403bd4ad075b080ad258344ddc259adddb579f6a3ba6494f?s=96&d=mm&r=g\",\"url\":\"https:\\\/\\\/secure.gravatar.com\\\/avatar\\\/92e75d184f9d5e0e403bd4ad075b080ad258344ddc259adddb579f6a3ba6494f?s=96&d=mm&r=g\",\"contentUrl\":\"https:\\\/\\\/secure.gravatar.com\\\/avatar\\\/92e75d184f9d5e0e403bd4ad075b080ad258344ddc259adddb579f6a3ba6494f?s=96&d=mm&r=g\",\"caption\":\"\u00d2scar Milla\"},\"url\":\"https:\\\/\\\/www.lafarga.com\\\/corporatiu\\\/author\\\/omilla\\\/\"}]}<\/script>\n<!-- \/ Yoast SEO plugin. -->","yoast_head_json":{"title":"Noves mesures per ordenar l'espai p\u00fablic, en portada - La Farga Gesti\u00f3n de Equipamientos Municipales, S.A.","description":"Les noves mesures per ordenar l\u2019espai p\u00fablic de L\u2019Hospitalet \u00e9s la principal not\u00edcia de portada del Diari de L\u2019Hospitalet que ha sortit aquest dilluns.","robots":{"index":"index","follow":"follow","max-snippet":"max-snippet:-1","max-image-preview":"max-image-preview:large","max-video-preview":"max-video-preview:-1"},"canonical":"https:\/\/www.lafarga.com\/corporatiu\/noves-mesures-per-ordenar-lespai-public-en-portada\/","og_locale":"ca_ES","og_type":"article","og_title":"Noves mesures per ordenar l'espai p\u00fablic, en portada - La Farga Gesti\u00f3n de Equipamientos Municipales, S.A.","og_description":"Les noves mesures per ordenar l\u2019espai p\u00fablic de L\u2019Hospitalet \u00e9s la principal not\u00edcia de portada del Diari de L\u2019Hospitalet que ha sortit aquest dilluns.","og_url":"https:\/\/www.lafarga.com\/corporatiu\/noves-mesures-per-ordenar-lespai-public-en-portada\/","og_site_name":"La Farga Gesti\u00f3n de Equipamientos Municipales, S.A.","article_published_time":"2016-11-14T15:47:15+00:00","article_modified_time":"2016-11-14T15:53:12+00:00","og_image":[{"width":730,"height":410,"url":"https:\/\/www.lafarga.com\/corporatiu\/wp-content\/uploads\/2016\/11\/Portada-DiariLH-Novembre-16.jpg","type":"image\/jpeg"}],"author":"\u00d2scar Milla","twitter_misc":{"Escrit per":"\u00d2scar Milla","Temps estimat de lectura":"2 minuts"},"schema":{"@context":"https:\/\/schema.org","@graph":[{"@type":"Article","@id":"https:\/\/www.lafarga.com\/corporatiu\/noves-mesures-per-ordenar-lespai-public-en-portada\/#article","isPartOf":{"@id":"https:\/\/www.lafarga.com\/corporatiu\/noves-mesures-per-ordenar-lespai-public-en-portada\/"},"author":{"name":"\u00d2scar Milla","@id":"https:\/\/www.lafarga.com\/corporatiu\/#\/schema\/person\/70d96fe17d0da1a9c9e80d232bdbcf33"},"headline":"Noves mesures per ordenar l&#8217;espai p\u00fablic, en portada","datePublished":"2016-11-14T15:47:15+00:00","dateModified":"2016-11-14T15:53:12+00:00","mainEntityOfPage":{"@id":"https:\/\/www.lafarga.com\/corporatiu\/noves-mesures-per-ordenar-lespai-public-en-portada\/"},"wordCount":345,"publisher":{"@id":"https:\/\/www.lafarga.com\/corporatiu\/#organization"},"image":{"@id":"https:\/\/www.lafarga.com\/corporatiu\/noves-mesures-per-ordenar-lespai-public-en-portada\/#primaryimage"},"thumbnailUrl":"https:\/\/www.lafarga.com\/corporatiu\/wp-content\/uploads\/2016\/11\/Portada-DiariLH-Novembre-16.jpg","articleSection":["Mitjans de Comunicaci\u00f3"],"inLanguage":"ca"},{"@type":"WebPage","@id":"https:\/\/www.lafarga.com\/corporatiu\/noves-mesures-per-ordenar-lespai-public-en-portada\/","url":"https:\/\/www.lafarga.com\/corporatiu\/noves-mesures-per-ordenar-lespai-public-en-portada\/","name":"Noves mesures per ordenar l'espai p\u00fablic, en portada - La Farga Gesti\u00f3n de Equipamientos Municipales, S.A.","isPartOf":{"@id":"https:\/\/www.lafarga.com\/corporatiu\/#website"},"primaryImageOfPage":{"@id":"https:\/\/www.lafarga.com\/corporatiu\/noves-mesures-per-ordenar-lespai-public-en-portada\/#primaryimage"},"image":{"@id":"https:\/\/www.lafarga.com\/corporatiu\/noves-mesures-per-ordenar-lespai-public-en-portada\/#primaryimage"},"thumbnailUrl":"https:\/\/www.lafarga.com\/corporatiu\/wp-content\/uploads\/2016\/11\/Portada-DiariLH-Novembre-16.jpg","datePublished":"2016-11-14T15:47:15+00:00","dateModified":"2016-11-14T15:53:12+00:00","description":"Les noves mesures per ordenar l\u2019espai p\u00fablic de L\u2019Hospitalet \u00e9s la principal not\u00edcia de portada del Diari de L\u2019Hospitalet que ha sortit aquest dilluns.","breadcrumb":{"@id":"https:\/\/www.lafarga.com\/corporatiu\/noves-mesures-per-ordenar-lespai-public-en-portada\/#breadcrumb"},"inLanguage":"ca","potentialAction":[{"@type":"ReadAction","target":["https:\/\/www.lafarga.com\/corporatiu\/noves-mesures-per-ordenar-lespai-public-en-portada\/"]}]},{"@type":"ImageObject","inLanguage":"ca","@id":"https:\/\/www.lafarga.com\/corporatiu\/noves-mesures-per-ordenar-lespai-public-en-portada\/#primaryimage","url":"https:\/\/www.lafarga.com\/corporatiu\/wp-content\/uploads\/2016\/11\/Portada-DiariLH-Novembre-16.jpg","contentUrl":"https:\/\/www.lafarga.com\/corporatiu\/wp-content\/uploads\/2016\/11\/Portada-DiariLH-Novembre-16.jpg","width":730,"height":410,"caption":"Portada Diari Novembre Farga"},{"@type":"BreadcrumbList","@id":"https:\/\/www.lafarga.com\/corporatiu\/noves-mesures-per-ordenar-lespai-public-en-portada\/#breadcrumb","itemListElement":[{"@type":"ListItem","position":1,"name":"Home","item":"https:\/\/www.lafarga.com\/corporatiu\/lafarga-hospitalet-llobregat\/"},{"@type":"ListItem","position":2,"name":"Noves mesures per ordenar l&#8217;espai p\u00fablic, en portada"}]},{"@type":"WebSite","@id":"https:\/\/www.lafarga.com\/corporatiu\/#website","url":"https:\/\/www.lafarga.com\/corporatiu\/","name":"La Farga Gesti\u00f3 d&#039;Equipaments Municipals, SA","description":"","publisher":{"@id":"https:\/\/www.lafarga.com\/corporatiu\/#organization"},"potentialAction":[{"@type":"SearchAction","target":{"@type":"EntryPoint","urlTemplate":"https:\/\/www.lafarga.com\/corporatiu\/?s={search_term_string}"},"query-input":{"@type":"PropertyValueSpecification","valueRequired":true,"valueName":"search_term_string"}}],"inLanguage":"ca"},{"@type":"Organization","@id":"https:\/\/www.lafarga.com\/corporatiu\/#organization","name":"La Farga Gesti\u00f3 d&#039;Equipaments Municipals, SA","url":"https:\/\/www.lafarga.com\/corporatiu\/","logo":{"@type":"ImageObject","inLanguage":"ca","@id":"https:\/\/www.lafarga.com\/corporatiu\/#\/schema\/logo\/image\/","url":"https:\/\/www.lafarga.com\/corporatiu\/wp-content\/uploads\/2023\/11\/logotipo_lafarga_gemsa.svg","contentUrl":"https:\/\/www.lafarga.com\/corporatiu\/wp-content\/uploads\/2023\/11\/logotipo_lafarga_gemsa.svg","width":102,"height":103,"caption":"La Farga Gesti\u00f3 d&#039;Equipaments Municipals, SA"},"image":{"@id":"https:\/\/www.lafarga.com\/corporatiu\/#\/schema\/logo\/image\/"}},{"@type":"Person","@id":"https:\/\/www.lafarga.com\/corporatiu\/#\/schema\/person\/70d96fe17d0da1a9c9e80d232bdbcf33","name":"\u00d2scar Milla","image":{"@type":"ImageObject","inLanguage":"ca","@id":"https:\/\/secure.gravatar.com\/avatar\/92e75d184f9d5e0e403bd4ad075b080ad258344ddc259adddb579f6a3ba6494f?s=96&d=mm&r=g","url":"https:\/\/secure.gravatar.com\/avatar\/92e75d184f9d5e0e403bd4ad075b080ad258344ddc259adddb579f6a3ba6494f?s=96&d=mm&r=g","contentUrl":"https:\/\/secure.gravatar.com\/avatar\/92e75d184f9d5e0e403bd4ad075b080ad258344ddc259adddb579f6a3ba6494f?s=96&d=mm&r=g","caption":"\u00d2scar Milla"},"url":"https:\/\/www.lafarga.com\/corporatiu\/author\/omilla\/"}]}},"uagb_featured_image_src":{"full":["https:\/\/www.lafarga.com\/corporatiu\/wp-content\/uploads\/2016\/11\/Portada-DiariLH-Novembre-16.jpg",730,410,false],"thumbnail":["https:\/\/www.lafarga.com\/corporatiu\/wp-content\/uploads\/2016\/11\/Portada-DiariLH-Novembre-16-150x150.jpg",150,150,true],"medium":["https:\/\/www.lafarga.com\/corporatiu\/wp-content\/uploads\/2016\/11\/Portada-DiariLH-Novembre-16-300x168.jpg",300,168,true],"medium_large":["https:\/\/www.lafarga.com\/corporatiu\/wp-content\/uploads\/2016\/11\/Portada-DiariLH-Novembre-16.jpg",730,410,false],"large":["https:\/\/www.lafarga.com\/corporatiu\/wp-content\/uploads\/2016\/11\/Portada-DiariLH-Novembre-16.jpg",730,410,false],"1536x1536":["https:\/\/www.lafarga.com\/corporatiu\/wp-content\/uploads\/2016\/11\/Portada-DiariLH-Novembre-16.jpg",730,410,false],"2048x2048":["https:\/\/www.lafarga.com\/corporatiu\/wp-content\/uploads\/2016\/11\/Portada-DiariLH-Novembre-16.jpg",730,410,false],"mailpoet_newsletter_max":["https:\/\/www.lafarga.com\/corporatiu\/wp-content\/uploads\/2016\/11\/Portada-DiariLH-Novembre-16.jpg",730,410,false]},"uagb_author_info":{"display_name":"\u00d2scar Milla","author_link":"https:\/\/www.lafarga.com\/corporatiu\/author\/omilla\/"},"uagb_comment_info":0,"uagb_excerpt":"Les noves mesures per ordenar l\u2019espai p\u00fablic de L\u2019Hospitalet \u00e9s la principal not\u00edcia de portada del Diari de L\u2019Hospitalet que ha sortit aquest dilluns.","_links":{"self":[{"href":"https:\/\/www.lafarga.com\/corporatiu\/wp-json\/wp\/v2\/posts\/9104","targetHints":{"allow":["GET"]}}],"collection":[{"href":"https:\/\/www.lafarga.com\/corporatiu\/wp-json\/wp\/v2\/posts"}],"about":[{"href":"https:\/\/www.lafarga.com\/corporatiu\/wp-json\/wp\/v2\/types\/post"}],"author":[{"embeddable":true,"href":"https:\/\/www.lafarga.com\/corporatiu\/wp-json\/wp\/v2\/users\/5"}],"replies":[{"embeddable":true,"href":"https:\/\/www.lafarga.com\/corporatiu\/wp-json\/wp\/v2\/comments?post=9104"}],"version-history":[{"count":2,"href":"https:\/\/www.lafarga.com\/corporatiu\/wp-json\/wp\/v2\/posts\/9104\/revisions"}],"predecessor-version":[{"id":9109,"href":"https:\/\/www.lafarga.com\/corporatiu\/wp-json\/wp\/v2\/posts\/9104\/revisions\/9109"}],"wp:featuredmedia":[{"embeddable":true,"href":"https:\/\/www.lafarga.com\/corporatiu\/wp-json\/wp\/v2\/media\/9105"}],"wp:attachment":[{"href":"https:\/\/www.lafarga.com\/corporatiu\/wp-json\/wp\/v2\/media?parent=9104"}],"wp:term":[{"taxonomy":"category","embeddable":true,"href":"https:\/\/www.lafarga.com\/corporatiu\/wp-json\/wp\/v2\/categories?post=9104"},{"taxonomy":"post_tag","embeddable":true,"href":"https:\/\/www.lafarga.com\/corporatiu\/wp-json\/wp\/v2\/tags?post=9104"}],"curies":[{"name":"wp","href":"https:\/\/api.w.org\/{rel}","templated":true}]}}