{"id":9029,"date":"2016-10-27T10:26:20","date_gmt":"2016-10-27T10:26:20","guid":{"rendered":"http:\/\/www.lafarga.com\/corporatiu\/?p=9029"},"modified":"2016-10-27T10:32:17","modified_gmt":"2016-10-27T10:32:17","slug":"renovacio-parquimetres-ciutat","status":"publish","type":"post","link":"https:\/\/www.lafarga.com\/corporatiu\/renovacio-parquimetres-ciutat\/","title":{"rendered":"Renovaci\u00f3 dels parqu\u00edmetres de la ciutat"},"content":{"rendered":"<h5>Se substituiran tots els aparells actuals per uns altres que incorporen noves tecnologies<\/h5>\n<p>L\u2019Hospitalet instal\u00b7lar\u00e0 l\u2019any vinent nous parqu\u00edmetres a les zones amb estacionament d\u2019horari limitat de la ciutat que substituiran els que hi ha actualment a la via p\u00fablica. En total seran 50 nous aparells dotats de noves tecnologies que en facilitaran la utilitzaci\u00f3 a les persones usu\u00e0ries i permetran una gesti\u00f3 m\u00e9s eficient de tot el sistema.<\/p>\n<p>Entre altres, amb els nous parqu\u00edmetres es podran efectuar els pagaments amb targeta de cr\u00e8dit <em>on line<\/em> (amb la possibilitat d\u2019utilitzar el sistema <em>contactless<\/em>) i gestionar les den\u00fancies en temps real.<\/p>\n<p>Els nous aparells permetran tenir el control dels parqu\u00edmetres de manera remota, de forma que es podran gestionar les incid\u00e8ncies en els equips al moment, com ara deixar fora de servei un parqu\u00edmetre si cal, reiniciar-los, canviar les tarifes&#8230;<\/p>\n<p>Disposar de les dades en temps real permetr\u00e0 tamb\u00e9 millorar l\u2019explotaci\u00f3 del servei ja que facilitar\u00e0 la recollida de dades estad\u00edstiques, con\u00e8ixer l\u2019estat dels aparells i exportar les dades per poder utilitzar-les com es determini mitjan\u00e7ant l\u2019<em>open data<\/em>. Tamb\u00e9 suposar\u00e0 integrar en una sola eina la gesti\u00f3 de diferents departaments municipals implicats (Mobilitat, Negociat de Multes&#8230;). A m\u00e9s, els nous models disposaran d\u2019unes bateries amb una major autonomia que els actuals.<\/p>\n<h5>Els nous parqu\u00edmetres facilitaran la utilitzaci\u00f3 a les persones usu\u00e0ries i permetran una gesti\u00f3 m\u00e9s eficient de les zones amb estacionament d\u2019horari limitat<\/h5>\n<p>Els nous parqu\u00edmetres faran possible tamb\u00e9 una gesti\u00f3 personalitzada dels vehicles, com \u00e9s el cas dels vehicles el\u00e8ctrics, que disposen de l\u2019estacionament gratu\u00eft en zones blaves. Actualment, els propietaris d\u2019aquests vehicles han d\u2019obtenir un distintiu a les depend\u00e8ncies municipals, una gesti\u00f3 que, amb els nous parqu\u00edmetres, no hauran de fer ja que nom\u00e9s hauran d\u2019introduir la matr\u00edcula a l\u2019aparell per obtenir el tiquet.<\/p>\n<p>L\u2019<strong><a href=\"http:\/\/www.l-h.cat\/\" target=\"_blank\">Ajuntament<\/a><\/strong> ha iniciat els tr\u00e0mits per a la contractaci\u00f3 dels nous aparells, i dels equips complementaris, amb un pressupost de 356.000 euros.<\/p>\n<p>La Farga Gesti\u00f3 d&#8217;Equipaments Municipals SA presta aquest servei a trav\u00e9s del departament de Serveis a la Mobilitat.<\/p>\n","protected":false},"excerpt":{"rendered":"<p>L\u2019Hospitalet instal\u00b7lar\u00e0 l\u2019any vinent nous parqu\u00edmetres a les zones amb estacionament d\u2019horari limitat de la ciutat que substituiran els que hi ha actualment a la via p\u00fablica.<\/p>\n","protected":false},"author":5,"featured_media":9030,"comment_status":"closed","ping_status":"closed","sticky":false,"template":"","format":"standard","meta":{"inline_featured_image":false,"_uag_custom_page_level_css":"","_monsterinsights_skip_tracking":false,"_monsterinsights_sitenote_active":false,"_monsterinsights_sitenote_note":"","_monsterinsights_sitenote_category":0,"site-sidebar-layout":"default","site-content-layout":"","ast-site-content-layout":"default","site-content-style":"default","site-sidebar-style":"default","ast-global-header-display":"","ast-banner-title-visibility":"","ast-main-header-display":"","ast-hfb-above-header-display":"","ast-hfb-below-header-display":"","ast-hfb-mobile-header-display":"","site-post-title":"","ast-breadcrumbs-content":"","ast-featured-img":"","footer-sml-layout":"","ast-disable-related-posts":"","theme-transparent-header-meta":"","adv-header-id-meta":"","stick-header-meta":"","header-above-stick-meta":"","header-main-stick-meta":"","header-below-stick-meta":"","astra-migrate-meta-layouts":"default","ast-page-background-enabled":"default","ast-page-background-meta":{"desktop":{"background-color":"var(--ast-global-color-4)","background-image":"","background-repeat":"repeat","background-position":"center center","background-size":"auto","background-attachment":"scroll","background-type":"","background-media":"","overlay-type":"","overlay-color":"","overlay-opacity":"","overlay-gradient":""},"tablet":{"background-color":"","background-image":"","background-repeat":"repeat","background-position":"center center","background-size":"auto","background-attachment":"scroll","background-type":"","background-media":"","overlay-type":"","overlay-color":"","overlay-opacity":"","overlay-gradient":""},"mobile":{"background-color":"","background-image":"","background-repeat":"repeat","background-position":"center center","background-size":"auto","background-attachment":"scroll","background-type":"","background-media":"","overlay-type":"","overlay-color":"","overlay-opacity":"","overlay-gradient":""}},"ast-content-background-meta":{"desktop":{"background-color":"var(--ast-global-color-5)","background-image":"","background-repeat":"repeat","background-position":"center center","background-size":"auto","background-attachment":"scroll","background-type":"","background-media":"","overlay-type":"","overlay-color":"","overlay-opacity":"","overlay-gradient":""},"tablet":{"background-color":"var(--ast-global-color-5)","background-image":"","background-repeat":"repeat","background-position":"center center","background-size":"auto","background-attachment":"scroll","background-type":"","background-media":"","overlay-type":"","overlay-color":"","overlay-opacity":"","overlay-gradient":""},"mobile":{"background-color":"var(--ast-global-color-5)","background-image":"","background-repeat":"repeat","background-position":"center center","background-size":"auto","background-attachment":"scroll","background-type":"","background-media":"","overlay-type":"","overlay-color":"","overlay-opacity":"","overlay-gradient":""}},"footnotes":""},"categories":[55],"tags":[],"class_list":["post-9029","post","type-post","status-publish","format-standard","has-post-thumbnail","hentry","category-mobilitat"],"yoast_head":"<!-- This site is optimized with the Yoast SEO plugin v27.4 - https:\/\/yoast.com\/product\/yoast-seo-wordpress\/ -->\n<title>Renovaci\u00f3 dels parqu\u00edmetres de la ciutat - La Farga Gesti\u00f3n de Equipamientos Municipales, S.A.<\/title>\n<meta name=\"description\" content=\"L\u2019Hospitalet instal\u00b7lar\u00e0 l\u2019any vinent nous parqu\u00edmetres a les zones amb estacionament d\u2019horari limitat de la ciutat.\" \/>\n<meta name=\"robots\" content=\"index, follow, max-snippet:-1, max-image-preview:large, max-video-preview:-1\" \/>\n<link rel=\"canonical\" href=\"https:\/\/www.lafarga.com\/corporatiu\/renovacio-parquimetres-ciutat\/\" \/>\n<meta property=\"og:locale\" content=\"ca_ES\" \/>\n<meta property=\"og:type\" content=\"article\" \/>\n<meta property=\"og:title\" content=\"Renovaci\u00f3 dels parqu\u00edmetres de la ciutat - La Farga Gesti\u00f3n de Equipamientos Municipales, S.A.\" \/>\n<meta property=\"og:description\" content=\"L\u2019Hospitalet instal\u00b7lar\u00e0 l\u2019any vinent nous parqu\u00edmetres a les zones amb estacionament d\u2019horari limitat de la ciutat.\" \/>\n<meta property=\"og:url\" content=\"https:\/\/www.lafarga.com\/corporatiu\/renovacio-parquimetres-ciutat\/\" \/>\n<meta property=\"og:site_name\" content=\"La Farga Gesti\u00f3n de Equipamientos Municipales, S.A.\" \/>\n<meta property=\"article:published_time\" content=\"2016-10-27T10:26:20+00:00\" \/>\n<meta property=\"article:modified_time\" content=\"2016-10-27T10:32:17+00:00\" \/>\n<meta property=\"og:image\" content=\"https:\/\/www.lafarga.com\/corporatiu\/wp-content\/uploads\/2016\/10\/parquimetres-farga.jpg\" \/>\n\t<meta property=\"og:image:width\" content=\"730\" \/>\n\t<meta property=\"og:image:height\" content=\"410\" \/>\n\t<meta property=\"og:image:type\" content=\"image\/jpeg\" \/>\n<meta name=\"author\" content=\"\u00d2scar Milla\" \/>\n<meta name=\"twitter:label1\" content=\"Escrit per\" \/>\n\t<meta name=\"twitter:data1\" content=\"\u00d2scar Milla\" \/>\n\t<meta name=\"twitter:label2\" content=\"Temps estimat de lectura\" \/>\n\t<meta name=\"twitter:data2\" content=\"2 minuts\" \/>\n<script type=\"application\/ld+json\" class=\"yoast-schema-graph\">{\"@context\":\"https:\\\/\\\/schema.org\",\"@graph\":[{\"@type\":\"Article\",\"@id\":\"https:\\\/\\\/www.lafarga.com\\\/corporatiu\\\/renovacio-parquimetres-ciutat\\\/#article\",\"isPartOf\":{\"@id\":\"https:\\\/\\\/www.lafarga.com\\\/corporatiu\\\/renovacio-parquimetres-ciutat\\\/\"},\"author\":{\"name\":\"\u00d2scar Milla\",\"@id\":\"https:\\\/\\\/www.lafarga.com\\\/corporatiu\\\/#\\\/schema\\\/person\\\/70d96fe17d0da1a9c9e80d232bdbcf33\"},\"headline\":\"Renovaci\u00f3 dels parqu\u00edmetres de la ciutat\",\"datePublished\":\"2016-10-27T10:26:20+00:00\",\"dateModified\":\"2016-10-27T10:32:17+00:00\",\"mainEntityOfPage\":{\"@id\":\"https:\\\/\\\/www.lafarga.com\\\/corporatiu\\\/renovacio-parquimetres-ciutat\\\/\"},\"wordCount\":384,\"publisher\":{\"@id\":\"https:\\\/\\\/www.lafarga.com\\\/corporatiu\\\/#organization\"},\"image\":{\"@id\":\"https:\\\/\\\/www.lafarga.com\\\/corporatiu\\\/renovacio-parquimetres-ciutat\\\/#primaryimage\"},\"thumbnailUrl\":\"https:\\\/\\\/www.lafarga.com\\\/corporatiu\\\/wp-content\\\/uploads\\\/2016\\\/10\\\/parquimetres-farga.jpg\",\"articleSection\":[\"Estacionaments Regulats\"],\"inLanguage\":\"ca\"},{\"@type\":\"WebPage\",\"@id\":\"https:\\\/\\\/www.lafarga.com\\\/corporatiu\\\/renovacio-parquimetres-ciutat\\\/\",\"url\":\"https:\\\/\\\/www.lafarga.com\\\/corporatiu\\\/renovacio-parquimetres-ciutat\\\/\",\"name\":\"Renovaci\u00f3 dels parqu\u00edmetres de la ciutat - La Farga Gesti\u00f3n de Equipamientos Municipales, S.A.\",\"isPartOf\":{\"@id\":\"https:\\\/\\\/www.lafarga.com\\\/corporatiu\\\/#website\"},\"primaryImageOfPage\":{\"@id\":\"https:\\\/\\\/www.lafarga.com\\\/corporatiu\\\/renovacio-parquimetres-ciutat\\\/#primaryimage\"},\"image\":{\"@id\":\"https:\\\/\\\/www.lafarga.com\\\/corporatiu\\\/renovacio-parquimetres-ciutat\\\/#primaryimage\"},\"thumbnailUrl\":\"https:\\\/\\\/www.lafarga.com\\\/corporatiu\\\/wp-content\\\/uploads\\\/2016\\\/10\\\/parquimetres-farga.jpg\",\"datePublished\":\"2016-10-27T10:26:20+00:00\",\"dateModified\":\"2016-10-27T10:32:17+00:00\",\"description\":\"L\u2019Hospitalet instal\u00b7lar\u00e0 l\u2019any vinent nous parqu\u00edmetres a les zones amb estacionament d\u2019horari limitat de la ciutat.\",\"breadcrumb\":{\"@id\":\"https:\\\/\\\/www.lafarga.com\\\/corporatiu\\\/renovacio-parquimetres-ciutat\\\/#breadcrumb\"},\"inLanguage\":\"ca\",\"potentialAction\":[{\"@type\":\"ReadAction\",\"target\":[\"https:\\\/\\\/www.lafarga.com\\\/corporatiu\\\/renovacio-parquimetres-ciutat\\\/\"]}]},{\"@type\":\"ImageObject\",\"inLanguage\":\"ca\",\"@id\":\"https:\\\/\\\/www.lafarga.com\\\/corporatiu\\\/renovacio-parquimetres-ciutat\\\/#primaryimage\",\"url\":\"https:\\\/\\\/www.lafarga.com\\\/corporatiu\\\/wp-content\\\/uploads\\\/2016\\\/10\\\/parquimetres-farga.jpg\",\"contentUrl\":\"https:\\\/\\\/www.lafarga.com\\\/corporatiu\\\/wp-content\\\/uploads\\\/2016\\\/10\\\/parquimetres-farga.jpg\",\"width\":730,\"height\":410,\"caption\":\"Parqu\u00edmetres Farga\"},{\"@type\":\"BreadcrumbList\",\"@id\":\"https:\\\/\\\/www.lafarga.com\\\/corporatiu\\\/renovacio-parquimetres-ciutat\\\/#breadcrumb\",\"itemListElement\":[{\"@type\":\"ListItem\",\"position\":1,\"name\":\"Home\",\"item\":\"https:\\\/\\\/www.lafarga.com\\\/corporatiu\\\/lafarga-hospitalet-llobregat\\\/\"},{\"@type\":\"ListItem\",\"position\":2,\"name\":\"Renovaci\u00f3 dels parqu\u00edmetres de la ciutat\"}]},{\"@type\":\"WebSite\",\"@id\":\"https:\\\/\\\/www.lafarga.com\\\/corporatiu\\\/#website\",\"url\":\"https:\\\/\\\/www.lafarga.com\\\/corporatiu\\\/\",\"name\":\"La Farga Gesti\u00f3 d&#039;Equipaments Municipals, SA\",\"description\":\"\",\"publisher\":{\"@id\":\"https:\\\/\\\/www.lafarga.com\\\/corporatiu\\\/#organization\"},\"potentialAction\":[{\"@type\":\"SearchAction\",\"target\":{\"@type\":\"EntryPoint\",\"urlTemplate\":\"https:\\\/\\\/www.lafarga.com\\\/corporatiu\\\/?s={search_term_string}\"},\"query-input\":{\"@type\":\"PropertyValueSpecification\",\"valueRequired\":true,\"valueName\":\"search_term_string\"}}],\"inLanguage\":\"ca\"},{\"@type\":\"Organization\",\"@id\":\"https:\\\/\\\/www.lafarga.com\\\/corporatiu\\\/#organization\",\"name\":\"La Farga Gesti\u00f3 d&#039;Equipaments Municipals, SA\",\"url\":\"https:\\\/\\\/www.lafarga.com\\\/corporatiu\\\/\",\"logo\":{\"@type\":\"ImageObject\",\"inLanguage\":\"ca\",\"@id\":\"https:\\\/\\\/www.lafarga.com\\\/corporatiu\\\/#\\\/schema\\\/logo\\\/image\\\/\",\"url\":\"https:\\\/\\\/www.lafarga.com\\\/corporatiu\\\/wp-content\\\/uploads\\\/2023\\\/11\\\/logotipo_lafarga_gemsa.svg\",\"contentUrl\":\"https:\\\/\\\/www.lafarga.com\\\/corporatiu\\\/wp-content\\\/uploads\\\/2023\\\/11\\\/logotipo_lafarga_gemsa.svg\",\"width\":102,\"height\":103,\"caption\":\"La Farga Gesti\u00f3 d&#039;Equipaments Municipals, SA\"},\"image\":{\"@id\":\"https:\\\/\\\/www.lafarga.com\\\/corporatiu\\\/#\\\/schema\\\/logo\\\/image\\\/\"}},{\"@type\":\"Person\",\"@id\":\"https:\\\/\\\/www.lafarga.com\\\/corporatiu\\\/#\\\/schema\\\/person\\\/70d96fe17d0da1a9c9e80d232bdbcf33\",\"name\":\"\u00d2scar Milla\",\"image\":{\"@type\":\"ImageObject\",\"inLanguage\":\"ca\",\"@id\":\"https:\\\/\\\/secure.gravatar.com\\\/avatar\\\/92e75d184f9d5e0e403bd4ad075b080ad258344ddc259adddb579f6a3ba6494f?s=96&d=mm&r=g\",\"url\":\"https:\\\/\\\/secure.gravatar.com\\\/avatar\\\/92e75d184f9d5e0e403bd4ad075b080ad258344ddc259adddb579f6a3ba6494f?s=96&d=mm&r=g\",\"contentUrl\":\"https:\\\/\\\/secure.gravatar.com\\\/avatar\\\/92e75d184f9d5e0e403bd4ad075b080ad258344ddc259adddb579f6a3ba6494f?s=96&d=mm&r=g\",\"caption\":\"\u00d2scar Milla\"},\"url\":\"https:\\\/\\\/www.lafarga.com\\\/corporatiu\\\/author\\\/omilla\\\/\"}]}<\/script>\n<!-- \/ Yoast SEO plugin. -->","yoast_head_json":{"title":"Renovaci\u00f3 dels parqu\u00edmetres de la ciutat - La Farga Gesti\u00f3n de Equipamientos Municipales, S.A.","description":"L\u2019Hospitalet instal\u00b7lar\u00e0 l\u2019any vinent nous parqu\u00edmetres a les zones amb estacionament d\u2019horari limitat de la ciutat.","robots":{"index":"index","follow":"follow","max-snippet":"max-snippet:-1","max-image-preview":"max-image-preview:large","max-video-preview":"max-video-preview:-1"},"canonical":"https:\/\/www.lafarga.com\/corporatiu\/renovacio-parquimetres-ciutat\/","og_locale":"ca_ES","og_type":"article","og_title":"Renovaci\u00f3 dels parqu\u00edmetres de la ciutat - La Farga Gesti\u00f3n de Equipamientos Municipales, S.A.","og_description":"L\u2019Hospitalet instal\u00b7lar\u00e0 l\u2019any vinent nous parqu\u00edmetres a les zones amb estacionament d\u2019horari limitat de la ciutat.","og_url":"https:\/\/www.lafarga.com\/corporatiu\/renovacio-parquimetres-ciutat\/","og_site_name":"La Farga Gesti\u00f3n de Equipamientos Municipales, S.A.","article_published_time":"2016-10-27T10:26:20+00:00","article_modified_time":"2016-10-27T10:32:17+00:00","og_image":[{"width":730,"height":410,"url":"https:\/\/www.lafarga.com\/corporatiu\/wp-content\/uploads\/2016\/10\/parquimetres-farga.jpg","type":"image\/jpeg"}],"author":"\u00d2scar Milla","twitter_misc":{"Escrit per":"\u00d2scar Milla","Temps estimat de lectura":"2 minuts"},"schema":{"@context":"https:\/\/schema.org","@graph":[{"@type":"Article","@id":"https:\/\/www.lafarga.com\/corporatiu\/renovacio-parquimetres-ciutat\/#article","isPartOf":{"@id":"https:\/\/www.lafarga.com\/corporatiu\/renovacio-parquimetres-ciutat\/"},"author":{"name":"\u00d2scar Milla","@id":"https:\/\/www.lafarga.com\/corporatiu\/#\/schema\/person\/70d96fe17d0da1a9c9e80d232bdbcf33"},"headline":"Renovaci\u00f3 dels parqu\u00edmetres de la ciutat","datePublished":"2016-10-27T10:26:20+00:00","dateModified":"2016-10-27T10:32:17+00:00","mainEntityOfPage":{"@id":"https:\/\/www.lafarga.com\/corporatiu\/renovacio-parquimetres-ciutat\/"},"wordCount":384,"publisher":{"@id":"https:\/\/www.lafarga.com\/corporatiu\/#organization"},"image":{"@id":"https:\/\/www.lafarga.com\/corporatiu\/renovacio-parquimetres-ciutat\/#primaryimage"},"thumbnailUrl":"https:\/\/www.lafarga.com\/corporatiu\/wp-content\/uploads\/2016\/10\/parquimetres-farga.jpg","articleSection":["Estacionaments Regulats"],"inLanguage":"ca"},{"@type":"WebPage","@id":"https:\/\/www.lafarga.com\/corporatiu\/renovacio-parquimetres-ciutat\/","url":"https:\/\/www.lafarga.com\/corporatiu\/renovacio-parquimetres-ciutat\/","name":"Renovaci\u00f3 dels parqu\u00edmetres de la ciutat - La Farga Gesti\u00f3n de Equipamientos Municipales, S.A.","isPartOf":{"@id":"https:\/\/www.lafarga.com\/corporatiu\/#website"},"primaryImageOfPage":{"@id":"https:\/\/www.lafarga.com\/corporatiu\/renovacio-parquimetres-ciutat\/#primaryimage"},"image":{"@id":"https:\/\/www.lafarga.com\/corporatiu\/renovacio-parquimetres-ciutat\/#primaryimage"},"thumbnailUrl":"https:\/\/www.lafarga.com\/corporatiu\/wp-content\/uploads\/2016\/10\/parquimetres-farga.jpg","datePublished":"2016-10-27T10:26:20+00:00","dateModified":"2016-10-27T10:32:17+00:00","description":"L\u2019Hospitalet instal\u00b7lar\u00e0 l\u2019any vinent nous parqu\u00edmetres a les zones amb estacionament d\u2019horari limitat de la ciutat.","breadcrumb":{"@id":"https:\/\/www.lafarga.com\/corporatiu\/renovacio-parquimetres-ciutat\/#breadcrumb"},"inLanguage":"ca","potentialAction":[{"@type":"ReadAction","target":["https:\/\/www.lafarga.com\/corporatiu\/renovacio-parquimetres-ciutat\/"]}]},{"@type":"ImageObject","inLanguage":"ca","@id":"https:\/\/www.lafarga.com\/corporatiu\/renovacio-parquimetres-ciutat\/#primaryimage","url":"https:\/\/www.lafarga.com\/corporatiu\/wp-content\/uploads\/2016\/10\/parquimetres-farga.jpg","contentUrl":"https:\/\/www.lafarga.com\/corporatiu\/wp-content\/uploads\/2016\/10\/parquimetres-farga.jpg","width":730,"height":410,"caption":"Parqu\u00edmetres Farga"},{"@type":"BreadcrumbList","@id":"https:\/\/www.lafarga.com\/corporatiu\/renovacio-parquimetres-ciutat\/#breadcrumb","itemListElement":[{"@type":"ListItem","position":1,"name":"Home","item":"https:\/\/www.lafarga.com\/corporatiu\/lafarga-hospitalet-llobregat\/"},{"@type":"ListItem","position":2,"name":"Renovaci\u00f3 dels parqu\u00edmetres de la ciutat"}]},{"@type":"WebSite","@id":"https:\/\/www.lafarga.com\/corporatiu\/#website","url":"https:\/\/www.lafarga.com\/corporatiu\/","name":"La Farga Gesti\u00f3 d&#039;Equipaments Municipals, SA","description":"","publisher":{"@id":"https:\/\/www.lafarga.com\/corporatiu\/#organization"},"potentialAction":[{"@type":"SearchAction","target":{"@type":"EntryPoint","urlTemplate":"https:\/\/www.lafarga.com\/corporatiu\/?s={search_term_string}"},"query-input":{"@type":"PropertyValueSpecification","valueRequired":true,"valueName":"search_term_string"}}],"inLanguage":"ca"},{"@type":"Organization","@id":"https:\/\/www.lafarga.com\/corporatiu\/#organization","name":"La Farga Gesti\u00f3 d&#039;Equipaments Municipals, SA","url":"https:\/\/www.lafarga.com\/corporatiu\/","logo":{"@type":"ImageObject","inLanguage":"ca","@id":"https:\/\/www.lafarga.com\/corporatiu\/#\/schema\/logo\/image\/","url":"https:\/\/www.lafarga.com\/corporatiu\/wp-content\/uploads\/2023\/11\/logotipo_lafarga_gemsa.svg","contentUrl":"https:\/\/www.lafarga.com\/corporatiu\/wp-content\/uploads\/2023\/11\/logotipo_lafarga_gemsa.svg","width":102,"height":103,"caption":"La Farga Gesti\u00f3 d&#039;Equipaments Municipals, SA"},"image":{"@id":"https:\/\/www.lafarga.com\/corporatiu\/#\/schema\/logo\/image\/"}},{"@type":"Person","@id":"https:\/\/www.lafarga.com\/corporatiu\/#\/schema\/person\/70d96fe17d0da1a9c9e80d232bdbcf33","name":"\u00d2scar Milla","image":{"@type":"ImageObject","inLanguage":"ca","@id":"https:\/\/secure.gravatar.com\/avatar\/92e75d184f9d5e0e403bd4ad075b080ad258344ddc259adddb579f6a3ba6494f?s=96&d=mm&r=g","url":"https:\/\/secure.gravatar.com\/avatar\/92e75d184f9d5e0e403bd4ad075b080ad258344ddc259adddb579f6a3ba6494f?s=96&d=mm&r=g","contentUrl":"https:\/\/secure.gravatar.com\/avatar\/92e75d184f9d5e0e403bd4ad075b080ad258344ddc259adddb579f6a3ba6494f?s=96&d=mm&r=g","caption":"\u00d2scar Milla"},"url":"https:\/\/www.lafarga.com\/corporatiu\/author\/omilla\/"}]}},"uagb_featured_image_src":{"full":["https:\/\/www.lafarga.com\/corporatiu\/wp-content\/uploads\/2016\/10\/parquimetres-farga.jpg",730,410,false],"thumbnail":["https:\/\/www.lafarga.com\/corporatiu\/wp-content\/uploads\/2016\/10\/parquimetres-farga-150x150.jpg",150,150,true],"medium":["https:\/\/www.lafarga.com\/corporatiu\/wp-content\/uploads\/2016\/10\/parquimetres-farga-300x168.jpg",300,168,true],"medium_large":["https:\/\/www.lafarga.com\/corporatiu\/wp-content\/uploads\/2016\/10\/parquimetres-farga.jpg",730,410,false],"large":["https:\/\/www.lafarga.com\/corporatiu\/wp-content\/uploads\/2016\/10\/parquimetres-farga.jpg",730,410,false],"1536x1536":["https:\/\/www.lafarga.com\/corporatiu\/wp-content\/uploads\/2016\/10\/parquimetres-farga.jpg",730,410,false],"2048x2048":["https:\/\/www.lafarga.com\/corporatiu\/wp-content\/uploads\/2016\/10\/parquimetres-farga.jpg",730,410,false],"mailpoet_newsletter_max":["https:\/\/www.lafarga.com\/corporatiu\/wp-content\/uploads\/2016\/10\/parquimetres-farga.jpg",730,410,false]},"uagb_author_info":{"display_name":"\u00d2scar Milla","author_link":"https:\/\/www.lafarga.com\/corporatiu\/author\/omilla\/"},"uagb_comment_info":0,"uagb_excerpt":"L\u2019Hospitalet instal\u00b7lar\u00e0 l\u2019any vinent nous parqu\u00edmetres a les zones amb estacionament d\u2019horari limitat de la ciutat que substituiran els que hi ha actualment a la via p\u00fablica.","_links":{"self":[{"href":"https:\/\/www.lafarga.com\/corporatiu\/wp-json\/wp\/v2\/posts\/9029","targetHints":{"allow":["GET"]}}],"collection":[{"href":"https:\/\/www.lafarga.com\/corporatiu\/wp-json\/wp\/v2\/posts"}],"about":[{"href":"https:\/\/www.lafarga.com\/corporatiu\/wp-json\/wp\/v2\/types\/post"}],"author":[{"embeddable":true,"href":"https:\/\/www.lafarga.com\/corporatiu\/wp-json\/wp\/v2\/users\/5"}],"replies":[{"embeddable":true,"href":"https:\/\/www.lafarga.com\/corporatiu\/wp-json\/wp\/v2\/comments?post=9029"}],"version-history":[{"count":2,"href":"https:\/\/www.lafarga.com\/corporatiu\/wp-json\/wp\/v2\/posts\/9029\/revisions"}],"predecessor-version":[{"id":9034,"href":"https:\/\/www.lafarga.com\/corporatiu\/wp-json\/wp\/v2\/posts\/9029\/revisions\/9034"}],"wp:featuredmedia":[{"embeddable":true,"href":"https:\/\/www.lafarga.com\/corporatiu\/wp-json\/wp\/v2\/media\/9030"}],"wp:attachment":[{"href":"https:\/\/www.lafarga.com\/corporatiu\/wp-json\/wp\/v2\/media?parent=9029"}],"wp:term":[{"taxonomy":"category","embeddable":true,"href":"https:\/\/www.lafarga.com\/corporatiu\/wp-json\/wp\/v2\/categories?post=9029"},{"taxonomy":"post_tag","embeddable":true,"href":"https:\/\/www.lafarga.com\/corporatiu\/wp-json\/wp\/v2\/tags?post=9029"}],"curies":[{"name":"wp","href":"https:\/\/api.w.org\/{rel}","templated":true}]}}