{"id":8978,"date":"2016-10-18T06:23:54","date_gmt":"2016-10-18T06:23:54","guid":{"rendered":"http:\/\/www.lafarga.com\/corporatiu\/?p=8978"},"modified":"2016-10-18T08:41:13","modified_gmt":"2016-10-18T08:41:13","slug":"mitjans-conviden-teatre-joventut-2","status":"publish","type":"post","link":"https:\/\/www.lafarga.com\/corporatiu\/mitjans-conviden-teatre-joventut-2\/","title":{"rendered":"Els Mitjans de Comunicaci\u00f3 et conviden al Teatre Joventut"},"content":{"rendered":"<h5>L&#8217;Hdigital i &#8216;Pren-ne nota&#8217; ofereixen aquesta setmana dues entrades dobles per a &#8216;Misterios del Quijote&#8217;<\/h5>\n<p>Rafael \u00c1lvarez &#8216;El Brujo&#8217; es posa a la pell del Quixot, del seu autor, Cervantes i dels personatges d&#8217;aquesta obra de la literatura universal. &#8216;El Brujo&#8217; representa el pr\u00f2xim dissabte, 22 d&#8217;octubre, el mon\u00f2leg &#8216;Misterios del Quijote&#8217;, al <strong><a href=\"http:\/\/www.teatrejoventut.cat\/detallActeTeatreJoventut.aspx?1igvQscIqazCllXjhtg7dlk0Qa1CsSXXaoYhafJjpELKqazAuL9hJWjDRVMADyCaCdNk6J6\" target=\"_blank\">Teatre Joventut<\/a><\/strong>, on interpreta a un Quixot al qual gaireb\u00e9 se\u2019l pot tocar, completament posat al dia i adaptat als nostres temps.<\/p>\n<p>Per participar-hi nom\u00e9s cal que omplis el formulari d&#8217;aquest <strong><a href=\"http:\/\/lhdigital.cat\/web\/digital-h\/noticia\/ciutat\/-\/journal_content\/56_INSTANCE_43Th\/11023\/10903681\" target=\"_blank\">enlla\u00e7<\/a><\/strong>.<\/p>\n<p><strong><a href=\"http:\/\/lhdigital.cat\/web\/digital-h\/\" target=\"_blank\">L&#8217;Hdigital<\/a><\/strong> atorgar\u00e0 un n\u00famero a cada participant que respongui correctament a les preguntes (nom\u00e9s est\u00e0 perm\u00e8s un n\u00famero per persona. Si una persona envia diversos formularis amb el mateix nom i correus electr\u00f2nic diferents, s&#8217;atorgar\u00e0 \u00fanicament un n\u00famero per al concurs). Es pot participar-hi fins al dijous a les 14 hores. L&#8217;Hdigital publicar\u00e0, quan es tanqui el concurs, la llista de participants amb el seu n\u00famero corresponent en l&#8217;apartat destinat a concurs de la portada. A les 15 hores es far\u00e0 el sorteig i es notificar\u00e0 als guanyadors el resultat.<\/p>\n","protected":false},"excerpt":{"rendered":"<p>L&#8217;Hdigital i &#8216;Pren-ne nota&#8217; ofereixen aquesta setmana dues entrades dobles per a &#8216;Misterios del Quijote&#8217; que es representar\u00e0 al Teatre Joventut.<\/p>\n","protected":false},"author":5,"featured_media":8979,"comment_status":"closed","ping_status":"closed","sticky":false,"template":"","format":"standard","meta":{"inline_featured_image":false,"_uag_custom_page_level_css":"","_monsterinsights_skip_tracking":false,"_monsterinsights_sitenote_active":false,"_monsterinsights_sitenote_note":"","_monsterinsights_sitenote_category":0,"site-sidebar-layout":"default","site-content-layout":"","ast-site-content-layout":"default","site-content-style":"default","site-sidebar-style":"default","ast-global-header-display":"","ast-banner-title-visibility":"","ast-main-header-display":"","ast-hfb-above-header-display":"","ast-hfb-below-header-display":"","ast-hfb-mobile-header-display":"","site-post-title":"","ast-breadcrumbs-content":"","ast-featured-img":"","footer-sml-layout":"","ast-disable-related-posts":"","theme-transparent-header-meta":"","adv-header-id-meta":"","stick-header-meta":"","header-above-stick-meta":"","header-main-stick-meta":"","header-below-stick-meta":"","astra-migrate-meta-layouts":"default","ast-page-background-enabled":"default","ast-page-background-meta":{"desktop":{"background-color":"var(--ast-global-color-4)","background-image":"","background-repeat":"repeat","background-position":"center center","background-size":"auto","background-attachment":"scroll","background-type":"","background-media":"","overlay-type":"","overlay-color":"","overlay-opacity":"","overlay-gradient":""},"tablet":{"background-color":"","background-image":"","background-repeat":"repeat","background-position":"center center","background-size":"auto","background-attachment":"scroll","background-type":"","background-media":"","overlay-type":"","overlay-color":"","overlay-opacity":"","overlay-gradient":""},"mobile":{"background-color":"","background-image":"","background-repeat":"repeat","background-position":"center center","background-size":"auto","background-attachment":"scroll","background-type":"","background-media":"","overlay-type":"","overlay-color":"","overlay-opacity":"","overlay-gradient":""}},"ast-content-background-meta":{"desktop":{"background-color":"var(--ast-global-color-5)","background-image":"","background-repeat":"repeat","background-position":"center center","background-size":"auto","background-attachment":"scroll","background-type":"","background-media":"","overlay-type":"","overlay-color":"","overlay-opacity":"","overlay-gradient":""},"tablet":{"background-color":"var(--ast-global-color-5)","background-image":"","background-repeat":"repeat","background-position":"center center","background-size":"auto","background-attachment":"scroll","background-type":"","background-media":"","overlay-type":"","overlay-color":"","overlay-opacity":"","overlay-gradient":""},"mobile":{"background-color":"var(--ast-global-color-5)","background-image":"","background-repeat":"repeat","background-position":"center center","background-size":"auto","background-attachment":"scroll","background-type":"","background-media":"","overlay-type":"","overlay-color":"","overlay-opacity":"","overlay-gradient":""}},"footnotes":""},"categories":[51],"tags":[],"class_list":["post-8978","post","type-post","status-publish","format-standard","has-post-thumbnail","hentry","category-mitjans-comunicacio"],"yoast_head":"<!-- This site is optimized with the Yoast SEO plugin v27.4 - https:\/\/yoast.com\/product\/yoast-seo-wordpress\/ -->\n<title>Els Mitjans de Comunicaci\u00f3 et conviden al Teatre Joventut - La Farga Gesti\u00f3n de Equipamientos Municipales, S.A.<\/title>\n<meta name=\"description\" content=\"L&#039;Hdigital i &#039;Pren-ne nota&#039; ofereixen aquesta setmana dues entrades dobles per a &#039;Misterios del Quijote&#039; que es representar\u00e0 al Teatre Joventut.\" \/>\n<meta name=\"robots\" content=\"index, follow, max-snippet:-1, max-image-preview:large, max-video-preview:-1\" \/>\n<link rel=\"canonical\" href=\"https:\/\/www.lafarga.com\/corporatiu\/mitjans-conviden-teatre-joventut-2\/\" \/>\n<meta property=\"og:locale\" content=\"ca_ES\" \/>\n<meta property=\"og:type\" content=\"article\" \/>\n<meta property=\"og:title\" content=\"Els Mitjans de Comunicaci\u00f3 et conviden al Teatre Joventut - La Farga Gesti\u00f3n de Equipamientos Municipales, S.A.\" \/>\n<meta property=\"og:description\" content=\"L&#039;Hdigital i &#039;Pren-ne nota&#039; ofereixen aquesta setmana dues entrades dobles per a &#039;Misterios del Quijote&#039; que es representar\u00e0 al Teatre Joventut.\" \/>\n<meta property=\"og:url\" content=\"https:\/\/www.lafarga.com\/corporatiu\/mitjans-conviden-teatre-joventut-2\/\" \/>\n<meta property=\"og:site_name\" content=\"La Farga Gesti\u00f3n de Equipamientos Municipales, S.A.\" \/>\n<meta property=\"article:published_time\" content=\"2016-10-18T06:23:54+00:00\" \/>\n<meta property=\"article:modified_time\" content=\"2016-10-18T08:41:13+00:00\" \/>\n<meta property=\"og:image\" content=\"https:\/\/www.lafarga.com\/corporatiu\/wp-content\/uploads\/2016\/10\/Mitjans-Brujo-Farga.jpg\" \/>\n\t<meta property=\"og:image:width\" content=\"730\" \/>\n\t<meta property=\"og:image:height\" content=\"410\" \/>\n\t<meta property=\"og:image:type\" content=\"image\/jpeg\" \/>\n<meta name=\"author\" content=\"\u00d2scar Milla\" \/>\n<meta name=\"twitter:label1\" content=\"Escrit per\" \/>\n\t<meta name=\"twitter:data1\" content=\"\u00d2scar Milla\" \/>\n\t<meta name=\"twitter:label2\" content=\"Temps estimat de lectura\" \/>\n\t<meta name=\"twitter:data2\" content=\"1 minut\" \/>\n<script type=\"application\/ld+json\" class=\"yoast-schema-graph\">{\"@context\":\"https:\\\/\\\/schema.org\",\"@graph\":[{\"@type\":\"Article\",\"@id\":\"https:\\\/\\\/www.lafarga.com\\\/corporatiu\\\/mitjans-conviden-teatre-joventut-2\\\/#article\",\"isPartOf\":{\"@id\":\"https:\\\/\\\/www.lafarga.com\\\/corporatiu\\\/mitjans-conviden-teatre-joventut-2\\\/\"},\"author\":{\"name\":\"\u00d2scar Milla\",\"@id\":\"https:\\\/\\\/www.lafarga.com\\\/corporatiu\\\/#\\\/schema\\\/person\\\/70d96fe17d0da1a9c9e80d232bdbcf33\"},\"headline\":\"Els Mitjans de Comunicaci\u00f3 et conviden al Teatre Joventut\",\"datePublished\":\"2016-10-18T06:23:54+00:00\",\"dateModified\":\"2016-10-18T08:41:13+00:00\",\"mainEntityOfPage\":{\"@id\":\"https:\\\/\\\/www.lafarga.com\\\/corporatiu\\\/mitjans-conviden-teatre-joventut-2\\\/\"},\"wordCount\":200,\"publisher\":{\"@id\":\"https:\\\/\\\/www.lafarga.com\\\/corporatiu\\\/#organization\"},\"image\":{\"@id\":\"https:\\\/\\\/www.lafarga.com\\\/corporatiu\\\/mitjans-conviden-teatre-joventut-2\\\/#primaryimage\"},\"thumbnailUrl\":\"https:\\\/\\\/www.lafarga.com\\\/corporatiu\\\/wp-content\\\/uploads\\\/2016\\\/10\\\/Mitjans-Brujo-Farga.jpg\",\"articleSection\":[\"Mitjans de Comunicaci\u00f3\"],\"inLanguage\":\"ca\"},{\"@type\":\"WebPage\",\"@id\":\"https:\\\/\\\/www.lafarga.com\\\/corporatiu\\\/mitjans-conviden-teatre-joventut-2\\\/\",\"url\":\"https:\\\/\\\/www.lafarga.com\\\/corporatiu\\\/mitjans-conviden-teatre-joventut-2\\\/\",\"name\":\"Els Mitjans de Comunicaci\u00f3 et conviden al Teatre Joventut - La Farga Gesti\u00f3n de Equipamientos Municipales, S.A.\",\"isPartOf\":{\"@id\":\"https:\\\/\\\/www.lafarga.com\\\/corporatiu\\\/#website\"},\"primaryImageOfPage\":{\"@id\":\"https:\\\/\\\/www.lafarga.com\\\/corporatiu\\\/mitjans-conviden-teatre-joventut-2\\\/#primaryimage\"},\"image\":{\"@id\":\"https:\\\/\\\/www.lafarga.com\\\/corporatiu\\\/mitjans-conviden-teatre-joventut-2\\\/#primaryimage\"},\"thumbnailUrl\":\"https:\\\/\\\/www.lafarga.com\\\/corporatiu\\\/wp-content\\\/uploads\\\/2016\\\/10\\\/Mitjans-Brujo-Farga.jpg\",\"datePublished\":\"2016-10-18T06:23:54+00:00\",\"dateModified\":\"2016-10-18T08:41:13+00:00\",\"description\":\"L'Hdigital i 'Pren-ne nota' ofereixen aquesta setmana dues entrades dobles per a 'Misterios del Quijote' que es representar\u00e0 al Teatre Joventut.\",\"breadcrumb\":{\"@id\":\"https:\\\/\\\/www.lafarga.com\\\/corporatiu\\\/mitjans-conviden-teatre-joventut-2\\\/#breadcrumb\"},\"inLanguage\":\"ca\",\"potentialAction\":[{\"@type\":\"ReadAction\",\"target\":[\"https:\\\/\\\/www.lafarga.com\\\/corporatiu\\\/mitjans-conviden-teatre-joventut-2\\\/\"]}]},{\"@type\":\"ImageObject\",\"inLanguage\":\"ca\",\"@id\":\"https:\\\/\\\/www.lafarga.com\\\/corporatiu\\\/mitjans-conviden-teatre-joventut-2\\\/#primaryimage\",\"url\":\"https:\\\/\\\/www.lafarga.com\\\/corporatiu\\\/wp-content\\\/uploads\\\/2016\\\/10\\\/Mitjans-Brujo-Farga.jpg\",\"contentUrl\":\"https:\\\/\\\/www.lafarga.com\\\/corporatiu\\\/wp-content\\\/uploads\\\/2016\\\/10\\\/Mitjans-Brujo-Farga.jpg\",\"width\":730,\"height\":410,\"caption\":\"Joventut Brujo Farga\"},{\"@type\":\"BreadcrumbList\",\"@id\":\"https:\\\/\\\/www.lafarga.com\\\/corporatiu\\\/mitjans-conviden-teatre-joventut-2\\\/#breadcrumb\",\"itemListElement\":[{\"@type\":\"ListItem\",\"position\":1,\"name\":\"Home\",\"item\":\"https:\\\/\\\/www.lafarga.com\\\/corporatiu\\\/lafarga-hospitalet-llobregat\\\/\"},{\"@type\":\"ListItem\",\"position\":2,\"name\":\"Els Mitjans de Comunicaci\u00f3 et conviden al Teatre Joventut\"}]},{\"@type\":\"WebSite\",\"@id\":\"https:\\\/\\\/www.lafarga.com\\\/corporatiu\\\/#website\",\"url\":\"https:\\\/\\\/www.lafarga.com\\\/corporatiu\\\/\",\"name\":\"La Farga Gesti\u00f3 d&#039;Equipaments Municipals, SA\",\"description\":\"\",\"publisher\":{\"@id\":\"https:\\\/\\\/www.lafarga.com\\\/corporatiu\\\/#organization\"},\"potentialAction\":[{\"@type\":\"SearchAction\",\"target\":{\"@type\":\"EntryPoint\",\"urlTemplate\":\"https:\\\/\\\/www.lafarga.com\\\/corporatiu\\\/?s={search_term_string}\"},\"query-input\":{\"@type\":\"PropertyValueSpecification\",\"valueRequired\":true,\"valueName\":\"search_term_string\"}}],\"inLanguage\":\"ca\"},{\"@type\":\"Organization\",\"@id\":\"https:\\\/\\\/www.lafarga.com\\\/corporatiu\\\/#organization\",\"name\":\"La Farga Gesti\u00f3 d&#039;Equipaments Municipals, SA\",\"url\":\"https:\\\/\\\/www.lafarga.com\\\/corporatiu\\\/\",\"logo\":{\"@type\":\"ImageObject\",\"inLanguage\":\"ca\",\"@id\":\"https:\\\/\\\/www.lafarga.com\\\/corporatiu\\\/#\\\/schema\\\/logo\\\/image\\\/\",\"url\":\"https:\\\/\\\/www.lafarga.com\\\/corporatiu\\\/wp-content\\\/uploads\\\/2023\\\/11\\\/logotipo_lafarga_gemsa.svg\",\"contentUrl\":\"https:\\\/\\\/www.lafarga.com\\\/corporatiu\\\/wp-content\\\/uploads\\\/2023\\\/11\\\/logotipo_lafarga_gemsa.svg\",\"width\":102,\"height\":103,\"caption\":\"La Farga Gesti\u00f3 d&#039;Equipaments Municipals, SA\"},\"image\":{\"@id\":\"https:\\\/\\\/www.lafarga.com\\\/corporatiu\\\/#\\\/schema\\\/logo\\\/image\\\/\"}},{\"@type\":\"Person\",\"@id\":\"https:\\\/\\\/www.lafarga.com\\\/corporatiu\\\/#\\\/schema\\\/person\\\/70d96fe17d0da1a9c9e80d232bdbcf33\",\"name\":\"\u00d2scar Milla\",\"image\":{\"@type\":\"ImageObject\",\"inLanguage\":\"ca\",\"@id\":\"https:\\\/\\\/secure.gravatar.com\\\/avatar\\\/92e75d184f9d5e0e403bd4ad075b080ad258344ddc259adddb579f6a3ba6494f?s=96&d=mm&r=g\",\"url\":\"https:\\\/\\\/secure.gravatar.com\\\/avatar\\\/92e75d184f9d5e0e403bd4ad075b080ad258344ddc259adddb579f6a3ba6494f?s=96&d=mm&r=g\",\"contentUrl\":\"https:\\\/\\\/secure.gravatar.com\\\/avatar\\\/92e75d184f9d5e0e403bd4ad075b080ad258344ddc259adddb579f6a3ba6494f?s=96&d=mm&r=g\",\"caption\":\"\u00d2scar Milla\"},\"url\":\"https:\\\/\\\/www.lafarga.com\\\/corporatiu\\\/author\\\/omilla\\\/\"}]}<\/script>\n<!-- \/ Yoast SEO plugin. -->","yoast_head_json":{"title":"Els Mitjans de Comunicaci\u00f3 et conviden al Teatre Joventut - La Farga Gesti\u00f3n de Equipamientos Municipales, S.A.","description":"L'Hdigital i 'Pren-ne nota' ofereixen aquesta setmana dues entrades dobles per a 'Misterios del Quijote' que es representar\u00e0 al Teatre Joventut.","robots":{"index":"index","follow":"follow","max-snippet":"max-snippet:-1","max-image-preview":"max-image-preview:large","max-video-preview":"max-video-preview:-1"},"canonical":"https:\/\/www.lafarga.com\/corporatiu\/mitjans-conviden-teatre-joventut-2\/","og_locale":"ca_ES","og_type":"article","og_title":"Els Mitjans de Comunicaci\u00f3 et conviden al Teatre Joventut - La Farga Gesti\u00f3n de Equipamientos Municipales, S.A.","og_description":"L'Hdigital i 'Pren-ne nota' ofereixen aquesta setmana dues entrades dobles per a 'Misterios del Quijote' que es representar\u00e0 al Teatre Joventut.","og_url":"https:\/\/www.lafarga.com\/corporatiu\/mitjans-conviden-teatre-joventut-2\/","og_site_name":"La Farga Gesti\u00f3n de Equipamientos Municipales, S.A.","article_published_time":"2016-10-18T06:23:54+00:00","article_modified_time":"2016-10-18T08:41:13+00:00","og_image":[{"width":730,"height":410,"url":"https:\/\/www.lafarga.com\/corporatiu\/wp-content\/uploads\/2016\/10\/Mitjans-Brujo-Farga.jpg","type":"image\/jpeg"}],"author":"\u00d2scar Milla","twitter_misc":{"Escrit per":"\u00d2scar Milla","Temps estimat de lectura":"1 minut"},"schema":{"@context":"https:\/\/schema.org","@graph":[{"@type":"Article","@id":"https:\/\/www.lafarga.com\/corporatiu\/mitjans-conviden-teatre-joventut-2\/#article","isPartOf":{"@id":"https:\/\/www.lafarga.com\/corporatiu\/mitjans-conviden-teatre-joventut-2\/"},"author":{"name":"\u00d2scar Milla","@id":"https:\/\/www.lafarga.com\/corporatiu\/#\/schema\/person\/70d96fe17d0da1a9c9e80d232bdbcf33"},"headline":"Els Mitjans de Comunicaci\u00f3 et conviden al Teatre Joventut","datePublished":"2016-10-18T06:23:54+00:00","dateModified":"2016-10-18T08:41:13+00:00","mainEntityOfPage":{"@id":"https:\/\/www.lafarga.com\/corporatiu\/mitjans-conviden-teatre-joventut-2\/"},"wordCount":200,"publisher":{"@id":"https:\/\/www.lafarga.com\/corporatiu\/#organization"},"image":{"@id":"https:\/\/www.lafarga.com\/corporatiu\/mitjans-conviden-teatre-joventut-2\/#primaryimage"},"thumbnailUrl":"https:\/\/www.lafarga.com\/corporatiu\/wp-content\/uploads\/2016\/10\/Mitjans-Brujo-Farga.jpg","articleSection":["Mitjans de Comunicaci\u00f3"],"inLanguage":"ca"},{"@type":"WebPage","@id":"https:\/\/www.lafarga.com\/corporatiu\/mitjans-conviden-teatre-joventut-2\/","url":"https:\/\/www.lafarga.com\/corporatiu\/mitjans-conviden-teatre-joventut-2\/","name":"Els Mitjans de Comunicaci\u00f3 et conviden al Teatre Joventut - La Farga Gesti\u00f3n de Equipamientos Municipales, S.A.","isPartOf":{"@id":"https:\/\/www.lafarga.com\/corporatiu\/#website"},"primaryImageOfPage":{"@id":"https:\/\/www.lafarga.com\/corporatiu\/mitjans-conviden-teatre-joventut-2\/#primaryimage"},"image":{"@id":"https:\/\/www.lafarga.com\/corporatiu\/mitjans-conviden-teatre-joventut-2\/#primaryimage"},"thumbnailUrl":"https:\/\/www.lafarga.com\/corporatiu\/wp-content\/uploads\/2016\/10\/Mitjans-Brujo-Farga.jpg","datePublished":"2016-10-18T06:23:54+00:00","dateModified":"2016-10-18T08:41:13+00:00","description":"L'Hdigital i 'Pren-ne nota' ofereixen aquesta setmana dues entrades dobles per a 'Misterios del Quijote' que es representar\u00e0 al Teatre Joventut.","breadcrumb":{"@id":"https:\/\/www.lafarga.com\/corporatiu\/mitjans-conviden-teatre-joventut-2\/#breadcrumb"},"inLanguage":"ca","potentialAction":[{"@type":"ReadAction","target":["https:\/\/www.lafarga.com\/corporatiu\/mitjans-conviden-teatre-joventut-2\/"]}]},{"@type":"ImageObject","inLanguage":"ca","@id":"https:\/\/www.lafarga.com\/corporatiu\/mitjans-conviden-teatre-joventut-2\/#primaryimage","url":"https:\/\/www.lafarga.com\/corporatiu\/wp-content\/uploads\/2016\/10\/Mitjans-Brujo-Farga.jpg","contentUrl":"https:\/\/www.lafarga.com\/corporatiu\/wp-content\/uploads\/2016\/10\/Mitjans-Brujo-Farga.jpg","width":730,"height":410,"caption":"Joventut Brujo Farga"},{"@type":"BreadcrumbList","@id":"https:\/\/www.lafarga.com\/corporatiu\/mitjans-conviden-teatre-joventut-2\/#breadcrumb","itemListElement":[{"@type":"ListItem","position":1,"name":"Home","item":"https:\/\/www.lafarga.com\/corporatiu\/lafarga-hospitalet-llobregat\/"},{"@type":"ListItem","position":2,"name":"Els Mitjans de Comunicaci\u00f3 et conviden al Teatre Joventut"}]},{"@type":"WebSite","@id":"https:\/\/www.lafarga.com\/corporatiu\/#website","url":"https:\/\/www.lafarga.com\/corporatiu\/","name":"La Farga Gesti\u00f3 d&#039;Equipaments Municipals, SA","description":"","publisher":{"@id":"https:\/\/www.lafarga.com\/corporatiu\/#organization"},"potentialAction":[{"@type":"SearchAction","target":{"@type":"EntryPoint","urlTemplate":"https:\/\/www.lafarga.com\/corporatiu\/?s={search_term_string}"},"query-input":{"@type":"PropertyValueSpecification","valueRequired":true,"valueName":"search_term_string"}}],"inLanguage":"ca"},{"@type":"Organization","@id":"https:\/\/www.lafarga.com\/corporatiu\/#organization","name":"La Farga Gesti\u00f3 d&#039;Equipaments Municipals, SA","url":"https:\/\/www.lafarga.com\/corporatiu\/","logo":{"@type":"ImageObject","inLanguage":"ca","@id":"https:\/\/www.lafarga.com\/corporatiu\/#\/schema\/logo\/image\/","url":"https:\/\/www.lafarga.com\/corporatiu\/wp-content\/uploads\/2023\/11\/logotipo_lafarga_gemsa.svg","contentUrl":"https:\/\/www.lafarga.com\/corporatiu\/wp-content\/uploads\/2023\/11\/logotipo_lafarga_gemsa.svg","width":102,"height":103,"caption":"La Farga Gesti\u00f3 d&#039;Equipaments Municipals, SA"},"image":{"@id":"https:\/\/www.lafarga.com\/corporatiu\/#\/schema\/logo\/image\/"}},{"@type":"Person","@id":"https:\/\/www.lafarga.com\/corporatiu\/#\/schema\/person\/70d96fe17d0da1a9c9e80d232bdbcf33","name":"\u00d2scar Milla","image":{"@type":"ImageObject","inLanguage":"ca","@id":"https:\/\/secure.gravatar.com\/avatar\/92e75d184f9d5e0e403bd4ad075b080ad258344ddc259adddb579f6a3ba6494f?s=96&d=mm&r=g","url":"https:\/\/secure.gravatar.com\/avatar\/92e75d184f9d5e0e403bd4ad075b080ad258344ddc259adddb579f6a3ba6494f?s=96&d=mm&r=g","contentUrl":"https:\/\/secure.gravatar.com\/avatar\/92e75d184f9d5e0e403bd4ad075b080ad258344ddc259adddb579f6a3ba6494f?s=96&d=mm&r=g","caption":"\u00d2scar Milla"},"url":"https:\/\/www.lafarga.com\/corporatiu\/author\/omilla\/"}]}},"uagb_featured_image_src":{"full":["https:\/\/www.lafarga.com\/corporatiu\/wp-content\/uploads\/2016\/10\/Mitjans-Brujo-Farga.jpg",730,410,false],"thumbnail":["https:\/\/www.lafarga.com\/corporatiu\/wp-content\/uploads\/2016\/10\/Mitjans-Brujo-Farga-150x150.jpg",150,150,true],"medium":["https:\/\/www.lafarga.com\/corporatiu\/wp-content\/uploads\/2016\/10\/Mitjans-Brujo-Farga-300x168.jpg",300,168,true],"medium_large":["https:\/\/www.lafarga.com\/corporatiu\/wp-content\/uploads\/2016\/10\/Mitjans-Brujo-Farga.jpg",730,410,false],"large":["https:\/\/www.lafarga.com\/corporatiu\/wp-content\/uploads\/2016\/10\/Mitjans-Brujo-Farga.jpg",730,410,false],"1536x1536":["https:\/\/www.lafarga.com\/corporatiu\/wp-content\/uploads\/2016\/10\/Mitjans-Brujo-Farga.jpg",730,410,false],"2048x2048":["https:\/\/www.lafarga.com\/corporatiu\/wp-content\/uploads\/2016\/10\/Mitjans-Brujo-Farga.jpg",730,410,false],"mailpoet_newsletter_max":["https:\/\/www.lafarga.com\/corporatiu\/wp-content\/uploads\/2016\/10\/Mitjans-Brujo-Farga.jpg",730,410,false]},"uagb_author_info":{"display_name":"\u00d2scar Milla","author_link":"https:\/\/www.lafarga.com\/corporatiu\/author\/omilla\/"},"uagb_comment_info":0,"uagb_excerpt":"L'Hdigital i 'Pren-ne nota' ofereixen aquesta setmana dues entrades dobles per a 'Misterios del Quijote' que es representar\u00e0 al Teatre Joventut.","_links":{"self":[{"href":"https:\/\/www.lafarga.com\/corporatiu\/wp-json\/wp\/v2\/posts\/8978","targetHints":{"allow":["GET"]}}],"collection":[{"href":"https:\/\/www.lafarga.com\/corporatiu\/wp-json\/wp\/v2\/posts"}],"about":[{"href":"https:\/\/www.lafarga.com\/corporatiu\/wp-json\/wp\/v2\/types\/post"}],"author":[{"embeddable":true,"href":"https:\/\/www.lafarga.com\/corporatiu\/wp-json\/wp\/v2\/users\/5"}],"replies":[{"embeddable":true,"href":"https:\/\/www.lafarga.com\/corporatiu\/wp-json\/wp\/v2\/comments?post=8978"}],"version-history":[{"count":2,"href":"https:\/\/www.lafarga.com\/corporatiu\/wp-json\/wp\/v2\/posts\/8978\/revisions"}],"predecessor-version":[{"id":8988,"href":"https:\/\/www.lafarga.com\/corporatiu\/wp-json\/wp\/v2\/posts\/8978\/revisions\/8988"}],"wp:featuredmedia":[{"embeddable":true,"href":"https:\/\/www.lafarga.com\/corporatiu\/wp-json\/wp\/v2\/media\/8979"}],"wp:attachment":[{"href":"https:\/\/www.lafarga.com\/corporatiu\/wp-json\/wp\/v2\/media?parent=8978"}],"wp:term":[{"taxonomy":"category","embeddable":true,"href":"https:\/\/www.lafarga.com\/corporatiu\/wp-json\/wp\/v2\/categories?post=8978"},{"taxonomy":"post_tag","embeddable":true,"href":"https:\/\/www.lafarga.com\/corporatiu\/wp-json\/wp\/v2\/tags?post=8978"}],"curies":[{"name":"wp","href":"https:\/\/api.w.org\/{rel}","templated":true}]}}