{"id":8967,"date":"2016-10-17T11:51:40","date_gmt":"2016-10-17T11:51:40","guid":{"rendered":"http:\/\/www.lafarga.com\/corporatiu\/?p=8967"},"modified":"2016-10-17T11:52:02","modified_gmt":"2016-10-17T11:52:02","slug":"nuevas-inversiones-ciudad-portada-diari","status":"publish","type":"post","link":"https:\/\/www.lafarga.com\/corporatiu\/nuevas-inversiones-ciudad-portada-diari\/","title":{"rendered":"Las nuevas inversiones para la ciudad, portada del Diari"},"content":{"rendered":"<h5>Edici\u00f3n n\u00famero 316<\/h5>\n<p>La futura inversi\u00f3n prevista para el municipio hasta el 2019, con 130 millones de euros, es el principal tema de portada de la edici\u00f3n de octubre del <strong><a href=\"http:\/\/lhdigital.cat\/web\/diari\/diari-l-h\" target=\"_blank\">Diari de L\u2019Hospitalet<\/a><\/strong> que ha salido este lunes.<\/p>\n<p>El gobierno de la ciudad ha presentado el Plan de Actuaci\u00f3n y el Plan de Inversiones para este mandato. Los proyectos se centran en el bienestar social y los barrios. Tres centros de \u2018gent gran\u2019, dos centros juveniles y un polideportivo, entre las inversiones,<\/p>\n<p>Las ordenanzas fiscales de 2017 reducen un 0,5 el IBI residencial,\u00a0as\u00ed como la remodelaci\u00f3n de la calle del Progr\u00e9s son tambi\u00e9n dos las noticias destacadas de la edici\u00f3n 316 del rotativo hospitalense.<\/p>\n<p>La fotograf\u00eda grande de portada corresponde al nuevo Mercado de La Florida, puesto en marcha recientemente. Toda la informaci\u00f3n sobre este nuevo equipamiento la encontramos en las p\u00e1ginas centrales del diario.<\/p>\n<h5>Semana de la Solidaridad de L\u2019Hospitalet<\/h5>\n<p>Otros temas destacados son la llegada del Grupo Planeta a la ciudad, alquilando los antiguos juzgados para hacer un centro de formaci\u00f3n, la apertura de un nuevo periodo de alegaciones sobre el PDU Granvia para instituciones y la Semana de la Solidaridad que se encuentra en la recta final para recoger dinero para Cruz Roja. La Farga Centro de Actividades fue escenario de una de las actividades con el gran concierto de Cadena Dial <strong><a href=\"http:\/\/www.lafargalhospitalet.com\/farga-llena-rebosar-vibra-mejor-aqui-y-alli\/\" target=\"_blank\">que reuni\u00f3 a m\u00e1s de 9.000 personas<\/a><\/strong>.<\/p>\n<p>En el apartado cultural encontramos la entrevista a Finn Taylor, directivo del Cirque du Soleil, que se instalar\u00e1 pr\u00f3ximamente en Bellvitge y en deportes, la celebraci\u00f3n del 40 a\u00f1os Juegos Escolares.<\/p>\n<p>Por lo que respecta a las recomendaciones del Diari de L\u2019Hospitalet destaca la llegada del <strong><a href=\"http:\/\/www.lafargalhospitalet.com\/agenda-cas\/\" target=\"_blank\">sal\u00f3n Creativa<\/a><\/strong>, a La Farga del 3 al 6 de noviembre, y la nueva <strong><a href=\"https:\/\/www.lafarga.com\/corporatiu\/torre-barrina-amplia-oferta-cursos-talleres\/\" target=\"_blank\">propuesta de cursos<\/a><\/strong> para todas las edades en Torre Barrina.<\/p>\n<p>El Diario de L\u2019Hospitalet, medio editado por La Farga Gesti\u00f3n de Equipamientos Municipales SA, tiene una tirada de 105.000 ejemplares cada mes, llegando a todos los hogares de la ciudad.<\/p>\n<p>A trav\u00e9s de este <strong><a href=\"http:\/\/lhdigital.cat\/web\/diari\/versio_digital\" target=\"_blank\">enlace<\/a><\/strong> puede consultar la versi\u00f3n digital del Diari de L\u2019Hospitalet.<\/p>\n","protected":false},"excerpt":{"rendered":"<p>La futura inversi\u00f3n prevista para el municipio hasta el 2019, con 130 millones de euros, es el principal tema de portada de la edici\u00f3n de octubre del Diari de L\u2019Hospitalet <\/p>\n","protected":false},"author":5,"featured_media":8960,"comment_status":"closed","ping_status":"closed","sticky":false,"template":"","format":"standard","meta":{"inline_featured_image":false,"_uag_custom_page_level_css":"","_monsterinsights_skip_tracking":false,"_monsterinsights_sitenote_active":false,"_monsterinsights_sitenote_note":"","_monsterinsights_sitenote_category":0,"site-sidebar-layout":"default","site-content-layout":"","ast-site-content-layout":"default","site-content-style":"default","site-sidebar-style":"default","ast-global-header-display":"","ast-banner-title-visibility":"","ast-main-header-display":"","ast-hfb-above-header-display":"","ast-hfb-below-header-display":"","ast-hfb-mobile-header-display":"","site-post-title":"","ast-breadcrumbs-content":"","ast-featured-img":"","footer-sml-layout":"","ast-disable-related-posts":"","theme-transparent-header-meta":"","adv-header-id-meta":"","stick-header-meta":"","header-above-stick-meta":"","header-main-stick-meta":"","header-below-stick-meta":"","astra-migrate-meta-layouts":"default","ast-page-background-enabled":"default","ast-page-background-meta":{"desktop":{"background-color":"var(--ast-global-color-4)","background-image":"","background-repeat":"repeat","background-position":"center center","background-size":"auto","background-attachment":"scroll","background-type":"","background-media":"","overlay-type":"","overlay-color":"","overlay-opacity":"","overlay-gradient":""},"tablet":{"background-color":"","background-image":"","background-repeat":"repeat","background-position":"center center","background-size":"auto","background-attachment":"scroll","background-type":"","background-media":"","overlay-type":"","overlay-color":"","overlay-opacity":"","overlay-gradient":""},"mobile":{"background-color":"","background-image":"","background-repeat":"repeat","background-position":"center center","background-size":"auto","background-attachment":"scroll","background-type":"","background-media":"","overlay-type":"","overlay-color":"","overlay-opacity":"","overlay-gradient":""}},"ast-content-background-meta":{"desktop":{"background-color":"var(--ast-global-color-5)","background-image":"","background-repeat":"repeat","background-position":"center center","background-size":"auto","background-attachment":"scroll","background-type":"","background-media":"","overlay-type":"","overlay-color":"","overlay-opacity":"","overlay-gradient":""},"tablet":{"background-color":"var(--ast-global-color-5)","background-image":"","background-repeat":"repeat","background-position":"center center","background-size":"auto","background-attachment":"scroll","background-type":"","background-media":"","overlay-type":"","overlay-color":"","overlay-opacity":"","overlay-gradient":""},"mobile":{"background-color":"var(--ast-global-color-5)","background-image":"","background-repeat":"repeat","background-position":"center center","background-size":"auto","background-attachment":"scroll","background-type":"","background-media":"","overlay-type":"","overlay-color":"","overlay-opacity":"","overlay-gradient":""}},"footnotes":""},"categories":[81],"tags":[],"class_list":["post-8967","post","type-post","status-publish","format-standard","has-post-thumbnail","hentry","category-medios-comunicacion"],"yoast_head":"<!-- This site is optimized with the Yoast SEO plugin v27.4 - https:\/\/yoast.com\/product\/yoast-seo-wordpress\/ -->\n<title>Las nuevas inversiones para la ciudad, portada del Diari - La Farga Gesti\u00f3n de Equipamientos Municipales, S.A.<\/title>\n<meta name=\"description\" content=\"La futura inversi\u00f3 prevista per al municipi fins el 2019, amb 130 milions d\u2019euros, \u00e9s el principal tema de portada de l\u2019edici\u00f3 d\u2019octubre del Diari de L\u2019H.\" \/>\n<meta name=\"robots\" content=\"index, follow, max-snippet:-1, max-image-preview:large, max-video-preview:-1\" \/>\n<link rel=\"canonical\" href=\"https:\/\/www.lafarga.com\/corporatiu\/nuevas-inversiones-ciudad-portada-diari\/\" \/>\n<meta property=\"og:locale\" content=\"ca_ES\" \/>\n<meta property=\"og:type\" content=\"article\" \/>\n<meta property=\"og:title\" content=\"Las nuevas inversiones para la ciudad, portada del Diari - La Farga Gesti\u00f3n de Equipamientos Municipales, S.A.\" \/>\n<meta property=\"og:description\" content=\"La futura inversi\u00f3 prevista per al municipi fins el 2019, amb 130 milions d\u2019euros, \u00e9s el principal tema de portada de l\u2019edici\u00f3 d\u2019octubre del Diari de L\u2019H.\" \/>\n<meta property=\"og:url\" content=\"https:\/\/www.lafarga.com\/corporatiu\/nuevas-inversiones-ciudad-portada-diari\/\" \/>\n<meta property=\"og:site_name\" content=\"La Farga Gesti\u00f3n de Equipamientos Municipales, S.A.\" \/>\n<meta property=\"article:published_time\" content=\"2016-10-17T11:51:40+00:00\" \/>\n<meta property=\"article:modified_time\" content=\"2016-10-17T11:52:02+00:00\" \/>\n<meta property=\"og:image\" content=\"https:\/\/www.lafarga.com\/corporatiu\/wp-content\/uploads\/2016\/10\/Portada-DiariLH-Octubre1.jpg\" \/>\n\t<meta property=\"og:image:width\" content=\"730\" \/>\n\t<meta property=\"og:image:height\" content=\"410\" \/>\n\t<meta property=\"og:image:type\" content=\"image\/jpeg\" \/>\n<meta name=\"author\" content=\"\u00d2scar Milla\" \/>\n<meta name=\"twitter:label1\" content=\"Escrit per\" \/>\n\t<meta name=\"twitter:data1\" content=\"\u00d2scar Milla\" \/>\n\t<meta name=\"twitter:label2\" content=\"Temps estimat de lectura\" \/>\n\t<meta name=\"twitter:data2\" content=\"2 minuts\" \/>\n<script type=\"application\/ld+json\" class=\"yoast-schema-graph\">{\"@context\":\"https:\\\/\\\/schema.org\",\"@graph\":[{\"@type\":\"Article\",\"@id\":\"https:\\\/\\\/www.lafarga.com\\\/corporatiu\\\/nuevas-inversiones-ciudad-portada-diari\\\/#article\",\"isPartOf\":{\"@id\":\"https:\\\/\\\/www.lafarga.com\\\/corporatiu\\\/nuevas-inversiones-ciudad-portada-diari\\\/\"},\"author\":{\"name\":\"\u00d2scar Milla\",\"@id\":\"https:\\\/\\\/www.lafarga.com\\\/corporatiu\\\/#\\\/schema\\\/person\\\/70d96fe17d0da1a9c9e80d232bdbcf33\"},\"headline\":\"Las nuevas inversiones para la ciudad, portada del Diari\",\"datePublished\":\"2016-10-17T11:51:40+00:00\",\"dateModified\":\"2016-10-17T11:52:02+00:00\",\"mainEntityOfPage\":{\"@id\":\"https:\\\/\\\/www.lafarga.com\\\/corporatiu\\\/nuevas-inversiones-ciudad-portada-diari\\\/\"},\"wordCount\":371,\"publisher\":{\"@id\":\"https:\\\/\\\/www.lafarga.com\\\/corporatiu\\\/#organization\"},\"image\":{\"@id\":\"https:\\\/\\\/www.lafarga.com\\\/corporatiu\\\/nuevas-inversiones-ciudad-portada-diari\\\/#primaryimage\"},\"thumbnailUrl\":\"https:\\\/\\\/www.lafarga.com\\\/corporatiu\\\/wp-content\\\/uploads\\\/2016\\\/10\\\/Portada-DiariLH-Octubre1.jpg\",\"articleSection\":[\"Medios de Comunicaci\u00f3n\"],\"inLanguage\":\"ca\"},{\"@type\":\"WebPage\",\"@id\":\"https:\\\/\\\/www.lafarga.com\\\/corporatiu\\\/nuevas-inversiones-ciudad-portada-diari\\\/\",\"url\":\"https:\\\/\\\/www.lafarga.com\\\/corporatiu\\\/nuevas-inversiones-ciudad-portada-diari\\\/\",\"name\":\"Las nuevas inversiones para la ciudad, portada del Diari - La Farga Gesti\u00f3n de Equipamientos Municipales, S.A.\",\"isPartOf\":{\"@id\":\"https:\\\/\\\/www.lafarga.com\\\/corporatiu\\\/#website\"},\"primaryImageOfPage\":{\"@id\":\"https:\\\/\\\/www.lafarga.com\\\/corporatiu\\\/nuevas-inversiones-ciudad-portada-diari\\\/#primaryimage\"},\"image\":{\"@id\":\"https:\\\/\\\/www.lafarga.com\\\/corporatiu\\\/nuevas-inversiones-ciudad-portada-diari\\\/#primaryimage\"},\"thumbnailUrl\":\"https:\\\/\\\/www.lafarga.com\\\/corporatiu\\\/wp-content\\\/uploads\\\/2016\\\/10\\\/Portada-DiariLH-Octubre1.jpg\",\"datePublished\":\"2016-10-17T11:51:40+00:00\",\"dateModified\":\"2016-10-17T11:52:02+00:00\",\"description\":\"La futura inversi\u00f3 prevista per al municipi fins el 2019, amb 130 milions d\u2019euros, \u00e9s el principal tema de portada de l\u2019edici\u00f3 d\u2019octubre del Diari de L\u2019H.\",\"breadcrumb\":{\"@id\":\"https:\\\/\\\/www.lafarga.com\\\/corporatiu\\\/nuevas-inversiones-ciudad-portada-diari\\\/#breadcrumb\"},\"inLanguage\":\"ca\",\"potentialAction\":[{\"@type\":\"ReadAction\",\"target\":[\"https:\\\/\\\/www.lafarga.com\\\/corporatiu\\\/nuevas-inversiones-ciudad-portada-diari\\\/\"]}]},{\"@type\":\"ImageObject\",\"inLanguage\":\"ca\",\"@id\":\"https:\\\/\\\/www.lafarga.com\\\/corporatiu\\\/nuevas-inversiones-ciudad-portada-diari\\\/#primaryimage\",\"url\":\"https:\\\/\\\/www.lafarga.com\\\/corporatiu\\\/wp-content\\\/uploads\\\/2016\\\/10\\\/Portada-DiariLH-Octubre1.jpg\",\"contentUrl\":\"https:\\\/\\\/www.lafarga.com\\\/corporatiu\\\/wp-content\\\/uploads\\\/2016\\\/10\\\/Portada-DiariLH-Octubre1.jpg\",\"width\":730,\"height\":410,\"caption\":\"Diari LHospitalet\"},{\"@type\":\"BreadcrumbList\",\"@id\":\"https:\\\/\\\/www.lafarga.com\\\/corporatiu\\\/nuevas-inversiones-ciudad-portada-diari\\\/#breadcrumb\",\"itemListElement\":[{\"@type\":\"ListItem\",\"position\":1,\"name\":\"Home\",\"item\":\"https:\\\/\\\/www.lafarga.com\\\/corporatiu\\\/lafarga-hospitalet-llobregat\\\/\"},{\"@type\":\"ListItem\",\"position\":2,\"name\":\"Las nuevas inversiones para la ciudad, portada del Diari\"}]},{\"@type\":\"WebSite\",\"@id\":\"https:\\\/\\\/www.lafarga.com\\\/corporatiu\\\/#website\",\"url\":\"https:\\\/\\\/www.lafarga.com\\\/corporatiu\\\/\",\"name\":\"La Farga Gesti\u00f3 d&#039;Equipaments Municipals, SA\",\"description\":\"\",\"publisher\":{\"@id\":\"https:\\\/\\\/www.lafarga.com\\\/corporatiu\\\/#organization\"},\"potentialAction\":[{\"@type\":\"SearchAction\",\"target\":{\"@type\":\"EntryPoint\",\"urlTemplate\":\"https:\\\/\\\/www.lafarga.com\\\/corporatiu\\\/?s={search_term_string}\"},\"query-input\":{\"@type\":\"PropertyValueSpecification\",\"valueRequired\":true,\"valueName\":\"search_term_string\"}}],\"inLanguage\":\"ca\"},{\"@type\":\"Organization\",\"@id\":\"https:\\\/\\\/www.lafarga.com\\\/corporatiu\\\/#organization\",\"name\":\"La Farga Gesti\u00f3 d&#039;Equipaments Municipals, SA\",\"url\":\"https:\\\/\\\/www.lafarga.com\\\/corporatiu\\\/\",\"logo\":{\"@type\":\"ImageObject\",\"inLanguage\":\"ca\",\"@id\":\"https:\\\/\\\/www.lafarga.com\\\/corporatiu\\\/#\\\/schema\\\/logo\\\/image\\\/\",\"url\":\"https:\\\/\\\/www.lafarga.com\\\/corporatiu\\\/wp-content\\\/uploads\\\/2023\\\/11\\\/logotipo_lafarga_gemsa.svg\",\"contentUrl\":\"https:\\\/\\\/www.lafarga.com\\\/corporatiu\\\/wp-content\\\/uploads\\\/2023\\\/11\\\/logotipo_lafarga_gemsa.svg\",\"width\":102,\"height\":103,\"caption\":\"La Farga Gesti\u00f3 d&#039;Equipaments Municipals, SA\"},\"image\":{\"@id\":\"https:\\\/\\\/www.lafarga.com\\\/corporatiu\\\/#\\\/schema\\\/logo\\\/image\\\/\"}},{\"@type\":\"Person\",\"@id\":\"https:\\\/\\\/www.lafarga.com\\\/corporatiu\\\/#\\\/schema\\\/person\\\/70d96fe17d0da1a9c9e80d232bdbcf33\",\"name\":\"\u00d2scar Milla\",\"image\":{\"@type\":\"ImageObject\",\"inLanguage\":\"ca\",\"@id\":\"https:\\\/\\\/secure.gravatar.com\\\/avatar\\\/92e75d184f9d5e0e403bd4ad075b080ad258344ddc259adddb579f6a3ba6494f?s=96&d=mm&r=g\",\"url\":\"https:\\\/\\\/secure.gravatar.com\\\/avatar\\\/92e75d184f9d5e0e403bd4ad075b080ad258344ddc259adddb579f6a3ba6494f?s=96&d=mm&r=g\",\"contentUrl\":\"https:\\\/\\\/secure.gravatar.com\\\/avatar\\\/92e75d184f9d5e0e403bd4ad075b080ad258344ddc259adddb579f6a3ba6494f?s=96&d=mm&r=g\",\"caption\":\"\u00d2scar Milla\"},\"url\":\"https:\\\/\\\/www.lafarga.com\\\/corporatiu\\\/author\\\/omilla\\\/\"}]}<\/script>\n<!-- \/ Yoast SEO plugin. -->","yoast_head_json":{"title":"Las nuevas inversiones para la ciudad, portada del Diari - La Farga Gesti\u00f3n de Equipamientos Municipales, S.A.","description":"La futura inversi\u00f3 prevista per al municipi fins el 2019, amb 130 milions d\u2019euros, \u00e9s el principal tema de portada de l\u2019edici\u00f3 d\u2019octubre del Diari de L\u2019H.","robots":{"index":"index","follow":"follow","max-snippet":"max-snippet:-1","max-image-preview":"max-image-preview:large","max-video-preview":"max-video-preview:-1"},"canonical":"https:\/\/www.lafarga.com\/corporatiu\/nuevas-inversiones-ciudad-portada-diari\/","og_locale":"ca_ES","og_type":"article","og_title":"Las nuevas inversiones para la ciudad, portada del Diari - La Farga Gesti\u00f3n de Equipamientos Municipales, S.A.","og_description":"La futura inversi\u00f3 prevista per al municipi fins el 2019, amb 130 milions d\u2019euros, \u00e9s el principal tema de portada de l\u2019edici\u00f3 d\u2019octubre del Diari de L\u2019H.","og_url":"https:\/\/www.lafarga.com\/corporatiu\/nuevas-inversiones-ciudad-portada-diari\/","og_site_name":"La Farga Gesti\u00f3n de Equipamientos Municipales, S.A.","article_published_time":"2016-10-17T11:51:40+00:00","article_modified_time":"2016-10-17T11:52:02+00:00","og_image":[{"width":730,"height":410,"url":"https:\/\/www.lafarga.com\/corporatiu\/wp-content\/uploads\/2016\/10\/Portada-DiariLH-Octubre1.jpg","type":"image\/jpeg"}],"author":"\u00d2scar Milla","twitter_misc":{"Escrit per":"\u00d2scar Milla","Temps estimat de lectura":"2 minuts"},"schema":{"@context":"https:\/\/schema.org","@graph":[{"@type":"Article","@id":"https:\/\/www.lafarga.com\/corporatiu\/nuevas-inversiones-ciudad-portada-diari\/#article","isPartOf":{"@id":"https:\/\/www.lafarga.com\/corporatiu\/nuevas-inversiones-ciudad-portada-diari\/"},"author":{"name":"\u00d2scar Milla","@id":"https:\/\/www.lafarga.com\/corporatiu\/#\/schema\/person\/70d96fe17d0da1a9c9e80d232bdbcf33"},"headline":"Las nuevas inversiones para la ciudad, portada del Diari","datePublished":"2016-10-17T11:51:40+00:00","dateModified":"2016-10-17T11:52:02+00:00","mainEntityOfPage":{"@id":"https:\/\/www.lafarga.com\/corporatiu\/nuevas-inversiones-ciudad-portada-diari\/"},"wordCount":371,"publisher":{"@id":"https:\/\/www.lafarga.com\/corporatiu\/#organization"},"image":{"@id":"https:\/\/www.lafarga.com\/corporatiu\/nuevas-inversiones-ciudad-portada-diari\/#primaryimage"},"thumbnailUrl":"https:\/\/www.lafarga.com\/corporatiu\/wp-content\/uploads\/2016\/10\/Portada-DiariLH-Octubre1.jpg","articleSection":["Medios de Comunicaci\u00f3n"],"inLanguage":"ca"},{"@type":"WebPage","@id":"https:\/\/www.lafarga.com\/corporatiu\/nuevas-inversiones-ciudad-portada-diari\/","url":"https:\/\/www.lafarga.com\/corporatiu\/nuevas-inversiones-ciudad-portada-diari\/","name":"Las nuevas inversiones para la ciudad, portada del Diari - La Farga Gesti\u00f3n de Equipamientos Municipales, S.A.","isPartOf":{"@id":"https:\/\/www.lafarga.com\/corporatiu\/#website"},"primaryImageOfPage":{"@id":"https:\/\/www.lafarga.com\/corporatiu\/nuevas-inversiones-ciudad-portada-diari\/#primaryimage"},"image":{"@id":"https:\/\/www.lafarga.com\/corporatiu\/nuevas-inversiones-ciudad-portada-diari\/#primaryimage"},"thumbnailUrl":"https:\/\/www.lafarga.com\/corporatiu\/wp-content\/uploads\/2016\/10\/Portada-DiariLH-Octubre1.jpg","datePublished":"2016-10-17T11:51:40+00:00","dateModified":"2016-10-17T11:52:02+00:00","description":"La futura inversi\u00f3 prevista per al municipi fins el 2019, amb 130 milions d\u2019euros, \u00e9s el principal tema de portada de l\u2019edici\u00f3 d\u2019octubre del Diari de L\u2019H.","breadcrumb":{"@id":"https:\/\/www.lafarga.com\/corporatiu\/nuevas-inversiones-ciudad-portada-diari\/#breadcrumb"},"inLanguage":"ca","potentialAction":[{"@type":"ReadAction","target":["https:\/\/www.lafarga.com\/corporatiu\/nuevas-inversiones-ciudad-portada-diari\/"]}]},{"@type":"ImageObject","inLanguage":"ca","@id":"https:\/\/www.lafarga.com\/corporatiu\/nuevas-inversiones-ciudad-portada-diari\/#primaryimage","url":"https:\/\/www.lafarga.com\/corporatiu\/wp-content\/uploads\/2016\/10\/Portada-DiariLH-Octubre1.jpg","contentUrl":"https:\/\/www.lafarga.com\/corporatiu\/wp-content\/uploads\/2016\/10\/Portada-DiariLH-Octubre1.jpg","width":730,"height":410,"caption":"Diari LHospitalet"},{"@type":"BreadcrumbList","@id":"https:\/\/www.lafarga.com\/corporatiu\/nuevas-inversiones-ciudad-portada-diari\/#breadcrumb","itemListElement":[{"@type":"ListItem","position":1,"name":"Home","item":"https:\/\/www.lafarga.com\/corporatiu\/lafarga-hospitalet-llobregat\/"},{"@type":"ListItem","position":2,"name":"Las nuevas inversiones para la ciudad, portada del Diari"}]},{"@type":"WebSite","@id":"https:\/\/www.lafarga.com\/corporatiu\/#website","url":"https:\/\/www.lafarga.com\/corporatiu\/","name":"La Farga Gesti\u00f3 d&#039;Equipaments Municipals, SA","description":"","publisher":{"@id":"https:\/\/www.lafarga.com\/corporatiu\/#organization"},"potentialAction":[{"@type":"SearchAction","target":{"@type":"EntryPoint","urlTemplate":"https:\/\/www.lafarga.com\/corporatiu\/?s={search_term_string}"},"query-input":{"@type":"PropertyValueSpecification","valueRequired":true,"valueName":"search_term_string"}}],"inLanguage":"ca"},{"@type":"Organization","@id":"https:\/\/www.lafarga.com\/corporatiu\/#organization","name":"La Farga Gesti\u00f3 d&#039;Equipaments Municipals, SA","url":"https:\/\/www.lafarga.com\/corporatiu\/","logo":{"@type":"ImageObject","inLanguage":"ca","@id":"https:\/\/www.lafarga.com\/corporatiu\/#\/schema\/logo\/image\/","url":"https:\/\/www.lafarga.com\/corporatiu\/wp-content\/uploads\/2023\/11\/logotipo_lafarga_gemsa.svg","contentUrl":"https:\/\/www.lafarga.com\/corporatiu\/wp-content\/uploads\/2023\/11\/logotipo_lafarga_gemsa.svg","width":102,"height":103,"caption":"La Farga Gesti\u00f3 d&#039;Equipaments Municipals, SA"},"image":{"@id":"https:\/\/www.lafarga.com\/corporatiu\/#\/schema\/logo\/image\/"}},{"@type":"Person","@id":"https:\/\/www.lafarga.com\/corporatiu\/#\/schema\/person\/70d96fe17d0da1a9c9e80d232bdbcf33","name":"\u00d2scar Milla","image":{"@type":"ImageObject","inLanguage":"ca","@id":"https:\/\/secure.gravatar.com\/avatar\/92e75d184f9d5e0e403bd4ad075b080ad258344ddc259adddb579f6a3ba6494f?s=96&d=mm&r=g","url":"https:\/\/secure.gravatar.com\/avatar\/92e75d184f9d5e0e403bd4ad075b080ad258344ddc259adddb579f6a3ba6494f?s=96&d=mm&r=g","contentUrl":"https:\/\/secure.gravatar.com\/avatar\/92e75d184f9d5e0e403bd4ad075b080ad258344ddc259adddb579f6a3ba6494f?s=96&d=mm&r=g","caption":"\u00d2scar Milla"},"url":"https:\/\/www.lafarga.com\/corporatiu\/author\/omilla\/"}]}},"uagb_featured_image_src":{"full":["https:\/\/www.lafarga.com\/corporatiu\/wp-content\/uploads\/2016\/10\/Portada-DiariLH-Octubre1.jpg",730,410,false],"thumbnail":["https:\/\/www.lafarga.com\/corporatiu\/wp-content\/uploads\/2016\/10\/Portada-DiariLH-Octubre1-150x150.jpg",150,150,true],"medium":["https:\/\/www.lafarga.com\/corporatiu\/wp-content\/uploads\/2016\/10\/Portada-DiariLH-Octubre1-300x168.jpg",300,168,true],"medium_large":["https:\/\/www.lafarga.com\/corporatiu\/wp-content\/uploads\/2016\/10\/Portada-DiariLH-Octubre1.jpg",730,410,false],"large":["https:\/\/www.lafarga.com\/corporatiu\/wp-content\/uploads\/2016\/10\/Portada-DiariLH-Octubre1.jpg",730,410,false],"1536x1536":["https:\/\/www.lafarga.com\/corporatiu\/wp-content\/uploads\/2016\/10\/Portada-DiariLH-Octubre1.jpg",730,410,false],"2048x2048":["https:\/\/www.lafarga.com\/corporatiu\/wp-content\/uploads\/2016\/10\/Portada-DiariLH-Octubre1.jpg",730,410,false],"mailpoet_newsletter_max":["https:\/\/www.lafarga.com\/corporatiu\/wp-content\/uploads\/2016\/10\/Portada-DiariLH-Octubre1.jpg",730,410,false]},"uagb_author_info":{"display_name":"\u00d2scar Milla","author_link":"https:\/\/www.lafarga.com\/corporatiu\/author\/omilla\/"},"uagb_comment_info":0,"uagb_excerpt":"La futura inversi\u00f3n prevista para el municipio hasta el 2019, con 130 millones de euros, es el principal tema de portada de la edici\u00f3n de octubre del Diari de L\u2019Hospitalet","_links":{"self":[{"href":"https:\/\/www.lafarga.com\/corporatiu\/wp-json\/wp\/v2\/posts\/8967","targetHints":{"allow":["GET"]}}],"collection":[{"href":"https:\/\/www.lafarga.com\/corporatiu\/wp-json\/wp\/v2\/posts"}],"about":[{"href":"https:\/\/www.lafarga.com\/corporatiu\/wp-json\/wp\/v2\/types\/post"}],"author":[{"embeddable":true,"href":"https:\/\/www.lafarga.com\/corporatiu\/wp-json\/wp\/v2\/users\/5"}],"replies":[{"embeddable":true,"href":"https:\/\/www.lafarga.com\/corporatiu\/wp-json\/wp\/v2\/comments?post=8967"}],"version-history":[{"count":1,"href":"https:\/\/www.lafarga.com\/corporatiu\/wp-json\/wp\/v2\/posts\/8967\/revisions"}],"predecessor-version":[{"id":8968,"href":"https:\/\/www.lafarga.com\/corporatiu\/wp-json\/wp\/v2\/posts\/8967\/revisions\/8968"}],"wp:featuredmedia":[{"embeddable":true,"href":"https:\/\/www.lafarga.com\/corporatiu\/wp-json\/wp\/v2\/media\/8960"}],"wp:attachment":[{"href":"https:\/\/www.lafarga.com\/corporatiu\/wp-json\/wp\/v2\/media?parent=8967"}],"wp:term":[{"taxonomy":"category","embeddable":true,"href":"https:\/\/www.lafarga.com\/corporatiu\/wp-json\/wp\/v2\/categories?post=8967"},{"taxonomy":"post_tag","embeddable":true,"href":"https:\/\/www.lafarga.com\/corporatiu\/wp-json\/wp\/v2\/tags?post=8967"}],"curies":[{"name":"wp","href":"https:\/\/api.w.org\/{rel}","templated":true}]}}