{"id":8692,"date":"2016-09-20T10:40:51","date_gmt":"2016-09-20T10:40:51","guid":{"rendered":"http:\/\/www.lafarga.com\/corporatiu\/?p=8692"},"modified":"2016-09-20T10:40:51","modified_gmt":"2016-09-20T10:40:51","slug":"educacion-cultura-solidaridad-portada-diari-hospitalet","status":"publish","type":"post","link":"https:\/\/www.lafarga.com\/corporatiu\/educacion-cultura-solidaridad-portada-diari-hospitalet\/","title":{"rendered":"Educaci\u00f3n, cultura y solidaridad, en portada del Diari de L\u2019Hospitalet"},"content":{"rendered":"<h5>Gran oferta cultural para el oto\u00f1o<\/h5>\n<p>Las novedades del nuevo curso escolar de L&#8217;Hospitalet son el principal tema de portada de la edici\u00f3n del <strong><a href=\"http:\/\/lhdigital.cat\/web\/diari\/diari-l-h\" target=\"_blank\">Diari de L&#8217;Hospitalet<\/a><\/strong>, correspondiente a la edici\u00f3n de septiembre.<\/p>\n<p>El programa municipal para que 1.700 alumnos de 30 institutos hagan clases de ingl\u00e9s, adem\u00e1s del futuro sobre las infraestructuras pendientes, que la comunidad educativa espera que la Generalitat anuncie en breve, son las informaciones que encontraremos en las p\u00e1ginas centrales.<\/p>\n<p>La portada de la edici\u00f3n 315 del Diari de L&#8217;Hospitalet tambi\u00e9n nos informa de la intensa actividad cultural de este oto\u00f1o con la segunda edici\u00f3n de la Gallery Weekend, que se har\u00e1 en el Distrito Cultural del 29 de septiembre al 2 de octubre; la temporada de m\u00fasica, teatro, danza y poes\u00eda del Teatre Joventut y el Auditori Barradas; la presencia en el Pessics de Ci\u00e8ncia del reconocido cient\u00edfico del Idibell, el doctor Manel Esteller, y el espect\u00e1culo &#8216;Flaco favor&#8217; con Dani Flaco y Juan Cruz, que abrir\u00e1 el tercer Festival Roselles 32.<\/p>\n<p>La Semana de la Solidaridad de L&#8217;Hospitalet, que recoger\u00e1 dinero para comprar alimentos frescos, tambi\u00e9n tiene un destacado en la portada, como el futuro de las estaciones de la L10 del Metro, con la decisi\u00f3n de la Generalitat pendiente sobre su plan de apertura, y la Menci\u00f3n de Honor para el Servicio de Mediiaci\u00f3n Comunitaria en el primer congreso internacional de arbitraje.<\/p>\n<p>En el apartado deportivo, el Diari de L&#8217;Hospitalet nos ofrece un reportaje sobre el deporte femenino de la ciudad, un valor que gana peso.<\/p>\n<h5>Actividades de diferentes \u00e1reas de La Farga GEMSA<\/h5>\n<p>La Farga Centro de Actividades tiene su espacio en p\u00e1ginas del Diari con el eco del <strong><a href=\"http:\/\/www.lafargalhospitalet.com\/notable-afluencia-publico-primer-retromoto\/\" target=\"_blank\">primer sal\u00f3n RetroMoto<\/a><\/strong>, que ha reunido a m\u00e1s de 12.000 visitantes, y la celebraci\u00f3n del concierto solidario <strong><a href=\"http:\/\/www.lafargalhospitalet.com\/lo-mejor-de-aqui-y-de-alli-30-septiembre-farga\/\" target=\"_blank\">&#8216;Lo Mejor de Aqu\u00ed y de All\u00ed&#8217;<\/a><\/strong>, que se celebrar\u00e1 el pr\u00f3ximo 30 de septiembre organizado por Cadena Dial.<\/p>\n<p>La <strong><a href=\"https:\/\/www.lafarga.com\/corporatiu\/medios-arrancan-temporada-programas-deportes-cultura\/\" target=\"_blank\">nueva temporada de los Medios de Comunicaci\u00f3n<\/a><\/strong>, con el estreno en Televisi\u00f3n de L&#8217;Hospitalet de programas de deportes y cultura, ocupa uno de los breves interiores.<\/p>\n<p>El Diari de L&#8217;Hospitalet, medio de comunicaci\u00f3n que gestiona La Farga Gesti\u00f3n de Equipamientos Municipales, tiene una tirada de 105.000 ejemplares cada mes, llegando a todos los hogares de la ciudad.<\/p>\n<p>El Diari de L&#8217;Hospitalet tambi\u00e9n se puede visitar en versi\u00f3n digital, a trav\u00e9s de este <strong><a href=\"http:\/\/lhdigital.cat\/diarilh_digital\/315\/index.html\" target=\"_blank\">enlace<\/a><\/strong>.<\/p>\n","protected":false},"excerpt":{"rendered":"<p>Las novedades del nuevo curso escolar de L&#8217;Hospitalet son el principal tema de portada de la edici\u00f3n del Diari de L&#8217;Hospitalet, correspondiente a la edici\u00f3n de septiembre.<\/p>\n","protected":false},"author":5,"featured_media":8690,"comment_status":"closed","ping_status":"closed","sticky":false,"template":"","format":"standard","meta":{"inline_featured_image":false,"_uag_custom_page_level_css":"","_monsterinsights_skip_tracking":false,"_monsterinsights_sitenote_active":false,"_monsterinsights_sitenote_note":"","_monsterinsights_sitenote_category":0,"site-sidebar-layout":"default","site-content-layout":"","ast-site-content-layout":"default","site-content-style":"default","site-sidebar-style":"default","ast-global-header-display":"","ast-banner-title-visibility":"","ast-main-header-display":"","ast-hfb-above-header-display":"","ast-hfb-below-header-display":"","ast-hfb-mobile-header-display":"","site-post-title":"","ast-breadcrumbs-content":"","ast-featured-img":"","footer-sml-layout":"","ast-disable-related-posts":"","theme-transparent-header-meta":"","adv-header-id-meta":"","stick-header-meta":"","header-above-stick-meta":"","header-main-stick-meta":"","header-below-stick-meta":"","astra-migrate-meta-layouts":"default","ast-page-background-enabled":"default","ast-page-background-meta":{"desktop":{"background-color":"var(--ast-global-color-4)","background-image":"","background-repeat":"repeat","background-position":"center center","background-size":"auto","background-attachment":"scroll","background-type":"","background-media":"","overlay-type":"","overlay-color":"","overlay-opacity":"","overlay-gradient":""},"tablet":{"background-color":"","background-image":"","background-repeat":"repeat","background-position":"center center","background-size":"auto","background-attachment":"scroll","background-type":"","background-media":"","overlay-type":"","overlay-color":"","overlay-opacity":"","overlay-gradient":""},"mobile":{"background-color":"","background-image":"","background-repeat":"repeat","background-position":"center center","background-size":"auto","background-attachment":"scroll","background-type":"","background-media":"","overlay-type":"","overlay-color":"","overlay-opacity":"","overlay-gradient":""}},"ast-content-background-meta":{"desktop":{"background-color":"var(--ast-global-color-5)","background-image":"","background-repeat":"repeat","background-position":"center center","background-size":"auto","background-attachment":"scroll","background-type":"","background-media":"","overlay-type":"","overlay-color":"","overlay-opacity":"","overlay-gradient":""},"tablet":{"background-color":"var(--ast-global-color-5)","background-image":"","background-repeat":"repeat","background-position":"center center","background-size":"auto","background-attachment":"scroll","background-type":"","background-media":"","overlay-type":"","overlay-color":"","overlay-opacity":"","overlay-gradient":""},"mobile":{"background-color":"var(--ast-global-color-5)","background-image":"","background-repeat":"repeat","background-position":"center center","background-size":"auto","background-attachment":"scroll","background-type":"","background-media":"","overlay-type":"","overlay-color":"","overlay-opacity":"","overlay-gradient":""}},"footnotes":""},"categories":[81],"tags":[],"class_list":["post-8692","post","type-post","status-publish","format-standard","has-post-thumbnail","hentry","category-medios-comunicacion"],"yoast_head":"<!-- This site is optimized with the Yoast SEO plugin v27.4 - https:\/\/yoast.com\/product\/yoast-seo-wordpress\/ -->\n<title>Educaci\u00f3n, cultura y solidaridad, en portada del Diari de L\u2019Hospitalet - La Farga Gesti\u00f3n de Equipamientos Municipales, S.A.<\/title>\n<meta name=\"description\" content=\"Les novetats del nou curs escolar de L\u2019Hospitalet s\u00f3n el principal tema de portada de l\u2019edici\u00f3 del Diari de L\u2019Hospitalet, corresponent a al mes de setembre.\" \/>\n<meta name=\"robots\" content=\"index, follow, max-snippet:-1, max-image-preview:large, max-video-preview:-1\" \/>\n<link rel=\"canonical\" href=\"https:\/\/www.lafarga.com\/corporatiu\/educacion-cultura-solidaridad-portada-diari-hospitalet\/\" \/>\n<meta property=\"og:locale\" content=\"ca_ES\" \/>\n<meta property=\"og:type\" content=\"article\" \/>\n<meta property=\"og:title\" content=\"Educaci\u00f3n, cultura y solidaridad, en portada del Diari de L\u2019Hospitalet - La Farga Gesti\u00f3n de Equipamientos Municipales, S.A.\" \/>\n<meta property=\"og:description\" content=\"Les novetats del nou curs escolar de L\u2019Hospitalet s\u00f3n el principal tema de portada de l\u2019edici\u00f3 del Diari de L\u2019Hospitalet, corresponent a al mes de setembre.\" \/>\n<meta property=\"og:url\" content=\"https:\/\/www.lafarga.com\/corporatiu\/educacion-cultura-solidaridad-portada-diari-hospitalet\/\" \/>\n<meta property=\"og:site_name\" content=\"La Farga Gesti\u00f3n de Equipamientos Municipales, S.A.\" \/>\n<meta property=\"article:published_time\" content=\"2016-09-20T10:40:51+00:00\" \/>\n<meta property=\"og:image\" content=\"https:\/\/www.lafarga.com\/corporatiu\/wp-content\/uploads\/2016\/09\/portada-Diari-LH-Setembre.jpg\" \/>\n\t<meta property=\"og:image:width\" content=\"730\" \/>\n\t<meta property=\"og:image:height\" content=\"410\" \/>\n\t<meta property=\"og:image:type\" content=\"image\/jpeg\" \/>\n<meta name=\"author\" content=\"\u00d2scar Milla\" \/>\n<meta name=\"twitter:label1\" content=\"Escrit per\" \/>\n\t<meta name=\"twitter:data1\" content=\"\u00d2scar Milla\" \/>\n\t<meta name=\"twitter:label2\" content=\"Temps estimat de lectura\" \/>\n\t<meta name=\"twitter:data2\" content=\"2 minuts\" \/>\n<script type=\"application\/ld+json\" class=\"yoast-schema-graph\">{\"@context\":\"https:\\\/\\\/schema.org\",\"@graph\":[{\"@type\":\"Article\",\"@id\":\"https:\\\/\\\/www.lafarga.com\\\/corporatiu\\\/educacion-cultura-solidaridad-portada-diari-hospitalet\\\/#article\",\"isPartOf\":{\"@id\":\"https:\\\/\\\/www.lafarga.com\\\/corporatiu\\\/educacion-cultura-solidaridad-portada-diari-hospitalet\\\/\"},\"author\":{\"name\":\"\u00d2scar Milla\",\"@id\":\"https:\\\/\\\/www.lafarga.com\\\/corporatiu\\\/#\\\/schema\\\/person\\\/70d96fe17d0da1a9c9e80d232bdbcf33\"},\"headline\":\"Educaci\u00f3n, cultura y solidaridad, en portada del Diari de L\u2019Hospitalet\",\"datePublished\":\"2016-09-20T10:40:51+00:00\",\"mainEntityOfPage\":{\"@id\":\"https:\\\/\\\/www.lafarga.com\\\/corporatiu\\\/educacion-cultura-solidaridad-portada-diari-hospitalet\\\/\"},\"wordCount\":429,\"publisher\":{\"@id\":\"https:\\\/\\\/www.lafarga.com\\\/corporatiu\\\/#organization\"},\"image\":{\"@id\":\"https:\\\/\\\/www.lafarga.com\\\/corporatiu\\\/educacion-cultura-solidaridad-portada-diari-hospitalet\\\/#primaryimage\"},\"thumbnailUrl\":\"https:\\\/\\\/www.lafarga.com\\\/corporatiu\\\/wp-content\\\/uploads\\\/2016\\\/09\\\/portada-Diari-LH-Setembre.jpg\",\"articleSection\":[\"Medios de Comunicaci\u00f3n\"],\"inLanguage\":\"ca\"},{\"@type\":\"WebPage\",\"@id\":\"https:\\\/\\\/www.lafarga.com\\\/corporatiu\\\/educacion-cultura-solidaridad-portada-diari-hospitalet\\\/\",\"url\":\"https:\\\/\\\/www.lafarga.com\\\/corporatiu\\\/educacion-cultura-solidaridad-portada-diari-hospitalet\\\/\",\"name\":\"Educaci\u00f3n, cultura y solidaridad, en portada del Diari de L\u2019Hospitalet - La Farga Gesti\u00f3n de Equipamientos Municipales, S.A.\",\"isPartOf\":{\"@id\":\"https:\\\/\\\/www.lafarga.com\\\/corporatiu\\\/#website\"},\"primaryImageOfPage\":{\"@id\":\"https:\\\/\\\/www.lafarga.com\\\/corporatiu\\\/educacion-cultura-solidaridad-portada-diari-hospitalet\\\/#primaryimage\"},\"image\":{\"@id\":\"https:\\\/\\\/www.lafarga.com\\\/corporatiu\\\/educacion-cultura-solidaridad-portada-diari-hospitalet\\\/#primaryimage\"},\"thumbnailUrl\":\"https:\\\/\\\/www.lafarga.com\\\/corporatiu\\\/wp-content\\\/uploads\\\/2016\\\/09\\\/portada-Diari-LH-Setembre.jpg\",\"datePublished\":\"2016-09-20T10:40:51+00:00\",\"description\":\"Les novetats del nou curs escolar de L\u2019Hospitalet s\u00f3n el principal tema de portada de l\u2019edici\u00f3 del Diari de L\u2019Hospitalet, corresponent a al mes de setembre.\",\"breadcrumb\":{\"@id\":\"https:\\\/\\\/www.lafarga.com\\\/corporatiu\\\/educacion-cultura-solidaridad-portada-diari-hospitalet\\\/#breadcrumb\"},\"inLanguage\":\"ca\",\"potentialAction\":[{\"@type\":\"ReadAction\",\"target\":[\"https:\\\/\\\/www.lafarga.com\\\/corporatiu\\\/educacion-cultura-solidaridad-portada-diari-hospitalet\\\/\"]}]},{\"@type\":\"ImageObject\",\"inLanguage\":\"ca\",\"@id\":\"https:\\\/\\\/www.lafarga.com\\\/corporatiu\\\/educacion-cultura-solidaridad-portada-diari-hospitalet\\\/#primaryimage\",\"url\":\"https:\\\/\\\/www.lafarga.com\\\/corporatiu\\\/wp-content\\\/uploads\\\/2016\\\/09\\\/portada-Diari-LH-Setembre.jpg\",\"contentUrl\":\"https:\\\/\\\/www.lafarga.com\\\/corporatiu\\\/wp-content\\\/uploads\\\/2016\\\/09\\\/portada-Diari-LH-Setembre.jpg\",\"width\":730,\"height\":410,\"caption\":\"Diari de L'Hospitalet Curs Escolar\"},{\"@type\":\"BreadcrumbList\",\"@id\":\"https:\\\/\\\/www.lafarga.com\\\/corporatiu\\\/educacion-cultura-solidaridad-portada-diari-hospitalet\\\/#breadcrumb\",\"itemListElement\":[{\"@type\":\"ListItem\",\"position\":1,\"name\":\"Home\",\"item\":\"https:\\\/\\\/www.lafarga.com\\\/corporatiu\\\/lafarga-hospitalet-llobregat\\\/\"},{\"@type\":\"ListItem\",\"position\":2,\"name\":\"Educaci\u00f3n, cultura y solidaridad, en portada del Diari de L\u2019Hospitalet\"}]},{\"@type\":\"WebSite\",\"@id\":\"https:\\\/\\\/www.lafarga.com\\\/corporatiu\\\/#website\",\"url\":\"https:\\\/\\\/www.lafarga.com\\\/corporatiu\\\/\",\"name\":\"La Farga Gesti\u00f3 d&#039;Equipaments Municipals, SA\",\"description\":\"\",\"publisher\":{\"@id\":\"https:\\\/\\\/www.lafarga.com\\\/corporatiu\\\/#organization\"},\"potentialAction\":[{\"@type\":\"SearchAction\",\"target\":{\"@type\":\"EntryPoint\",\"urlTemplate\":\"https:\\\/\\\/www.lafarga.com\\\/corporatiu\\\/?s={search_term_string}\"},\"query-input\":{\"@type\":\"PropertyValueSpecification\",\"valueRequired\":true,\"valueName\":\"search_term_string\"}}],\"inLanguage\":\"ca\"},{\"@type\":\"Organization\",\"@id\":\"https:\\\/\\\/www.lafarga.com\\\/corporatiu\\\/#organization\",\"name\":\"La Farga Gesti\u00f3 d&#039;Equipaments Municipals, SA\",\"url\":\"https:\\\/\\\/www.lafarga.com\\\/corporatiu\\\/\",\"logo\":{\"@type\":\"ImageObject\",\"inLanguage\":\"ca\",\"@id\":\"https:\\\/\\\/www.lafarga.com\\\/corporatiu\\\/#\\\/schema\\\/logo\\\/image\\\/\",\"url\":\"https:\\\/\\\/www.lafarga.com\\\/corporatiu\\\/wp-content\\\/uploads\\\/2023\\\/11\\\/logotipo_lafarga_gemsa.svg\",\"contentUrl\":\"https:\\\/\\\/www.lafarga.com\\\/corporatiu\\\/wp-content\\\/uploads\\\/2023\\\/11\\\/logotipo_lafarga_gemsa.svg\",\"width\":102,\"height\":103,\"caption\":\"La Farga Gesti\u00f3 d&#039;Equipaments Municipals, SA\"},\"image\":{\"@id\":\"https:\\\/\\\/www.lafarga.com\\\/corporatiu\\\/#\\\/schema\\\/logo\\\/image\\\/\"}},{\"@type\":\"Person\",\"@id\":\"https:\\\/\\\/www.lafarga.com\\\/corporatiu\\\/#\\\/schema\\\/person\\\/70d96fe17d0da1a9c9e80d232bdbcf33\",\"name\":\"\u00d2scar Milla\",\"image\":{\"@type\":\"ImageObject\",\"inLanguage\":\"ca\",\"@id\":\"https:\\\/\\\/secure.gravatar.com\\\/avatar\\\/92e75d184f9d5e0e403bd4ad075b080ad258344ddc259adddb579f6a3ba6494f?s=96&d=mm&r=g\",\"url\":\"https:\\\/\\\/secure.gravatar.com\\\/avatar\\\/92e75d184f9d5e0e403bd4ad075b080ad258344ddc259adddb579f6a3ba6494f?s=96&d=mm&r=g\",\"contentUrl\":\"https:\\\/\\\/secure.gravatar.com\\\/avatar\\\/92e75d184f9d5e0e403bd4ad075b080ad258344ddc259adddb579f6a3ba6494f?s=96&d=mm&r=g\",\"caption\":\"\u00d2scar Milla\"},\"url\":\"https:\\\/\\\/www.lafarga.com\\\/corporatiu\\\/author\\\/omilla\\\/\"}]}<\/script>\n<!-- \/ Yoast SEO plugin. -->","yoast_head_json":{"title":"Educaci\u00f3n, cultura y solidaridad, en portada del Diari de L\u2019Hospitalet - La Farga Gesti\u00f3n de Equipamientos Municipales, S.A.","description":"Les novetats del nou curs escolar de L\u2019Hospitalet s\u00f3n el principal tema de portada de l\u2019edici\u00f3 del Diari de L\u2019Hospitalet, corresponent a al mes de setembre.","robots":{"index":"index","follow":"follow","max-snippet":"max-snippet:-1","max-image-preview":"max-image-preview:large","max-video-preview":"max-video-preview:-1"},"canonical":"https:\/\/www.lafarga.com\/corporatiu\/educacion-cultura-solidaridad-portada-diari-hospitalet\/","og_locale":"ca_ES","og_type":"article","og_title":"Educaci\u00f3n, cultura y solidaridad, en portada del Diari de L\u2019Hospitalet - La Farga Gesti\u00f3n de Equipamientos Municipales, S.A.","og_description":"Les novetats del nou curs escolar de L\u2019Hospitalet s\u00f3n el principal tema de portada de l\u2019edici\u00f3 del Diari de L\u2019Hospitalet, corresponent a al mes de setembre.","og_url":"https:\/\/www.lafarga.com\/corporatiu\/educacion-cultura-solidaridad-portada-diari-hospitalet\/","og_site_name":"La Farga Gesti\u00f3n de Equipamientos Municipales, S.A.","article_published_time":"2016-09-20T10:40:51+00:00","og_image":[{"width":730,"height":410,"url":"https:\/\/www.lafarga.com\/corporatiu\/wp-content\/uploads\/2016\/09\/portada-Diari-LH-Setembre.jpg","type":"image\/jpeg"}],"author":"\u00d2scar Milla","twitter_misc":{"Escrit per":"\u00d2scar Milla","Temps estimat de lectura":"2 minuts"},"schema":{"@context":"https:\/\/schema.org","@graph":[{"@type":"Article","@id":"https:\/\/www.lafarga.com\/corporatiu\/educacion-cultura-solidaridad-portada-diari-hospitalet\/#article","isPartOf":{"@id":"https:\/\/www.lafarga.com\/corporatiu\/educacion-cultura-solidaridad-portada-diari-hospitalet\/"},"author":{"name":"\u00d2scar Milla","@id":"https:\/\/www.lafarga.com\/corporatiu\/#\/schema\/person\/70d96fe17d0da1a9c9e80d232bdbcf33"},"headline":"Educaci\u00f3n, cultura y solidaridad, en portada del Diari de L\u2019Hospitalet","datePublished":"2016-09-20T10:40:51+00:00","mainEntityOfPage":{"@id":"https:\/\/www.lafarga.com\/corporatiu\/educacion-cultura-solidaridad-portada-diari-hospitalet\/"},"wordCount":429,"publisher":{"@id":"https:\/\/www.lafarga.com\/corporatiu\/#organization"},"image":{"@id":"https:\/\/www.lafarga.com\/corporatiu\/educacion-cultura-solidaridad-portada-diari-hospitalet\/#primaryimage"},"thumbnailUrl":"https:\/\/www.lafarga.com\/corporatiu\/wp-content\/uploads\/2016\/09\/portada-Diari-LH-Setembre.jpg","articleSection":["Medios de Comunicaci\u00f3n"],"inLanguage":"ca"},{"@type":"WebPage","@id":"https:\/\/www.lafarga.com\/corporatiu\/educacion-cultura-solidaridad-portada-diari-hospitalet\/","url":"https:\/\/www.lafarga.com\/corporatiu\/educacion-cultura-solidaridad-portada-diari-hospitalet\/","name":"Educaci\u00f3n, cultura y solidaridad, en portada del Diari de L\u2019Hospitalet - La Farga Gesti\u00f3n de Equipamientos Municipales, S.A.","isPartOf":{"@id":"https:\/\/www.lafarga.com\/corporatiu\/#website"},"primaryImageOfPage":{"@id":"https:\/\/www.lafarga.com\/corporatiu\/educacion-cultura-solidaridad-portada-diari-hospitalet\/#primaryimage"},"image":{"@id":"https:\/\/www.lafarga.com\/corporatiu\/educacion-cultura-solidaridad-portada-diari-hospitalet\/#primaryimage"},"thumbnailUrl":"https:\/\/www.lafarga.com\/corporatiu\/wp-content\/uploads\/2016\/09\/portada-Diari-LH-Setembre.jpg","datePublished":"2016-09-20T10:40:51+00:00","description":"Les novetats del nou curs escolar de L\u2019Hospitalet s\u00f3n el principal tema de portada de l\u2019edici\u00f3 del Diari de L\u2019Hospitalet, corresponent a al mes de setembre.","breadcrumb":{"@id":"https:\/\/www.lafarga.com\/corporatiu\/educacion-cultura-solidaridad-portada-diari-hospitalet\/#breadcrumb"},"inLanguage":"ca","potentialAction":[{"@type":"ReadAction","target":["https:\/\/www.lafarga.com\/corporatiu\/educacion-cultura-solidaridad-portada-diari-hospitalet\/"]}]},{"@type":"ImageObject","inLanguage":"ca","@id":"https:\/\/www.lafarga.com\/corporatiu\/educacion-cultura-solidaridad-portada-diari-hospitalet\/#primaryimage","url":"https:\/\/www.lafarga.com\/corporatiu\/wp-content\/uploads\/2016\/09\/portada-Diari-LH-Setembre.jpg","contentUrl":"https:\/\/www.lafarga.com\/corporatiu\/wp-content\/uploads\/2016\/09\/portada-Diari-LH-Setembre.jpg","width":730,"height":410,"caption":"Diari de L'Hospitalet Curs Escolar"},{"@type":"BreadcrumbList","@id":"https:\/\/www.lafarga.com\/corporatiu\/educacion-cultura-solidaridad-portada-diari-hospitalet\/#breadcrumb","itemListElement":[{"@type":"ListItem","position":1,"name":"Home","item":"https:\/\/www.lafarga.com\/corporatiu\/lafarga-hospitalet-llobregat\/"},{"@type":"ListItem","position":2,"name":"Educaci\u00f3n, cultura y solidaridad, en portada del Diari de L\u2019Hospitalet"}]},{"@type":"WebSite","@id":"https:\/\/www.lafarga.com\/corporatiu\/#website","url":"https:\/\/www.lafarga.com\/corporatiu\/","name":"La Farga Gesti\u00f3 d&#039;Equipaments Municipals, SA","description":"","publisher":{"@id":"https:\/\/www.lafarga.com\/corporatiu\/#organization"},"potentialAction":[{"@type":"SearchAction","target":{"@type":"EntryPoint","urlTemplate":"https:\/\/www.lafarga.com\/corporatiu\/?s={search_term_string}"},"query-input":{"@type":"PropertyValueSpecification","valueRequired":true,"valueName":"search_term_string"}}],"inLanguage":"ca"},{"@type":"Organization","@id":"https:\/\/www.lafarga.com\/corporatiu\/#organization","name":"La Farga Gesti\u00f3 d&#039;Equipaments Municipals, SA","url":"https:\/\/www.lafarga.com\/corporatiu\/","logo":{"@type":"ImageObject","inLanguage":"ca","@id":"https:\/\/www.lafarga.com\/corporatiu\/#\/schema\/logo\/image\/","url":"https:\/\/www.lafarga.com\/corporatiu\/wp-content\/uploads\/2023\/11\/logotipo_lafarga_gemsa.svg","contentUrl":"https:\/\/www.lafarga.com\/corporatiu\/wp-content\/uploads\/2023\/11\/logotipo_lafarga_gemsa.svg","width":102,"height":103,"caption":"La Farga Gesti\u00f3 d&#039;Equipaments Municipals, SA"},"image":{"@id":"https:\/\/www.lafarga.com\/corporatiu\/#\/schema\/logo\/image\/"}},{"@type":"Person","@id":"https:\/\/www.lafarga.com\/corporatiu\/#\/schema\/person\/70d96fe17d0da1a9c9e80d232bdbcf33","name":"\u00d2scar Milla","image":{"@type":"ImageObject","inLanguage":"ca","@id":"https:\/\/secure.gravatar.com\/avatar\/92e75d184f9d5e0e403bd4ad075b080ad258344ddc259adddb579f6a3ba6494f?s=96&d=mm&r=g","url":"https:\/\/secure.gravatar.com\/avatar\/92e75d184f9d5e0e403bd4ad075b080ad258344ddc259adddb579f6a3ba6494f?s=96&d=mm&r=g","contentUrl":"https:\/\/secure.gravatar.com\/avatar\/92e75d184f9d5e0e403bd4ad075b080ad258344ddc259adddb579f6a3ba6494f?s=96&d=mm&r=g","caption":"\u00d2scar Milla"},"url":"https:\/\/www.lafarga.com\/corporatiu\/author\/omilla\/"}]}},"uagb_featured_image_src":{"full":["https:\/\/www.lafarga.com\/corporatiu\/wp-content\/uploads\/2016\/09\/portada-Diari-LH-Setembre.jpg",730,410,false],"thumbnail":["https:\/\/www.lafarga.com\/corporatiu\/wp-content\/uploads\/2016\/09\/portada-Diari-LH-Setembre-150x150.jpg",150,150,true],"medium":["https:\/\/www.lafarga.com\/corporatiu\/wp-content\/uploads\/2016\/09\/portada-Diari-LH-Setembre-300x168.jpg",300,168,true],"medium_large":["https:\/\/www.lafarga.com\/corporatiu\/wp-content\/uploads\/2016\/09\/portada-Diari-LH-Setembre.jpg",730,410,false],"large":["https:\/\/www.lafarga.com\/corporatiu\/wp-content\/uploads\/2016\/09\/portada-Diari-LH-Setembre.jpg",730,410,false],"1536x1536":["https:\/\/www.lafarga.com\/corporatiu\/wp-content\/uploads\/2016\/09\/portada-Diari-LH-Setembre.jpg",730,410,false],"2048x2048":["https:\/\/www.lafarga.com\/corporatiu\/wp-content\/uploads\/2016\/09\/portada-Diari-LH-Setembre.jpg",730,410,false],"mailpoet_newsletter_max":["https:\/\/www.lafarga.com\/corporatiu\/wp-content\/uploads\/2016\/09\/portada-Diari-LH-Setembre.jpg",730,410,false]},"uagb_author_info":{"display_name":"\u00d2scar Milla","author_link":"https:\/\/www.lafarga.com\/corporatiu\/author\/omilla\/"},"uagb_comment_info":0,"uagb_excerpt":"Las novedades del nuevo curso escolar de L'Hospitalet son el principal tema de portada de la edici\u00f3n del Diari de L'Hospitalet, correspondiente a la edici\u00f3n de septiembre.","_links":{"self":[{"href":"https:\/\/www.lafarga.com\/corporatiu\/wp-json\/wp\/v2\/posts\/8692","targetHints":{"allow":["GET"]}}],"collection":[{"href":"https:\/\/www.lafarga.com\/corporatiu\/wp-json\/wp\/v2\/posts"}],"about":[{"href":"https:\/\/www.lafarga.com\/corporatiu\/wp-json\/wp\/v2\/types\/post"}],"author":[{"embeddable":true,"href":"https:\/\/www.lafarga.com\/corporatiu\/wp-json\/wp\/v2\/users\/5"}],"replies":[{"embeddable":true,"href":"https:\/\/www.lafarga.com\/corporatiu\/wp-json\/wp\/v2\/comments?post=8692"}],"version-history":[{"count":1,"href":"https:\/\/www.lafarga.com\/corporatiu\/wp-json\/wp\/v2\/posts\/8692\/revisions"}],"predecessor-version":[{"id":8693,"href":"https:\/\/www.lafarga.com\/corporatiu\/wp-json\/wp\/v2\/posts\/8692\/revisions\/8693"}],"wp:featuredmedia":[{"embeddable":true,"href":"https:\/\/www.lafarga.com\/corporatiu\/wp-json\/wp\/v2\/media\/8690"}],"wp:attachment":[{"href":"https:\/\/www.lafarga.com\/corporatiu\/wp-json\/wp\/v2\/media?parent=8692"}],"wp:term":[{"taxonomy":"category","embeddable":true,"href":"https:\/\/www.lafarga.com\/corporatiu\/wp-json\/wp\/v2\/categories?post=8692"},{"taxonomy":"post_tag","embeddable":true,"href":"https:\/\/www.lafarga.com\/corporatiu\/wp-json\/wp\/v2\/tags?post=8692"}],"curies":[{"name":"wp","href":"https:\/\/api.w.org\/{rel}","templated":true}]}}