{"id":8689,"date":"2016-09-20T10:30:13","date_gmt":"2016-09-20T10:30:13","guid":{"rendered":"http:\/\/www.lafarga.com\/corporatiu\/?p=8689"},"modified":"2016-09-20T10:41:45","modified_gmt":"2016-09-20T10:41:45","slug":"educacio-cultura-solidaritat-portada-diari-hospitalet","status":"publish","type":"post","link":"https:\/\/www.lafarga.com\/corporatiu\/educacio-cultura-solidaritat-portada-diari-hospitalet\/","title":{"rendered":"Educaci\u00f3, cultura i solidaritat, en portada del Diari de L&#8217;Hospitalet"},"content":{"rendered":"<h5>Gran oferta cultural per a la tardor<\/h5>\n<p>Les novetats del nou curs escolar de L\u2019Hospitalet s\u00f3n el principal tema de portada de l\u2019edici\u00f3 del <strong><a href=\"http:\/\/lhdigital.cat\/web\/diari\/diari-l-h\" target=\"_blank\">Diari de L\u2019Hospitalet<\/a><\/strong>, corresponent a l\u2019edici\u00f3 de setembre.<\/p>\n<p>El programa municipal perqu\u00e8 1.700 alumnes de 30 instituts facin classes d\u2019angl\u00e8s, a m\u00e9s del futur sobre les infraestructures pendents, que la comunitat educativa espera que la Generalitat anunci\u00ef en breu, s\u00f3n les informacions que trobarem a les p\u00e0gines centrals.<\/p>\n<p>La portada de l\u2019edici\u00f3 315 del Diari de L\u2019Hospitalet tamb\u00e9 ens informa de la intensa activitat cultural d\u2019aquesta tardor amb la segona edici\u00f3 de la Gallery Weekend, que es far\u00e0 al Districte Cultural del 29 de setembre al 2 d\u2019octubre; la temporada de m\u00fasica, teatre, dansa i poesia del Teatre Joventut i l\u2019Auditori Barradas; la pres\u00e8ncia al P\u00e8ssics de Ci\u00e8ncia del reconegut cient\u00edfic de l\u2019Idibell, el doctor Manel Esteller, i l\u2019espectacle \u2018Flaco favor\u2019 amb Dani Flaco i Juan Cruz que obrir\u00e0 el tercer Festival Roselles 32.<\/p>\n<p>La Setmana de la Solidaritat de L\u2019Hospitalet, que recollir\u00e0 diners per comprar aliments frescos, tamb\u00e9 t\u00e9 un destacat a la portada, com el futur de les estacions de la L10 del Metro, amb la decisi\u00f3 de la Generalitat pendent sobre el seu pla d\u2019obertura i la Menci\u00f3 d\u2019Honor per al Servei de Mediaci\u00f3 Comunit\u00e0ria en el primer congr\u00e9s internacional d\u2019arbitratge.<\/p>\n<p>En l\u2019apartat esportiu, el Diari de L\u2019Hospitalet ens ofereix un reportatge sobre l\u2019esport femen\u00ed de la ciutat, un valor que guanya pes.<\/p>\n<h5>Activitats de diferents \u00e0rees de La Farga GEMSA<\/h5>\n<p>La Farga Centre d\u2019Activitats t\u00e9 el seu espai en p\u00e0gines del Diari amb el ress\u00f2 del <strong><a href=\"http:\/\/www.lafargalhospitalet.com\/notable-afluencia-public-retromoto\/\" target=\"_blank\">primer sal\u00f3 RetroMoto<\/a><\/strong>, que ha reunit m\u00e9s de 12.000 visitants, i la celebraci\u00f3 del concert solidari <a href=\"http:\/\/www.lafargalhospitalet.com\/lo-mejor-de-aqui-y-de-alli-30-setembre-farga\/\" target=\"_blank\"><strong>\u2018Lo Mejor de Aqu\u00ed i de All\u00ed\u2019<\/strong><\/a>, que es far\u00e0 el proper 30 de setembre organitzat per Cadena Dial.<\/p>\n<p>La <a href=\"https:\/\/www.lafarga.com\/corporatiu\/mitjans-arrenquen-temporada-programes-esports-cultura\/\" target=\"_blank\"><strong>nova temporada dels Mitjans de Comunicaci\u00f3<\/strong><\/a>, amb l\u2019estrena a Televisi\u00f3 de L\u2019Hospitalet de programes d\u2019esports i cultura, ocupa un dels breus interiors.<\/p>\n<p>El Diari de L\u2019Hospitalet, mitj\u00e0 de comunicaci\u00f3 que gestiona La Farga Gesti\u00f3 d\u2019Equipaments Municipals, t\u00e9 una tirada de 105.000 exemplars cada mes, arribant a totes les llars de la ciutat.<\/p>\n<p>El Diari de L&#8217;Hospitalet tamb\u00e9 el podeu visitar en versi\u00f3 digital, a trav\u00e9s d&#8217;aquest <strong><a href=\"http:\/\/lhdigital.cat\/diarilh_digital\/315\/index.html\" target=\"_blank\">enlla\u00e7<\/a><\/strong>.<\/p>\n","protected":false},"excerpt":{"rendered":"<p>Les novetats del nou curs escolar de L\u2019Hospitalet s\u00f3n el principal tema de portada de l\u2019edici\u00f3 del Diari de L\u2019Hospitalet, corresponent a l\u2019edici\u00f3 de setembre.<\/p>\n","protected":false},"author":5,"featured_media":8690,"comment_status":"closed","ping_status":"closed","sticky":false,"template":"","format":"standard","meta":{"inline_featured_image":false,"_uag_custom_page_level_css":"","_monsterinsights_skip_tracking":false,"_monsterinsights_sitenote_active":false,"_monsterinsights_sitenote_note":"","_monsterinsights_sitenote_category":0,"site-sidebar-layout":"default","site-content-layout":"","ast-site-content-layout":"default","site-content-style":"default","site-sidebar-style":"default","ast-global-header-display":"","ast-banner-title-visibility":"","ast-main-header-display":"","ast-hfb-above-header-display":"","ast-hfb-below-header-display":"","ast-hfb-mobile-header-display":"","site-post-title":"","ast-breadcrumbs-content":"","ast-featured-img":"","footer-sml-layout":"","ast-disable-related-posts":"","theme-transparent-header-meta":"","adv-header-id-meta":"","stick-header-meta":"","header-above-stick-meta":"","header-main-stick-meta":"","header-below-stick-meta":"","astra-migrate-meta-layouts":"default","ast-page-background-enabled":"default","ast-page-background-meta":{"desktop":{"background-color":"var(--ast-global-color-4)","background-image":"","background-repeat":"repeat","background-position":"center center","background-size":"auto","background-attachment":"scroll","background-type":"","background-media":"","overlay-type":"","overlay-color":"","overlay-opacity":"","overlay-gradient":""},"tablet":{"background-color":"","background-image":"","background-repeat":"repeat","background-position":"center center","background-size":"auto","background-attachment":"scroll","background-type":"","background-media":"","overlay-type":"","overlay-color":"","overlay-opacity":"","overlay-gradient":""},"mobile":{"background-color":"","background-image":"","background-repeat":"repeat","background-position":"center center","background-size":"auto","background-attachment":"scroll","background-type":"","background-media":"","overlay-type":"","overlay-color":"","overlay-opacity":"","overlay-gradient":""}},"ast-content-background-meta":{"desktop":{"background-color":"var(--ast-global-color-5)","background-image":"","background-repeat":"repeat","background-position":"center center","background-size":"auto","background-attachment":"scroll","background-type":"","background-media":"","overlay-type":"","overlay-color":"","overlay-opacity":"","overlay-gradient":""},"tablet":{"background-color":"var(--ast-global-color-5)","background-image":"","background-repeat":"repeat","background-position":"center center","background-size":"auto","background-attachment":"scroll","background-type":"","background-media":"","overlay-type":"","overlay-color":"","overlay-opacity":"","overlay-gradient":""},"mobile":{"background-color":"var(--ast-global-color-5)","background-image":"","background-repeat":"repeat","background-position":"center center","background-size":"auto","background-attachment":"scroll","background-type":"","background-media":"","overlay-type":"","overlay-color":"","overlay-opacity":"","overlay-gradient":""}},"footnotes":""},"categories":[51],"tags":[],"class_list":["post-8689","post","type-post","status-publish","format-standard","has-post-thumbnail","hentry","category-mitjans-comunicacio"],"yoast_head":"<!-- This site is optimized with the Yoast SEO plugin v27.4 - https:\/\/yoast.com\/product\/yoast-seo-wordpress\/ -->\n<title>Educaci\u00f3, cultura i solidaritat, en portada del Diari de L&#039;Hospitalet - La Farga Gesti\u00f3n de Equipamientos Municipales, S.A.<\/title>\n<meta name=\"description\" content=\"Les novetats del nou curs escolar de L\u2019Hospitalet s\u00f3n el principal tema de portada de l\u2019edici\u00f3 del Diari de L\u2019Hospitalet, corresponent a al mes de setembre.\" \/>\n<meta name=\"robots\" content=\"index, follow, max-snippet:-1, max-image-preview:large, max-video-preview:-1\" \/>\n<link rel=\"canonical\" href=\"https:\/\/www.lafarga.com\/corporatiu\/educacio-cultura-solidaritat-portada-diari-hospitalet\/\" \/>\n<meta property=\"og:locale\" content=\"ca_ES\" \/>\n<meta property=\"og:type\" content=\"article\" \/>\n<meta property=\"og:title\" content=\"Educaci\u00f3, cultura i solidaritat, en portada del Diari de L&#039;Hospitalet - La Farga Gesti\u00f3n de Equipamientos Municipales, S.A.\" \/>\n<meta property=\"og:description\" content=\"Les novetats del nou curs escolar de L\u2019Hospitalet s\u00f3n el principal tema de portada de l\u2019edici\u00f3 del Diari de L\u2019Hospitalet, corresponent a al mes de setembre.\" \/>\n<meta property=\"og:url\" content=\"https:\/\/www.lafarga.com\/corporatiu\/educacio-cultura-solidaritat-portada-diari-hospitalet\/\" \/>\n<meta property=\"og:site_name\" content=\"La Farga Gesti\u00f3n de Equipamientos Municipales, S.A.\" \/>\n<meta property=\"article:published_time\" content=\"2016-09-20T10:30:13+00:00\" \/>\n<meta property=\"article:modified_time\" content=\"2016-09-20T10:41:45+00:00\" \/>\n<meta property=\"og:image\" content=\"https:\/\/www.lafarga.com\/corporatiu\/wp-content\/uploads\/2016\/09\/portada-Diari-LH-Setembre.jpg\" \/>\n\t<meta property=\"og:image:width\" content=\"730\" \/>\n\t<meta property=\"og:image:height\" content=\"410\" \/>\n\t<meta property=\"og:image:type\" content=\"image\/jpeg\" \/>\n<meta name=\"author\" content=\"\u00d2scar Milla\" \/>\n<meta name=\"twitter:label1\" content=\"Escrit per\" \/>\n\t<meta name=\"twitter:data1\" content=\"\u00d2scar Milla\" \/>\n\t<meta name=\"twitter:label2\" content=\"Temps estimat de lectura\" \/>\n\t<meta name=\"twitter:data2\" content=\"2 minuts\" \/>\n<script type=\"application\/ld+json\" class=\"yoast-schema-graph\">{\"@context\":\"https:\\\/\\\/schema.org\",\"@graph\":[{\"@type\":\"Article\",\"@id\":\"https:\\\/\\\/www.lafarga.com\\\/corporatiu\\\/educacio-cultura-solidaritat-portada-diari-hospitalet\\\/#article\",\"isPartOf\":{\"@id\":\"https:\\\/\\\/www.lafarga.com\\\/corporatiu\\\/educacio-cultura-solidaritat-portada-diari-hospitalet\\\/\"},\"author\":{\"name\":\"\u00d2scar Milla\",\"@id\":\"https:\\\/\\\/www.lafarga.com\\\/corporatiu\\\/#\\\/schema\\\/person\\\/70d96fe17d0da1a9c9e80d232bdbcf33\"},\"headline\":\"Educaci\u00f3, cultura i solidaritat, en portada del Diari de L&#8217;Hospitalet\",\"datePublished\":\"2016-09-20T10:30:13+00:00\",\"dateModified\":\"2016-09-20T10:41:45+00:00\",\"mainEntityOfPage\":{\"@id\":\"https:\\\/\\\/www.lafarga.com\\\/corporatiu\\\/educacio-cultura-solidaritat-portada-diari-hospitalet\\\/\"},\"wordCount\":411,\"publisher\":{\"@id\":\"https:\\\/\\\/www.lafarga.com\\\/corporatiu\\\/#organization\"},\"image\":{\"@id\":\"https:\\\/\\\/www.lafarga.com\\\/corporatiu\\\/educacio-cultura-solidaritat-portada-diari-hospitalet\\\/#primaryimage\"},\"thumbnailUrl\":\"https:\\\/\\\/www.lafarga.com\\\/corporatiu\\\/wp-content\\\/uploads\\\/2016\\\/09\\\/portada-Diari-LH-Setembre.jpg\",\"articleSection\":[\"Mitjans de Comunicaci\u00f3\"],\"inLanguage\":\"ca\"},{\"@type\":\"WebPage\",\"@id\":\"https:\\\/\\\/www.lafarga.com\\\/corporatiu\\\/educacio-cultura-solidaritat-portada-diari-hospitalet\\\/\",\"url\":\"https:\\\/\\\/www.lafarga.com\\\/corporatiu\\\/educacio-cultura-solidaritat-portada-diari-hospitalet\\\/\",\"name\":\"Educaci\u00f3, cultura i solidaritat, en portada del Diari de L'Hospitalet - La Farga Gesti\u00f3n de Equipamientos Municipales, S.A.\",\"isPartOf\":{\"@id\":\"https:\\\/\\\/www.lafarga.com\\\/corporatiu\\\/#website\"},\"primaryImageOfPage\":{\"@id\":\"https:\\\/\\\/www.lafarga.com\\\/corporatiu\\\/educacio-cultura-solidaritat-portada-diari-hospitalet\\\/#primaryimage\"},\"image\":{\"@id\":\"https:\\\/\\\/www.lafarga.com\\\/corporatiu\\\/educacio-cultura-solidaritat-portada-diari-hospitalet\\\/#primaryimage\"},\"thumbnailUrl\":\"https:\\\/\\\/www.lafarga.com\\\/corporatiu\\\/wp-content\\\/uploads\\\/2016\\\/09\\\/portada-Diari-LH-Setembre.jpg\",\"datePublished\":\"2016-09-20T10:30:13+00:00\",\"dateModified\":\"2016-09-20T10:41:45+00:00\",\"description\":\"Les novetats del nou curs escolar de L\u2019Hospitalet s\u00f3n el principal tema de portada de l\u2019edici\u00f3 del Diari de L\u2019Hospitalet, corresponent a al mes de setembre.\",\"breadcrumb\":{\"@id\":\"https:\\\/\\\/www.lafarga.com\\\/corporatiu\\\/educacio-cultura-solidaritat-portada-diari-hospitalet\\\/#breadcrumb\"},\"inLanguage\":\"ca\",\"potentialAction\":[{\"@type\":\"ReadAction\",\"target\":[\"https:\\\/\\\/www.lafarga.com\\\/corporatiu\\\/educacio-cultura-solidaritat-portada-diari-hospitalet\\\/\"]}]},{\"@type\":\"ImageObject\",\"inLanguage\":\"ca\",\"@id\":\"https:\\\/\\\/www.lafarga.com\\\/corporatiu\\\/educacio-cultura-solidaritat-portada-diari-hospitalet\\\/#primaryimage\",\"url\":\"https:\\\/\\\/www.lafarga.com\\\/corporatiu\\\/wp-content\\\/uploads\\\/2016\\\/09\\\/portada-Diari-LH-Setembre.jpg\",\"contentUrl\":\"https:\\\/\\\/www.lafarga.com\\\/corporatiu\\\/wp-content\\\/uploads\\\/2016\\\/09\\\/portada-Diari-LH-Setembre.jpg\",\"width\":730,\"height\":410,\"caption\":\"Diari de L'Hospitalet Curs Escolar\"},{\"@type\":\"BreadcrumbList\",\"@id\":\"https:\\\/\\\/www.lafarga.com\\\/corporatiu\\\/educacio-cultura-solidaritat-portada-diari-hospitalet\\\/#breadcrumb\",\"itemListElement\":[{\"@type\":\"ListItem\",\"position\":1,\"name\":\"Home\",\"item\":\"https:\\\/\\\/www.lafarga.com\\\/corporatiu\\\/lafarga-hospitalet-llobregat\\\/\"},{\"@type\":\"ListItem\",\"position\":2,\"name\":\"Educaci\u00f3, cultura i solidaritat, en portada del Diari de L&#8217;Hospitalet\"}]},{\"@type\":\"WebSite\",\"@id\":\"https:\\\/\\\/www.lafarga.com\\\/corporatiu\\\/#website\",\"url\":\"https:\\\/\\\/www.lafarga.com\\\/corporatiu\\\/\",\"name\":\"La Farga Gesti\u00f3 d&#039;Equipaments Municipals, SA\",\"description\":\"\",\"publisher\":{\"@id\":\"https:\\\/\\\/www.lafarga.com\\\/corporatiu\\\/#organization\"},\"potentialAction\":[{\"@type\":\"SearchAction\",\"target\":{\"@type\":\"EntryPoint\",\"urlTemplate\":\"https:\\\/\\\/www.lafarga.com\\\/corporatiu\\\/?s={search_term_string}\"},\"query-input\":{\"@type\":\"PropertyValueSpecification\",\"valueRequired\":true,\"valueName\":\"search_term_string\"}}],\"inLanguage\":\"ca\"},{\"@type\":\"Organization\",\"@id\":\"https:\\\/\\\/www.lafarga.com\\\/corporatiu\\\/#organization\",\"name\":\"La Farga Gesti\u00f3 d&#039;Equipaments Municipals, SA\",\"url\":\"https:\\\/\\\/www.lafarga.com\\\/corporatiu\\\/\",\"logo\":{\"@type\":\"ImageObject\",\"inLanguage\":\"ca\",\"@id\":\"https:\\\/\\\/www.lafarga.com\\\/corporatiu\\\/#\\\/schema\\\/logo\\\/image\\\/\",\"url\":\"https:\\\/\\\/www.lafarga.com\\\/corporatiu\\\/wp-content\\\/uploads\\\/2023\\\/11\\\/logotipo_lafarga_gemsa.svg\",\"contentUrl\":\"https:\\\/\\\/www.lafarga.com\\\/corporatiu\\\/wp-content\\\/uploads\\\/2023\\\/11\\\/logotipo_lafarga_gemsa.svg\",\"width\":102,\"height\":103,\"caption\":\"La Farga Gesti\u00f3 d&#039;Equipaments Municipals, SA\"},\"image\":{\"@id\":\"https:\\\/\\\/www.lafarga.com\\\/corporatiu\\\/#\\\/schema\\\/logo\\\/image\\\/\"}},{\"@type\":\"Person\",\"@id\":\"https:\\\/\\\/www.lafarga.com\\\/corporatiu\\\/#\\\/schema\\\/person\\\/70d96fe17d0da1a9c9e80d232bdbcf33\",\"name\":\"\u00d2scar Milla\",\"image\":{\"@type\":\"ImageObject\",\"inLanguage\":\"ca\",\"@id\":\"https:\\\/\\\/secure.gravatar.com\\\/avatar\\\/92e75d184f9d5e0e403bd4ad075b080ad258344ddc259adddb579f6a3ba6494f?s=96&d=mm&r=g\",\"url\":\"https:\\\/\\\/secure.gravatar.com\\\/avatar\\\/92e75d184f9d5e0e403bd4ad075b080ad258344ddc259adddb579f6a3ba6494f?s=96&d=mm&r=g\",\"contentUrl\":\"https:\\\/\\\/secure.gravatar.com\\\/avatar\\\/92e75d184f9d5e0e403bd4ad075b080ad258344ddc259adddb579f6a3ba6494f?s=96&d=mm&r=g\",\"caption\":\"\u00d2scar Milla\"},\"url\":\"https:\\\/\\\/www.lafarga.com\\\/corporatiu\\\/author\\\/omilla\\\/\"}]}<\/script>\n<!-- \/ Yoast SEO plugin. -->","yoast_head_json":{"title":"Educaci\u00f3, cultura i solidaritat, en portada del Diari de L'Hospitalet - La Farga Gesti\u00f3n de Equipamientos Municipales, S.A.","description":"Les novetats del nou curs escolar de L\u2019Hospitalet s\u00f3n el principal tema de portada de l\u2019edici\u00f3 del Diari de L\u2019Hospitalet, corresponent a al mes de setembre.","robots":{"index":"index","follow":"follow","max-snippet":"max-snippet:-1","max-image-preview":"max-image-preview:large","max-video-preview":"max-video-preview:-1"},"canonical":"https:\/\/www.lafarga.com\/corporatiu\/educacio-cultura-solidaritat-portada-diari-hospitalet\/","og_locale":"ca_ES","og_type":"article","og_title":"Educaci\u00f3, cultura i solidaritat, en portada del Diari de L'Hospitalet - La Farga Gesti\u00f3n de Equipamientos Municipales, S.A.","og_description":"Les novetats del nou curs escolar de L\u2019Hospitalet s\u00f3n el principal tema de portada de l\u2019edici\u00f3 del Diari de L\u2019Hospitalet, corresponent a al mes de setembre.","og_url":"https:\/\/www.lafarga.com\/corporatiu\/educacio-cultura-solidaritat-portada-diari-hospitalet\/","og_site_name":"La Farga Gesti\u00f3n de Equipamientos Municipales, S.A.","article_published_time":"2016-09-20T10:30:13+00:00","article_modified_time":"2016-09-20T10:41:45+00:00","og_image":[{"width":730,"height":410,"url":"https:\/\/www.lafarga.com\/corporatiu\/wp-content\/uploads\/2016\/09\/portada-Diari-LH-Setembre.jpg","type":"image\/jpeg"}],"author":"\u00d2scar Milla","twitter_misc":{"Escrit per":"\u00d2scar Milla","Temps estimat de lectura":"2 minuts"},"schema":{"@context":"https:\/\/schema.org","@graph":[{"@type":"Article","@id":"https:\/\/www.lafarga.com\/corporatiu\/educacio-cultura-solidaritat-portada-diari-hospitalet\/#article","isPartOf":{"@id":"https:\/\/www.lafarga.com\/corporatiu\/educacio-cultura-solidaritat-portada-diari-hospitalet\/"},"author":{"name":"\u00d2scar Milla","@id":"https:\/\/www.lafarga.com\/corporatiu\/#\/schema\/person\/70d96fe17d0da1a9c9e80d232bdbcf33"},"headline":"Educaci\u00f3, cultura i solidaritat, en portada del Diari de L&#8217;Hospitalet","datePublished":"2016-09-20T10:30:13+00:00","dateModified":"2016-09-20T10:41:45+00:00","mainEntityOfPage":{"@id":"https:\/\/www.lafarga.com\/corporatiu\/educacio-cultura-solidaritat-portada-diari-hospitalet\/"},"wordCount":411,"publisher":{"@id":"https:\/\/www.lafarga.com\/corporatiu\/#organization"},"image":{"@id":"https:\/\/www.lafarga.com\/corporatiu\/educacio-cultura-solidaritat-portada-diari-hospitalet\/#primaryimage"},"thumbnailUrl":"https:\/\/www.lafarga.com\/corporatiu\/wp-content\/uploads\/2016\/09\/portada-Diari-LH-Setembre.jpg","articleSection":["Mitjans de Comunicaci\u00f3"],"inLanguage":"ca"},{"@type":"WebPage","@id":"https:\/\/www.lafarga.com\/corporatiu\/educacio-cultura-solidaritat-portada-diari-hospitalet\/","url":"https:\/\/www.lafarga.com\/corporatiu\/educacio-cultura-solidaritat-portada-diari-hospitalet\/","name":"Educaci\u00f3, cultura i solidaritat, en portada del Diari de L'Hospitalet - La Farga Gesti\u00f3n de Equipamientos Municipales, S.A.","isPartOf":{"@id":"https:\/\/www.lafarga.com\/corporatiu\/#website"},"primaryImageOfPage":{"@id":"https:\/\/www.lafarga.com\/corporatiu\/educacio-cultura-solidaritat-portada-diari-hospitalet\/#primaryimage"},"image":{"@id":"https:\/\/www.lafarga.com\/corporatiu\/educacio-cultura-solidaritat-portada-diari-hospitalet\/#primaryimage"},"thumbnailUrl":"https:\/\/www.lafarga.com\/corporatiu\/wp-content\/uploads\/2016\/09\/portada-Diari-LH-Setembre.jpg","datePublished":"2016-09-20T10:30:13+00:00","dateModified":"2016-09-20T10:41:45+00:00","description":"Les novetats del nou curs escolar de L\u2019Hospitalet s\u00f3n el principal tema de portada de l\u2019edici\u00f3 del Diari de L\u2019Hospitalet, corresponent a al mes de setembre.","breadcrumb":{"@id":"https:\/\/www.lafarga.com\/corporatiu\/educacio-cultura-solidaritat-portada-diari-hospitalet\/#breadcrumb"},"inLanguage":"ca","potentialAction":[{"@type":"ReadAction","target":["https:\/\/www.lafarga.com\/corporatiu\/educacio-cultura-solidaritat-portada-diari-hospitalet\/"]}]},{"@type":"ImageObject","inLanguage":"ca","@id":"https:\/\/www.lafarga.com\/corporatiu\/educacio-cultura-solidaritat-portada-diari-hospitalet\/#primaryimage","url":"https:\/\/www.lafarga.com\/corporatiu\/wp-content\/uploads\/2016\/09\/portada-Diari-LH-Setembre.jpg","contentUrl":"https:\/\/www.lafarga.com\/corporatiu\/wp-content\/uploads\/2016\/09\/portada-Diari-LH-Setembre.jpg","width":730,"height":410,"caption":"Diari de L'Hospitalet Curs Escolar"},{"@type":"BreadcrumbList","@id":"https:\/\/www.lafarga.com\/corporatiu\/educacio-cultura-solidaritat-portada-diari-hospitalet\/#breadcrumb","itemListElement":[{"@type":"ListItem","position":1,"name":"Home","item":"https:\/\/www.lafarga.com\/corporatiu\/lafarga-hospitalet-llobregat\/"},{"@type":"ListItem","position":2,"name":"Educaci\u00f3, cultura i solidaritat, en portada del Diari de L&#8217;Hospitalet"}]},{"@type":"WebSite","@id":"https:\/\/www.lafarga.com\/corporatiu\/#website","url":"https:\/\/www.lafarga.com\/corporatiu\/","name":"La Farga Gesti\u00f3 d&#039;Equipaments Municipals, SA","description":"","publisher":{"@id":"https:\/\/www.lafarga.com\/corporatiu\/#organization"},"potentialAction":[{"@type":"SearchAction","target":{"@type":"EntryPoint","urlTemplate":"https:\/\/www.lafarga.com\/corporatiu\/?s={search_term_string}"},"query-input":{"@type":"PropertyValueSpecification","valueRequired":true,"valueName":"search_term_string"}}],"inLanguage":"ca"},{"@type":"Organization","@id":"https:\/\/www.lafarga.com\/corporatiu\/#organization","name":"La Farga Gesti\u00f3 d&#039;Equipaments Municipals, SA","url":"https:\/\/www.lafarga.com\/corporatiu\/","logo":{"@type":"ImageObject","inLanguage":"ca","@id":"https:\/\/www.lafarga.com\/corporatiu\/#\/schema\/logo\/image\/","url":"https:\/\/www.lafarga.com\/corporatiu\/wp-content\/uploads\/2023\/11\/logotipo_lafarga_gemsa.svg","contentUrl":"https:\/\/www.lafarga.com\/corporatiu\/wp-content\/uploads\/2023\/11\/logotipo_lafarga_gemsa.svg","width":102,"height":103,"caption":"La Farga Gesti\u00f3 d&#039;Equipaments Municipals, SA"},"image":{"@id":"https:\/\/www.lafarga.com\/corporatiu\/#\/schema\/logo\/image\/"}},{"@type":"Person","@id":"https:\/\/www.lafarga.com\/corporatiu\/#\/schema\/person\/70d96fe17d0da1a9c9e80d232bdbcf33","name":"\u00d2scar Milla","image":{"@type":"ImageObject","inLanguage":"ca","@id":"https:\/\/secure.gravatar.com\/avatar\/92e75d184f9d5e0e403bd4ad075b080ad258344ddc259adddb579f6a3ba6494f?s=96&d=mm&r=g","url":"https:\/\/secure.gravatar.com\/avatar\/92e75d184f9d5e0e403bd4ad075b080ad258344ddc259adddb579f6a3ba6494f?s=96&d=mm&r=g","contentUrl":"https:\/\/secure.gravatar.com\/avatar\/92e75d184f9d5e0e403bd4ad075b080ad258344ddc259adddb579f6a3ba6494f?s=96&d=mm&r=g","caption":"\u00d2scar Milla"},"url":"https:\/\/www.lafarga.com\/corporatiu\/author\/omilla\/"}]}},"uagb_featured_image_src":{"full":["https:\/\/www.lafarga.com\/corporatiu\/wp-content\/uploads\/2016\/09\/portada-Diari-LH-Setembre.jpg",730,410,false],"thumbnail":["https:\/\/www.lafarga.com\/corporatiu\/wp-content\/uploads\/2016\/09\/portada-Diari-LH-Setembre-150x150.jpg",150,150,true],"medium":["https:\/\/www.lafarga.com\/corporatiu\/wp-content\/uploads\/2016\/09\/portada-Diari-LH-Setembre-300x168.jpg",300,168,true],"medium_large":["https:\/\/www.lafarga.com\/corporatiu\/wp-content\/uploads\/2016\/09\/portada-Diari-LH-Setembre.jpg",730,410,false],"large":["https:\/\/www.lafarga.com\/corporatiu\/wp-content\/uploads\/2016\/09\/portada-Diari-LH-Setembre.jpg",730,410,false],"1536x1536":["https:\/\/www.lafarga.com\/corporatiu\/wp-content\/uploads\/2016\/09\/portada-Diari-LH-Setembre.jpg",730,410,false],"2048x2048":["https:\/\/www.lafarga.com\/corporatiu\/wp-content\/uploads\/2016\/09\/portada-Diari-LH-Setembre.jpg",730,410,false],"mailpoet_newsletter_max":["https:\/\/www.lafarga.com\/corporatiu\/wp-content\/uploads\/2016\/09\/portada-Diari-LH-Setembre.jpg",730,410,false]},"uagb_author_info":{"display_name":"\u00d2scar Milla","author_link":"https:\/\/www.lafarga.com\/corporatiu\/author\/omilla\/"},"uagb_comment_info":0,"uagb_excerpt":"Les novetats del nou curs escolar de L\u2019Hospitalet s\u00f3n el principal tema de portada de l\u2019edici\u00f3 del Diari de L\u2019Hospitalet, corresponent a l\u2019edici\u00f3 de setembre.","_links":{"self":[{"href":"https:\/\/www.lafarga.com\/corporatiu\/wp-json\/wp\/v2\/posts\/8689","targetHints":{"allow":["GET"]}}],"collection":[{"href":"https:\/\/www.lafarga.com\/corporatiu\/wp-json\/wp\/v2\/posts"}],"about":[{"href":"https:\/\/www.lafarga.com\/corporatiu\/wp-json\/wp\/v2\/types\/post"}],"author":[{"embeddable":true,"href":"https:\/\/www.lafarga.com\/corporatiu\/wp-json\/wp\/v2\/users\/5"}],"replies":[{"embeddable":true,"href":"https:\/\/www.lafarga.com\/corporatiu\/wp-json\/wp\/v2\/comments?post=8689"}],"version-history":[{"count":2,"href":"https:\/\/www.lafarga.com\/corporatiu\/wp-json\/wp\/v2\/posts\/8689\/revisions"}],"predecessor-version":[{"id":8694,"href":"https:\/\/www.lafarga.com\/corporatiu\/wp-json\/wp\/v2\/posts\/8689\/revisions\/8694"}],"wp:featuredmedia":[{"embeddable":true,"href":"https:\/\/www.lafarga.com\/corporatiu\/wp-json\/wp\/v2\/media\/8690"}],"wp:attachment":[{"href":"https:\/\/www.lafarga.com\/corporatiu\/wp-json\/wp\/v2\/media?parent=8689"}],"wp:term":[{"taxonomy":"category","embeddable":true,"href":"https:\/\/www.lafarga.com\/corporatiu\/wp-json\/wp\/v2\/categories?post=8689"},{"taxonomy":"post_tag","embeddable":true,"href":"https:\/\/www.lafarga.com\/corporatiu\/wp-json\/wp\/v2\/tags?post=8689"}],"curies":[{"name":"wp","href":"https:\/\/api.w.org\/{rel}","templated":true}]}}