{"id":8592,"date":"2016-09-12T12:21:15","date_gmt":"2016-09-12T12:21:15","guid":{"rendered":"http:\/\/www.lafarga.com\/corporatiu\/?p=8592"},"modified":"2016-09-13T10:34:41","modified_gmt":"2016-09-13T10:34:41","slug":"medios-arrancan-temporada-programas-deportes-cultura","status":"publish","type":"post","link":"https:\/\/www.lafarga.com\/corporatiu\/medios-arrancan-temporada-programas-deportes-cultura\/","title":{"rendered":"Los Medios arrancan temporada con nuevos programas de deportes y cultura"},"content":{"rendered":"<h5>Se estrenan &#8216;L&#8217;H en joc&#8217; y &#8216;Taquilla Inversa&#8217;<\/h5>\n<p>Este lunes los Medios de Comunicaci\u00f3n de L&#8217;Hospitalet comienzan nueva temporada, con algunas novedades, especialmente en los deportes y la cultura, que centrar\u00e1n el eje de la nueva programaci\u00f3n de <strong><a href=\"http:\/\/lhdigital.cat\/web\/digital-h\/televisio\" target=\"_blank\">TV L&#8217;Hospitalet<\/a><\/strong> y del <strong><a href=\"http:\/\/lhdigital.cat\/web\/digital-h\/\" target=\"_blank\">LHDigital<\/a><\/strong>.<\/p>\n<p>El programa deportivo &#8220;L&#8217;H en joc&#8221;, todos los lunes a partir de hoy, y el cultural &#8220;Taquilla inversa&#8221;, todos los jueves a partir del 15 de septiembre, son dos de las principales novedades de la nueva temporada de los Medios de Comunicaci\u00f3n Municipales.<\/p>\n<p>Todos los lunes, despu\u00e9s de l&#8217;Informatiu, a las 19.45h, &#8220;L&#8217;H en joc&#8221;, editado y presentado por <strong>Montse Maneja<\/strong> y <strong>Sergi Esparza<\/strong>, llega a la pantalla cada semana con la voluntad de consolidarse como el programa informativo de referencia para el mundo del deporte de la ciudad. Ofrecer\u00e1 un resumen de los acontecimientos deportivos del fin de semana, con secciones de f\u00fatbol, baloncesto y polideportivo, entrevistas en plat\u00f3 con protagonistas y los marcadores con los resultados y las clasificaciones de los principales equipos locales.<\/p>\n<p>Todo los jueves, a las 20h, ser\u00e1 el momento de &#8220;Taquilla Inversa&#8221;, editado y presentando por <strong>Laura Alsina<\/strong>, un programa televisivo que informar\u00e1 sobre las propuestas culturales de la ciudad con secciones de teatro, m\u00fasica, libros, gastronom\u00eda, arte, actuaciones en plat\u00f3, entre otros contenidos.<\/p>\n<p>A su vez, L&#8217;Informatiu con el resumen de las noticias del jornada vuelve de nuevo a las pantallas de TV L&#8217;Hospitalet diariamente a partir de las 19.30h, editado y presentado por <strong>Montse Qui\u00f1onero<\/strong>.<\/p>\n<p>Complementar\u00e1n la programaci\u00f3n televisiva contenidos divulgativos producidos por la Xarxa de Televisions Locals.<\/p>\n<p>Por otro lado, dentro de esta temporada, TV L&#8217;Hospitalet tiene la voluntad de ir incorporando en su parrilla nuevos programas tem\u00e1ticos de producci\u00f3n propia sobre educaci\u00f3n, la actualidad de los barrios y un espacio de reflexi\u00f3n a partir de tertulias, debates y\/o entrevistas.<\/p>\n<h5>LHdigital, como primera ventana de la informaci\u00f3n local<\/h5>\n<p>La actualidad diaria de la ciudad pasar\u00e1, pero, en primer t\u00e9rmino por la plataforma web <strong><a href=\"http:\/\/lhdigital.cat\/web\/digital-h\/\" target=\"_blank\">LHdigital.cat<\/a><\/strong>. La informaci\u00f3n local se podr\u00e1 seguir a trav\u00e9s de la web, de su aplicaci\u00f3n para dispositivos m\u00f3viles y a trav\u00e9s de las redes sociales, que ganar\u00e1n peso esta temporada como canal para favorecer la inmediatez informativa y la promoci\u00f3n de contenidos.<\/p>\n<p>El portal de noticias de la ciudad potenciar\u00e1 tambi\u00e9n el uso de la tecnolog\u00eda <em>streaming<\/em> para informar en tiempo real de eventos de ciudad. En este sentido, se continuar\u00e1n ofreciendo en directo los plenos municipales, cada mes -con redifusi\u00f3n para la TV- y se trabaja con la voluntad de ofrecer v\u00eda <em>streaming<\/em> de audio los partidos de f\u00fatbol del Centre d&#8217;Esports L&#8217;Hospitalet, a partir de la pr\u00f3xima jornada, y los partidos de baloncesto del Club B\u00e0squet L&#8217;Hospitalet, a partir de octubre.<\/p>\n<p>El <a href=\"http:\/\/lhdigital.cat\/web\/diari\/diari-l-h\" target=\"_blank\"><strong>Diari de L&#8217;Hospitalet<\/strong><\/a>, con 105.000 ejemplares, seguir\u00e1 llegando cada mes a los buzones de los hospitalenses con las noticias m\u00e1s destacadas de la ciudad.<\/p>\n<p>Los Medios de Comunicaci\u00f3n Municipales son gestionados por La Farga Gesti\u00f3n de Equipamientos Municipales, SA.<\/p>\n","protected":false},"excerpt":{"rendered":"<p>Este lunes los Medios de Comunicaci\u00f3n de L&#8217;Hospitalet comienzan nueva temporada, con algunas novedades, especialmente en los deportes y la cultura, que centrar\u00e1n el eje de la programaci\u00f3n de TV L&#8217;Hospitalet y LHDigital.<\/p>\n","protected":false},"author":5,"featured_media":8590,"comment_status":"closed","ping_status":"closed","sticky":false,"template":"","format":"standard","meta":{"inline_featured_image":false,"_uag_custom_page_level_css":"","_monsterinsights_skip_tracking":false,"_monsterinsights_sitenote_active":false,"_monsterinsights_sitenote_note":"","_monsterinsights_sitenote_category":0,"site-sidebar-layout":"default","site-content-layout":"","ast-site-content-layout":"default","site-content-style":"default","site-sidebar-style":"default","ast-global-header-display":"","ast-banner-title-visibility":"","ast-main-header-display":"","ast-hfb-above-header-display":"","ast-hfb-below-header-display":"","ast-hfb-mobile-header-display":"","site-post-title":"","ast-breadcrumbs-content":"","ast-featured-img":"","footer-sml-layout":"","ast-disable-related-posts":"","theme-transparent-header-meta":"","adv-header-id-meta":"","stick-header-meta":"","header-above-stick-meta":"","header-main-stick-meta":"","header-below-stick-meta":"","astra-migrate-meta-layouts":"default","ast-page-background-enabled":"default","ast-page-background-meta":{"desktop":{"background-color":"var(--ast-global-color-4)","background-image":"","background-repeat":"repeat","background-position":"center center","background-size":"auto","background-attachment":"scroll","background-type":"","background-media":"","overlay-type":"","overlay-color":"","overlay-opacity":"","overlay-gradient":""},"tablet":{"background-color":"","background-image":"","background-repeat":"repeat","background-position":"center center","background-size":"auto","background-attachment":"scroll","background-type":"","background-media":"","overlay-type":"","overlay-color":"","overlay-opacity":"","overlay-gradient":""},"mobile":{"background-color":"","background-image":"","background-repeat":"repeat","background-position":"center center","background-size":"auto","background-attachment":"scroll","background-type":"","background-media":"","overlay-type":"","overlay-color":"","overlay-opacity":"","overlay-gradient":""}},"ast-content-background-meta":{"desktop":{"background-color":"var(--ast-global-color-5)","background-image":"","background-repeat":"repeat","background-position":"center center","background-size":"auto","background-attachment":"scroll","background-type":"","background-media":"","overlay-type":"","overlay-color":"","overlay-opacity":"","overlay-gradient":""},"tablet":{"background-color":"var(--ast-global-color-5)","background-image":"","background-repeat":"repeat","background-position":"center center","background-size":"auto","background-attachment":"scroll","background-type":"","background-media":"","overlay-type":"","overlay-color":"","overlay-opacity":"","overlay-gradient":""},"mobile":{"background-color":"var(--ast-global-color-5)","background-image":"","background-repeat":"repeat","background-position":"center center","background-size":"auto","background-attachment":"scroll","background-type":"","background-media":"","overlay-type":"","overlay-color":"","overlay-opacity":"","overlay-gradient":""}},"footnotes":""},"categories":[81],"tags":[],"class_list":["post-8592","post","type-post","status-publish","format-standard","has-post-thumbnail","hentry","category-medios-comunicacion"],"yoast_head":"<!-- This site is optimized with the Yoast SEO plugin v27.4 - https:\/\/yoast.com\/product\/yoast-seo-wordpress\/ -->\n<title>Los Medios arrancan temporada con nuevos programas de deportes y cultura - La Farga Gesti\u00f3n de Equipamientos Municipales, S.A.<\/title>\n<meta name=\"description\" content=\"Este lunes los Medios de Comunicaci\u00f3n de L&#039;Hospitalet comienzan, con algunas novedades, especialmente en los deportes y la cultura.\" \/>\n<meta name=\"robots\" content=\"index, follow, max-snippet:-1, max-image-preview:large, max-video-preview:-1\" \/>\n<link rel=\"canonical\" href=\"https:\/\/www.lafarga.com\/corporatiu\/medios-arrancan-temporada-programas-deportes-cultura\/\" \/>\n<meta property=\"og:locale\" content=\"ca_ES\" \/>\n<meta property=\"og:type\" content=\"article\" \/>\n<meta property=\"og:title\" content=\"Los Medios arrancan temporada con nuevos programas de deportes y cultura - La Farga Gesti\u00f3n de Equipamientos Municipales, S.A.\" \/>\n<meta property=\"og:description\" content=\"Este lunes los Medios de Comunicaci\u00f3n de L&#039;Hospitalet comienzan, con algunas novedades, especialmente en los deportes y la cultura.\" \/>\n<meta property=\"og:url\" content=\"https:\/\/www.lafarga.com\/corporatiu\/medios-arrancan-temporada-programas-deportes-cultura\/\" \/>\n<meta property=\"og:site_name\" content=\"La Farga Gesti\u00f3n de Equipamientos Municipales, S.A.\" \/>\n<meta property=\"article:published_time\" content=\"2016-09-12T12:21:15+00:00\" \/>\n<meta property=\"article:modified_time\" content=\"2016-09-13T10:34:41+00:00\" \/>\n<meta property=\"og:image\" content=\"https:\/\/www.lafarga.com\/corporatiu\/wp-content\/uploads\/2016\/09\/Programacio-Mitjans-Farga.jpg\" \/>\n\t<meta property=\"og:image:width\" content=\"730\" \/>\n\t<meta property=\"og:image:height\" content=\"410\" \/>\n\t<meta property=\"og:image:type\" content=\"image\/jpeg\" \/>\n<meta name=\"author\" content=\"\u00d2scar Milla\" \/>\n<meta name=\"twitter:label1\" content=\"Escrit per\" \/>\n\t<meta name=\"twitter:data1\" content=\"\u00d2scar Milla\" \/>\n\t<meta name=\"twitter:label2\" content=\"Temps estimat de lectura\" \/>\n\t<meta name=\"twitter:data2\" content=\"3 minuts\" \/>\n<script type=\"application\/ld+json\" class=\"yoast-schema-graph\">{\"@context\":\"https:\\\/\\\/schema.org\",\"@graph\":[{\"@type\":\"Article\",\"@id\":\"https:\\\/\\\/www.lafarga.com\\\/corporatiu\\\/medios-arrancan-temporada-programas-deportes-cultura\\\/#article\",\"isPartOf\":{\"@id\":\"https:\\\/\\\/www.lafarga.com\\\/corporatiu\\\/medios-arrancan-temporada-programas-deportes-cultura\\\/\"},\"author\":{\"name\":\"\u00d2scar Milla\",\"@id\":\"https:\\\/\\\/www.lafarga.com\\\/corporatiu\\\/#\\\/schema\\\/person\\\/70d96fe17d0da1a9c9e80d232bdbcf33\"},\"headline\":\"Los Medios arrancan temporada con nuevos programas de deportes y cultura\",\"datePublished\":\"2016-09-12T12:21:15+00:00\",\"dateModified\":\"2016-09-13T10:34:41+00:00\",\"mainEntityOfPage\":{\"@id\":\"https:\\\/\\\/www.lafarga.com\\\/corporatiu\\\/medios-arrancan-temporada-programas-deportes-cultura\\\/\"},\"wordCount\":547,\"publisher\":{\"@id\":\"https:\\\/\\\/www.lafarga.com\\\/corporatiu\\\/#organization\"},\"image\":{\"@id\":\"https:\\\/\\\/www.lafarga.com\\\/corporatiu\\\/medios-arrancan-temporada-programas-deportes-cultura\\\/#primaryimage\"},\"thumbnailUrl\":\"https:\\\/\\\/www.lafarga.com\\\/corporatiu\\\/wp-content\\\/uploads\\\/2016\\\/09\\\/Programacio-Mitjans-Farga.jpg\",\"articleSection\":[\"Medios de Comunicaci\u00f3n\"],\"inLanguage\":\"ca\"},{\"@type\":\"WebPage\",\"@id\":\"https:\\\/\\\/www.lafarga.com\\\/corporatiu\\\/medios-arrancan-temporada-programas-deportes-cultura\\\/\",\"url\":\"https:\\\/\\\/www.lafarga.com\\\/corporatiu\\\/medios-arrancan-temporada-programas-deportes-cultura\\\/\",\"name\":\"Los Medios arrancan temporada con nuevos programas de deportes y cultura - La Farga Gesti\u00f3n de Equipamientos Municipales, S.A.\",\"isPartOf\":{\"@id\":\"https:\\\/\\\/www.lafarga.com\\\/corporatiu\\\/#website\"},\"primaryImageOfPage\":{\"@id\":\"https:\\\/\\\/www.lafarga.com\\\/corporatiu\\\/medios-arrancan-temporada-programas-deportes-cultura\\\/#primaryimage\"},\"image\":{\"@id\":\"https:\\\/\\\/www.lafarga.com\\\/corporatiu\\\/medios-arrancan-temporada-programas-deportes-cultura\\\/#primaryimage\"},\"thumbnailUrl\":\"https:\\\/\\\/www.lafarga.com\\\/corporatiu\\\/wp-content\\\/uploads\\\/2016\\\/09\\\/Programacio-Mitjans-Farga.jpg\",\"datePublished\":\"2016-09-12T12:21:15+00:00\",\"dateModified\":\"2016-09-13T10:34:41+00:00\",\"description\":\"Este lunes los Medios de Comunicaci\u00f3n de L'Hospitalet comienzan, con algunas novedades, especialmente en los deportes y la cultura.\",\"breadcrumb\":{\"@id\":\"https:\\\/\\\/www.lafarga.com\\\/corporatiu\\\/medios-arrancan-temporada-programas-deportes-cultura\\\/#breadcrumb\"},\"inLanguage\":\"ca\",\"potentialAction\":[{\"@type\":\"ReadAction\",\"target\":[\"https:\\\/\\\/www.lafarga.com\\\/corporatiu\\\/medios-arrancan-temporada-programas-deportes-cultura\\\/\"]}]},{\"@type\":\"ImageObject\",\"inLanguage\":\"ca\",\"@id\":\"https:\\\/\\\/www.lafarga.com\\\/corporatiu\\\/medios-arrancan-temporada-programas-deportes-cultura\\\/#primaryimage\",\"url\":\"https:\\\/\\\/www.lafarga.com\\\/corporatiu\\\/wp-content\\\/uploads\\\/2016\\\/09\\\/Programacio-Mitjans-Farga.jpg\",\"contentUrl\":\"https:\\\/\\\/www.lafarga.com\\\/corporatiu\\\/wp-content\\\/uploads\\\/2016\\\/09\\\/Programacio-Mitjans-Farga.jpg\",\"width\":730,\"height\":410,\"caption\":\"Programa Esports Mitjans\"},{\"@type\":\"BreadcrumbList\",\"@id\":\"https:\\\/\\\/www.lafarga.com\\\/corporatiu\\\/medios-arrancan-temporada-programas-deportes-cultura\\\/#breadcrumb\",\"itemListElement\":[{\"@type\":\"ListItem\",\"position\":1,\"name\":\"Home\",\"item\":\"https:\\\/\\\/www.lafarga.com\\\/corporatiu\\\/lafarga-hospitalet-llobregat\\\/\"},{\"@type\":\"ListItem\",\"position\":2,\"name\":\"Los Medios arrancan temporada con nuevos programas de deportes y cultura\"}]},{\"@type\":\"WebSite\",\"@id\":\"https:\\\/\\\/www.lafarga.com\\\/corporatiu\\\/#website\",\"url\":\"https:\\\/\\\/www.lafarga.com\\\/corporatiu\\\/\",\"name\":\"La Farga Gesti\u00f3 d&#039;Equipaments Municipals, SA\",\"description\":\"\",\"publisher\":{\"@id\":\"https:\\\/\\\/www.lafarga.com\\\/corporatiu\\\/#organization\"},\"potentialAction\":[{\"@type\":\"SearchAction\",\"target\":{\"@type\":\"EntryPoint\",\"urlTemplate\":\"https:\\\/\\\/www.lafarga.com\\\/corporatiu\\\/?s={search_term_string}\"},\"query-input\":{\"@type\":\"PropertyValueSpecification\",\"valueRequired\":true,\"valueName\":\"search_term_string\"}}],\"inLanguage\":\"ca\"},{\"@type\":\"Organization\",\"@id\":\"https:\\\/\\\/www.lafarga.com\\\/corporatiu\\\/#organization\",\"name\":\"La Farga Gesti\u00f3 d&#039;Equipaments Municipals, SA\",\"url\":\"https:\\\/\\\/www.lafarga.com\\\/corporatiu\\\/\",\"logo\":{\"@type\":\"ImageObject\",\"inLanguage\":\"ca\",\"@id\":\"https:\\\/\\\/www.lafarga.com\\\/corporatiu\\\/#\\\/schema\\\/logo\\\/image\\\/\",\"url\":\"https:\\\/\\\/www.lafarga.com\\\/corporatiu\\\/wp-content\\\/uploads\\\/2023\\\/11\\\/logotipo_lafarga_gemsa.svg\",\"contentUrl\":\"https:\\\/\\\/www.lafarga.com\\\/corporatiu\\\/wp-content\\\/uploads\\\/2023\\\/11\\\/logotipo_lafarga_gemsa.svg\",\"width\":102,\"height\":103,\"caption\":\"La Farga Gesti\u00f3 d&#039;Equipaments Municipals, SA\"},\"image\":{\"@id\":\"https:\\\/\\\/www.lafarga.com\\\/corporatiu\\\/#\\\/schema\\\/logo\\\/image\\\/\"}},{\"@type\":\"Person\",\"@id\":\"https:\\\/\\\/www.lafarga.com\\\/corporatiu\\\/#\\\/schema\\\/person\\\/70d96fe17d0da1a9c9e80d232bdbcf33\",\"name\":\"\u00d2scar Milla\",\"image\":{\"@type\":\"ImageObject\",\"inLanguage\":\"ca\",\"@id\":\"https:\\\/\\\/secure.gravatar.com\\\/avatar\\\/92e75d184f9d5e0e403bd4ad075b080ad258344ddc259adddb579f6a3ba6494f?s=96&d=mm&r=g\",\"url\":\"https:\\\/\\\/secure.gravatar.com\\\/avatar\\\/92e75d184f9d5e0e403bd4ad075b080ad258344ddc259adddb579f6a3ba6494f?s=96&d=mm&r=g\",\"contentUrl\":\"https:\\\/\\\/secure.gravatar.com\\\/avatar\\\/92e75d184f9d5e0e403bd4ad075b080ad258344ddc259adddb579f6a3ba6494f?s=96&d=mm&r=g\",\"caption\":\"\u00d2scar Milla\"},\"url\":\"https:\\\/\\\/www.lafarga.com\\\/corporatiu\\\/author\\\/omilla\\\/\"}]}<\/script>\n<!-- \/ Yoast SEO plugin. -->","yoast_head_json":{"title":"Los Medios arrancan temporada con nuevos programas de deportes y cultura - La Farga Gesti\u00f3n de Equipamientos Municipales, S.A.","description":"Este lunes los Medios de Comunicaci\u00f3n de L'Hospitalet comienzan, con algunas novedades, especialmente en los deportes y la cultura.","robots":{"index":"index","follow":"follow","max-snippet":"max-snippet:-1","max-image-preview":"max-image-preview:large","max-video-preview":"max-video-preview:-1"},"canonical":"https:\/\/www.lafarga.com\/corporatiu\/medios-arrancan-temporada-programas-deportes-cultura\/","og_locale":"ca_ES","og_type":"article","og_title":"Los Medios arrancan temporada con nuevos programas de deportes y cultura - La Farga Gesti\u00f3n de Equipamientos Municipales, S.A.","og_description":"Este lunes los Medios de Comunicaci\u00f3n de L'Hospitalet comienzan, con algunas novedades, especialmente en los deportes y la cultura.","og_url":"https:\/\/www.lafarga.com\/corporatiu\/medios-arrancan-temporada-programas-deportes-cultura\/","og_site_name":"La Farga Gesti\u00f3n de Equipamientos Municipales, S.A.","article_published_time":"2016-09-12T12:21:15+00:00","article_modified_time":"2016-09-13T10:34:41+00:00","og_image":[{"width":730,"height":410,"url":"https:\/\/www.lafarga.com\/corporatiu\/wp-content\/uploads\/2016\/09\/Programacio-Mitjans-Farga.jpg","type":"image\/jpeg"}],"author":"\u00d2scar Milla","twitter_misc":{"Escrit per":"\u00d2scar Milla","Temps estimat de lectura":"3 minuts"},"schema":{"@context":"https:\/\/schema.org","@graph":[{"@type":"Article","@id":"https:\/\/www.lafarga.com\/corporatiu\/medios-arrancan-temporada-programas-deportes-cultura\/#article","isPartOf":{"@id":"https:\/\/www.lafarga.com\/corporatiu\/medios-arrancan-temporada-programas-deportes-cultura\/"},"author":{"name":"\u00d2scar Milla","@id":"https:\/\/www.lafarga.com\/corporatiu\/#\/schema\/person\/70d96fe17d0da1a9c9e80d232bdbcf33"},"headline":"Los Medios arrancan temporada con nuevos programas de deportes y cultura","datePublished":"2016-09-12T12:21:15+00:00","dateModified":"2016-09-13T10:34:41+00:00","mainEntityOfPage":{"@id":"https:\/\/www.lafarga.com\/corporatiu\/medios-arrancan-temporada-programas-deportes-cultura\/"},"wordCount":547,"publisher":{"@id":"https:\/\/www.lafarga.com\/corporatiu\/#organization"},"image":{"@id":"https:\/\/www.lafarga.com\/corporatiu\/medios-arrancan-temporada-programas-deportes-cultura\/#primaryimage"},"thumbnailUrl":"https:\/\/www.lafarga.com\/corporatiu\/wp-content\/uploads\/2016\/09\/Programacio-Mitjans-Farga.jpg","articleSection":["Medios de Comunicaci\u00f3n"],"inLanguage":"ca"},{"@type":"WebPage","@id":"https:\/\/www.lafarga.com\/corporatiu\/medios-arrancan-temporada-programas-deportes-cultura\/","url":"https:\/\/www.lafarga.com\/corporatiu\/medios-arrancan-temporada-programas-deportes-cultura\/","name":"Los Medios arrancan temporada con nuevos programas de deportes y cultura - La Farga Gesti\u00f3n de Equipamientos Municipales, S.A.","isPartOf":{"@id":"https:\/\/www.lafarga.com\/corporatiu\/#website"},"primaryImageOfPage":{"@id":"https:\/\/www.lafarga.com\/corporatiu\/medios-arrancan-temporada-programas-deportes-cultura\/#primaryimage"},"image":{"@id":"https:\/\/www.lafarga.com\/corporatiu\/medios-arrancan-temporada-programas-deportes-cultura\/#primaryimage"},"thumbnailUrl":"https:\/\/www.lafarga.com\/corporatiu\/wp-content\/uploads\/2016\/09\/Programacio-Mitjans-Farga.jpg","datePublished":"2016-09-12T12:21:15+00:00","dateModified":"2016-09-13T10:34:41+00:00","description":"Este lunes los Medios de Comunicaci\u00f3n de L'Hospitalet comienzan, con algunas novedades, especialmente en los deportes y la cultura.","breadcrumb":{"@id":"https:\/\/www.lafarga.com\/corporatiu\/medios-arrancan-temporada-programas-deportes-cultura\/#breadcrumb"},"inLanguage":"ca","potentialAction":[{"@type":"ReadAction","target":["https:\/\/www.lafarga.com\/corporatiu\/medios-arrancan-temporada-programas-deportes-cultura\/"]}]},{"@type":"ImageObject","inLanguage":"ca","@id":"https:\/\/www.lafarga.com\/corporatiu\/medios-arrancan-temporada-programas-deportes-cultura\/#primaryimage","url":"https:\/\/www.lafarga.com\/corporatiu\/wp-content\/uploads\/2016\/09\/Programacio-Mitjans-Farga.jpg","contentUrl":"https:\/\/www.lafarga.com\/corporatiu\/wp-content\/uploads\/2016\/09\/Programacio-Mitjans-Farga.jpg","width":730,"height":410,"caption":"Programa Esports Mitjans"},{"@type":"BreadcrumbList","@id":"https:\/\/www.lafarga.com\/corporatiu\/medios-arrancan-temporada-programas-deportes-cultura\/#breadcrumb","itemListElement":[{"@type":"ListItem","position":1,"name":"Home","item":"https:\/\/www.lafarga.com\/corporatiu\/lafarga-hospitalet-llobregat\/"},{"@type":"ListItem","position":2,"name":"Los Medios arrancan temporada con nuevos programas de deportes y cultura"}]},{"@type":"WebSite","@id":"https:\/\/www.lafarga.com\/corporatiu\/#website","url":"https:\/\/www.lafarga.com\/corporatiu\/","name":"La Farga Gesti\u00f3 d&#039;Equipaments Municipals, SA","description":"","publisher":{"@id":"https:\/\/www.lafarga.com\/corporatiu\/#organization"},"potentialAction":[{"@type":"SearchAction","target":{"@type":"EntryPoint","urlTemplate":"https:\/\/www.lafarga.com\/corporatiu\/?s={search_term_string}"},"query-input":{"@type":"PropertyValueSpecification","valueRequired":true,"valueName":"search_term_string"}}],"inLanguage":"ca"},{"@type":"Organization","@id":"https:\/\/www.lafarga.com\/corporatiu\/#organization","name":"La Farga Gesti\u00f3 d&#039;Equipaments Municipals, SA","url":"https:\/\/www.lafarga.com\/corporatiu\/","logo":{"@type":"ImageObject","inLanguage":"ca","@id":"https:\/\/www.lafarga.com\/corporatiu\/#\/schema\/logo\/image\/","url":"https:\/\/www.lafarga.com\/corporatiu\/wp-content\/uploads\/2023\/11\/logotipo_lafarga_gemsa.svg","contentUrl":"https:\/\/www.lafarga.com\/corporatiu\/wp-content\/uploads\/2023\/11\/logotipo_lafarga_gemsa.svg","width":102,"height":103,"caption":"La Farga Gesti\u00f3 d&#039;Equipaments Municipals, SA"},"image":{"@id":"https:\/\/www.lafarga.com\/corporatiu\/#\/schema\/logo\/image\/"}},{"@type":"Person","@id":"https:\/\/www.lafarga.com\/corporatiu\/#\/schema\/person\/70d96fe17d0da1a9c9e80d232bdbcf33","name":"\u00d2scar Milla","image":{"@type":"ImageObject","inLanguage":"ca","@id":"https:\/\/secure.gravatar.com\/avatar\/92e75d184f9d5e0e403bd4ad075b080ad258344ddc259adddb579f6a3ba6494f?s=96&d=mm&r=g","url":"https:\/\/secure.gravatar.com\/avatar\/92e75d184f9d5e0e403bd4ad075b080ad258344ddc259adddb579f6a3ba6494f?s=96&d=mm&r=g","contentUrl":"https:\/\/secure.gravatar.com\/avatar\/92e75d184f9d5e0e403bd4ad075b080ad258344ddc259adddb579f6a3ba6494f?s=96&d=mm&r=g","caption":"\u00d2scar Milla"},"url":"https:\/\/www.lafarga.com\/corporatiu\/author\/omilla\/"}]}},"uagb_featured_image_src":{"full":["https:\/\/www.lafarga.com\/corporatiu\/wp-content\/uploads\/2016\/09\/Programacio-Mitjans-Farga.jpg",730,410,false],"thumbnail":["https:\/\/www.lafarga.com\/corporatiu\/wp-content\/uploads\/2016\/09\/Programacio-Mitjans-Farga-150x150.jpg",150,150,true],"medium":["https:\/\/www.lafarga.com\/corporatiu\/wp-content\/uploads\/2016\/09\/Programacio-Mitjans-Farga-300x168.jpg",300,168,true],"medium_large":["https:\/\/www.lafarga.com\/corporatiu\/wp-content\/uploads\/2016\/09\/Programacio-Mitjans-Farga.jpg",730,410,false],"large":["https:\/\/www.lafarga.com\/corporatiu\/wp-content\/uploads\/2016\/09\/Programacio-Mitjans-Farga.jpg",730,410,false],"1536x1536":["https:\/\/www.lafarga.com\/corporatiu\/wp-content\/uploads\/2016\/09\/Programacio-Mitjans-Farga.jpg",730,410,false],"2048x2048":["https:\/\/www.lafarga.com\/corporatiu\/wp-content\/uploads\/2016\/09\/Programacio-Mitjans-Farga.jpg",730,410,false],"mailpoet_newsletter_max":["https:\/\/www.lafarga.com\/corporatiu\/wp-content\/uploads\/2016\/09\/Programacio-Mitjans-Farga.jpg",730,410,false]},"uagb_author_info":{"display_name":"\u00d2scar Milla","author_link":"https:\/\/www.lafarga.com\/corporatiu\/author\/omilla\/"},"uagb_comment_info":0,"uagb_excerpt":"Este lunes los Medios de Comunicaci\u00f3n de L'Hospitalet comienzan nueva temporada, con algunas novedades, especialmente en los deportes y la cultura, que centrar\u00e1n el eje de la programaci\u00f3n de TV L'Hospitalet y LHDigital.","_links":{"self":[{"href":"https:\/\/www.lafarga.com\/corporatiu\/wp-json\/wp\/v2\/posts\/8592","targetHints":{"allow":["GET"]}}],"collection":[{"href":"https:\/\/www.lafarga.com\/corporatiu\/wp-json\/wp\/v2\/posts"}],"about":[{"href":"https:\/\/www.lafarga.com\/corporatiu\/wp-json\/wp\/v2\/types\/post"}],"author":[{"embeddable":true,"href":"https:\/\/www.lafarga.com\/corporatiu\/wp-json\/wp\/v2\/users\/5"}],"replies":[{"embeddable":true,"href":"https:\/\/www.lafarga.com\/corporatiu\/wp-json\/wp\/v2\/comments?post=8592"}],"version-history":[{"count":6,"href":"https:\/\/www.lafarga.com\/corporatiu\/wp-json\/wp\/v2\/posts\/8592\/revisions"}],"predecessor-version":[{"id":8623,"href":"https:\/\/www.lafarga.com\/corporatiu\/wp-json\/wp\/v2\/posts\/8592\/revisions\/8623"}],"wp:featuredmedia":[{"embeddable":true,"href":"https:\/\/www.lafarga.com\/corporatiu\/wp-json\/wp\/v2\/media\/8590"}],"wp:attachment":[{"href":"https:\/\/www.lafarga.com\/corporatiu\/wp-json\/wp\/v2\/media?parent=8592"}],"wp:term":[{"taxonomy":"category","embeddable":true,"href":"https:\/\/www.lafarga.com\/corporatiu\/wp-json\/wp\/v2\/categories?post=8592"},{"taxonomy":"post_tag","embeddable":true,"href":"https:\/\/www.lafarga.com\/corporatiu\/wp-json\/wp\/v2\/tags?post=8592"}],"curies":[{"name":"wp","href":"https:\/\/api.w.org\/{rel}","templated":true}]}}