{"id":8589,"date":"2016-09-12T12:06:40","date_gmt":"2016-09-12T12:06:40","guid":{"rendered":"http:\/\/www.lafarga.com\/corporatiu\/?p=8589"},"modified":"2016-09-13T10:35:07","modified_gmt":"2016-09-13T10:35:07","slug":"mitjans-arrenquen-temporada-programes-esports-cultura","status":"publish","type":"post","link":"https:\/\/www.lafarga.com\/corporatiu\/mitjans-arrenquen-temporada-programes-esports-cultura\/","title":{"rendered":"Els Mitjans arrenquen temporada amb nous programes d&#8217;esports i cultura"},"content":{"rendered":"<h5>S&#8217;estrenen &#8216;L&#8217;H en joc&#8217; i &#8216;Taquilla Inversa&#8217;<\/h5>\n<p>Aquest dilluns els Mitjans de Comunicaci\u00f3\u00a0de L&#8217;Hospitalet comencen nova temporada, amb algunes novetats, especialment en els esports i la cultura, que centraran l&#8217;eix de la nova programaci\u00f3 de <strong><a href=\"http:\/\/lhdigital.cat\/web\/digital-h\/televisio\" target=\"_blank\">TV L&#8217;Hospitalet<\/a><\/strong> i del <strong><a href=\"http:\/\/lhdigital.cat\/web\/digital-h\/\" target=\"_blank\">LHDigital<\/a><\/strong>.<\/p>\n<p>El programa esportiu &#8220;L&#8217;H en joc&#8221;, tots els dilluns a partir d&#8217;avui, i el cultural &#8220;Taquilla inversa&#8221;, tots els dijous a partir del 15 de setembre, s\u00f3n dues de les principals novetats de la nova temporada dels Mitjans de Comunicaci\u00f3 Municipals.<\/p>\n<p>Tots els dilluns, despr\u00e9s de l&#8217;Informatiu, a les 19.45h, &#8220;L&#8217;H en joc&#8221;, editat i presentat per <strong>Montse Maneja<\/strong> i <strong>Sergi Esparza<\/strong>, arriba a la pantalla cada setmana amb la voluntat de consolidar-se com el programa informatiu de refer\u00e8ncia per al m\u00f3n de l&#8217;esport de la ciutat. Oferir\u00e0 un resum dels esdeveniments esportius del cap de setmana, amb seccions de futbol, b\u00e0squet i poliesportiu, entrevistes a plat\u00f3 amb protagonistes i els marcadors amb els resultats i les classificacions dels principals equips locals.<\/p>\n<p>Tot els dijous, a les 20h, ser\u00e0 el moment de &#8220;<strong><a href=\"https:\/\/www.facebook.com\/taquillainversa\/?fref=ts\" target=\"_blank\">Taquilla Inversa<\/a><\/strong>&#8220;, editat i presentant per <strong>Laura Alsina<\/strong>, un programa televisiu que informar\u00e0 sobre les propostes culturals de la ciutat amb seccions de teatre, m\u00fasica, llibres, gastronomia, art, actuacions a plat\u00f3, entre d&#8217;altres continguts.<\/p>\n<p>A la vegada, L&#8217;Informatiu amb el resum de les not\u00edcies del jornada torna de nou a les pantalles de TV L&#8217;Hospitalet di\u00e0riament a partir de les 19.30h, editat i presentat per <strong>Montse Qui\u00f1onero<\/strong>.<\/p>\n<p>Complementaran la programaci\u00f3 televisiva continguts divulgatius produ\u00efts per la Xarxa de Televisions locals.<\/p>\n<p>D&#8217;altra banda, dins d&#8217;aquesta temporada, TV L&#8217;Hospitalet t\u00e9 la voluntat d&#8217;anar incorporant en la seva graella nous programes tem\u00e0tics de producci\u00f3 pr\u00f2pia sobre educaci\u00f3, l&#8217;actualitat dels barris i un espai de reflexi\u00f3 a partir de tert\u00falies, debats i\/o entrevistes.<\/p>\n<h5>LHdigital, com a primera finestra de la informaci\u00f3 local<\/h5>\n<p>L&#8217;actualitat di\u00e0ria de la ciutat passar\u00e0, per\u00f2, en primer terme per la plataforma web <a href=\"http:\/\/lhdigital.cat\/web\/digital-h\/\" target=\"_blank\"><strong>LHdigital.cat<\/strong><\/a>. La informaci\u00f3 local es podr\u00e0 seguir a trav\u00e9s del web, de la seva aplicaci\u00f3 per a dispositius m\u00f2bils i a trav\u00e9s de les xarxes socials, que guanyaran pes aquesta temporada com a canal per afavorir la immediatesa informativa i la promoci\u00f3 de continguts.<\/p>\n<p>El portal de not\u00edcies de la ciutat potenciar\u00e0 tamb\u00e9 l&#8217;\u00fas de la tecnologia <em>streaming<\/em> per informar en temps real d&#8217;esdeveniments de ciutat. En aquest sentit, es continuaran oferint en directe els plens municipals, cada mes -amb redifusi\u00f3 per a la TV- i es treballa amb la voluntat d&#8217;oferir via <em>streaming<\/em> d&#8217;\u00e0udio els partits de futbol del Centre d&#8217;Esports L&#8217;Hospitalet, a partir de la pr\u00f2xima jornada, i els partits de b\u00e0squet del Club B\u00e0squet L&#8217;Hospitalet, a partir de l&#8217;octubre.<\/p>\n<p>El <strong><a href=\"http:\/\/lhdigital.cat\/web\/diari\/diari-l-h\" target=\"_blank\">Diari de L&#8217;Hospitalet<\/a><\/strong>, amb 105.000 exemplars, continuar\u00e0 arribant cada mes a les b\u00fasties dels hospitalencs amb les not\u00edcies m\u00e9s destacades de la ciutat.<\/p>\n<p>Els Mitjans de Comunicaci\u00f3 Municipals s\u00f3n gestionats per La Farga Gesti\u00f3 d&#8217;Equipaments Municipals, SA.<\/p>\n","protected":false},"excerpt":{"rendered":"<p>Aquest dilluns els Mitjans de Comunicaci\u00f3 de L&#8217;Hospitalet comencen nova temporada, amb algunes novetats, especialment en els esports i la cultura, que centraran l&#8217;eix de la programaci\u00f3 de TV L&#8217;Hospitalet i LHDigital.<\/p>\n","protected":false},"author":5,"featured_media":8590,"comment_status":"closed","ping_status":"closed","sticky":false,"template":"","format":"standard","meta":{"inline_featured_image":false,"_uag_custom_page_level_css":"","_monsterinsights_skip_tracking":false,"_monsterinsights_sitenote_active":false,"_monsterinsights_sitenote_note":"","_monsterinsights_sitenote_category":0,"site-sidebar-layout":"default","site-content-layout":"","ast-site-content-layout":"default","site-content-style":"default","site-sidebar-style":"default","ast-global-header-display":"","ast-banner-title-visibility":"","ast-main-header-display":"","ast-hfb-above-header-display":"","ast-hfb-below-header-display":"","ast-hfb-mobile-header-display":"","site-post-title":"","ast-breadcrumbs-content":"","ast-featured-img":"","footer-sml-layout":"","ast-disable-related-posts":"","theme-transparent-header-meta":"","adv-header-id-meta":"","stick-header-meta":"","header-above-stick-meta":"","header-main-stick-meta":"","header-below-stick-meta":"","astra-migrate-meta-layouts":"default","ast-page-background-enabled":"default","ast-page-background-meta":{"desktop":{"background-color":"var(--ast-global-color-4)","background-image":"","background-repeat":"repeat","background-position":"center center","background-size":"auto","background-attachment":"scroll","background-type":"","background-media":"","overlay-type":"","overlay-color":"","overlay-opacity":"","overlay-gradient":""},"tablet":{"background-color":"","background-image":"","background-repeat":"repeat","background-position":"center center","background-size":"auto","background-attachment":"scroll","background-type":"","background-media":"","overlay-type":"","overlay-color":"","overlay-opacity":"","overlay-gradient":""},"mobile":{"background-color":"","background-image":"","background-repeat":"repeat","background-position":"center center","background-size":"auto","background-attachment":"scroll","background-type":"","background-media":"","overlay-type":"","overlay-color":"","overlay-opacity":"","overlay-gradient":""}},"ast-content-background-meta":{"desktop":{"background-color":"var(--ast-global-color-5)","background-image":"","background-repeat":"repeat","background-position":"center center","background-size":"auto","background-attachment":"scroll","background-type":"","background-media":"","overlay-type":"","overlay-color":"","overlay-opacity":"","overlay-gradient":""},"tablet":{"background-color":"var(--ast-global-color-5)","background-image":"","background-repeat":"repeat","background-position":"center center","background-size":"auto","background-attachment":"scroll","background-type":"","background-media":"","overlay-type":"","overlay-color":"","overlay-opacity":"","overlay-gradient":""},"mobile":{"background-color":"var(--ast-global-color-5)","background-image":"","background-repeat":"repeat","background-position":"center center","background-size":"auto","background-attachment":"scroll","background-type":"","background-media":"","overlay-type":"","overlay-color":"","overlay-opacity":"","overlay-gradient":""}},"footnotes":""},"categories":[51],"tags":[],"class_list":["post-8589","post","type-post","status-publish","format-standard","has-post-thumbnail","hentry","category-mitjans-comunicacio"],"yoast_head":"<!-- This site is optimized with the Yoast SEO plugin v27.4 - https:\/\/yoast.com\/product\/yoast-seo-wordpress\/ -->\n<title>Els Mitjans arrenquen temporada amb nous programes d&#039;esports i cultura - La Farga Gesti\u00f3n de Equipamientos Municipales, S.A.<\/title>\n<meta name=\"description\" content=\"Aquest dilluns els Mitjans de Comunicaci\u00f3 de L&#039;Hospitalet comencen, amb algunes novetats, especialment en els esports i la cultura.\" \/>\n<meta name=\"robots\" content=\"index, follow, max-snippet:-1, max-image-preview:large, max-video-preview:-1\" \/>\n<link rel=\"canonical\" href=\"https:\/\/www.lafarga.com\/corporatiu\/mitjans-arrenquen-temporada-programes-esports-cultura\/\" \/>\n<meta property=\"og:locale\" content=\"ca_ES\" \/>\n<meta property=\"og:type\" content=\"article\" \/>\n<meta property=\"og:title\" content=\"Els Mitjans arrenquen temporada amb nous programes d&#039;esports i cultura - La Farga Gesti\u00f3n de Equipamientos Municipales, S.A.\" \/>\n<meta property=\"og:description\" content=\"Aquest dilluns els Mitjans de Comunicaci\u00f3 de L&#039;Hospitalet comencen, amb algunes novetats, especialment en els esports i la cultura.\" \/>\n<meta property=\"og:url\" content=\"https:\/\/www.lafarga.com\/corporatiu\/mitjans-arrenquen-temporada-programes-esports-cultura\/\" \/>\n<meta property=\"og:site_name\" content=\"La Farga Gesti\u00f3n de Equipamientos Municipales, S.A.\" \/>\n<meta property=\"article:published_time\" content=\"2016-09-12T12:06:40+00:00\" \/>\n<meta property=\"article:modified_time\" content=\"2016-09-13T10:35:07+00:00\" \/>\n<meta property=\"og:image\" content=\"https:\/\/www.lafarga.com\/corporatiu\/wp-content\/uploads\/2016\/09\/Programacio-Mitjans-Farga.jpg\" \/>\n\t<meta property=\"og:image:width\" content=\"730\" \/>\n\t<meta property=\"og:image:height\" content=\"410\" \/>\n\t<meta property=\"og:image:type\" content=\"image\/jpeg\" \/>\n<meta name=\"author\" content=\"\u00d2scar Milla\" \/>\n<meta name=\"twitter:label1\" content=\"Escrit per\" \/>\n\t<meta name=\"twitter:data1\" content=\"\u00d2scar Milla\" \/>\n\t<meta name=\"twitter:label2\" content=\"Temps estimat de lectura\" \/>\n\t<meta name=\"twitter:data2\" content=\"3 minuts\" \/>\n<script type=\"application\/ld+json\" class=\"yoast-schema-graph\">{\"@context\":\"https:\\\/\\\/schema.org\",\"@graph\":[{\"@type\":\"Article\",\"@id\":\"https:\\\/\\\/www.lafarga.com\\\/corporatiu\\\/mitjans-arrenquen-temporada-programes-esports-cultura\\\/#article\",\"isPartOf\":{\"@id\":\"https:\\\/\\\/www.lafarga.com\\\/corporatiu\\\/mitjans-arrenquen-temporada-programes-esports-cultura\\\/\"},\"author\":{\"name\":\"\u00d2scar Milla\",\"@id\":\"https:\\\/\\\/www.lafarga.com\\\/corporatiu\\\/#\\\/schema\\\/person\\\/70d96fe17d0da1a9c9e80d232bdbcf33\"},\"headline\":\"Els Mitjans arrenquen temporada amb nous programes d&#8217;esports i cultura\",\"datePublished\":\"2016-09-12T12:06:40+00:00\",\"dateModified\":\"2016-09-13T10:35:07+00:00\",\"mainEntityOfPage\":{\"@id\":\"https:\\\/\\\/www.lafarga.com\\\/corporatiu\\\/mitjans-arrenquen-temporada-programes-esports-cultura\\\/\"},\"wordCount\":540,\"publisher\":{\"@id\":\"https:\\\/\\\/www.lafarga.com\\\/corporatiu\\\/#organization\"},\"image\":{\"@id\":\"https:\\\/\\\/www.lafarga.com\\\/corporatiu\\\/mitjans-arrenquen-temporada-programes-esports-cultura\\\/#primaryimage\"},\"thumbnailUrl\":\"https:\\\/\\\/www.lafarga.com\\\/corporatiu\\\/wp-content\\\/uploads\\\/2016\\\/09\\\/Programacio-Mitjans-Farga.jpg\",\"articleSection\":[\"Mitjans de Comunicaci\u00f3\"],\"inLanguage\":\"ca\"},{\"@type\":\"WebPage\",\"@id\":\"https:\\\/\\\/www.lafarga.com\\\/corporatiu\\\/mitjans-arrenquen-temporada-programes-esports-cultura\\\/\",\"url\":\"https:\\\/\\\/www.lafarga.com\\\/corporatiu\\\/mitjans-arrenquen-temporada-programes-esports-cultura\\\/\",\"name\":\"Els Mitjans arrenquen temporada amb nous programes d'esports i cultura - La Farga Gesti\u00f3n de Equipamientos Municipales, S.A.\",\"isPartOf\":{\"@id\":\"https:\\\/\\\/www.lafarga.com\\\/corporatiu\\\/#website\"},\"primaryImageOfPage\":{\"@id\":\"https:\\\/\\\/www.lafarga.com\\\/corporatiu\\\/mitjans-arrenquen-temporada-programes-esports-cultura\\\/#primaryimage\"},\"image\":{\"@id\":\"https:\\\/\\\/www.lafarga.com\\\/corporatiu\\\/mitjans-arrenquen-temporada-programes-esports-cultura\\\/#primaryimage\"},\"thumbnailUrl\":\"https:\\\/\\\/www.lafarga.com\\\/corporatiu\\\/wp-content\\\/uploads\\\/2016\\\/09\\\/Programacio-Mitjans-Farga.jpg\",\"datePublished\":\"2016-09-12T12:06:40+00:00\",\"dateModified\":\"2016-09-13T10:35:07+00:00\",\"description\":\"Aquest dilluns els Mitjans de Comunicaci\u00f3 de L'Hospitalet comencen, amb algunes novetats, especialment en els esports i la cultura.\",\"breadcrumb\":{\"@id\":\"https:\\\/\\\/www.lafarga.com\\\/corporatiu\\\/mitjans-arrenquen-temporada-programes-esports-cultura\\\/#breadcrumb\"},\"inLanguage\":\"ca\",\"potentialAction\":[{\"@type\":\"ReadAction\",\"target\":[\"https:\\\/\\\/www.lafarga.com\\\/corporatiu\\\/mitjans-arrenquen-temporada-programes-esports-cultura\\\/\"]}]},{\"@type\":\"ImageObject\",\"inLanguage\":\"ca\",\"@id\":\"https:\\\/\\\/www.lafarga.com\\\/corporatiu\\\/mitjans-arrenquen-temporada-programes-esports-cultura\\\/#primaryimage\",\"url\":\"https:\\\/\\\/www.lafarga.com\\\/corporatiu\\\/wp-content\\\/uploads\\\/2016\\\/09\\\/Programacio-Mitjans-Farga.jpg\",\"contentUrl\":\"https:\\\/\\\/www.lafarga.com\\\/corporatiu\\\/wp-content\\\/uploads\\\/2016\\\/09\\\/Programacio-Mitjans-Farga.jpg\",\"width\":730,\"height\":410,\"caption\":\"Programa Esports Mitjans\"},{\"@type\":\"BreadcrumbList\",\"@id\":\"https:\\\/\\\/www.lafarga.com\\\/corporatiu\\\/mitjans-arrenquen-temporada-programes-esports-cultura\\\/#breadcrumb\",\"itemListElement\":[{\"@type\":\"ListItem\",\"position\":1,\"name\":\"Home\",\"item\":\"https:\\\/\\\/www.lafarga.com\\\/corporatiu\\\/lafarga-hospitalet-llobregat\\\/\"},{\"@type\":\"ListItem\",\"position\":2,\"name\":\"Els Mitjans arrenquen temporada amb nous programes d&#8217;esports i cultura\"}]},{\"@type\":\"WebSite\",\"@id\":\"https:\\\/\\\/www.lafarga.com\\\/corporatiu\\\/#website\",\"url\":\"https:\\\/\\\/www.lafarga.com\\\/corporatiu\\\/\",\"name\":\"La Farga Gesti\u00f3 d&#039;Equipaments Municipals, SA\",\"description\":\"\",\"publisher\":{\"@id\":\"https:\\\/\\\/www.lafarga.com\\\/corporatiu\\\/#organization\"},\"potentialAction\":[{\"@type\":\"SearchAction\",\"target\":{\"@type\":\"EntryPoint\",\"urlTemplate\":\"https:\\\/\\\/www.lafarga.com\\\/corporatiu\\\/?s={search_term_string}\"},\"query-input\":{\"@type\":\"PropertyValueSpecification\",\"valueRequired\":true,\"valueName\":\"search_term_string\"}}],\"inLanguage\":\"ca\"},{\"@type\":\"Organization\",\"@id\":\"https:\\\/\\\/www.lafarga.com\\\/corporatiu\\\/#organization\",\"name\":\"La Farga Gesti\u00f3 d&#039;Equipaments Municipals, SA\",\"url\":\"https:\\\/\\\/www.lafarga.com\\\/corporatiu\\\/\",\"logo\":{\"@type\":\"ImageObject\",\"inLanguage\":\"ca\",\"@id\":\"https:\\\/\\\/www.lafarga.com\\\/corporatiu\\\/#\\\/schema\\\/logo\\\/image\\\/\",\"url\":\"https:\\\/\\\/www.lafarga.com\\\/corporatiu\\\/wp-content\\\/uploads\\\/2023\\\/11\\\/logotipo_lafarga_gemsa.svg\",\"contentUrl\":\"https:\\\/\\\/www.lafarga.com\\\/corporatiu\\\/wp-content\\\/uploads\\\/2023\\\/11\\\/logotipo_lafarga_gemsa.svg\",\"width\":102,\"height\":103,\"caption\":\"La Farga Gesti\u00f3 d&#039;Equipaments Municipals, SA\"},\"image\":{\"@id\":\"https:\\\/\\\/www.lafarga.com\\\/corporatiu\\\/#\\\/schema\\\/logo\\\/image\\\/\"}},{\"@type\":\"Person\",\"@id\":\"https:\\\/\\\/www.lafarga.com\\\/corporatiu\\\/#\\\/schema\\\/person\\\/70d96fe17d0da1a9c9e80d232bdbcf33\",\"name\":\"\u00d2scar Milla\",\"image\":{\"@type\":\"ImageObject\",\"inLanguage\":\"ca\",\"@id\":\"https:\\\/\\\/secure.gravatar.com\\\/avatar\\\/92e75d184f9d5e0e403bd4ad075b080ad258344ddc259adddb579f6a3ba6494f?s=96&d=mm&r=g\",\"url\":\"https:\\\/\\\/secure.gravatar.com\\\/avatar\\\/92e75d184f9d5e0e403bd4ad075b080ad258344ddc259adddb579f6a3ba6494f?s=96&d=mm&r=g\",\"contentUrl\":\"https:\\\/\\\/secure.gravatar.com\\\/avatar\\\/92e75d184f9d5e0e403bd4ad075b080ad258344ddc259adddb579f6a3ba6494f?s=96&d=mm&r=g\",\"caption\":\"\u00d2scar Milla\"},\"url\":\"https:\\\/\\\/www.lafarga.com\\\/corporatiu\\\/author\\\/omilla\\\/\"}]}<\/script>\n<!-- \/ Yoast SEO plugin. -->","yoast_head_json":{"title":"Els Mitjans arrenquen temporada amb nous programes d'esports i cultura - La Farga Gesti\u00f3n de Equipamientos Municipales, S.A.","description":"Aquest dilluns els Mitjans de Comunicaci\u00f3 de L'Hospitalet comencen, amb algunes novetats, especialment en els esports i la cultura.","robots":{"index":"index","follow":"follow","max-snippet":"max-snippet:-1","max-image-preview":"max-image-preview:large","max-video-preview":"max-video-preview:-1"},"canonical":"https:\/\/www.lafarga.com\/corporatiu\/mitjans-arrenquen-temporada-programes-esports-cultura\/","og_locale":"ca_ES","og_type":"article","og_title":"Els Mitjans arrenquen temporada amb nous programes d'esports i cultura - La Farga Gesti\u00f3n de Equipamientos Municipales, S.A.","og_description":"Aquest dilluns els Mitjans de Comunicaci\u00f3 de L'Hospitalet comencen, amb algunes novetats, especialment en els esports i la cultura.","og_url":"https:\/\/www.lafarga.com\/corporatiu\/mitjans-arrenquen-temporada-programes-esports-cultura\/","og_site_name":"La Farga Gesti\u00f3n de Equipamientos Municipales, S.A.","article_published_time":"2016-09-12T12:06:40+00:00","article_modified_time":"2016-09-13T10:35:07+00:00","og_image":[{"width":730,"height":410,"url":"https:\/\/www.lafarga.com\/corporatiu\/wp-content\/uploads\/2016\/09\/Programacio-Mitjans-Farga.jpg","type":"image\/jpeg"}],"author":"\u00d2scar Milla","twitter_misc":{"Escrit per":"\u00d2scar Milla","Temps estimat de lectura":"3 minuts"},"schema":{"@context":"https:\/\/schema.org","@graph":[{"@type":"Article","@id":"https:\/\/www.lafarga.com\/corporatiu\/mitjans-arrenquen-temporada-programes-esports-cultura\/#article","isPartOf":{"@id":"https:\/\/www.lafarga.com\/corporatiu\/mitjans-arrenquen-temporada-programes-esports-cultura\/"},"author":{"name":"\u00d2scar Milla","@id":"https:\/\/www.lafarga.com\/corporatiu\/#\/schema\/person\/70d96fe17d0da1a9c9e80d232bdbcf33"},"headline":"Els Mitjans arrenquen temporada amb nous programes d&#8217;esports i cultura","datePublished":"2016-09-12T12:06:40+00:00","dateModified":"2016-09-13T10:35:07+00:00","mainEntityOfPage":{"@id":"https:\/\/www.lafarga.com\/corporatiu\/mitjans-arrenquen-temporada-programes-esports-cultura\/"},"wordCount":540,"publisher":{"@id":"https:\/\/www.lafarga.com\/corporatiu\/#organization"},"image":{"@id":"https:\/\/www.lafarga.com\/corporatiu\/mitjans-arrenquen-temporada-programes-esports-cultura\/#primaryimage"},"thumbnailUrl":"https:\/\/www.lafarga.com\/corporatiu\/wp-content\/uploads\/2016\/09\/Programacio-Mitjans-Farga.jpg","articleSection":["Mitjans de Comunicaci\u00f3"],"inLanguage":"ca"},{"@type":"WebPage","@id":"https:\/\/www.lafarga.com\/corporatiu\/mitjans-arrenquen-temporada-programes-esports-cultura\/","url":"https:\/\/www.lafarga.com\/corporatiu\/mitjans-arrenquen-temporada-programes-esports-cultura\/","name":"Els Mitjans arrenquen temporada amb nous programes d'esports i cultura - La Farga Gesti\u00f3n de Equipamientos Municipales, S.A.","isPartOf":{"@id":"https:\/\/www.lafarga.com\/corporatiu\/#website"},"primaryImageOfPage":{"@id":"https:\/\/www.lafarga.com\/corporatiu\/mitjans-arrenquen-temporada-programes-esports-cultura\/#primaryimage"},"image":{"@id":"https:\/\/www.lafarga.com\/corporatiu\/mitjans-arrenquen-temporada-programes-esports-cultura\/#primaryimage"},"thumbnailUrl":"https:\/\/www.lafarga.com\/corporatiu\/wp-content\/uploads\/2016\/09\/Programacio-Mitjans-Farga.jpg","datePublished":"2016-09-12T12:06:40+00:00","dateModified":"2016-09-13T10:35:07+00:00","description":"Aquest dilluns els Mitjans de Comunicaci\u00f3 de L'Hospitalet comencen, amb algunes novetats, especialment en els esports i la cultura.","breadcrumb":{"@id":"https:\/\/www.lafarga.com\/corporatiu\/mitjans-arrenquen-temporada-programes-esports-cultura\/#breadcrumb"},"inLanguage":"ca","potentialAction":[{"@type":"ReadAction","target":["https:\/\/www.lafarga.com\/corporatiu\/mitjans-arrenquen-temporada-programes-esports-cultura\/"]}]},{"@type":"ImageObject","inLanguage":"ca","@id":"https:\/\/www.lafarga.com\/corporatiu\/mitjans-arrenquen-temporada-programes-esports-cultura\/#primaryimage","url":"https:\/\/www.lafarga.com\/corporatiu\/wp-content\/uploads\/2016\/09\/Programacio-Mitjans-Farga.jpg","contentUrl":"https:\/\/www.lafarga.com\/corporatiu\/wp-content\/uploads\/2016\/09\/Programacio-Mitjans-Farga.jpg","width":730,"height":410,"caption":"Programa Esports Mitjans"},{"@type":"BreadcrumbList","@id":"https:\/\/www.lafarga.com\/corporatiu\/mitjans-arrenquen-temporada-programes-esports-cultura\/#breadcrumb","itemListElement":[{"@type":"ListItem","position":1,"name":"Home","item":"https:\/\/www.lafarga.com\/corporatiu\/lafarga-hospitalet-llobregat\/"},{"@type":"ListItem","position":2,"name":"Els Mitjans arrenquen temporada amb nous programes d&#8217;esports i cultura"}]},{"@type":"WebSite","@id":"https:\/\/www.lafarga.com\/corporatiu\/#website","url":"https:\/\/www.lafarga.com\/corporatiu\/","name":"La Farga Gesti\u00f3 d&#039;Equipaments Municipals, SA","description":"","publisher":{"@id":"https:\/\/www.lafarga.com\/corporatiu\/#organization"},"potentialAction":[{"@type":"SearchAction","target":{"@type":"EntryPoint","urlTemplate":"https:\/\/www.lafarga.com\/corporatiu\/?s={search_term_string}"},"query-input":{"@type":"PropertyValueSpecification","valueRequired":true,"valueName":"search_term_string"}}],"inLanguage":"ca"},{"@type":"Organization","@id":"https:\/\/www.lafarga.com\/corporatiu\/#organization","name":"La Farga Gesti\u00f3 d&#039;Equipaments Municipals, SA","url":"https:\/\/www.lafarga.com\/corporatiu\/","logo":{"@type":"ImageObject","inLanguage":"ca","@id":"https:\/\/www.lafarga.com\/corporatiu\/#\/schema\/logo\/image\/","url":"https:\/\/www.lafarga.com\/corporatiu\/wp-content\/uploads\/2023\/11\/logotipo_lafarga_gemsa.svg","contentUrl":"https:\/\/www.lafarga.com\/corporatiu\/wp-content\/uploads\/2023\/11\/logotipo_lafarga_gemsa.svg","width":102,"height":103,"caption":"La Farga Gesti\u00f3 d&#039;Equipaments Municipals, SA"},"image":{"@id":"https:\/\/www.lafarga.com\/corporatiu\/#\/schema\/logo\/image\/"}},{"@type":"Person","@id":"https:\/\/www.lafarga.com\/corporatiu\/#\/schema\/person\/70d96fe17d0da1a9c9e80d232bdbcf33","name":"\u00d2scar Milla","image":{"@type":"ImageObject","inLanguage":"ca","@id":"https:\/\/secure.gravatar.com\/avatar\/92e75d184f9d5e0e403bd4ad075b080ad258344ddc259adddb579f6a3ba6494f?s=96&d=mm&r=g","url":"https:\/\/secure.gravatar.com\/avatar\/92e75d184f9d5e0e403bd4ad075b080ad258344ddc259adddb579f6a3ba6494f?s=96&d=mm&r=g","contentUrl":"https:\/\/secure.gravatar.com\/avatar\/92e75d184f9d5e0e403bd4ad075b080ad258344ddc259adddb579f6a3ba6494f?s=96&d=mm&r=g","caption":"\u00d2scar Milla"},"url":"https:\/\/www.lafarga.com\/corporatiu\/author\/omilla\/"}]}},"uagb_featured_image_src":{"full":["https:\/\/www.lafarga.com\/corporatiu\/wp-content\/uploads\/2016\/09\/Programacio-Mitjans-Farga.jpg",730,410,false],"thumbnail":["https:\/\/www.lafarga.com\/corporatiu\/wp-content\/uploads\/2016\/09\/Programacio-Mitjans-Farga-150x150.jpg",150,150,true],"medium":["https:\/\/www.lafarga.com\/corporatiu\/wp-content\/uploads\/2016\/09\/Programacio-Mitjans-Farga-300x168.jpg",300,168,true],"medium_large":["https:\/\/www.lafarga.com\/corporatiu\/wp-content\/uploads\/2016\/09\/Programacio-Mitjans-Farga.jpg",730,410,false],"large":["https:\/\/www.lafarga.com\/corporatiu\/wp-content\/uploads\/2016\/09\/Programacio-Mitjans-Farga.jpg",730,410,false],"1536x1536":["https:\/\/www.lafarga.com\/corporatiu\/wp-content\/uploads\/2016\/09\/Programacio-Mitjans-Farga.jpg",730,410,false],"2048x2048":["https:\/\/www.lafarga.com\/corporatiu\/wp-content\/uploads\/2016\/09\/Programacio-Mitjans-Farga.jpg",730,410,false],"mailpoet_newsletter_max":["https:\/\/www.lafarga.com\/corporatiu\/wp-content\/uploads\/2016\/09\/Programacio-Mitjans-Farga.jpg",730,410,false]},"uagb_author_info":{"display_name":"\u00d2scar Milla","author_link":"https:\/\/www.lafarga.com\/corporatiu\/author\/omilla\/"},"uagb_comment_info":0,"uagb_excerpt":"Aquest dilluns els Mitjans de Comunicaci\u00f3 de L'Hospitalet comencen nova temporada, amb algunes novetats, especialment en els esports i la cultura, que centraran l'eix de la programaci\u00f3 de TV L'Hospitalet i LHDigital.","_links":{"self":[{"href":"https:\/\/www.lafarga.com\/corporatiu\/wp-json\/wp\/v2\/posts\/8589","targetHints":{"allow":["GET"]}}],"collection":[{"href":"https:\/\/www.lafarga.com\/corporatiu\/wp-json\/wp\/v2\/posts"}],"about":[{"href":"https:\/\/www.lafarga.com\/corporatiu\/wp-json\/wp\/v2\/types\/post"}],"author":[{"embeddable":true,"href":"https:\/\/www.lafarga.com\/corporatiu\/wp-json\/wp\/v2\/users\/5"}],"replies":[{"embeddable":true,"href":"https:\/\/www.lafarga.com\/corporatiu\/wp-json\/wp\/v2\/comments?post=8589"}],"version-history":[{"count":6,"href":"https:\/\/www.lafarga.com\/corporatiu\/wp-json\/wp\/v2\/posts\/8589\/revisions"}],"predecessor-version":[{"id":8624,"href":"https:\/\/www.lafarga.com\/corporatiu\/wp-json\/wp\/v2\/posts\/8589\/revisions\/8624"}],"wp:featuredmedia":[{"embeddable":true,"href":"https:\/\/www.lafarga.com\/corporatiu\/wp-json\/wp\/v2\/media\/8590"}],"wp:attachment":[{"href":"https:\/\/www.lafarga.com\/corporatiu\/wp-json\/wp\/v2\/media?parent=8589"}],"wp:term":[{"taxonomy":"category","embeddable":true,"href":"https:\/\/www.lafarga.com\/corporatiu\/wp-json\/wp\/v2\/categories?post=8589"},{"taxonomy":"post_tag","embeddable":true,"href":"https:\/\/www.lafarga.com\/corporatiu\/wp-json\/wp\/v2\/tags?post=8589"}],"curies":[{"name":"wp","href":"https:\/\/api.w.org\/{rel}","templated":true}]}}