{"id":8019,"date":"2016-07-18T14:22:10","date_gmt":"2016-07-18T14:22:10","guid":{"rendered":"http:\/\/www.lafarga.com\/corporatiu\/?p=8019"},"modified":"2016-07-18T14:22:10","modified_gmt":"2016-07-18T14:22:10","slug":"los-cambios-en-el-plan-de-reforma-de-la-granvia-en-portada","status":"publish","type":"post","link":"https:\/\/www.lafarga.com\/corporatiu\/los-cambios-en-el-plan-de-reforma-de-la-granvia-en-portada\/","title":{"rendered":"Los cambios en el plan de reforma de la Granvia, en portada"},"content":{"rendered":"<h5>Edici\u00f3n n\u00famero 314 del Diari de L&#8217;Hospitalet<\/h5>\n<p>Los cambios en el plan de reforma de la Granvia hasta el Llobregat es principal tema de portada del <a href=\"http:\/\/lhdigital.cat\/web\/diari\/diari-l-h\" target=\"_blank\">Diari de L&#8217;Hospitalet<\/a> de este mes de julio.<\/p>\n<p>Este lunes ha salido la edici\u00f3n n\u00famero 314 del rotativo que informa del nuevo proyecto que reduce la zona edificable de Cal Trabal, crea un corredor verde y abre m\u00e1s conexiones viarias. En p\u00e1ginas centrales encontramos que el PDU se someter\u00e1 de nuevo a exposici\u00f3n p\u00fablica con un plazo de 45 d\u00edas para presentar alegaciones.<\/p>\n<p>Otro de los temas destacados de la portada del Diari son los barrios de L&#8217;Hospitalet que decidir\u00e1n su futuro en el proceso participativo de <a href=\"http:\/\/www.lh-on.cat\/\" target=\"_blank\">L&#8217;H &#8216;On&#8217;<\/a>. La gran transformaci\u00f3n de la ciudad que se inici\u00f3 el a\u00f1o 2013 se abre ahora a los distritos para que colaboren a hacer una reflexi\u00f3n para el futuro.<\/p>\n<p>Este mes de julio tambi\u00e9n encontramos en el Diari de L&#8217;Hospitalet que la ciudad conmemora el D\u00eda del Orgullo LGTBI y presenta un estudio sobre el &#8220;bullying&#8221; por orientaci\u00f3n sexual; que Ayuntamiento y Generalitat crear\u00e1n una comisi\u00f3n para abrir las estaciones de la l\u00ednea 10 de metro, y que las plazas Espanyola y del Vidre y el parque de la Torrassa son espacios abiertos en verano.<\/p>\n<p>En cuanto a la cultura vemos en portada la obra &#8220;Mousquetaire assis&#8221;, un Picasso que lo podemos encontrar en la Colecci\u00f3n Bassat instalada estos d\u00edas en la Tecla Sala. Por otra parte la Harmon\u00eda muestra c\u00f3mo se ha hecho la planificaci\u00f3n urban\u00edstica de la ciudad en los \u00faltimos 150 a\u00f1os.<\/p>\n<p>En p\u00e1ginas interiores leemos que La Farga Centro de Actividades acoger\u00e1 <a href=\"http:\/\/www.lafargalhospitalet.com\/retromoto-barcelona-salon-moto-epoca-accesorios-la-farga\/\" target=\"_blank\">RetroMoto Barcelona, primer sal\u00f3n de la Moto de \u00c9poca y Accesorios<\/a> que se celebrar\u00e1 del 9 al 11 de septiembre (en fotograf\u00eda Jos\u00e9 M. Garc\u00eda Mompel, presidente de La Farga GEMSA, con Jos\u00e9 Enrique Elvira, director general de Eventos del Motor, empresa organizadora del certamen). En este sentido el Diari de L&#8217;Hospitalet tambi\u00e9n recoge el <a href=\"http:\/\/www.lafargalhospitalet.com\/lo-mejor-de-aqui-y-de-alli-el-30-de-septiembre-en-la-farga\/\" target=\"_blank\">macroconcierto solidario que se celebrar\u00e1 en La Farga<\/a>. &#8220;Lo Mejor de Aqu\u00ed y de All\u00ed&#8221; organizado por Cadena Dial llevar\u00e1 al recinto hospitalense una treintena de artistas internacionales como Carlos Baute, Antonio Orozco, Melendi, Sergio Dalma entre otros.<\/p>\n<p>En deportes destaca la presentaci\u00f3n del nuevo t\u00e9cnico del Centre d&#8217;Esports L&#8217;Hospitalet, Ismael D\u00edaz (en fotograf\u00eda con el presidente Santi Ballest\u00e9) y que el Club B\u00e0squet L&#8217;Hospitalet se refuerza para afrontar la liga LEB Plata.<\/p>\n<p>El Diari de L&#8217;Hospitalet es un medio de comunicaci\u00f3n gestionado por La Farga Gesti\u00f3n de Equipamientos Municipales y tiene una tirada de 105.000 ejemplares cada mes.<\/p>\n<p><a href=\"http:\/\/lhdigital.cat\/diarilh_digital\/314\/index.html\" target=\"_blank\">Aqu\u00ed se puede consultar la versi\u00f3n digital del Diari de L&#8217;Hospitalet.<\/a><\/p>\n","protected":false},"excerpt":{"rendered":"<p>Los cambios en el plan de reforma de la Granvia hasta el Llobregat es principal tema de portada del Diari de L&#8217;Hospitalet de este mes de julio.<\/p>\n","protected":false},"author":5,"featured_media":8017,"comment_status":"closed","ping_status":"closed","sticky":false,"template":"","format":"standard","meta":{"inline_featured_image":false,"_uag_custom_page_level_css":"","_monsterinsights_skip_tracking":false,"_monsterinsights_sitenote_active":false,"_monsterinsights_sitenote_note":"","_monsterinsights_sitenote_category":0,"site-sidebar-layout":"default","site-content-layout":"","ast-site-content-layout":"default","site-content-style":"default","site-sidebar-style":"default","ast-global-header-display":"","ast-banner-title-visibility":"","ast-main-header-display":"","ast-hfb-above-header-display":"","ast-hfb-below-header-display":"","ast-hfb-mobile-header-display":"","site-post-title":"","ast-breadcrumbs-content":"","ast-featured-img":"","footer-sml-layout":"","ast-disable-related-posts":"","theme-transparent-header-meta":"","adv-header-id-meta":"","stick-header-meta":"","header-above-stick-meta":"","header-main-stick-meta":"","header-below-stick-meta":"","astra-migrate-meta-layouts":"default","ast-page-background-enabled":"default","ast-page-background-meta":{"desktop":{"background-color":"var(--ast-global-color-4)","background-image":"","background-repeat":"repeat","background-position":"center center","background-size":"auto","background-attachment":"scroll","background-type":"","background-media":"","overlay-type":"","overlay-color":"","overlay-opacity":"","overlay-gradient":""},"tablet":{"background-color":"","background-image":"","background-repeat":"repeat","background-position":"center center","background-size":"auto","background-attachment":"scroll","background-type":"","background-media":"","overlay-type":"","overlay-color":"","overlay-opacity":"","overlay-gradient":""},"mobile":{"background-color":"","background-image":"","background-repeat":"repeat","background-position":"center center","background-size":"auto","background-attachment":"scroll","background-type":"","background-media":"","overlay-type":"","overlay-color":"","overlay-opacity":"","overlay-gradient":""}},"ast-content-background-meta":{"desktop":{"background-color":"var(--ast-global-color-5)","background-image":"","background-repeat":"repeat","background-position":"center center","background-size":"auto","background-attachment":"scroll","background-type":"","background-media":"","overlay-type":"","overlay-color":"","overlay-opacity":"","overlay-gradient":""},"tablet":{"background-color":"var(--ast-global-color-5)","background-image":"","background-repeat":"repeat","background-position":"center center","background-size":"auto","background-attachment":"scroll","background-type":"","background-media":"","overlay-type":"","overlay-color":"","overlay-opacity":"","overlay-gradient":""},"mobile":{"background-color":"var(--ast-global-color-5)","background-image":"","background-repeat":"repeat","background-position":"center center","background-size":"auto","background-attachment":"scroll","background-type":"","background-media":"","overlay-type":"","overlay-color":"","overlay-opacity":"","overlay-gradient":""}},"footnotes":""},"categories":[81],"tags":[],"class_list":["post-8019","post","type-post","status-publish","format-standard","has-post-thumbnail","hentry","category-medios-comunicacion"],"yoast_head":"<!-- This site is optimized with the Yoast SEO plugin v27.4 - https:\/\/yoast.com\/product\/yoast-seo-wordpress\/ -->\n<title>Los cambios en el plan de reforma de la Granvia, en portada - La Farga Gesti\u00f3n de Equipamientos Municipales, S.A.<\/title>\n<meta name=\"description\" content=\"Els canvis en el pla de reforma de la Granvia fins el Llobregat \u00e9s principal tema de portada del Diari de L\u2019Hospitalet d\u2019aquest mes de juliol.\" \/>\n<meta name=\"robots\" content=\"index, follow, max-snippet:-1, max-image-preview:large, max-video-preview:-1\" \/>\n<link rel=\"canonical\" href=\"https:\/\/www.lafarga.com\/corporatiu\/los-cambios-en-el-plan-de-reforma-de-la-granvia-en-portada\/\" \/>\n<meta property=\"og:locale\" content=\"ca_ES\" \/>\n<meta property=\"og:type\" content=\"article\" \/>\n<meta property=\"og:title\" content=\"Los cambios en el plan de reforma de la Granvia, en portada - La Farga Gesti\u00f3n de Equipamientos Municipales, S.A.\" \/>\n<meta property=\"og:description\" content=\"Els canvis en el pla de reforma de la Granvia fins el Llobregat \u00e9s principal tema de portada del Diari de L\u2019Hospitalet d\u2019aquest mes de juliol.\" \/>\n<meta property=\"og:url\" content=\"https:\/\/www.lafarga.com\/corporatiu\/los-cambios-en-el-plan-de-reforma-de-la-granvia-en-portada\/\" \/>\n<meta property=\"og:site_name\" content=\"La Farga Gesti\u00f3n de Equipamientos Municipales, S.A.\" \/>\n<meta property=\"article:published_time\" content=\"2016-07-18T14:22:10+00:00\" \/>\n<meta property=\"og:image\" content=\"https:\/\/www.lafarga.com\/corporatiu\/wp-content\/uploads\/2016\/07\/DiariLH-Juliol-Farg.jpg\" \/>\n\t<meta property=\"og:image:width\" content=\"730\" \/>\n\t<meta property=\"og:image:height\" content=\"410\" \/>\n\t<meta property=\"og:image:type\" content=\"image\/jpeg\" \/>\n<meta name=\"author\" content=\"\u00d2scar Milla\" \/>\n<meta name=\"twitter:label1\" content=\"Escrit per\" \/>\n\t<meta name=\"twitter:data1\" content=\"\u00d2scar Milla\" \/>\n\t<meta name=\"twitter:label2\" content=\"Temps estimat de lectura\" \/>\n\t<meta name=\"twitter:data2\" content=\"2 minuts\" \/>\n<script type=\"application\/ld+json\" class=\"yoast-schema-graph\">{\"@context\":\"https:\\\/\\\/schema.org\",\"@graph\":[{\"@type\":\"Article\",\"@id\":\"https:\\\/\\\/www.lafarga.com\\\/corporatiu\\\/los-cambios-en-el-plan-de-reforma-de-la-granvia-en-portada\\\/#article\",\"isPartOf\":{\"@id\":\"https:\\\/\\\/www.lafarga.com\\\/corporatiu\\\/los-cambios-en-el-plan-de-reforma-de-la-granvia-en-portada\\\/\"},\"author\":{\"name\":\"\u00d2scar Milla\",\"@id\":\"https:\\\/\\\/www.lafarga.com\\\/corporatiu\\\/#\\\/schema\\\/person\\\/70d96fe17d0da1a9c9e80d232bdbcf33\"},\"headline\":\"Los cambios en el plan de reforma de la Granvia, en portada\",\"datePublished\":\"2016-07-18T14:22:10+00:00\",\"mainEntityOfPage\":{\"@id\":\"https:\\\/\\\/www.lafarga.com\\\/corporatiu\\\/los-cambios-en-el-plan-de-reforma-de-la-granvia-en-portada\\\/\"},\"wordCount\":488,\"publisher\":{\"@id\":\"https:\\\/\\\/www.lafarga.com\\\/corporatiu\\\/#organization\"},\"image\":{\"@id\":\"https:\\\/\\\/www.lafarga.com\\\/corporatiu\\\/los-cambios-en-el-plan-de-reforma-de-la-granvia-en-portada\\\/#primaryimage\"},\"thumbnailUrl\":\"https:\\\/\\\/www.lafarga.com\\\/corporatiu\\\/wp-content\\\/uploads\\\/2016\\\/07\\\/DiariLH-Juliol-Farg.jpg\",\"articleSection\":[\"Medios de Comunicaci\u00f3n\"],\"inLanguage\":\"ca\"},{\"@type\":\"WebPage\",\"@id\":\"https:\\\/\\\/www.lafarga.com\\\/corporatiu\\\/los-cambios-en-el-plan-de-reforma-de-la-granvia-en-portada\\\/\",\"url\":\"https:\\\/\\\/www.lafarga.com\\\/corporatiu\\\/los-cambios-en-el-plan-de-reforma-de-la-granvia-en-portada\\\/\",\"name\":\"Los cambios en el plan de reforma de la Granvia, en portada - La Farga Gesti\u00f3n de Equipamientos Municipales, S.A.\",\"isPartOf\":{\"@id\":\"https:\\\/\\\/www.lafarga.com\\\/corporatiu\\\/#website\"},\"primaryImageOfPage\":{\"@id\":\"https:\\\/\\\/www.lafarga.com\\\/corporatiu\\\/los-cambios-en-el-plan-de-reforma-de-la-granvia-en-portada\\\/#primaryimage\"},\"image\":{\"@id\":\"https:\\\/\\\/www.lafarga.com\\\/corporatiu\\\/los-cambios-en-el-plan-de-reforma-de-la-granvia-en-portada\\\/#primaryimage\"},\"thumbnailUrl\":\"https:\\\/\\\/www.lafarga.com\\\/corporatiu\\\/wp-content\\\/uploads\\\/2016\\\/07\\\/DiariLH-Juliol-Farg.jpg\",\"datePublished\":\"2016-07-18T14:22:10+00:00\",\"description\":\"Els canvis en el pla de reforma de la Granvia fins el Llobregat \u00e9s principal tema de portada del Diari de L\u2019Hospitalet d\u2019aquest mes de juliol.\",\"breadcrumb\":{\"@id\":\"https:\\\/\\\/www.lafarga.com\\\/corporatiu\\\/los-cambios-en-el-plan-de-reforma-de-la-granvia-en-portada\\\/#breadcrumb\"},\"inLanguage\":\"ca\",\"potentialAction\":[{\"@type\":\"ReadAction\",\"target\":[\"https:\\\/\\\/www.lafarga.com\\\/corporatiu\\\/los-cambios-en-el-plan-de-reforma-de-la-granvia-en-portada\\\/\"]}]},{\"@type\":\"ImageObject\",\"inLanguage\":\"ca\",\"@id\":\"https:\\\/\\\/www.lafarga.com\\\/corporatiu\\\/los-cambios-en-el-plan-de-reforma-de-la-granvia-en-portada\\\/#primaryimage\",\"url\":\"https:\\\/\\\/www.lafarga.com\\\/corporatiu\\\/wp-content\\\/uploads\\\/2016\\\/07\\\/DiariLH-Juliol-Farg.jpg\",\"contentUrl\":\"https:\\\/\\\/www.lafarga.com\\\/corporatiu\\\/wp-content\\\/uploads\\\/2016\\\/07\\\/DiariLH-Juliol-Farg.jpg\",\"width\":730,\"height\":410,\"caption\":\"Diari L'Hospitalet Juliol\"},{\"@type\":\"BreadcrumbList\",\"@id\":\"https:\\\/\\\/www.lafarga.com\\\/corporatiu\\\/los-cambios-en-el-plan-de-reforma-de-la-granvia-en-portada\\\/#breadcrumb\",\"itemListElement\":[{\"@type\":\"ListItem\",\"position\":1,\"name\":\"Home\",\"item\":\"https:\\\/\\\/www.lafarga.com\\\/corporatiu\\\/lafarga-hospitalet-llobregat\\\/\"},{\"@type\":\"ListItem\",\"position\":2,\"name\":\"Los cambios en el plan de reforma de la Granvia, en portada\"}]},{\"@type\":\"WebSite\",\"@id\":\"https:\\\/\\\/www.lafarga.com\\\/corporatiu\\\/#website\",\"url\":\"https:\\\/\\\/www.lafarga.com\\\/corporatiu\\\/\",\"name\":\"La Farga Gesti\u00f3 d&#039;Equipaments Municipals, SA\",\"description\":\"\",\"publisher\":{\"@id\":\"https:\\\/\\\/www.lafarga.com\\\/corporatiu\\\/#organization\"},\"potentialAction\":[{\"@type\":\"SearchAction\",\"target\":{\"@type\":\"EntryPoint\",\"urlTemplate\":\"https:\\\/\\\/www.lafarga.com\\\/corporatiu\\\/?s={search_term_string}\"},\"query-input\":{\"@type\":\"PropertyValueSpecification\",\"valueRequired\":true,\"valueName\":\"search_term_string\"}}],\"inLanguage\":\"ca\"},{\"@type\":\"Organization\",\"@id\":\"https:\\\/\\\/www.lafarga.com\\\/corporatiu\\\/#organization\",\"name\":\"La Farga Gesti\u00f3 d&#039;Equipaments Municipals, SA\",\"url\":\"https:\\\/\\\/www.lafarga.com\\\/corporatiu\\\/\",\"logo\":{\"@type\":\"ImageObject\",\"inLanguage\":\"ca\",\"@id\":\"https:\\\/\\\/www.lafarga.com\\\/corporatiu\\\/#\\\/schema\\\/logo\\\/image\\\/\",\"url\":\"https:\\\/\\\/www.lafarga.com\\\/corporatiu\\\/wp-content\\\/uploads\\\/2023\\\/11\\\/logotipo_lafarga_gemsa.svg\",\"contentUrl\":\"https:\\\/\\\/www.lafarga.com\\\/corporatiu\\\/wp-content\\\/uploads\\\/2023\\\/11\\\/logotipo_lafarga_gemsa.svg\",\"width\":102,\"height\":103,\"caption\":\"La Farga Gesti\u00f3 d&#039;Equipaments Municipals, SA\"},\"image\":{\"@id\":\"https:\\\/\\\/www.lafarga.com\\\/corporatiu\\\/#\\\/schema\\\/logo\\\/image\\\/\"}},{\"@type\":\"Person\",\"@id\":\"https:\\\/\\\/www.lafarga.com\\\/corporatiu\\\/#\\\/schema\\\/person\\\/70d96fe17d0da1a9c9e80d232bdbcf33\",\"name\":\"\u00d2scar Milla\",\"image\":{\"@type\":\"ImageObject\",\"inLanguage\":\"ca\",\"@id\":\"https:\\\/\\\/secure.gravatar.com\\\/avatar\\\/92e75d184f9d5e0e403bd4ad075b080ad258344ddc259adddb579f6a3ba6494f?s=96&d=mm&r=g\",\"url\":\"https:\\\/\\\/secure.gravatar.com\\\/avatar\\\/92e75d184f9d5e0e403bd4ad075b080ad258344ddc259adddb579f6a3ba6494f?s=96&d=mm&r=g\",\"contentUrl\":\"https:\\\/\\\/secure.gravatar.com\\\/avatar\\\/92e75d184f9d5e0e403bd4ad075b080ad258344ddc259adddb579f6a3ba6494f?s=96&d=mm&r=g\",\"caption\":\"\u00d2scar Milla\"},\"url\":\"https:\\\/\\\/www.lafarga.com\\\/corporatiu\\\/author\\\/omilla\\\/\"}]}<\/script>\n<!-- \/ Yoast SEO plugin. -->","yoast_head_json":{"title":"Los cambios en el plan de reforma de la Granvia, en portada - La Farga Gesti\u00f3n de Equipamientos Municipales, S.A.","description":"Els canvis en el pla de reforma de la Granvia fins el Llobregat \u00e9s principal tema de portada del Diari de L\u2019Hospitalet d\u2019aquest mes de juliol.","robots":{"index":"index","follow":"follow","max-snippet":"max-snippet:-1","max-image-preview":"max-image-preview:large","max-video-preview":"max-video-preview:-1"},"canonical":"https:\/\/www.lafarga.com\/corporatiu\/los-cambios-en-el-plan-de-reforma-de-la-granvia-en-portada\/","og_locale":"ca_ES","og_type":"article","og_title":"Los cambios en el plan de reforma de la Granvia, en portada - La Farga Gesti\u00f3n de Equipamientos Municipales, S.A.","og_description":"Els canvis en el pla de reforma de la Granvia fins el Llobregat \u00e9s principal tema de portada del Diari de L\u2019Hospitalet d\u2019aquest mes de juliol.","og_url":"https:\/\/www.lafarga.com\/corporatiu\/los-cambios-en-el-plan-de-reforma-de-la-granvia-en-portada\/","og_site_name":"La Farga Gesti\u00f3n de Equipamientos Municipales, S.A.","article_published_time":"2016-07-18T14:22:10+00:00","og_image":[{"width":730,"height":410,"url":"https:\/\/www.lafarga.com\/corporatiu\/wp-content\/uploads\/2016\/07\/DiariLH-Juliol-Farg.jpg","type":"image\/jpeg"}],"author":"\u00d2scar Milla","twitter_misc":{"Escrit per":"\u00d2scar Milla","Temps estimat de lectura":"2 minuts"},"schema":{"@context":"https:\/\/schema.org","@graph":[{"@type":"Article","@id":"https:\/\/www.lafarga.com\/corporatiu\/los-cambios-en-el-plan-de-reforma-de-la-granvia-en-portada\/#article","isPartOf":{"@id":"https:\/\/www.lafarga.com\/corporatiu\/los-cambios-en-el-plan-de-reforma-de-la-granvia-en-portada\/"},"author":{"name":"\u00d2scar Milla","@id":"https:\/\/www.lafarga.com\/corporatiu\/#\/schema\/person\/70d96fe17d0da1a9c9e80d232bdbcf33"},"headline":"Los cambios en el plan de reforma de la Granvia, en portada","datePublished":"2016-07-18T14:22:10+00:00","mainEntityOfPage":{"@id":"https:\/\/www.lafarga.com\/corporatiu\/los-cambios-en-el-plan-de-reforma-de-la-granvia-en-portada\/"},"wordCount":488,"publisher":{"@id":"https:\/\/www.lafarga.com\/corporatiu\/#organization"},"image":{"@id":"https:\/\/www.lafarga.com\/corporatiu\/los-cambios-en-el-plan-de-reforma-de-la-granvia-en-portada\/#primaryimage"},"thumbnailUrl":"https:\/\/www.lafarga.com\/corporatiu\/wp-content\/uploads\/2016\/07\/DiariLH-Juliol-Farg.jpg","articleSection":["Medios de Comunicaci\u00f3n"],"inLanguage":"ca"},{"@type":"WebPage","@id":"https:\/\/www.lafarga.com\/corporatiu\/los-cambios-en-el-plan-de-reforma-de-la-granvia-en-portada\/","url":"https:\/\/www.lafarga.com\/corporatiu\/los-cambios-en-el-plan-de-reforma-de-la-granvia-en-portada\/","name":"Los cambios en el plan de reforma de la Granvia, en portada - La Farga Gesti\u00f3n de Equipamientos Municipales, S.A.","isPartOf":{"@id":"https:\/\/www.lafarga.com\/corporatiu\/#website"},"primaryImageOfPage":{"@id":"https:\/\/www.lafarga.com\/corporatiu\/los-cambios-en-el-plan-de-reforma-de-la-granvia-en-portada\/#primaryimage"},"image":{"@id":"https:\/\/www.lafarga.com\/corporatiu\/los-cambios-en-el-plan-de-reforma-de-la-granvia-en-portada\/#primaryimage"},"thumbnailUrl":"https:\/\/www.lafarga.com\/corporatiu\/wp-content\/uploads\/2016\/07\/DiariLH-Juliol-Farg.jpg","datePublished":"2016-07-18T14:22:10+00:00","description":"Els canvis en el pla de reforma de la Granvia fins el Llobregat \u00e9s principal tema de portada del Diari de L\u2019Hospitalet d\u2019aquest mes de juliol.","breadcrumb":{"@id":"https:\/\/www.lafarga.com\/corporatiu\/los-cambios-en-el-plan-de-reforma-de-la-granvia-en-portada\/#breadcrumb"},"inLanguage":"ca","potentialAction":[{"@type":"ReadAction","target":["https:\/\/www.lafarga.com\/corporatiu\/los-cambios-en-el-plan-de-reforma-de-la-granvia-en-portada\/"]}]},{"@type":"ImageObject","inLanguage":"ca","@id":"https:\/\/www.lafarga.com\/corporatiu\/los-cambios-en-el-plan-de-reforma-de-la-granvia-en-portada\/#primaryimage","url":"https:\/\/www.lafarga.com\/corporatiu\/wp-content\/uploads\/2016\/07\/DiariLH-Juliol-Farg.jpg","contentUrl":"https:\/\/www.lafarga.com\/corporatiu\/wp-content\/uploads\/2016\/07\/DiariLH-Juliol-Farg.jpg","width":730,"height":410,"caption":"Diari L'Hospitalet Juliol"},{"@type":"BreadcrumbList","@id":"https:\/\/www.lafarga.com\/corporatiu\/los-cambios-en-el-plan-de-reforma-de-la-granvia-en-portada\/#breadcrumb","itemListElement":[{"@type":"ListItem","position":1,"name":"Home","item":"https:\/\/www.lafarga.com\/corporatiu\/lafarga-hospitalet-llobregat\/"},{"@type":"ListItem","position":2,"name":"Los cambios en el plan de reforma de la Granvia, en portada"}]},{"@type":"WebSite","@id":"https:\/\/www.lafarga.com\/corporatiu\/#website","url":"https:\/\/www.lafarga.com\/corporatiu\/","name":"La Farga Gesti\u00f3 d&#039;Equipaments Municipals, SA","description":"","publisher":{"@id":"https:\/\/www.lafarga.com\/corporatiu\/#organization"},"potentialAction":[{"@type":"SearchAction","target":{"@type":"EntryPoint","urlTemplate":"https:\/\/www.lafarga.com\/corporatiu\/?s={search_term_string}"},"query-input":{"@type":"PropertyValueSpecification","valueRequired":true,"valueName":"search_term_string"}}],"inLanguage":"ca"},{"@type":"Organization","@id":"https:\/\/www.lafarga.com\/corporatiu\/#organization","name":"La Farga Gesti\u00f3 d&#039;Equipaments Municipals, SA","url":"https:\/\/www.lafarga.com\/corporatiu\/","logo":{"@type":"ImageObject","inLanguage":"ca","@id":"https:\/\/www.lafarga.com\/corporatiu\/#\/schema\/logo\/image\/","url":"https:\/\/www.lafarga.com\/corporatiu\/wp-content\/uploads\/2023\/11\/logotipo_lafarga_gemsa.svg","contentUrl":"https:\/\/www.lafarga.com\/corporatiu\/wp-content\/uploads\/2023\/11\/logotipo_lafarga_gemsa.svg","width":102,"height":103,"caption":"La Farga Gesti\u00f3 d&#039;Equipaments Municipals, SA"},"image":{"@id":"https:\/\/www.lafarga.com\/corporatiu\/#\/schema\/logo\/image\/"}},{"@type":"Person","@id":"https:\/\/www.lafarga.com\/corporatiu\/#\/schema\/person\/70d96fe17d0da1a9c9e80d232bdbcf33","name":"\u00d2scar Milla","image":{"@type":"ImageObject","inLanguage":"ca","@id":"https:\/\/secure.gravatar.com\/avatar\/92e75d184f9d5e0e403bd4ad075b080ad258344ddc259adddb579f6a3ba6494f?s=96&d=mm&r=g","url":"https:\/\/secure.gravatar.com\/avatar\/92e75d184f9d5e0e403bd4ad075b080ad258344ddc259adddb579f6a3ba6494f?s=96&d=mm&r=g","contentUrl":"https:\/\/secure.gravatar.com\/avatar\/92e75d184f9d5e0e403bd4ad075b080ad258344ddc259adddb579f6a3ba6494f?s=96&d=mm&r=g","caption":"\u00d2scar Milla"},"url":"https:\/\/www.lafarga.com\/corporatiu\/author\/omilla\/"}]}},"uagb_featured_image_src":{"full":["https:\/\/www.lafarga.com\/corporatiu\/wp-content\/uploads\/2016\/07\/DiariLH-Juliol-Farg.jpg",730,410,false],"thumbnail":["https:\/\/www.lafarga.com\/corporatiu\/wp-content\/uploads\/2016\/07\/DiariLH-Juliol-Farg-150x150.jpg",150,150,true],"medium":["https:\/\/www.lafarga.com\/corporatiu\/wp-content\/uploads\/2016\/07\/DiariLH-Juliol-Farg-300x168.jpg",300,168,true],"medium_large":["https:\/\/www.lafarga.com\/corporatiu\/wp-content\/uploads\/2016\/07\/DiariLH-Juliol-Farg.jpg",730,410,false],"large":["https:\/\/www.lafarga.com\/corporatiu\/wp-content\/uploads\/2016\/07\/DiariLH-Juliol-Farg.jpg",730,410,false],"1536x1536":["https:\/\/www.lafarga.com\/corporatiu\/wp-content\/uploads\/2016\/07\/DiariLH-Juliol-Farg.jpg",730,410,false],"2048x2048":["https:\/\/www.lafarga.com\/corporatiu\/wp-content\/uploads\/2016\/07\/DiariLH-Juliol-Farg.jpg",730,410,false],"mailpoet_newsletter_max":["https:\/\/www.lafarga.com\/corporatiu\/wp-content\/uploads\/2016\/07\/DiariLH-Juliol-Farg.jpg",730,410,false]},"uagb_author_info":{"display_name":"\u00d2scar Milla","author_link":"https:\/\/www.lafarga.com\/corporatiu\/author\/omilla\/"},"uagb_comment_info":0,"uagb_excerpt":"Los cambios en el plan de reforma de la Granvia hasta el Llobregat es principal tema de portada del Diari de L'Hospitalet de este mes de julio.","_links":{"self":[{"href":"https:\/\/www.lafarga.com\/corporatiu\/wp-json\/wp\/v2\/posts\/8019","targetHints":{"allow":["GET"]}}],"collection":[{"href":"https:\/\/www.lafarga.com\/corporatiu\/wp-json\/wp\/v2\/posts"}],"about":[{"href":"https:\/\/www.lafarga.com\/corporatiu\/wp-json\/wp\/v2\/types\/post"}],"author":[{"embeddable":true,"href":"https:\/\/www.lafarga.com\/corporatiu\/wp-json\/wp\/v2\/users\/5"}],"replies":[{"embeddable":true,"href":"https:\/\/www.lafarga.com\/corporatiu\/wp-json\/wp\/v2\/comments?post=8019"}],"version-history":[{"count":1,"href":"https:\/\/www.lafarga.com\/corporatiu\/wp-json\/wp\/v2\/posts\/8019\/revisions"}],"predecessor-version":[{"id":8020,"href":"https:\/\/www.lafarga.com\/corporatiu\/wp-json\/wp\/v2\/posts\/8019\/revisions\/8020"}],"wp:featuredmedia":[{"embeddable":true,"href":"https:\/\/www.lafarga.com\/corporatiu\/wp-json\/wp\/v2\/media\/8017"}],"wp:attachment":[{"href":"https:\/\/www.lafarga.com\/corporatiu\/wp-json\/wp\/v2\/media?parent=8019"}],"wp:term":[{"taxonomy":"category","embeddable":true,"href":"https:\/\/www.lafarga.com\/corporatiu\/wp-json\/wp\/v2\/categories?post=8019"},{"taxonomy":"post_tag","embeddable":true,"href":"https:\/\/www.lafarga.com\/corporatiu\/wp-json\/wp\/v2\/tags?post=8019"}],"curies":[{"name":"wp","href":"https:\/\/api.w.org\/{rel}","templated":true}]}}