{"id":8016,"date":"2016-07-18T14:13:55","date_gmt":"2016-07-18T14:13:55","guid":{"rendered":"http:\/\/www.lafarga.com\/corporatiu\/?p=8016"},"modified":"2016-07-20T06:51:26","modified_gmt":"2016-07-20T06:51:26","slug":"canvis-pla-reforma-gran-via-portada","status":"publish","type":"post","link":"https:\/\/www.lafarga.com\/corporatiu\/canvis-pla-reforma-gran-via-portada\/","title":{"rendered":"Els canvis en el pla de reforma de la Granvia, en portada"},"content":{"rendered":"<h5>Edici\u00f3 n\u00famero 314 del Diari de L&#8217;Hospitalet<\/h5>\n<p>Els canvis en el pla de reforma de la Granvia fins el Llobregat \u00e9s principal tema de portada del <a href=\"http:\/\/lhdigital.cat\/web\/diari\/diari-l-h\" target=\"_blank\">Diari de L\u2019Hospitalet<\/a> d\u2019aquest mes de juliol.<\/p>\n<p>Aquest dilluns ha sortit l\u2019edici\u00f3 n\u00famero 314 del rotatiu que informa del nou projecte que redueix la zona edificable de Cal Trabal, crea un corredor verd i obre m\u00e9s connexions vi\u00e0ries. A p\u00e0gines centrals trobem que el PDU es sotmetr\u00e0 una altra vegada a exposici\u00f3 p\u00fablica amb un termini de 45 dies per presentar al\u00b7legacions.<\/p>\n<p>Un altre dels temes destacats de la portada del Diari s\u00f3n els barris de L&#8217;Hospitalet que decidiran el seu futur en el proc\u00e9s participatiu de <a href=\"http:\/\/www.lh-on.cat\/\" target=\"_blank\">L\u2019H \u2018On\u2019<\/a>. La gran transformaci\u00f3 de la ciutat que es va iniciar l\u2019any 2013 s\u2019obre ara als districtes perqu\u00e8 col\u00b7laborin a fer una reflexi\u00f3 per al futur.<\/p>\n<p>Aquest mes de juliol tamb\u00e9 trobem al Diari de L\u2019Hospitalet que la ciutat commemora el Dia de l\u2019Orgull LGTBI i presenta un estudi sobre el \u201cbullying\u201d per orientaci\u00f3 sexual; que Ajuntament i Generalitat crearan una comissi\u00f3 per obrir les estacions de la l\u00ednia 10 de metro, i que les places Espanyola i del Vidre i el parc de la Torrassa s\u00f3n espais oberts a l\u2019estiu.<\/p>\n<p>Pel que fa a la cultura veiem en portada l\u2019obra \u201cMousquetaire assis\u201d, un Picasso que el podem trobar a la Col\u00b7lecci\u00f3 Bassat instal\u00b7lada aquests dies a la Tecla Sala. D\u2019altra banda l\u2019Harmonia mostra com s\u2019ha fet la planificaci\u00f3 urban\u00edstica de la ciutat els darrers 150 anys.<\/p>\n<p>En p\u00e0gines interiors llegim que La Farga Centre d\u2019Activitats acollir\u00e0 <a href=\"http:\/\/www.lafargalhospitalet.com\/retromoto-barcelona-el-nou-salo-de-la-moto-depoca-i-accessoris-de-la-farga\/\" target=\"_blank\">RetroMoto Barcelona, primer sal\u00f3 de la Moto d\u2019\u00c8poca i Accessoris<\/a> que se celebrar\u00e0 del 9 a l\u201911 de setembre (en fotografia Jos\u00e9 M. Garc\u00eda Mompel, president de La Farga GEMSA, amb Jos\u00e9 Enrique Elvira, director general d\u2019Eventos del Motor, empresa organitzadora del certamen). \u00a0En aquest sentit el Diari de L\u2019Hospitalet tamb\u00e9 recull el <a href=\"http:\/\/www.lafargalhospitalet.com\/lo-mejor-de-aqui-y-de-alli-el-30-de-setembre-a-la-farga\/\" target=\"_blank\">macroconcert solidari que se celebrar\u00e0 a La Farga<\/a>. \u201cLo Mejor de Aqu\u00ed y de All\u00ed\u201d organitzat per Cadena Dial portar\u00e0 al recinte hospitalenc una trentena d\u2019artistes internacionals com Carlos Baute, Antonio Orozco, Melendi, Sergio Dalma entre d\u2019altres.<\/p>\n<p>En esports destaca la presentaci\u00f3 del nou t\u00e8cnic del Centre d\u2019Esports L\u2019Hospitalet, Ismael D\u00edaz (en fotografia amb el president Santi Ballest\u00e9) i que el Club B\u00e0squet L\u2019Hospitalet es refor\u00e7a per afrontar la lliga LEB Plata.<\/p>\n<p>El Diari de L\u2019Hospitalet \u00e9s un mitj\u00e0 de comunicaci\u00f3 gestionat per La Farga Gesti\u00f3 d\u2019Equipaments Municipals i t\u00e9 una tirada de 105.000 exemplars cada mes.<\/p>\n<p><a href=\"http:\/\/lhdigital.cat\/diarilh_digital\/314\/index.html\" target=\"_blank\">Aqu\u00ed podeu consultar la versi\u00f3 digital del Diari de L\u2019Hospitalet<\/a>.<\/p>\n","protected":false},"excerpt":{"rendered":"<p>Els canvis en el pla de reforma de la Granvia fins el Llobregat \u00e9s principal tema de portada del Diari de L\u2019Hospitalet d\u2019aquest mes de juliol.<\/p>\n","protected":false},"author":5,"featured_media":8017,"comment_status":"closed","ping_status":"closed","sticky":false,"template":"","format":"standard","meta":{"inline_featured_image":false,"_uag_custom_page_level_css":"","_monsterinsights_skip_tracking":false,"_monsterinsights_sitenote_active":false,"_monsterinsights_sitenote_note":"","_monsterinsights_sitenote_category":0,"site-sidebar-layout":"default","site-content-layout":"","ast-site-content-layout":"default","site-content-style":"default","site-sidebar-style":"default","ast-global-header-display":"","ast-banner-title-visibility":"","ast-main-header-display":"","ast-hfb-above-header-display":"","ast-hfb-below-header-display":"","ast-hfb-mobile-header-display":"","site-post-title":"","ast-breadcrumbs-content":"","ast-featured-img":"","footer-sml-layout":"","ast-disable-related-posts":"","theme-transparent-header-meta":"","adv-header-id-meta":"","stick-header-meta":"","header-above-stick-meta":"","header-main-stick-meta":"","header-below-stick-meta":"","astra-migrate-meta-layouts":"default","ast-page-background-enabled":"default","ast-page-background-meta":{"desktop":{"background-color":"var(--ast-global-color-4)","background-image":"","background-repeat":"repeat","background-position":"center center","background-size":"auto","background-attachment":"scroll","background-type":"","background-media":"","overlay-type":"","overlay-color":"","overlay-opacity":"","overlay-gradient":""},"tablet":{"background-color":"","background-image":"","background-repeat":"repeat","background-position":"center center","background-size":"auto","background-attachment":"scroll","background-type":"","background-media":"","overlay-type":"","overlay-color":"","overlay-opacity":"","overlay-gradient":""},"mobile":{"background-color":"","background-image":"","background-repeat":"repeat","background-position":"center center","background-size":"auto","background-attachment":"scroll","background-type":"","background-media":"","overlay-type":"","overlay-color":"","overlay-opacity":"","overlay-gradient":""}},"ast-content-background-meta":{"desktop":{"background-color":"var(--ast-global-color-5)","background-image":"","background-repeat":"repeat","background-position":"center center","background-size":"auto","background-attachment":"scroll","background-type":"","background-media":"","overlay-type":"","overlay-color":"","overlay-opacity":"","overlay-gradient":""},"tablet":{"background-color":"var(--ast-global-color-5)","background-image":"","background-repeat":"repeat","background-position":"center center","background-size":"auto","background-attachment":"scroll","background-type":"","background-media":"","overlay-type":"","overlay-color":"","overlay-opacity":"","overlay-gradient":""},"mobile":{"background-color":"var(--ast-global-color-5)","background-image":"","background-repeat":"repeat","background-position":"center center","background-size":"auto","background-attachment":"scroll","background-type":"","background-media":"","overlay-type":"","overlay-color":"","overlay-opacity":"","overlay-gradient":""}},"footnotes":""},"categories":[51],"tags":[],"class_list":["post-8016","post","type-post","status-publish","format-standard","has-post-thumbnail","hentry","category-mitjans-comunicacio"],"yoast_head":"<!-- This site is optimized with the Yoast SEO plugin v27.4 - https:\/\/yoast.com\/product\/yoast-seo-wordpress\/ -->\n<title>Els canvis en el pla de reforma de la Granvia, en portada - La Farga Gesti\u00f3n de Equipamientos Municipales, S.A.<\/title>\n<meta name=\"description\" content=\"Els canvis en el pla de reforma de la Granvia fins el Llobregat \u00e9s principal tema de portada del Diari de L\u2019Hospitalet d\u2019aquest mes de juliol.\" \/>\n<meta name=\"robots\" content=\"index, follow, max-snippet:-1, max-image-preview:large, max-video-preview:-1\" \/>\n<link rel=\"canonical\" href=\"https:\/\/www.lafarga.com\/corporatiu\/canvis-pla-reforma-gran-via-portada\/\" \/>\n<meta property=\"og:locale\" content=\"ca_ES\" \/>\n<meta property=\"og:type\" content=\"article\" \/>\n<meta property=\"og:title\" content=\"Els canvis en el pla de reforma de la Granvia, en portada - La Farga Gesti\u00f3n de Equipamientos Municipales, S.A.\" \/>\n<meta property=\"og:description\" content=\"Els canvis en el pla de reforma de la Granvia fins el Llobregat \u00e9s principal tema de portada del Diari de L\u2019Hospitalet d\u2019aquest mes de juliol.\" \/>\n<meta property=\"og:url\" content=\"https:\/\/www.lafarga.com\/corporatiu\/canvis-pla-reforma-gran-via-portada\/\" \/>\n<meta property=\"og:site_name\" content=\"La Farga Gesti\u00f3n de Equipamientos Municipales, S.A.\" \/>\n<meta property=\"article:published_time\" content=\"2016-07-18T14:13:55+00:00\" \/>\n<meta property=\"article:modified_time\" content=\"2016-07-20T06:51:26+00:00\" \/>\n<meta property=\"og:image\" content=\"https:\/\/www.lafarga.com\/corporatiu\/wp-content\/uploads\/2016\/07\/DiariLH-Juliol-Farg.jpg\" \/>\n\t<meta property=\"og:image:width\" content=\"730\" \/>\n\t<meta property=\"og:image:height\" content=\"410\" \/>\n\t<meta property=\"og:image:type\" content=\"image\/jpeg\" \/>\n<meta name=\"author\" content=\"\u00d2scar Milla\" \/>\n<meta name=\"twitter:label1\" content=\"Escrit per\" \/>\n\t<meta name=\"twitter:data1\" content=\"\u00d2scar Milla\" \/>\n\t<meta name=\"twitter:label2\" content=\"Temps estimat de lectura\" \/>\n\t<meta name=\"twitter:data2\" content=\"2 minuts\" \/>\n<script type=\"application\/ld+json\" class=\"yoast-schema-graph\">{\"@context\":\"https:\\\/\\\/schema.org\",\"@graph\":[{\"@type\":\"Article\",\"@id\":\"https:\\\/\\\/www.lafarga.com\\\/corporatiu\\\/canvis-pla-reforma-gran-via-portada\\\/#article\",\"isPartOf\":{\"@id\":\"https:\\\/\\\/www.lafarga.com\\\/corporatiu\\\/canvis-pla-reforma-gran-via-portada\\\/\"},\"author\":{\"name\":\"\u00d2scar Milla\",\"@id\":\"https:\\\/\\\/www.lafarga.com\\\/corporatiu\\\/#\\\/schema\\\/person\\\/70d96fe17d0da1a9c9e80d232bdbcf33\"},\"headline\":\"Els canvis en el pla de reforma de la Granvia, en portada\",\"datePublished\":\"2016-07-18T14:13:55+00:00\",\"dateModified\":\"2016-07-20T06:51:26+00:00\",\"mainEntityOfPage\":{\"@id\":\"https:\\\/\\\/www.lafarga.com\\\/corporatiu\\\/canvis-pla-reforma-gran-via-portada\\\/\"},\"wordCount\":473,\"publisher\":{\"@id\":\"https:\\\/\\\/www.lafarga.com\\\/corporatiu\\\/#organization\"},\"image\":{\"@id\":\"https:\\\/\\\/www.lafarga.com\\\/corporatiu\\\/canvis-pla-reforma-gran-via-portada\\\/#primaryimage\"},\"thumbnailUrl\":\"https:\\\/\\\/www.lafarga.com\\\/corporatiu\\\/wp-content\\\/uploads\\\/2016\\\/07\\\/DiariLH-Juliol-Farg.jpg\",\"articleSection\":[\"Mitjans de Comunicaci\u00f3\"],\"inLanguage\":\"ca\"},{\"@type\":\"WebPage\",\"@id\":\"https:\\\/\\\/www.lafarga.com\\\/corporatiu\\\/canvis-pla-reforma-gran-via-portada\\\/\",\"url\":\"https:\\\/\\\/www.lafarga.com\\\/corporatiu\\\/canvis-pla-reforma-gran-via-portada\\\/\",\"name\":\"Els canvis en el pla de reforma de la Granvia, en portada - La Farga Gesti\u00f3n de Equipamientos Municipales, S.A.\",\"isPartOf\":{\"@id\":\"https:\\\/\\\/www.lafarga.com\\\/corporatiu\\\/#website\"},\"primaryImageOfPage\":{\"@id\":\"https:\\\/\\\/www.lafarga.com\\\/corporatiu\\\/canvis-pla-reforma-gran-via-portada\\\/#primaryimage\"},\"image\":{\"@id\":\"https:\\\/\\\/www.lafarga.com\\\/corporatiu\\\/canvis-pla-reforma-gran-via-portada\\\/#primaryimage\"},\"thumbnailUrl\":\"https:\\\/\\\/www.lafarga.com\\\/corporatiu\\\/wp-content\\\/uploads\\\/2016\\\/07\\\/DiariLH-Juliol-Farg.jpg\",\"datePublished\":\"2016-07-18T14:13:55+00:00\",\"dateModified\":\"2016-07-20T06:51:26+00:00\",\"description\":\"Els canvis en el pla de reforma de la Granvia fins el Llobregat \u00e9s principal tema de portada del Diari de L\u2019Hospitalet d\u2019aquest mes de juliol.\",\"breadcrumb\":{\"@id\":\"https:\\\/\\\/www.lafarga.com\\\/corporatiu\\\/canvis-pla-reforma-gran-via-portada\\\/#breadcrumb\"},\"inLanguage\":\"ca\",\"potentialAction\":[{\"@type\":\"ReadAction\",\"target\":[\"https:\\\/\\\/www.lafarga.com\\\/corporatiu\\\/canvis-pla-reforma-gran-via-portada\\\/\"]}]},{\"@type\":\"ImageObject\",\"inLanguage\":\"ca\",\"@id\":\"https:\\\/\\\/www.lafarga.com\\\/corporatiu\\\/canvis-pla-reforma-gran-via-portada\\\/#primaryimage\",\"url\":\"https:\\\/\\\/www.lafarga.com\\\/corporatiu\\\/wp-content\\\/uploads\\\/2016\\\/07\\\/DiariLH-Juliol-Farg.jpg\",\"contentUrl\":\"https:\\\/\\\/www.lafarga.com\\\/corporatiu\\\/wp-content\\\/uploads\\\/2016\\\/07\\\/DiariLH-Juliol-Farg.jpg\",\"width\":730,\"height\":410,\"caption\":\"Diari L'Hospitalet Juliol\"},{\"@type\":\"BreadcrumbList\",\"@id\":\"https:\\\/\\\/www.lafarga.com\\\/corporatiu\\\/canvis-pla-reforma-gran-via-portada\\\/#breadcrumb\",\"itemListElement\":[{\"@type\":\"ListItem\",\"position\":1,\"name\":\"Home\",\"item\":\"https:\\\/\\\/www.lafarga.com\\\/corporatiu\\\/lafarga-hospitalet-llobregat\\\/\"},{\"@type\":\"ListItem\",\"position\":2,\"name\":\"Els canvis en el pla de reforma de la Granvia, en portada\"}]},{\"@type\":\"WebSite\",\"@id\":\"https:\\\/\\\/www.lafarga.com\\\/corporatiu\\\/#website\",\"url\":\"https:\\\/\\\/www.lafarga.com\\\/corporatiu\\\/\",\"name\":\"La Farga Gesti\u00f3 d&#039;Equipaments Municipals, SA\",\"description\":\"\",\"publisher\":{\"@id\":\"https:\\\/\\\/www.lafarga.com\\\/corporatiu\\\/#organization\"},\"potentialAction\":[{\"@type\":\"SearchAction\",\"target\":{\"@type\":\"EntryPoint\",\"urlTemplate\":\"https:\\\/\\\/www.lafarga.com\\\/corporatiu\\\/?s={search_term_string}\"},\"query-input\":{\"@type\":\"PropertyValueSpecification\",\"valueRequired\":true,\"valueName\":\"search_term_string\"}}],\"inLanguage\":\"ca\"},{\"@type\":\"Organization\",\"@id\":\"https:\\\/\\\/www.lafarga.com\\\/corporatiu\\\/#organization\",\"name\":\"La Farga Gesti\u00f3 d&#039;Equipaments Municipals, SA\",\"url\":\"https:\\\/\\\/www.lafarga.com\\\/corporatiu\\\/\",\"logo\":{\"@type\":\"ImageObject\",\"inLanguage\":\"ca\",\"@id\":\"https:\\\/\\\/www.lafarga.com\\\/corporatiu\\\/#\\\/schema\\\/logo\\\/image\\\/\",\"url\":\"https:\\\/\\\/www.lafarga.com\\\/corporatiu\\\/wp-content\\\/uploads\\\/2023\\\/11\\\/logotipo_lafarga_gemsa.svg\",\"contentUrl\":\"https:\\\/\\\/www.lafarga.com\\\/corporatiu\\\/wp-content\\\/uploads\\\/2023\\\/11\\\/logotipo_lafarga_gemsa.svg\",\"width\":102,\"height\":103,\"caption\":\"La Farga Gesti\u00f3 d&#039;Equipaments Municipals, SA\"},\"image\":{\"@id\":\"https:\\\/\\\/www.lafarga.com\\\/corporatiu\\\/#\\\/schema\\\/logo\\\/image\\\/\"}},{\"@type\":\"Person\",\"@id\":\"https:\\\/\\\/www.lafarga.com\\\/corporatiu\\\/#\\\/schema\\\/person\\\/70d96fe17d0da1a9c9e80d232bdbcf33\",\"name\":\"\u00d2scar Milla\",\"image\":{\"@type\":\"ImageObject\",\"inLanguage\":\"ca\",\"@id\":\"https:\\\/\\\/secure.gravatar.com\\\/avatar\\\/92e75d184f9d5e0e403bd4ad075b080ad258344ddc259adddb579f6a3ba6494f?s=96&d=mm&r=g\",\"url\":\"https:\\\/\\\/secure.gravatar.com\\\/avatar\\\/92e75d184f9d5e0e403bd4ad075b080ad258344ddc259adddb579f6a3ba6494f?s=96&d=mm&r=g\",\"contentUrl\":\"https:\\\/\\\/secure.gravatar.com\\\/avatar\\\/92e75d184f9d5e0e403bd4ad075b080ad258344ddc259adddb579f6a3ba6494f?s=96&d=mm&r=g\",\"caption\":\"\u00d2scar Milla\"},\"url\":\"https:\\\/\\\/www.lafarga.com\\\/corporatiu\\\/author\\\/omilla\\\/\"}]}<\/script>\n<!-- \/ Yoast SEO plugin. -->","yoast_head_json":{"title":"Els canvis en el pla de reforma de la Granvia, en portada - La Farga Gesti\u00f3n de Equipamientos Municipales, S.A.","description":"Els canvis en el pla de reforma de la Granvia fins el Llobregat \u00e9s principal tema de portada del Diari de L\u2019Hospitalet d\u2019aquest mes de juliol.","robots":{"index":"index","follow":"follow","max-snippet":"max-snippet:-1","max-image-preview":"max-image-preview:large","max-video-preview":"max-video-preview:-1"},"canonical":"https:\/\/www.lafarga.com\/corporatiu\/canvis-pla-reforma-gran-via-portada\/","og_locale":"ca_ES","og_type":"article","og_title":"Els canvis en el pla de reforma de la Granvia, en portada - La Farga Gesti\u00f3n de Equipamientos Municipales, S.A.","og_description":"Els canvis en el pla de reforma de la Granvia fins el Llobregat \u00e9s principal tema de portada del Diari de L\u2019Hospitalet d\u2019aquest mes de juliol.","og_url":"https:\/\/www.lafarga.com\/corporatiu\/canvis-pla-reforma-gran-via-portada\/","og_site_name":"La Farga Gesti\u00f3n de Equipamientos Municipales, S.A.","article_published_time":"2016-07-18T14:13:55+00:00","article_modified_time":"2016-07-20T06:51:26+00:00","og_image":[{"width":730,"height":410,"url":"https:\/\/www.lafarga.com\/corporatiu\/wp-content\/uploads\/2016\/07\/DiariLH-Juliol-Farg.jpg","type":"image\/jpeg"}],"author":"\u00d2scar Milla","twitter_misc":{"Escrit per":"\u00d2scar Milla","Temps estimat de lectura":"2 minuts"},"schema":{"@context":"https:\/\/schema.org","@graph":[{"@type":"Article","@id":"https:\/\/www.lafarga.com\/corporatiu\/canvis-pla-reforma-gran-via-portada\/#article","isPartOf":{"@id":"https:\/\/www.lafarga.com\/corporatiu\/canvis-pla-reforma-gran-via-portada\/"},"author":{"name":"\u00d2scar Milla","@id":"https:\/\/www.lafarga.com\/corporatiu\/#\/schema\/person\/70d96fe17d0da1a9c9e80d232bdbcf33"},"headline":"Els canvis en el pla de reforma de la Granvia, en portada","datePublished":"2016-07-18T14:13:55+00:00","dateModified":"2016-07-20T06:51:26+00:00","mainEntityOfPage":{"@id":"https:\/\/www.lafarga.com\/corporatiu\/canvis-pla-reforma-gran-via-portada\/"},"wordCount":473,"publisher":{"@id":"https:\/\/www.lafarga.com\/corporatiu\/#organization"},"image":{"@id":"https:\/\/www.lafarga.com\/corporatiu\/canvis-pla-reforma-gran-via-portada\/#primaryimage"},"thumbnailUrl":"https:\/\/www.lafarga.com\/corporatiu\/wp-content\/uploads\/2016\/07\/DiariLH-Juliol-Farg.jpg","articleSection":["Mitjans de Comunicaci\u00f3"],"inLanguage":"ca"},{"@type":"WebPage","@id":"https:\/\/www.lafarga.com\/corporatiu\/canvis-pla-reforma-gran-via-portada\/","url":"https:\/\/www.lafarga.com\/corporatiu\/canvis-pla-reforma-gran-via-portada\/","name":"Els canvis en el pla de reforma de la Granvia, en portada - La Farga Gesti\u00f3n de Equipamientos Municipales, S.A.","isPartOf":{"@id":"https:\/\/www.lafarga.com\/corporatiu\/#website"},"primaryImageOfPage":{"@id":"https:\/\/www.lafarga.com\/corporatiu\/canvis-pla-reforma-gran-via-portada\/#primaryimage"},"image":{"@id":"https:\/\/www.lafarga.com\/corporatiu\/canvis-pla-reforma-gran-via-portada\/#primaryimage"},"thumbnailUrl":"https:\/\/www.lafarga.com\/corporatiu\/wp-content\/uploads\/2016\/07\/DiariLH-Juliol-Farg.jpg","datePublished":"2016-07-18T14:13:55+00:00","dateModified":"2016-07-20T06:51:26+00:00","description":"Els canvis en el pla de reforma de la Granvia fins el Llobregat \u00e9s principal tema de portada del Diari de L\u2019Hospitalet d\u2019aquest mes de juliol.","breadcrumb":{"@id":"https:\/\/www.lafarga.com\/corporatiu\/canvis-pla-reforma-gran-via-portada\/#breadcrumb"},"inLanguage":"ca","potentialAction":[{"@type":"ReadAction","target":["https:\/\/www.lafarga.com\/corporatiu\/canvis-pla-reforma-gran-via-portada\/"]}]},{"@type":"ImageObject","inLanguage":"ca","@id":"https:\/\/www.lafarga.com\/corporatiu\/canvis-pla-reforma-gran-via-portada\/#primaryimage","url":"https:\/\/www.lafarga.com\/corporatiu\/wp-content\/uploads\/2016\/07\/DiariLH-Juliol-Farg.jpg","contentUrl":"https:\/\/www.lafarga.com\/corporatiu\/wp-content\/uploads\/2016\/07\/DiariLH-Juliol-Farg.jpg","width":730,"height":410,"caption":"Diari L'Hospitalet Juliol"},{"@type":"BreadcrumbList","@id":"https:\/\/www.lafarga.com\/corporatiu\/canvis-pla-reforma-gran-via-portada\/#breadcrumb","itemListElement":[{"@type":"ListItem","position":1,"name":"Home","item":"https:\/\/www.lafarga.com\/corporatiu\/lafarga-hospitalet-llobregat\/"},{"@type":"ListItem","position":2,"name":"Els canvis en el pla de reforma de la Granvia, en portada"}]},{"@type":"WebSite","@id":"https:\/\/www.lafarga.com\/corporatiu\/#website","url":"https:\/\/www.lafarga.com\/corporatiu\/","name":"La Farga Gesti\u00f3 d&#039;Equipaments Municipals, SA","description":"","publisher":{"@id":"https:\/\/www.lafarga.com\/corporatiu\/#organization"},"potentialAction":[{"@type":"SearchAction","target":{"@type":"EntryPoint","urlTemplate":"https:\/\/www.lafarga.com\/corporatiu\/?s={search_term_string}"},"query-input":{"@type":"PropertyValueSpecification","valueRequired":true,"valueName":"search_term_string"}}],"inLanguage":"ca"},{"@type":"Organization","@id":"https:\/\/www.lafarga.com\/corporatiu\/#organization","name":"La Farga Gesti\u00f3 d&#039;Equipaments Municipals, SA","url":"https:\/\/www.lafarga.com\/corporatiu\/","logo":{"@type":"ImageObject","inLanguage":"ca","@id":"https:\/\/www.lafarga.com\/corporatiu\/#\/schema\/logo\/image\/","url":"https:\/\/www.lafarga.com\/corporatiu\/wp-content\/uploads\/2023\/11\/logotipo_lafarga_gemsa.svg","contentUrl":"https:\/\/www.lafarga.com\/corporatiu\/wp-content\/uploads\/2023\/11\/logotipo_lafarga_gemsa.svg","width":102,"height":103,"caption":"La Farga Gesti\u00f3 d&#039;Equipaments Municipals, SA"},"image":{"@id":"https:\/\/www.lafarga.com\/corporatiu\/#\/schema\/logo\/image\/"}},{"@type":"Person","@id":"https:\/\/www.lafarga.com\/corporatiu\/#\/schema\/person\/70d96fe17d0da1a9c9e80d232bdbcf33","name":"\u00d2scar Milla","image":{"@type":"ImageObject","inLanguage":"ca","@id":"https:\/\/secure.gravatar.com\/avatar\/92e75d184f9d5e0e403bd4ad075b080ad258344ddc259adddb579f6a3ba6494f?s=96&d=mm&r=g","url":"https:\/\/secure.gravatar.com\/avatar\/92e75d184f9d5e0e403bd4ad075b080ad258344ddc259adddb579f6a3ba6494f?s=96&d=mm&r=g","contentUrl":"https:\/\/secure.gravatar.com\/avatar\/92e75d184f9d5e0e403bd4ad075b080ad258344ddc259adddb579f6a3ba6494f?s=96&d=mm&r=g","caption":"\u00d2scar Milla"},"url":"https:\/\/www.lafarga.com\/corporatiu\/author\/omilla\/"}]}},"uagb_featured_image_src":{"full":["https:\/\/www.lafarga.com\/corporatiu\/wp-content\/uploads\/2016\/07\/DiariLH-Juliol-Farg.jpg",730,410,false],"thumbnail":["https:\/\/www.lafarga.com\/corporatiu\/wp-content\/uploads\/2016\/07\/DiariLH-Juliol-Farg-150x150.jpg",150,150,true],"medium":["https:\/\/www.lafarga.com\/corporatiu\/wp-content\/uploads\/2016\/07\/DiariLH-Juliol-Farg-300x168.jpg",300,168,true],"medium_large":["https:\/\/www.lafarga.com\/corporatiu\/wp-content\/uploads\/2016\/07\/DiariLH-Juliol-Farg.jpg",730,410,false],"large":["https:\/\/www.lafarga.com\/corporatiu\/wp-content\/uploads\/2016\/07\/DiariLH-Juliol-Farg.jpg",730,410,false],"1536x1536":["https:\/\/www.lafarga.com\/corporatiu\/wp-content\/uploads\/2016\/07\/DiariLH-Juliol-Farg.jpg",730,410,false],"2048x2048":["https:\/\/www.lafarga.com\/corporatiu\/wp-content\/uploads\/2016\/07\/DiariLH-Juliol-Farg.jpg",730,410,false],"mailpoet_newsletter_max":["https:\/\/www.lafarga.com\/corporatiu\/wp-content\/uploads\/2016\/07\/DiariLH-Juliol-Farg.jpg",730,410,false]},"uagb_author_info":{"display_name":"\u00d2scar Milla","author_link":"https:\/\/www.lafarga.com\/corporatiu\/author\/omilla\/"},"uagb_comment_info":0,"uagb_excerpt":"Els canvis en el pla de reforma de la Granvia fins el Llobregat \u00e9s principal tema de portada del Diari de L\u2019Hospitalet d\u2019aquest mes de juliol.","_links":{"self":[{"href":"https:\/\/www.lafarga.com\/corporatiu\/wp-json\/wp\/v2\/posts\/8016","targetHints":{"allow":["GET"]}}],"collection":[{"href":"https:\/\/www.lafarga.com\/corporatiu\/wp-json\/wp\/v2\/posts"}],"about":[{"href":"https:\/\/www.lafarga.com\/corporatiu\/wp-json\/wp\/v2\/types\/post"}],"author":[{"embeddable":true,"href":"https:\/\/www.lafarga.com\/corporatiu\/wp-json\/wp\/v2\/users\/5"}],"replies":[{"embeddable":true,"href":"https:\/\/www.lafarga.com\/corporatiu\/wp-json\/wp\/v2\/comments?post=8016"}],"version-history":[{"count":3,"href":"https:\/\/www.lafarga.com\/corporatiu\/wp-json\/wp\/v2\/posts\/8016\/revisions"}],"predecessor-version":[{"id":8100,"href":"https:\/\/www.lafarga.com\/corporatiu\/wp-json\/wp\/v2\/posts\/8016\/revisions\/8100"}],"wp:featuredmedia":[{"embeddable":true,"href":"https:\/\/www.lafarga.com\/corporatiu\/wp-json\/wp\/v2\/media\/8017"}],"wp:attachment":[{"href":"https:\/\/www.lafarga.com\/corporatiu\/wp-json\/wp\/v2\/media?parent=8016"}],"wp:term":[{"taxonomy":"category","embeddable":true,"href":"https:\/\/www.lafarga.com\/corporatiu\/wp-json\/wp\/v2\/categories?post=8016"},{"taxonomy":"post_tag","embeddable":true,"href":"https:\/\/www.lafarga.com\/corporatiu\/wp-json\/wp\/v2\/tags?post=8016"}],"curies":[{"name":"wp","href":"https:\/\/api.w.org\/{rel}","templated":true}]}}