{"id":7292,"date":"2016-06-07T08:30:03","date_gmt":"2016-06-07T08:30:03","guid":{"rendered":"http:\/\/www.lafarga.com\/corporatiu\/?p=7292"},"modified":"2016-06-08T10:24:33","modified_gmt":"2016-06-08T10:24:33","slug":"la-fiesta-de-la-diversidad-tambien-en-torre-barrina-2","status":"publish","type":"post","link":"https:\/\/www.lafarga.com\/corporatiu\/la-fiesta-de-la-diversidad-tambien-en-torre-barrina-2\/","title":{"rendered":"La Fiesta de la Diversidad, tambi\u00e9n en Torre Barrina"},"content":{"rendered":"<p>Por cuarto a\u00f1o consecutivo, <a href=\"http:\/\/www.torrebarrina.cat\/inici_2.aspx\" target=\"_blank\">Torre Barrina, Centro Municipal de Creaci\u00f3n Multimedia de L&#8217;Hospitalet<\/a>, acoger\u00e1 &#8216;El Espacio de Debates&#8217; dentro de la Fiesta de la Diversidad que organiza la Comisi\u00f3n de Fiestas de Collblanc-la Torrassa, en su vig\u00e9simo segunda edici\u00f3n.<\/p>\n<p>&#8216;El Espacio de Debates&#8217; tiene el siguiente programa:<\/p>\n<ul>\n<li>10.00 horas. Mesa redonda-debate: &#8220;FEM XI-BARRI!! Un barrio mejor es posible&#8221;. A cargo de JOC, Xarga Groga y AMPA Ernest Lluch.<\/li>\n<li>11.15 horas Mesas redondas: &#8220;Bienvenidos refugiadas y refugiados&#8221;. Primera parte con la presentaci\u00f3n del libro: &#8220;Islamofobia contra el fascismo y el aumento de la Extrema Derecha&#8221; a cargo de David Karvala y UCFR-L&#8217;H. Segunda parte &#8220;Compromiso y Acogida&#8221; a cargo de Dolores Ruiz presidenta de la Cruz Roja de L&#8217;H.<\/li>\n<li>12.30 horas Charla y debate: &#8220;La Gesti\u00f3n de la Diversidad Cultural&#8221; a cargo de Miquel Essomba, catedr\u00e1tico UAB y Carmen Mart\u00ednez F\u00e0bregas. Una actividad que organiza el AMPA Ernest Lluch.<\/li>\n<li>13.30 horas. Presentaci\u00f3n I Muestra de Cine y Documental Latinoamericano. Hermanado y favorecido por Tet\u00e9 Amerikanische Tage de Leipzig y Halle, Alemania, y pase de un documental social que particip\u00f3 en el festival de 2015 &#8220;Verg\u00fcenza y Respeto&#8221; de Tom\u00e1s Lipgot.<\/li>\n<li>17.00 horas. Proyecci\u00f3n del video &#8220;En Tr\u00e1nsito&#8221; del JIS.<\/li>\n<li>17.40 horas. Pase del v\u00eddeo &#8220;L&#8217;H vacaciones en Paz&#8221;. Asociaci\u00f3n L&#8217;H por el Sahara.<\/li>\n<li>18.00 horas. Charla: \u00bfY los valores humanos? A cargo de la entidad: No somos Invisibles.<\/li>\n<li>19.00 horas: Proyecci\u00f3n de video a cargo de Mujeres Pa&#8217;lante.<\/li>\n<\/ul>\n","protected":false},"excerpt":{"rendered":"<p>Por cuarto a\u00f1o consecutivo, Torre Barrina, Centro Municipal de Creaci\u00f3n Multimedia de L&#8217;Hospitalet, acoger\u00e1 &#8216;El Espacio de Debates&#8217; dentro de la Fiesta de la Diversidad que organiza la Comisi\u00f3n de Fiestas de Collblanc-la Torrassa, en su vig\u00e9simo segunda edici\u00f3n.<\/p>\n","protected":false},"author":5,"featured_media":4450,"comment_status":"closed","ping_status":"closed","sticky":false,"template":"","format":"standard","meta":{"inline_featured_image":false,"_uag_custom_page_level_css":"","_monsterinsights_skip_tracking":false,"_monsterinsights_sitenote_active":false,"_monsterinsights_sitenote_note":"","_monsterinsights_sitenote_category":0,"site-sidebar-layout":"default","site-content-layout":"","ast-site-content-layout":"default","site-content-style":"default","site-sidebar-style":"default","ast-global-header-display":"","ast-banner-title-visibility":"","ast-main-header-display":"","ast-hfb-above-header-display":"","ast-hfb-below-header-display":"","ast-hfb-mobile-header-display":"","site-post-title":"","ast-breadcrumbs-content":"","ast-featured-img":"","footer-sml-layout":"","ast-disable-related-posts":"","theme-transparent-header-meta":"","adv-header-id-meta":"","stick-header-meta":"","header-above-stick-meta":"","header-main-stick-meta":"","header-below-stick-meta":"","astra-migrate-meta-layouts":"default","ast-page-background-enabled":"default","ast-page-background-meta":{"desktop":{"background-color":"var(--ast-global-color-4)","background-image":"","background-repeat":"repeat","background-position":"center center","background-size":"auto","background-attachment":"scroll","background-type":"","background-media":"","overlay-type":"","overlay-color":"","overlay-opacity":"","overlay-gradient":""},"tablet":{"background-color":"","background-image":"","background-repeat":"repeat","background-position":"center center","background-size":"auto","background-attachment":"scroll","background-type":"","background-media":"","overlay-type":"","overlay-color":"","overlay-opacity":"","overlay-gradient":""},"mobile":{"background-color":"","background-image":"","background-repeat":"repeat","background-position":"center center","background-size":"auto","background-attachment":"scroll","background-type":"","background-media":"","overlay-type":"","overlay-color":"","overlay-opacity":"","overlay-gradient":""}},"ast-content-background-meta":{"desktop":{"background-color":"var(--ast-global-color-5)","background-image":"","background-repeat":"repeat","background-position":"center center","background-size":"auto","background-attachment":"scroll","background-type":"","background-media":"","overlay-type":"","overlay-color":"","overlay-opacity":"","overlay-gradient":""},"tablet":{"background-color":"var(--ast-global-color-5)","background-image":"","background-repeat":"repeat","background-position":"center center","background-size":"auto","background-attachment":"scroll","background-type":"","background-media":"","overlay-type":"","overlay-color":"","overlay-opacity":"","overlay-gradient":""},"mobile":{"background-color":"var(--ast-global-color-5)","background-image":"","background-repeat":"repeat","background-position":"center center","background-size":"auto","background-attachment":"scroll","background-type":"","background-media":"","overlay-type":"","overlay-color":"","overlay-opacity":"","overlay-gradient":""}},"footnotes":""},"categories":[87],"tags":[],"class_list":["post-7292","post","type-post","status-publish","format-standard","has-post-thumbnail","hentry","category-torre-barrina-cas"],"yoast_head":"<!-- This site is optimized with the Yoast SEO plugin v27.4 - https:\/\/yoast.com\/product\/yoast-seo-wordpress\/ -->\n<title>La Fiesta de la Diversidad, tambi\u00e9n en Torre Barrina - La Farga Gesti\u00f3n de Equipamientos Municipales, S.A.<\/title>\n<meta name=\"description\" content=\"Per quart any consecutiu, Torre Barrina, Centre Municipal de Creaci\u00f3 Multim\u00e8dia de L\u2019Hospitalet, acollir\u00e0 \u2018L\u2019Espai de Debats\u2019 dins la Festa de la Diversitat\" \/>\n<meta name=\"robots\" content=\"index, follow, max-snippet:-1, max-image-preview:large, max-video-preview:-1\" \/>\n<link rel=\"canonical\" href=\"https:\/\/www.lafarga.com\/corporatiu\/la-fiesta-de-la-diversidad-tambien-en-torre-barrina-2\/\" \/>\n<meta property=\"og:locale\" content=\"ca_ES\" \/>\n<meta property=\"og:type\" content=\"article\" \/>\n<meta property=\"og:title\" content=\"La Fiesta de la Diversidad, tambi\u00e9n en Torre Barrina - La Farga Gesti\u00f3n de Equipamientos Municipales, S.A.\" \/>\n<meta property=\"og:description\" content=\"Per quart any consecutiu, Torre Barrina, Centre Municipal de Creaci\u00f3 Multim\u00e8dia de L\u2019Hospitalet, acollir\u00e0 \u2018L\u2019Espai de Debats\u2019 dins la Festa de la Diversitat\" \/>\n<meta property=\"og:url\" content=\"https:\/\/www.lafarga.com\/corporatiu\/la-fiesta-de-la-diversidad-tambien-en-torre-barrina-2\/\" \/>\n<meta property=\"og:site_name\" content=\"La Farga Gesti\u00f3n de Equipamientos Municipales, S.A.\" \/>\n<meta property=\"article:published_time\" content=\"2016-06-07T08:30:03+00:00\" \/>\n<meta property=\"article:modified_time\" content=\"2016-06-08T10:24:33+00:00\" \/>\n<meta property=\"og:image\" content=\"https:\/\/www.lafarga.com\/corporatiu\/wp-content\/uploads\/2015\/06\/Torre-Barrina-farga1.jpg\" \/>\n\t<meta property=\"og:image:width\" content=\"730\" \/>\n\t<meta property=\"og:image:height\" content=\"410\" \/>\n\t<meta property=\"og:image:type\" content=\"image\/jpeg\" \/>\n<meta name=\"author\" content=\"\u00d2scar Milla\" \/>\n<meta name=\"twitter:label1\" content=\"Escrit per\" \/>\n\t<meta name=\"twitter:data1\" content=\"\u00d2scar Milla\" \/>\n\t<meta name=\"twitter:label2\" content=\"Temps estimat de lectura\" \/>\n\t<meta name=\"twitter:data2\" content=\"1 minut\" \/>\n<script type=\"application\/ld+json\" class=\"yoast-schema-graph\">{\"@context\":\"https:\\\/\\\/schema.org\",\"@graph\":[{\"@type\":\"Article\",\"@id\":\"https:\\\/\\\/www.lafarga.com\\\/corporatiu\\\/la-fiesta-de-la-diversidad-tambien-en-torre-barrina-2\\\/#article\",\"isPartOf\":{\"@id\":\"https:\\\/\\\/www.lafarga.com\\\/corporatiu\\\/la-fiesta-de-la-diversidad-tambien-en-torre-barrina-2\\\/\"},\"author\":{\"name\":\"\u00d2scar Milla\",\"@id\":\"https:\\\/\\\/www.lafarga.com\\\/corporatiu\\\/#\\\/schema\\\/person\\\/70d96fe17d0da1a9c9e80d232bdbcf33\"},\"headline\":\"La Fiesta de la Diversidad, tambi\u00e9n en Torre Barrina\",\"datePublished\":\"2016-06-07T08:30:03+00:00\",\"dateModified\":\"2016-06-08T10:24:33+00:00\",\"mainEntityOfPage\":{\"@id\":\"https:\\\/\\\/www.lafarga.com\\\/corporatiu\\\/la-fiesta-de-la-diversidad-tambien-en-torre-barrina-2\\\/\"},\"wordCount\":262,\"publisher\":{\"@id\":\"https:\\\/\\\/www.lafarga.com\\\/corporatiu\\\/#organization\"},\"image\":{\"@id\":\"https:\\\/\\\/www.lafarga.com\\\/corporatiu\\\/la-fiesta-de-la-diversidad-tambien-en-torre-barrina-2\\\/#primaryimage\"},\"thumbnailUrl\":\"https:\\\/\\\/www.lafarga.com\\\/corporatiu\\\/wp-content\\\/uploads\\\/2015\\\/06\\\/Torre-Barrina-farga1.jpg\",\"articleSection\":[\"Torre Barrina.\"],\"inLanguage\":\"ca\"},{\"@type\":\"WebPage\",\"@id\":\"https:\\\/\\\/www.lafarga.com\\\/corporatiu\\\/la-fiesta-de-la-diversidad-tambien-en-torre-barrina-2\\\/\",\"url\":\"https:\\\/\\\/www.lafarga.com\\\/corporatiu\\\/la-fiesta-de-la-diversidad-tambien-en-torre-barrina-2\\\/\",\"name\":\"La Fiesta de la Diversidad, tambi\u00e9n en Torre Barrina - La Farga Gesti\u00f3n de Equipamientos Municipales, S.A.\",\"isPartOf\":{\"@id\":\"https:\\\/\\\/www.lafarga.com\\\/corporatiu\\\/#website\"},\"primaryImageOfPage\":{\"@id\":\"https:\\\/\\\/www.lafarga.com\\\/corporatiu\\\/la-fiesta-de-la-diversidad-tambien-en-torre-barrina-2\\\/#primaryimage\"},\"image\":{\"@id\":\"https:\\\/\\\/www.lafarga.com\\\/corporatiu\\\/la-fiesta-de-la-diversidad-tambien-en-torre-barrina-2\\\/#primaryimage\"},\"thumbnailUrl\":\"https:\\\/\\\/www.lafarga.com\\\/corporatiu\\\/wp-content\\\/uploads\\\/2015\\\/06\\\/Torre-Barrina-farga1.jpg\",\"datePublished\":\"2016-06-07T08:30:03+00:00\",\"dateModified\":\"2016-06-08T10:24:33+00:00\",\"description\":\"Per quart any consecutiu, Torre Barrina, Centre Municipal de Creaci\u00f3 Multim\u00e8dia de L\u2019Hospitalet, acollir\u00e0 \u2018L\u2019Espai de Debats\u2019 dins la Festa de la Diversitat\",\"breadcrumb\":{\"@id\":\"https:\\\/\\\/www.lafarga.com\\\/corporatiu\\\/la-fiesta-de-la-diversidad-tambien-en-torre-barrina-2\\\/#breadcrumb\"},\"inLanguage\":\"ca\",\"potentialAction\":[{\"@type\":\"ReadAction\",\"target\":[\"https:\\\/\\\/www.lafarga.com\\\/corporatiu\\\/la-fiesta-de-la-diversidad-tambien-en-torre-barrina-2\\\/\"]}]},{\"@type\":\"ImageObject\",\"inLanguage\":\"ca\",\"@id\":\"https:\\\/\\\/www.lafarga.com\\\/corporatiu\\\/la-fiesta-de-la-diversidad-tambien-en-torre-barrina-2\\\/#primaryimage\",\"url\":\"https:\\\/\\\/www.lafarga.com\\\/corporatiu\\\/wp-content\\\/uploads\\\/2015\\\/06\\\/Torre-Barrina-farga1.jpg\",\"contentUrl\":\"https:\\\/\\\/www.lafarga.com\\\/corporatiu\\\/wp-content\\\/uploads\\\/2015\\\/06\\\/Torre-Barrina-farga1.jpg\",\"width\":730,\"height\":410,\"caption\":\"Torre Barrina\"},{\"@type\":\"BreadcrumbList\",\"@id\":\"https:\\\/\\\/www.lafarga.com\\\/corporatiu\\\/la-fiesta-de-la-diversidad-tambien-en-torre-barrina-2\\\/#breadcrumb\",\"itemListElement\":[{\"@type\":\"ListItem\",\"position\":1,\"name\":\"Home\",\"item\":\"https:\\\/\\\/www.lafarga.com\\\/corporatiu\\\/lafarga-hospitalet-llobregat\\\/\"},{\"@type\":\"ListItem\",\"position\":2,\"name\":\"La Fiesta de la Diversidad, tambi\u00e9n en Torre Barrina\"}]},{\"@type\":\"WebSite\",\"@id\":\"https:\\\/\\\/www.lafarga.com\\\/corporatiu\\\/#website\",\"url\":\"https:\\\/\\\/www.lafarga.com\\\/corporatiu\\\/\",\"name\":\"La Farga Gesti\u00f3 d&#039;Equipaments Municipals, SA\",\"description\":\"\",\"publisher\":{\"@id\":\"https:\\\/\\\/www.lafarga.com\\\/corporatiu\\\/#organization\"},\"potentialAction\":[{\"@type\":\"SearchAction\",\"target\":{\"@type\":\"EntryPoint\",\"urlTemplate\":\"https:\\\/\\\/www.lafarga.com\\\/corporatiu\\\/?s={search_term_string}\"},\"query-input\":{\"@type\":\"PropertyValueSpecification\",\"valueRequired\":true,\"valueName\":\"search_term_string\"}}],\"inLanguage\":\"ca\"},{\"@type\":\"Organization\",\"@id\":\"https:\\\/\\\/www.lafarga.com\\\/corporatiu\\\/#organization\",\"name\":\"La Farga Gesti\u00f3 d&#039;Equipaments Municipals, SA\",\"url\":\"https:\\\/\\\/www.lafarga.com\\\/corporatiu\\\/\",\"logo\":{\"@type\":\"ImageObject\",\"inLanguage\":\"ca\",\"@id\":\"https:\\\/\\\/www.lafarga.com\\\/corporatiu\\\/#\\\/schema\\\/logo\\\/image\\\/\",\"url\":\"https:\\\/\\\/www.lafarga.com\\\/corporatiu\\\/wp-content\\\/uploads\\\/2023\\\/11\\\/logotipo_lafarga_gemsa.svg\",\"contentUrl\":\"https:\\\/\\\/www.lafarga.com\\\/corporatiu\\\/wp-content\\\/uploads\\\/2023\\\/11\\\/logotipo_lafarga_gemsa.svg\",\"width\":102,\"height\":103,\"caption\":\"La Farga Gesti\u00f3 d&#039;Equipaments Municipals, SA\"},\"image\":{\"@id\":\"https:\\\/\\\/www.lafarga.com\\\/corporatiu\\\/#\\\/schema\\\/logo\\\/image\\\/\"}},{\"@type\":\"Person\",\"@id\":\"https:\\\/\\\/www.lafarga.com\\\/corporatiu\\\/#\\\/schema\\\/person\\\/70d96fe17d0da1a9c9e80d232bdbcf33\",\"name\":\"\u00d2scar Milla\",\"image\":{\"@type\":\"ImageObject\",\"inLanguage\":\"ca\",\"@id\":\"https:\\\/\\\/secure.gravatar.com\\\/avatar\\\/92e75d184f9d5e0e403bd4ad075b080ad258344ddc259adddb579f6a3ba6494f?s=96&d=mm&r=g\",\"url\":\"https:\\\/\\\/secure.gravatar.com\\\/avatar\\\/92e75d184f9d5e0e403bd4ad075b080ad258344ddc259adddb579f6a3ba6494f?s=96&d=mm&r=g\",\"contentUrl\":\"https:\\\/\\\/secure.gravatar.com\\\/avatar\\\/92e75d184f9d5e0e403bd4ad075b080ad258344ddc259adddb579f6a3ba6494f?s=96&d=mm&r=g\",\"caption\":\"\u00d2scar Milla\"},\"url\":\"https:\\\/\\\/www.lafarga.com\\\/corporatiu\\\/author\\\/omilla\\\/\"}]}<\/script>\n<!-- \/ Yoast SEO plugin. -->","yoast_head_json":{"title":"La Fiesta de la Diversidad, tambi\u00e9n en Torre Barrina - La Farga Gesti\u00f3n de Equipamientos Municipales, S.A.","description":"Per quart any consecutiu, Torre Barrina, Centre Municipal de Creaci\u00f3 Multim\u00e8dia de L\u2019Hospitalet, acollir\u00e0 \u2018L\u2019Espai de Debats\u2019 dins la Festa de la Diversitat","robots":{"index":"index","follow":"follow","max-snippet":"max-snippet:-1","max-image-preview":"max-image-preview:large","max-video-preview":"max-video-preview:-1"},"canonical":"https:\/\/www.lafarga.com\/corporatiu\/la-fiesta-de-la-diversidad-tambien-en-torre-barrina-2\/","og_locale":"ca_ES","og_type":"article","og_title":"La Fiesta de la Diversidad, tambi\u00e9n en Torre Barrina - La Farga Gesti\u00f3n de Equipamientos Municipales, S.A.","og_description":"Per quart any consecutiu, Torre Barrina, Centre Municipal de Creaci\u00f3 Multim\u00e8dia de L\u2019Hospitalet, acollir\u00e0 \u2018L\u2019Espai de Debats\u2019 dins la Festa de la Diversitat","og_url":"https:\/\/www.lafarga.com\/corporatiu\/la-fiesta-de-la-diversidad-tambien-en-torre-barrina-2\/","og_site_name":"La Farga Gesti\u00f3n de Equipamientos Municipales, S.A.","article_published_time":"2016-06-07T08:30:03+00:00","article_modified_time":"2016-06-08T10:24:33+00:00","og_image":[{"width":730,"height":410,"url":"https:\/\/www.lafarga.com\/corporatiu\/wp-content\/uploads\/2015\/06\/Torre-Barrina-farga1.jpg","type":"image\/jpeg"}],"author":"\u00d2scar Milla","twitter_misc":{"Escrit per":"\u00d2scar Milla","Temps estimat de lectura":"1 minut"},"schema":{"@context":"https:\/\/schema.org","@graph":[{"@type":"Article","@id":"https:\/\/www.lafarga.com\/corporatiu\/la-fiesta-de-la-diversidad-tambien-en-torre-barrina-2\/#article","isPartOf":{"@id":"https:\/\/www.lafarga.com\/corporatiu\/la-fiesta-de-la-diversidad-tambien-en-torre-barrina-2\/"},"author":{"name":"\u00d2scar Milla","@id":"https:\/\/www.lafarga.com\/corporatiu\/#\/schema\/person\/70d96fe17d0da1a9c9e80d232bdbcf33"},"headline":"La Fiesta de la Diversidad, tambi\u00e9n en Torre Barrina","datePublished":"2016-06-07T08:30:03+00:00","dateModified":"2016-06-08T10:24:33+00:00","mainEntityOfPage":{"@id":"https:\/\/www.lafarga.com\/corporatiu\/la-fiesta-de-la-diversidad-tambien-en-torre-barrina-2\/"},"wordCount":262,"publisher":{"@id":"https:\/\/www.lafarga.com\/corporatiu\/#organization"},"image":{"@id":"https:\/\/www.lafarga.com\/corporatiu\/la-fiesta-de-la-diversidad-tambien-en-torre-barrina-2\/#primaryimage"},"thumbnailUrl":"https:\/\/www.lafarga.com\/corporatiu\/wp-content\/uploads\/2015\/06\/Torre-Barrina-farga1.jpg","articleSection":["Torre Barrina."],"inLanguage":"ca"},{"@type":"WebPage","@id":"https:\/\/www.lafarga.com\/corporatiu\/la-fiesta-de-la-diversidad-tambien-en-torre-barrina-2\/","url":"https:\/\/www.lafarga.com\/corporatiu\/la-fiesta-de-la-diversidad-tambien-en-torre-barrina-2\/","name":"La Fiesta de la Diversidad, tambi\u00e9n en Torre Barrina - La Farga Gesti\u00f3n de Equipamientos Municipales, S.A.","isPartOf":{"@id":"https:\/\/www.lafarga.com\/corporatiu\/#website"},"primaryImageOfPage":{"@id":"https:\/\/www.lafarga.com\/corporatiu\/la-fiesta-de-la-diversidad-tambien-en-torre-barrina-2\/#primaryimage"},"image":{"@id":"https:\/\/www.lafarga.com\/corporatiu\/la-fiesta-de-la-diversidad-tambien-en-torre-barrina-2\/#primaryimage"},"thumbnailUrl":"https:\/\/www.lafarga.com\/corporatiu\/wp-content\/uploads\/2015\/06\/Torre-Barrina-farga1.jpg","datePublished":"2016-06-07T08:30:03+00:00","dateModified":"2016-06-08T10:24:33+00:00","description":"Per quart any consecutiu, Torre Barrina, Centre Municipal de Creaci\u00f3 Multim\u00e8dia de L\u2019Hospitalet, acollir\u00e0 \u2018L\u2019Espai de Debats\u2019 dins la Festa de la Diversitat","breadcrumb":{"@id":"https:\/\/www.lafarga.com\/corporatiu\/la-fiesta-de-la-diversidad-tambien-en-torre-barrina-2\/#breadcrumb"},"inLanguage":"ca","potentialAction":[{"@type":"ReadAction","target":["https:\/\/www.lafarga.com\/corporatiu\/la-fiesta-de-la-diversidad-tambien-en-torre-barrina-2\/"]}]},{"@type":"ImageObject","inLanguage":"ca","@id":"https:\/\/www.lafarga.com\/corporatiu\/la-fiesta-de-la-diversidad-tambien-en-torre-barrina-2\/#primaryimage","url":"https:\/\/www.lafarga.com\/corporatiu\/wp-content\/uploads\/2015\/06\/Torre-Barrina-farga1.jpg","contentUrl":"https:\/\/www.lafarga.com\/corporatiu\/wp-content\/uploads\/2015\/06\/Torre-Barrina-farga1.jpg","width":730,"height":410,"caption":"Torre Barrina"},{"@type":"BreadcrumbList","@id":"https:\/\/www.lafarga.com\/corporatiu\/la-fiesta-de-la-diversidad-tambien-en-torre-barrina-2\/#breadcrumb","itemListElement":[{"@type":"ListItem","position":1,"name":"Home","item":"https:\/\/www.lafarga.com\/corporatiu\/lafarga-hospitalet-llobregat\/"},{"@type":"ListItem","position":2,"name":"La Fiesta de la Diversidad, tambi\u00e9n en Torre Barrina"}]},{"@type":"WebSite","@id":"https:\/\/www.lafarga.com\/corporatiu\/#website","url":"https:\/\/www.lafarga.com\/corporatiu\/","name":"La Farga Gesti\u00f3 d&#039;Equipaments Municipals, SA","description":"","publisher":{"@id":"https:\/\/www.lafarga.com\/corporatiu\/#organization"},"potentialAction":[{"@type":"SearchAction","target":{"@type":"EntryPoint","urlTemplate":"https:\/\/www.lafarga.com\/corporatiu\/?s={search_term_string}"},"query-input":{"@type":"PropertyValueSpecification","valueRequired":true,"valueName":"search_term_string"}}],"inLanguage":"ca"},{"@type":"Organization","@id":"https:\/\/www.lafarga.com\/corporatiu\/#organization","name":"La Farga Gesti\u00f3 d&#039;Equipaments Municipals, SA","url":"https:\/\/www.lafarga.com\/corporatiu\/","logo":{"@type":"ImageObject","inLanguage":"ca","@id":"https:\/\/www.lafarga.com\/corporatiu\/#\/schema\/logo\/image\/","url":"https:\/\/www.lafarga.com\/corporatiu\/wp-content\/uploads\/2023\/11\/logotipo_lafarga_gemsa.svg","contentUrl":"https:\/\/www.lafarga.com\/corporatiu\/wp-content\/uploads\/2023\/11\/logotipo_lafarga_gemsa.svg","width":102,"height":103,"caption":"La Farga Gesti\u00f3 d&#039;Equipaments Municipals, SA"},"image":{"@id":"https:\/\/www.lafarga.com\/corporatiu\/#\/schema\/logo\/image\/"}},{"@type":"Person","@id":"https:\/\/www.lafarga.com\/corporatiu\/#\/schema\/person\/70d96fe17d0da1a9c9e80d232bdbcf33","name":"\u00d2scar Milla","image":{"@type":"ImageObject","inLanguage":"ca","@id":"https:\/\/secure.gravatar.com\/avatar\/92e75d184f9d5e0e403bd4ad075b080ad258344ddc259adddb579f6a3ba6494f?s=96&d=mm&r=g","url":"https:\/\/secure.gravatar.com\/avatar\/92e75d184f9d5e0e403bd4ad075b080ad258344ddc259adddb579f6a3ba6494f?s=96&d=mm&r=g","contentUrl":"https:\/\/secure.gravatar.com\/avatar\/92e75d184f9d5e0e403bd4ad075b080ad258344ddc259adddb579f6a3ba6494f?s=96&d=mm&r=g","caption":"\u00d2scar Milla"},"url":"https:\/\/www.lafarga.com\/corporatiu\/author\/omilla\/"}]}},"uagb_featured_image_src":{"full":["https:\/\/www.lafarga.com\/corporatiu\/wp-content\/uploads\/2015\/06\/Torre-Barrina-farga1.jpg",730,410,false],"thumbnail":["https:\/\/www.lafarga.com\/corporatiu\/wp-content\/uploads\/2015\/06\/Torre-Barrina-farga1-150x150.jpg",150,150,true],"medium":["https:\/\/www.lafarga.com\/corporatiu\/wp-content\/uploads\/2015\/06\/Torre-Barrina-farga1-300x168.jpg",300,168,true],"medium_large":["https:\/\/www.lafarga.com\/corporatiu\/wp-content\/uploads\/2015\/06\/Torre-Barrina-farga1.jpg",730,410,false],"large":["https:\/\/www.lafarga.com\/corporatiu\/wp-content\/uploads\/2015\/06\/Torre-Barrina-farga1.jpg",730,410,false],"1536x1536":["https:\/\/www.lafarga.com\/corporatiu\/wp-content\/uploads\/2015\/06\/Torre-Barrina-farga1.jpg",730,410,false],"2048x2048":["https:\/\/www.lafarga.com\/corporatiu\/wp-content\/uploads\/2015\/06\/Torre-Barrina-farga1.jpg",730,410,false],"mailpoet_newsletter_max":["https:\/\/www.lafarga.com\/corporatiu\/wp-content\/uploads\/2015\/06\/Torre-Barrina-farga1.jpg",730,410,false]},"uagb_author_info":{"display_name":"\u00d2scar Milla","author_link":"https:\/\/www.lafarga.com\/corporatiu\/author\/omilla\/"},"uagb_comment_info":0,"uagb_excerpt":"Por cuarto a\u00f1o consecutivo, Torre Barrina, Centro Municipal de Creaci\u00f3n Multimedia de L'Hospitalet, acoger\u00e1 'El Espacio de Debates' dentro de la Fiesta de la Diversidad que organiza la Comisi\u00f3n de Fiestas de Collblanc-la Torrassa, en su vig\u00e9simo segunda edici\u00f3n.","_links":{"self":[{"href":"https:\/\/www.lafarga.com\/corporatiu\/wp-json\/wp\/v2\/posts\/7292","targetHints":{"allow":["GET"]}}],"collection":[{"href":"https:\/\/www.lafarga.com\/corporatiu\/wp-json\/wp\/v2\/posts"}],"about":[{"href":"https:\/\/www.lafarga.com\/corporatiu\/wp-json\/wp\/v2\/types\/post"}],"author":[{"embeddable":true,"href":"https:\/\/www.lafarga.com\/corporatiu\/wp-json\/wp\/v2\/users\/5"}],"replies":[{"embeddable":true,"href":"https:\/\/www.lafarga.com\/corporatiu\/wp-json\/wp\/v2\/comments?post=7292"}],"version-history":[{"count":2,"href":"https:\/\/www.lafarga.com\/corporatiu\/wp-json\/wp\/v2\/posts\/7292\/revisions"}],"predecessor-version":[{"id":7295,"href":"https:\/\/www.lafarga.com\/corporatiu\/wp-json\/wp\/v2\/posts\/7292\/revisions\/7295"}],"wp:featuredmedia":[{"embeddable":true,"href":"https:\/\/www.lafarga.com\/corporatiu\/wp-json\/wp\/v2\/media\/4450"}],"wp:attachment":[{"href":"https:\/\/www.lafarga.com\/corporatiu\/wp-json\/wp\/v2\/media?parent=7292"}],"wp:term":[{"taxonomy":"category","embeddable":true,"href":"https:\/\/www.lafarga.com\/corporatiu\/wp-json\/wp\/v2\/categories?post=7292"},{"taxonomy":"post_tag","embeddable":true,"href":"https:\/\/www.lafarga.com\/corporatiu\/wp-json\/wp\/v2\/tags?post=7292"}],"curies":[{"name":"wp","href":"https:\/\/api.w.org\/{rel}","templated":true}]}}