{"id":7290,"date":"2016-06-07T08:15:38","date_gmt":"2016-06-07T08:15:38","guid":{"rendered":"http:\/\/www.lafarga.com\/corporatiu\/?p=7290"},"modified":"2016-06-08T10:24:14","modified_gmt":"2016-06-08T10:24:14","slug":"la-festa-de-la-diversitat-tambe-a-torre-barrina","status":"publish","type":"post","link":"https:\/\/www.lafarga.com\/corporatiu\/la-festa-de-la-diversitat-tambe-a-torre-barrina\/","title":{"rendered":"La Festa de la Diversitat, tamb\u00e9 a Torre Barrina"},"content":{"rendered":"<p>Per quart any consecutiu, <a href=\"http:\/\/www.torrebarrina.cat\/\" target=\"_blank\">Torre Barrina, Centre Municipal de Creaci\u00f3 Multim\u00e8dia de L\u2019Hospitalet<\/a>, acollir\u00e0 \u2018L\u2019Espai de Debats\u2019 dins la\u00a0Festa de la Diversitat que organitza la Comissi\u00f3 de Festes de Collblanc\u2013la Torrassa, en la seva\u00a0vint-i-dosena edici\u00f3.<\/p>\n<p>&#8216;L&#8217;Espai de Debats&#8217; t\u00e9 el seg\u00fcent programa:<\/p>\n<ul>\n<li>10.00 hores. Taula rodona-debat: \u201dFEM XI-BARRI!! Un barri millor \u00e9s possible&#8221;. A c\u00e0rrec de JOC, Xarxa Groga i AMPA Ernest Lluch.<\/li>\n<li>11.15 hores Taules\/Rodones: \u201cBenvinguts refugiades i refugiats\u201d. Primera part amb la presentaci\u00f3 del llibre: \u201cIslamof\u00f2bia contra el feixisme i l\u2019augment de la Extrema Dreta\u201d a c\u00e0rrec de David Karvala i UCFR-L\u2019H. Segona part \u201cComprom\u00eds i Acollida\u201c a c\u00e0rrec de Dolores Ruiz presidenta de la Creu Roja de L\u2019H.<\/li>\n<li>12.30 hores Xerrada i debat: \u201cLa Gesti\u00f3 de la Diversitat Cultural\u201d a c\u00e0rrec de Miquel Essomba, catedr\u00e0tic UAB i Carmen Mart\u00ednez Fabregas. Una activitat que organitza l\u2019AMPA Ernest Lluch.<\/li>\n<li>13.30 hores. Presentaci\u00f3 I Mostra de Cinema i Documental Llatinoameric\u00e0. Agermanat i afavorit per Tetein Amerikanische Tage de Leipzig y Halle, Alemanya, i passi d\u2019un documental social que va participar en el festival de 2015 \u201cVerg\u00fcenza y respeto\u201d de Tom\u00e1s Lipgot.<\/li>\n<li>17.00 hores. Projecci\u00f3 del v\u00eddeo \u201cEn Tr\u00e0nsit\u201d del JIS.<\/li>\n<li>17.40 hores. Passi del v\u00eddeo \u201cL\u2019H vacances en Pau\u201d. Associaci\u00f3 L\u2019H pel Sahara.<\/li>\n<li>18.00 hores. Xerrada: I els valors humans? A c\u00e0rrec de l\u2019entitat: No somos Invisibles.<\/li>\n<li>19.00 hores: Projecci\u00f3 de v\u00eddeo a c\u00e0rrec de Mujeres Pa\u2019lante.<\/li>\n<\/ul>\n","protected":false},"excerpt":{"rendered":"<p>Per quart any consecutiu, Torre Barrina, Centre Municipal de Creaci\u00f3 Multim\u00e8dia de L\u2019Hospitalet, acollir\u00e0 \u2018L\u2019Espai de Debats\u2019 dins la Festa de la Diversitat que organitza la Comissi\u00f3 de Festes de Collblanc\u2013la Torrassa, en la seva vint-i-dosena edici\u00f3.<\/p>\n","protected":false},"author":5,"featured_media":4450,"comment_status":"closed","ping_status":"closed","sticky":false,"template":"","format":"standard","meta":{"inline_featured_image":false,"_uag_custom_page_level_css":"","_monsterinsights_skip_tracking":false,"_monsterinsights_sitenote_active":false,"_monsterinsights_sitenote_note":"","_monsterinsights_sitenote_category":0,"site-sidebar-layout":"default","site-content-layout":"","ast-site-content-layout":"default","site-content-style":"default","site-sidebar-style":"default","ast-global-header-display":"","ast-banner-title-visibility":"","ast-main-header-display":"","ast-hfb-above-header-display":"","ast-hfb-below-header-display":"","ast-hfb-mobile-header-display":"","site-post-title":"","ast-breadcrumbs-content":"","ast-featured-img":"","footer-sml-layout":"","ast-disable-related-posts":"","theme-transparent-header-meta":"","adv-header-id-meta":"","stick-header-meta":"","header-above-stick-meta":"","header-main-stick-meta":"","header-below-stick-meta":"","astra-migrate-meta-layouts":"default","ast-page-background-enabled":"default","ast-page-background-meta":{"desktop":{"background-color":"var(--ast-global-color-4)","background-image":"","background-repeat":"repeat","background-position":"center center","background-size":"auto","background-attachment":"scroll","background-type":"","background-media":"","overlay-type":"","overlay-color":"","overlay-opacity":"","overlay-gradient":""},"tablet":{"background-color":"","background-image":"","background-repeat":"repeat","background-position":"center center","background-size":"auto","background-attachment":"scroll","background-type":"","background-media":"","overlay-type":"","overlay-color":"","overlay-opacity":"","overlay-gradient":""},"mobile":{"background-color":"","background-image":"","background-repeat":"repeat","background-position":"center center","background-size":"auto","background-attachment":"scroll","background-type":"","background-media":"","overlay-type":"","overlay-color":"","overlay-opacity":"","overlay-gradient":""}},"ast-content-background-meta":{"desktop":{"background-color":"var(--ast-global-color-5)","background-image":"","background-repeat":"repeat","background-position":"center center","background-size":"auto","background-attachment":"scroll","background-type":"","background-media":"","overlay-type":"","overlay-color":"","overlay-opacity":"","overlay-gradient":""},"tablet":{"background-color":"var(--ast-global-color-5)","background-image":"","background-repeat":"repeat","background-position":"center center","background-size":"auto","background-attachment":"scroll","background-type":"","background-media":"","overlay-type":"","overlay-color":"","overlay-opacity":"","overlay-gradient":""},"mobile":{"background-color":"var(--ast-global-color-5)","background-image":"","background-repeat":"repeat","background-position":"center center","background-size":"auto","background-attachment":"scroll","background-type":"","background-media":"","overlay-type":"","overlay-color":"","overlay-opacity":"","overlay-gradient":""}},"footnotes":""},"categories":[57],"tags":[],"class_list":["post-7290","post","type-post","status-publish","format-standard","has-post-thumbnail","hentry","category-torre-barrina"],"yoast_head":"<!-- This site is optimized with the Yoast SEO plugin v27.4 - https:\/\/yoast.com\/product\/yoast-seo-wordpress\/ -->\n<title>La Festa de la Diversitat, tamb\u00e9 a Torre Barrina - La Farga Gesti\u00f3n de Equipamientos Municipales, S.A.<\/title>\n<meta name=\"description\" content=\"Per quart any consecutiu, Torre Barrina, Centre Municipal de Creaci\u00f3 Multim\u00e8dia de L\u2019Hospitalet, acollir\u00e0 \u2018L\u2019Espai de Debats\u2019 dins la Festa de la Diversitat\" \/>\n<meta name=\"robots\" content=\"index, follow, max-snippet:-1, max-image-preview:large, max-video-preview:-1\" \/>\n<link rel=\"canonical\" href=\"https:\/\/www.lafarga.com\/corporatiu\/la-festa-de-la-diversitat-tambe-a-torre-barrina\/\" \/>\n<meta property=\"og:locale\" content=\"ca_ES\" \/>\n<meta property=\"og:type\" content=\"article\" \/>\n<meta property=\"og:title\" content=\"La Festa de la Diversitat, tamb\u00e9 a Torre Barrina - La Farga Gesti\u00f3n de Equipamientos Municipales, S.A.\" \/>\n<meta property=\"og:description\" content=\"Per quart any consecutiu, Torre Barrina, Centre Municipal de Creaci\u00f3 Multim\u00e8dia de L\u2019Hospitalet, acollir\u00e0 \u2018L\u2019Espai de Debats\u2019 dins la Festa de la Diversitat\" \/>\n<meta property=\"og:url\" content=\"https:\/\/www.lafarga.com\/corporatiu\/la-festa-de-la-diversitat-tambe-a-torre-barrina\/\" \/>\n<meta property=\"og:site_name\" content=\"La Farga Gesti\u00f3n de Equipamientos Municipales, S.A.\" \/>\n<meta property=\"article:published_time\" content=\"2016-06-07T08:15:38+00:00\" \/>\n<meta property=\"article:modified_time\" content=\"2016-06-08T10:24:14+00:00\" \/>\n<meta property=\"og:image\" content=\"https:\/\/www.lafarga.com\/corporatiu\/wp-content\/uploads\/2015\/06\/Torre-Barrina-farga1.jpg\" \/>\n\t<meta property=\"og:image:width\" content=\"730\" \/>\n\t<meta property=\"og:image:height\" content=\"410\" \/>\n\t<meta property=\"og:image:type\" content=\"image\/jpeg\" \/>\n<meta name=\"author\" content=\"\u00d2scar Milla\" \/>\n<meta name=\"twitter:label1\" content=\"Escrit per\" \/>\n\t<meta name=\"twitter:data1\" content=\"\u00d2scar Milla\" \/>\n\t<meta name=\"twitter:label2\" content=\"Temps estimat de lectura\" \/>\n\t<meta name=\"twitter:data2\" content=\"1 minut\" \/>\n<script type=\"application\/ld+json\" class=\"yoast-schema-graph\">{\"@context\":\"https:\\\/\\\/schema.org\",\"@graph\":[{\"@type\":\"Article\",\"@id\":\"https:\\\/\\\/www.lafarga.com\\\/corporatiu\\\/la-festa-de-la-diversitat-tambe-a-torre-barrina\\\/#article\",\"isPartOf\":{\"@id\":\"https:\\\/\\\/www.lafarga.com\\\/corporatiu\\\/la-festa-de-la-diversitat-tambe-a-torre-barrina\\\/\"},\"author\":{\"name\":\"\u00d2scar Milla\",\"@id\":\"https:\\\/\\\/www.lafarga.com\\\/corporatiu\\\/#\\\/schema\\\/person\\\/70d96fe17d0da1a9c9e80d232bdbcf33\"},\"headline\":\"La Festa de la Diversitat, tamb\u00e9 a Torre Barrina\",\"datePublished\":\"2016-06-07T08:15:38+00:00\",\"dateModified\":\"2016-06-08T10:24:14+00:00\",\"mainEntityOfPage\":{\"@id\":\"https:\\\/\\\/www.lafarga.com\\\/corporatiu\\\/la-festa-de-la-diversitat-tambe-a-torre-barrina\\\/\"},\"wordCount\":261,\"publisher\":{\"@id\":\"https:\\\/\\\/www.lafarga.com\\\/corporatiu\\\/#organization\"},\"image\":{\"@id\":\"https:\\\/\\\/www.lafarga.com\\\/corporatiu\\\/la-festa-de-la-diversitat-tambe-a-torre-barrina\\\/#primaryimage\"},\"thumbnailUrl\":\"https:\\\/\\\/www.lafarga.com\\\/corporatiu\\\/wp-content\\\/uploads\\\/2015\\\/06\\\/Torre-Barrina-farga1.jpg\",\"articleSection\":[\"Torre Barrina\"],\"inLanguage\":\"ca\"},{\"@type\":\"WebPage\",\"@id\":\"https:\\\/\\\/www.lafarga.com\\\/corporatiu\\\/la-festa-de-la-diversitat-tambe-a-torre-barrina\\\/\",\"url\":\"https:\\\/\\\/www.lafarga.com\\\/corporatiu\\\/la-festa-de-la-diversitat-tambe-a-torre-barrina\\\/\",\"name\":\"La Festa de la Diversitat, tamb\u00e9 a Torre Barrina - La Farga Gesti\u00f3n de Equipamientos Municipales, S.A.\",\"isPartOf\":{\"@id\":\"https:\\\/\\\/www.lafarga.com\\\/corporatiu\\\/#website\"},\"primaryImageOfPage\":{\"@id\":\"https:\\\/\\\/www.lafarga.com\\\/corporatiu\\\/la-festa-de-la-diversitat-tambe-a-torre-barrina\\\/#primaryimage\"},\"image\":{\"@id\":\"https:\\\/\\\/www.lafarga.com\\\/corporatiu\\\/la-festa-de-la-diversitat-tambe-a-torre-barrina\\\/#primaryimage\"},\"thumbnailUrl\":\"https:\\\/\\\/www.lafarga.com\\\/corporatiu\\\/wp-content\\\/uploads\\\/2015\\\/06\\\/Torre-Barrina-farga1.jpg\",\"datePublished\":\"2016-06-07T08:15:38+00:00\",\"dateModified\":\"2016-06-08T10:24:14+00:00\",\"description\":\"Per quart any consecutiu, Torre Barrina, Centre Municipal de Creaci\u00f3 Multim\u00e8dia de L\u2019Hospitalet, acollir\u00e0 \u2018L\u2019Espai de Debats\u2019 dins la Festa de la Diversitat\",\"breadcrumb\":{\"@id\":\"https:\\\/\\\/www.lafarga.com\\\/corporatiu\\\/la-festa-de-la-diversitat-tambe-a-torre-barrina\\\/#breadcrumb\"},\"inLanguage\":\"ca\",\"potentialAction\":[{\"@type\":\"ReadAction\",\"target\":[\"https:\\\/\\\/www.lafarga.com\\\/corporatiu\\\/la-festa-de-la-diversitat-tambe-a-torre-barrina\\\/\"]}]},{\"@type\":\"ImageObject\",\"inLanguage\":\"ca\",\"@id\":\"https:\\\/\\\/www.lafarga.com\\\/corporatiu\\\/la-festa-de-la-diversitat-tambe-a-torre-barrina\\\/#primaryimage\",\"url\":\"https:\\\/\\\/www.lafarga.com\\\/corporatiu\\\/wp-content\\\/uploads\\\/2015\\\/06\\\/Torre-Barrina-farga1.jpg\",\"contentUrl\":\"https:\\\/\\\/www.lafarga.com\\\/corporatiu\\\/wp-content\\\/uploads\\\/2015\\\/06\\\/Torre-Barrina-farga1.jpg\",\"width\":730,\"height\":410,\"caption\":\"Torre Barrina\"},{\"@type\":\"BreadcrumbList\",\"@id\":\"https:\\\/\\\/www.lafarga.com\\\/corporatiu\\\/la-festa-de-la-diversitat-tambe-a-torre-barrina\\\/#breadcrumb\",\"itemListElement\":[{\"@type\":\"ListItem\",\"position\":1,\"name\":\"Home\",\"item\":\"https:\\\/\\\/www.lafarga.com\\\/corporatiu\\\/lafarga-hospitalet-llobregat\\\/\"},{\"@type\":\"ListItem\",\"position\":2,\"name\":\"La Festa de la Diversitat, tamb\u00e9 a Torre Barrina\"}]},{\"@type\":\"WebSite\",\"@id\":\"https:\\\/\\\/www.lafarga.com\\\/corporatiu\\\/#website\",\"url\":\"https:\\\/\\\/www.lafarga.com\\\/corporatiu\\\/\",\"name\":\"La Farga Gesti\u00f3 d&#039;Equipaments Municipals, SA\",\"description\":\"\",\"publisher\":{\"@id\":\"https:\\\/\\\/www.lafarga.com\\\/corporatiu\\\/#organization\"},\"potentialAction\":[{\"@type\":\"SearchAction\",\"target\":{\"@type\":\"EntryPoint\",\"urlTemplate\":\"https:\\\/\\\/www.lafarga.com\\\/corporatiu\\\/?s={search_term_string}\"},\"query-input\":{\"@type\":\"PropertyValueSpecification\",\"valueRequired\":true,\"valueName\":\"search_term_string\"}}],\"inLanguage\":\"ca\"},{\"@type\":\"Organization\",\"@id\":\"https:\\\/\\\/www.lafarga.com\\\/corporatiu\\\/#organization\",\"name\":\"La Farga Gesti\u00f3 d&#039;Equipaments Municipals, SA\",\"url\":\"https:\\\/\\\/www.lafarga.com\\\/corporatiu\\\/\",\"logo\":{\"@type\":\"ImageObject\",\"inLanguage\":\"ca\",\"@id\":\"https:\\\/\\\/www.lafarga.com\\\/corporatiu\\\/#\\\/schema\\\/logo\\\/image\\\/\",\"url\":\"https:\\\/\\\/www.lafarga.com\\\/corporatiu\\\/wp-content\\\/uploads\\\/2023\\\/11\\\/logotipo_lafarga_gemsa.svg\",\"contentUrl\":\"https:\\\/\\\/www.lafarga.com\\\/corporatiu\\\/wp-content\\\/uploads\\\/2023\\\/11\\\/logotipo_lafarga_gemsa.svg\",\"width\":102,\"height\":103,\"caption\":\"La Farga Gesti\u00f3 d&#039;Equipaments Municipals, SA\"},\"image\":{\"@id\":\"https:\\\/\\\/www.lafarga.com\\\/corporatiu\\\/#\\\/schema\\\/logo\\\/image\\\/\"}},{\"@type\":\"Person\",\"@id\":\"https:\\\/\\\/www.lafarga.com\\\/corporatiu\\\/#\\\/schema\\\/person\\\/70d96fe17d0da1a9c9e80d232bdbcf33\",\"name\":\"\u00d2scar Milla\",\"image\":{\"@type\":\"ImageObject\",\"inLanguage\":\"ca\",\"@id\":\"https:\\\/\\\/secure.gravatar.com\\\/avatar\\\/92e75d184f9d5e0e403bd4ad075b080ad258344ddc259adddb579f6a3ba6494f?s=96&d=mm&r=g\",\"url\":\"https:\\\/\\\/secure.gravatar.com\\\/avatar\\\/92e75d184f9d5e0e403bd4ad075b080ad258344ddc259adddb579f6a3ba6494f?s=96&d=mm&r=g\",\"contentUrl\":\"https:\\\/\\\/secure.gravatar.com\\\/avatar\\\/92e75d184f9d5e0e403bd4ad075b080ad258344ddc259adddb579f6a3ba6494f?s=96&d=mm&r=g\",\"caption\":\"\u00d2scar Milla\"},\"url\":\"https:\\\/\\\/www.lafarga.com\\\/corporatiu\\\/author\\\/omilla\\\/\"}]}<\/script>\n<!-- \/ Yoast SEO plugin. -->","yoast_head_json":{"title":"La Festa de la Diversitat, tamb\u00e9 a Torre Barrina - La Farga Gesti\u00f3n de Equipamientos Municipales, S.A.","description":"Per quart any consecutiu, Torre Barrina, Centre Municipal de Creaci\u00f3 Multim\u00e8dia de L\u2019Hospitalet, acollir\u00e0 \u2018L\u2019Espai de Debats\u2019 dins la Festa de la Diversitat","robots":{"index":"index","follow":"follow","max-snippet":"max-snippet:-1","max-image-preview":"max-image-preview:large","max-video-preview":"max-video-preview:-1"},"canonical":"https:\/\/www.lafarga.com\/corporatiu\/la-festa-de-la-diversitat-tambe-a-torre-barrina\/","og_locale":"ca_ES","og_type":"article","og_title":"La Festa de la Diversitat, tamb\u00e9 a Torre Barrina - La Farga Gesti\u00f3n de Equipamientos Municipales, S.A.","og_description":"Per quart any consecutiu, Torre Barrina, Centre Municipal de Creaci\u00f3 Multim\u00e8dia de L\u2019Hospitalet, acollir\u00e0 \u2018L\u2019Espai de Debats\u2019 dins la Festa de la Diversitat","og_url":"https:\/\/www.lafarga.com\/corporatiu\/la-festa-de-la-diversitat-tambe-a-torre-barrina\/","og_site_name":"La Farga Gesti\u00f3n de Equipamientos Municipales, S.A.","article_published_time":"2016-06-07T08:15:38+00:00","article_modified_time":"2016-06-08T10:24:14+00:00","og_image":[{"width":730,"height":410,"url":"https:\/\/www.lafarga.com\/corporatiu\/wp-content\/uploads\/2015\/06\/Torre-Barrina-farga1.jpg","type":"image\/jpeg"}],"author":"\u00d2scar Milla","twitter_misc":{"Escrit per":"\u00d2scar Milla","Temps estimat de lectura":"1 minut"},"schema":{"@context":"https:\/\/schema.org","@graph":[{"@type":"Article","@id":"https:\/\/www.lafarga.com\/corporatiu\/la-festa-de-la-diversitat-tambe-a-torre-barrina\/#article","isPartOf":{"@id":"https:\/\/www.lafarga.com\/corporatiu\/la-festa-de-la-diversitat-tambe-a-torre-barrina\/"},"author":{"name":"\u00d2scar Milla","@id":"https:\/\/www.lafarga.com\/corporatiu\/#\/schema\/person\/70d96fe17d0da1a9c9e80d232bdbcf33"},"headline":"La Festa de la Diversitat, tamb\u00e9 a Torre Barrina","datePublished":"2016-06-07T08:15:38+00:00","dateModified":"2016-06-08T10:24:14+00:00","mainEntityOfPage":{"@id":"https:\/\/www.lafarga.com\/corporatiu\/la-festa-de-la-diversitat-tambe-a-torre-barrina\/"},"wordCount":261,"publisher":{"@id":"https:\/\/www.lafarga.com\/corporatiu\/#organization"},"image":{"@id":"https:\/\/www.lafarga.com\/corporatiu\/la-festa-de-la-diversitat-tambe-a-torre-barrina\/#primaryimage"},"thumbnailUrl":"https:\/\/www.lafarga.com\/corporatiu\/wp-content\/uploads\/2015\/06\/Torre-Barrina-farga1.jpg","articleSection":["Torre Barrina"],"inLanguage":"ca"},{"@type":"WebPage","@id":"https:\/\/www.lafarga.com\/corporatiu\/la-festa-de-la-diversitat-tambe-a-torre-barrina\/","url":"https:\/\/www.lafarga.com\/corporatiu\/la-festa-de-la-diversitat-tambe-a-torre-barrina\/","name":"La Festa de la Diversitat, tamb\u00e9 a Torre Barrina - La Farga Gesti\u00f3n de Equipamientos Municipales, S.A.","isPartOf":{"@id":"https:\/\/www.lafarga.com\/corporatiu\/#website"},"primaryImageOfPage":{"@id":"https:\/\/www.lafarga.com\/corporatiu\/la-festa-de-la-diversitat-tambe-a-torre-barrina\/#primaryimage"},"image":{"@id":"https:\/\/www.lafarga.com\/corporatiu\/la-festa-de-la-diversitat-tambe-a-torre-barrina\/#primaryimage"},"thumbnailUrl":"https:\/\/www.lafarga.com\/corporatiu\/wp-content\/uploads\/2015\/06\/Torre-Barrina-farga1.jpg","datePublished":"2016-06-07T08:15:38+00:00","dateModified":"2016-06-08T10:24:14+00:00","description":"Per quart any consecutiu, Torre Barrina, Centre Municipal de Creaci\u00f3 Multim\u00e8dia de L\u2019Hospitalet, acollir\u00e0 \u2018L\u2019Espai de Debats\u2019 dins la Festa de la Diversitat","breadcrumb":{"@id":"https:\/\/www.lafarga.com\/corporatiu\/la-festa-de-la-diversitat-tambe-a-torre-barrina\/#breadcrumb"},"inLanguage":"ca","potentialAction":[{"@type":"ReadAction","target":["https:\/\/www.lafarga.com\/corporatiu\/la-festa-de-la-diversitat-tambe-a-torre-barrina\/"]}]},{"@type":"ImageObject","inLanguage":"ca","@id":"https:\/\/www.lafarga.com\/corporatiu\/la-festa-de-la-diversitat-tambe-a-torre-barrina\/#primaryimage","url":"https:\/\/www.lafarga.com\/corporatiu\/wp-content\/uploads\/2015\/06\/Torre-Barrina-farga1.jpg","contentUrl":"https:\/\/www.lafarga.com\/corporatiu\/wp-content\/uploads\/2015\/06\/Torre-Barrina-farga1.jpg","width":730,"height":410,"caption":"Torre Barrina"},{"@type":"BreadcrumbList","@id":"https:\/\/www.lafarga.com\/corporatiu\/la-festa-de-la-diversitat-tambe-a-torre-barrina\/#breadcrumb","itemListElement":[{"@type":"ListItem","position":1,"name":"Home","item":"https:\/\/www.lafarga.com\/corporatiu\/lafarga-hospitalet-llobregat\/"},{"@type":"ListItem","position":2,"name":"La Festa de la Diversitat, tamb\u00e9 a Torre Barrina"}]},{"@type":"WebSite","@id":"https:\/\/www.lafarga.com\/corporatiu\/#website","url":"https:\/\/www.lafarga.com\/corporatiu\/","name":"La Farga Gesti\u00f3 d&#039;Equipaments Municipals, SA","description":"","publisher":{"@id":"https:\/\/www.lafarga.com\/corporatiu\/#organization"},"potentialAction":[{"@type":"SearchAction","target":{"@type":"EntryPoint","urlTemplate":"https:\/\/www.lafarga.com\/corporatiu\/?s={search_term_string}"},"query-input":{"@type":"PropertyValueSpecification","valueRequired":true,"valueName":"search_term_string"}}],"inLanguage":"ca"},{"@type":"Organization","@id":"https:\/\/www.lafarga.com\/corporatiu\/#organization","name":"La Farga Gesti\u00f3 d&#039;Equipaments Municipals, SA","url":"https:\/\/www.lafarga.com\/corporatiu\/","logo":{"@type":"ImageObject","inLanguage":"ca","@id":"https:\/\/www.lafarga.com\/corporatiu\/#\/schema\/logo\/image\/","url":"https:\/\/www.lafarga.com\/corporatiu\/wp-content\/uploads\/2023\/11\/logotipo_lafarga_gemsa.svg","contentUrl":"https:\/\/www.lafarga.com\/corporatiu\/wp-content\/uploads\/2023\/11\/logotipo_lafarga_gemsa.svg","width":102,"height":103,"caption":"La Farga Gesti\u00f3 d&#039;Equipaments Municipals, SA"},"image":{"@id":"https:\/\/www.lafarga.com\/corporatiu\/#\/schema\/logo\/image\/"}},{"@type":"Person","@id":"https:\/\/www.lafarga.com\/corporatiu\/#\/schema\/person\/70d96fe17d0da1a9c9e80d232bdbcf33","name":"\u00d2scar Milla","image":{"@type":"ImageObject","inLanguage":"ca","@id":"https:\/\/secure.gravatar.com\/avatar\/92e75d184f9d5e0e403bd4ad075b080ad258344ddc259adddb579f6a3ba6494f?s=96&d=mm&r=g","url":"https:\/\/secure.gravatar.com\/avatar\/92e75d184f9d5e0e403bd4ad075b080ad258344ddc259adddb579f6a3ba6494f?s=96&d=mm&r=g","contentUrl":"https:\/\/secure.gravatar.com\/avatar\/92e75d184f9d5e0e403bd4ad075b080ad258344ddc259adddb579f6a3ba6494f?s=96&d=mm&r=g","caption":"\u00d2scar Milla"},"url":"https:\/\/www.lafarga.com\/corporatiu\/author\/omilla\/"}]}},"uagb_featured_image_src":{"full":["https:\/\/www.lafarga.com\/corporatiu\/wp-content\/uploads\/2015\/06\/Torre-Barrina-farga1.jpg",730,410,false],"thumbnail":["https:\/\/www.lafarga.com\/corporatiu\/wp-content\/uploads\/2015\/06\/Torre-Barrina-farga1-150x150.jpg",150,150,true],"medium":["https:\/\/www.lafarga.com\/corporatiu\/wp-content\/uploads\/2015\/06\/Torre-Barrina-farga1-300x168.jpg",300,168,true],"medium_large":["https:\/\/www.lafarga.com\/corporatiu\/wp-content\/uploads\/2015\/06\/Torre-Barrina-farga1.jpg",730,410,false],"large":["https:\/\/www.lafarga.com\/corporatiu\/wp-content\/uploads\/2015\/06\/Torre-Barrina-farga1.jpg",730,410,false],"1536x1536":["https:\/\/www.lafarga.com\/corporatiu\/wp-content\/uploads\/2015\/06\/Torre-Barrina-farga1.jpg",730,410,false],"2048x2048":["https:\/\/www.lafarga.com\/corporatiu\/wp-content\/uploads\/2015\/06\/Torre-Barrina-farga1.jpg",730,410,false],"mailpoet_newsletter_max":["https:\/\/www.lafarga.com\/corporatiu\/wp-content\/uploads\/2015\/06\/Torre-Barrina-farga1.jpg",730,410,false]},"uagb_author_info":{"display_name":"\u00d2scar Milla","author_link":"https:\/\/www.lafarga.com\/corporatiu\/author\/omilla\/"},"uagb_comment_info":0,"uagb_excerpt":"Per quart any consecutiu, Torre Barrina, Centre Municipal de Creaci\u00f3 Multim\u00e8dia de L\u2019Hospitalet, acollir\u00e0 \u2018L\u2019Espai de Debats\u2019 dins la Festa de la Diversitat que organitza la Comissi\u00f3 de Festes de Collblanc\u2013la Torrassa, en la seva vint-i-dosena edici\u00f3.","_links":{"self":[{"href":"https:\/\/www.lafarga.com\/corporatiu\/wp-json\/wp\/v2\/posts\/7290","targetHints":{"allow":["GET"]}}],"collection":[{"href":"https:\/\/www.lafarga.com\/corporatiu\/wp-json\/wp\/v2\/posts"}],"about":[{"href":"https:\/\/www.lafarga.com\/corporatiu\/wp-json\/wp\/v2\/types\/post"}],"author":[{"embeddable":true,"href":"https:\/\/www.lafarga.com\/corporatiu\/wp-json\/wp\/v2\/users\/5"}],"replies":[{"embeddable":true,"href":"https:\/\/www.lafarga.com\/corporatiu\/wp-json\/wp\/v2\/comments?post=7290"}],"version-history":[{"count":2,"href":"https:\/\/www.lafarga.com\/corporatiu\/wp-json\/wp\/v2\/posts\/7290\/revisions"}],"predecessor-version":[{"id":7294,"href":"https:\/\/www.lafarga.com\/corporatiu\/wp-json\/wp\/v2\/posts\/7290\/revisions\/7294"}],"wp:featuredmedia":[{"embeddable":true,"href":"https:\/\/www.lafarga.com\/corporatiu\/wp-json\/wp\/v2\/media\/4450"}],"wp:attachment":[{"href":"https:\/\/www.lafarga.com\/corporatiu\/wp-json\/wp\/v2\/media?parent=7290"}],"wp:term":[{"taxonomy":"category","embeddable":true,"href":"https:\/\/www.lafarga.com\/corporatiu\/wp-json\/wp\/v2\/categories?post=7290"},{"taxonomy":"post_tag","embeddable":true,"href":"https:\/\/www.lafarga.com\/corporatiu\/wp-json\/wp\/v2\/tags?post=7290"}],"curies":[{"name":"wp","href":"https:\/\/api.w.org\/{rel}","templated":true}]}}