{"id":7169,"date":"2016-05-12T15:36:06","date_gmt":"2016-05-12T15:36:06","guid":{"rendered":"http:\/\/www.lafarga.com\/corporatiu\/?p=7169"},"modified":"2016-05-12T15:36:06","modified_gmt":"2016-05-12T15:36:06","slug":"somos-una-ciudad-que-apuesta-por-la-innovacion-por-el-talento-y-por-la-nueva-economia","status":"publish","type":"post","link":"https:\/\/www.lafarga.com\/corporatiu\/somos-una-ciudad-que-apuesta-por-la-innovacion-por-el-talento-y-por-la-nueva-economia\/","title":{"rendered":"&#8216;Somos una ciudad que apuesta por la innovaci\u00f3n, por el talento y por la nueva econom\u00eda&#8217;"},"content":{"rendered":"<p>La alcaldesa de L&#8217; Hospitalet, N\u00faria Mar\u00edn, ha visitado hoy <a href=\"http:\/\/www.innova-barcelona.com\/\" target=\"_blank\">Innova, Feria Internacional de Innovaci\u00f3n, Investigaci\u00f3n y Nuevas Tecnolog\u00edas<\/a>, que se celebra en La Farga de L&#8217;Hospitalet hasta el s\u00e1bado, 14 de mayo.<\/p>\n<p>Esta es la primera vez que La Farga Centro de Actividades acoge este sal\u00f3n, que se hab\u00eda celebrado en Bruselas en las 64 ediciones anteriores, un hecho que la alcaldesa ha valorado de manera muy positiva. <em>&#8220;Estoy contenta de que Innova aterrice en L&#8217;Hospitalet, una ciudad que apuesta por la innovaci\u00f3n, por el talento y por la nueva econom\u00eda. Deseo que sea todo un \u00e9xito y que tenga la misma proyecci\u00f3n que han tenido otros salones que han elegido este espacio de La Farga&#8221;<\/em>.<\/p>\n<p>Noticia relacionada. <a href=\"http:\/\/www.lafargalhospitalet.com\/nuria-marin-deseo-que-innova-tenga-la-misma-proyeccion-de-otros-salones-que-han-escogido-la-farga\/\" target=\"_blank\">N\u00faria Mar\u00edn: &#8216;Deseo que Innova tenga la misma proyecci\u00f3n de otros salones que han elegido La Farga&#8217;<\/a>.<\/p>\n","protected":false},"excerpt":{"rendered":"<p>La alcaldesa de L&#8217; Hospitalet, N\u00faria Mar\u00edn, ha visitado hoy Innova, Feria Internacional de Innovaci\u00f3n, Investigaci\u00f3n y Nuevas Tecnolog\u00edas, que se celebra en La Farga de L&#8217;Hospitalet hasta el s\u00e1bado, 14 de mayo.<\/p>\n","protected":false},"author":5,"featured_media":7167,"comment_status":"closed","ping_status":"closed","sticky":false,"template":"","format":"standard","meta":{"inline_featured_image":false,"_uag_custom_page_level_css":"","_monsterinsights_skip_tracking":false,"_monsterinsights_sitenote_active":false,"_monsterinsights_sitenote_note":"","_monsterinsights_sitenote_category":0,"site-sidebar-layout":"default","site-content-layout":"","ast-site-content-layout":"default","site-content-style":"default","site-sidebar-style":"default","ast-global-header-display":"","ast-banner-title-visibility":"","ast-main-header-display":"","ast-hfb-above-header-display":"","ast-hfb-below-header-display":"","ast-hfb-mobile-header-display":"","site-post-title":"","ast-breadcrumbs-content":"","ast-featured-img":"","footer-sml-layout":"","ast-disable-related-posts":"","theme-transparent-header-meta":"","adv-header-id-meta":"","stick-header-meta":"","header-above-stick-meta":"","header-main-stick-meta":"","header-below-stick-meta":"","astra-migrate-meta-layouts":"default","ast-page-background-enabled":"default","ast-page-background-meta":{"desktop":{"background-color":"var(--ast-global-color-4)","background-image":"","background-repeat":"repeat","background-position":"center center","background-size":"auto","background-attachment":"scroll","background-type":"","background-media":"","overlay-type":"","overlay-color":"","overlay-opacity":"","overlay-gradient":""},"tablet":{"background-color":"","background-image":"","background-repeat":"repeat","background-position":"center center","background-size":"auto","background-attachment":"scroll","background-type":"","background-media":"","overlay-type":"","overlay-color":"","overlay-opacity":"","overlay-gradient":""},"mobile":{"background-color":"","background-image":"","background-repeat":"repeat","background-position":"center center","background-size":"auto","background-attachment":"scroll","background-type":"","background-media":"","overlay-type":"","overlay-color":"","overlay-opacity":"","overlay-gradient":""}},"ast-content-background-meta":{"desktop":{"background-color":"var(--ast-global-color-5)","background-image":"","background-repeat":"repeat","background-position":"center center","background-size":"auto","background-attachment":"scroll","background-type":"","background-media":"","overlay-type":"","overlay-color":"","overlay-opacity":"","overlay-gradient":""},"tablet":{"background-color":"var(--ast-global-color-5)","background-image":"","background-repeat":"repeat","background-position":"center center","background-size":"auto","background-attachment":"scroll","background-type":"","background-media":"","overlay-type":"","overlay-color":"","overlay-opacity":"","overlay-gradient":""},"mobile":{"background-color":"var(--ast-global-color-5)","background-image":"","background-repeat":"repeat","background-position":"center center","background-size":"auto","background-attachment":"scroll","background-type":"","background-media":"","overlay-type":"","overlay-color":"","overlay-opacity":"","overlay-gradient":""}},"footnotes":""},"categories":[73],"tags":[],"class_list":["post-7169","post","type-post","status-publish","format-standard","has-post-thumbnail","hentry","category-centro-de-actividades"],"yoast_head":"<!-- This site is optimized with the Yoast SEO plugin v27.4 - https:\/\/yoast.com\/product\/yoast-seo-wordpress\/ -->\n<title>&#039;Somos una ciudad que apuesta por la innovaci\u00f3n, por el talento y por la nueva econom\u00eda&#039; - La Farga Gesti\u00f3n de Equipamientos Municipales, S.A.<\/title>\n<meta name=\"description\" content=\"L\u2019alcaldessa de L&#039;H, N\u00faria Mar\u00edn, ha visitat avui Innova, Fira Internacional d\u2019Innovaci\u00f3, Investigaci\u00f3 i Noves Tecnologies, que se celebra a La Farga.\" \/>\n<meta name=\"robots\" content=\"index, follow, max-snippet:-1, max-image-preview:large, max-video-preview:-1\" \/>\n<link rel=\"canonical\" href=\"https:\/\/www.lafarga.com\/corporatiu\/somos-una-ciudad-que-apuesta-por-la-innovacion-por-el-talento-y-por-la-nueva-economia\/\" \/>\n<meta property=\"og:locale\" content=\"ca_ES\" \/>\n<meta property=\"og:type\" content=\"article\" \/>\n<meta property=\"og:title\" content=\"&#039;Somos una ciudad que apuesta por la innovaci\u00f3n, por el talento y por la nueva econom\u00eda&#039; - La Farga Gesti\u00f3n de Equipamientos Municipales, S.A.\" \/>\n<meta property=\"og:description\" content=\"L\u2019alcaldessa de L&#039;H, N\u00faria Mar\u00edn, ha visitat avui Innova, Fira Internacional d\u2019Innovaci\u00f3, Investigaci\u00f3 i Noves Tecnologies, que se celebra a La Farga.\" \/>\n<meta property=\"og:url\" content=\"https:\/\/www.lafarga.com\/corporatiu\/somos-una-ciudad-que-apuesta-por-la-innovacion-por-el-talento-y-por-la-nueva-economia\/\" \/>\n<meta property=\"og:site_name\" content=\"La Farga Gesti\u00f3n de Equipamientos Municipales, S.A.\" \/>\n<meta property=\"article:published_time\" content=\"2016-05-12T15:36:06+00:00\" \/>\n<meta property=\"og:image\" content=\"https:\/\/www.lafarga.com\/corporatiu\/wp-content\/uploads\/2016\/05\/Innova-LaFarga-Nuria-Marin.jpg\" \/>\n\t<meta property=\"og:image:width\" content=\"730\" \/>\n\t<meta property=\"og:image:height\" content=\"410\" \/>\n\t<meta property=\"og:image:type\" content=\"image\/jpeg\" \/>\n<meta name=\"author\" content=\"\u00d2scar Milla\" \/>\n<meta name=\"twitter:label1\" content=\"Escrit per\" \/>\n\t<meta name=\"twitter:data1\" content=\"\u00d2scar Milla\" \/>\n\t<meta name=\"twitter:label2\" content=\"Temps estimat de lectura\" \/>\n\t<meta name=\"twitter:data2\" content=\"1 minut\" \/>\n<script type=\"application\/ld+json\" class=\"yoast-schema-graph\">{\"@context\":\"https:\\\/\\\/schema.org\",\"@graph\":[{\"@type\":\"Article\",\"@id\":\"https:\\\/\\\/www.lafarga.com\\\/corporatiu\\\/somos-una-ciudad-que-apuesta-por-la-innovacion-por-el-talento-y-por-la-nueva-economia\\\/#article\",\"isPartOf\":{\"@id\":\"https:\\\/\\\/www.lafarga.com\\\/corporatiu\\\/somos-una-ciudad-que-apuesta-por-la-innovacion-por-el-talento-y-por-la-nueva-economia\\\/\"},\"author\":{\"name\":\"\u00d2scar Milla\",\"@id\":\"https:\\\/\\\/www.lafarga.com\\\/corporatiu\\\/#\\\/schema\\\/person\\\/70d96fe17d0da1a9c9e80d232bdbcf33\"},\"headline\":\"&#8216;Somos una ciudad que apuesta por la innovaci\u00f3n, por el talento y por la nueva econom\u00eda&#8217;\",\"datePublished\":\"2016-05-12T15:36:06+00:00\",\"mainEntityOfPage\":{\"@id\":\"https:\\\/\\\/www.lafarga.com\\\/corporatiu\\\/somos-una-ciudad-que-apuesta-por-la-innovacion-por-el-talento-y-por-la-nueva-economia\\\/\"},\"wordCount\":168,\"publisher\":{\"@id\":\"https:\\\/\\\/www.lafarga.com\\\/corporatiu\\\/#organization\"},\"image\":{\"@id\":\"https:\\\/\\\/www.lafarga.com\\\/corporatiu\\\/somos-una-ciudad-que-apuesta-por-la-innovacion-por-el-talento-y-por-la-nueva-economia\\\/#primaryimage\"},\"thumbnailUrl\":\"https:\\\/\\\/www.lafarga.com\\\/corporatiu\\\/wp-content\\\/uploads\\\/2016\\\/05\\\/Innova-LaFarga-Nuria-Marin.jpg\",\"articleSection\":[\"Centro de Actividades\"],\"inLanguage\":\"ca\"},{\"@type\":\"WebPage\",\"@id\":\"https:\\\/\\\/www.lafarga.com\\\/corporatiu\\\/somos-una-ciudad-que-apuesta-por-la-innovacion-por-el-talento-y-por-la-nueva-economia\\\/\",\"url\":\"https:\\\/\\\/www.lafarga.com\\\/corporatiu\\\/somos-una-ciudad-que-apuesta-por-la-innovacion-por-el-talento-y-por-la-nueva-economia\\\/\",\"name\":\"'Somos una ciudad que apuesta por la innovaci\u00f3n, por el talento y por la nueva econom\u00eda' - La Farga Gesti\u00f3n de Equipamientos Municipales, S.A.\",\"isPartOf\":{\"@id\":\"https:\\\/\\\/www.lafarga.com\\\/corporatiu\\\/#website\"},\"primaryImageOfPage\":{\"@id\":\"https:\\\/\\\/www.lafarga.com\\\/corporatiu\\\/somos-una-ciudad-que-apuesta-por-la-innovacion-por-el-talento-y-por-la-nueva-economia\\\/#primaryimage\"},\"image\":{\"@id\":\"https:\\\/\\\/www.lafarga.com\\\/corporatiu\\\/somos-una-ciudad-que-apuesta-por-la-innovacion-por-el-talento-y-por-la-nueva-economia\\\/#primaryimage\"},\"thumbnailUrl\":\"https:\\\/\\\/www.lafarga.com\\\/corporatiu\\\/wp-content\\\/uploads\\\/2016\\\/05\\\/Innova-LaFarga-Nuria-Marin.jpg\",\"datePublished\":\"2016-05-12T15:36:06+00:00\",\"description\":\"L\u2019alcaldessa de L'H, N\u00faria Mar\u00edn, ha visitat avui Innova, Fira Internacional d\u2019Innovaci\u00f3, Investigaci\u00f3 i Noves Tecnologies, que se celebra a La Farga.\",\"breadcrumb\":{\"@id\":\"https:\\\/\\\/www.lafarga.com\\\/corporatiu\\\/somos-una-ciudad-que-apuesta-por-la-innovacion-por-el-talento-y-por-la-nueva-economia\\\/#breadcrumb\"},\"inLanguage\":\"ca\",\"potentialAction\":[{\"@type\":\"ReadAction\",\"target\":[\"https:\\\/\\\/www.lafarga.com\\\/corporatiu\\\/somos-una-ciudad-que-apuesta-por-la-innovacion-por-el-talento-y-por-la-nueva-economia\\\/\"]}]},{\"@type\":\"ImageObject\",\"inLanguage\":\"ca\",\"@id\":\"https:\\\/\\\/www.lafarga.com\\\/corporatiu\\\/somos-una-ciudad-que-apuesta-por-la-innovacion-por-el-talento-y-por-la-nueva-economia\\\/#primaryimage\",\"url\":\"https:\\\/\\\/www.lafarga.com\\\/corporatiu\\\/wp-content\\\/uploads\\\/2016\\\/05\\\/Innova-LaFarga-Nuria-Marin.jpg\",\"contentUrl\":\"https:\\\/\\\/www.lafarga.com\\\/corporatiu\\\/wp-content\\\/uploads\\\/2016\\\/05\\\/Innova-LaFarga-Nuria-Marin.jpg\",\"width\":730,\"height\":410},{\"@type\":\"BreadcrumbList\",\"@id\":\"https:\\\/\\\/www.lafarga.com\\\/corporatiu\\\/somos-una-ciudad-que-apuesta-por-la-innovacion-por-el-talento-y-por-la-nueva-economia\\\/#breadcrumb\",\"itemListElement\":[{\"@type\":\"ListItem\",\"position\":1,\"name\":\"Home\",\"item\":\"https:\\\/\\\/www.lafarga.com\\\/corporatiu\\\/lafarga-hospitalet-llobregat\\\/\"},{\"@type\":\"ListItem\",\"position\":2,\"name\":\"&#8216;Somos una ciudad que apuesta por la innovaci\u00f3n, por el talento y por la nueva econom\u00eda&#8217;\"}]},{\"@type\":\"WebSite\",\"@id\":\"https:\\\/\\\/www.lafarga.com\\\/corporatiu\\\/#website\",\"url\":\"https:\\\/\\\/www.lafarga.com\\\/corporatiu\\\/\",\"name\":\"La Farga Gesti\u00f3 d&#039;Equipaments Municipals, SA\",\"description\":\"\",\"publisher\":{\"@id\":\"https:\\\/\\\/www.lafarga.com\\\/corporatiu\\\/#organization\"},\"potentialAction\":[{\"@type\":\"SearchAction\",\"target\":{\"@type\":\"EntryPoint\",\"urlTemplate\":\"https:\\\/\\\/www.lafarga.com\\\/corporatiu\\\/?s={search_term_string}\"},\"query-input\":{\"@type\":\"PropertyValueSpecification\",\"valueRequired\":true,\"valueName\":\"search_term_string\"}}],\"inLanguage\":\"ca\"},{\"@type\":\"Organization\",\"@id\":\"https:\\\/\\\/www.lafarga.com\\\/corporatiu\\\/#organization\",\"name\":\"La Farga Gesti\u00f3 d&#039;Equipaments Municipals, SA\",\"url\":\"https:\\\/\\\/www.lafarga.com\\\/corporatiu\\\/\",\"logo\":{\"@type\":\"ImageObject\",\"inLanguage\":\"ca\",\"@id\":\"https:\\\/\\\/www.lafarga.com\\\/corporatiu\\\/#\\\/schema\\\/logo\\\/image\\\/\",\"url\":\"https:\\\/\\\/www.lafarga.com\\\/corporatiu\\\/wp-content\\\/uploads\\\/2023\\\/11\\\/logotipo_lafarga_gemsa.svg\",\"contentUrl\":\"https:\\\/\\\/www.lafarga.com\\\/corporatiu\\\/wp-content\\\/uploads\\\/2023\\\/11\\\/logotipo_lafarga_gemsa.svg\",\"width\":102,\"height\":103,\"caption\":\"La Farga Gesti\u00f3 d&#039;Equipaments Municipals, SA\"},\"image\":{\"@id\":\"https:\\\/\\\/www.lafarga.com\\\/corporatiu\\\/#\\\/schema\\\/logo\\\/image\\\/\"}},{\"@type\":\"Person\",\"@id\":\"https:\\\/\\\/www.lafarga.com\\\/corporatiu\\\/#\\\/schema\\\/person\\\/70d96fe17d0da1a9c9e80d232bdbcf33\",\"name\":\"\u00d2scar Milla\",\"image\":{\"@type\":\"ImageObject\",\"inLanguage\":\"ca\",\"@id\":\"https:\\\/\\\/secure.gravatar.com\\\/avatar\\\/92e75d184f9d5e0e403bd4ad075b080ad258344ddc259adddb579f6a3ba6494f?s=96&d=mm&r=g\",\"url\":\"https:\\\/\\\/secure.gravatar.com\\\/avatar\\\/92e75d184f9d5e0e403bd4ad075b080ad258344ddc259adddb579f6a3ba6494f?s=96&d=mm&r=g\",\"contentUrl\":\"https:\\\/\\\/secure.gravatar.com\\\/avatar\\\/92e75d184f9d5e0e403bd4ad075b080ad258344ddc259adddb579f6a3ba6494f?s=96&d=mm&r=g\",\"caption\":\"\u00d2scar Milla\"},\"url\":\"https:\\\/\\\/www.lafarga.com\\\/corporatiu\\\/author\\\/omilla\\\/\"}]}<\/script>\n<!-- \/ Yoast SEO plugin. -->","yoast_head_json":{"title":"'Somos una ciudad que apuesta por la innovaci\u00f3n, por el talento y por la nueva econom\u00eda' - La Farga Gesti\u00f3n de Equipamientos Municipales, S.A.","description":"L\u2019alcaldessa de L'H, N\u00faria Mar\u00edn, ha visitat avui Innova, Fira Internacional d\u2019Innovaci\u00f3, Investigaci\u00f3 i Noves Tecnologies, que se celebra a La Farga.","robots":{"index":"index","follow":"follow","max-snippet":"max-snippet:-1","max-image-preview":"max-image-preview:large","max-video-preview":"max-video-preview:-1"},"canonical":"https:\/\/www.lafarga.com\/corporatiu\/somos-una-ciudad-que-apuesta-por-la-innovacion-por-el-talento-y-por-la-nueva-economia\/","og_locale":"ca_ES","og_type":"article","og_title":"'Somos una ciudad que apuesta por la innovaci\u00f3n, por el talento y por la nueva econom\u00eda' - La Farga Gesti\u00f3n de Equipamientos Municipales, S.A.","og_description":"L\u2019alcaldessa de L'H, N\u00faria Mar\u00edn, ha visitat avui Innova, Fira Internacional d\u2019Innovaci\u00f3, Investigaci\u00f3 i Noves Tecnologies, que se celebra a La Farga.","og_url":"https:\/\/www.lafarga.com\/corporatiu\/somos-una-ciudad-que-apuesta-por-la-innovacion-por-el-talento-y-por-la-nueva-economia\/","og_site_name":"La Farga Gesti\u00f3n de Equipamientos Municipales, S.A.","article_published_time":"2016-05-12T15:36:06+00:00","og_image":[{"width":730,"height":410,"url":"https:\/\/www.lafarga.com\/corporatiu\/wp-content\/uploads\/2016\/05\/Innova-LaFarga-Nuria-Marin.jpg","type":"image\/jpeg"}],"author":"\u00d2scar Milla","twitter_misc":{"Escrit per":"\u00d2scar Milla","Temps estimat de lectura":"1 minut"},"schema":{"@context":"https:\/\/schema.org","@graph":[{"@type":"Article","@id":"https:\/\/www.lafarga.com\/corporatiu\/somos-una-ciudad-que-apuesta-por-la-innovacion-por-el-talento-y-por-la-nueva-economia\/#article","isPartOf":{"@id":"https:\/\/www.lafarga.com\/corporatiu\/somos-una-ciudad-que-apuesta-por-la-innovacion-por-el-talento-y-por-la-nueva-economia\/"},"author":{"name":"\u00d2scar Milla","@id":"https:\/\/www.lafarga.com\/corporatiu\/#\/schema\/person\/70d96fe17d0da1a9c9e80d232bdbcf33"},"headline":"&#8216;Somos una ciudad que apuesta por la innovaci\u00f3n, por el talento y por la nueva econom\u00eda&#8217;","datePublished":"2016-05-12T15:36:06+00:00","mainEntityOfPage":{"@id":"https:\/\/www.lafarga.com\/corporatiu\/somos-una-ciudad-que-apuesta-por-la-innovacion-por-el-talento-y-por-la-nueva-economia\/"},"wordCount":168,"publisher":{"@id":"https:\/\/www.lafarga.com\/corporatiu\/#organization"},"image":{"@id":"https:\/\/www.lafarga.com\/corporatiu\/somos-una-ciudad-que-apuesta-por-la-innovacion-por-el-talento-y-por-la-nueva-economia\/#primaryimage"},"thumbnailUrl":"https:\/\/www.lafarga.com\/corporatiu\/wp-content\/uploads\/2016\/05\/Innova-LaFarga-Nuria-Marin.jpg","articleSection":["Centro de Actividades"],"inLanguage":"ca"},{"@type":"WebPage","@id":"https:\/\/www.lafarga.com\/corporatiu\/somos-una-ciudad-que-apuesta-por-la-innovacion-por-el-talento-y-por-la-nueva-economia\/","url":"https:\/\/www.lafarga.com\/corporatiu\/somos-una-ciudad-que-apuesta-por-la-innovacion-por-el-talento-y-por-la-nueva-economia\/","name":"'Somos una ciudad que apuesta por la innovaci\u00f3n, por el talento y por la nueva econom\u00eda' - La Farga Gesti\u00f3n de Equipamientos Municipales, S.A.","isPartOf":{"@id":"https:\/\/www.lafarga.com\/corporatiu\/#website"},"primaryImageOfPage":{"@id":"https:\/\/www.lafarga.com\/corporatiu\/somos-una-ciudad-que-apuesta-por-la-innovacion-por-el-talento-y-por-la-nueva-economia\/#primaryimage"},"image":{"@id":"https:\/\/www.lafarga.com\/corporatiu\/somos-una-ciudad-que-apuesta-por-la-innovacion-por-el-talento-y-por-la-nueva-economia\/#primaryimage"},"thumbnailUrl":"https:\/\/www.lafarga.com\/corporatiu\/wp-content\/uploads\/2016\/05\/Innova-LaFarga-Nuria-Marin.jpg","datePublished":"2016-05-12T15:36:06+00:00","description":"L\u2019alcaldessa de L'H, N\u00faria Mar\u00edn, ha visitat avui Innova, Fira Internacional d\u2019Innovaci\u00f3, Investigaci\u00f3 i Noves Tecnologies, que se celebra a La Farga.","breadcrumb":{"@id":"https:\/\/www.lafarga.com\/corporatiu\/somos-una-ciudad-que-apuesta-por-la-innovacion-por-el-talento-y-por-la-nueva-economia\/#breadcrumb"},"inLanguage":"ca","potentialAction":[{"@type":"ReadAction","target":["https:\/\/www.lafarga.com\/corporatiu\/somos-una-ciudad-que-apuesta-por-la-innovacion-por-el-talento-y-por-la-nueva-economia\/"]}]},{"@type":"ImageObject","inLanguage":"ca","@id":"https:\/\/www.lafarga.com\/corporatiu\/somos-una-ciudad-que-apuesta-por-la-innovacion-por-el-talento-y-por-la-nueva-economia\/#primaryimage","url":"https:\/\/www.lafarga.com\/corporatiu\/wp-content\/uploads\/2016\/05\/Innova-LaFarga-Nuria-Marin.jpg","contentUrl":"https:\/\/www.lafarga.com\/corporatiu\/wp-content\/uploads\/2016\/05\/Innova-LaFarga-Nuria-Marin.jpg","width":730,"height":410},{"@type":"BreadcrumbList","@id":"https:\/\/www.lafarga.com\/corporatiu\/somos-una-ciudad-que-apuesta-por-la-innovacion-por-el-talento-y-por-la-nueva-economia\/#breadcrumb","itemListElement":[{"@type":"ListItem","position":1,"name":"Home","item":"https:\/\/www.lafarga.com\/corporatiu\/lafarga-hospitalet-llobregat\/"},{"@type":"ListItem","position":2,"name":"&#8216;Somos una ciudad que apuesta por la innovaci\u00f3n, por el talento y por la nueva econom\u00eda&#8217;"}]},{"@type":"WebSite","@id":"https:\/\/www.lafarga.com\/corporatiu\/#website","url":"https:\/\/www.lafarga.com\/corporatiu\/","name":"La Farga Gesti\u00f3 d&#039;Equipaments Municipals, SA","description":"","publisher":{"@id":"https:\/\/www.lafarga.com\/corporatiu\/#organization"},"potentialAction":[{"@type":"SearchAction","target":{"@type":"EntryPoint","urlTemplate":"https:\/\/www.lafarga.com\/corporatiu\/?s={search_term_string}"},"query-input":{"@type":"PropertyValueSpecification","valueRequired":true,"valueName":"search_term_string"}}],"inLanguage":"ca"},{"@type":"Organization","@id":"https:\/\/www.lafarga.com\/corporatiu\/#organization","name":"La Farga Gesti\u00f3 d&#039;Equipaments Municipals, SA","url":"https:\/\/www.lafarga.com\/corporatiu\/","logo":{"@type":"ImageObject","inLanguage":"ca","@id":"https:\/\/www.lafarga.com\/corporatiu\/#\/schema\/logo\/image\/","url":"https:\/\/www.lafarga.com\/corporatiu\/wp-content\/uploads\/2023\/11\/logotipo_lafarga_gemsa.svg","contentUrl":"https:\/\/www.lafarga.com\/corporatiu\/wp-content\/uploads\/2023\/11\/logotipo_lafarga_gemsa.svg","width":102,"height":103,"caption":"La Farga Gesti\u00f3 d&#039;Equipaments Municipals, SA"},"image":{"@id":"https:\/\/www.lafarga.com\/corporatiu\/#\/schema\/logo\/image\/"}},{"@type":"Person","@id":"https:\/\/www.lafarga.com\/corporatiu\/#\/schema\/person\/70d96fe17d0da1a9c9e80d232bdbcf33","name":"\u00d2scar Milla","image":{"@type":"ImageObject","inLanguage":"ca","@id":"https:\/\/secure.gravatar.com\/avatar\/92e75d184f9d5e0e403bd4ad075b080ad258344ddc259adddb579f6a3ba6494f?s=96&d=mm&r=g","url":"https:\/\/secure.gravatar.com\/avatar\/92e75d184f9d5e0e403bd4ad075b080ad258344ddc259adddb579f6a3ba6494f?s=96&d=mm&r=g","contentUrl":"https:\/\/secure.gravatar.com\/avatar\/92e75d184f9d5e0e403bd4ad075b080ad258344ddc259adddb579f6a3ba6494f?s=96&d=mm&r=g","caption":"\u00d2scar Milla"},"url":"https:\/\/www.lafarga.com\/corporatiu\/author\/omilla\/"}]}},"uagb_featured_image_src":{"full":["https:\/\/www.lafarga.com\/corporatiu\/wp-content\/uploads\/2016\/05\/Innova-LaFarga-Nuria-Marin.jpg",730,410,false],"thumbnail":["https:\/\/www.lafarga.com\/corporatiu\/wp-content\/uploads\/2016\/05\/Innova-LaFarga-Nuria-Marin-150x150.jpg",150,150,true],"medium":["https:\/\/www.lafarga.com\/corporatiu\/wp-content\/uploads\/2016\/05\/Innova-LaFarga-Nuria-Marin-300x168.jpg",300,168,true],"medium_large":["https:\/\/www.lafarga.com\/corporatiu\/wp-content\/uploads\/2016\/05\/Innova-LaFarga-Nuria-Marin.jpg",730,410,false],"large":["https:\/\/www.lafarga.com\/corporatiu\/wp-content\/uploads\/2016\/05\/Innova-LaFarga-Nuria-Marin.jpg",730,410,false],"1536x1536":["https:\/\/www.lafarga.com\/corporatiu\/wp-content\/uploads\/2016\/05\/Innova-LaFarga-Nuria-Marin.jpg",730,410,false],"2048x2048":["https:\/\/www.lafarga.com\/corporatiu\/wp-content\/uploads\/2016\/05\/Innova-LaFarga-Nuria-Marin.jpg",730,410,false],"mailpoet_newsletter_max":["https:\/\/www.lafarga.com\/corporatiu\/wp-content\/uploads\/2016\/05\/Innova-LaFarga-Nuria-Marin.jpg",730,410,false]},"uagb_author_info":{"display_name":"\u00d2scar Milla","author_link":"https:\/\/www.lafarga.com\/corporatiu\/author\/omilla\/"},"uagb_comment_info":0,"uagb_excerpt":"La alcaldesa de L' Hospitalet, N\u00faria Mar\u00edn, ha visitado hoy Innova, Feria Internacional de Innovaci\u00f3n, Investigaci\u00f3n y Nuevas Tecnolog\u00edas, que se celebra en La Farga de L'Hospitalet hasta el s\u00e1bado, 14 de mayo.","_links":{"self":[{"href":"https:\/\/www.lafarga.com\/corporatiu\/wp-json\/wp\/v2\/posts\/7169","targetHints":{"allow":["GET"]}}],"collection":[{"href":"https:\/\/www.lafarga.com\/corporatiu\/wp-json\/wp\/v2\/posts"}],"about":[{"href":"https:\/\/www.lafarga.com\/corporatiu\/wp-json\/wp\/v2\/types\/post"}],"author":[{"embeddable":true,"href":"https:\/\/www.lafarga.com\/corporatiu\/wp-json\/wp\/v2\/users\/5"}],"replies":[{"embeddable":true,"href":"https:\/\/www.lafarga.com\/corporatiu\/wp-json\/wp\/v2\/comments?post=7169"}],"version-history":[{"count":1,"href":"https:\/\/www.lafarga.com\/corporatiu\/wp-json\/wp\/v2\/posts\/7169\/revisions"}],"predecessor-version":[{"id":7171,"href":"https:\/\/www.lafarga.com\/corporatiu\/wp-json\/wp\/v2\/posts\/7169\/revisions\/7171"}],"wp:featuredmedia":[{"embeddable":true,"href":"https:\/\/www.lafarga.com\/corporatiu\/wp-json\/wp\/v2\/media\/7167"}],"wp:attachment":[{"href":"https:\/\/www.lafarga.com\/corporatiu\/wp-json\/wp\/v2\/media?parent=7169"}],"wp:term":[{"taxonomy":"category","embeddable":true,"href":"https:\/\/www.lafarga.com\/corporatiu\/wp-json\/wp\/v2\/categories?post=7169"},{"taxonomy":"post_tag","embeddable":true,"href":"https:\/\/www.lafarga.com\/corporatiu\/wp-json\/wp\/v2\/tags?post=7169"}],"curies":[{"name":"wp","href":"https:\/\/api.w.org\/{rel}","templated":true}]}}