{"id":7158,"date":"2016-05-11T08:51:20","date_gmt":"2016-05-11T08:51:20","guid":{"rendered":"http:\/\/www.lafarga.com\/corporatiu\/?p=7158"},"modified":"2016-05-11T11:32:21","modified_gmt":"2016-05-11T11:32:21","slug":"la-farga-de-lhospitalet-abre-las-puertas-al-salon-innova","status":"publish","type":"post","link":"https:\/\/www.lafarga.com\/corporatiu\/la-farga-de-lhospitalet-abre-las-puertas-al-salon-innova\/","title":{"rendered":"La Farga de L\u2019Hospitalet abre las puertas al Sal\u00f3n Innova"},"content":{"rendered":"<p>Todo listo en La Farga de L&#8217;Hospitalet para recibir por primera vez el <a href=\"http:\/\/www.innova-barcelona.com\/\" target=\"_blank\">Sal\u00f3n Innova, Feria Internacional de Innovaci\u00f3n, Investigaci\u00f3n y Nuevas Tecnolog\u00edas<\/a>.<br \/>\nDurante tres d\u00edas el recinto de <a href=\"http:\/\/www.lafargalhospitalet.com\/centro-actividades-hospitalet-barcelona\/\" target=\"_blank\">La Farga Centro de Actividades<\/a> es escenario de este certamen que durante 64 ediciones se ha celebrado en Bruselas.<\/p>\n<p><a href=\"http:\/\/www.conceptum.eu\/\" target=\"_blank\">Conceptum Spain<\/a> y La Farga de L&#8217;Hospitalet organizan esta muestra, de 4.000 metros cuadrados, actual referente en el \u00e1mbito de la innovaci\u00f3n, investigaci\u00f3n y nuevas tecnolog\u00edas, adem\u00e1s de ser un gran escaparate universal que re\u00fane j\u00f3venes inventores, emprendedores, empresas y instituciones m\u00e1s activas en I+D.<\/p>\n<p>A partir de este jueves, 12 de mayo, y hasta el s\u00e1bado La Farga acoger\u00e1 visitantes de m\u00e1s de 20 pa\u00edses en una cita imprescindible para aquellas empresas vinculadas a la innovaci\u00f3n o en busca de talentos, as\u00ed como para aquellos que quieran conocer nuevos ambientes, prototipos originales, o bien estar informados de los \u00faltimos avances en el \u00e1mbito de la innovaci\u00f3n tecnol\u00f3gica.<\/p>\n<p>En Innova se ir\u00e1n celebrando diferentes conferencias, charlas y mesas redondas en dos espacios: <em>Innova Live<\/em> y <em>Innova Speech<\/em>.<br \/>\nLa primera ponencia del sal\u00f3n, jueves 12 (9:30h), ir\u00e1 a cargo de Pedro Rojas, consultor especialista en estrategia digital, y hablar\u00e1 sobre la &#8220;Innovaci\u00f3n, redes sociales y emprendimiento&#8221;.<\/p>\n<p>En el espacio <em>Innova Live<\/em> el profesor Jos\u00e9 Mar\u00eda Gay de Li\u00e9bana abrir\u00e1 la ponencia inaugural del viernes (9:30h) con el t\u00edtulo &#8220;La innovaci\u00f3n, fuente de oportunidades&#8221;.<\/p>\n<p>En el marco de este sal\u00f3n tambi\u00e9n habr\u00e1 el acto de entrega de los Premios Eureka, que se har\u00e1 viernes por la noche en el Palauet de Can Buxeres. Eureka es el certamen internacional de reconocimiento a los mejores proyectos presentados en el Sal\u00f3n Innova. Un jurado profesional formado por numerosos empresarios y cient\u00edficos de diversos \u00e1mbitos y sectores es el encargado de valorar los proyectos y otorgar los galardones.<\/p>\n<p><strong>Noticias y enlaces relacionados<\/strong><\/p>\n<ul>\n<li><a href=\"http:\/\/www.lafargalhospitalet.com\/queremos-posicionar-catalunya-en-el-ambito-de-la-innovacion\/\" target=\"_blank\">&#8220;Queremos posicionar Catalu\u00f1a en el \u00e1mbito de la innovaci\u00f3n&#8221;<\/a><\/li>\n<li><a href=\"http:\/\/www.lafargalhospitalet.com\/gay-de-liebana-presente-en-el-salon-innova-de-la-farga\/\" target=\"_blank\">Gay de Li\u00e9bana, presente en el Sal\u00f3n Innova de La Farga<\/a><\/li>\n<li><a href=\"http:\/\/www.innova-barcelona.com\/innova-live\/\" target=\"_blank\">Programa de ponencias Innova Live<\/a><\/li>\n<li><a href=\"http:\/\/www.innova-barcelona.com\/innova-speech\/\" target=\"_blank\">Programa de ponencias Innova Speech<\/a><\/li>\n<li><a href=\"http:\/\/www.innova-barcelona.com\/wp-content\/uploads\/2016\/05\/Innovaciones.pdf\" target=\"_blank\">Premios Eureka. Listado de innovaciones<\/a><\/li>\n<li><a href=\"http:\/\/www.innova-barcelona.com\/jurado\/\" target=\"_blank\">Premios Eureka. Jurado<\/a><\/li>\n<\/ul>\n","protected":false},"excerpt":{"rendered":"<p>Todo listo en La Farga de L&#8217;Hospitalet para recibir por primera vez el Sal\u00f3n Innova, Feria Internacional de Innovaci\u00f3n, Investigaci\u00f3n y Nuevas Tecnolog\u00edas.<br \/>\nDurante tres d\u00edas el recinto de La Farga Centro de Actividades es escenario de este certamen que durante 64 ediciones se ha celebrado en Bruselas.<\/p>\n","protected":false},"author":5,"featured_media":7156,"comment_status":"closed","ping_status":"closed","sticky":false,"template":"","format":"standard","meta":{"inline_featured_image":false,"_uag_custom_page_level_css":"","_monsterinsights_skip_tracking":false,"_monsterinsights_sitenote_active":false,"_monsterinsights_sitenote_note":"","_monsterinsights_sitenote_category":0,"site-sidebar-layout":"default","site-content-layout":"","ast-site-content-layout":"default","site-content-style":"default","site-sidebar-style":"default","ast-global-header-display":"","ast-banner-title-visibility":"","ast-main-header-display":"","ast-hfb-above-header-display":"","ast-hfb-below-header-display":"","ast-hfb-mobile-header-display":"","site-post-title":"","ast-breadcrumbs-content":"","ast-featured-img":"","footer-sml-layout":"","ast-disable-related-posts":"","theme-transparent-header-meta":"","adv-header-id-meta":"","stick-header-meta":"","header-above-stick-meta":"","header-main-stick-meta":"","header-below-stick-meta":"","astra-migrate-meta-layouts":"default","ast-page-background-enabled":"default","ast-page-background-meta":{"desktop":{"background-color":"var(--ast-global-color-4)","background-image":"","background-repeat":"repeat","background-position":"center center","background-size":"auto","background-attachment":"scroll","background-type":"","background-media":"","overlay-type":"","overlay-color":"","overlay-opacity":"","overlay-gradient":""},"tablet":{"background-color":"","background-image":"","background-repeat":"repeat","background-position":"center center","background-size":"auto","background-attachment":"scroll","background-type":"","background-media":"","overlay-type":"","overlay-color":"","overlay-opacity":"","overlay-gradient":""},"mobile":{"background-color":"","background-image":"","background-repeat":"repeat","background-position":"center center","background-size":"auto","background-attachment":"scroll","background-type":"","background-media":"","overlay-type":"","overlay-color":"","overlay-opacity":"","overlay-gradient":""}},"ast-content-background-meta":{"desktop":{"background-color":"var(--ast-global-color-5)","background-image":"","background-repeat":"repeat","background-position":"center center","background-size":"auto","background-attachment":"scroll","background-type":"","background-media":"","overlay-type":"","overlay-color":"","overlay-opacity":"","overlay-gradient":""},"tablet":{"background-color":"var(--ast-global-color-5)","background-image":"","background-repeat":"repeat","background-position":"center center","background-size":"auto","background-attachment":"scroll","background-type":"","background-media":"","overlay-type":"","overlay-color":"","overlay-opacity":"","overlay-gradient":""},"mobile":{"background-color":"var(--ast-global-color-5)","background-image":"","background-repeat":"repeat","background-position":"center center","background-size":"auto","background-attachment":"scroll","background-type":"","background-media":"","overlay-type":"","overlay-color":"","overlay-opacity":"","overlay-gradient":""}},"footnotes":""},"categories":[73],"tags":[],"class_list":["post-7158","post","type-post","status-publish","format-standard","has-post-thumbnail","hentry","category-centro-de-actividades"],"yoast_head":"<!-- This site is optimized with the Yoast SEO plugin v27.4 - https:\/\/yoast.com\/product\/yoast-seo-wordpress\/ -->\n<title>La Farga de L\u2019Hospitalet abre las puertas al Sal\u00f3n Innova - La Farga Gesti\u00f3n de Equipamientos Municipales, S.A.<\/title>\n<meta name=\"description\" content=\"Tot a punt a La Farga de L\u2019Hospitalet per rebre per primera vegada el Sal\u00f3 Innova, Fira Internacional d\u2019Innovaci\u00f3, Investigaci\u00f3 i Noves Tecnologies.\" \/>\n<meta name=\"robots\" content=\"index, follow, max-snippet:-1, max-image-preview:large, max-video-preview:-1\" \/>\n<link rel=\"canonical\" href=\"https:\/\/www.lafarga.com\/corporatiu\/la-farga-de-lhospitalet-abre-las-puertas-al-salon-innova\/\" \/>\n<meta property=\"og:locale\" content=\"ca_ES\" \/>\n<meta property=\"og:type\" content=\"article\" \/>\n<meta property=\"og:title\" content=\"La Farga de L\u2019Hospitalet abre las puertas al Sal\u00f3n Innova - La Farga Gesti\u00f3n de Equipamientos Municipales, S.A.\" \/>\n<meta property=\"og:description\" content=\"Tot a punt a La Farga de L\u2019Hospitalet per rebre per primera vegada el Sal\u00f3 Innova, Fira Internacional d\u2019Innovaci\u00f3, Investigaci\u00f3 i Noves Tecnologies.\" \/>\n<meta property=\"og:url\" content=\"https:\/\/www.lafarga.com\/corporatiu\/la-farga-de-lhospitalet-abre-las-puertas-al-salon-innova\/\" \/>\n<meta property=\"og:site_name\" content=\"La Farga Gesti\u00f3n de Equipamientos Municipales, S.A.\" \/>\n<meta property=\"article:published_time\" content=\"2016-05-11T08:51:20+00:00\" \/>\n<meta property=\"article:modified_time\" content=\"2016-05-11T11:32:21+00:00\" \/>\n<meta property=\"og:image\" content=\"https:\/\/www.lafarga.com\/corporatiu\/wp-content\/uploads\/2016\/05\/innova-farga-conceptum.jpg\" \/>\n\t<meta property=\"og:image:width\" content=\"730\" \/>\n\t<meta property=\"og:image:height\" content=\"410\" \/>\n\t<meta property=\"og:image:type\" content=\"image\/jpeg\" \/>\n<meta name=\"author\" content=\"\u00d2scar Milla\" \/>\n<meta name=\"twitter:label1\" content=\"Escrit per\" \/>\n\t<meta name=\"twitter:data1\" content=\"\u00d2scar Milla\" \/>\n\t<meta name=\"twitter:label2\" content=\"Temps estimat de lectura\" \/>\n\t<meta name=\"twitter:data2\" content=\"2 minuts\" \/>\n<script type=\"application\/ld+json\" class=\"yoast-schema-graph\">{\"@context\":\"https:\\\/\\\/schema.org\",\"@graph\":[{\"@type\":\"Article\",\"@id\":\"https:\\\/\\\/www.lafarga.com\\\/corporatiu\\\/la-farga-de-lhospitalet-abre-las-puertas-al-salon-innova\\\/#article\",\"isPartOf\":{\"@id\":\"https:\\\/\\\/www.lafarga.com\\\/corporatiu\\\/la-farga-de-lhospitalet-abre-las-puertas-al-salon-innova\\\/\"},\"author\":{\"name\":\"\u00d2scar Milla\",\"@id\":\"https:\\\/\\\/www.lafarga.com\\\/corporatiu\\\/#\\\/schema\\\/person\\\/70d96fe17d0da1a9c9e80d232bdbcf33\"},\"headline\":\"La Farga de L\u2019Hospitalet abre las puertas al Sal\u00f3n Innova\",\"datePublished\":\"2016-05-11T08:51:20+00:00\",\"dateModified\":\"2016-05-11T11:32:21+00:00\",\"mainEntityOfPage\":{\"@id\":\"https:\\\/\\\/www.lafarga.com\\\/corporatiu\\\/la-farga-de-lhospitalet-abre-las-puertas-al-salon-innova\\\/\"},\"wordCount\":385,\"publisher\":{\"@id\":\"https:\\\/\\\/www.lafarga.com\\\/corporatiu\\\/#organization\"},\"image\":{\"@id\":\"https:\\\/\\\/www.lafarga.com\\\/corporatiu\\\/la-farga-de-lhospitalet-abre-las-puertas-al-salon-innova\\\/#primaryimage\"},\"thumbnailUrl\":\"https:\\\/\\\/www.lafarga.com\\\/corporatiu\\\/wp-content\\\/uploads\\\/2016\\\/05\\\/innova-farga-conceptum.jpg\",\"articleSection\":[\"Centro de Actividades\"],\"inLanguage\":\"ca\"},{\"@type\":\"WebPage\",\"@id\":\"https:\\\/\\\/www.lafarga.com\\\/corporatiu\\\/la-farga-de-lhospitalet-abre-las-puertas-al-salon-innova\\\/\",\"url\":\"https:\\\/\\\/www.lafarga.com\\\/corporatiu\\\/la-farga-de-lhospitalet-abre-las-puertas-al-salon-innova\\\/\",\"name\":\"La Farga de L\u2019Hospitalet abre las puertas al Sal\u00f3n Innova - La Farga Gesti\u00f3n de Equipamientos Municipales, S.A.\",\"isPartOf\":{\"@id\":\"https:\\\/\\\/www.lafarga.com\\\/corporatiu\\\/#website\"},\"primaryImageOfPage\":{\"@id\":\"https:\\\/\\\/www.lafarga.com\\\/corporatiu\\\/la-farga-de-lhospitalet-abre-las-puertas-al-salon-innova\\\/#primaryimage\"},\"image\":{\"@id\":\"https:\\\/\\\/www.lafarga.com\\\/corporatiu\\\/la-farga-de-lhospitalet-abre-las-puertas-al-salon-innova\\\/#primaryimage\"},\"thumbnailUrl\":\"https:\\\/\\\/www.lafarga.com\\\/corporatiu\\\/wp-content\\\/uploads\\\/2016\\\/05\\\/innova-farga-conceptum.jpg\",\"datePublished\":\"2016-05-11T08:51:20+00:00\",\"dateModified\":\"2016-05-11T11:32:21+00:00\",\"description\":\"Tot a punt a La Farga de L\u2019Hospitalet per rebre per primera vegada el Sal\u00f3 Innova, Fira Internacional d\u2019Innovaci\u00f3, Investigaci\u00f3 i Noves Tecnologies.\",\"breadcrumb\":{\"@id\":\"https:\\\/\\\/www.lafarga.com\\\/corporatiu\\\/la-farga-de-lhospitalet-abre-las-puertas-al-salon-innova\\\/#breadcrumb\"},\"inLanguage\":\"ca\",\"potentialAction\":[{\"@type\":\"ReadAction\",\"target\":[\"https:\\\/\\\/www.lafarga.com\\\/corporatiu\\\/la-farga-de-lhospitalet-abre-las-puertas-al-salon-innova\\\/\"]}]},{\"@type\":\"ImageObject\",\"inLanguage\":\"ca\",\"@id\":\"https:\\\/\\\/www.lafarga.com\\\/corporatiu\\\/la-farga-de-lhospitalet-abre-las-puertas-al-salon-innova\\\/#primaryimage\",\"url\":\"https:\\\/\\\/www.lafarga.com\\\/corporatiu\\\/wp-content\\\/uploads\\\/2016\\\/05\\\/innova-farga-conceptum.jpg\",\"contentUrl\":\"https:\\\/\\\/www.lafarga.com\\\/corporatiu\\\/wp-content\\\/uploads\\\/2016\\\/05\\\/innova-farga-conceptum.jpg\",\"width\":730,\"height\":410},{\"@type\":\"BreadcrumbList\",\"@id\":\"https:\\\/\\\/www.lafarga.com\\\/corporatiu\\\/la-farga-de-lhospitalet-abre-las-puertas-al-salon-innova\\\/#breadcrumb\",\"itemListElement\":[{\"@type\":\"ListItem\",\"position\":1,\"name\":\"Home\",\"item\":\"https:\\\/\\\/www.lafarga.com\\\/corporatiu\\\/lafarga-hospitalet-llobregat\\\/\"},{\"@type\":\"ListItem\",\"position\":2,\"name\":\"La Farga de L\u2019Hospitalet abre las puertas al Sal\u00f3n Innova\"}]},{\"@type\":\"WebSite\",\"@id\":\"https:\\\/\\\/www.lafarga.com\\\/corporatiu\\\/#website\",\"url\":\"https:\\\/\\\/www.lafarga.com\\\/corporatiu\\\/\",\"name\":\"La Farga Gesti\u00f3 d&#039;Equipaments Municipals, SA\",\"description\":\"\",\"publisher\":{\"@id\":\"https:\\\/\\\/www.lafarga.com\\\/corporatiu\\\/#organization\"},\"potentialAction\":[{\"@type\":\"SearchAction\",\"target\":{\"@type\":\"EntryPoint\",\"urlTemplate\":\"https:\\\/\\\/www.lafarga.com\\\/corporatiu\\\/?s={search_term_string}\"},\"query-input\":{\"@type\":\"PropertyValueSpecification\",\"valueRequired\":true,\"valueName\":\"search_term_string\"}}],\"inLanguage\":\"ca\"},{\"@type\":\"Organization\",\"@id\":\"https:\\\/\\\/www.lafarga.com\\\/corporatiu\\\/#organization\",\"name\":\"La Farga Gesti\u00f3 d&#039;Equipaments Municipals, SA\",\"url\":\"https:\\\/\\\/www.lafarga.com\\\/corporatiu\\\/\",\"logo\":{\"@type\":\"ImageObject\",\"inLanguage\":\"ca\",\"@id\":\"https:\\\/\\\/www.lafarga.com\\\/corporatiu\\\/#\\\/schema\\\/logo\\\/image\\\/\",\"url\":\"https:\\\/\\\/www.lafarga.com\\\/corporatiu\\\/wp-content\\\/uploads\\\/2023\\\/11\\\/logotipo_lafarga_gemsa.svg\",\"contentUrl\":\"https:\\\/\\\/www.lafarga.com\\\/corporatiu\\\/wp-content\\\/uploads\\\/2023\\\/11\\\/logotipo_lafarga_gemsa.svg\",\"width\":102,\"height\":103,\"caption\":\"La Farga Gesti\u00f3 d&#039;Equipaments Municipals, SA\"},\"image\":{\"@id\":\"https:\\\/\\\/www.lafarga.com\\\/corporatiu\\\/#\\\/schema\\\/logo\\\/image\\\/\"}},{\"@type\":\"Person\",\"@id\":\"https:\\\/\\\/www.lafarga.com\\\/corporatiu\\\/#\\\/schema\\\/person\\\/70d96fe17d0da1a9c9e80d232bdbcf33\",\"name\":\"\u00d2scar Milla\",\"image\":{\"@type\":\"ImageObject\",\"inLanguage\":\"ca\",\"@id\":\"https:\\\/\\\/secure.gravatar.com\\\/avatar\\\/92e75d184f9d5e0e403bd4ad075b080ad258344ddc259adddb579f6a3ba6494f?s=96&d=mm&r=g\",\"url\":\"https:\\\/\\\/secure.gravatar.com\\\/avatar\\\/92e75d184f9d5e0e403bd4ad075b080ad258344ddc259adddb579f6a3ba6494f?s=96&d=mm&r=g\",\"contentUrl\":\"https:\\\/\\\/secure.gravatar.com\\\/avatar\\\/92e75d184f9d5e0e403bd4ad075b080ad258344ddc259adddb579f6a3ba6494f?s=96&d=mm&r=g\",\"caption\":\"\u00d2scar Milla\"},\"url\":\"https:\\\/\\\/www.lafarga.com\\\/corporatiu\\\/author\\\/omilla\\\/\"}]}<\/script>\n<!-- \/ Yoast SEO plugin. -->","yoast_head_json":{"title":"La Farga de L\u2019Hospitalet abre las puertas al Sal\u00f3n Innova - La Farga Gesti\u00f3n de Equipamientos Municipales, S.A.","description":"Tot a punt a La Farga de L\u2019Hospitalet per rebre per primera vegada el Sal\u00f3 Innova, Fira Internacional d\u2019Innovaci\u00f3, Investigaci\u00f3 i Noves Tecnologies.","robots":{"index":"index","follow":"follow","max-snippet":"max-snippet:-1","max-image-preview":"max-image-preview:large","max-video-preview":"max-video-preview:-1"},"canonical":"https:\/\/www.lafarga.com\/corporatiu\/la-farga-de-lhospitalet-abre-las-puertas-al-salon-innova\/","og_locale":"ca_ES","og_type":"article","og_title":"La Farga de L\u2019Hospitalet abre las puertas al Sal\u00f3n Innova - La Farga Gesti\u00f3n de Equipamientos Municipales, S.A.","og_description":"Tot a punt a La Farga de L\u2019Hospitalet per rebre per primera vegada el Sal\u00f3 Innova, Fira Internacional d\u2019Innovaci\u00f3, Investigaci\u00f3 i Noves Tecnologies.","og_url":"https:\/\/www.lafarga.com\/corporatiu\/la-farga-de-lhospitalet-abre-las-puertas-al-salon-innova\/","og_site_name":"La Farga Gesti\u00f3n de Equipamientos Municipales, S.A.","article_published_time":"2016-05-11T08:51:20+00:00","article_modified_time":"2016-05-11T11:32:21+00:00","og_image":[{"width":730,"height":410,"url":"https:\/\/www.lafarga.com\/corporatiu\/wp-content\/uploads\/2016\/05\/innova-farga-conceptum.jpg","type":"image\/jpeg"}],"author":"\u00d2scar Milla","twitter_misc":{"Escrit per":"\u00d2scar Milla","Temps estimat de lectura":"2 minuts"},"schema":{"@context":"https:\/\/schema.org","@graph":[{"@type":"Article","@id":"https:\/\/www.lafarga.com\/corporatiu\/la-farga-de-lhospitalet-abre-las-puertas-al-salon-innova\/#article","isPartOf":{"@id":"https:\/\/www.lafarga.com\/corporatiu\/la-farga-de-lhospitalet-abre-las-puertas-al-salon-innova\/"},"author":{"name":"\u00d2scar Milla","@id":"https:\/\/www.lafarga.com\/corporatiu\/#\/schema\/person\/70d96fe17d0da1a9c9e80d232bdbcf33"},"headline":"La Farga de L\u2019Hospitalet abre las puertas al Sal\u00f3n Innova","datePublished":"2016-05-11T08:51:20+00:00","dateModified":"2016-05-11T11:32:21+00:00","mainEntityOfPage":{"@id":"https:\/\/www.lafarga.com\/corporatiu\/la-farga-de-lhospitalet-abre-las-puertas-al-salon-innova\/"},"wordCount":385,"publisher":{"@id":"https:\/\/www.lafarga.com\/corporatiu\/#organization"},"image":{"@id":"https:\/\/www.lafarga.com\/corporatiu\/la-farga-de-lhospitalet-abre-las-puertas-al-salon-innova\/#primaryimage"},"thumbnailUrl":"https:\/\/www.lafarga.com\/corporatiu\/wp-content\/uploads\/2016\/05\/innova-farga-conceptum.jpg","articleSection":["Centro de Actividades"],"inLanguage":"ca"},{"@type":"WebPage","@id":"https:\/\/www.lafarga.com\/corporatiu\/la-farga-de-lhospitalet-abre-las-puertas-al-salon-innova\/","url":"https:\/\/www.lafarga.com\/corporatiu\/la-farga-de-lhospitalet-abre-las-puertas-al-salon-innova\/","name":"La Farga de L\u2019Hospitalet abre las puertas al Sal\u00f3n Innova - La Farga Gesti\u00f3n de Equipamientos Municipales, S.A.","isPartOf":{"@id":"https:\/\/www.lafarga.com\/corporatiu\/#website"},"primaryImageOfPage":{"@id":"https:\/\/www.lafarga.com\/corporatiu\/la-farga-de-lhospitalet-abre-las-puertas-al-salon-innova\/#primaryimage"},"image":{"@id":"https:\/\/www.lafarga.com\/corporatiu\/la-farga-de-lhospitalet-abre-las-puertas-al-salon-innova\/#primaryimage"},"thumbnailUrl":"https:\/\/www.lafarga.com\/corporatiu\/wp-content\/uploads\/2016\/05\/innova-farga-conceptum.jpg","datePublished":"2016-05-11T08:51:20+00:00","dateModified":"2016-05-11T11:32:21+00:00","description":"Tot a punt a La Farga de L\u2019Hospitalet per rebre per primera vegada el Sal\u00f3 Innova, Fira Internacional d\u2019Innovaci\u00f3, Investigaci\u00f3 i Noves Tecnologies.","breadcrumb":{"@id":"https:\/\/www.lafarga.com\/corporatiu\/la-farga-de-lhospitalet-abre-las-puertas-al-salon-innova\/#breadcrumb"},"inLanguage":"ca","potentialAction":[{"@type":"ReadAction","target":["https:\/\/www.lafarga.com\/corporatiu\/la-farga-de-lhospitalet-abre-las-puertas-al-salon-innova\/"]}]},{"@type":"ImageObject","inLanguage":"ca","@id":"https:\/\/www.lafarga.com\/corporatiu\/la-farga-de-lhospitalet-abre-las-puertas-al-salon-innova\/#primaryimage","url":"https:\/\/www.lafarga.com\/corporatiu\/wp-content\/uploads\/2016\/05\/innova-farga-conceptum.jpg","contentUrl":"https:\/\/www.lafarga.com\/corporatiu\/wp-content\/uploads\/2016\/05\/innova-farga-conceptum.jpg","width":730,"height":410},{"@type":"BreadcrumbList","@id":"https:\/\/www.lafarga.com\/corporatiu\/la-farga-de-lhospitalet-abre-las-puertas-al-salon-innova\/#breadcrumb","itemListElement":[{"@type":"ListItem","position":1,"name":"Home","item":"https:\/\/www.lafarga.com\/corporatiu\/lafarga-hospitalet-llobregat\/"},{"@type":"ListItem","position":2,"name":"La Farga de L\u2019Hospitalet abre las puertas al Sal\u00f3n Innova"}]},{"@type":"WebSite","@id":"https:\/\/www.lafarga.com\/corporatiu\/#website","url":"https:\/\/www.lafarga.com\/corporatiu\/","name":"La Farga Gesti\u00f3 d&#039;Equipaments Municipals, SA","description":"","publisher":{"@id":"https:\/\/www.lafarga.com\/corporatiu\/#organization"},"potentialAction":[{"@type":"SearchAction","target":{"@type":"EntryPoint","urlTemplate":"https:\/\/www.lafarga.com\/corporatiu\/?s={search_term_string}"},"query-input":{"@type":"PropertyValueSpecification","valueRequired":true,"valueName":"search_term_string"}}],"inLanguage":"ca"},{"@type":"Organization","@id":"https:\/\/www.lafarga.com\/corporatiu\/#organization","name":"La Farga Gesti\u00f3 d&#039;Equipaments Municipals, SA","url":"https:\/\/www.lafarga.com\/corporatiu\/","logo":{"@type":"ImageObject","inLanguage":"ca","@id":"https:\/\/www.lafarga.com\/corporatiu\/#\/schema\/logo\/image\/","url":"https:\/\/www.lafarga.com\/corporatiu\/wp-content\/uploads\/2023\/11\/logotipo_lafarga_gemsa.svg","contentUrl":"https:\/\/www.lafarga.com\/corporatiu\/wp-content\/uploads\/2023\/11\/logotipo_lafarga_gemsa.svg","width":102,"height":103,"caption":"La Farga Gesti\u00f3 d&#039;Equipaments Municipals, SA"},"image":{"@id":"https:\/\/www.lafarga.com\/corporatiu\/#\/schema\/logo\/image\/"}},{"@type":"Person","@id":"https:\/\/www.lafarga.com\/corporatiu\/#\/schema\/person\/70d96fe17d0da1a9c9e80d232bdbcf33","name":"\u00d2scar Milla","image":{"@type":"ImageObject","inLanguage":"ca","@id":"https:\/\/secure.gravatar.com\/avatar\/92e75d184f9d5e0e403bd4ad075b080ad258344ddc259adddb579f6a3ba6494f?s=96&d=mm&r=g","url":"https:\/\/secure.gravatar.com\/avatar\/92e75d184f9d5e0e403bd4ad075b080ad258344ddc259adddb579f6a3ba6494f?s=96&d=mm&r=g","contentUrl":"https:\/\/secure.gravatar.com\/avatar\/92e75d184f9d5e0e403bd4ad075b080ad258344ddc259adddb579f6a3ba6494f?s=96&d=mm&r=g","caption":"\u00d2scar Milla"},"url":"https:\/\/www.lafarga.com\/corporatiu\/author\/omilla\/"}]}},"uagb_featured_image_src":{"full":["https:\/\/www.lafarga.com\/corporatiu\/wp-content\/uploads\/2016\/05\/innova-farga-conceptum.jpg",730,410,false],"thumbnail":["https:\/\/www.lafarga.com\/corporatiu\/wp-content\/uploads\/2016\/05\/innova-farga-conceptum-150x150.jpg",150,150,true],"medium":["https:\/\/www.lafarga.com\/corporatiu\/wp-content\/uploads\/2016\/05\/innova-farga-conceptum-300x168.jpg",300,168,true],"medium_large":["https:\/\/www.lafarga.com\/corporatiu\/wp-content\/uploads\/2016\/05\/innova-farga-conceptum.jpg",730,410,false],"large":["https:\/\/www.lafarga.com\/corporatiu\/wp-content\/uploads\/2016\/05\/innova-farga-conceptum.jpg",730,410,false],"1536x1536":["https:\/\/www.lafarga.com\/corporatiu\/wp-content\/uploads\/2016\/05\/innova-farga-conceptum.jpg",730,410,false],"2048x2048":["https:\/\/www.lafarga.com\/corporatiu\/wp-content\/uploads\/2016\/05\/innova-farga-conceptum.jpg",730,410,false],"mailpoet_newsletter_max":["https:\/\/www.lafarga.com\/corporatiu\/wp-content\/uploads\/2016\/05\/innova-farga-conceptum.jpg",730,410,false]},"uagb_author_info":{"display_name":"\u00d2scar Milla","author_link":"https:\/\/www.lafarga.com\/corporatiu\/author\/omilla\/"},"uagb_comment_info":0,"uagb_excerpt":"Todo listo en La Farga de L'Hospitalet para recibir por primera vez el Sal\u00f3n Innova, Feria Internacional de Innovaci\u00f3n, Investigaci\u00f3n y Nuevas Tecnolog\u00edas. Durante tres d\u00edas el recinto de La Farga Centro de Actividades es escenario de este certamen que durante 64 ediciones se ha celebrado en Bruselas.","_links":{"self":[{"href":"https:\/\/www.lafarga.com\/corporatiu\/wp-json\/wp\/v2\/posts\/7158","targetHints":{"allow":["GET"]}}],"collection":[{"href":"https:\/\/www.lafarga.com\/corporatiu\/wp-json\/wp\/v2\/posts"}],"about":[{"href":"https:\/\/www.lafarga.com\/corporatiu\/wp-json\/wp\/v2\/types\/post"}],"author":[{"embeddable":true,"href":"https:\/\/www.lafarga.com\/corporatiu\/wp-json\/wp\/v2\/users\/5"}],"replies":[{"embeddable":true,"href":"https:\/\/www.lafarga.com\/corporatiu\/wp-json\/wp\/v2\/comments?post=7158"}],"version-history":[{"count":2,"href":"https:\/\/www.lafarga.com\/corporatiu\/wp-json\/wp\/v2\/posts\/7158\/revisions"}],"predecessor-version":[{"id":7162,"href":"https:\/\/www.lafarga.com\/corporatiu\/wp-json\/wp\/v2\/posts\/7158\/revisions\/7162"}],"wp:featuredmedia":[{"embeddable":true,"href":"https:\/\/www.lafarga.com\/corporatiu\/wp-json\/wp\/v2\/media\/7156"}],"wp:attachment":[{"href":"https:\/\/www.lafarga.com\/corporatiu\/wp-json\/wp\/v2\/media?parent=7158"}],"wp:term":[{"taxonomy":"category","embeddable":true,"href":"https:\/\/www.lafarga.com\/corporatiu\/wp-json\/wp\/v2\/categories?post=7158"},{"taxonomy":"post_tag","embeddable":true,"href":"https:\/\/www.lafarga.com\/corporatiu\/wp-json\/wp\/v2\/tags?post=7158"}],"curies":[{"name":"wp","href":"https:\/\/api.w.org\/{rel}","templated":true}]}}