{"id":7155,"date":"2016-05-11T08:43:39","date_gmt":"2016-05-11T08:43:39","guid":{"rendered":"http:\/\/www.lafarga.com\/corporatiu\/?p=7155"},"modified":"2016-05-11T11:32:42","modified_gmt":"2016-05-11T11:32:42","slug":"la-farga-de-lhospitalet-obre-les-portes-al-salo-innova","status":"publish","type":"post","link":"https:\/\/www.lafarga.com\/corporatiu\/la-farga-de-lhospitalet-obre-les-portes-al-salo-innova\/","title":{"rendered":"La Farga de L&#8217;Hospitalet obre les portes al Sal\u00f3 Innova"},"content":{"rendered":"<p>Tot a punt a La Farga de L\u2019Hospitalet per rebre per primera vegada el <a href=\"http:\/\/www.innova-barcelona.com\/ca\/\" target=\"_blank\">Sal\u00f3 Innova, Fira Internacional d\u2019Innovaci\u00f3, Investigaci\u00f3 i Noves Tecnologies<\/a>.<br \/>\nDurant tres dies el recinte de <a href=\"http:\/\/www.lafargalhospitalet.com\/home\/\" target=\"_blank\">La Farga Centre d\u2019Activitats<\/a> \u00e9s escenari d\u2019aquest certamen que durant 64 edicions s\u2019ha celebrat a Brussel\u00b7les.<\/p>\n<p><a href=\"http:\/\/www.conceptum.eu\/\" target=\"_blank\">Conceptum Spain<\/a> i La Farga de L\u2019Hospitalet organitzen aquesta mostra, de 4.000 metres quadrats, actual referent en l\u2019\u00e0mbit de la innovaci\u00f3, investigaci\u00f3 i noves tecnologies, a m\u00e9s de ser un gran aparador universal que reuneix joves inventors, emprenedors, empreses i institucions m\u00e9s actives en I+D.<\/p>\n<p>A partir d\u2019aquest dijous, 12 de maig, i fins dissabte La Farga acollir\u00e0 visitants de m\u00e9s de 20 pa\u00efsos en una cita imprescindible per aquelles empreses vinculades a la innovaci\u00f3 o a la recerca de talents, aix\u00ed com per a aquells que vulguin con\u00e8ixer nous invents, prototips originals, o b\u00e9 estar informats dels \u00faltims aven\u00e7os en l\u2019\u00e0mbit de la innovaci\u00f3 tecnol\u00f2gica.<\/p>\n<p>A\u00a0Innova s\u2019aniran celebrant diferents confer\u00e8ncies, xerrades i taules rodones en dos espais: Innova Live i Innova Speech.<br \/>\nLa primera pon\u00e8ncia del sal\u00f3, dijous 12 (9:30h), anir\u00e0 a c\u00e0rrec de Pedro Rojas, consultor especialista en estrat\u00e8gia digital, i parlar\u00e0 sobre la \u201cInnovaci\u00f3, xarxes socials i emprenedoria\u201d.<\/p>\n<p>En l\u2019espai Innova Live el professor Jos\u00e9 Mar\u00eda Gay de Li\u00e9bana obrir\u00e0 la pon\u00e8ncia inaugural de divendres (9:30h) amb el t\u00edtol \u201cLa innovaci\u00f3, font d\u2019oportunitats\u201d.<\/p>\n<p>En el marc d\u2019aquest sal\u00f3 tamb\u00e9 hi haur\u00e0 l\u2019acte de lliurament dels Premis Eureka, que es far\u00e0 divendres al vespre al Palauet de Can Buxeres. Eureka \u00e9s el certamen internacional de reconeixement als millors projectes presentats al Sal\u00f3 Innova. Un jurat professional format per nombrosos empresaris i cient\u00edfics de diversos \u00e0mbits i sectors \u00e9s l&#8217;encarregat de valorar els projectes i atorgar els guardons.<\/p>\n<p><strong>Not\u00edcies i enlla\u00e7os relacionats<\/strong><\/p>\n<ul>\n<li><a href=\"http:\/\/www.lafargalhospitalet.com\/volem-posicionar-catalunya-en-lambit-de-la-innovacio\/\" target=\"_blank\">\u201cVolem posicionar Catalunya en l\u2019\u00e0mbit de la innovaci\u00f3\u201d<\/a><\/li>\n<li><a href=\"http:\/\/www.lafargalhospitalet.com\/gay-de-liebana-present-al-salo-innova-de-la-farga\/\" target=\"_blank\">Gay de Li\u00e9bana, present al Sal\u00f3 Innova de La Farga<\/a><\/li>\n<li><a href=\"http:\/\/www.innova-barcelona.com\/ca\/innova-live\/\" target=\"_blank\">Programa de pon\u00e8ncies Innova Live<\/a><\/li>\n<li><a href=\"http:\/\/www.innova-barcelona.com\/ca\/innova-speech\/\" target=\"_blank\">Programa de pon\u00e8ncies Innova Speech<\/a><\/li>\n<li><a href=\"http:\/\/www.innova-barcelona.com\/wp-content\/uploads\/2016\/05\/Innovaciones.pdf\" target=\"_blank\">Premis Eureka. Llistat d&#8217;innovacions<\/a><\/li>\n<li><a href=\"http:\/\/www.innova-barcelona.com\/ca\/jurat\/\" target=\"_blank\">Premis Eureka. Jurat<\/a><\/li>\n<\/ul>\n","protected":false},"excerpt":{"rendered":"<p>Tot a punt a La Farga de L\u2019Hospitalet per rebre per primera vegada el Sal\u00f3 Innova, Fira Internacional d\u2019Innovaci\u00f3, Investigaci\u00f3 i Noves Tecnologies. Durant tres dies el recinte de La Farga Centre d\u2019Activitats \u00e9s escenari d\u2019aquest certamen que durant 64 edicions s\u2019ha celebrat a Brussel\u00b7les.<\/p>\n","protected":false},"author":5,"featured_media":7156,"comment_status":"closed","ping_status":"closed","sticky":false,"template":"","format":"standard","meta":{"inline_featured_image":false,"_uag_custom_page_level_css":"","_monsterinsights_skip_tracking":false,"_monsterinsights_sitenote_active":false,"_monsterinsights_sitenote_note":"","_monsterinsights_sitenote_category":0,"site-sidebar-layout":"default","site-content-layout":"","ast-site-content-layout":"default","site-content-style":"default","site-sidebar-style":"default","ast-global-header-display":"","ast-banner-title-visibility":"","ast-main-header-display":"","ast-hfb-above-header-display":"","ast-hfb-below-header-display":"","ast-hfb-mobile-header-display":"","site-post-title":"","ast-breadcrumbs-content":"","ast-featured-img":"","footer-sml-layout":"","ast-disable-related-posts":"","theme-transparent-header-meta":"","adv-header-id-meta":"","stick-header-meta":"","header-above-stick-meta":"","header-main-stick-meta":"","header-below-stick-meta":"","astra-migrate-meta-layouts":"default","ast-page-background-enabled":"default","ast-page-background-meta":{"desktop":{"background-color":"var(--ast-global-color-4)","background-image":"","background-repeat":"repeat","background-position":"center center","background-size":"auto","background-attachment":"scroll","background-type":"","background-media":"","overlay-type":"","overlay-color":"","overlay-opacity":"","overlay-gradient":""},"tablet":{"background-color":"","background-image":"","background-repeat":"repeat","background-position":"center center","background-size":"auto","background-attachment":"scroll","background-type":"","background-media":"","overlay-type":"","overlay-color":"","overlay-opacity":"","overlay-gradient":""},"mobile":{"background-color":"","background-image":"","background-repeat":"repeat","background-position":"center center","background-size":"auto","background-attachment":"scroll","background-type":"","background-media":"","overlay-type":"","overlay-color":"","overlay-opacity":"","overlay-gradient":""}},"ast-content-background-meta":{"desktop":{"background-color":"var(--ast-global-color-5)","background-image":"","background-repeat":"repeat","background-position":"center center","background-size":"auto","background-attachment":"scroll","background-type":"","background-media":"","overlay-type":"","overlay-color":"","overlay-opacity":"","overlay-gradient":""},"tablet":{"background-color":"var(--ast-global-color-5)","background-image":"","background-repeat":"repeat","background-position":"center center","background-size":"auto","background-attachment":"scroll","background-type":"","background-media":"","overlay-type":"","overlay-color":"","overlay-opacity":"","overlay-gradient":""},"mobile":{"background-color":"var(--ast-global-color-5)","background-image":"","background-repeat":"repeat","background-position":"center center","background-size":"auto","background-attachment":"scroll","background-type":"","background-media":"","overlay-type":"","overlay-color":"","overlay-opacity":"","overlay-gradient":""}},"footnotes":""},"categories":[49],"tags":[],"class_list":["post-7155","post","type-post","status-publish","format-standard","has-post-thumbnail","hentry","category-centre-activitats"],"yoast_head":"<!-- This site is optimized with the Yoast SEO plugin v27.4 - https:\/\/yoast.com\/product\/yoast-seo-wordpress\/ -->\n<title>La Farga de L&#039;Hospitalet obre les portes al Sal\u00f3 Innova - La Farga Gesti\u00f3n de Equipamientos Municipales, S.A.<\/title>\n<meta name=\"description\" content=\"Tot a punt a La Farga de L\u2019Hospitalet per rebre per primera vegada el Sal\u00f3 Innova, Fira Internacional d\u2019Innovaci\u00f3, Investigaci\u00f3 i Noves Tecnologies.\" \/>\n<meta name=\"robots\" content=\"index, follow, max-snippet:-1, max-image-preview:large, max-video-preview:-1\" \/>\n<link rel=\"canonical\" href=\"https:\/\/www.lafarga.com\/corporatiu\/la-farga-de-lhospitalet-obre-les-portes-al-salo-innova\/\" \/>\n<meta property=\"og:locale\" content=\"ca_ES\" \/>\n<meta property=\"og:type\" content=\"article\" \/>\n<meta property=\"og:title\" content=\"La Farga de L&#039;Hospitalet obre les portes al Sal\u00f3 Innova - La Farga Gesti\u00f3n de Equipamientos Municipales, S.A.\" \/>\n<meta property=\"og:description\" content=\"Tot a punt a La Farga de L\u2019Hospitalet per rebre per primera vegada el Sal\u00f3 Innova, Fira Internacional d\u2019Innovaci\u00f3, Investigaci\u00f3 i Noves Tecnologies.\" \/>\n<meta property=\"og:url\" content=\"https:\/\/www.lafarga.com\/corporatiu\/la-farga-de-lhospitalet-obre-les-portes-al-salo-innova\/\" \/>\n<meta property=\"og:site_name\" content=\"La Farga Gesti\u00f3n de Equipamientos Municipales, S.A.\" \/>\n<meta property=\"article:published_time\" content=\"2016-05-11T08:43:39+00:00\" \/>\n<meta property=\"article:modified_time\" content=\"2016-05-11T11:32:42+00:00\" \/>\n<meta property=\"og:image\" content=\"https:\/\/www.lafarga.com\/corporatiu\/wp-content\/uploads\/2016\/05\/innova-farga-conceptum.jpg\" \/>\n\t<meta property=\"og:image:width\" content=\"730\" \/>\n\t<meta property=\"og:image:height\" content=\"410\" \/>\n\t<meta property=\"og:image:type\" content=\"image\/jpeg\" \/>\n<meta name=\"author\" content=\"\u00d2scar Milla\" \/>\n<meta name=\"twitter:label1\" content=\"Escrit per\" \/>\n\t<meta name=\"twitter:data1\" content=\"\u00d2scar Milla\" \/>\n\t<meta name=\"twitter:label2\" content=\"Temps estimat de lectura\" \/>\n\t<meta name=\"twitter:data2\" content=\"2 minuts\" \/>\n<script type=\"application\/ld+json\" class=\"yoast-schema-graph\">{\"@context\":\"https:\\\/\\\/schema.org\",\"@graph\":[{\"@type\":\"Article\",\"@id\":\"https:\\\/\\\/www.lafarga.com\\\/corporatiu\\\/la-farga-de-lhospitalet-obre-les-portes-al-salo-innova\\\/#article\",\"isPartOf\":{\"@id\":\"https:\\\/\\\/www.lafarga.com\\\/corporatiu\\\/la-farga-de-lhospitalet-obre-les-portes-al-salo-innova\\\/\"},\"author\":{\"name\":\"\u00d2scar Milla\",\"@id\":\"https:\\\/\\\/www.lafarga.com\\\/corporatiu\\\/#\\\/schema\\\/person\\\/70d96fe17d0da1a9c9e80d232bdbcf33\"},\"headline\":\"La Farga de L&#8217;Hospitalet obre les portes al Sal\u00f3 Innova\",\"datePublished\":\"2016-05-11T08:43:39+00:00\",\"dateModified\":\"2016-05-11T11:32:42+00:00\",\"mainEntityOfPage\":{\"@id\":\"https:\\\/\\\/www.lafarga.com\\\/corporatiu\\\/la-farga-de-lhospitalet-obre-les-portes-al-salo-innova\\\/\"},\"wordCount\":370,\"publisher\":{\"@id\":\"https:\\\/\\\/www.lafarga.com\\\/corporatiu\\\/#organization\"},\"image\":{\"@id\":\"https:\\\/\\\/www.lafarga.com\\\/corporatiu\\\/la-farga-de-lhospitalet-obre-les-portes-al-salo-innova\\\/#primaryimage\"},\"thumbnailUrl\":\"https:\\\/\\\/www.lafarga.com\\\/corporatiu\\\/wp-content\\\/uploads\\\/2016\\\/05\\\/innova-farga-conceptum.jpg\",\"articleSection\":[\"Centre d'Activitats\"],\"inLanguage\":\"ca\"},{\"@type\":\"WebPage\",\"@id\":\"https:\\\/\\\/www.lafarga.com\\\/corporatiu\\\/la-farga-de-lhospitalet-obre-les-portes-al-salo-innova\\\/\",\"url\":\"https:\\\/\\\/www.lafarga.com\\\/corporatiu\\\/la-farga-de-lhospitalet-obre-les-portes-al-salo-innova\\\/\",\"name\":\"La Farga de L'Hospitalet obre les portes al Sal\u00f3 Innova - La Farga Gesti\u00f3n de Equipamientos Municipales, S.A.\",\"isPartOf\":{\"@id\":\"https:\\\/\\\/www.lafarga.com\\\/corporatiu\\\/#website\"},\"primaryImageOfPage\":{\"@id\":\"https:\\\/\\\/www.lafarga.com\\\/corporatiu\\\/la-farga-de-lhospitalet-obre-les-portes-al-salo-innova\\\/#primaryimage\"},\"image\":{\"@id\":\"https:\\\/\\\/www.lafarga.com\\\/corporatiu\\\/la-farga-de-lhospitalet-obre-les-portes-al-salo-innova\\\/#primaryimage\"},\"thumbnailUrl\":\"https:\\\/\\\/www.lafarga.com\\\/corporatiu\\\/wp-content\\\/uploads\\\/2016\\\/05\\\/innova-farga-conceptum.jpg\",\"datePublished\":\"2016-05-11T08:43:39+00:00\",\"dateModified\":\"2016-05-11T11:32:42+00:00\",\"description\":\"Tot a punt a La Farga de L\u2019Hospitalet per rebre per primera vegada el Sal\u00f3 Innova, Fira Internacional d\u2019Innovaci\u00f3, Investigaci\u00f3 i Noves Tecnologies.\",\"breadcrumb\":{\"@id\":\"https:\\\/\\\/www.lafarga.com\\\/corporatiu\\\/la-farga-de-lhospitalet-obre-les-portes-al-salo-innova\\\/#breadcrumb\"},\"inLanguage\":\"ca\",\"potentialAction\":[{\"@type\":\"ReadAction\",\"target\":[\"https:\\\/\\\/www.lafarga.com\\\/corporatiu\\\/la-farga-de-lhospitalet-obre-les-portes-al-salo-innova\\\/\"]}]},{\"@type\":\"ImageObject\",\"inLanguage\":\"ca\",\"@id\":\"https:\\\/\\\/www.lafarga.com\\\/corporatiu\\\/la-farga-de-lhospitalet-obre-les-portes-al-salo-innova\\\/#primaryimage\",\"url\":\"https:\\\/\\\/www.lafarga.com\\\/corporatiu\\\/wp-content\\\/uploads\\\/2016\\\/05\\\/innova-farga-conceptum.jpg\",\"contentUrl\":\"https:\\\/\\\/www.lafarga.com\\\/corporatiu\\\/wp-content\\\/uploads\\\/2016\\\/05\\\/innova-farga-conceptum.jpg\",\"width\":730,\"height\":410},{\"@type\":\"BreadcrumbList\",\"@id\":\"https:\\\/\\\/www.lafarga.com\\\/corporatiu\\\/la-farga-de-lhospitalet-obre-les-portes-al-salo-innova\\\/#breadcrumb\",\"itemListElement\":[{\"@type\":\"ListItem\",\"position\":1,\"name\":\"Home\",\"item\":\"https:\\\/\\\/www.lafarga.com\\\/corporatiu\\\/lafarga-hospitalet-llobregat\\\/\"},{\"@type\":\"ListItem\",\"position\":2,\"name\":\"La Farga de L&#8217;Hospitalet obre les portes al Sal\u00f3 Innova\"}]},{\"@type\":\"WebSite\",\"@id\":\"https:\\\/\\\/www.lafarga.com\\\/corporatiu\\\/#website\",\"url\":\"https:\\\/\\\/www.lafarga.com\\\/corporatiu\\\/\",\"name\":\"La Farga Gesti\u00f3 d&#039;Equipaments Municipals, SA\",\"description\":\"\",\"publisher\":{\"@id\":\"https:\\\/\\\/www.lafarga.com\\\/corporatiu\\\/#organization\"},\"potentialAction\":[{\"@type\":\"SearchAction\",\"target\":{\"@type\":\"EntryPoint\",\"urlTemplate\":\"https:\\\/\\\/www.lafarga.com\\\/corporatiu\\\/?s={search_term_string}\"},\"query-input\":{\"@type\":\"PropertyValueSpecification\",\"valueRequired\":true,\"valueName\":\"search_term_string\"}}],\"inLanguage\":\"ca\"},{\"@type\":\"Organization\",\"@id\":\"https:\\\/\\\/www.lafarga.com\\\/corporatiu\\\/#organization\",\"name\":\"La Farga Gesti\u00f3 d&#039;Equipaments Municipals, SA\",\"url\":\"https:\\\/\\\/www.lafarga.com\\\/corporatiu\\\/\",\"logo\":{\"@type\":\"ImageObject\",\"inLanguage\":\"ca\",\"@id\":\"https:\\\/\\\/www.lafarga.com\\\/corporatiu\\\/#\\\/schema\\\/logo\\\/image\\\/\",\"url\":\"https:\\\/\\\/www.lafarga.com\\\/corporatiu\\\/wp-content\\\/uploads\\\/2023\\\/11\\\/logotipo_lafarga_gemsa.svg\",\"contentUrl\":\"https:\\\/\\\/www.lafarga.com\\\/corporatiu\\\/wp-content\\\/uploads\\\/2023\\\/11\\\/logotipo_lafarga_gemsa.svg\",\"width\":102,\"height\":103,\"caption\":\"La Farga Gesti\u00f3 d&#039;Equipaments Municipals, SA\"},\"image\":{\"@id\":\"https:\\\/\\\/www.lafarga.com\\\/corporatiu\\\/#\\\/schema\\\/logo\\\/image\\\/\"}},{\"@type\":\"Person\",\"@id\":\"https:\\\/\\\/www.lafarga.com\\\/corporatiu\\\/#\\\/schema\\\/person\\\/70d96fe17d0da1a9c9e80d232bdbcf33\",\"name\":\"\u00d2scar Milla\",\"image\":{\"@type\":\"ImageObject\",\"inLanguage\":\"ca\",\"@id\":\"https:\\\/\\\/secure.gravatar.com\\\/avatar\\\/92e75d184f9d5e0e403bd4ad075b080ad258344ddc259adddb579f6a3ba6494f?s=96&d=mm&r=g\",\"url\":\"https:\\\/\\\/secure.gravatar.com\\\/avatar\\\/92e75d184f9d5e0e403bd4ad075b080ad258344ddc259adddb579f6a3ba6494f?s=96&d=mm&r=g\",\"contentUrl\":\"https:\\\/\\\/secure.gravatar.com\\\/avatar\\\/92e75d184f9d5e0e403bd4ad075b080ad258344ddc259adddb579f6a3ba6494f?s=96&d=mm&r=g\",\"caption\":\"\u00d2scar Milla\"},\"url\":\"https:\\\/\\\/www.lafarga.com\\\/corporatiu\\\/author\\\/omilla\\\/\"}]}<\/script>\n<!-- \/ Yoast SEO plugin. -->","yoast_head_json":{"title":"La Farga de L'Hospitalet obre les portes al Sal\u00f3 Innova - La Farga Gesti\u00f3n de Equipamientos Municipales, S.A.","description":"Tot a punt a La Farga de L\u2019Hospitalet per rebre per primera vegada el Sal\u00f3 Innova, Fira Internacional d\u2019Innovaci\u00f3, Investigaci\u00f3 i Noves Tecnologies.","robots":{"index":"index","follow":"follow","max-snippet":"max-snippet:-1","max-image-preview":"max-image-preview:large","max-video-preview":"max-video-preview:-1"},"canonical":"https:\/\/www.lafarga.com\/corporatiu\/la-farga-de-lhospitalet-obre-les-portes-al-salo-innova\/","og_locale":"ca_ES","og_type":"article","og_title":"La Farga de L'Hospitalet obre les portes al Sal\u00f3 Innova - La Farga Gesti\u00f3n de Equipamientos Municipales, S.A.","og_description":"Tot a punt a La Farga de L\u2019Hospitalet per rebre per primera vegada el Sal\u00f3 Innova, Fira Internacional d\u2019Innovaci\u00f3, Investigaci\u00f3 i Noves Tecnologies.","og_url":"https:\/\/www.lafarga.com\/corporatiu\/la-farga-de-lhospitalet-obre-les-portes-al-salo-innova\/","og_site_name":"La Farga Gesti\u00f3n de Equipamientos Municipales, S.A.","article_published_time":"2016-05-11T08:43:39+00:00","article_modified_time":"2016-05-11T11:32:42+00:00","og_image":[{"width":730,"height":410,"url":"https:\/\/www.lafarga.com\/corporatiu\/wp-content\/uploads\/2016\/05\/innova-farga-conceptum.jpg","type":"image\/jpeg"}],"author":"\u00d2scar Milla","twitter_misc":{"Escrit per":"\u00d2scar Milla","Temps estimat de lectura":"2 minuts"},"schema":{"@context":"https:\/\/schema.org","@graph":[{"@type":"Article","@id":"https:\/\/www.lafarga.com\/corporatiu\/la-farga-de-lhospitalet-obre-les-portes-al-salo-innova\/#article","isPartOf":{"@id":"https:\/\/www.lafarga.com\/corporatiu\/la-farga-de-lhospitalet-obre-les-portes-al-salo-innova\/"},"author":{"name":"\u00d2scar Milla","@id":"https:\/\/www.lafarga.com\/corporatiu\/#\/schema\/person\/70d96fe17d0da1a9c9e80d232bdbcf33"},"headline":"La Farga de L&#8217;Hospitalet obre les portes al Sal\u00f3 Innova","datePublished":"2016-05-11T08:43:39+00:00","dateModified":"2016-05-11T11:32:42+00:00","mainEntityOfPage":{"@id":"https:\/\/www.lafarga.com\/corporatiu\/la-farga-de-lhospitalet-obre-les-portes-al-salo-innova\/"},"wordCount":370,"publisher":{"@id":"https:\/\/www.lafarga.com\/corporatiu\/#organization"},"image":{"@id":"https:\/\/www.lafarga.com\/corporatiu\/la-farga-de-lhospitalet-obre-les-portes-al-salo-innova\/#primaryimage"},"thumbnailUrl":"https:\/\/www.lafarga.com\/corporatiu\/wp-content\/uploads\/2016\/05\/innova-farga-conceptum.jpg","articleSection":["Centre d'Activitats"],"inLanguage":"ca"},{"@type":"WebPage","@id":"https:\/\/www.lafarga.com\/corporatiu\/la-farga-de-lhospitalet-obre-les-portes-al-salo-innova\/","url":"https:\/\/www.lafarga.com\/corporatiu\/la-farga-de-lhospitalet-obre-les-portes-al-salo-innova\/","name":"La Farga de L'Hospitalet obre les portes al Sal\u00f3 Innova - La Farga Gesti\u00f3n de Equipamientos Municipales, S.A.","isPartOf":{"@id":"https:\/\/www.lafarga.com\/corporatiu\/#website"},"primaryImageOfPage":{"@id":"https:\/\/www.lafarga.com\/corporatiu\/la-farga-de-lhospitalet-obre-les-portes-al-salo-innova\/#primaryimage"},"image":{"@id":"https:\/\/www.lafarga.com\/corporatiu\/la-farga-de-lhospitalet-obre-les-portes-al-salo-innova\/#primaryimage"},"thumbnailUrl":"https:\/\/www.lafarga.com\/corporatiu\/wp-content\/uploads\/2016\/05\/innova-farga-conceptum.jpg","datePublished":"2016-05-11T08:43:39+00:00","dateModified":"2016-05-11T11:32:42+00:00","description":"Tot a punt a La Farga de L\u2019Hospitalet per rebre per primera vegada el Sal\u00f3 Innova, Fira Internacional d\u2019Innovaci\u00f3, Investigaci\u00f3 i Noves Tecnologies.","breadcrumb":{"@id":"https:\/\/www.lafarga.com\/corporatiu\/la-farga-de-lhospitalet-obre-les-portes-al-salo-innova\/#breadcrumb"},"inLanguage":"ca","potentialAction":[{"@type":"ReadAction","target":["https:\/\/www.lafarga.com\/corporatiu\/la-farga-de-lhospitalet-obre-les-portes-al-salo-innova\/"]}]},{"@type":"ImageObject","inLanguage":"ca","@id":"https:\/\/www.lafarga.com\/corporatiu\/la-farga-de-lhospitalet-obre-les-portes-al-salo-innova\/#primaryimage","url":"https:\/\/www.lafarga.com\/corporatiu\/wp-content\/uploads\/2016\/05\/innova-farga-conceptum.jpg","contentUrl":"https:\/\/www.lafarga.com\/corporatiu\/wp-content\/uploads\/2016\/05\/innova-farga-conceptum.jpg","width":730,"height":410},{"@type":"BreadcrumbList","@id":"https:\/\/www.lafarga.com\/corporatiu\/la-farga-de-lhospitalet-obre-les-portes-al-salo-innova\/#breadcrumb","itemListElement":[{"@type":"ListItem","position":1,"name":"Home","item":"https:\/\/www.lafarga.com\/corporatiu\/lafarga-hospitalet-llobregat\/"},{"@type":"ListItem","position":2,"name":"La Farga de L&#8217;Hospitalet obre les portes al Sal\u00f3 Innova"}]},{"@type":"WebSite","@id":"https:\/\/www.lafarga.com\/corporatiu\/#website","url":"https:\/\/www.lafarga.com\/corporatiu\/","name":"La Farga Gesti\u00f3 d&#039;Equipaments Municipals, SA","description":"","publisher":{"@id":"https:\/\/www.lafarga.com\/corporatiu\/#organization"},"potentialAction":[{"@type":"SearchAction","target":{"@type":"EntryPoint","urlTemplate":"https:\/\/www.lafarga.com\/corporatiu\/?s={search_term_string}"},"query-input":{"@type":"PropertyValueSpecification","valueRequired":true,"valueName":"search_term_string"}}],"inLanguage":"ca"},{"@type":"Organization","@id":"https:\/\/www.lafarga.com\/corporatiu\/#organization","name":"La Farga Gesti\u00f3 d&#039;Equipaments Municipals, SA","url":"https:\/\/www.lafarga.com\/corporatiu\/","logo":{"@type":"ImageObject","inLanguage":"ca","@id":"https:\/\/www.lafarga.com\/corporatiu\/#\/schema\/logo\/image\/","url":"https:\/\/www.lafarga.com\/corporatiu\/wp-content\/uploads\/2023\/11\/logotipo_lafarga_gemsa.svg","contentUrl":"https:\/\/www.lafarga.com\/corporatiu\/wp-content\/uploads\/2023\/11\/logotipo_lafarga_gemsa.svg","width":102,"height":103,"caption":"La Farga Gesti\u00f3 d&#039;Equipaments Municipals, SA"},"image":{"@id":"https:\/\/www.lafarga.com\/corporatiu\/#\/schema\/logo\/image\/"}},{"@type":"Person","@id":"https:\/\/www.lafarga.com\/corporatiu\/#\/schema\/person\/70d96fe17d0da1a9c9e80d232bdbcf33","name":"\u00d2scar Milla","image":{"@type":"ImageObject","inLanguage":"ca","@id":"https:\/\/secure.gravatar.com\/avatar\/92e75d184f9d5e0e403bd4ad075b080ad258344ddc259adddb579f6a3ba6494f?s=96&d=mm&r=g","url":"https:\/\/secure.gravatar.com\/avatar\/92e75d184f9d5e0e403bd4ad075b080ad258344ddc259adddb579f6a3ba6494f?s=96&d=mm&r=g","contentUrl":"https:\/\/secure.gravatar.com\/avatar\/92e75d184f9d5e0e403bd4ad075b080ad258344ddc259adddb579f6a3ba6494f?s=96&d=mm&r=g","caption":"\u00d2scar Milla"},"url":"https:\/\/www.lafarga.com\/corporatiu\/author\/omilla\/"}]}},"uagb_featured_image_src":{"full":["https:\/\/www.lafarga.com\/corporatiu\/wp-content\/uploads\/2016\/05\/innova-farga-conceptum.jpg",730,410,false],"thumbnail":["https:\/\/www.lafarga.com\/corporatiu\/wp-content\/uploads\/2016\/05\/innova-farga-conceptum-150x150.jpg",150,150,true],"medium":["https:\/\/www.lafarga.com\/corporatiu\/wp-content\/uploads\/2016\/05\/innova-farga-conceptum-300x168.jpg",300,168,true],"medium_large":["https:\/\/www.lafarga.com\/corporatiu\/wp-content\/uploads\/2016\/05\/innova-farga-conceptum.jpg",730,410,false],"large":["https:\/\/www.lafarga.com\/corporatiu\/wp-content\/uploads\/2016\/05\/innova-farga-conceptum.jpg",730,410,false],"1536x1536":["https:\/\/www.lafarga.com\/corporatiu\/wp-content\/uploads\/2016\/05\/innova-farga-conceptum.jpg",730,410,false],"2048x2048":["https:\/\/www.lafarga.com\/corporatiu\/wp-content\/uploads\/2016\/05\/innova-farga-conceptum.jpg",730,410,false],"mailpoet_newsletter_max":["https:\/\/www.lafarga.com\/corporatiu\/wp-content\/uploads\/2016\/05\/innova-farga-conceptum.jpg",730,410,false]},"uagb_author_info":{"display_name":"\u00d2scar Milla","author_link":"https:\/\/www.lafarga.com\/corporatiu\/author\/omilla\/"},"uagb_comment_info":0,"uagb_excerpt":"Tot a punt a La Farga de L\u2019Hospitalet per rebre per primera vegada el Sal\u00f3 Innova, Fira Internacional d\u2019Innovaci\u00f3, Investigaci\u00f3 i Noves Tecnologies. Durant tres dies el recinte de La Farga Centre d\u2019Activitats \u00e9s escenari d\u2019aquest certamen que durant 64 edicions s\u2019ha celebrat a Brussel\u00b7les.","_links":{"self":[{"href":"https:\/\/www.lafarga.com\/corporatiu\/wp-json\/wp\/v2\/posts\/7155","targetHints":{"allow":["GET"]}}],"collection":[{"href":"https:\/\/www.lafarga.com\/corporatiu\/wp-json\/wp\/v2\/posts"}],"about":[{"href":"https:\/\/www.lafarga.com\/corporatiu\/wp-json\/wp\/v2\/types\/post"}],"author":[{"embeddable":true,"href":"https:\/\/www.lafarga.com\/corporatiu\/wp-json\/wp\/v2\/users\/5"}],"replies":[{"embeddable":true,"href":"https:\/\/www.lafarga.com\/corporatiu\/wp-json\/wp\/v2\/comments?post=7155"}],"version-history":[{"count":4,"href":"https:\/\/www.lafarga.com\/corporatiu\/wp-json\/wp\/v2\/posts\/7155\/revisions"}],"predecessor-version":[{"id":7163,"href":"https:\/\/www.lafarga.com\/corporatiu\/wp-json\/wp\/v2\/posts\/7155\/revisions\/7163"}],"wp:featuredmedia":[{"embeddable":true,"href":"https:\/\/www.lafarga.com\/corporatiu\/wp-json\/wp\/v2\/media\/7156"}],"wp:attachment":[{"href":"https:\/\/www.lafarga.com\/corporatiu\/wp-json\/wp\/v2\/media?parent=7155"}],"wp:term":[{"taxonomy":"category","embeddable":true,"href":"https:\/\/www.lafarga.com\/corporatiu\/wp-json\/wp\/v2\/categories?post=7155"},{"taxonomy":"post_tag","embeddable":true,"href":"https:\/\/www.lafarga.com\/corporatiu\/wp-json\/wp\/v2\/tags?post=7155"}],"curies":[{"name":"wp","href":"https:\/\/api.w.org\/{rel}","templated":true}]}}