{"id":7012,"date":"2016-04-21T16:03:01","date_gmt":"2016-04-21T16:03:01","guid":{"rendered":"http:\/\/www.lafarga.com\/corporatiu\/?p=7012"},"modified":"2016-04-21T16:09:07","modified_gmt":"2016-04-21T16:09:07","slug":"aquest-divendres-barrinada-de-cinema","status":"publish","type":"post","link":"https:\/\/www.lafarga.com\/corporatiu\/aquest-divendres-barrinada-de-cinema\/","title":{"rendered":"Aquest divendres, Barrinada de Cinema"},"content":{"rendered":"<p><a href=\"http:\/\/www.torrebarrina.cat\/\" target=\"_blank\">Torre Barrina, Centre Municipal de Creaci\u00f3 Multim\u00e8dia de L&#8217;Hospitalet<\/a> organitza una nova Barrinada de Cinema sota el t\u00edtol \u201cQ\u00fcesti\u00f3 de g\u00e8nere en el cinema\u201d que tindr\u00e0 lloc el pr\u00f2xim divendres 22 d\u2019abril a les 19:00h.<\/p>\n<p>El debat d&#8217;aquesta Barrinada ser\u00e0 sobre l\u2019empremta de g\u00e8nere en el cinema amb Mercedes Gonz\u00e1lez, Sac-Nict\u00e9 Garc\u00eda, Irene Garc\u00e9s i David Hidalgo Moreno. Persones, totes elles, relacionades amb el m\u00f3n de la direcci\u00f3 cinematogr\u00e0fica.<\/p>\n<p>Mercedes Gonz\u00e1lez. Directora i guionista en cinema d\u2019autor.<br \/>\nSac-Nict\u00e9 Garc\u00eda. Realitzadora audiovisual. <a href=\"http:\/\/www.produccionspelegrines.com\" target=\"_blank\">www.produccionspelegrines.com<\/a><br \/>\nIrene Garc\u00e9s. Directora i guionista. <a href=\"http:\/\/www.irenegarces.com\" target=\"_blank\">www.irenegarces.com<\/a><br \/>\nDavid Hidalgo Moreno.Realizador audiovisual i actor. <a href=\"http:\/\/www.davidhidalgomoreno.com\" target=\"_blank\">www.davidhidalgomoreno.com<\/a><\/p>\n<p>Barrinades de Cinema \u00e9s una activitat de lliure acc\u00e9s.<\/p>\n","protected":false},"excerpt":{"rendered":"<p>Torre Barrina, Centre Municipal de Creaci\u00f3 Multim\u00e8dia de L&#8217;Hospitalet organitza una nova Barrinada de Cinema sota el t\u00edtol \u201cQ\u00fcesti\u00f3 de g\u00e8nere en el cinema\u201d que tindr\u00e0 lloc el pr\u00f2xim divendres 22 d\u2019abril a les 19:00h.<\/p>\n","protected":false},"author":5,"featured_media":7013,"comment_status":"closed","ping_status":"closed","sticky":false,"template":"","format":"standard","meta":{"inline_featured_image":false,"_uag_custom_page_level_css":"","_monsterinsights_skip_tracking":false,"_monsterinsights_sitenote_active":false,"_monsterinsights_sitenote_note":"","_monsterinsights_sitenote_category":0,"site-sidebar-layout":"default","site-content-layout":"","ast-site-content-layout":"default","site-content-style":"default","site-sidebar-style":"default","ast-global-header-display":"","ast-banner-title-visibility":"","ast-main-header-display":"","ast-hfb-above-header-display":"","ast-hfb-below-header-display":"","ast-hfb-mobile-header-display":"","site-post-title":"","ast-breadcrumbs-content":"","ast-featured-img":"","footer-sml-layout":"","ast-disable-related-posts":"","theme-transparent-header-meta":"","adv-header-id-meta":"","stick-header-meta":"","header-above-stick-meta":"","header-main-stick-meta":"","header-below-stick-meta":"","astra-migrate-meta-layouts":"default","ast-page-background-enabled":"default","ast-page-background-meta":{"desktop":{"background-color":"var(--ast-global-color-4)","background-image":"","background-repeat":"repeat","background-position":"center center","background-size":"auto","background-attachment":"scroll","background-type":"","background-media":"","overlay-type":"","overlay-color":"","overlay-opacity":"","overlay-gradient":""},"tablet":{"background-color":"","background-image":"","background-repeat":"repeat","background-position":"center center","background-size":"auto","background-attachment":"scroll","background-type":"","background-media":"","overlay-type":"","overlay-color":"","overlay-opacity":"","overlay-gradient":""},"mobile":{"background-color":"","background-image":"","background-repeat":"repeat","background-position":"center center","background-size":"auto","background-attachment":"scroll","background-type":"","background-media":"","overlay-type":"","overlay-color":"","overlay-opacity":"","overlay-gradient":""}},"ast-content-background-meta":{"desktop":{"background-color":"var(--ast-global-color-5)","background-image":"","background-repeat":"repeat","background-position":"center center","background-size":"auto","background-attachment":"scroll","background-type":"","background-media":"","overlay-type":"","overlay-color":"","overlay-opacity":"","overlay-gradient":""},"tablet":{"background-color":"var(--ast-global-color-5)","background-image":"","background-repeat":"repeat","background-position":"center center","background-size":"auto","background-attachment":"scroll","background-type":"","background-media":"","overlay-type":"","overlay-color":"","overlay-opacity":"","overlay-gradient":""},"mobile":{"background-color":"var(--ast-global-color-5)","background-image":"","background-repeat":"repeat","background-position":"center center","background-size":"auto","background-attachment":"scroll","background-type":"","background-media":"","overlay-type":"","overlay-color":"","overlay-opacity":"","overlay-gradient":""}},"footnotes":""},"categories":[57],"tags":[],"class_list":["post-7012","post","type-post","status-publish","format-standard","has-post-thumbnail","hentry","category-torre-barrina"],"yoast_head":"<!-- This site is optimized with the Yoast SEO plugin v27.4 - https:\/\/yoast.com\/product\/yoast-seo-wordpress\/ -->\n<title>Aquest divendres, Barrinada de Cinema - La Farga Gesti\u00f3n de Equipamientos Municipales, S.A.<\/title>\n<meta name=\"description\" content=\"Torre Barrina, Centre Municipal de Creaci\u00f3 Multim\u00e8dia de L&#039;Hospitalet organitza una nova Barrinada de Cinema sota el t\u00edtol \u201cQ\u00fcesti\u00f3 de g\u00e8nere en el cinema\u201d.\" \/>\n<meta name=\"robots\" content=\"index, follow, max-snippet:-1, max-image-preview:large, max-video-preview:-1\" \/>\n<link rel=\"canonical\" href=\"https:\/\/www.lafarga.com\/corporatiu\/aquest-divendres-barrinada-de-cinema\/\" \/>\n<meta property=\"og:locale\" content=\"ca_ES\" \/>\n<meta property=\"og:type\" content=\"article\" \/>\n<meta property=\"og:title\" content=\"Aquest divendres, Barrinada de Cinema - La Farga Gesti\u00f3n de Equipamientos Municipales, S.A.\" \/>\n<meta property=\"og:description\" content=\"Torre Barrina, Centre Municipal de Creaci\u00f3 Multim\u00e8dia de L&#039;Hospitalet organitza una nova Barrinada de Cinema sota el t\u00edtol \u201cQ\u00fcesti\u00f3 de g\u00e8nere en el cinema\u201d.\" \/>\n<meta property=\"og:url\" content=\"https:\/\/www.lafarga.com\/corporatiu\/aquest-divendres-barrinada-de-cinema\/\" \/>\n<meta property=\"og:site_name\" content=\"La Farga Gesti\u00f3n de Equipamientos Municipales, S.A.\" \/>\n<meta property=\"article:published_time\" content=\"2016-04-21T16:03:01+00:00\" \/>\n<meta property=\"article:modified_time\" content=\"2016-04-21T16:09:07+00:00\" \/>\n<meta property=\"og:image\" content=\"https:\/\/www.lafarga.com\/corporatiu\/wp-content\/uploads\/2016\/04\/barrinada-farga-cinema.jpg\" \/>\n\t<meta property=\"og:image:width\" content=\"730\" \/>\n\t<meta property=\"og:image:height\" content=\"410\" \/>\n\t<meta property=\"og:image:type\" content=\"image\/jpeg\" \/>\n<meta name=\"author\" content=\"\u00d2scar Milla\" \/>\n<meta name=\"twitter:label1\" content=\"Escrit per\" \/>\n\t<meta name=\"twitter:data1\" content=\"\u00d2scar Milla\" \/>\n\t<meta name=\"twitter:label2\" content=\"Temps estimat de lectura\" \/>\n\t<meta name=\"twitter:data2\" content=\"1 minut\" \/>\n<script type=\"application\/ld+json\" class=\"yoast-schema-graph\">{\"@context\":\"https:\\\/\\\/schema.org\",\"@graph\":[{\"@type\":\"Article\",\"@id\":\"https:\\\/\\\/www.lafarga.com\\\/corporatiu\\\/aquest-divendres-barrinada-de-cinema\\\/#article\",\"isPartOf\":{\"@id\":\"https:\\\/\\\/www.lafarga.com\\\/corporatiu\\\/aquest-divendres-barrinada-de-cinema\\\/\"},\"author\":{\"name\":\"\u00d2scar Milla\",\"@id\":\"https:\\\/\\\/www.lafarga.com\\\/corporatiu\\\/#\\\/schema\\\/person\\\/70d96fe17d0da1a9c9e80d232bdbcf33\"},\"headline\":\"Aquest divendres, Barrinada de Cinema\",\"datePublished\":\"2016-04-21T16:03:01+00:00\",\"dateModified\":\"2016-04-21T16:09:07+00:00\",\"mainEntityOfPage\":{\"@id\":\"https:\\\/\\\/www.lafarga.com\\\/corporatiu\\\/aquest-divendres-barrinada-de-cinema\\\/\"},\"wordCount\":135,\"publisher\":{\"@id\":\"https:\\\/\\\/www.lafarga.com\\\/corporatiu\\\/#organization\"},\"image\":{\"@id\":\"https:\\\/\\\/www.lafarga.com\\\/corporatiu\\\/aquest-divendres-barrinada-de-cinema\\\/#primaryimage\"},\"thumbnailUrl\":\"https:\\\/\\\/www.lafarga.com\\\/corporatiu\\\/wp-content\\\/uploads\\\/2016\\\/04\\\/barrinada-farga-cinema.jpg\",\"articleSection\":[\"Torre Barrina\"],\"inLanguage\":\"ca\"},{\"@type\":\"WebPage\",\"@id\":\"https:\\\/\\\/www.lafarga.com\\\/corporatiu\\\/aquest-divendres-barrinada-de-cinema\\\/\",\"url\":\"https:\\\/\\\/www.lafarga.com\\\/corporatiu\\\/aquest-divendres-barrinada-de-cinema\\\/\",\"name\":\"Aquest divendres, Barrinada de Cinema - La Farga Gesti\u00f3n de Equipamientos Municipales, S.A.\",\"isPartOf\":{\"@id\":\"https:\\\/\\\/www.lafarga.com\\\/corporatiu\\\/#website\"},\"primaryImageOfPage\":{\"@id\":\"https:\\\/\\\/www.lafarga.com\\\/corporatiu\\\/aquest-divendres-barrinada-de-cinema\\\/#primaryimage\"},\"image\":{\"@id\":\"https:\\\/\\\/www.lafarga.com\\\/corporatiu\\\/aquest-divendres-barrinada-de-cinema\\\/#primaryimage\"},\"thumbnailUrl\":\"https:\\\/\\\/www.lafarga.com\\\/corporatiu\\\/wp-content\\\/uploads\\\/2016\\\/04\\\/barrinada-farga-cinema.jpg\",\"datePublished\":\"2016-04-21T16:03:01+00:00\",\"dateModified\":\"2016-04-21T16:09:07+00:00\",\"description\":\"Torre Barrina, Centre Municipal de Creaci\u00f3 Multim\u00e8dia de L'Hospitalet organitza una nova Barrinada de Cinema sota el t\u00edtol \u201cQ\u00fcesti\u00f3 de g\u00e8nere en el cinema\u201d.\",\"breadcrumb\":{\"@id\":\"https:\\\/\\\/www.lafarga.com\\\/corporatiu\\\/aquest-divendres-barrinada-de-cinema\\\/#breadcrumb\"},\"inLanguage\":\"ca\",\"potentialAction\":[{\"@type\":\"ReadAction\",\"target\":[\"https:\\\/\\\/www.lafarga.com\\\/corporatiu\\\/aquest-divendres-barrinada-de-cinema\\\/\"]}]},{\"@type\":\"ImageObject\",\"inLanguage\":\"ca\",\"@id\":\"https:\\\/\\\/www.lafarga.com\\\/corporatiu\\\/aquest-divendres-barrinada-de-cinema\\\/#primaryimage\",\"url\":\"https:\\\/\\\/www.lafarga.com\\\/corporatiu\\\/wp-content\\\/uploads\\\/2016\\\/04\\\/barrinada-farga-cinema.jpg\",\"contentUrl\":\"https:\\\/\\\/www.lafarga.com\\\/corporatiu\\\/wp-content\\\/uploads\\\/2016\\\/04\\\/barrinada-farga-cinema.jpg\",\"width\":730,\"height\":410},{\"@type\":\"BreadcrumbList\",\"@id\":\"https:\\\/\\\/www.lafarga.com\\\/corporatiu\\\/aquest-divendres-barrinada-de-cinema\\\/#breadcrumb\",\"itemListElement\":[{\"@type\":\"ListItem\",\"position\":1,\"name\":\"Home\",\"item\":\"https:\\\/\\\/www.lafarga.com\\\/corporatiu\\\/lafarga-hospitalet-llobregat\\\/\"},{\"@type\":\"ListItem\",\"position\":2,\"name\":\"Aquest divendres, Barrinada de Cinema\"}]},{\"@type\":\"WebSite\",\"@id\":\"https:\\\/\\\/www.lafarga.com\\\/corporatiu\\\/#website\",\"url\":\"https:\\\/\\\/www.lafarga.com\\\/corporatiu\\\/\",\"name\":\"La Farga Gesti\u00f3 d&#039;Equipaments Municipals, SA\",\"description\":\"\",\"publisher\":{\"@id\":\"https:\\\/\\\/www.lafarga.com\\\/corporatiu\\\/#organization\"},\"potentialAction\":[{\"@type\":\"SearchAction\",\"target\":{\"@type\":\"EntryPoint\",\"urlTemplate\":\"https:\\\/\\\/www.lafarga.com\\\/corporatiu\\\/?s={search_term_string}\"},\"query-input\":{\"@type\":\"PropertyValueSpecification\",\"valueRequired\":true,\"valueName\":\"search_term_string\"}}],\"inLanguage\":\"ca\"},{\"@type\":\"Organization\",\"@id\":\"https:\\\/\\\/www.lafarga.com\\\/corporatiu\\\/#organization\",\"name\":\"La Farga Gesti\u00f3 d&#039;Equipaments Municipals, SA\",\"url\":\"https:\\\/\\\/www.lafarga.com\\\/corporatiu\\\/\",\"logo\":{\"@type\":\"ImageObject\",\"inLanguage\":\"ca\",\"@id\":\"https:\\\/\\\/www.lafarga.com\\\/corporatiu\\\/#\\\/schema\\\/logo\\\/image\\\/\",\"url\":\"https:\\\/\\\/www.lafarga.com\\\/corporatiu\\\/wp-content\\\/uploads\\\/2023\\\/11\\\/logotipo_lafarga_gemsa.svg\",\"contentUrl\":\"https:\\\/\\\/www.lafarga.com\\\/corporatiu\\\/wp-content\\\/uploads\\\/2023\\\/11\\\/logotipo_lafarga_gemsa.svg\",\"width\":102,\"height\":103,\"caption\":\"La Farga Gesti\u00f3 d&#039;Equipaments Municipals, SA\"},\"image\":{\"@id\":\"https:\\\/\\\/www.lafarga.com\\\/corporatiu\\\/#\\\/schema\\\/logo\\\/image\\\/\"}},{\"@type\":\"Person\",\"@id\":\"https:\\\/\\\/www.lafarga.com\\\/corporatiu\\\/#\\\/schema\\\/person\\\/70d96fe17d0da1a9c9e80d232bdbcf33\",\"name\":\"\u00d2scar Milla\",\"image\":{\"@type\":\"ImageObject\",\"inLanguage\":\"ca\",\"@id\":\"https:\\\/\\\/secure.gravatar.com\\\/avatar\\\/92e75d184f9d5e0e403bd4ad075b080ad258344ddc259adddb579f6a3ba6494f?s=96&d=mm&r=g\",\"url\":\"https:\\\/\\\/secure.gravatar.com\\\/avatar\\\/92e75d184f9d5e0e403bd4ad075b080ad258344ddc259adddb579f6a3ba6494f?s=96&d=mm&r=g\",\"contentUrl\":\"https:\\\/\\\/secure.gravatar.com\\\/avatar\\\/92e75d184f9d5e0e403bd4ad075b080ad258344ddc259adddb579f6a3ba6494f?s=96&d=mm&r=g\",\"caption\":\"\u00d2scar Milla\"},\"url\":\"https:\\\/\\\/www.lafarga.com\\\/corporatiu\\\/author\\\/omilla\\\/\"}]}<\/script>\n<!-- \/ Yoast SEO plugin. -->","yoast_head_json":{"title":"Aquest divendres, Barrinada de Cinema - La Farga Gesti\u00f3n de Equipamientos Municipales, S.A.","description":"Torre Barrina, Centre Municipal de Creaci\u00f3 Multim\u00e8dia de L'Hospitalet organitza una nova Barrinada de Cinema sota el t\u00edtol \u201cQ\u00fcesti\u00f3 de g\u00e8nere en el cinema\u201d.","robots":{"index":"index","follow":"follow","max-snippet":"max-snippet:-1","max-image-preview":"max-image-preview:large","max-video-preview":"max-video-preview:-1"},"canonical":"https:\/\/www.lafarga.com\/corporatiu\/aquest-divendres-barrinada-de-cinema\/","og_locale":"ca_ES","og_type":"article","og_title":"Aquest divendres, Barrinada de Cinema - La Farga Gesti\u00f3n de Equipamientos Municipales, S.A.","og_description":"Torre Barrina, Centre Municipal de Creaci\u00f3 Multim\u00e8dia de L'Hospitalet organitza una nova Barrinada de Cinema sota el t\u00edtol \u201cQ\u00fcesti\u00f3 de g\u00e8nere en el cinema\u201d.","og_url":"https:\/\/www.lafarga.com\/corporatiu\/aquest-divendres-barrinada-de-cinema\/","og_site_name":"La Farga Gesti\u00f3n de Equipamientos Municipales, S.A.","article_published_time":"2016-04-21T16:03:01+00:00","article_modified_time":"2016-04-21T16:09:07+00:00","og_image":[{"width":730,"height":410,"url":"https:\/\/www.lafarga.com\/corporatiu\/wp-content\/uploads\/2016\/04\/barrinada-farga-cinema.jpg","type":"image\/jpeg"}],"author":"\u00d2scar Milla","twitter_misc":{"Escrit per":"\u00d2scar Milla","Temps estimat de lectura":"1 minut"},"schema":{"@context":"https:\/\/schema.org","@graph":[{"@type":"Article","@id":"https:\/\/www.lafarga.com\/corporatiu\/aquest-divendres-barrinada-de-cinema\/#article","isPartOf":{"@id":"https:\/\/www.lafarga.com\/corporatiu\/aquest-divendres-barrinada-de-cinema\/"},"author":{"name":"\u00d2scar Milla","@id":"https:\/\/www.lafarga.com\/corporatiu\/#\/schema\/person\/70d96fe17d0da1a9c9e80d232bdbcf33"},"headline":"Aquest divendres, Barrinada de Cinema","datePublished":"2016-04-21T16:03:01+00:00","dateModified":"2016-04-21T16:09:07+00:00","mainEntityOfPage":{"@id":"https:\/\/www.lafarga.com\/corporatiu\/aquest-divendres-barrinada-de-cinema\/"},"wordCount":135,"publisher":{"@id":"https:\/\/www.lafarga.com\/corporatiu\/#organization"},"image":{"@id":"https:\/\/www.lafarga.com\/corporatiu\/aquest-divendres-barrinada-de-cinema\/#primaryimage"},"thumbnailUrl":"https:\/\/www.lafarga.com\/corporatiu\/wp-content\/uploads\/2016\/04\/barrinada-farga-cinema.jpg","articleSection":["Torre Barrina"],"inLanguage":"ca"},{"@type":"WebPage","@id":"https:\/\/www.lafarga.com\/corporatiu\/aquest-divendres-barrinada-de-cinema\/","url":"https:\/\/www.lafarga.com\/corporatiu\/aquest-divendres-barrinada-de-cinema\/","name":"Aquest divendres, Barrinada de Cinema - La Farga Gesti\u00f3n de Equipamientos Municipales, S.A.","isPartOf":{"@id":"https:\/\/www.lafarga.com\/corporatiu\/#website"},"primaryImageOfPage":{"@id":"https:\/\/www.lafarga.com\/corporatiu\/aquest-divendres-barrinada-de-cinema\/#primaryimage"},"image":{"@id":"https:\/\/www.lafarga.com\/corporatiu\/aquest-divendres-barrinada-de-cinema\/#primaryimage"},"thumbnailUrl":"https:\/\/www.lafarga.com\/corporatiu\/wp-content\/uploads\/2016\/04\/barrinada-farga-cinema.jpg","datePublished":"2016-04-21T16:03:01+00:00","dateModified":"2016-04-21T16:09:07+00:00","description":"Torre Barrina, Centre Municipal de Creaci\u00f3 Multim\u00e8dia de L'Hospitalet organitza una nova Barrinada de Cinema sota el t\u00edtol \u201cQ\u00fcesti\u00f3 de g\u00e8nere en el cinema\u201d.","breadcrumb":{"@id":"https:\/\/www.lafarga.com\/corporatiu\/aquest-divendres-barrinada-de-cinema\/#breadcrumb"},"inLanguage":"ca","potentialAction":[{"@type":"ReadAction","target":["https:\/\/www.lafarga.com\/corporatiu\/aquest-divendres-barrinada-de-cinema\/"]}]},{"@type":"ImageObject","inLanguage":"ca","@id":"https:\/\/www.lafarga.com\/corporatiu\/aquest-divendres-barrinada-de-cinema\/#primaryimage","url":"https:\/\/www.lafarga.com\/corporatiu\/wp-content\/uploads\/2016\/04\/barrinada-farga-cinema.jpg","contentUrl":"https:\/\/www.lafarga.com\/corporatiu\/wp-content\/uploads\/2016\/04\/barrinada-farga-cinema.jpg","width":730,"height":410},{"@type":"BreadcrumbList","@id":"https:\/\/www.lafarga.com\/corporatiu\/aquest-divendres-barrinada-de-cinema\/#breadcrumb","itemListElement":[{"@type":"ListItem","position":1,"name":"Home","item":"https:\/\/www.lafarga.com\/corporatiu\/lafarga-hospitalet-llobregat\/"},{"@type":"ListItem","position":2,"name":"Aquest divendres, Barrinada de Cinema"}]},{"@type":"WebSite","@id":"https:\/\/www.lafarga.com\/corporatiu\/#website","url":"https:\/\/www.lafarga.com\/corporatiu\/","name":"La Farga Gesti\u00f3 d&#039;Equipaments Municipals, SA","description":"","publisher":{"@id":"https:\/\/www.lafarga.com\/corporatiu\/#organization"},"potentialAction":[{"@type":"SearchAction","target":{"@type":"EntryPoint","urlTemplate":"https:\/\/www.lafarga.com\/corporatiu\/?s={search_term_string}"},"query-input":{"@type":"PropertyValueSpecification","valueRequired":true,"valueName":"search_term_string"}}],"inLanguage":"ca"},{"@type":"Organization","@id":"https:\/\/www.lafarga.com\/corporatiu\/#organization","name":"La Farga Gesti\u00f3 d&#039;Equipaments Municipals, SA","url":"https:\/\/www.lafarga.com\/corporatiu\/","logo":{"@type":"ImageObject","inLanguage":"ca","@id":"https:\/\/www.lafarga.com\/corporatiu\/#\/schema\/logo\/image\/","url":"https:\/\/www.lafarga.com\/corporatiu\/wp-content\/uploads\/2023\/11\/logotipo_lafarga_gemsa.svg","contentUrl":"https:\/\/www.lafarga.com\/corporatiu\/wp-content\/uploads\/2023\/11\/logotipo_lafarga_gemsa.svg","width":102,"height":103,"caption":"La Farga Gesti\u00f3 d&#039;Equipaments Municipals, SA"},"image":{"@id":"https:\/\/www.lafarga.com\/corporatiu\/#\/schema\/logo\/image\/"}},{"@type":"Person","@id":"https:\/\/www.lafarga.com\/corporatiu\/#\/schema\/person\/70d96fe17d0da1a9c9e80d232bdbcf33","name":"\u00d2scar Milla","image":{"@type":"ImageObject","inLanguage":"ca","@id":"https:\/\/secure.gravatar.com\/avatar\/92e75d184f9d5e0e403bd4ad075b080ad258344ddc259adddb579f6a3ba6494f?s=96&d=mm&r=g","url":"https:\/\/secure.gravatar.com\/avatar\/92e75d184f9d5e0e403bd4ad075b080ad258344ddc259adddb579f6a3ba6494f?s=96&d=mm&r=g","contentUrl":"https:\/\/secure.gravatar.com\/avatar\/92e75d184f9d5e0e403bd4ad075b080ad258344ddc259adddb579f6a3ba6494f?s=96&d=mm&r=g","caption":"\u00d2scar Milla"},"url":"https:\/\/www.lafarga.com\/corporatiu\/author\/omilla\/"}]}},"uagb_featured_image_src":{"full":["https:\/\/www.lafarga.com\/corporatiu\/wp-content\/uploads\/2016\/04\/barrinada-farga-cinema.jpg",730,410,false],"thumbnail":["https:\/\/www.lafarga.com\/corporatiu\/wp-content\/uploads\/2016\/04\/barrinada-farga-cinema-150x150.jpg",150,150,true],"medium":["https:\/\/www.lafarga.com\/corporatiu\/wp-content\/uploads\/2016\/04\/barrinada-farga-cinema-300x168.jpg",300,168,true],"medium_large":["https:\/\/www.lafarga.com\/corporatiu\/wp-content\/uploads\/2016\/04\/barrinada-farga-cinema.jpg",730,410,false],"large":["https:\/\/www.lafarga.com\/corporatiu\/wp-content\/uploads\/2016\/04\/barrinada-farga-cinema.jpg",730,410,false],"1536x1536":["https:\/\/www.lafarga.com\/corporatiu\/wp-content\/uploads\/2016\/04\/barrinada-farga-cinema.jpg",730,410,false],"2048x2048":["https:\/\/www.lafarga.com\/corporatiu\/wp-content\/uploads\/2016\/04\/barrinada-farga-cinema.jpg",730,410,false],"mailpoet_newsletter_max":["https:\/\/www.lafarga.com\/corporatiu\/wp-content\/uploads\/2016\/04\/barrinada-farga-cinema.jpg",730,410,false]},"uagb_author_info":{"display_name":"\u00d2scar Milla","author_link":"https:\/\/www.lafarga.com\/corporatiu\/author\/omilla\/"},"uagb_comment_info":0,"uagb_excerpt":"Torre Barrina, Centre Municipal de Creaci\u00f3 Multim\u00e8dia de L'Hospitalet organitza una nova Barrinada de Cinema sota el t\u00edtol \u201cQ\u00fcesti\u00f3 de g\u00e8nere en el cinema\u201d que tindr\u00e0 lloc el pr\u00f2xim divendres 22 d\u2019abril a les 19:00h.","_links":{"self":[{"href":"https:\/\/www.lafarga.com\/corporatiu\/wp-json\/wp\/v2\/posts\/7012","targetHints":{"allow":["GET"]}}],"collection":[{"href":"https:\/\/www.lafarga.com\/corporatiu\/wp-json\/wp\/v2\/posts"}],"about":[{"href":"https:\/\/www.lafarga.com\/corporatiu\/wp-json\/wp\/v2\/types\/post"}],"author":[{"embeddable":true,"href":"https:\/\/www.lafarga.com\/corporatiu\/wp-json\/wp\/v2\/users\/5"}],"replies":[{"embeddable":true,"href":"https:\/\/www.lafarga.com\/corporatiu\/wp-json\/wp\/v2\/comments?post=7012"}],"version-history":[{"count":2,"href":"https:\/\/www.lafarga.com\/corporatiu\/wp-json\/wp\/v2\/posts\/7012\/revisions"}],"predecessor-version":[{"id":7019,"href":"https:\/\/www.lafarga.com\/corporatiu\/wp-json\/wp\/v2\/posts\/7012\/revisions\/7019"}],"wp:featuredmedia":[{"embeddable":true,"href":"https:\/\/www.lafarga.com\/corporatiu\/wp-json\/wp\/v2\/media\/7013"}],"wp:attachment":[{"href":"https:\/\/www.lafarga.com\/corporatiu\/wp-json\/wp\/v2\/media?parent=7012"}],"wp:term":[{"taxonomy":"category","embeddable":true,"href":"https:\/\/www.lafarga.com\/corporatiu\/wp-json\/wp\/v2\/categories?post=7012"},{"taxonomy":"post_tag","embeddable":true,"href":"https:\/\/www.lafarga.com\/corporatiu\/wp-json\/wp\/v2\/tags?post=7012"}],"curies":[{"name":"wp","href":"https:\/\/api.w.org\/{rel}","templated":true}]}}