{"id":6874,"date":"2016-03-31T10:29:32","date_gmt":"2016-03-31T10:29:32","guid":{"rendered":"http:\/\/www.lafarga.com\/corporatiu\/?p=6874"},"modified":"2016-06-29T10:33:21","modified_gmt":"2016-06-29T10:33:21","slug":"contractacion-del-servicio-de-seguridad-para-diferentes-espacios-del-centro-de-actividades","status":"publish","type":"post","link":"https:\/\/www.lafarga.com\/corporatiu\/contractacion-del-servicio-de-seguridad-para-diferentes-espacios-del-centro-de-actividades\/","title":{"rendered":"Contractaci\u00f3n del servicio de seguridad para diferentes espacios del Centro de Actividades"},"content":{"rendered":"<p>La Farga, Gesti\u00f3n de Equipamientos Municipales, SA, convoca la licitaci\u00f3n siguiente:<\/p>\n<p>Objeto: la contrataci\u00f3n del servicio de seguridad (sin arma) del recinto ferial, sala polivalente, hall y resto de salas, as\u00ed como accesos al Centro de Actividades por las calles Barcelona y Girona que gestiona esta sociedad municipal.<\/p>\n<p>Valor estimado contrato: 92.585,70\u20ac (NOVENTA Y DOS MIL QUINIENTOS OCHENTA Y CINCO EUROS CON SETENTA C\u00c9NTIMOS) IVA excluido, por 2 a\u00f1os de contrato y una posible pr\u00f3rroga.<\/p>\n<p>Duraci\u00f3n del contrato: El contrato tendr\u00e1 una duraci\u00f3n de 2 a\u00f1os m\u00e1s una posible pr\u00f3rroga de 1 a\u00f1o.<\/p>\n<p>Procedimiento de selecci\u00f3n: Abierto no armonizado.<\/p>\n<p>Fecha l\u00edmite presentaci\u00f3n de ofertas: 21\/04\/2016, a las 14:00 horas.<\/p>\n<p>Apertura p\u00fablica proposiciones: 29\/04\/2016, a las 12:00 horas.<\/p>\n<p><strong>Informaci\u00f3n y lugar de presentaci\u00f3n<\/strong>:<\/p>\n<p>En las oficinas de La Farga, GEM, SA. C. Barcelona, 2 de L&#8217;Hospitalet de Llobregat, de 9 a 14h, de lunes a viernes y en la web <a href=\"http:\/\/www.lafarga.com\" target=\"_blank\">www.lafarga.com<\/a>. Tel\u00e9fono 93 261 52 00.<\/p>\n<p>El Gerente de La Farga, GEM, SA.<br \/>\nManuel P\u00e9rez Gim\u00e9nez<\/p>\n<p>L&#8217;Hospitalet, 31 de marzo de 2016<\/p>\n<ul>\n<li><a href=\"https:\/\/www.lafarga.com\/corporatiu\/wp-content\/uploads\/2016\/03\/PLECS-ADMINISTRATIUS-SEGURETAT-CENTE-ACTIVITATS.pdf\" target=\"_blank\">Pliegos administrativos servicio seguridad Centro de Actividades<\/a><\/li>\n<li><a href=\"https:\/\/www.lafarga.com\/corporatiu\/wp-content\/uploads\/2016\/03\/PLECS-T\u00c8CNICS-SEGURETAT-CENTRE-ACTIVITATS.pdf\" target=\"_blank\">Pliegos t\u00e9cnicos servicio seguridad Centro de Actividades<\/a><\/li>\n<li><a href=\"https:\/\/www.lafarga.com\/corporatiu\/wp-content\/uploads\/2016\/04\/ESMENA-PLECS-T\u00c8CNICS-SERVEI-DE-SEGURETAT-CENTRE-ACTIVITATS.pdf\" target=\"_blank\">Enmienda pliegos t\u00e9cnicos servicio seguridad Centro de Actividades<\/a><\/li>\n<li><a href=\"https:\/\/www.lafarga.com\/corporatiu\/wp-content\/uploads\/2016\/04\/ACTA-OBERTURA-SOBRES-A-CONCURS-SEGURETAT-CENTRE-ACTIVITATS.pdf\" target=\"_blank\">Acta apertura sobre A concurso servicio seguridad Centro de Actividades<\/a><\/li>\n<li><a href=\"https:\/\/www.lafarga.com\/corporatiu\/wp-content\/uploads\/2016\/06\/ACTA-APERTURA-SOBRES-B-i-C-SERVEI-SEGURETAT-.pdf\" target=\"_blank\">Acta apertura sobres B y C concurso servicio seguridad Centro de Actividades<\/a><\/li>\n<li><a href=\"https:\/\/www.lafarga.com\/corporatiu\/wp-content\/uploads\/2016\/06\/RESOLUCI\u00d3-GER\u00c8NCIA-DECLARANT-CLASSIFICADES-OFERTES-SEGURETAT.pdf\" target=\"_blank\">Resoluci\u00f3n gerencia declarando clasificadas ofertas concurso servicio seguridad Centro de Actividades<\/a><\/li>\n<\/ul>\n","protected":false},"excerpt":{"rendered":"<p>La Farga, GEM, SA, informa: la contrataci\u00f3n del servicio de seguridad (sin arma) del recinto ferial, sala polivalente, hall y resto de salas, as\u00ed como accesos al Centro de Actividades por las calles Barcelona y Girona que gestiona esta sociedad municipal.<\/p>\n","protected":false},"author":8,"featured_media":6869,"comment_status":"closed","ping_status":"closed","sticky":false,"template":"","format":"standard","meta":{"inline_featured_image":false,"_uag_custom_page_level_css":"","_monsterinsights_skip_tracking":false,"_monsterinsights_sitenote_active":false,"_monsterinsights_sitenote_note":"","_monsterinsights_sitenote_category":0,"site-sidebar-layout":"default","site-content-layout":"","ast-site-content-layout":"default","site-content-style":"default","site-sidebar-style":"default","ast-global-header-display":"","ast-banner-title-visibility":"","ast-main-header-display":"","ast-hfb-above-header-display":"","ast-hfb-below-header-display":"","ast-hfb-mobile-header-display":"","site-post-title":"","ast-breadcrumbs-content":"","ast-featured-img":"","footer-sml-layout":"","ast-disable-related-posts":"","theme-transparent-header-meta":"","adv-header-id-meta":"","stick-header-meta":"","header-above-stick-meta":"","header-main-stick-meta":"","header-below-stick-meta":"","astra-migrate-meta-layouts":"default","ast-page-background-enabled":"default","ast-page-background-meta":{"desktop":{"background-color":"var(--ast-global-color-4)","background-image":"","background-repeat":"repeat","background-position":"center center","background-size":"auto","background-attachment":"scroll","background-type":"","background-media":"","overlay-type":"","overlay-color":"","overlay-opacity":"","overlay-gradient":""},"tablet":{"background-color":"","background-image":"","background-repeat":"repeat","background-position":"center center","background-size":"auto","background-attachment":"scroll","background-type":"","background-media":"","overlay-type":"","overlay-color":"","overlay-opacity":"","overlay-gradient":""},"mobile":{"background-color":"","background-image":"","background-repeat":"repeat","background-position":"center center","background-size":"auto","background-attachment":"scroll","background-type":"","background-media":"","overlay-type":"","overlay-color":"","overlay-opacity":"","overlay-gradient":""}},"ast-content-background-meta":{"desktop":{"background-color":"var(--ast-global-color-5)","background-image":"","background-repeat":"repeat","background-position":"center center","background-size":"auto","background-attachment":"scroll","background-type":"","background-media":"","overlay-type":"","overlay-color":"","overlay-opacity":"","overlay-gradient":""},"tablet":{"background-color":"var(--ast-global-color-5)","background-image":"","background-repeat":"repeat","background-position":"center center","background-size":"auto","background-attachment":"scroll","background-type":"","background-media":"","overlay-type":"","overlay-color":"","overlay-opacity":"","overlay-gradient":""},"mobile":{"background-color":"var(--ast-global-color-5)","background-image":"","background-repeat":"repeat","background-position":"center center","background-size":"auto","background-attachment":"scroll","background-type":"","background-media":"","overlay-type":"","overlay-color":"","overlay-opacity":"","overlay-gradient":""}},"footnotes":""},"categories":[75],"tags":[],"class_list":["post-6874","post","type-post","status-publish","format-standard","has-post-thumbnail","hentry","category-contrataciones-en-curso"],"yoast_head":"<!-- This site is optimized with the Yoast SEO plugin v27.4 - https:\/\/yoast.com\/product\/yoast-seo-wordpress\/ -->\n<title>Contractaci\u00f3n del servicio de seguridad para diferentes espacios del Centro de Actividades - La Farga Gesti\u00f3n de Equipamientos Municipales, S.A.<\/title>\n<meta name=\"description\" content=\"Contractaci\u00f3 servei seguretat (sense arma) recinte firal, sala polivalent, hall i resta sales, i accessos Centre d\u2019Activitats carrers Barcelona i Girona.\" \/>\n<meta name=\"robots\" content=\"index, follow, max-snippet:-1, max-image-preview:large, max-video-preview:-1\" \/>\n<link rel=\"canonical\" href=\"https:\/\/www.lafarga.com\/corporatiu\/contractacion-del-servicio-de-seguridad-para-diferentes-espacios-del-centro-de-actividades\/\" \/>\n<meta property=\"og:locale\" content=\"ca_ES\" \/>\n<meta property=\"og:type\" content=\"article\" \/>\n<meta property=\"og:title\" content=\"Contractaci\u00f3n del servicio de seguridad para diferentes espacios del Centro de Actividades - La Farga Gesti\u00f3n de Equipamientos Municipales, S.A.\" \/>\n<meta property=\"og:description\" content=\"Contractaci\u00f3 servei seguretat (sense arma) recinte firal, sala polivalent, hall i resta sales, i accessos Centre d\u2019Activitats carrers Barcelona i Girona.\" \/>\n<meta property=\"og:url\" content=\"https:\/\/www.lafarga.com\/corporatiu\/contractacion-del-servicio-de-seguridad-para-diferentes-espacios-del-centro-de-actividades\/\" \/>\n<meta property=\"og:site_name\" content=\"La Farga Gesti\u00f3n de Equipamientos Municipales, S.A.\" \/>\n<meta property=\"article:published_time\" content=\"2016-03-31T10:29:32+00:00\" \/>\n<meta property=\"article:modified_time\" content=\"2016-06-29T10:33:21+00:00\" \/>\n<meta property=\"og:image\" content=\"https:\/\/www.lafarga.com\/corporatiu\/wp-content\/uploads\/2016\/03\/edifici-farga-activitats.jpg\" \/>\n\t<meta property=\"og:image:width\" content=\"730\" \/>\n\t<meta property=\"og:image:height\" content=\"410\" \/>\n\t<meta property=\"og:image:type\" content=\"image\/jpeg\" \/>\n<meta name=\"author\" content=\"admfarga\" \/>\n<meta name=\"twitter:label1\" content=\"Escrit per\" \/>\n\t<meta name=\"twitter:data1\" content=\"admfarga\" \/>\n\t<meta name=\"twitter:label2\" content=\"Temps estimat de lectura\" \/>\n\t<meta name=\"twitter:data2\" content=\"1 minut\" \/>\n<script type=\"application\/ld+json\" class=\"yoast-schema-graph\">{\"@context\":\"https:\\\/\\\/schema.org\",\"@graph\":[{\"@type\":\"Article\",\"@id\":\"https:\\\/\\\/www.lafarga.com\\\/corporatiu\\\/contractacion-del-servicio-de-seguridad-para-diferentes-espacios-del-centro-de-actividades\\\/#article\",\"isPartOf\":{\"@id\":\"https:\\\/\\\/www.lafarga.com\\\/corporatiu\\\/contractacion-del-servicio-de-seguridad-para-diferentes-espacios-del-centro-de-actividades\\\/\"},\"author\":{\"name\":\"admfarga\",\"@id\":\"https:\\\/\\\/www.lafarga.com\\\/corporatiu\\\/#\\\/schema\\\/person\\\/0ad4bc37b46f53e6b85ad51c2ac2d685\"},\"headline\":\"Contractaci\u00f3n del servicio de seguridad para diferentes espacios del Centro de Actividades\",\"datePublished\":\"2016-03-31T10:29:32+00:00\",\"dateModified\":\"2016-06-29T10:33:21+00:00\",\"mainEntityOfPage\":{\"@id\":\"https:\\\/\\\/www.lafarga.com\\\/corporatiu\\\/contractacion-del-servicio-de-seguridad-para-diferentes-espacios-del-centro-de-actividades\\\/\"},\"wordCount\":251,\"publisher\":{\"@id\":\"https:\\\/\\\/www.lafarga.com\\\/corporatiu\\\/#organization\"},\"image\":{\"@id\":\"https:\\\/\\\/www.lafarga.com\\\/corporatiu\\\/contractacion-del-servicio-de-seguridad-para-diferentes-espacios-del-centro-de-actividades\\\/#primaryimage\"},\"thumbnailUrl\":\"https:\\\/\\\/www.lafarga.com\\\/corporatiu\\\/wp-content\\\/uploads\\\/2016\\\/03\\\/edifici-farga-activitats.jpg\",\"articleSection\":[\"Contrataciones en curso\"],\"inLanguage\":\"ca\"},{\"@type\":\"WebPage\",\"@id\":\"https:\\\/\\\/www.lafarga.com\\\/corporatiu\\\/contractacion-del-servicio-de-seguridad-para-diferentes-espacios-del-centro-de-actividades\\\/\",\"url\":\"https:\\\/\\\/www.lafarga.com\\\/corporatiu\\\/contractacion-del-servicio-de-seguridad-para-diferentes-espacios-del-centro-de-actividades\\\/\",\"name\":\"Contractaci\u00f3n del servicio de seguridad para diferentes espacios del Centro de Actividades - La Farga Gesti\u00f3n de Equipamientos Municipales, S.A.\",\"isPartOf\":{\"@id\":\"https:\\\/\\\/www.lafarga.com\\\/corporatiu\\\/#website\"},\"primaryImageOfPage\":{\"@id\":\"https:\\\/\\\/www.lafarga.com\\\/corporatiu\\\/contractacion-del-servicio-de-seguridad-para-diferentes-espacios-del-centro-de-actividades\\\/#primaryimage\"},\"image\":{\"@id\":\"https:\\\/\\\/www.lafarga.com\\\/corporatiu\\\/contractacion-del-servicio-de-seguridad-para-diferentes-espacios-del-centro-de-actividades\\\/#primaryimage\"},\"thumbnailUrl\":\"https:\\\/\\\/www.lafarga.com\\\/corporatiu\\\/wp-content\\\/uploads\\\/2016\\\/03\\\/edifici-farga-activitats.jpg\",\"datePublished\":\"2016-03-31T10:29:32+00:00\",\"dateModified\":\"2016-06-29T10:33:21+00:00\",\"description\":\"Contractaci\u00f3 servei seguretat (sense arma) recinte firal, sala polivalent, hall i resta sales, i accessos Centre d\u2019Activitats carrers Barcelona i Girona.\",\"breadcrumb\":{\"@id\":\"https:\\\/\\\/www.lafarga.com\\\/corporatiu\\\/contractacion-del-servicio-de-seguridad-para-diferentes-espacios-del-centro-de-actividades\\\/#breadcrumb\"},\"inLanguage\":\"ca\",\"potentialAction\":[{\"@type\":\"ReadAction\",\"target\":[\"https:\\\/\\\/www.lafarga.com\\\/corporatiu\\\/contractacion-del-servicio-de-seguridad-para-diferentes-espacios-del-centro-de-actividades\\\/\"]}]},{\"@type\":\"ImageObject\",\"inLanguage\":\"ca\",\"@id\":\"https:\\\/\\\/www.lafarga.com\\\/corporatiu\\\/contractacion-del-servicio-de-seguridad-para-diferentes-espacios-del-centro-de-actividades\\\/#primaryimage\",\"url\":\"https:\\\/\\\/www.lafarga.com\\\/corporatiu\\\/wp-content\\\/uploads\\\/2016\\\/03\\\/edifici-farga-activitats.jpg\",\"contentUrl\":\"https:\\\/\\\/www.lafarga.com\\\/corporatiu\\\/wp-content\\\/uploads\\\/2016\\\/03\\\/edifici-farga-activitats.jpg\",\"width\":730,\"height\":410,\"caption\":\"Vacunaci\u00f3 Vacunaci\u00f3n Farga Covid-19\"},{\"@type\":\"BreadcrumbList\",\"@id\":\"https:\\\/\\\/www.lafarga.com\\\/corporatiu\\\/contractacion-del-servicio-de-seguridad-para-diferentes-espacios-del-centro-de-actividades\\\/#breadcrumb\",\"itemListElement\":[{\"@type\":\"ListItem\",\"position\":1,\"name\":\"Home\",\"item\":\"https:\\\/\\\/www.lafarga.com\\\/corporatiu\\\/lafarga-hospitalet-llobregat\\\/\"},{\"@type\":\"ListItem\",\"position\":2,\"name\":\"Contractaci\u00f3n del servicio de seguridad para diferentes espacios del Centro de Actividades\"}]},{\"@type\":\"WebSite\",\"@id\":\"https:\\\/\\\/www.lafarga.com\\\/corporatiu\\\/#website\",\"url\":\"https:\\\/\\\/www.lafarga.com\\\/corporatiu\\\/\",\"name\":\"La Farga Gesti\u00f3 d&#039;Equipaments Municipals, SA\",\"description\":\"\",\"publisher\":{\"@id\":\"https:\\\/\\\/www.lafarga.com\\\/corporatiu\\\/#organization\"},\"potentialAction\":[{\"@type\":\"SearchAction\",\"target\":{\"@type\":\"EntryPoint\",\"urlTemplate\":\"https:\\\/\\\/www.lafarga.com\\\/corporatiu\\\/?s={search_term_string}\"},\"query-input\":{\"@type\":\"PropertyValueSpecification\",\"valueRequired\":true,\"valueName\":\"search_term_string\"}}],\"inLanguage\":\"ca\"},{\"@type\":\"Organization\",\"@id\":\"https:\\\/\\\/www.lafarga.com\\\/corporatiu\\\/#organization\",\"name\":\"La Farga Gesti\u00f3 d&#039;Equipaments Municipals, SA\",\"url\":\"https:\\\/\\\/www.lafarga.com\\\/corporatiu\\\/\",\"logo\":{\"@type\":\"ImageObject\",\"inLanguage\":\"ca\",\"@id\":\"https:\\\/\\\/www.lafarga.com\\\/corporatiu\\\/#\\\/schema\\\/logo\\\/image\\\/\",\"url\":\"https:\\\/\\\/www.lafarga.com\\\/corporatiu\\\/wp-content\\\/uploads\\\/2023\\\/11\\\/logotipo_lafarga_gemsa.svg\",\"contentUrl\":\"https:\\\/\\\/www.lafarga.com\\\/corporatiu\\\/wp-content\\\/uploads\\\/2023\\\/11\\\/logotipo_lafarga_gemsa.svg\",\"width\":102,\"height\":103,\"caption\":\"La Farga Gesti\u00f3 d&#039;Equipaments Municipals, SA\"},\"image\":{\"@id\":\"https:\\\/\\\/www.lafarga.com\\\/corporatiu\\\/#\\\/schema\\\/logo\\\/image\\\/\"}},{\"@type\":\"Person\",\"@id\":\"https:\\\/\\\/www.lafarga.com\\\/corporatiu\\\/#\\\/schema\\\/person\\\/0ad4bc37b46f53e6b85ad51c2ac2d685\",\"name\":\"admfarga\",\"image\":{\"@type\":\"ImageObject\",\"inLanguage\":\"ca\",\"@id\":\"https:\\\/\\\/secure.gravatar.com\\\/avatar\\\/2a2db0975754ce87d41cab8623874e9e5ef5d0add52244aba02a09775feab5cb?s=96&d=mm&r=g\",\"url\":\"https:\\\/\\\/secure.gravatar.com\\\/avatar\\\/2a2db0975754ce87d41cab8623874e9e5ef5d0add52244aba02a09775feab5cb?s=96&d=mm&r=g\",\"contentUrl\":\"https:\\\/\\\/secure.gravatar.com\\\/avatar\\\/2a2db0975754ce87d41cab8623874e9e5ef5d0add52244aba02a09775feab5cb?s=96&d=mm&r=g\",\"caption\":\"admfarga\"},\"url\":\"https:\\\/\\\/www.lafarga.com\\\/corporatiu\\\/author\\\/admfarga\\\/\"}]}<\/script>\n<!-- \/ Yoast SEO plugin. -->","yoast_head_json":{"title":"Contractaci\u00f3n del servicio de seguridad para diferentes espacios del Centro de Actividades - La Farga Gesti\u00f3n de Equipamientos Municipales, S.A.","description":"Contractaci\u00f3 servei seguretat (sense arma) recinte firal, sala polivalent, hall i resta sales, i accessos Centre d\u2019Activitats carrers Barcelona i Girona.","robots":{"index":"index","follow":"follow","max-snippet":"max-snippet:-1","max-image-preview":"max-image-preview:large","max-video-preview":"max-video-preview:-1"},"canonical":"https:\/\/www.lafarga.com\/corporatiu\/contractacion-del-servicio-de-seguridad-para-diferentes-espacios-del-centro-de-actividades\/","og_locale":"ca_ES","og_type":"article","og_title":"Contractaci\u00f3n del servicio de seguridad para diferentes espacios del Centro de Actividades - La Farga Gesti\u00f3n de Equipamientos Municipales, S.A.","og_description":"Contractaci\u00f3 servei seguretat (sense arma) recinte firal, sala polivalent, hall i resta sales, i accessos Centre d\u2019Activitats carrers Barcelona i Girona.","og_url":"https:\/\/www.lafarga.com\/corporatiu\/contractacion-del-servicio-de-seguridad-para-diferentes-espacios-del-centro-de-actividades\/","og_site_name":"La Farga Gesti\u00f3n de Equipamientos Municipales, S.A.","article_published_time":"2016-03-31T10:29:32+00:00","article_modified_time":"2016-06-29T10:33:21+00:00","og_image":[{"width":730,"height":410,"url":"https:\/\/www.lafarga.com\/corporatiu\/wp-content\/uploads\/2016\/03\/edifici-farga-activitats.jpg","type":"image\/jpeg"}],"author":"admfarga","twitter_misc":{"Escrit per":"admfarga","Temps estimat de lectura":"1 minut"},"schema":{"@context":"https:\/\/schema.org","@graph":[{"@type":"Article","@id":"https:\/\/www.lafarga.com\/corporatiu\/contractacion-del-servicio-de-seguridad-para-diferentes-espacios-del-centro-de-actividades\/#article","isPartOf":{"@id":"https:\/\/www.lafarga.com\/corporatiu\/contractacion-del-servicio-de-seguridad-para-diferentes-espacios-del-centro-de-actividades\/"},"author":{"name":"admfarga","@id":"https:\/\/www.lafarga.com\/corporatiu\/#\/schema\/person\/0ad4bc37b46f53e6b85ad51c2ac2d685"},"headline":"Contractaci\u00f3n del servicio de seguridad para diferentes espacios del Centro de Actividades","datePublished":"2016-03-31T10:29:32+00:00","dateModified":"2016-06-29T10:33:21+00:00","mainEntityOfPage":{"@id":"https:\/\/www.lafarga.com\/corporatiu\/contractacion-del-servicio-de-seguridad-para-diferentes-espacios-del-centro-de-actividades\/"},"wordCount":251,"publisher":{"@id":"https:\/\/www.lafarga.com\/corporatiu\/#organization"},"image":{"@id":"https:\/\/www.lafarga.com\/corporatiu\/contractacion-del-servicio-de-seguridad-para-diferentes-espacios-del-centro-de-actividades\/#primaryimage"},"thumbnailUrl":"https:\/\/www.lafarga.com\/corporatiu\/wp-content\/uploads\/2016\/03\/edifici-farga-activitats.jpg","articleSection":["Contrataciones en curso"],"inLanguage":"ca"},{"@type":"WebPage","@id":"https:\/\/www.lafarga.com\/corporatiu\/contractacion-del-servicio-de-seguridad-para-diferentes-espacios-del-centro-de-actividades\/","url":"https:\/\/www.lafarga.com\/corporatiu\/contractacion-del-servicio-de-seguridad-para-diferentes-espacios-del-centro-de-actividades\/","name":"Contractaci\u00f3n del servicio de seguridad para diferentes espacios del Centro de Actividades - La Farga Gesti\u00f3n de Equipamientos Municipales, S.A.","isPartOf":{"@id":"https:\/\/www.lafarga.com\/corporatiu\/#website"},"primaryImageOfPage":{"@id":"https:\/\/www.lafarga.com\/corporatiu\/contractacion-del-servicio-de-seguridad-para-diferentes-espacios-del-centro-de-actividades\/#primaryimage"},"image":{"@id":"https:\/\/www.lafarga.com\/corporatiu\/contractacion-del-servicio-de-seguridad-para-diferentes-espacios-del-centro-de-actividades\/#primaryimage"},"thumbnailUrl":"https:\/\/www.lafarga.com\/corporatiu\/wp-content\/uploads\/2016\/03\/edifici-farga-activitats.jpg","datePublished":"2016-03-31T10:29:32+00:00","dateModified":"2016-06-29T10:33:21+00:00","description":"Contractaci\u00f3 servei seguretat (sense arma) recinte firal, sala polivalent, hall i resta sales, i accessos Centre d\u2019Activitats carrers Barcelona i Girona.","breadcrumb":{"@id":"https:\/\/www.lafarga.com\/corporatiu\/contractacion-del-servicio-de-seguridad-para-diferentes-espacios-del-centro-de-actividades\/#breadcrumb"},"inLanguage":"ca","potentialAction":[{"@type":"ReadAction","target":["https:\/\/www.lafarga.com\/corporatiu\/contractacion-del-servicio-de-seguridad-para-diferentes-espacios-del-centro-de-actividades\/"]}]},{"@type":"ImageObject","inLanguage":"ca","@id":"https:\/\/www.lafarga.com\/corporatiu\/contractacion-del-servicio-de-seguridad-para-diferentes-espacios-del-centro-de-actividades\/#primaryimage","url":"https:\/\/www.lafarga.com\/corporatiu\/wp-content\/uploads\/2016\/03\/edifici-farga-activitats.jpg","contentUrl":"https:\/\/www.lafarga.com\/corporatiu\/wp-content\/uploads\/2016\/03\/edifici-farga-activitats.jpg","width":730,"height":410,"caption":"Vacunaci\u00f3 Vacunaci\u00f3n Farga Covid-19"},{"@type":"BreadcrumbList","@id":"https:\/\/www.lafarga.com\/corporatiu\/contractacion-del-servicio-de-seguridad-para-diferentes-espacios-del-centro-de-actividades\/#breadcrumb","itemListElement":[{"@type":"ListItem","position":1,"name":"Home","item":"https:\/\/www.lafarga.com\/corporatiu\/lafarga-hospitalet-llobregat\/"},{"@type":"ListItem","position":2,"name":"Contractaci\u00f3n del servicio de seguridad para diferentes espacios del Centro de Actividades"}]},{"@type":"WebSite","@id":"https:\/\/www.lafarga.com\/corporatiu\/#website","url":"https:\/\/www.lafarga.com\/corporatiu\/","name":"La Farga Gesti\u00f3 d&#039;Equipaments Municipals, SA","description":"","publisher":{"@id":"https:\/\/www.lafarga.com\/corporatiu\/#organization"},"potentialAction":[{"@type":"SearchAction","target":{"@type":"EntryPoint","urlTemplate":"https:\/\/www.lafarga.com\/corporatiu\/?s={search_term_string}"},"query-input":{"@type":"PropertyValueSpecification","valueRequired":true,"valueName":"search_term_string"}}],"inLanguage":"ca"},{"@type":"Organization","@id":"https:\/\/www.lafarga.com\/corporatiu\/#organization","name":"La Farga Gesti\u00f3 d&#039;Equipaments Municipals, SA","url":"https:\/\/www.lafarga.com\/corporatiu\/","logo":{"@type":"ImageObject","inLanguage":"ca","@id":"https:\/\/www.lafarga.com\/corporatiu\/#\/schema\/logo\/image\/","url":"https:\/\/www.lafarga.com\/corporatiu\/wp-content\/uploads\/2023\/11\/logotipo_lafarga_gemsa.svg","contentUrl":"https:\/\/www.lafarga.com\/corporatiu\/wp-content\/uploads\/2023\/11\/logotipo_lafarga_gemsa.svg","width":102,"height":103,"caption":"La Farga Gesti\u00f3 d&#039;Equipaments Municipals, SA"},"image":{"@id":"https:\/\/www.lafarga.com\/corporatiu\/#\/schema\/logo\/image\/"}},{"@type":"Person","@id":"https:\/\/www.lafarga.com\/corporatiu\/#\/schema\/person\/0ad4bc37b46f53e6b85ad51c2ac2d685","name":"admfarga","image":{"@type":"ImageObject","inLanguage":"ca","@id":"https:\/\/secure.gravatar.com\/avatar\/2a2db0975754ce87d41cab8623874e9e5ef5d0add52244aba02a09775feab5cb?s=96&d=mm&r=g","url":"https:\/\/secure.gravatar.com\/avatar\/2a2db0975754ce87d41cab8623874e9e5ef5d0add52244aba02a09775feab5cb?s=96&d=mm&r=g","contentUrl":"https:\/\/secure.gravatar.com\/avatar\/2a2db0975754ce87d41cab8623874e9e5ef5d0add52244aba02a09775feab5cb?s=96&d=mm&r=g","caption":"admfarga"},"url":"https:\/\/www.lafarga.com\/corporatiu\/author\/admfarga\/"}]}},"uagb_featured_image_src":{"full":["https:\/\/www.lafarga.com\/corporatiu\/wp-content\/uploads\/2016\/03\/edifici-farga-activitats.jpg",730,410,false],"thumbnail":["https:\/\/www.lafarga.com\/corporatiu\/wp-content\/uploads\/2016\/03\/edifici-farga-activitats-150x150.jpg",150,150,true],"medium":["https:\/\/www.lafarga.com\/corporatiu\/wp-content\/uploads\/2016\/03\/edifici-farga-activitats-300x168.jpg",300,168,true],"medium_large":["https:\/\/www.lafarga.com\/corporatiu\/wp-content\/uploads\/2016\/03\/edifici-farga-activitats.jpg",730,410,false],"large":["https:\/\/www.lafarga.com\/corporatiu\/wp-content\/uploads\/2016\/03\/edifici-farga-activitats.jpg",730,410,false],"1536x1536":["https:\/\/www.lafarga.com\/corporatiu\/wp-content\/uploads\/2016\/03\/edifici-farga-activitats.jpg",730,410,false],"2048x2048":["https:\/\/www.lafarga.com\/corporatiu\/wp-content\/uploads\/2016\/03\/edifici-farga-activitats.jpg",730,410,false],"mailpoet_newsletter_max":["https:\/\/www.lafarga.com\/corporatiu\/wp-content\/uploads\/2016\/03\/edifici-farga-activitats.jpg",730,410,false]},"uagb_author_info":{"display_name":"admfarga","author_link":"https:\/\/www.lafarga.com\/corporatiu\/author\/admfarga\/"},"uagb_comment_info":0,"uagb_excerpt":"La Farga, GEM, SA, informa: la contrataci\u00f3n del servicio de seguridad (sin arma) del recinto ferial, sala polivalente, hall y resto de salas, as\u00ed como accesos al Centro de Actividades por las calles Barcelona y Girona que gestiona esta sociedad municipal.","_links":{"self":[{"href":"https:\/\/www.lafarga.com\/corporatiu\/wp-json\/wp\/v2\/posts\/6874","targetHints":{"allow":["GET"]}}],"collection":[{"href":"https:\/\/www.lafarga.com\/corporatiu\/wp-json\/wp\/v2\/posts"}],"about":[{"href":"https:\/\/www.lafarga.com\/corporatiu\/wp-json\/wp\/v2\/types\/post"}],"author":[{"embeddable":true,"href":"https:\/\/www.lafarga.com\/corporatiu\/wp-json\/wp\/v2\/users\/8"}],"replies":[{"embeddable":true,"href":"https:\/\/www.lafarga.com\/corporatiu\/wp-json\/wp\/v2\/comments?post=6874"}],"version-history":[{"count":7,"href":"https:\/\/www.lafarga.com\/corporatiu\/wp-json\/wp\/v2\/posts\/6874\/revisions"}],"predecessor-version":[{"id":7536,"href":"https:\/\/www.lafarga.com\/corporatiu\/wp-json\/wp\/v2\/posts\/6874\/revisions\/7536"}],"wp:featuredmedia":[{"embeddable":true,"href":"https:\/\/www.lafarga.com\/corporatiu\/wp-json\/wp\/v2\/media\/6869"}],"wp:attachment":[{"href":"https:\/\/www.lafarga.com\/corporatiu\/wp-json\/wp\/v2\/media?parent=6874"}],"wp:term":[{"taxonomy":"category","embeddable":true,"href":"https:\/\/www.lafarga.com\/corporatiu\/wp-json\/wp\/v2\/categories?post=6874"},{"taxonomy":"post_tag","embeddable":true,"href":"https:\/\/www.lafarga.com\/corporatiu\/wp-json\/wp\/v2\/tags?post=6874"}],"curies":[{"name":"wp","href":"https:\/\/api.w.org\/{rel}","templated":true}]}}