{"id":6844,"date":"2016-03-29T15:43:12","date_gmt":"2016-03-29T15:43:12","guid":{"rendered":"http:\/\/www.lafarga.com\/corporatiu\/?p=6844"},"modified":"2016-03-29T15:44:57","modified_gmt":"2016-03-29T15:44:57","slug":"la-farga-centro-de-actividades-estrena-nuevo-portal-web","status":"publish","type":"post","link":"https:\/\/www.lafarga.com\/corporatiu\/la-farga-centro-de-actividades-estrena-nuevo-portal-web\/","title":{"rendered":"La Farga Centro de Actividades estrena nuevo portal web"},"content":{"rendered":"<p>La Farga Centro de Actividades, \u00e1rea de gesti\u00f3n de la Farga GEM, SA, ha remodelado su portal web con el fin de adaptarlo a las nuevas tecnolog\u00edas y t\u00e9cnicas de comunicaci\u00f3n actuales.<\/p>\n<p>La Farga Centro de Actividades es una de las principales \u00e1reas de gesti\u00f3n de La Farga Gesti\u00f3n de Equipamientos Municipales SA, centrada b\u00e1sicamente en la explotaci\u00f3n del c\u00e9ntrico recinto ferial y multidisciplinar de L&#8217;Hospitalet.<\/p>\n<p>El portal web, bajo el nuevo dominio de <a href=\"http:\/\/www.lafargalhospitalet.com\/centro-actividades-hospitalet-barcelona\/\" target=\"_blank\">www.lafargalhospitalet.com<\/a>, presenta m\u00e1s servicios de informaci\u00f3n tanto para los organizadores de ferias, salones, congresos, como para los expositores, que gozan de un amplio abanico de posibilidades con el manual de servicios que ofrece La Farga Centro de Actividades.<\/p>\n<p>La secci\u00f3n de espacio vers\u00e1til es el lugar del portal donde cualquier persona, organizaci\u00f3n o empresa interesada en el recinto puede hacerse su evento a medida.<\/p>\n<p>Para el p\u00fablico en general el nuevo portal de La Farga Centro de Actividades tiene un apartado de <a href=\"http:\/\/www.lafargalhospitalet.com\/agenda-cas\/\" target=\"_blank\">agenda<\/a> con una informaci\u00f3n muy completa de todas los eventos que se realizan en el recinto principal de 8.500m2, como en La Farga Congress, espacio que comprende el Auditorio, la Sala Polivalente y el Hall-Bar.<\/p>\n<p>El portal tambi\u00e9n tiene un apartado para las noticias que genera La Farga, adem\u00e1s de integrar las 4 redes sociales de las que dispone con <a href=\"https:\/\/twitter.com\/fargahospitalet\" target=\"_blank\">Twitter<\/a>, <a href=\"https:\/\/www.facebook.com\/LaFarga.Centredactivitats\/\" target=\"_blank\">Facebook<\/a>, <a href=\"https:\/\/www.youtube.com\/channel\/UCoLt6hen3PqGXgbLMGI3Qdw\" target=\"_blank\">Canal Youtube<\/a> y <a href=\"https:\/\/www.flickr.com\/photos\/lafargagemsa\" target=\"_blank\">Flickr<\/a>.<\/p>\n","protected":false},"excerpt":{"rendered":"<p>La Farga Centro de Actividades, \u00e1rea de gesti\u00f3n de la Farga GEM, SA, ha remodelado su portal web con el fin de adaptarlo a las nuevas tecnolog\u00edas y t\u00e9cnicas de comunicaci\u00f3n actuales.<\/p>\n","protected":false},"author":8,"featured_media":6841,"comment_status":"closed","ping_status":"closed","sticky":false,"template":"","format":"standard","meta":{"inline_featured_image":false,"_uag_custom_page_level_css":"","_monsterinsights_skip_tracking":false,"_monsterinsights_sitenote_active":false,"_monsterinsights_sitenote_note":"","_monsterinsights_sitenote_category":0,"site-sidebar-layout":"default","site-content-layout":"","ast-site-content-layout":"default","site-content-style":"default","site-sidebar-style":"default","ast-global-header-display":"","ast-banner-title-visibility":"","ast-main-header-display":"","ast-hfb-above-header-display":"","ast-hfb-below-header-display":"","ast-hfb-mobile-header-display":"","site-post-title":"","ast-breadcrumbs-content":"","ast-featured-img":"","footer-sml-layout":"","ast-disable-related-posts":"","theme-transparent-header-meta":"","adv-header-id-meta":"","stick-header-meta":"","header-above-stick-meta":"","header-main-stick-meta":"","header-below-stick-meta":"","astra-migrate-meta-layouts":"default","ast-page-background-enabled":"default","ast-page-background-meta":{"desktop":{"background-color":"var(--ast-global-color-4)","background-image":"","background-repeat":"repeat","background-position":"center center","background-size":"auto","background-attachment":"scroll","background-type":"","background-media":"","overlay-type":"","overlay-color":"","overlay-opacity":"","overlay-gradient":""},"tablet":{"background-color":"","background-image":"","background-repeat":"repeat","background-position":"center center","background-size":"auto","background-attachment":"scroll","background-type":"","background-media":"","overlay-type":"","overlay-color":"","overlay-opacity":"","overlay-gradient":""},"mobile":{"background-color":"","background-image":"","background-repeat":"repeat","background-position":"center center","background-size":"auto","background-attachment":"scroll","background-type":"","background-media":"","overlay-type":"","overlay-color":"","overlay-opacity":"","overlay-gradient":""}},"ast-content-background-meta":{"desktop":{"background-color":"var(--ast-global-color-5)","background-image":"","background-repeat":"repeat","background-position":"center center","background-size":"auto","background-attachment":"scroll","background-type":"","background-media":"","overlay-type":"","overlay-color":"","overlay-opacity":"","overlay-gradient":""},"tablet":{"background-color":"var(--ast-global-color-5)","background-image":"","background-repeat":"repeat","background-position":"center center","background-size":"auto","background-attachment":"scroll","background-type":"","background-media":"","overlay-type":"","overlay-color":"","overlay-opacity":"","overlay-gradient":""},"mobile":{"background-color":"var(--ast-global-color-5)","background-image":"","background-repeat":"repeat","background-position":"center center","background-size":"auto","background-attachment":"scroll","background-type":"","background-media":"","overlay-type":"","overlay-color":"","overlay-opacity":"","overlay-gradient":""}},"footnotes":""},"categories":[73],"tags":[],"class_list":["post-6844","post","type-post","status-publish","format-standard","has-post-thumbnail","hentry","category-centro-de-actividades"],"yoast_head":"<!-- This site is optimized with the Yoast SEO plugin v27.4 - https:\/\/yoast.com\/product\/yoast-seo-wordpress\/ -->\n<title>La Farga Centro de Actividades estrena nuevo portal web - La Farga Gesti\u00f3n de Equipamientos Municipales, S.A.<\/title>\n<meta name=\"description\" content=\"La Farga Centro de Actividades, \u00e1rea de gesti\u00f3n de la Farga GEM, SA, ha remodelado su portal web con el fin de adaptarlo a las nuevas tecnolog\u00edas.\" \/>\n<meta name=\"robots\" content=\"index, follow, max-snippet:-1, max-image-preview:large, max-video-preview:-1\" \/>\n<link rel=\"canonical\" href=\"https:\/\/www.lafarga.com\/corporatiu\/la-farga-centro-de-actividades-estrena-nuevo-portal-web\/\" \/>\n<meta property=\"og:locale\" content=\"ca_ES\" \/>\n<meta property=\"og:type\" content=\"article\" \/>\n<meta property=\"og:title\" content=\"La Farga Centro de Actividades estrena nuevo portal web - La Farga Gesti\u00f3n de Equipamientos Municipales, S.A.\" \/>\n<meta property=\"og:description\" content=\"La Farga Centro de Actividades, \u00e1rea de gesti\u00f3n de la Farga GEM, SA, ha remodelado su portal web con el fin de adaptarlo a las nuevas tecnolog\u00edas.\" \/>\n<meta property=\"og:url\" content=\"https:\/\/www.lafarga.com\/corporatiu\/la-farga-centro-de-actividades-estrena-nuevo-portal-web\/\" \/>\n<meta property=\"og:site_name\" content=\"La Farga Gesti\u00f3n de Equipamientos Municipales, S.A.\" \/>\n<meta property=\"article:published_time\" content=\"2016-03-29T15:43:12+00:00\" \/>\n<meta property=\"article:modified_time\" content=\"2016-03-29T15:44:57+00:00\" \/>\n<meta property=\"og:image\" content=\"https:\/\/www.lafarga.com\/corporatiu\/wp-content\/uploads\/2016\/03\/web-farga-activitats-1.jpg\" \/>\n\t<meta property=\"og:image:width\" content=\"730\" \/>\n\t<meta property=\"og:image:height\" content=\"410\" \/>\n\t<meta property=\"og:image:type\" content=\"image\/jpeg\" \/>\n<meta name=\"author\" content=\"admfarga\" \/>\n<meta name=\"twitter:label1\" content=\"Escrit per\" \/>\n\t<meta name=\"twitter:data1\" content=\"admfarga\" \/>\n\t<meta name=\"twitter:label2\" content=\"Temps estimat de lectura\" \/>\n\t<meta name=\"twitter:data2\" content=\"1 minut\" \/>\n<script type=\"application\/ld+json\" class=\"yoast-schema-graph\">{\"@context\":\"https:\\\/\\\/schema.org\",\"@graph\":[{\"@type\":\"Article\",\"@id\":\"https:\\\/\\\/www.lafarga.com\\\/corporatiu\\\/la-farga-centro-de-actividades-estrena-nuevo-portal-web\\\/#article\",\"isPartOf\":{\"@id\":\"https:\\\/\\\/www.lafarga.com\\\/corporatiu\\\/la-farga-centro-de-actividades-estrena-nuevo-portal-web\\\/\"},\"author\":{\"name\":\"admfarga\",\"@id\":\"https:\\\/\\\/www.lafarga.com\\\/corporatiu\\\/#\\\/schema\\\/person\\\/0ad4bc37b46f53e6b85ad51c2ac2d685\"},\"headline\":\"La Farga Centro de Actividades estrena nuevo portal web\",\"datePublished\":\"2016-03-29T15:43:12+00:00\",\"dateModified\":\"2016-03-29T15:44:57+00:00\",\"mainEntityOfPage\":{\"@id\":\"https:\\\/\\\/www.lafarga.com\\\/corporatiu\\\/la-farga-centro-de-actividades-estrena-nuevo-portal-web\\\/\"},\"wordCount\":251,\"publisher\":{\"@id\":\"https:\\\/\\\/www.lafarga.com\\\/corporatiu\\\/#organization\"},\"image\":{\"@id\":\"https:\\\/\\\/www.lafarga.com\\\/corporatiu\\\/la-farga-centro-de-actividades-estrena-nuevo-portal-web\\\/#primaryimage\"},\"thumbnailUrl\":\"https:\\\/\\\/www.lafarga.com\\\/corporatiu\\\/wp-content\\\/uploads\\\/2016\\\/03\\\/web-farga-activitats-1.jpg\",\"articleSection\":[\"Centro de Actividades\"],\"inLanguage\":\"ca\"},{\"@type\":\"WebPage\",\"@id\":\"https:\\\/\\\/www.lafarga.com\\\/corporatiu\\\/la-farga-centro-de-actividades-estrena-nuevo-portal-web\\\/\",\"url\":\"https:\\\/\\\/www.lafarga.com\\\/corporatiu\\\/la-farga-centro-de-actividades-estrena-nuevo-portal-web\\\/\",\"name\":\"La Farga Centro de Actividades estrena nuevo portal web - La Farga Gesti\u00f3n de Equipamientos Municipales, S.A.\",\"isPartOf\":{\"@id\":\"https:\\\/\\\/www.lafarga.com\\\/corporatiu\\\/#website\"},\"primaryImageOfPage\":{\"@id\":\"https:\\\/\\\/www.lafarga.com\\\/corporatiu\\\/la-farga-centro-de-actividades-estrena-nuevo-portal-web\\\/#primaryimage\"},\"image\":{\"@id\":\"https:\\\/\\\/www.lafarga.com\\\/corporatiu\\\/la-farga-centro-de-actividades-estrena-nuevo-portal-web\\\/#primaryimage\"},\"thumbnailUrl\":\"https:\\\/\\\/www.lafarga.com\\\/corporatiu\\\/wp-content\\\/uploads\\\/2016\\\/03\\\/web-farga-activitats-1.jpg\",\"datePublished\":\"2016-03-29T15:43:12+00:00\",\"dateModified\":\"2016-03-29T15:44:57+00:00\",\"description\":\"La Farga Centro de Actividades, \u00e1rea de gesti\u00f3n de la Farga GEM, SA, ha remodelado su portal web con el fin de adaptarlo a las nuevas tecnolog\u00edas.\",\"breadcrumb\":{\"@id\":\"https:\\\/\\\/www.lafarga.com\\\/corporatiu\\\/la-farga-centro-de-actividades-estrena-nuevo-portal-web\\\/#breadcrumb\"},\"inLanguage\":\"ca\",\"potentialAction\":[{\"@type\":\"ReadAction\",\"target\":[\"https:\\\/\\\/www.lafarga.com\\\/corporatiu\\\/la-farga-centro-de-actividades-estrena-nuevo-portal-web\\\/\"]}]},{\"@type\":\"ImageObject\",\"inLanguage\":\"ca\",\"@id\":\"https:\\\/\\\/www.lafarga.com\\\/corporatiu\\\/la-farga-centro-de-actividades-estrena-nuevo-portal-web\\\/#primaryimage\",\"url\":\"https:\\\/\\\/www.lafarga.com\\\/corporatiu\\\/wp-content\\\/uploads\\\/2016\\\/03\\\/web-farga-activitats-1.jpg\",\"contentUrl\":\"https:\\\/\\\/www.lafarga.com\\\/corporatiu\\\/wp-content\\\/uploads\\\/2016\\\/03\\\/web-farga-activitats-1.jpg\",\"width\":730,\"height\":410},{\"@type\":\"BreadcrumbList\",\"@id\":\"https:\\\/\\\/www.lafarga.com\\\/corporatiu\\\/la-farga-centro-de-actividades-estrena-nuevo-portal-web\\\/#breadcrumb\",\"itemListElement\":[{\"@type\":\"ListItem\",\"position\":1,\"name\":\"Home\",\"item\":\"https:\\\/\\\/www.lafarga.com\\\/corporatiu\\\/lafarga-hospitalet-llobregat\\\/\"},{\"@type\":\"ListItem\",\"position\":2,\"name\":\"La Farga Centro de Actividades estrena nuevo portal web\"}]},{\"@type\":\"WebSite\",\"@id\":\"https:\\\/\\\/www.lafarga.com\\\/corporatiu\\\/#website\",\"url\":\"https:\\\/\\\/www.lafarga.com\\\/corporatiu\\\/\",\"name\":\"La Farga Gesti\u00f3 d&#039;Equipaments Municipals, SA\",\"description\":\"\",\"publisher\":{\"@id\":\"https:\\\/\\\/www.lafarga.com\\\/corporatiu\\\/#organization\"},\"potentialAction\":[{\"@type\":\"SearchAction\",\"target\":{\"@type\":\"EntryPoint\",\"urlTemplate\":\"https:\\\/\\\/www.lafarga.com\\\/corporatiu\\\/?s={search_term_string}\"},\"query-input\":{\"@type\":\"PropertyValueSpecification\",\"valueRequired\":true,\"valueName\":\"search_term_string\"}}],\"inLanguage\":\"ca\"},{\"@type\":\"Organization\",\"@id\":\"https:\\\/\\\/www.lafarga.com\\\/corporatiu\\\/#organization\",\"name\":\"La Farga Gesti\u00f3 d&#039;Equipaments Municipals, SA\",\"url\":\"https:\\\/\\\/www.lafarga.com\\\/corporatiu\\\/\",\"logo\":{\"@type\":\"ImageObject\",\"inLanguage\":\"ca\",\"@id\":\"https:\\\/\\\/www.lafarga.com\\\/corporatiu\\\/#\\\/schema\\\/logo\\\/image\\\/\",\"url\":\"https:\\\/\\\/www.lafarga.com\\\/corporatiu\\\/wp-content\\\/uploads\\\/2023\\\/11\\\/logotipo_lafarga_gemsa.svg\",\"contentUrl\":\"https:\\\/\\\/www.lafarga.com\\\/corporatiu\\\/wp-content\\\/uploads\\\/2023\\\/11\\\/logotipo_lafarga_gemsa.svg\",\"width\":102,\"height\":103,\"caption\":\"La Farga Gesti\u00f3 d&#039;Equipaments Municipals, SA\"},\"image\":{\"@id\":\"https:\\\/\\\/www.lafarga.com\\\/corporatiu\\\/#\\\/schema\\\/logo\\\/image\\\/\"}},{\"@type\":\"Person\",\"@id\":\"https:\\\/\\\/www.lafarga.com\\\/corporatiu\\\/#\\\/schema\\\/person\\\/0ad4bc37b46f53e6b85ad51c2ac2d685\",\"name\":\"admfarga\",\"image\":{\"@type\":\"ImageObject\",\"inLanguage\":\"ca\",\"@id\":\"https:\\\/\\\/secure.gravatar.com\\\/avatar\\\/2a2db0975754ce87d41cab8623874e9e5ef5d0add52244aba02a09775feab5cb?s=96&d=mm&r=g\",\"url\":\"https:\\\/\\\/secure.gravatar.com\\\/avatar\\\/2a2db0975754ce87d41cab8623874e9e5ef5d0add52244aba02a09775feab5cb?s=96&d=mm&r=g\",\"contentUrl\":\"https:\\\/\\\/secure.gravatar.com\\\/avatar\\\/2a2db0975754ce87d41cab8623874e9e5ef5d0add52244aba02a09775feab5cb?s=96&d=mm&r=g\",\"caption\":\"admfarga\"},\"url\":\"https:\\\/\\\/www.lafarga.com\\\/corporatiu\\\/author\\\/admfarga\\\/\"}]}<\/script>\n<!-- \/ Yoast SEO plugin. -->","yoast_head_json":{"title":"La Farga Centro de Actividades estrena nuevo portal web - La Farga Gesti\u00f3n de Equipamientos Municipales, S.A.","description":"La Farga Centro de Actividades, \u00e1rea de gesti\u00f3n de la Farga GEM, SA, ha remodelado su portal web con el fin de adaptarlo a las nuevas tecnolog\u00edas.","robots":{"index":"index","follow":"follow","max-snippet":"max-snippet:-1","max-image-preview":"max-image-preview:large","max-video-preview":"max-video-preview:-1"},"canonical":"https:\/\/www.lafarga.com\/corporatiu\/la-farga-centro-de-actividades-estrena-nuevo-portal-web\/","og_locale":"ca_ES","og_type":"article","og_title":"La Farga Centro de Actividades estrena nuevo portal web - La Farga Gesti\u00f3n de Equipamientos Municipales, S.A.","og_description":"La Farga Centro de Actividades, \u00e1rea de gesti\u00f3n de la Farga GEM, SA, ha remodelado su portal web con el fin de adaptarlo a las nuevas tecnolog\u00edas.","og_url":"https:\/\/www.lafarga.com\/corporatiu\/la-farga-centro-de-actividades-estrena-nuevo-portal-web\/","og_site_name":"La Farga Gesti\u00f3n de Equipamientos Municipales, S.A.","article_published_time":"2016-03-29T15:43:12+00:00","article_modified_time":"2016-03-29T15:44:57+00:00","og_image":[{"width":730,"height":410,"url":"https:\/\/www.lafarga.com\/corporatiu\/wp-content\/uploads\/2016\/03\/web-farga-activitats-1.jpg","type":"image\/jpeg"}],"author":"admfarga","twitter_misc":{"Escrit per":"admfarga","Temps estimat de lectura":"1 minut"},"schema":{"@context":"https:\/\/schema.org","@graph":[{"@type":"Article","@id":"https:\/\/www.lafarga.com\/corporatiu\/la-farga-centro-de-actividades-estrena-nuevo-portal-web\/#article","isPartOf":{"@id":"https:\/\/www.lafarga.com\/corporatiu\/la-farga-centro-de-actividades-estrena-nuevo-portal-web\/"},"author":{"name":"admfarga","@id":"https:\/\/www.lafarga.com\/corporatiu\/#\/schema\/person\/0ad4bc37b46f53e6b85ad51c2ac2d685"},"headline":"La Farga Centro de Actividades estrena nuevo portal web","datePublished":"2016-03-29T15:43:12+00:00","dateModified":"2016-03-29T15:44:57+00:00","mainEntityOfPage":{"@id":"https:\/\/www.lafarga.com\/corporatiu\/la-farga-centro-de-actividades-estrena-nuevo-portal-web\/"},"wordCount":251,"publisher":{"@id":"https:\/\/www.lafarga.com\/corporatiu\/#organization"},"image":{"@id":"https:\/\/www.lafarga.com\/corporatiu\/la-farga-centro-de-actividades-estrena-nuevo-portal-web\/#primaryimage"},"thumbnailUrl":"https:\/\/www.lafarga.com\/corporatiu\/wp-content\/uploads\/2016\/03\/web-farga-activitats-1.jpg","articleSection":["Centro de Actividades"],"inLanguage":"ca"},{"@type":"WebPage","@id":"https:\/\/www.lafarga.com\/corporatiu\/la-farga-centro-de-actividades-estrena-nuevo-portal-web\/","url":"https:\/\/www.lafarga.com\/corporatiu\/la-farga-centro-de-actividades-estrena-nuevo-portal-web\/","name":"La Farga Centro de Actividades estrena nuevo portal web - La Farga Gesti\u00f3n de Equipamientos Municipales, S.A.","isPartOf":{"@id":"https:\/\/www.lafarga.com\/corporatiu\/#website"},"primaryImageOfPage":{"@id":"https:\/\/www.lafarga.com\/corporatiu\/la-farga-centro-de-actividades-estrena-nuevo-portal-web\/#primaryimage"},"image":{"@id":"https:\/\/www.lafarga.com\/corporatiu\/la-farga-centro-de-actividades-estrena-nuevo-portal-web\/#primaryimage"},"thumbnailUrl":"https:\/\/www.lafarga.com\/corporatiu\/wp-content\/uploads\/2016\/03\/web-farga-activitats-1.jpg","datePublished":"2016-03-29T15:43:12+00:00","dateModified":"2016-03-29T15:44:57+00:00","description":"La Farga Centro de Actividades, \u00e1rea de gesti\u00f3n de la Farga GEM, SA, ha remodelado su portal web con el fin de adaptarlo a las nuevas tecnolog\u00edas.","breadcrumb":{"@id":"https:\/\/www.lafarga.com\/corporatiu\/la-farga-centro-de-actividades-estrena-nuevo-portal-web\/#breadcrumb"},"inLanguage":"ca","potentialAction":[{"@type":"ReadAction","target":["https:\/\/www.lafarga.com\/corporatiu\/la-farga-centro-de-actividades-estrena-nuevo-portal-web\/"]}]},{"@type":"ImageObject","inLanguage":"ca","@id":"https:\/\/www.lafarga.com\/corporatiu\/la-farga-centro-de-actividades-estrena-nuevo-portal-web\/#primaryimage","url":"https:\/\/www.lafarga.com\/corporatiu\/wp-content\/uploads\/2016\/03\/web-farga-activitats-1.jpg","contentUrl":"https:\/\/www.lafarga.com\/corporatiu\/wp-content\/uploads\/2016\/03\/web-farga-activitats-1.jpg","width":730,"height":410},{"@type":"BreadcrumbList","@id":"https:\/\/www.lafarga.com\/corporatiu\/la-farga-centro-de-actividades-estrena-nuevo-portal-web\/#breadcrumb","itemListElement":[{"@type":"ListItem","position":1,"name":"Home","item":"https:\/\/www.lafarga.com\/corporatiu\/lafarga-hospitalet-llobregat\/"},{"@type":"ListItem","position":2,"name":"La Farga Centro de Actividades estrena nuevo portal web"}]},{"@type":"WebSite","@id":"https:\/\/www.lafarga.com\/corporatiu\/#website","url":"https:\/\/www.lafarga.com\/corporatiu\/","name":"La Farga Gesti\u00f3 d&#039;Equipaments Municipals, SA","description":"","publisher":{"@id":"https:\/\/www.lafarga.com\/corporatiu\/#organization"},"potentialAction":[{"@type":"SearchAction","target":{"@type":"EntryPoint","urlTemplate":"https:\/\/www.lafarga.com\/corporatiu\/?s={search_term_string}"},"query-input":{"@type":"PropertyValueSpecification","valueRequired":true,"valueName":"search_term_string"}}],"inLanguage":"ca"},{"@type":"Organization","@id":"https:\/\/www.lafarga.com\/corporatiu\/#organization","name":"La Farga Gesti\u00f3 d&#039;Equipaments Municipals, SA","url":"https:\/\/www.lafarga.com\/corporatiu\/","logo":{"@type":"ImageObject","inLanguage":"ca","@id":"https:\/\/www.lafarga.com\/corporatiu\/#\/schema\/logo\/image\/","url":"https:\/\/www.lafarga.com\/corporatiu\/wp-content\/uploads\/2023\/11\/logotipo_lafarga_gemsa.svg","contentUrl":"https:\/\/www.lafarga.com\/corporatiu\/wp-content\/uploads\/2023\/11\/logotipo_lafarga_gemsa.svg","width":102,"height":103,"caption":"La Farga Gesti\u00f3 d&#039;Equipaments Municipals, SA"},"image":{"@id":"https:\/\/www.lafarga.com\/corporatiu\/#\/schema\/logo\/image\/"}},{"@type":"Person","@id":"https:\/\/www.lafarga.com\/corporatiu\/#\/schema\/person\/0ad4bc37b46f53e6b85ad51c2ac2d685","name":"admfarga","image":{"@type":"ImageObject","inLanguage":"ca","@id":"https:\/\/secure.gravatar.com\/avatar\/2a2db0975754ce87d41cab8623874e9e5ef5d0add52244aba02a09775feab5cb?s=96&d=mm&r=g","url":"https:\/\/secure.gravatar.com\/avatar\/2a2db0975754ce87d41cab8623874e9e5ef5d0add52244aba02a09775feab5cb?s=96&d=mm&r=g","contentUrl":"https:\/\/secure.gravatar.com\/avatar\/2a2db0975754ce87d41cab8623874e9e5ef5d0add52244aba02a09775feab5cb?s=96&d=mm&r=g","caption":"admfarga"},"url":"https:\/\/www.lafarga.com\/corporatiu\/author\/admfarga\/"}]}},"uagb_featured_image_src":{"full":["https:\/\/www.lafarga.com\/corporatiu\/wp-content\/uploads\/2016\/03\/web-farga-activitats-1.jpg",730,410,false],"thumbnail":["https:\/\/www.lafarga.com\/corporatiu\/wp-content\/uploads\/2016\/03\/web-farga-activitats-1-150x150.jpg",150,150,true],"medium":["https:\/\/www.lafarga.com\/corporatiu\/wp-content\/uploads\/2016\/03\/web-farga-activitats-1-300x168.jpg",300,168,true],"medium_large":["https:\/\/www.lafarga.com\/corporatiu\/wp-content\/uploads\/2016\/03\/web-farga-activitats-1.jpg",730,410,false],"large":["https:\/\/www.lafarga.com\/corporatiu\/wp-content\/uploads\/2016\/03\/web-farga-activitats-1.jpg",730,410,false],"1536x1536":["https:\/\/www.lafarga.com\/corporatiu\/wp-content\/uploads\/2016\/03\/web-farga-activitats-1.jpg",730,410,false],"2048x2048":["https:\/\/www.lafarga.com\/corporatiu\/wp-content\/uploads\/2016\/03\/web-farga-activitats-1.jpg",730,410,false],"mailpoet_newsletter_max":["https:\/\/www.lafarga.com\/corporatiu\/wp-content\/uploads\/2016\/03\/web-farga-activitats-1.jpg",730,410,false]},"uagb_author_info":{"display_name":"admfarga","author_link":"https:\/\/www.lafarga.com\/corporatiu\/author\/admfarga\/"},"uagb_comment_info":0,"uagb_excerpt":"La Farga Centro de Actividades, \u00e1rea de gesti\u00f3n de la Farga GEM, SA, ha remodelado su portal web con el fin de adaptarlo a las nuevas tecnolog\u00edas y t\u00e9cnicas de comunicaci\u00f3n actuales.","_links":{"self":[{"href":"https:\/\/www.lafarga.com\/corporatiu\/wp-json\/wp\/v2\/posts\/6844","targetHints":{"allow":["GET"]}}],"collection":[{"href":"https:\/\/www.lafarga.com\/corporatiu\/wp-json\/wp\/v2\/posts"}],"about":[{"href":"https:\/\/www.lafarga.com\/corporatiu\/wp-json\/wp\/v2\/types\/post"}],"author":[{"embeddable":true,"href":"https:\/\/www.lafarga.com\/corporatiu\/wp-json\/wp\/v2\/users\/8"}],"replies":[{"embeddable":true,"href":"https:\/\/www.lafarga.com\/corporatiu\/wp-json\/wp\/v2\/comments?post=6844"}],"version-history":[{"count":1,"href":"https:\/\/www.lafarga.com\/corporatiu\/wp-json\/wp\/v2\/posts\/6844\/revisions"}],"predecessor-version":[{"id":6845,"href":"https:\/\/www.lafarga.com\/corporatiu\/wp-json\/wp\/v2\/posts\/6844\/revisions\/6845"}],"wp:featuredmedia":[{"embeddable":true,"href":"https:\/\/www.lafarga.com\/corporatiu\/wp-json\/wp\/v2\/media\/6841"}],"wp:attachment":[{"href":"https:\/\/www.lafarga.com\/corporatiu\/wp-json\/wp\/v2\/media?parent=6844"}],"wp:term":[{"taxonomy":"category","embeddable":true,"href":"https:\/\/www.lafarga.com\/corporatiu\/wp-json\/wp\/v2\/categories?post=6844"},{"taxonomy":"post_tag","embeddable":true,"href":"https:\/\/www.lafarga.com\/corporatiu\/wp-json\/wp\/v2\/tags?post=6844"}],"curies":[{"name":"wp","href":"https:\/\/api.w.org\/{rel}","templated":true}]}}