{"id":6687,"date":"2016-02-29T12:07:51","date_gmt":"2016-02-29T12:07:51","guid":{"rendered":"http:\/\/www.lafarga.com\/corporatiu\/?p=6687"},"modified":"2016-05-02T11:36:00","modified_gmt":"2016-05-02T11:36:00","slug":"bolsa-para-cubrir-sustituciones-conductores-grua-municipal-proceso-en-curso","status":"publish","type":"post","link":"https:\/\/www.lafarga.com\/corporatiu\/bolsa-para-cubrir-sustituciones-conductores-grua-municipal-proceso-en-curso\/","title":{"rendered":"Bolsa para cubrir sustituciones conductores gr\u00faa municipal (proceso finalizado)"},"content":{"rendered":"<p>Convocatoria para la creaci\u00f3n de una bolsa de personal para cubrir mediante contrato de interinidad las sustituciones del puesto de trabajo de conductor de gr\u00faa municipal, servicio que gestiona La Farga GEM, SA.<\/p>\n<p><strong>Informaci\u00f3n y bases<\/strong><br \/>\nEn la p\u00e1gina web de La Farga, GEM, S.A. (<a href=\"http:\/\/www.lafarga.com\" target=\"_blank\">www.lafarga.com<\/a>).<\/p>\n<p><strong>Presentaci\u00f3n de solicitudes<\/strong><br \/>\nEn las oficinas de La Farga, Gesti\u00f3n de Equipamientos Municipales, S.A. situadas en la calle Barcelona, n\u00fam. 2, de L&#8217;Hospitalet, desde el 1 de marzo de 2016 a las 09:00 horas hasta el d\u00eda 11 de marzo de 2016 a las 14:00 horas.<br \/>\nEl horario de presentaci\u00f3n de solicitudes ser\u00e1 de 09:00 a 14:00 horas. Tel\u00e9fono de contacto : 93.261.52.00<\/p>\n<p>El Gerente de La Farga, GEM S.A.<br \/>\nManuel P\u00e9rez Gim\u00e9nez<\/p>\n<p>L&#8217;Hospitalet, 29 de febrero de 2016.<\/p>\n<ul>\n<li><a href=\"https:\/\/www.lafarga.com\/corporatiu\/wp-content\/uploads\/2016\/03\/BASES-BORSA-SUBSTITUCIONS-CONDUCTOR-GRUA.pdf\" target=\"_blank\">Bases bolsa sustituciones conductores gr\u00faa municipal<\/a><\/li>\n<li><a href=\"https:\/\/www.lafarga.com\/corporatiu\/wp-content\/uploads\/2015\/10\/INST\u00c0NCIA-LA-FARGA.pdf\" target=\"_blank\">Modelo de instancia<\/a><\/li>\n<li><a href=\"https:\/\/www.lafarga.com\/corporatiu\/wp-content\/uploads\/2016\/03\/1\u00aa-ACTA-CONCURS-CONDUCTOR-14.03.2016.pdf\" target=\"_blank\">1a acta bolsa sustituciones conductores gr\u00faa municipal (14-03-2016)<\/a><\/li>\n<li><a href=\"https:\/\/www.lafarga.com\/corporatiu\/wp-content\/uploads\/2016\/04\/CERTIFICAT-TRIBUNAL-BORSA-CONDUCTOR-GRUA.pdf\" target=\"_blank\">Certificado Tribunal bolsa sustituciones conductores gr\u00faa municipal (30-03-2016)<\/a><\/li>\n<li><a href=\"https:\/\/www.lafarga.com\/corporatiu\/wp-content\/uploads\/2016\/04\/ACTA-BORSA-CONDUCTORS-GRUA-12-04-2016.pdf\" target=\"_blank\">Acta bolsa sustituciones conductores gr\u00faa municipal (12-04-2016)<\/a><\/li>\n<li><a href=\"https:\/\/www.lafarga.com\/corporatiu\/wp-content\/uploads\/2016\/04\/ACTA-BORSA-CONDUCTORS-DE-GRUA.pdf\" target=\"_blank\">Acta bolsa sustituciones conductores gr\u00faa municipal (18-04-2016)<\/a><\/li>\n<\/ul>\n","protected":false},"excerpt":{"rendered":"<p>Convocatoria para la creaci\u00f3n de una bolsa de personal para cubrir mediante contrato de interinidad las sustituciones del puesto de trabajo de conductor de gr\u00faa municipal, servicio que gestiona La Farga GEM, SA.<\/p>\n","protected":false},"author":8,"featured_media":6126,"comment_status":"closed","ping_status":"closed","sticky":false,"template":"","format":"standard","meta":{"inline_featured_image":false,"_uag_custom_page_level_css":"","_monsterinsights_skip_tracking":false,"_monsterinsights_sitenote_active":false,"_monsterinsights_sitenote_note":"","_monsterinsights_sitenote_category":0,"site-sidebar-layout":"default","site-content-layout":"","ast-site-content-layout":"default","site-content-style":"default","site-sidebar-style":"default","ast-global-header-display":"","ast-banner-title-visibility":"","ast-main-header-display":"","ast-hfb-above-header-display":"","ast-hfb-below-header-display":"","ast-hfb-mobile-header-display":"","site-post-title":"","ast-breadcrumbs-content":"","ast-featured-img":"","footer-sml-layout":"","ast-disable-related-posts":"","theme-transparent-header-meta":"","adv-header-id-meta":"","stick-header-meta":"","header-above-stick-meta":"","header-main-stick-meta":"","header-below-stick-meta":"","astra-migrate-meta-layouts":"default","ast-page-background-enabled":"default","ast-page-background-meta":{"desktop":{"background-color":"var(--ast-global-color-4)","background-image":"","background-repeat":"repeat","background-position":"center center","background-size":"auto","background-attachment":"scroll","background-type":"","background-media":"","overlay-type":"","overlay-color":"","overlay-opacity":"","overlay-gradient":""},"tablet":{"background-color":"","background-image":"","background-repeat":"repeat","background-position":"center center","background-size":"auto","background-attachment":"scroll","background-type":"","background-media":"","overlay-type":"","overlay-color":"","overlay-opacity":"","overlay-gradient":""},"mobile":{"background-color":"","background-image":"","background-repeat":"repeat","background-position":"center center","background-size":"auto","background-attachment":"scroll","background-type":"","background-media":"","overlay-type":"","overlay-color":"","overlay-opacity":"","overlay-gradient":""}},"ast-content-background-meta":{"desktop":{"background-color":"var(--ast-global-color-5)","background-image":"","background-repeat":"repeat","background-position":"center center","background-size":"auto","background-attachment":"scroll","background-type":"","background-media":"","overlay-type":"","overlay-color":"","overlay-opacity":"","overlay-gradient":""},"tablet":{"background-color":"var(--ast-global-color-5)","background-image":"","background-repeat":"repeat","background-position":"center center","background-size":"auto","background-attachment":"scroll","background-type":"","background-media":"","overlay-type":"","overlay-color":"","overlay-opacity":"","overlay-gradient":""},"mobile":{"background-color":"var(--ast-global-color-5)","background-image":"","background-repeat":"repeat","background-position":"center center","background-size":"auto","background-attachment":"scroll","background-type":"","background-media":"","overlay-type":"","overlay-color":"","overlay-opacity":"","overlay-gradient":""}},"footnotes":""},"categories":[85],"tags":[],"class_list":["post-6687","post","type-post","status-publish","format-standard","has-post-thumbnail","hentry","category-seleccion-de-personal"],"yoast_head":"<!-- This site is optimized with the Yoast SEO plugin v27.4 - https:\/\/yoast.com\/product\/yoast-seo-wordpress\/ -->\n<title>Bolsa para cubrir sustituciones conductores gr\u00faa municipal (proceso finalizado) - La Farga Gesti\u00f3n de Equipamientos Municipales, S.A.<\/title>\n<meta name=\"description\" content=\"Convocat\u00f2ria borsa personal per cobrir mitjan\u00e7ant contracte interinitat substitucions lloc treball conductor grua mpal, servei gestiona La Farga GEM, SA.\" \/>\n<meta name=\"robots\" content=\"index, follow, max-snippet:-1, max-image-preview:large, max-video-preview:-1\" \/>\n<link rel=\"canonical\" href=\"https:\/\/www.lafarga.com\/corporatiu\/bolsa-para-cubrir-sustituciones-conductores-grua-municipal-proceso-en-curso\/\" \/>\n<meta property=\"og:locale\" content=\"ca_ES\" \/>\n<meta property=\"og:type\" content=\"article\" \/>\n<meta property=\"og:title\" content=\"Bolsa para cubrir sustituciones conductores gr\u00faa municipal (proceso finalizado) - La Farga Gesti\u00f3n de Equipamientos Municipales, S.A.\" \/>\n<meta property=\"og:description\" content=\"Convocat\u00f2ria borsa personal per cobrir mitjan\u00e7ant contracte interinitat substitucions lloc treball conductor grua mpal, servei gestiona La Farga GEM, SA.\" \/>\n<meta property=\"og:url\" content=\"https:\/\/www.lafarga.com\/corporatiu\/bolsa-para-cubrir-sustituciones-conductores-grua-municipal-proceso-en-curso\/\" \/>\n<meta property=\"og:site_name\" content=\"La Farga Gesti\u00f3n de Equipamientos Municipales, S.A.\" \/>\n<meta property=\"article:published_time\" content=\"2016-02-29T12:07:51+00:00\" \/>\n<meta property=\"article:modified_time\" content=\"2016-05-02T11:36:00+00:00\" \/>\n<meta property=\"og:image\" content=\"https:\/\/www.lafarga.com\/corporatiu\/wp-content\/uploads\/2015\/12\/grua-mobilitat-farga.jpg\" \/>\n\t<meta property=\"og:image:width\" content=\"730\" \/>\n\t<meta property=\"og:image:height\" content=\"410\" \/>\n\t<meta property=\"og:image:type\" content=\"image\/jpeg\" \/>\n<meta name=\"author\" content=\"admfarga\" \/>\n<meta name=\"twitter:label1\" content=\"Escrit per\" \/>\n\t<meta name=\"twitter:data1\" content=\"admfarga\" \/>\n\t<meta name=\"twitter:label2\" content=\"Temps estimat de lectura\" \/>\n\t<meta name=\"twitter:data2\" content=\"1 minut\" \/>\n<script type=\"application\/ld+json\" class=\"yoast-schema-graph\">{\"@context\":\"https:\\\/\\\/schema.org\",\"@graph\":[{\"@type\":\"Article\",\"@id\":\"https:\\\/\\\/www.lafarga.com\\\/corporatiu\\\/bolsa-para-cubrir-sustituciones-conductores-grua-municipal-proceso-en-curso\\\/#article\",\"isPartOf\":{\"@id\":\"https:\\\/\\\/www.lafarga.com\\\/corporatiu\\\/bolsa-para-cubrir-sustituciones-conductores-grua-municipal-proceso-en-curso\\\/\"},\"author\":{\"name\":\"admfarga\",\"@id\":\"https:\\\/\\\/www.lafarga.com\\\/corporatiu\\\/#\\\/schema\\\/person\\\/0ad4bc37b46f53e6b85ad51c2ac2d685\"},\"headline\":\"Bolsa para cubrir sustituciones conductores gr\u00faa municipal (proceso finalizado)\",\"datePublished\":\"2016-02-29T12:07:51+00:00\",\"dateModified\":\"2016-05-02T11:36:00+00:00\",\"mainEntityOfPage\":{\"@id\":\"https:\\\/\\\/www.lafarga.com\\\/corporatiu\\\/bolsa-para-cubrir-sustituciones-conductores-grua-municipal-proceso-en-curso\\\/\"},\"wordCount\":189,\"publisher\":{\"@id\":\"https:\\\/\\\/www.lafarga.com\\\/corporatiu\\\/#organization\"},\"image\":{\"@id\":\"https:\\\/\\\/www.lafarga.com\\\/corporatiu\\\/bolsa-para-cubrir-sustituciones-conductores-grua-municipal-proceso-en-curso\\\/#primaryimage\"},\"thumbnailUrl\":\"https:\\\/\\\/www.lafarga.com\\\/corporatiu\\\/wp-content\\\/uploads\\\/2015\\\/12\\\/grua-mobilitat-farga.jpg\",\"articleSection\":[\"Selecci\u00f3n de personal\"],\"inLanguage\":\"ca\"},{\"@type\":\"WebPage\",\"@id\":\"https:\\\/\\\/www.lafarga.com\\\/corporatiu\\\/bolsa-para-cubrir-sustituciones-conductores-grua-municipal-proceso-en-curso\\\/\",\"url\":\"https:\\\/\\\/www.lafarga.com\\\/corporatiu\\\/bolsa-para-cubrir-sustituciones-conductores-grua-municipal-proceso-en-curso\\\/\",\"name\":\"Bolsa para cubrir sustituciones conductores gr\u00faa municipal (proceso finalizado) - La Farga Gesti\u00f3n de Equipamientos Municipales, S.A.\",\"isPartOf\":{\"@id\":\"https:\\\/\\\/www.lafarga.com\\\/corporatiu\\\/#website\"},\"primaryImageOfPage\":{\"@id\":\"https:\\\/\\\/www.lafarga.com\\\/corporatiu\\\/bolsa-para-cubrir-sustituciones-conductores-grua-municipal-proceso-en-curso\\\/#primaryimage\"},\"image\":{\"@id\":\"https:\\\/\\\/www.lafarga.com\\\/corporatiu\\\/bolsa-para-cubrir-sustituciones-conductores-grua-municipal-proceso-en-curso\\\/#primaryimage\"},\"thumbnailUrl\":\"https:\\\/\\\/www.lafarga.com\\\/corporatiu\\\/wp-content\\\/uploads\\\/2015\\\/12\\\/grua-mobilitat-farga.jpg\",\"datePublished\":\"2016-02-29T12:07:51+00:00\",\"dateModified\":\"2016-05-02T11:36:00+00:00\",\"description\":\"Convocat\u00f2ria borsa personal per cobrir mitjan\u00e7ant contracte interinitat substitucions lloc treball conductor grua mpal, servei gestiona La Farga GEM, SA.\",\"breadcrumb\":{\"@id\":\"https:\\\/\\\/www.lafarga.com\\\/corporatiu\\\/bolsa-para-cubrir-sustituciones-conductores-grua-municipal-proceso-en-curso\\\/#breadcrumb\"},\"inLanguage\":\"ca\",\"potentialAction\":[{\"@type\":\"ReadAction\",\"target\":[\"https:\\\/\\\/www.lafarga.com\\\/corporatiu\\\/bolsa-para-cubrir-sustituciones-conductores-grua-municipal-proceso-en-curso\\\/\"]}]},{\"@type\":\"ImageObject\",\"inLanguage\":\"ca\",\"@id\":\"https:\\\/\\\/www.lafarga.com\\\/corporatiu\\\/bolsa-para-cubrir-sustituciones-conductores-grua-municipal-proceso-en-curso\\\/#primaryimage\",\"url\":\"https:\\\/\\\/www.lafarga.com\\\/corporatiu\\\/wp-content\\\/uploads\\\/2015\\\/12\\\/grua-mobilitat-farga.jpg\",\"contentUrl\":\"https:\\\/\\\/www.lafarga.com\\\/corporatiu\\\/wp-content\\\/uploads\\\/2015\\\/12\\\/grua-mobilitat-farga.jpg\",\"width\":730,\"height\":410,\"caption\":\"Dip\u00f2sit Municipal\"},{\"@type\":\"BreadcrumbList\",\"@id\":\"https:\\\/\\\/www.lafarga.com\\\/corporatiu\\\/bolsa-para-cubrir-sustituciones-conductores-grua-municipal-proceso-en-curso\\\/#breadcrumb\",\"itemListElement\":[{\"@type\":\"ListItem\",\"position\":1,\"name\":\"Home\",\"item\":\"https:\\\/\\\/www.lafarga.com\\\/corporatiu\\\/lafarga-hospitalet-llobregat\\\/\"},{\"@type\":\"ListItem\",\"position\":2,\"name\":\"Bolsa para cubrir sustituciones conductores gr\u00faa municipal (proceso finalizado)\"}]},{\"@type\":\"WebSite\",\"@id\":\"https:\\\/\\\/www.lafarga.com\\\/corporatiu\\\/#website\",\"url\":\"https:\\\/\\\/www.lafarga.com\\\/corporatiu\\\/\",\"name\":\"La Farga Gesti\u00f3 d&#039;Equipaments Municipals, SA\",\"description\":\"\",\"publisher\":{\"@id\":\"https:\\\/\\\/www.lafarga.com\\\/corporatiu\\\/#organization\"},\"potentialAction\":[{\"@type\":\"SearchAction\",\"target\":{\"@type\":\"EntryPoint\",\"urlTemplate\":\"https:\\\/\\\/www.lafarga.com\\\/corporatiu\\\/?s={search_term_string}\"},\"query-input\":{\"@type\":\"PropertyValueSpecification\",\"valueRequired\":true,\"valueName\":\"search_term_string\"}}],\"inLanguage\":\"ca\"},{\"@type\":\"Organization\",\"@id\":\"https:\\\/\\\/www.lafarga.com\\\/corporatiu\\\/#organization\",\"name\":\"La Farga Gesti\u00f3 d&#039;Equipaments Municipals, SA\",\"url\":\"https:\\\/\\\/www.lafarga.com\\\/corporatiu\\\/\",\"logo\":{\"@type\":\"ImageObject\",\"inLanguage\":\"ca\",\"@id\":\"https:\\\/\\\/www.lafarga.com\\\/corporatiu\\\/#\\\/schema\\\/logo\\\/image\\\/\",\"url\":\"https:\\\/\\\/www.lafarga.com\\\/corporatiu\\\/wp-content\\\/uploads\\\/2023\\\/11\\\/logotipo_lafarga_gemsa.svg\",\"contentUrl\":\"https:\\\/\\\/www.lafarga.com\\\/corporatiu\\\/wp-content\\\/uploads\\\/2023\\\/11\\\/logotipo_lafarga_gemsa.svg\",\"width\":102,\"height\":103,\"caption\":\"La Farga Gesti\u00f3 d&#039;Equipaments Municipals, SA\"},\"image\":{\"@id\":\"https:\\\/\\\/www.lafarga.com\\\/corporatiu\\\/#\\\/schema\\\/logo\\\/image\\\/\"}},{\"@type\":\"Person\",\"@id\":\"https:\\\/\\\/www.lafarga.com\\\/corporatiu\\\/#\\\/schema\\\/person\\\/0ad4bc37b46f53e6b85ad51c2ac2d685\",\"name\":\"admfarga\",\"image\":{\"@type\":\"ImageObject\",\"inLanguage\":\"ca\",\"@id\":\"https:\\\/\\\/secure.gravatar.com\\\/avatar\\\/2a2db0975754ce87d41cab8623874e9e5ef5d0add52244aba02a09775feab5cb?s=96&d=mm&r=g\",\"url\":\"https:\\\/\\\/secure.gravatar.com\\\/avatar\\\/2a2db0975754ce87d41cab8623874e9e5ef5d0add52244aba02a09775feab5cb?s=96&d=mm&r=g\",\"contentUrl\":\"https:\\\/\\\/secure.gravatar.com\\\/avatar\\\/2a2db0975754ce87d41cab8623874e9e5ef5d0add52244aba02a09775feab5cb?s=96&d=mm&r=g\",\"caption\":\"admfarga\"},\"url\":\"https:\\\/\\\/www.lafarga.com\\\/corporatiu\\\/author\\\/admfarga\\\/\"}]}<\/script>\n<!-- \/ Yoast SEO plugin. -->","yoast_head_json":{"title":"Bolsa para cubrir sustituciones conductores gr\u00faa municipal (proceso finalizado) - La Farga Gesti\u00f3n de Equipamientos Municipales, S.A.","description":"Convocat\u00f2ria borsa personal per cobrir mitjan\u00e7ant contracte interinitat substitucions lloc treball conductor grua mpal, servei gestiona La Farga GEM, SA.","robots":{"index":"index","follow":"follow","max-snippet":"max-snippet:-1","max-image-preview":"max-image-preview:large","max-video-preview":"max-video-preview:-1"},"canonical":"https:\/\/www.lafarga.com\/corporatiu\/bolsa-para-cubrir-sustituciones-conductores-grua-municipal-proceso-en-curso\/","og_locale":"ca_ES","og_type":"article","og_title":"Bolsa para cubrir sustituciones conductores gr\u00faa municipal (proceso finalizado) - La Farga Gesti\u00f3n de Equipamientos Municipales, S.A.","og_description":"Convocat\u00f2ria borsa personal per cobrir mitjan\u00e7ant contracte interinitat substitucions lloc treball conductor grua mpal, servei gestiona La Farga GEM, SA.","og_url":"https:\/\/www.lafarga.com\/corporatiu\/bolsa-para-cubrir-sustituciones-conductores-grua-municipal-proceso-en-curso\/","og_site_name":"La Farga Gesti\u00f3n de Equipamientos Municipales, S.A.","article_published_time":"2016-02-29T12:07:51+00:00","article_modified_time":"2016-05-02T11:36:00+00:00","og_image":[{"width":730,"height":410,"url":"https:\/\/www.lafarga.com\/corporatiu\/wp-content\/uploads\/2015\/12\/grua-mobilitat-farga.jpg","type":"image\/jpeg"}],"author":"admfarga","twitter_misc":{"Escrit per":"admfarga","Temps estimat de lectura":"1 minut"},"schema":{"@context":"https:\/\/schema.org","@graph":[{"@type":"Article","@id":"https:\/\/www.lafarga.com\/corporatiu\/bolsa-para-cubrir-sustituciones-conductores-grua-municipal-proceso-en-curso\/#article","isPartOf":{"@id":"https:\/\/www.lafarga.com\/corporatiu\/bolsa-para-cubrir-sustituciones-conductores-grua-municipal-proceso-en-curso\/"},"author":{"name":"admfarga","@id":"https:\/\/www.lafarga.com\/corporatiu\/#\/schema\/person\/0ad4bc37b46f53e6b85ad51c2ac2d685"},"headline":"Bolsa para cubrir sustituciones conductores gr\u00faa municipal (proceso finalizado)","datePublished":"2016-02-29T12:07:51+00:00","dateModified":"2016-05-02T11:36:00+00:00","mainEntityOfPage":{"@id":"https:\/\/www.lafarga.com\/corporatiu\/bolsa-para-cubrir-sustituciones-conductores-grua-municipal-proceso-en-curso\/"},"wordCount":189,"publisher":{"@id":"https:\/\/www.lafarga.com\/corporatiu\/#organization"},"image":{"@id":"https:\/\/www.lafarga.com\/corporatiu\/bolsa-para-cubrir-sustituciones-conductores-grua-municipal-proceso-en-curso\/#primaryimage"},"thumbnailUrl":"https:\/\/www.lafarga.com\/corporatiu\/wp-content\/uploads\/2015\/12\/grua-mobilitat-farga.jpg","articleSection":["Selecci\u00f3n de personal"],"inLanguage":"ca"},{"@type":"WebPage","@id":"https:\/\/www.lafarga.com\/corporatiu\/bolsa-para-cubrir-sustituciones-conductores-grua-municipal-proceso-en-curso\/","url":"https:\/\/www.lafarga.com\/corporatiu\/bolsa-para-cubrir-sustituciones-conductores-grua-municipal-proceso-en-curso\/","name":"Bolsa para cubrir sustituciones conductores gr\u00faa municipal (proceso finalizado) - La Farga Gesti\u00f3n de Equipamientos Municipales, S.A.","isPartOf":{"@id":"https:\/\/www.lafarga.com\/corporatiu\/#website"},"primaryImageOfPage":{"@id":"https:\/\/www.lafarga.com\/corporatiu\/bolsa-para-cubrir-sustituciones-conductores-grua-municipal-proceso-en-curso\/#primaryimage"},"image":{"@id":"https:\/\/www.lafarga.com\/corporatiu\/bolsa-para-cubrir-sustituciones-conductores-grua-municipal-proceso-en-curso\/#primaryimage"},"thumbnailUrl":"https:\/\/www.lafarga.com\/corporatiu\/wp-content\/uploads\/2015\/12\/grua-mobilitat-farga.jpg","datePublished":"2016-02-29T12:07:51+00:00","dateModified":"2016-05-02T11:36:00+00:00","description":"Convocat\u00f2ria borsa personal per cobrir mitjan\u00e7ant contracte interinitat substitucions lloc treball conductor grua mpal, servei gestiona La Farga GEM, SA.","breadcrumb":{"@id":"https:\/\/www.lafarga.com\/corporatiu\/bolsa-para-cubrir-sustituciones-conductores-grua-municipal-proceso-en-curso\/#breadcrumb"},"inLanguage":"ca","potentialAction":[{"@type":"ReadAction","target":["https:\/\/www.lafarga.com\/corporatiu\/bolsa-para-cubrir-sustituciones-conductores-grua-municipal-proceso-en-curso\/"]}]},{"@type":"ImageObject","inLanguage":"ca","@id":"https:\/\/www.lafarga.com\/corporatiu\/bolsa-para-cubrir-sustituciones-conductores-grua-municipal-proceso-en-curso\/#primaryimage","url":"https:\/\/www.lafarga.com\/corporatiu\/wp-content\/uploads\/2015\/12\/grua-mobilitat-farga.jpg","contentUrl":"https:\/\/www.lafarga.com\/corporatiu\/wp-content\/uploads\/2015\/12\/grua-mobilitat-farga.jpg","width":730,"height":410,"caption":"Dip\u00f2sit Municipal"},{"@type":"BreadcrumbList","@id":"https:\/\/www.lafarga.com\/corporatiu\/bolsa-para-cubrir-sustituciones-conductores-grua-municipal-proceso-en-curso\/#breadcrumb","itemListElement":[{"@type":"ListItem","position":1,"name":"Home","item":"https:\/\/www.lafarga.com\/corporatiu\/lafarga-hospitalet-llobregat\/"},{"@type":"ListItem","position":2,"name":"Bolsa para cubrir sustituciones conductores gr\u00faa municipal (proceso finalizado)"}]},{"@type":"WebSite","@id":"https:\/\/www.lafarga.com\/corporatiu\/#website","url":"https:\/\/www.lafarga.com\/corporatiu\/","name":"La Farga Gesti\u00f3 d&#039;Equipaments Municipals, SA","description":"","publisher":{"@id":"https:\/\/www.lafarga.com\/corporatiu\/#organization"},"potentialAction":[{"@type":"SearchAction","target":{"@type":"EntryPoint","urlTemplate":"https:\/\/www.lafarga.com\/corporatiu\/?s={search_term_string}"},"query-input":{"@type":"PropertyValueSpecification","valueRequired":true,"valueName":"search_term_string"}}],"inLanguage":"ca"},{"@type":"Organization","@id":"https:\/\/www.lafarga.com\/corporatiu\/#organization","name":"La Farga Gesti\u00f3 d&#039;Equipaments Municipals, SA","url":"https:\/\/www.lafarga.com\/corporatiu\/","logo":{"@type":"ImageObject","inLanguage":"ca","@id":"https:\/\/www.lafarga.com\/corporatiu\/#\/schema\/logo\/image\/","url":"https:\/\/www.lafarga.com\/corporatiu\/wp-content\/uploads\/2023\/11\/logotipo_lafarga_gemsa.svg","contentUrl":"https:\/\/www.lafarga.com\/corporatiu\/wp-content\/uploads\/2023\/11\/logotipo_lafarga_gemsa.svg","width":102,"height":103,"caption":"La Farga Gesti\u00f3 d&#039;Equipaments Municipals, SA"},"image":{"@id":"https:\/\/www.lafarga.com\/corporatiu\/#\/schema\/logo\/image\/"}},{"@type":"Person","@id":"https:\/\/www.lafarga.com\/corporatiu\/#\/schema\/person\/0ad4bc37b46f53e6b85ad51c2ac2d685","name":"admfarga","image":{"@type":"ImageObject","inLanguage":"ca","@id":"https:\/\/secure.gravatar.com\/avatar\/2a2db0975754ce87d41cab8623874e9e5ef5d0add52244aba02a09775feab5cb?s=96&d=mm&r=g","url":"https:\/\/secure.gravatar.com\/avatar\/2a2db0975754ce87d41cab8623874e9e5ef5d0add52244aba02a09775feab5cb?s=96&d=mm&r=g","contentUrl":"https:\/\/secure.gravatar.com\/avatar\/2a2db0975754ce87d41cab8623874e9e5ef5d0add52244aba02a09775feab5cb?s=96&d=mm&r=g","caption":"admfarga"},"url":"https:\/\/www.lafarga.com\/corporatiu\/author\/admfarga\/"}]}},"uagb_featured_image_src":{"full":["https:\/\/www.lafarga.com\/corporatiu\/wp-content\/uploads\/2015\/12\/grua-mobilitat-farga.jpg",730,410,false],"thumbnail":["https:\/\/www.lafarga.com\/corporatiu\/wp-content\/uploads\/2015\/12\/grua-mobilitat-farga-150x150.jpg",150,150,true],"medium":["https:\/\/www.lafarga.com\/corporatiu\/wp-content\/uploads\/2015\/12\/grua-mobilitat-farga-300x168.jpg",300,168,true],"medium_large":["https:\/\/www.lafarga.com\/corporatiu\/wp-content\/uploads\/2015\/12\/grua-mobilitat-farga.jpg",730,410,false],"large":["https:\/\/www.lafarga.com\/corporatiu\/wp-content\/uploads\/2015\/12\/grua-mobilitat-farga.jpg",730,410,false],"1536x1536":["https:\/\/www.lafarga.com\/corporatiu\/wp-content\/uploads\/2015\/12\/grua-mobilitat-farga.jpg",730,410,false],"2048x2048":["https:\/\/www.lafarga.com\/corporatiu\/wp-content\/uploads\/2015\/12\/grua-mobilitat-farga.jpg",730,410,false],"mailpoet_newsletter_max":["https:\/\/www.lafarga.com\/corporatiu\/wp-content\/uploads\/2015\/12\/grua-mobilitat-farga.jpg",730,410,false]},"uagb_author_info":{"display_name":"admfarga","author_link":"https:\/\/www.lafarga.com\/corporatiu\/author\/admfarga\/"},"uagb_comment_info":0,"uagb_excerpt":"Convocatoria para la creaci\u00f3n de una bolsa de personal para cubrir mediante contrato de interinidad las sustituciones del puesto de trabajo de conductor de gr\u00faa municipal, servicio que gestiona La Farga GEM, SA.","_links":{"self":[{"href":"https:\/\/www.lafarga.com\/corporatiu\/wp-json\/wp\/v2\/posts\/6687","targetHints":{"allow":["GET"]}}],"collection":[{"href":"https:\/\/www.lafarga.com\/corporatiu\/wp-json\/wp\/v2\/posts"}],"about":[{"href":"https:\/\/www.lafarga.com\/corporatiu\/wp-json\/wp\/v2\/types\/post"}],"author":[{"embeddable":true,"href":"https:\/\/www.lafarga.com\/corporatiu\/wp-json\/wp\/v2\/users\/8"}],"replies":[{"embeddable":true,"href":"https:\/\/www.lafarga.com\/corporatiu\/wp-json\/wp\/v2\/comments?post=6687"}],"version-history":[{"count":8,"href":"https:\/\/www.lafarga.com\/corporatiu\/wp-json\/wp\/v2\/posts\/6687\/revisions"}],"predecessor-version":[{"id":7078,"href":"https:\/\/www.lafarga.com\/corporatiu\/wp-json\/wp\/v2\/posts\/6687\/revisions\/7078"}],"wp:featuredmedia":[{"embeddable":true,"href":"https:\/\/www.lafarga.com\/corporatiu\/wp-json\/wp\/v2\/media\/6126"}],"wp:attachment":[{"href":"https:\/\/www.lafarga.com\/corporatiu\/wp-json\/wp\/v2\/media?parent=6687"}],"wp:term":[{"taxonomy":"category","embeddable":true,"href":"https:\/\/www.lafarga.com\/corporatiu\/wp-json\/wp\/v2\/categories?post=6687"},{"taxonomy":"post_tag","embeddable":true,"href":"https:\/\/www.lafarga.com\/corporatiu\/wp-json\/wp\/v2\/tags?post=6687"}],"curies":[{"name":"wp","href":"https:\/\/api.w.org\/{rel}","templated":true}]}}