{"id":6653,"date":"2016-02-25T11:41:52","date_gmt":"2016-02-25T11:41:52","guid":{"rendered":"http:\/\/www.lafarga.com\/corporatiu\/?p=6653"},"modified":"2016-02-25T11:46:36","modified_gmt":"2016-02-25T11:46:36","slug":"hombres-g-antonio-orozco-loquillo-los-suaves-i-boni-por-fiestas-en-la-farga","status":"publish","type":"post","link":"https:\/\/www.lafarga.com\/corporatiu\/hombres-g-antonio-orozco-loquillo-los-suaves-i-boni-por-fiestas-en-la-farga\/","title":{"rendered":"Hombres G, Antonio Orozco, Loquillo, Los Suaves i Boni, por fiestas en La Farga"},"content":{"rendered":"<p>La Farga de L&#8217;Hospitalet volver\u00e1 a ser el escenario de los grandes conciertos de las Fiestas de Primavera de la ciudad con la presencia del mejor pop y rock hecho en Espa\u00f1a.<\/p>\n<p>Las propuestas cubren un amplio espectro en este terreno con las actuaciones de <a href=\"http:\/\/www.hombresg.net\/\" target=\"_blank\">Hombres G<\/a>, <a href=\"http:\/\/www.loquillo.com\/\" target=\"_blank\">Loquillo<\/a>, <a href=\"http:\/\/www.lossuavesweb.com\/la-musica-termina\/inicio_1.php\" target=\"_blank\">Los Suaves<\/a>, <a href=\"https:\/\/www.facebook.com\/BoniRocanrol\/\" target=\"_blank\">Boni<\/a> de Barricada y el hospitalenc <a href=\"http:\/\/www.antonioorozco.com\/\" target=\"_blank\">Antonio Orozco<\/a>.<\/p>\n<p><strong>Viernes 22 de abril (21.30h)<\/strong><br \/>\n<strong>HOMBRES G &#8211; Grandes \u00e9xitos<\/strong><br \/>\nDavid Summers y sus celebran 30 a\u00f1os de \u00e9xitos con una gira antol\u00f3gica que recupera todos estos hits imborrables que los han convertido en aut\u00e9nticos cl\u00e1sicos del pop espa\u00f1ol. Una cita ineludible con una de las p\u00e1ginas m\u00e1s divertidas, cantables y bailables de nuestra historia musical.<\/p>\n<p><strong>S\u00e1bado 23 de abril (20h)<\/strong><br \/>\n<strong>OTRA NOCHE SIN DORMIR PARTE 2: LOQUILLO + LOS SUAVES + BONI (BARRICADA)<\/strong><br \/>\nLa primera parte, que tuvo lugar en 2008 con Rosendo, Barricada y Aurora Beltr\u00e1n, supuso un \u00e9xito abrumador. Ahora, ocho a\u00f1os despu\u00e9s, todo apunta a que Otra noche sin dormir parte 2 repetir\u00e1 la gran acogida de su predecesora. Razones no le faltan: Loquillo presentar\u00e1 nuevo disco en L&#8217;Hospitalet, Los Suaves protagonizar\u00e1n uno de los \u00faltimos conciertos de su anunciada gira de despedida definitiva y Boni, guitarrista y compositor de Barricada, estrenar\u00e1 su propuesta en solitario. En resumen, concierto triple con novedades y grandes emociones rockeras para la noche del s\u00e1bado.<\/p>\n<p><strong>Domingo 24 de abril (19h)<\/strong><br \/>\n<strong>ANTONIO OROZCO<\/strong><br \/>\nEl hospitalense Antonio Orozco necesita pocas presentaciones y menos en su ciudad. Orozco ha demostrado con talento y tenacidad que se puede llegar muy lejos desde unos or\u00edgenes humildes. Grandes temas como Devu\u00e9lveme la vida, Qu\u00e9 me queda o Rarezas certifican la val\u00eda de un artista \u00fanico, cuya carrera sigue dando frutos jugosos como el reciente Destino (2015).<\/p>\n<p>Las entradas se pueden adquirir a partir de hoy on line a trav\u00e9s de El Peri\u00f3dico: <a href=\"http:\/\/entrades.elperiodico.cat\" target=\"_blank\">entrades.elperiodico.cat<\/a>.<\/p>\n","protected":false},"excerpt":{"rendered":"<p>La Farga de L&#8217;Hospitalet volver\u00e1 a ser el escenario de los grandes conciertos de las Fiestas de Primavera de la ciudad con la presencia del mejor pop y rock hecho en Espa\u00f1a.<\/p>\n","protected":false},"author":8,"featured_media":6650,"comment_status":"closed","ping_status":"closed","sticky":false,"template":"","format":"standard","meta":{"inline_featured_image":false,"_uag_custom_page_level_css":"","_monsterinsights_skip_tracking":false,"_monsterinsights_sitenote_active":false,"_monsterinsights_sitenote_note":"","_monsterinsights_sitenote_category":0,"site-sidebar-layout":"default","site-content-layout":"","ast-site-content-layout":"default","site-content-style":"default","site-sidebar-style":"default","ast-global-header-display":"","ast-banner-title-visibility":"","ast-main-header-display":"","ast-hfb-above-header-display":"","ast-hfb-below-header-display":"","ast-hfb-mobile-header-display":"","site-post-title":"","ast-breadcrumbs-content":"","ast-featured-img":"","footer-sml-layout":"","ast-disable-related-posts":"","theme-transparent-header-meta":"","adv-header-id-meta":"","stick-header-meta":"","header-above-stick-meta":"","header-main-stick-meta":"","header-below-stick-meta":"","astra-migrate-meta-layouts":"default","ast-page-background-enabled":"default","ast-page-background-meta":{"desktop":{"background-color":"var(--ast-global-color-4)","background-image":"","background-repeat":"repeat","background-position":"center center","background-size":"auto","background-attachment":"scroll","background-type":"","background-media":"","overlay-type":"","overlay-color":"","overlay-opacity":"","overlay-gradient":""},"tablet":{"background-color":"","background-image":"","background-repeat":"repeat","background-position":"center center","background-size":"auto","background-attachment":"scroll","background-type":"","background-media":"","overlay-type":"","overlay-color":"","overlay-opacity":"","overlay-gradient":""},"mobile":{"background-color":"","background-image":"","background-repeat":"repeat","background-position":"center center","background-size":"auto","background-attachment":"scroll","background-type":"","background-media":"","overlay-type":"","overlay-color":"","overlay-opacity":"","overlay-gradient":""}},"ast-content-background-meta":{"desktop":{"background-color":"var(--ast-global-color-5)","background-image":"","background-repeat":"repeat","background-position":"center center","background-size":"auto","background-attachment":"scroll","background-type":"","background-media":"","overlay-type":"","overlay-color":"","overlay-opacity":"","overlay-gradient":""},"tablet":{"background-color":"var(--ast-global-color-5)","background-image":"","background-repeat":"repeat","background-position":"center center","background-size":"auto","background-attachment":"scroll","background-type":"","background-media":"","overlay-type":"","overlay-color":"","overlay-opacity":"","overlay-gradient":""},"mobile":{"background-color":"var(--ast-global-color-5)","background-image":"","background-repeat":"repeat","background-position":"center center","background-size":"auto","background-attachment":"scroll","background-type":"","background-media":"","overlay-type":"","overlay-color":"","overlay-opacity":"","overlay-gradient":""}},"footnotes":""},"categories":[73],"tags":[],"class_list":["post-6653","post","type-post","status-publish","format-standard","has-post-thumbnail","hentry","category-centro-de-actividades"],"yoast_head":"<!-- This site is optimized with the Yoast SEO plugin v27.4 - https:\/\/yoast.com\/product\/yoast-seo-wordpress\/ -->\n<title>Hombres G, Antonio Orozco, Loquillo, Los Suaves i Boni, por fiestas en La Farga - La Farga Gesti\u00f3n de Equipamientos Municipales, S.A.<\/title>\n<meta name=\"description\" content=\"La Farga de L&#039;Hospitalet tornar\u00e0 a ser l&#039;escenari dels grans concerts de les Festes de Primavera de la ciutat amb la pres\u00e8ncia\u00a0del millor pop i rock.\" \/>\n<meta name=\"robots\" content=\"index, follow, max-snippet:-1, max-image-preview:large, max-video-preview:-1\" \/>\n<link rel=\"canonical\" href=\"https:\/\/www.lafarga.com\/corporatiu\/hombres-g-antonio-orozco-loquillo-los-suaves-i-boni-por-fiestas-en-la-farga\/\" \/>\n<meta property=\"og:locale\" content=\"ca_ES\" \/>\n<meta property=\"og:type\" content=\"article\" \/>\n<meta property=\"og:title\" content=\"Hombres G, Antonio Orozco, Loquillo, Los Suaves i Boni, por fiestas en La Farga - La Farga Gesti\u00f3n de Equipamientos Municipales, S.A.\" \/>\n<meta property=\"og:description\" content=\"La Farga de L&#039;Hospitalet tornar\u00e0 a ser l&#039;escenari dels grans concerts de les Festes de Primavera de la ciutat amb la pres\u00e8ncia\u00a0del millor pop i rock.\" \/>\n<meta property=\"og:url\" content=\"https:\/\/www.lafarga.com\/corporatiu\/hombres-g-antonio-orozco-loquillo-los-suaves-i-boni-por-fiestas-en-la-farga\/\" \/>\n<meta property=\"og:site_name\" content=\"La Farga Gesti\u00f3n de Equipamientos Municipales, S.A.\" \/>\n<meta property=\"article:published_time\" content=\"2016-02-25T11:41:52+00:00\" \/>\n<meta property=\"article:modified_time\" content=\"2016-02-25T11:46:36+00:00\" \/>\n<meta property=\"og:image\" content=\"https:\/\/www.lafarga.com\/corporatiu\/wp-content\/uploads\/2016\/02\/concerts-festes-farga.jpg\" \/>\n\t<meta property=\"og:image:width\" content=\"730\" \/>\n\t<meta property=\"og:image:height\" content=\"410\" \/>\n\t<meta property=\"og:image:type\" content=\"image\/jpeg\" \/>\n<meta name=\"author\" content=\"admfarga\" \/>\n<meta name=\"twitter:label1\" content=\"Escrit per\" \/>\n\t<meta name=\"twitter:data1\" content=\"admfarga\" \/>\n\t<meta name=\"twitter:label2\" content=\"Temps estimat de lectura\" \/>\n\t<meta name=\"twitter:data2\" content=\"2 minuts\" \/>\n<script type=\"application\/ld+json\" class=\"yoast-schema-graph\">{\"@context\":\"https:\\\/\\\/schema.org\",\"@graph\":[{\"@type\":\"Article\",\"@id\":\"https:\\\/\\\/www.lafarga.com\\\/corporatiu\\\/hombres-g-antonio-orozco-loquillo-los-suaves-i-boni-por-fiestas-en-la-farga\\\/#article\",\"isPartOf\":{\"@id\":\"https:\\\/\\\/www.lafarga.com\\\/corporatiu\\\/hombres-g-antonio-orozco-loquillo-los-suaves-i-boni-por-fiestas-en-la-farga\\\/\"},\"author\":{\"name\":\"admfarga\",\"@id\":\"https:\\\/\\\/www.lafarga.com\\\/corporatiu\\\/#\\\/schema\\\/person\\\/0ad4bc37b46f53e6b85ad51c2ac2d685\"},\"headline\":\"Hombres G, Antonio Orozco, Loquillo, Los Suaves i Boni, por fiestas en La Farga\",\"datePublished\":\"2016-02-25T11:41:52+00:00\",\"dateModified\":\"2016-02-25T11:46:36+00:00\",\"mainEntityOfPage\":{\"@id\":\"https:\\\/\\\/www.lafarga.com\\\/corporatiu\\\/hombres-g-antonio-orozco-loquillo-los-suaves-i-boni-por-fiestas-en-la-farga\\\/\"},\"wordCount\":332,\"publisher\":{\"@id\":\"https:\\\/\\\/www.lafarga.com\\\/corporatiu\\\/#organization\"},\"image\":{\"@id\":\"https:\\\/\\\/www.lafarga.com\\\/corporatiu\\\/hombres-g-antonio-orozco-loquillo-los-suaves-i-boni-por-fiestas-en-la-farga\\\/#primaryimage\"},\"thumbnailUrl\":\"https:\\\/\\\/www.lafarga.com\\\/corporatiu\\\/wp-content\\\/uploads\\\/2016\\\/02\\\/concerts-festes-farga.jpg\",\"articleSection\":[\"Centro de Actividades\"],\"inLanguage\":\"ca\"},{\"@type\":\"WebPage\",\"@id\":\"https:\\\/\\\/www.lafarga.com\\\/corporatiu\\\/hombres-g-antonio-orozco-loquillo-los-suaves-i-boni-por-fiestas-en-la-farga\\\/\",\"url\":\"https:\\\/\\\/www.lafarga.com\\\/corporatiu\\\/hombres-g-antonio-orozco-loquillo-los-suaves-i-boni-por-fiestas-en-la-farga\\\/\",\"name\":\"Hombres G, Antonio Orozco, Loquillo, Los Suaves i Boni, por fiestas en La Farga - La Farga Gesti\u00f3n de Equipamientos Municipales, S.A.\",\"isPartOf\":{\"@id\":\"https:\\\/\\\/www.lafarga.com\\\/corporatiu\\\/#website\"},\"primaryImageOfPage\":{\"@id\":\"https:\\\/\\\/www.lafarga.com\\\/corporatiu\\\/hombres-g-antonio-orozco-loquillo-los-suaves-i-boni-por-fiestas-en-la-farga\\\/#primaryimage\"},\"image\":{\"@id\":\"https:\\\/\\\/www.lafarga.com\\\/corporatiu\\\/hombres-g-antonio-orozco-loquillo-los-suaves-i-boni-por-fiestas-en-la-farga\\\/#primaryimage\"},\"thumbnailUrl\":\"https:\\\/\\\/www.lafarga.com\\\/corporatiu\\\/wp-content\\\/uploads\\\/2016\\\/02\\\/concerts-festes-farga.jpg\",\"datePublished\":\"2016-02-25T11:41:52+00:00\",\"dateModified\":\"2016-02-25T11:46:36+00:00\",\"description\":\"La Farga de L'Hospitalet tornar\u00e0 a ser l'escenari dels grans concerts de les Festes de Primavera de la ciutat amb la pres\u00e8ncia\u00a0del millor pop i rock.\",\"breadcrumb\":{\"@id\":\"https:\\\/\\\/www.lafarga.com\\\/corporatiu\\\/hombres-g-antonio-orozco-loquillo-los-suaves-i-boni-por-fiestas-en-la-farga\\\/#breadcrumb\"},\"inLanguage\":\"ca\",\"potentialAction\":[{\"@type\":\"ReadAction\",\"target\":[\"https:\\\/\\\/www.lafarga.com\\\/corporatiu\\\/hombres-g-antonio-orozco-loquillo-los-suaves-i-boni-por-fiestas-en-la-farga\\\/\"]}]},{\"@type\":\"ImageObject\",\"inLanguage\":\"ca\",\"@id\":\"https:\\\/\\\/www.lafarga.com\\\/corporatiu\\\/hombres-g-antonio-orozco-loquillo-los-suaves-i-boni-por-fiestas-en-la-farga\\\/#primaryimage\",\"url\":\"https:\\\/\\\/www.lafarga.com\\\/corporatiu\\\/wp-content\\\/uploads\\\/2016\\\/02\\\/concerts-festes-farga.jpg\",\"contentUrl\":\"https:\\\/\\\/www.lafarga.com\\\/corporatiu\\\/wp-content\\\/uploads\\\/2016\\\/02\\\/concerts-festes-farga.jpg\",\"width\":730,\"height\":410},{\"@type\":\"BreadcrumbList\",\"@id\":\"https:\\\/\\\/www.lafarga.com\\\/corporatiu\\\/hombres-g-antonio-orozco-loquillo-los-suaves-i-boni-por-fiestas-en-la-farga\\\/#breadcrumb\",\"itemListElement\":[{\"@type\":\"ListItem\",\"position\":1,\"name\":\"Home\",\"item\":\"https:\\\/\\\/www.lafarga.com\\\/corporatiu\\\/lafarga-hospitalet-llobregat\\\/\"},{\"@type\":\"ListItem\",\"position\":2,\"name\":\"Hombres G, Antonio Orozco, Loquillo, Los Suaves i Boni, por fiestas en La Farga\"}]},{\"@type\":\"WebSite\",\"@id\":\"https:\\\/\\\/www.lafarga.com\\\/corporatiu\\\/#website\",\"url\":\"https:\\\/\\\/www.lafarga.com\\\/corporatiu\\\/\",\"name\":\"La Farga Gesti\u00f3 d&#039;Equipaments Municipals, SA\",\"description\":\"\",\"publisher\":{\"@id\":\"https:\\\/\\\/www.lafarga.com\\\/corporatiu\\\/#organization\"},\"potentialAction\":[{\"@type\":\"SearchAction\",\"target\":{\"@type\":\"EntryPoint\",\"urlTemplate\":\"https:\\\/\\\/www.lafarga.com\\\/corporatiu\\\/?s={search_term_string}\"},\"query-input\":{\"@type\":\"PropertyValueSpecification\",\"valueRequired\":true,\"valueName\":\"search_term_string\"}}],\"inLanguage\":\"ca\"},{\"@type\":\"Organization\",\"@id\":\"https:\\\/\\\/www.lafarga.com\\\/corporatiu\\\/#organization\",\"name\":\"La Farga Gesti\u00f3 d&#039;Equipaments Municipals, SA\",\"url\":\"https:\\\/\\\/www.lafarga.com\\\/corporatiu\\\/\",\"logo\":{\"@type\":\"ImageObject\",\"inLanguage\":\"ca\",\"@id\":\"https:\\\/\\\/www.lafarga.com\\\/corporatiu\\\/#\\\/schema\\\/logo\\\/image\\\/\",\"url\":\"https:\\\/\\\/www.lafarga.com\\\/corporatiu\\\/wp-content\\\/uploads\\\/2023\\\/11\\\/logotipo_lafarga_gemsa.svg\",\"contentUrl\":\"https:\\\/\\\/www.lafarga.com\\\/corporatiu\\\/wp-content\\\/uploads\\\/2023\\\/11\\\/logotipo_lafarga_gemsa.svg\",\"width\":102,\"height\":103,\"caption\":\"La Farga Gesti\u00f3 d&#039;Equipaments Municipals, SA\"},\"image\":{\"@id\":\"https:\\\/\\\/www.lafarga.com\\\/corporatiu\\\/#\\\/schema\\\/logo\\\/image\\\/\"}},{\"@type\":\"Person\",\"@id\":\"https:\\\/\\\/www.lafarga.com\\\/corporatiu\\\/#\\\/schema\\\/person\\\/0ad4bc37b46f53e6b85ad51c2ac2d685\",\"name\":\"admfarga\",\"image\":{\"@type\":\"ImageObject\",\"inLanguage\":\"ca\",\"@id\":\"https:\\\/\\\/secure.gravatar.com\\\/avatar\\\/2a2db0975754ce87d41cab8623874e9e5ef5d0add52244aba02a09775feab5cb?s=96&d=mm&r=g\",\"url\":\"https:\\\/\\\/secure.gravatar.com\\\/avatar\\\/2a2db0975754ce87d41cab8623874e9e5ef5d0add52244aba02a09775feab5cb?s=96&d=mm&r=g\",\"contentUrl\":\"https:\\\/\\\/secure.gravatar.com\\\/avatar\\\/2a2db0975754ce87d41cab8623874e9e5ef5d0add52244aba02a09775feab5cb?s=96&d=mm&r=g\",\"caption\":\"admfarga\"},\"url\":\"https:\\\/\\\/www.lafarga.com\\\/corporatiu\\\/author\\\/admfarga\\\/\"}]}<\/script>\n<!-- \/ Yoast SEO plugin. -->","yoast_head_json":{"title":"Hombres G, Antonio Orozco, Loquillo, Los Suaves i Boni, por fiestas en La Farga - La Farga Gesti\u00f3n de Equipamientos Municipales, S.A.","description":"La Farga de L'Hospitalet tornar\u00e0 a ser l'escenari dels grans concerts de les Festes de Primavera de la ciutat amb la pres\u00e8ncia\u00a0del millor pop i rock.","robots":{"index":"index","follow":"follow","max-snippet":"max-snippet:-1","max-image-preview":"max-image-preview:large","max-video-preview":"max-video-preview:-1"},"canonical":"https:\/\/www.lafarga.com\/corporatiu\/hombres-g-antonio-orozco-loquillo-los-suaves-i-boni-por-fiestas-en-la-farga\/","og_locale":"ca_ES","og_type":"article","og_title":"Hombres G, Antonio Orozco, Loquillo, Los Suaves i Boni, por fiestas en La Farga - La Farga Gesti\u00f3n de Equipamientos Municipales, S.A.","og_description":"La Farga de L'Hospitalet tornar\u00e0 a ser l'escenari dels grans concerts de les Festes de Primavera de la ciutat amb la pres\u00e8ncia\u00a0del millor pop i rock.","og_url":"https:\/\/www.lafarga.com\/corporatiu\/hombres-g-antonio-orozco-loquillo-los-suaves-i-boni-por-fiestas-en-la-farga\/","og_site_name":"La Farga Gesti\u00f3n de Equipamientos Municipales, S.A.","article_published_time":"2016-02-25T11:41:52+00:00","article_modified_time":"2016-02-25T11:46:36+00:00","og_image":[{"width":730,"height":410,"url":"https:\/\/www.lafarga.com\/corporatiu\/wp-content\/uploads\/2016\/02\/concerts-festes-farga.jpg","type":"image\/jpeg"}],"author":"admfarga","twitter_misc":{"Escrit per":"admfarga","Temps estimat de lectura":"2 minuts"},"schema":{"@context":"https:\/\/schema.org","@graph":[{"@type":"Article","@id":"https:\/\/www.lafarga.com\/corporatiu\/hombres-g-antonio-orozco-loquillo-los-suaves-i-boni-por-fiestas-en-la-farga\/#article","isPartOf":{"@id":"https:\/\/www.lafarga.com\/corporatiu\/hombres-g-antonio-orozco-loquillo-los-suaves-i-boni-por-fiestas-en-la-farga\/"},"author":{"name":"admfarga","@id":"https:\/\/www.lafarga.com\/corporatiu\/#\/schema\/person\/0ad4bc37b46f53e6b85ad51c2ac2d685"},"headline":"Hombres G, Antonio Orozco, Loquillo, Los Suaves i Boni, por fiestas en La Farga","datePublished":"2016-02-25T11:41:52+00:00","dateModified":"2016-02-25T11:46:36+00:00","mainEntityOfPage":{"@id":"https:\/\/www.lafarga.com\/corporatiu\/hombres-g-antonio-orozco-loquillo-los-suaves-i-boni-por-fiestas-en-la-farga\/"},"wordCount":332,"publisher":{"@id":"https:\/\/www.lafarga.com\/corporatiu\/#organization"},"image":{"@id":"https:\/\/www.lafarga.com\/corporatiu\/hombres-g-antonio-orozco-loquillo-los-suaves-i-boni-por-fiestas-en-la-farga\/#primaryimage"},"thumbnailUrl":"https:\/\/www.lafarga.com\/corporatiu\/wp-content\/uploads\/2016\/02\/concerts-festes-farga.jpg","articleSection":["Centro de Actividades"],"inLanguage":"ca"},{"@type":"WebPage","@id":"https:\/\/www.lafarga.com\/corporatiu\/hombres-g-antonio-orozco-loquillo-los-suaves-i-boni-por-fiestas-en-la-farga\/","url":"https:\/\/www.lafarga.com\/corporatiu\/hombres-g-antonio-orozco-loquillo-los-suaves-i-boni-por-fiestas-en-la-farga\/","name":"Hombres G, Antonio Orozco, Loquillo, Los Suaves i Boni, por fiestas en La Farga - La Farga Gesti\u00f3n de Equipamientos Municipales, S.A.","isPartOf":{"@id":"https:\/\/www.lafarga.com\/corporatiu\/#website"},"primaryImageOfPage":{"@id":"https:\/\/www.lafarga.com\/corporatiu\/hombres-g-antonio-orozco-loquillo-los-suaves-i-boni-por-fiestas-en-la-farga\/#primaryimage"},"image":{"@id":"https:\/\/www.lafarga.com\/corporatiu\/hombres-g-antonio-orozco-loquillo-los-suaves-i-boni-por-fiestas-en-la-farga\/#primaryimage"},"thumbnailUrl":"https:\/\/www.lafarga.com\/corporatiu\/wp-content\/uploads\/2016\/02\/concerts-festes-farga.jpg","datePublished":"2016-02-25T11:41:52+00:00","dateModified":"2016-02-25T11:46:36+00:00","description":"La Farga de L'Hospitalet tornar\u00e0 a ser l'escenari dels grans concerts de les Festes de Primavera de la ciutat amb la pres\u00e8ncia\u00a0del millor pop i rock.","breadcrumb":{"@id":"https:\/\/www.lafarga.com\/corporatiu\/hombres-g-antonio-orozco-loquillo-los-suaves-i-boni-por-fiestas-en-la-farga\/#breadcrumb"},"inLanguage":"ca","potentialAction":[{"@type":"ReadAction","target":["https:\/\/www.lafarga.com\/corporatiu\/hombres-g-antonio-orozco-loquillo-los-suaves-i-boni-por-fiestas-en-la-farga\/"]}]},{"@type":"ImageObject","inLanguage":"ca","@id":"https:\/\/www.lafarga.com\/corporatiu\/hombres-g-antonio-orozco-loquillo-los-suaves-i-boni-por-fiestas-en-la-farga\/#primaryimage","url":"https:\/\/www.lafarga.com\/corporatiu\/wp-content\/uploads\/2016\/02\/concerts-festes-farga.jpg","contentUrl":"https:\/\/www.lafarga.com\/corporatiu\/wp-content\/uploads\/2016\/02\/concerts-festes-farga.jpg","width":730,"height":410},{"@type":"BreadcrumbList","@id":"https:\/\/www.lafarga.com\/corporatiu\/hombres-g-antonio-orozco-loquillo-los-suaves-i-boni-por-fiestas-en-la-farga\/#breadcrumb","itemListElement":[{"@type":"ListItem","position":1,"name":"Home","item":"https:\/\/www.lafarga.com\/corporatiu\/lafarga-hospitalet-llobregat\/"},{"@type":"ListItem","position":2,"name":"Hombres G, Antonio Orozco, Loquillo, Los Suaves i Boni, por fiestas en La Farga"}]},{"@type":"WebSite","@id":"https:\/\/www.lafarga.com\/corporatiu\/#website","url":"https:\/\/www.lafarga.com\/corporatiu\/","name":"La Farga Gesti\u00f3 d&#039;Equipaments Municipals, SA","description":"","publisher":{"@id":"https:\/\/www.lafarga.com\/corporatiu\/#organization"},"potentialAction":[{"@type":"SearchAction","target":{"@type":"EntryPoint","urlTemplate":"https:\/\/www.lafarga.com\/corporatiu\/?s={search_term_string}"},"query-input":{"@type":"PropertyValueSpecification","valueRequired":true,"valueName":"search_term_string"}}],"inLanguage":"ca"},{"@type":"Organization","@id":"https:\/\/www.lafarga.com\/corporatiu\/#organization","name":"La Farga Gesti\u00f3 d&#039;Equipaments Municipals, SA","url":"https:\/\/www.lafarga.com\/corporatiu\/","logo":{"@type":"ImageObject","inLanguage":"ca","@id":"https:\/\/www.lafarga.com\/corporatiu\/#\/schema\/logo\/image\/","url":"https:\/\/www.lafarga.com\/corporatiu\/wp-content\/uploads\/2023\/11\/logotipo_lafarga_gemsa.svg","contentUrl":"https:\/\/www.lafarga.com\/corporatiu\/wp-content\/uploads\/2023\/11\/logotipo_lafarga_gemsa.svg","width":102,"height":103,"caption":"La Farga Gesti\u00f3 d&#039;Equipaments Municipals, SA"},"image":{"@id":"https:\/\/www.lafarga.com\/corporatiu\/#\/schema\/logo\/image\/"}},{"@type":"Person","@id":"https:\/\/www.lafarga.com\/corporatiu\/#\/schema\/person\/0ad4bc37b46f53e6b85ad51c2ac2d685","name":"admfarga","image":{"@type":"ImageObject","inLanguage":"ca","@id":"https:\/\/secure.gravatar.com\/avatar\/2a2db0975754ce87d41cab8623874e9e5ef5d0add52244aba02a09775feab5cb?s=96&d=mm&r=g","url":"https:\/\/secure.gravatar.com\/avatar\/2a2db0975754ce87d41cab8623874e9e5ef5d0add52244aba02a09775feab5cb?s=96&d=mm&r=g","contentUrl":"https:\/\/secure.gravatar.com\/avatar\/2a2db0975754ce87d41cab8623874e9e5ef5d0add52244aba02a09775feab5cb?s=96&d=mm&r=g","caption":"admfarga"},"url":"https:\/\/www.lafarga.com\/corporatiu\/author\/admfarga\/"}]}},"uagb_featured_image_src":{"full":["https:\/\/www.lafarga.com\/corporatiu\/wp-content\/uploads\/2016\/02\/concerts-festes-farga.jpg",730,410,false],"thumbnail":["https:\/\/www.lafarga.com\/corporatiu\/wp-content\/uploads\/2016\/02\/concerts-festes-farga-150x150.jpg",150,150,true],"medium":["https:\/\/www.lafarga.com\/corporatiu\/wp-content\/uploads\/2016\/02\/concerts-festes-farga-300x168.jpg",300,168,true],"medium_large":["https:\/\/www.lafarga.com\/corporatiu\/wp-content\/uploads\/2016\/02\/concerts-festes-farga.jpg",730,410,false],"large":["https:\/\/www.lafarga.com\/corporatiu\/wp-content\/uploads\/2016\/02\/concerts-festes-farga.jpg",730,410,false],"1536x1536":["https:\/\/www.lafarga.com\/corporatiu\/wp-content\/uploads\/2016\/02\/concerts-festes-farga.jpg",730,410,false],"2048x2048":["https:\/\/www.lafarga.com\/corporatiu\/wp-content\/uploads\/2016\/02\/concerts-festes-farga.jpg",730,410,false],"mailpoet_newsletter_max":["https:\/\/www.lafarga.com\/corporatiu\/wp-content\/uploads\/2016\/02\/concerts-festes-farga.jpg",730,410,false]},"uagb_author_info":{"display_name":"admfarga","author_link":"https:\/\/www.lafarga.com\/corporatiu\/author\/admfarga\/"},"uagb_comment_info":0,"uagb_excerpt":"La Farga de L'Hospitalet volver\u00e1 a ser el escenario de los grandes conciertos de las Fiestas de Primavera de la ciudad con la presencia del mejor pop y rock hecho en Espa\u00f1a.","_links":{"self":[{"href":"https:\/\/www.lafarga.com\/corporatiu\/wp-json\/wp\/v2\/posts\/6653","targetHints":{"allow":["GET"]}}],"collection":[{"href":"https:\/\/www.lafarga.com\/corporatiu\/wp-json\/wp\/v2\/posts"}],"about":[{"href":"https:\/\/www.lafarga.com\/corporatiu\/wp-json\/wp\/v2\/types\/post"}],"author":[{"embeddable":true,"href":"https:\/\/www.lafarga.com\/corporatiu\/wp-json\/wp\/v2\/users\/8"}],"replies":[{"embeddable":true,"href":"https:\/\/www.lafarga.com\/corporatiu\/wp-json\/wp\/v2\/comments?post=6653"}],"version-history":[{"count":4,"href":"https:\/\/www.lafarga.com\/corporatiu\/wp-json\/wp\/v2\/posts\/6653\/revisions"}],"predecessor-version":[{"id":6658,"href":"https:\/\/www.lafarga.com\/corporatiu\/wp-json\/wp\/v2\/posts\/6653\/revisions\/6658"}],"wp:featuredmedia":[{"embeddable":true,"href":"https:\/\/www.lafarga.com\/corporatiu\/wp-json\/wp\/v2\/media\/6650"}],"wp:attachment":[{"href":"https:\/\/www.lafarga.com\/corporatiu\/wp-json\/wp\/v2\/media?parent=6653"}],"wp:term":[{"taxonomy":"category","embeddable":true,"href":"https:\/\/www.lafarga.com\/corporatiu\/wp-json\/wp\/v2\/categories?post=6653"},{"taxonomy":"post_tag","embeddable":true,"href":"https:\/\/www.lafarga.com\/corporatiu\/wp-json\/wp\/v2\/tags?post=6653"}],"curies":[{"name":"wp","href":"https:\/\/api.w.org\/{rel}","templated":true}]}}