{"id":6640,"date":"2016-02-24T09:58:56","date_gmt":"2016-02-24T09:58:56","guid":{"rendered":"http:\/\/www.lafarga.com\/corporatiu\/?p=6640"},"modified":"2016-02-24T09:58:56","modified_gmt":"2016-02-24T09:58:56","slug":"el-festival-radiole-cerrara-un-ano-mas-el-dia-de-andalucia","status":"publish","type":"post","link":"https:\/\/www.lafarga.com\/corporatiu\/el-festival-radiole-cerrara-un-ano-mas-el-dia-de-andalucia\/","title":{"rendered":"El Festival Radiol\u00e9 cerrar\u00e1 un a\u00f1o m\u00e1s el D\u00eda de Andaluc\u00eda"},"content":{"rendered":"<p>El Festival Radiol\u00e9 servir\u00e1 para cerrar un a\u00f1o m\u00e1s las celebraciones de las XXIX Jornadas Conmemorativas D\u00eda de Andaluc\u00eda en L&#8217;Hospitalet, organizadas por la <a href=\"https:\/\/www.facebook.com\/FECEALH-597153763711205\/?fref=ts\" target=\"_blank\">Federaci\u00f3n Coordinadora de Entidades Andaluzas de L&#8217;Hospitalet<\/a>, y que se celebran en La Farga Centro de Actividades el pr\u00f3ximo fin de semana del 27 y 28 de febrero.<\/p>\n<p><a href=\"http:\/\/www.andyylucas.com\/\" target=\"_blank\">Andy y Lucas<\/a> y Jos\u00e9 Mar\u00eda Ruiz, ganador de <a href=\"http:\/\/www.telecinco.es\/lavozkids\/\" target=\"_blank\">La Voz Kids<\/a> 2015, son los artistas m\u00e1s destacados que actuar\u00e1n en esta gala que organiza la emisora \u200b\u200b<a href=\"http:\/\/www.radiole.com\/2016\/celebra-el-dia-de-andalucia-con-radiole-21762.html\" target=\"_blank\">Radiol\u00e9<\/a>, a partir de las 17 horas del domingo 28.<\/p>\n<p>En este festival, de <strong>entrada libre<\/strong>, tambi\u00e9n actuar\u00e1n Mar\u00eda de la Colina, Las Carlotas, Requiebros, Sombra y Luz, Rub\u00e9n Mart\u00edn, Parrita, Marta Quintero, Cala\u00edta, Manuel Fern\u00e1ndez, Taxi Love y Durano.<\/p>\n<p>Noticia relacionada: <a href=\"https:\/\/www.lafarga.com\/corporatiu\/la-farga-escenario-central-del-dia-de-andalucia-en-lhospitalet\/\" target=\"_blank\">La Farga, escenario central del D\u00eda de Andaluc\u00eda en L&#8217;Hospitalet<\/a><\/p>\n<p><a href=\"https:\/\/www.lafarga.com\/corporatiu\/wp-content\/uploads\/2016\/02\/Festival-radiole-farga-1.jpg\" rel=\"attachment wp-att-6641\"><img loading=\"lazy\" decoding=\"async\" class=\" wp-image-6641 aligncenter\" src=\"https:\/\/www.lafarga.com\/corporatiu\/wp-content\/uploads\/2016\/02\/Festival-radiole-farga-1-300x208.jpg\" alt=\"Festival-radiole-farga\" width=\"312\" height=\"216\" srcset=\"https:\/\/www.lafarga.com\/corporatiu\/wp-content\/uploads\/2016\/02\/Festival-radiole-farga-1-300x208.jpg 300w, https:\/\/www.lafarga.com\/corporatiu\/wp-content\/uploads\/2016\/02\/Festival-radiole-farga-1-768x531.jpg 768w, https:\/\/www.lafarga.com\/corporatiu\/wp-content\/uploads\/2016\/02\/Festival-radiole-farga-1-600x415.jpg 600w, https:\/\/www.lafarga.com\/corporatiu\/wp-content\/uploads\/2016\/02\/Festival-radiole-farga-1.jpg 960w\" sizes=\"auto, (max-width: 312px) 100vw, 312px\" \/><\/a><\/p>\n","protected":false},"excerpt":{"rendered":"<p>El Festival Radiol\u00e9 servir\u00e1 para cerrar un a\u00f1o m\u00e1s las celebraciones de las XXIX Jornadas Conmemorativas D\u00eda de Andaluc\u00eda en L&#8217;Hospitalet, organizadas por la Federaci\u00f3n Coordinadora de Entidades Andaluzas de L&#8217;Hospitalet.<\/p>\n","protected":false},"author":8,"featured_media":6638,"comment_status":"closed","ping_status":"closed","sticky":false,"template":"","format":"standard","meta":{"inline_featured_image":false,"_uag_custom_page_level_css":"","_monsterinsights_skip_tracking":false,"_monsterinsights_sitenote_active":false,"_monsterinsights_sitenote_note":"","_monsterinsights_sitenote_category":0,"site-sidebar-layout":"default","site-content-layout":"","ast-site-content-layout":"default","site-content-style":"default","site-sidebar-style":"default","ast-global-header-display":"","ast-banner-title-visibility":"","ast-main-header-display":"","ast-hfb-above-header-display":"","ast-hfb-below-header-display":"","ast-hfb-mobile-header-display":"","site-post-title":"","ast-breadcrumbs-content":"","ast-featured-img":"","footer-sml-layout":"","ast-disable-related-posts":"","theme-transparent-header-meta":"","adv-header-id-meta":"","stick-header-meta":"","header-above-stick-meta":"","header-main-stick-meta":"","header-below-stick-meta":"","astra-migrate-meta-layouts":"default","ast-page-background-enabled":"default","ast-page-background-meta":{"desktop":{"background-color":"var(--ast-global-color-4)","background-image":"","background-repeat":"repeat","background-position":"center center","background-size":"auto","background-attachment":"scroll","background-type":"","background-media":"","overlay-type":"","overlay-color":"","overlay-opacity":"","overlay-gradient":""},"tablet":{"background-color":"","background-image":"","background-repeat":"repeat","background-position":"center center","background-size":"auto","background-attachment":"scroll","background-type":"","background-media":"","overlay-type":"","overlay-color":"","overlay-opacity":"","overlay-gradient":""},"mobile":{"background-color":"","background-image":"","background-repeat":"repeat","background-position":"center center","background-size":"auto","background-attachment":"scroll","background-type":"","background-media":"","overlay-type":"","overlay-color":"","overlay-opacity":"","overlay-gradient":""}},"ast-content-background-meta":{"desktop":{"background-color":"var(--ast-global-color-5)","background-image":"","background-repeat":"repeat","background-position":"center center","background-size":"auto","background-attachment":"scroll","background-type":"","background-media":"","overlay-type":"","overlay-color":"","overlay-opacity":"","overlay-gradient":""},"tablet":{"background-color":"var(--ast-global-color-5)","background-image":"","background-repeat":"repeat","background-position":"center center","background-size":"auto","background-attachment":"scroll","background-type":"","background-media":"","overlay-type":"","overlay-color":"","overlay-opacity":"","overlay-gradient":""},"mobile":{"background-color":"var(--ast-global-color-5)","background-image":"","background-repeat":"repeat","background-position":"center center","background-size":"auto","background-attachment":"scroll","background-type":"","background-media":"","overlay-type":"","overlay-color":"","overlay-opacity":"","overlay-gradient":""}},"footnotes":""},"categories":[73],"tags":[],"class_list":["post-6640","post","type-post","status-publish","format-standard","has-post-thumbnail","hentry","category-centro-de-actividades"],"yoast_head":"<!-- This site is optimized with the Yoast SEO plugin v27.4 - https:\/\/yoast.com\/product\/yoast-seo-wordpress\/ -->\n<title>El Festival Radiol\u00e9 cerrar\u00e1 un a\u00f1o m\u00e1s el D\u00eda de Andaluc\u00eda - La Farga Gesti\u00f3n de Equipamientos Municipales, S.A.<\/title>\n<meta name=\"description\" content=\"El Festival Radiol\u00e9 servir\u00e1 para cerrar un a\u00f1o m\u00e1s las celebraciones de las XXIX Jornadas Conmemorativas D\u00eda de Andaluc\u00eda en L&#039;Hospitalet.\u00a0\" \/>\n<meta name=\"robots\" content=\"index, follow, max-snippet:-1, max-image-preview:large, max-video-preview:-1\" \/>\n<link rel=\"canonical\" href=\"https:\/\/www.lafarga.com\/corporatiu\/el-festival-radiole-cerrara-un-ano-mas-el-dia-de-andalucia\/\" \/>\n<meta property=\"og:locale\" content=\"ca_ES\" \/>\n<meta property=\"og:type\" content=\"article\" \/>\n<meta property=\"og:title\" content=\"El Festival Radiol\u00e9 cerrar\u00e1 un a\u00f1o m\u00e1s el D\u00eda de Andaluc\u00eda - La Farga Gesti\u00f3n de Equipamientos Municipales, S.A.\" \/>\n<meta property=\"og:description\" content=\"El Festival Radiol\u00e9 servir\u00e1 para cerrar un a\u00f1o m\u00e1s las celebraciones de las XXIX Jornadas Conmemorativas D\u00eda de Andaluc\u00eda en L&#039;Hospitalet.\u00a0\" \/>\n<meta property=\"og:url\" content=\"https:\/\/www.lafarga.com\/corporatiu\/el-festival-radiole-cerrara-un-ano-mas-el-dia-de-andalucia\/\" \/>\n<meta property=\"og:site_name\" content=\"La Farga Gesti\u00f3n de Equipamientos Municipales, S.A.\" \/>\n<meta property=\"article:published_time\" content=\"2016-02-24T09:58:56+00:00\" \/>\n<meta property=\"og:image\" content=\"https:\/\/www.lafarga.com\/corporatiu\/wp-content\/uploads\/2016\/02\/festival-radiole-farga.jpg\" \/>\n\t<meta property=\"og:image:width\" content=\"730\" \/>\n\t<meta property=\"og:image:height\" content=\"410\" \/>\n\t<meta property=\"og:image:type\" content=\"image\/jpeg\" \/>\n<meta name=\"author\" content=\"admfarga\" \/>\n<meta name=\"twitter:label1\" content=\"Escrit per\" \/>\n\t<meta name=\"twitter:data1\" content=\"admfarga\" \/>\n\t<meta name=\"twitter:label2\" content=\"Temps estimat de lectura\" \/>\n\t<meta name=\"twitter:data2\" content=\"1 minut\" \/>\n<script type=\"application\/ld+json\" class=\"yoast-schema-graph\">{\"@context\":\"https:\\\/\\\/schema.org\",\"@graph\":[{\"@type\":\"Article\",\"@id\":\"https:\\\/\\\/www.lafarga.com\\\/corporatiu\\\/el-festival-radiole-cerrara-un-ano-mas-el-dia-de-andalucia\\\/#article\",\"isPartOf\":{\"@id\":\"https:\\\/\\\/www.lafarga.com\\\/corporatiu\\\/el-festival-radiole-cerrara-un-ano-mas-el-dia-de-andalucia\\\/\"},\"author\":{\"name\":\"admfarga\",\"@id\":\"https:\\\/\\\/www.lafarga.com\\\/corporatiu\\\/#\\\/schema\\\/person\\\/0ad4bc37b46f53e6b85ad51c2ac2d685\"},\"headline\":\"El Festival Radiol\u00e9 cerrar\u00e1 un a\u00f1o m\u00e1s el D\u00eda de Andaluc\u00eda\",\"datePublished\":\"2016-02-24T09:58:56+00:00\",\"mainEntityOfPage\":{\"@id\":\"https:\\\/\\\/www.lafarga.com\\\/corporatiu\\\/el-festival-radiole-cerrara-un-ano-mas-el-dia-de-andalucia\\\/\"},\"wordCount\":162,\"publisher\":{\"@id\":\"https:\\\/\\\/www.lafarga.com\\\/corporatiu\\\/#organization\"},\"image\":{\"@id\":\"https:\\\/\\\/www.lafarga.com\\\/corporatiu\\\/el-festival-radiole-cerrara-un-ano-mas-el-dia-de-andalucia\\\/#primaryimage\"},\"thumbnailUrl\":\"https:\\\/\\\/www.lafarga.com\\\/corporatiu\\\/wp-content\\\/uploads\\\/2016\\\/02\\\/festival-radiole-farga.jpg\",\"articleSection\":[\"Centro de Actividades\"],\"inLanguage\":\"ca\"},{\"@type\":\"WebPage\",\"@id\":\"https:\\\/\\\/www.lafarga.com\\\/corporatiu\\\/el-festival-radiole-cerrara-un-ano-mas-el-dia-de-andalucia\\\/\",\"url\":\"https:\\\/\\\/www.lafarga.com\\\/corporatiu\\\/el-festival-radiole-cerrara-un-ano-mas-el-dia-de-andalucia\\\/\",\"name\":\"El Festival Radiol\u00e9 cerrar\u00e1 un a\u00f1o m\u00e1s el D\u00eda de Andaluc\u00eda - La Farga Gesti\u00f3n de Equipamientos Municipales, S.A.\",\"isPartOf\":{\"@id\":\"https:\\\/\\\/www.lafarga.com\\\/corporatiu\\\/#website\"},\"primaryImageOfPage\":{\"@id\":\"https:\\\/\\\/www.lafarga.com\\\/corporatiu\\\/el-festival-radiole-cerrara-un-ano-mas-el-dia-de-andalucia\\\/#primaryimage\"},\"image\":{\"@id\":\"https:\\\/\\\/www.lafarga.com\\\/corporatiu\\\/el-festival-radiole-cerrara-un-ano-mas-el-dia-de-andalucia\\\/#primaryimage\"},\"thumbnailUrl\":\"https:\\\/\\\/www.lafarga.com\\\/corporatiu\\\/wp-content\\\/uploads\\\/2016\\\/02\\\/festival-radiole-farga.jpg\",\"datePublished\":\"2016-02-24T09:58:56+00:00\",\"description\":\"El Festival Radiol\u00e9 servir\u00e1 para cerrar un a\u00f1o m\u00e1s las celebraciones de las XXIX Jornadas Conmemorativas D\u00eda de Andaluc\u00eda en L'Hospitalet.\u00a0\",\"breadcrumb\":{\"@id\":\"https:\\\/\\\/www.lafarga.com\\\/corporatiu\\\/el-festival-radiole-cerrara-un-ano-mas-el-dia-de-andalucia\\\/#breadcrumb\"},\"inLanguage\":\"ca\",\"potentialAction\":[{\"@type\":\"ReadAction\",\"target\":[\"https:\\\/\\\/www.lafarga.com\\\/corporatiu\\\/el-festival-radiole-cerrara-un-ano-mas-el-dia-de-andalucia\\\/\"]}]},{\"@type\":\"ImageObject\",\"inLanguage\":\"ca\",\"@id\":\"https:\\\/\\\/www.lafarga.com\\\/corporatiu\\\/el-festival-radiole-cerrara-un-ano-mas-el-dia-de-andalucia\\\/#primaryimage\",\"url\":\"https:\\\/\\\/www.lafarga.com\\\/corporatiu\\\/wp-content\\\/uploads\\\/2016\\\/02\\\/festival-radiole-farga.jpg\",\"contentUrl\":\"https:\\\/\\\/www.lafarga.com\\\/corporatiu\\\/wp-content\\\/uploads\\\/2016\\\/02\\\/festival-radiole-farga.jpg\",\"width\":730,\"height\":410},{\"@type\":\"BreadcrumbList\",\"@id\":\"https:\\\/\\\/www.lafarga.com\\\/corporatiu\\\/el-festival-radiole-cerrara-un-ano-mas-el-dia-de-andalucia\\\/#breadcrumb\",\"itemListElement\":[{\"@type\":\"ListItem\",\"position\":1,\"name\":\"Home\",\"item\":\"https:\\\/\\\/www.lafarga.com\\\/corporatiu\\\/lafarga-hospitalet-llobregat\\\/\"},{\"@type\":\"ListItem\",\"position\":2,\"name\":\"El Festival Radiol\u00e9 cerrar\u00e1 un a\u00f1o m\u00e1s el D\u00eda de Andaluc\u00eda\"}]},{\"@type\":\"WebSite\",\"@id\":\"https:\\\/\\\/www.lafarga.com\\\/corporatiu\\\/#website\",\"url\":\"https:\\\/\\\/www.lafarga.com\\\/corporatiu\\\/\",\"name\":\"La Farga Gesti\u00f3 d&#039;Equipaments Municipals, SA\",\"description\":\"\",\"publisher\":{\"@id\":\"https:\\\/\\\/www.lafarga.com\\\/corporatiu\\\/#organization\"},\"potentialAction\":[{\"@type\":\"SearchAction\",\"target\":{\"@type\":\"EntryPoint\",\"urlTemplate\":\"https:\\\/\\\/www.lafarga.com\\\/corporatiu\\\/?s={search_term_string}\"},\"query-input\":{\"@type\":\"PropertyValueSpecification\",\"valueRequired\":true,\"valueName\":\"search_term_string\"}}],\"inLanguage\":\"ca\"},{\"@type\":\"Organization\",\"@id\":\"https:\\\/\\\/www.lafarga.com\\\/corporatiu\\\/#organization\",\"name\":\"La Farga Gesti\u00f3 d&#039;Equipaments Municipals, SA\",\"url\":\"https:\\\/\\\/www.lafarga.com\\\/corporatiu\\\/\",\"logo\":{\"@type\":\"ImageObject\",\"inLanguage\":\"ca\",\"@id\":\"https:\\\/\\\/www.lafarga.com\\\/corporatiu\\\/#\\\/schema\\\/logo\\\/image\\\/\",\"url\":\"https:\\\/\\\/www.lafarga.com\\\/corporatiu\\\/wp-content\\\/uploads\\\/2023\\\/11\\\/logotipo_lafarga_gemsa.svg\",\"contentUrl\":\"https:\\\/\\\/www.lafarga.com\\\/corporatiu\\\/wp-content\\\/uploads\\\/2023\\\/11\\\/logotipo_lafarga_gemsa.svg\",\"width\":102,\"height\":103,\"caption\":\"La Farga Gesti\u00f3 d&#039;Equipaments Municipals, SA\"},\"image\":{\"@id\":\"https:\\\/\\\/www.lafarga.com\\\/corporatiu\\\/#\\\/schema\\\/logo\\\/image\\\/\"}},{\"@type\":\"Person\",\"@id\":\"https:\\\/\\\/www.lafarga.com\\\/corporatiu\\\/#\\\/schema\\\/person\\\/0ad4bc37b46f53e6b85ad51c2ac2d685\",\"name\":\"admfarga\",\"image\":{\"@type\":\"ImageObject\",\"inLanguage\":\"ca\",\"@id\":\"https:\\\/\\\/secure.gravatar.com\\\/avatar\\\/2a2db0975754ce87d41cab8623874e9e5ef5d0add52244aba02a09775feab5cb?s=96&d=mm&r=g\",\"url\":\"https:\\\/\\\/secure.gravatar.com\\\/avatar\\\/2a2db0975754ce87d41cab8623874e9e5ef5d0add52244aba02a09775feab5cb?s=96&d=mm&r=g\",\"contentUrl\":\"https:\\\/\\\/secure.gravatar.com\\\/avatar\\\/2a2db0975754ce87d41cab8623874e9e5ef5d0add52244aba02a09775feab5cb?s=96&d=mm&r=g\",\"caption\":\"admfarga\"},\"url\":\"https:\\\/\\\/www.lafarga.com\\\/corporatiu\\\/author\\\/admfarga\\\/\"}]}<\/script>\n<!-- \/ Yoast SEO plugin. -->","yoast_head_json":{"title":"El Festival Radiol\u00e9 cerrar\u00e1 un a\u00f1o m\u00e1s el D\u00eda de Andaluc\u00eda - La Farga Gesti\u00f3n de Equipamientos Municipales, S.A.","description":"El Festival Radiol\u00e9 servir\u00e1 para cerrar un a\u00f1o m\u00e1s las celebraciones de las XXIX Jornadas Conmemorativas D\u00eda de Andaluc\u00eda en L'Hospitalet.\u00a0","robots":{"index":"index","follow":"follow","max-snippet":"max-snippet:-1","max-image-preview":"max-image-preview:large","max-video-preview":"max-video-preview:-1"},"canonical":"https:\/\/www.lafarga.com\/corporatiu\/el-festival-radiole-cerrara-un-ano-mas-el-dia-de-andalucia\/","og_locale":"ca_ES","og_type":"article","og_title":"El Festival Radiol\u00e9 cerrar\u00e1 un a\u00f1o m\u00e1s el D\u00eda de Andaluc\u00eda - La Farga Gesti\u00f3n de Equipamientos Municipales, S.A.","og_description":"El Festival Radiol\u00e9 servir\u00e1 para cerrar un a\u00f1o m\u00e1s las celebraciones de las XXIX Jornadas Conmemorativas D\u00eda de Andaluc\u00eda en L'Hospitalet.\u00a0","og_url":"https:\/\/www.lafarga.com\/corporatiu\/el-festival-radiole-cerrara-un-ano-mas-el-dia-de-andalucia\/","og_site_name":"La Farga Gesti\u00f3n de Equipamientos Municipales, S.A.","article_published_time":"2016-02-24T09:58:56+00:00","og_image":[{"width":730,"height":410,"url":"https:\/\/www.lafarga.com\/corporatiu\/wp-content\/uploads\/2016\/02\/festival-radiole-farga.jpg","type":"image\/jpeg"}],"author":"admfarga","twitter_misc":{"Escrit per":"admfarga","Temps estimat de lectura":"1 minut"},"schema":{"@context":"https:\/\/schema.org","@graph":[{"@type":"Article","@id":"https:\/\/www.lafarga.com\/corporatiu\/el-festival-radiole-cerrara-un-ano-mas-el-dia-de-andalucia\/#article","isPartOf":{"@id":"https:\/\/www.lafarga.com\/corporatiu\/el-festival-radiole-cerrara-un-ano-mas-el-dia-de-andalucia\/"},"author":{"name":"admfarga","@id":"https:\/\/www.lafarga.com\/corporatiu\/#\/schema\/person\/0ad4bc37b46f53e6b85ad51c2ac2d685"},"headline":"El Festival Radiol\u00e9 cerrar\u00e1 un a\u00f1o m\u00e1s el D\u00eda de Andaluc\u00eda","datePublished":"2016-02-24T09:58:56+00:00","mainEntityOfPage":{"@id":"https:\/\/www.lafarga.com\/corporatiu\/el-festival-radiole-cerrara-un-ano-mas-el-dia-de-andalucia\/"},"wordCount":162,"publisher":{"@id":"https:\/\/www.lafarga.com\/corporatiu\/#organization"},"image":{"@id":"https:\/\/www.lafarga.com\/corporatiu\/el-festival-radiole-cerrara-un-ano-mas-el-dia-de-andalucia\/#primaryimage"},"thumbnailUrl":"https:\/\/www.lafarga.com\/corporatiu\/wp-content\/uploads\/2016\/02\/festival-radiole-farga.jpg","articleSection":["Centro de Actividades"],"inLanguage":"ca"},{"@type":"WebPage","@id":"https:\/\/www.lafarga.com\/corporatiu\/el-festival-radiole-cerrara-un-ano-mas-el-dia-de-andalucia\/","url":"https:\/\/www.lafarga.com\/corporatiu\/el-festival-radiole-cerrara-un-ano-mas-el-dia-de-andalucia\/","name":"El Festival Radiol\u00e9 cerrar\u00e1 un a\u00f1o m\u00e1s el D\u00eda de Andaluc\u00eda - La Farga Gesti\u00f3n de Equipamientos Municipales, S.A.","isPartOf":{"@id":"https:\/\/www.lafarga.com\/corporatiu\/#website"},"primaryImageOfPage":{"@id":"https:\/\/www.lafarga.com\/corporatiu\/el-festival-radiole-cerrara-un-ano-mas-el-dia-de-andalucia\/#primaryimage"},"image":{"@id":"https:\/\/www.lafarga.com\/corporatiu\/el-festival-radiole-cerrara-un-ano-mas-el-dia-de-andalucia\/#primaryimage"},"thumbnailUrl":"https:\/\/www.lafarga.com\/corporatiu\/wp-content\/uploads\/2016\/02\/festival-radiole-farga.jpg","datePublished":"2016-02-24T09:58:56+00:00","description":"El Festival Radiol\u00e9 servir\u00e1 para cerrar un a\u00f1o m\u00e1s las celebraciones de las XXIX Jornadas Conmemorativas D\u00eda de Andaluc\u00eda en L'Hospitalet.\u00a0","breadcrumb":{"@id":"https:\/\/www.lafarga.com\/corporatiu\/el-festival-radiole-cerrara-un-ano-mas-el-dia-de-andalucia\/#breadcrumb"},"inLanguage":"ca","potentialAction":[{"@type":"ReadAction","target":["https:\/\/www.lafarga.com\/corporatiu\/el-festival-radiole-cerrara-un-ano-mas-el-dia-de-andalucia\/"]}]},{"@type":"ImageObject","inLanguage":"ca","@id":"https:\/\/www.lafarga.com\/corporatiu\/el-festival-radiole-cerrara-un-ano-mas-el-dia-de-andalucia\/#primaryimage","url":"https:\/\/www.lafarga.com\/corporatiu\/wp-content\/uploads\/2016\/02\/festival-radiole-farga.jpg","contentUrl":"https:\/\/www.lafarga.com\/corporatiu\/wp-content\/uploads\/2016\/02\/festival-radiole-farga.jpg","width":730,"height":410},{"@type":"BreadcrumbList","@id":"https:\/\/www.lafarga.com\/corporatiu\/el-festival-radiole-cerrara-un-ano-mas-el-dia-de-andalucia\/#breadcrumb","itemListElement":[{"@type":"ListItem","position":1,"name":"Home","item":"https:\/\/www.lafarga.com\/corporatiu\/lafarga-hospitalet-llobregat\/"},{"@type":"ListItem","position":2,"name":"El Festival Radiol\u00e9 cerrar\u00e1 un a\u00f1o m\u00e1s el D\u00eda de Andaluc\u00eda"}]},{"@type":"WebSite","@id":"https:\/\/www.lafarga.com\/corporatiu\/#website","url":"https:\/\/www.lafarga.com\/corporatiu\/","name":"La Farga Gesti\u00f3 d&#039;Equipaments Municipals, SA","description":"","publisher":{"@id":"https:\/\/www.lafarga.com\/corporatiu\/#organization"},"potentialAction":[{"@type":"SearchAction","target":{"@type":"EntryPoint","urlTemplate":"https:\/\/www.lafarga.com\/corporatiu\/?s={search_term_string}"},"query-input":{"@type":"PropertyValueSpecification","valueRequired":true,"valueName":"search_term_string"}}],"inLanguage":"ca"},{"@type":"Organization","@id":"https:\/\/www.lafarga.com\/corporatiu\/#organization","name":"La Farga Gesti\u00f3 d&#039;Equipaments Municipals, SA","url":"https:\/\/www.lafarga.com\/corporatiu\/","logo":{"@type":"ImageObject","inLanguage":"ca","@id":"https:\/\/www.lafarga.com\/corporatiu\/#\/schema\/logo\/image\/","url":"https:\/\/www.lafarga.com\/corporatiu\/wp-content\/uploads\/2023\/11\/logotipo_lafarga_gemsa.svg","contentUrl":"https:\/\/www.lafarga.com\/corporatiu\/wp-content\/uploads\/2023\/11\/logotipo_lafarga_gemsa.svg","width":102,"height":103,"caption":"La Farga Gesti\u00f3 d&#039;Equipaments Municipals, SA"},"image":{"@id":"https:\/\/www.lafarga.com\/corporatiu\/#\/schema\/logo\/image\/"}},{"@type":"Person","@id":"https:\/\/www.lafarga.com\/corporatiu\/#\/schema\/person\/0ad4bc37b46f53e6b85ad51c2ac2d685","name":"admfarga","image":{"@type":"ImageObject","inLanguage":"ca","@id":"https:\/\/secure.gravatar.com\/avatar\/2a2db0975754ce87d41cab8623874e9e5ef5d0add52244aba02a09775feab5cb?s=96&d=mm&r=g","url":"https:\/\/secure.gravatar.com\/avatar\/2a2db0975754ce87d41cab8623874e9e5ef5d0add52244aba02a09775feab5cb?s=96&d=mm&r=g","contentUrl":"https:\/\/secure.gravatar.com\/avatar\/2a2db0975754ce87d41cab8623874e9e5ef5d0add52244aba02a09775feab5cb?s=96&d=mm&r=g","caption":"admfarga"},"url":"https:\/\/www.lafarga.com\/corporatiu\/author\/admfarga\/"}]}},"uagb_featured_image_src":{"full":["https:\/\/www.lafarga.com\/corporatiu\/wp-content\/uploads\/2016\/02\/festival-radiole-farga.jpg",730,410,false],"thumbnail":["https:\/\/www.lafarga.com\/corporatiu\/wp-content\/uploads\/2016\/02\/festival-radiole-farga-150x150.jpg",150,150,true],"medium":["https:\/\/www.lafarga.com\/corporatiu\/wp-content\/uploads\/2016\/02\/festival-radiole-farga-300x168.jpg",300,168,true],"medium_large":["https:\/\/www.lafarga.com\/corporatiu\/wp-content\/uploads\/2016\/02\/festival-radiole-farga.jpg",730,410,false],"large":["https:\/\/www.lafarga.com\/corporatiu\/wp-content\/uploads\/2016\/02\/festival-radiole-farga.jpg",730,410,false],"1536x1536":["https:\/\/www.lafarga.com\/corporatiu\/wp-content\/uploads\/2016\/02\/festival-radiole-farga.jpg",730,410,false],"2048x2048":["https:\/\/www.lafarga.com\/corporatiu\/wp-content\/uploads\/2016\/02\/festival-radiole-farga.jpg",730,410,false],"mailpoet_newsletter_max":["https:\/\/www.lafarga.com\/corporatiu\/wp-content\/uploads\/2016\/02\/festival-radiole-farga.jpg",730,410,false]},"uagb_author_info":{"display_name":"admfarga","author_link":"https:\/\/www.lafarga.com\/corporatiu\/author\/admfarga\/"},"uagb_comment_info":0,"uagb_excerpt":"El Festival Radiol\u00e9 servir\u00e1 para cerrar un a\u00f1o m\u00e1s las celebraciones de las XXIX Jornadas Conmemorativas D\u00eda de Andaluc\u00eda en L'Hospitalet, organizadas por la Federaci\u00f3n Coordinadora de Entidades Andaluzas de L'Hospitalet.","_links":{"self":[{"href":"https:\/\/www.lafarga.com\/corporatiu\/wp-json\/wp\/v2\/posts\/6640","targetHints":{"allow":["GET"]}}],"collection":[{"href":"https:\/\/www.lafarga.com\/corporatiu\/wp-json\/wp\/v2\/posts"}],"about":[{"href":"https:\/\/www.lafarga.com\/corporatiu\/wp-json\/wp\/v2\/types\/post"}],"author":[{"embeddable":true,"href":"https:\/\/www.lafarga.com\/corporatiu\/wp-json\/wp\/v2\/users\/8"}],"replies":[{"embeddable":true,"href":"https:\/\/www.lafarga.com\/corporatiu\/wp-json\/wp\/v2\/comments?post=6640"}],"version-history":[{"count":1,"href":"https:\/\/www.lafarga.com\/corporatiu\/wp-json\/wp\/v2\/posts\/6640\/revisions"}],"predecessor-version":[{"id":6642,"href":"https:\/\/www.lafarga.com\/corporatiu\/wp-json\/wp\/v2\/posts\/6640\/revisions\/6642"}],"wp:featuredmedia":[{"embeddable":true,"href":"https:\/\/www.lafarga.com\/corporatiu\/wp-json\/wp\/v2\/media\/6638"}],"wp:attachment":[{"href":"https:\/\/www.lafarga.com\/corporatiu\/wp-json\/wp\/v2\/media?parent=6640"}],"wp:term":[{"taxonomy":"category","embeddable":true,"href":"https:\/\/www.lafarga.com\/corporatiu\/wp-json\/wp\/v2\/categories?post=6640"},{"taxonomy":"post_tag","embeddable":true,"href":"https:\/\/www.lafarga.com\/corporatiu\/wp-json\/wp\/v2\/tags?post=6640"}],"curies":[{"name":"wp","href":"https:\/\/api.w.org\/{rel}","templated":true}]}}