{"id":6530,"date":"2016-02-16T12:06:14","date_gmt":"2016-02-16T12:06:14","guid":{"rendered":"http:\/\/www.lafarga.com\/corporatiu\/?p=6530"},"modified":"2016-02-16T12:38:38","modified_gmt":"2016-02-16T12:38:38","slug":"la-farga-escenari-central-del-dia-dandalusia-a-lhospitalet","status":"publish","type":"post","link":"https:\/\/www.lafarga.com\/corporatiu\/la-farga-escenari-central-del-dia-dandalusia-a-lhospitalet\/","title":{"rendered":"La Farga, escenari central del Dia d&#8217;Andalusia a L&#8217;Hospitalet"},"content":{"rendered":"<p>La Farga Centre d\u2019Activitats torna a ser escenari dels actes principals del Dia d\u2019Andalusia a L\u2019Hospitalet, que enguany arriba a la 29a edici\u00f3.<\/p>\n<p>El cap de setmana del 27 i 28 de febrer l\u2019espai principal del recinte s\u2019omplir\u00e0 del millor de l\u2019art i la cultura andalusa en aquestes tradicionals Jornades Commemoratives, organitzades per la <a href=\"https:\/\/www.facebook.com\/FECEALH-597153763711205\/?fref=ts\" target=\"_blank\">Federaci\u00f3n Coordinadora de Entidades Andaluzas de L&#8217;Hospitalet<\/a>, i\u00a0que enguany s\u00f3n en homenatge a la ciutat de M\u00e0laga.<\/p>\n<p>Aquestes s\u00f3n les activitats que s\u2019han de celebrar La Farga Centre d&#8217;Activitats des de dissabte 27 de febrer, a partir de les 17 hores.<\/p>\n<p><em><strong>Dissabte, 27 de febrer<\/strong><\/em><br \/>\n<strong>17h. Actes centrals del Dia d\u2019Andalusia. Festival d\u2019Entitats (1a part)<\/strong><br \/>\nParticipen: Hermandad Nuestra Se\u00f1ora del Roc\u00edo Rocieros de Carmona (cor rociero), Asociaci\u00f3n Cultural Andaluza Hijos de Paradas (cor rociero), Hermandad Nuestra Se\u00f1ora del Roc\u00edo de L\u2019Hospitalet (cor rociero), Asociaci\u00f3n Cultural Andaluza de L\u2019Hospitalet (quadres de ball), Casa de Huelva de L\u2019Hospitalet (quadres de ball), Asociaci\u00f3n Cultural Andaluza Hijos de Paradas (quadres de ball), Hermandad Nuestra Se\u00f1ora del Roc\u00edo Pastorcillo Divino (cor rociero), Real Cofrad\u00eda Virgen de la Cabeza (cor romero), Asociaci\u00f3n Cultural Andaluza Marismas del Guadalquivir (quadres de ball), Asociaci\u00f3n Amigos de Santa Eulalia (quadres de ball) i Tertulia Flamenca de L\u2019Hospitalet (quadres de ball).<\/p>\n<p><strong>22h.\u00a0Marta Quintero<\/strong><\/p>\n<p><strong><br \/>\n<em>Diumenge, 28 de febrer<\/em><br \/>\n<\/strong><strong>9.30h. Tradicional Ofrena Floral a l\u2019olivera<\/strong><br \/>\nA c\u00e0rrec de la Coral de la Asociaci\u00f3n Cultural Andaluza Casa de Baena en Catalunya i amb la participaci\u00f3 de la Colla Jove Castellera de L\u2019Hospitalet i la Escola Municipal de M\u00fasica-Centre de les Arts de L\u2019Hospitalet.<\/p>\n<p><strong>10h. Festival d\u2019Entitats (2a part)<\/strong><br \/>\nActuaci\u00f3 de l\u2019Agrupaci\u00f3n Musical Asociaci\u00f3n Cultural Andaluza Cofrad\u00eda 15+1 de L\u2019Hospitalet.<\/p>\n<p><strong>10.30h. Missa Rociera<\/strong><br \/>\nOficiada pel rector Enric Canet<br \/>\nEls cants lit\u00fargics van a c\u00e0rrec del cor rociero de la Hermandad Nuestra Se\u00f1ora del Roc\u00edo Pastora Almonte\u00f1a.<\/p>\n<p><strong>12.00h. Espai juvenil<\/strong><br \/>\nParticipen: Coro Semilla Rociera de la Pe\u00f1a Flamenca Antonio Mairena, Asociaci\u00f3n Cultural Andaluza Hijos de Paradas (quadres de ball), Hermandad Nuestra Se\u00f1ora del Roc\u00edo Pastora Almonte\u00f1a (quadres de ball), Asociaci\u00f3n Cultural Andaluza de L\u2019Hospitalet (quadres de ball), Centro Cultural Andaluz Blas Infante (quadres de ball) i Tertulia Flamenca de L\u2019Hospitalet (quadres de ball).<\/p>\n<p><strong>13.30h. Degustaci\u00f3 del plat t\u00edpic andal\u00fas<\/strong><br \/>\nOfert per l\u2019Escola d\u2019Hostaleria de l\u2019Ajuntament de L\u2019Hospitalet.<\/p>\n<p><strong>17h. Festival d\u2019Entitats (3a parte)<\/strong><br \/>\nParticipen: Asociaci\u00f3n Cultural Andaluza Hijos de Bedmar (cor), Asociaci\u00f3n Cultural Andaluza Casa de Baena en Catalunya (coral), Centro Cultural Andaluz Blas Infante (quadres de ball) i Hermandad Nuestra Se\u00f1ora del Roc\u00edo Pastora Almonte\u00f1a (quadres de ball).<\/p>\n<p><strong>18.30h. Festival de Radiol\u00e9<\/strong><br \/>\nParticipen: Jos\u00e9 Mar\u00eda Ruiz (ganador de La Voz Kids 2015), Andy y Lucas, Parrita, Las Carlotas, Requiebros, Sombra y Luz, Mar\u00eda de la Colina, Manuel Fern\u00e1ndez, Taxi Love, Durano, Calaita i Rub\u00e9n Mart\u00edn.<\/p>\n<p><a href=\"https:\/\/www.lafarga.com\/corporatiu\/wp-content\/uploads\/2016\/02\/CART-andalucia-2016.jpg\" rel=\"attachment wp-att-6539\"><img loading=\"lazy\" decoding=\"async\" class=\"size-medium wp-image-6539 aligncenter\" src=\"https:\/\/www.lafarga.com\/corporatiu\/wp-content\/uploads\/2016\/02\/CART-andalucia-2016-211x300.jpg\" alt=\"Cartell Dia Andalusia 2016\" width=\"211\" height=\"300\" srcset=\"https:\/\/www.lafarga.com\/corporatiu\/wp-content\/uploads\/2016\/02\/CART-andalucia-2016-211x300.jpg 211w, https:\/\/www.lafarga.com\/corporatiu\/wp-content\/uploads\/2016\/02\/CART-andalucia-2016.jpg 300w\" sizes=\"auto, (max-width: 211px) 100vw, 211px\" \/><\/a><\/p>\n","protected":false},"excerpt":{"rendered":"<p>La Farga Centre d\u2019Activitats torna a ser escenari dels actes principals del Dia d\u2019Andalusia a L\u2019Hospitalet, que enguany arriba a la 29a edici\u00f3.<\/p>\n","protected":false},"author":8,"featured_media":6531,"comment_status":"closed","ping_status":"closed","sticky":false,"template":"","format":"standard","meta":{"inline_featured_image":false,"_uag_custom_page_level_css":"","_monsterinsights_skip_tracking":false,"_monsterinsights_sitenote_active":false,"_monsterinsights_sitenote_note":"","_monsterinsights_sitenote_category":0,"site-sidebar-layout":"default","site-content-layout":"","ast-site-content-layout":"default","site-content-style":"default","site-sidebar-style":"default","ast-global-header-display":"","ast-banner-title-visibility":"","ast-main-header-display":"","ast-hfb-above-header-display":"","ast-hfb-below-header-display":"","ast-hfb-mobile-header-display":"","site-post-title":"","ast-breadcrumbs-content":"","ast-featured-img":"","footer-sml-layout":"","ast-disable-related-posts":"","theme-transparent-header-meta":"","adv-header-id-meta":"","stick-header-meta":"","header-above-stick-meta":"","header-main-stick-meta":"","header-below-stick-meta":"","astra-migrate-meta-layouts":"default","ast-page-background-enabled":"default","ast-page-background-meta":{"desktop":{"background-color":"var(--ast-global-color-4)","background-image":"","background-repeat":"repeat","background-position":"center center","background-size":"auto","background-attachment":"scroll","background-type":"","background-media":"","overlay-type":"","overlay-color":"","overlay-opacity":"","overlay-gradient":""},"tablet":{"background-color":"","background-image":"","background-repeat":"repeat","background-position":"center center","background-size":"auto","background-attachment":"scroll","background-type":"","background-media":"","overlay-type":"","overlay-color":"","overlay-opacity":"","overlay-gradient":""},"mobile":{"background-color":"","background-image":"","background-repeat":"repeat","background-position":"center center","background-size":"auto","background-attachment":"scroll","background-type":"","background-media":"","overlay-type":"","overlay-color":"","overlay-opacity":"","overlay-gradient":""}},"ast-content-background-meta":{"desktop":{"background-color":"var(--ast-global-color-5)","background-image":"","background-repeat":"repeat","background-position":"center center","background-size":"auto","background-attachment":"scroll","background-type":"","background-media":"","overlay-type":"","overlay-color":"","overlay-opacity":"","overlay-gradient":""},"tablet":{"background-color":"var(--ast-global-color-5)","background-image":"","background-repeat":"repeat","background-position":"center center","background-size":"auto","background-attachment":"scroll","background-type":"","background-media":"","overlay-type":"","overlay-color":"","overlay-opacity":"","overlay-gradient":""},"mobile":{"background-color":"var(--ast-global-color-5)","background-image":"","background-repeat":"repeat","background-position":"center center","background-size":"auto","background-attachment":"scroll","background-type":"","background-media":"","overlay-type":"","overlay-color":"","overlay-opacity":"","overlay-gradient":""}},"footnotes":""},"categories":[49],"tags":[],"class_list":["post-6530","post","type-post","status-publish","format-standard","has-post-thumbnail","hentry","category-centre-activitats"],"yoast_head":"<!-- This site is optimized with the Yoast SEO plugin v27.5 - https:\/\/yoast.com\/product\/yoast-seo-wordpress\/ -->\n<title>La Farga, escenari central del Dia d&#039;Andalusia a L&#039;Hospitalet\u00a0<\/title>\n<meta name=\"description\" content=\"La Farga Centre d\u2019Activitats torna a ser escenari dels actes principals del Dia d\u2019Andalusia a L\u2019Hospitalet, que enguany arriba a la 29a edici\u00f3.\" \/>\n<meta name=\"robots\" content=\"index, follow, max-snippet:-1, max-image-preview:large, max-video-preview:-1\" \/>\n<link rel=\"canonical\" href=\"https:\/\/www.lafarga.com\/corporatiu\/la-farga-escenari-central-del-dia-dandalusia-a-lhospitalet\/\" \/>\n<meta property=\"og:locale\" content=\"ca_ES\" \/>\n<meta property=\"og:type\" content=\"article\" \/>\n<meta property=\"og:title\" content=\"La Farga, escenari central del Dia d&#039;Andalusia a L&#039;Hospitalet\u00a0\" \/>\n<meta property=\"og:description\" content=\"La Farga Centre d\u2019Activitats torna a ser escenari dels actes principals del Dia d\u2019Andalusia a L\u2019Hospitalet, que enguany arriba a la 29a edici\u00f3.\" \/>\n<meta property=\"og:url\" content=\"https:\/\/www.lafarga.com\/corporatiu\/la-farga-escenari-central-del-dia-dandalusia-a-lhospitalet\/\" \/>\n<meta property=\"og:site_name\" content=\"La Farga Gesti\u00f3n de Equipamientos Municipales, S.A.\" \/>\n<meta property=\"article:published_time\" content=\"2016-02-16T12:06:14+00:00\" \/>\n<meta property=\"article:modified_time\" content=\"2016-02-16T12:38:38+00:00\" \/>\n<meta property=\"og:image\" content=\"https:\/\/www.lafarga.com\/corporatiu\/wp-content\/uploads\/2016\/02\/dia-andalusia-farga-16.jpg\" \/>\n\t<meta property=\"og:image:width\" content=\"730\" \/>\n\t<meta property=\"og:image:height\" content=\"410\" \/>\n\t<meta property=\"og:image:type\" content=\"image\/jpeg\" \/>\n<meta name=\"author\" content=\"admfarga\" \/>\n<meta name=\"twitter:label1\" content=\"Escrit per\" \/>\n\t<meta name=\"twitter:data1\" content=\"admfarga\" \/>\n\t<meta name=\"twitter:label2\" content=\"Temps estimat de lectura\" \/>\n\t<meta name=\"twitter:data2\" content=\"3 minuts\" \/>\n<script type=\"application\/ld+json\" class=\"yoast-schema-graph\">{\"@context\":\"https:\\\/\\\/schema.org\",\"@graph\":[{\"@type\":\"Article\",\"@id\":\"https:\\\/\\\/www.lafarga.com\\\/corporatiu\\\/la-farga-escenari-central-del-dia-dandalusia-a-lhospitalet\\\/#article\",\"isPartOf\":{\"@id\":\"https:\\\/\\\/www.lafarga.com\\\/corporatiu\\\/la-farga-escenari-central-del-dia-dandalusia-a-lhospitalet\\\/\"},\"author\":{\"name\":\"admfarga\",\"@id\":\"https:\\\/\\\/www.lafarga.com\\\/corporatiu\\\/#\\\/schema\\\/person\\\/0ad4bc37b46f53e6b85ad51c2ac2d685\"},\"headline\":\"La Farga, escenari central del Dia d&#8217;Andalusia a L&#8217;Hospitalet\",\"datePublished\":\"2016-02-16T12:06:14+00:00\",\"dateModified\":\"2016-02-16T12:38:38+00:00\",\"mainEntityOfPage\":{\"@id\":\"https:\\\/\\\/www.lafarga.com\\\/corporatiu\\\/la-farga-escenari-central-del-dia-dandalusia-a-lhospitalet\\\/\"},\"wordCount\":521,\"publisher\":{\"@id\":\"https:\\\/\\\/www.lafarga.com\\\/corporatiu\\\/#organization\"},\"image\":{\"@id\":\"https:\\\/\\\/www.lafarga.com\\\/corporatiu\\\/la-farga-escenari-central-del-dia-dandalusia-a-lhospitalet\\\/#primaryimage\"},\"thumbnailUrl\":\"https:\\\/\\\/www.lafarga.com\\\/corporatiu\\\/wp-content\\\/uploads\\\/2016\\\/02\\\/dia-andalusia-farga-16.jpg\",\"articleSection\":[\"Centre d'Activitats\"],\"inLanguage\":\"ca\"},{\"@type\":\"WebPage\",\"@id\":\"https:\\\/\\\/www.lafarga.com\\\/corporatiu\\\/la-farga-escenari-central-del-dia-dandalusia-a-lhospitalet\\\/\",\"url\":\"https:\\\/\\\/www.lafarga.com\\\/corporatiu\\\/la-farga-escenari-central-del-dia-dandalusia-a-lhospitalet\\\/\",\"name\":\"La Farga, escenari central del Dia d'Andalusia a L'Hospitalet\u00a0\",\"isPartOf\":{\"@id\":\"https:\\\/\\\/www.lafarga.com\\\/corporatiu\\\/#website\"},\"primaryImageOfPage\":{\"@id\":\"https:\\\/\\\/www.lafarga.com\\\/corporatiu\\\/la-farga-escenari-central-del-dia-dandalusia-a-lhospitalet\\\/#primaryimage\"},\"image\":{\"@id\":\"https:\\\/\\\/www.lafarga.com\\\/corporatiu\\\/la-farga-escenari-central-del-dia-dandalusia-a-lhospitalet\\\/#primaryimage\"},\"thumbnailUrl\":\"https:\\\/\\\/www.lafarga.com\\\/corporatiu\\\/wp-content\\\/uploads\\\/2016\\\/02\\\/dia-andalusia-farga-16.jpg\",\"datePublished\":\"2016-02-16T12:06:14+00:00\",\"dateModified\":\"2016-02-16T12:38:38+00:00\",\"description\":\"La Farga Centre d\u2019Activitats torna a ser escenari dels actes principals del Dia d\u2019Andalusia a L\u2019Hospitalet, que enguany arriba a la 29a edici\u00f3.\",\"breadcrumb\":{\"@id\":\"https:\\\/\\\/www.lafarga.com\\\/corporatiu\\\/la-farga-escenari-central-del-dia-dandalusia-a-lhospitalet\\\/#breadcrumb\"},\"inLanguage\":\"ca\",\"potentialAction\":[{\"@type\":\"ReadAction\",\"target\":[\"https:\\\/\\\/www.lafarga.com\\\/corporatiu\\\/la-farga-escenari-central-del-dia-dandalusia-a-lhospitalet\\\/\"]}]},{\"@type\":\"ImageObject\",\"inLanguage\":\"ca\",\"@id\":\"https:\\\/\\\/www.lafarga.com\\\/corporatiu\\\/la-farga-escenari-central-del-dia-dandalusia-a-lhospitalet\\\/#primaryimage\",\"url\":\"https:\\\/\\\/www.lafarga.com\\\/corporatiu\\\/wp-content\\\/uploads\\\/2016\\\/02\\\/dia-andalusia-farga-16.jpg\",\"contentUrl\":\"https:\\\/\\\/www.lafarga.com\\\/corporatiu\\\/wp-content\\\/uploads\\\/2016\\\/02\\\/dia-andalusia-farga-16.jpg\",\"width\":730,\"height\":410},{\"@type\":\"BreadcrumbList\",\"@id\":\"https:\\\/\\\/www.lafarga.com\\\/corporatiu\\\/la-farga-escenari-central-del-dia-dandalusia-a-lhospitalet\\\/#breadcrumb\",\"itemListElement\":[{\"@type\":\"ListItem\",\"position\":1,\"name\":\"Home\",\"item\":\"https:\\\/\\\/www.lafarga.com\\\/corporatiu\\\/lafarga-hospitalet-llobregat\\\/\"},{\"@type\":\"ListItem\",\"position\":2,\"name\":\"La Farga, escenari central del Dia d&#8217;Andalusia a L&#8217;Hospitalet\"}]},{\"@type\":\"WebSite\",\"@id\":\"https:\\\/\\\/www.lafarga.com\\\/corporatiu\\\/#website\",\"url\":\"https:\\\/\\\/www.lafarga.com\\\/corporatiu\\\/\",\"name\":\"La Farga Gesti\u00f3 d&#039;Equipaments Municipals, SA\",\"description\":\"\",\"publisher\":{\"@id\":\"https:\\\/\\\/www.lafarga.com\\\/corporatiu\\\/#organization\"},\"potentialAction\":[{\"@type\":\"SearchAction\",\"target\":{\"@type\":\"EntryPoint\",\"urlTemplate\":\"https:\\\/\\\/www.lafarga.com\\\/corporatiu\\\/?s={search_term_string}\"},\"query-input\":{\"@type\":\"PropertyValueSpecification\",\"valueRequired\":true,\"valueName\":\"search_term_string\"}}],\"inLanguage\":\"ca\"},{\"@type\":\"Organization\",\"@id\":\"https:\\\/\\\/www.lafarga.com\\\/corporatiu\\\/#organization\",\"name\":\"La Farga Gesti\u00f3 d&#039;Equipaments Municipals, SA\",\"url\":\"https:\\\/\\\/www.lafarga.com\\\/corporatiu\\\/\",\"logo\":{\"@type\":\"ImageObject\",\"inLanguage\":\"ca\",\"@id\":\"https:\\\/\\\/www.lafarga.com\\\/corporatiu\\\/#\\\/schema\\\/logo\\\/image\\\/\",\"url\":\"https:\\\/\\\/www.lafarga.com\\\/corporatiu\\\/wp-content\\\/uploads\\\/2023\\\/11\\\/logotipo_lafarga_gemsa.svg\",\"contentUrl\":\"https:\\\/\\\/www.lafarga.com\\\/corporatiu\\\/wp-content\\\/uploads\\\/2023\\\/11\\\/logotipo_lafarga_gemsa.svg\",\"width\":102,\"height\":103,\"caption\":\"La Farga Gesti\u00f3 d&#039;Equipaments Municipals, SA\"},\"image\":{\"@id\":\"https:\\\/\\\/www.lafarga.com\\\/corporatiu\\\/#\\\/schema\\\/logo\\\/image\\\/\"}},{\"@type\":\"Person\",\"@id\":\"https:\\\/\\\/www.lafarga.com\\\/corporatiu\\\/#\\\/schema\\\/person\\\/0ad4bc37b46f53e6b85ad51c2ac2d685\",\"name\":\"admfarga\",\"image\":{\"@type\":\"ImageObject\",\"inLanguage\":\"ca\",\"@id\":\"https:\\\/\\\/secure.gravatar.com\\\/avatar\\\/2a2db0975754ce87d41cab8623874e9e5ef5d0add52244aba02a09775feab5cb?s=96&d=mm&r=g\",\"url\":\"https:\\\/\\\/secure.gravatar.com\\\/avatar\\\/2a2db0975754ce87d41cab8623874e9e5ef5d0add52244aba02a09775feab5cb?s=96&d=mm&r=g\",\"contentUrl\":\"https:\\\/\\\/secure.gravatar.com\\\/avatar\\\/2a2db0975754ce87d41cab8623874e9e5ef5d0add52244aba02a09775feab5cb?s=96&d=mm&r=g\",\"caption\":\"admfarga\"},\"url\":\"https:\\\/\\\/www.lafarga.com\\\/corporatiu\\\/author\\\/admfarga\\\/\"}]}<\/script>\n<!-- \/ Yoast SEO plugin. -->","yoast_head_json":{"title":"La Farga, escenari central del Dia d'Andalusia a L'Hospitalet\u00a0","description":"La Farga Centre d\u2019Activitats torna a ser escenari dels actes principals del Dia d\u2019Andalusia a L\u2019Hospitalet, que enguany arriba a la 29a edici\u00f3.","robots":{"index":"index","follow":"follow","max-snippet":"max-snippet:-1","max-image-preview":"max-image-preview:large","max-video-preview":"max-video-preview:-1"},"canonical":"https:\/\/www.lafarga.com\/corporatiu\/la-farga-escenari-central-del-dia-dandalusia-a-lhospitalet\/","og_locale":"ca_ES","og_type":"article","og_title":"La Farga, escenari central del Dia d'Andalusia a L'Hospitalet\u00a0","og_description":"La Farga Centre d\u2019Activitats torna a ser escenari dels actes principals del Dia d\u2019Andalusia a L\u2019Hospitalet, que enguany arriba a la 29a edici\u00f3.","og_url":"https:\/\/www.lafarga.com\/corporatiu\/la-farga-escenari-central-del-dia-dandalusia-a-lhospitalet\/","og_site_name":"La Farga Gesti\u00f3n de Equipamientos Municipales, S.A.","article_published_time":"2016-02-16T12:06:14+00:00","article_modified_time":"2016-02-16T12:38:38+00:00","og_image":[{"width":730,"height":410,"url":"https:\/\/www.lafarga.com\/corporatiu\/wp-content\/uploads\/2016\/02\/dia-andalusia-farga-16.jpg","type":"image\/jpeg"}],"author":"admfarga","twitter_misc":{"Escrit per":"admfarga","Temps estimat de lectura":"3 minuts"},"schema":{"@context":"https:\/\/schema.org","@graph":[{"@type":"Article","@id":"https:\/\/www.lafarga.com\/corporatiu\/la-farga-escenari-central-del-dia-dandalusia-a-lhospitalet\/#article","isPartOf":{"@id":"https:\/\/www.lafarga.com\/corporatiu\/la-farga-escenari-central-del-dia-dandalusia-a-lhospitalet\/"},"author":{"name":"admfarga","@id":"https:\/\/www.lafarga.com\/corporatiu\/#\/schema\/person\/0ad4bc37b46f53e6b85ad51c2ac2d685"},"headline":"La Farga, escenari central del Dia d&#8217;Andalusia a L&#8217;Hospitalet","datePublished":"2016-02-16T12:06:14+00:00","dateModified":"2016-02-16T12:38:38+00:00","mainEntityOfPage":{"@id":"https:\/\/www.lafarga.com\/corporatiu\/la-farga-escenari-central-del-dia-dandalusia-a-lhospitalet\/"},"wordCount":521,"publisher":{"@id":"https:\/\/www.lafarga.com\/corporatiu\/#organization"},"image":{"@id":"https:\/\/www.lafarga.com\/corporatiu\/la-farga-escenari-central-del-dia-dandalusia-a-lhospitalet\/#primaryimage"},"thumbnailUrl":"https:\/\/www.lafarga.com\/corporatiu\/wp-content\/uploads\/2016\/02\/dia-andalusia-farga-16.jpg","articleSection":["Centre d'Activitats"],"inLanguage":"ca"},{"@type":"WebPage","@id":"https:\/\/www.lafarga.com\/corporatiu\/la-farga-escenari-central-del-dia-dandalusia-a-lhospitalet\/","url":"https:\/\/www.lafarga.com\/corporatiu\/la-farga-escenari-central-del-dia-dandalusia-a-lhospitalet\/","name":"La Farga, escenari central del Dia d'Andalusia a L'Hospitalet\u00a0","isPartOf":{"@id":"https:\/\/www.lafarga.com\/corporatiu\/#website"},"primaryImageOfPage":{"@id":"https:\/\/www.lafarga.com\/corporatiu\/la-farga-escenari-central-del-dia-dandalusia-a-lhospitalet\/#primaryimage"},"image":{"@id":"https:\/\/www.lafarga.com\/corporatiu\/la-farga-escenari-central-del-dia-dandalusia-a-lhospitalet\/#primaryimage"},"thumbnailUrl":"https:\/\/www.lafarga.com\/corporatiu\/wp-content\/uploads\/2016\/02\/dia-andalusia-farga-16.jpg","datePublished":"2016-02-16T12:06:14+00:00","dateModified":"2016-02-16T12:38:38+00:00","description":"La Farga Centre d\u2019Activitats torna a ser escenari dels actes principals del Dia d\u2019Andalusia a L\u2019Hospitalet, que enguany arriba a la 29a edici\u00f3.","breadcrumb":{"@id":"https:\/\/www.lafarga.com\/corporatiu\/la-farga-escenari-central-del-dia-dandalusia-a-lhospitalet\/#breadcrumb"},"inLanguage":"ca","potentialAction":[{"@type":"ReadAction","target":["https:\/\/www.lafarga.com\/corporatiu\/la-farga-escenari-central-del-dia-dandalusia-a-lhospitalet\/"]}]},{"@type":"ImageObject","inLanguage":"ca","@id":"https:\/\/www.lafarga.com\/corporatiu\/la-farga-escenari-central-del-dia-dandalusia-a-lhospitalet\/#primaryimage","url":"https:\/\/www.lafarga.com\/corporatiu\/wp-content\/uploads\/2016\/02\/dia-andalusia-farga-16.jpg","contentUrl":"https:\/\/www.lafarga.com\/corporatiu\/wp-content\/uploads\/2016\/02\/dia-andalusia-farga-16.jpg","width":730,"height":410},{"@type":"BreadcrumbList","@id":"https:\/\/www.lafarga.com\/corporatiu\/la-farga-escenari-central-del-dia-dandalusia-a-lhospitalet\/#breadcrumb","itemListElement":[{"@type":"ListItem","position":1,"name":"Home","item":"https:\/\/www.lafarga.com\/corporatiu\/lafarga-hospitalet-llobregat\/"},{"@type":"ListItem","position":2,"name":"La Farga, escenari central del Dia d&#8217;Andalusia a L&#8217;Hospitalet"}]},{"@type":"WebSite","@id":"https:\/\/www.lafarga.com\/corporatiu\/#website","url":"https:\/\/www.lafarga.com\/corporatiu\/","name":"La Farga Gesti\u00f3 d&#039;Equipaments Municipals, SA","description":"","publisher":{"@id":"https:\/\/www.lafarga.com\/corporatiu\/#organization"},"potentialAction":[{"@type":"SearchAction","target":{"@type":"EntryPoint","urlTemplate":"https:\/\/www.lafarga.com\/corporatiu\/?s={search_term_string}"},"query-input":{"@type":"PropertyValueSpecification","valueRequired":true,"valueName":"search_term_string"}}],"inLanguage":"ca"},{"@type":"Organization","@id":"https:\/\/www.lafarga.com\/corporatiu\/#organization","name":"La Farga Gesti\u00f3 d&#039;Equipaments Municipals, SA","url":"https:\/\/www.lafarga.com\/corporatiu\/","logo":{"@type":"ImageObject","inLanguage":"ca","@id":"https:\/\/www.lafarga.com\/corporatiu\/#\/schema\/logo\/image\/","url":"https:\/\/www.lafarga.com\/corporatiu\/wp-content\/uploads\/2023\/11\/logotipo_lafarga_gemsa.svg","contentUrl":"https:\/\/www.lafarga.com\/corporatiu\/wp-content\/uploads\/2023\/11\/logotipo_lafarga_gemsa.svg","width":102,"height":103,"caption":"La Farga Gesti\u00f3 d&#039;Equipaments Municipals, SA"},"image":{"@id":"https:\/\/www.lafarga.com\/corporatiu\/#\/schema\/logo\/image\/"}},{"@type":"Person","@id":"https:\/\/www.lafarga.com\/corporatiu\/#\/schema\/person\/0ad4bc37b46f53e6b85ad51c2ac2d685","name":"admfarga","image":{"@type":"ImageObject","inLanguage":"ca","@id":"https:\/\/secure.gravatar.com\/avatar\/2a2db0975754ce87d41cab8623874e9e5ef5d0add52244aba02a09775feab5cb?s=96&d=mm&r=g","url":"https:\/\/secure.gravatar.com\/avatar\/2a2db0975754ce87d41cab8623874e9e5ef5d0add52244aba02a09775feab5cb?s=96&d=mm&r=g","contentUrl":"https:\/\/secure.gravatar.com\/avatar\/2a2db0975754ce87d41cab8623874e9e5ef5d0add52244aba02a09775feab5cb?s=96&d=mm&r=g","caption":"admfarga"},"url":"https:\/\/www.lafarga.com\/corporatiu\/author\/admfarga\/"}]}},"uagb_featured_image_src":{"full":["https:\/\/www.lafarga.com\/corporatiu\/wp-content\/uploads\/2016\/02\/dia-andalusia-farga-16.jpg",730,410,false],"thumbnail":["https:\/\/www.lafarga.com\/corporatiu\/wp-content\/uploads\/2016\/02\/dia-andalusia-farga-16-150x150.jpg",150,150,true],"medium":["https:\/\/www.lafarga.com\/corporatiu\/wp-content\/uploads\/2016\/02\/dia-andalusia-farga-16-300x168.jpg",300,168,true],"medium_large":["https:\/\/www.lafarga.com\/corporatiu\/wp-content\/uploads\/2016\/02\/dia-andalusia-farga-16.jpg",730,410,false],"large":["https:\/\/www.lafarga.com\/corporatiu\/wp-content\/uploads\/2016\/02\/dia-andalusia-farga-16.jpg",730,410,false],"1536x1536":["https:\/\/www.lafarga.com\/corporatiu\/wp-content\/uploads\/2016\/02\/dia-andalusia-farga-16.jpg",730,410,false],"2048x2048":["https:\/\/www.lafarga.com\/corporatiu\/wp-content\/uploads\/2016\/02\/dia-andalusia-farga-16.jpg",730,410,false],"mailpoet_newsletter_max":["https:\/\/www.lafarga.com\/corporatiu\/wp-content\/uploads\/2016\/02\/dia-andalusia-farga-16.jpg",730,410,false]},"uagb_author_info":{"display_name":"admfarga","author_link":"https:\/\/www.lafarga.com\/corporatiu\/author\/admfarga\/"},"uagb_comment_info":0,"uagb_excerpt":"La Farga Centre d\u2019Activitats torna a ser escenari dels actes principals del Dia d\u2019Andalusia a L\u2019Hospitalet, que enguany arriba a la 29a edici\u00f3.","_links":{"self":[{"href":"https:\/\/www.lafarga.com\/corporatiu\/wp-json\/wp\/v2\/posts\/6530","targetHints":{"allow":["GET"]}}],"collection":[{"href":"https:\/\/www.lafarga.com\/corporatiu\/wp-json\/wp\/v2\/posts"}],"about":[{"href":"https:\/\/www.lafarga.com\/corporatiu\/wp-json\/wp\/v2\/types\/post"}],"author":[{"embeddable":true,"href":"https:\/\/www.lafarga.com\/corporatiu\/wp-json\/wp\/v2\/users\/8"}],"replies":[{"embeddable":true,"href":"https:\/\/www.lafarga.com\/corporatiu\/wp-json\/wp\/v2\/comments?post=6530"}],"version-history":[{"count":8,"href":"https:\/\/www.lafarga.com\/corporatiu\/wp-json\/wp\/v2\/posts\/6530\/revisions"}],"predecessor-version":[{"id":6540,"href":"https:\/\/www.lafarga.com\/corporatiu\/wp-json\/wp\/v2\/posts\/6530\/revisions\/6540"}],"wp:featuredmedia":[{"embeddable":true,"href":"https:\/\/www.lafarga.com\/corporatiu\/wp-json\/wp\/v2\/media\/6531"}],"wp:attachment":[{"href":"https:\/\/www.lafarga.com\/corporatiu\/wp-json\/wp\/v2\/media?parent=6530"}],"wp:term":[{"taxonomy":"category","embeddable":true,"href":"https:\/\/www.lafarga.com\/corporatiu\/wp-json\/wp\/v2\/categories?post=6530"},{"taxonomy":"post_tag","embeddable":true,"href":"https:\/\/www.lafarga.com\/corporatiu\/wp-json\/wp\/v2\/tags?post=6530"}],"curies":[{"name":"wp","href":"https:\/\/api.w.org\/{rel}","templated":true}]}}