{"id":6314,"date":"2016-02-01T13:29:47","date_gmt":"2016-02-01T13:29:47","guid":{"rendered":"http:\/\/www.lafarga.com\/corporatiu\/?p=6314"},"modified":"2016-02-01T13:36:42","modified_gmt":"2016-02-01T13:36:42","slug":"el-lloguer-social-portada-del-diari-de-lhospitalet","status":"publish","type":"post","link":"https:\/\/www.lafarga.com\/corporatiu\/el-lloguer-social-portada-del-diari-de-lhospitalet\/","title":{"rendered":"El lloguer social, portada del Diari de L&#8217;Hospitalet"},"content":{"rendered":"<p>L&#8217;aprovaci\u00f3 d&#8217;un pressupost de 224 milions amb l&#8217;accent en el benestar comunitari \u00e9s el principal tema de portada de l&#8217;edici\u00f3 308 del <a href=\"http:\/\/lhdigital.cat\/web\/diari\/diari-l-h\" target=\"_blank\">Diari de L&#8217;Hospitalet<\/a>, que ha sortit aquest mes de gener-febrer.<\/p>\n<p>L&#8217;anunci que L&#8217;Hospitalet for\u00e7ar\u00e0 als bancs a oferir lloguer social tamb\u00e9 forma part del temes destacats de la primera edici\u00f3 del 2016, aix\u00f3 com els nous 25.000m2 que guanya el Parc de Can Buxeres.<\/p>\n<p>L&#8217;an\u00e0lisis de la Junta local de Seguretat del 2015, amb descens dels delictes i l&#8217;aplicaci\u00f3 de les noves tecnologies per atendre persones amb depend\u00e8ncia tamb\u00e9 s\u00f3n not\u00edcies que trobem en aquest Diari de L&#8217;Hospitalet.<\/p>\n<p>En l&#8217;apartat cultural destaca l&#8217;inici de la nova programaci\u00f3 de m\u00fasica i teatre del Joventut i Auditori Barradas i l&#8217;arribada del primer <a href=\"https:\/\/www.lafarga.com\/corporatiu\/el-salo-del-cinema-i-les-series-tanca-portes-amb-20-000-visitants\/\" target=\"_blank\">Sal\u00f3 del Cinema i les S\u00e8ries<\/a>, a La Farga de L&#8217;Hospitalet.<\/p>\n<p>Pel que fa als esports els refor\u00e7os de L&#8217;Hospi de cara a la segona volta de la lliga tamb\u00e9 apareix en portada.<\/p>\n<p>El Diari de L&#8217;Hospitalet, mitj\u00e0 de comunicaci\u00f3 que gestiona La Farga Gesti\u00f3 d&#8217;Equipaments Municipals, surt cada mes amb 105.000 exemplars que arriben a totes les llars de la ciutat.<\/p>\n<p><a href=\"http:\/\/lhdigital.cat\/diarilh_digital\/308\/index.html\" target=\"_blank\">Aqu\u00ed podeu consultar l&#8217;edici\u00f3 308 en versi\u00f3 online<\/a>.<\/p>\n","protected":false},"excerpt":{"rendered":"<p>L&#8217;aprovaci\u00f3 d&#8217;un pressupost de 224 milions amb l&#8217;accent en el benestar comunitari \u00e9s el principal tema de portada de l&#8217;edici\u00f3 308 del Diari de L&#8217;Hospitalet, que ha sortit aquest mes de gener-febrer.<\/p>\n","protected":false},"author":8,"featured_media":6315,"comment_status":"closed","ping_status":"closed","sticky":false,"template":"","format":"standard","meta":{"inline_featured_image":false,"_uag_custom_page_level_css":"","_monsterinsights_skip_tracking":false,"_monsterinsights_sitenote_active":false,"_monsterinsights_sitenote_note":"","_monsterinsights_sitenote_category":0,"site-sidebar-layout":"default","site-content-layout":"","ast-site-content-layout":"default","site-content-style":"default","site-sidebar-style":"default","ast-global-header-display":"","ast-banner-title-visibility":"","ast-main-header-display":"","ast-hfb-above-header-display":"","ast-hfb-below-header-display":"","ast-hfb-mobile-header-display":"","site-post-title":"","ast-breadcrumbs-content":"","ast-featured-img":"","footer-sml-layout":"","ast-disable-related-posts":"","theme-transparent-header-meta":"","adv-header-id-meta":"","stick-header-meta":"","header-above-stick-meta":"","header-main-stick-meta":"","header-below-stick-meta":"","astra-migrate-meta-layouts":"default","ast-page-background-enabled":"default","ast-page-background-meta":{"desktop":{"background-color":"var(--ast-global-color-4)","background-image":"","background-repeat":"repeat","background-position":"center center","background-size":"auto","background-attachment":"scroll","background-type":"","background-media":"","overlay-type":"","overlay-color":"","overlay-opacity":"","overlay-gradient":""},"tablet":{"background-color":"","background-image":"","background-repeat":"repeat","background-position":"center center","background-size":"auto","background-attachment":"scroll","background-type":"","background-media":"","overlay-type":"","overlay-color":"","overlay-opacity":"","overlay-gradient":""},"mobile":{"background-color":"","background-image":"","background-repeat":"repeat","background-position":"center center","background-size":"auto","background-attachment":"scroll","background-type":"","background-media":"","overlay-type":"","overlay-color":"","overlay-opacity":"","overlay-gradient":""}},"ast-content-background-meta":{"desktop":{"background-color":"var(--ast-global-color-5)","background-image":"","background-repeat":"repeat","background-position":"center center","background-size":"auto","background-attachment":"scroll","background-type":"","background-media":"","overlay-type":"","overlay-color":"","overlay-opacity":"","overlay-gradient":""},"tablet":{"background-color":"var(--ast-global-color-5)","background-image":"","background-repeat":"repeat","background-position":"center center","background-size":"auto","background-attachment":"scroll","background-type":"","background-media":"","overlay-type":"","overlay-color":"","overlay-opacity":"","overlay-gradient":""},"mobile":{"background-color":"var(--ast-global-color-5)","background-image":"","background-repeat":"repeat","background-position":"center center","background-size":"auto","background-attachment":"scroll","background-type":"","background-media":"","overlay-type":"","overlay-color":"","overlay-opacity":"","overlay-gradient":""}},"footnotes":""},"categories":[51],"tags":[],"class_list":["post-6314","post","type-post","status-publish","format-standard","has-post-thumbnail","hentry","category-mitjans-comunicacio"],"yoast_head":"<!-- This site is optimized with the Yoast SEO plugin v27.4 - https:\/\/yoast.com\/product\/yoast-seo-wordpress\/ -->\n<title>El lloguer social, portada del Diari de L&#039;Hospitalet\u00a0<\/title>\n<meta name=\"description\" content=\"L&#039;aprovaci\u00f3 d&#039;un pressupost de 224 milions amb l&#039;accent en el benestar comunitari \u00e9s el principal tema de portada de l&#039;edici\u00f3 308 del Diari de L&#039;Hospitalet.\" \/>\n<meta name=\"robots\" content=\"index, follow, max-snippet:-1, max-image-preview:large, max-video-preview:-1\" \/>\n<link rel=\"canonical\" href=\"https:\/\/www.lafarga.com\/corporatiu\/el-lloguer-social-portada-del-diari-de-lhospitalet\/\" \/>\n<meta property=\"og:locale\" content=\"ca_ES\" \/>\n<meta property=\"og:type\" content=\"article\" \/>\n<meta property=\"og:title\" content=\"El lloguer social, portada del Diari de L&#039;Hospitalet\u00a0\" \/>\n<meta property=\"og:description\" content=\"L&#039;aprovaci\u00f3 d&#039;un pressupost de 224 milions amb l&#039;accent en el benestar comunitari \u00e9s el principal tema de portada de l&#039;edici\u00f3 308 del Diari de L&#039;Hospitalet.\" \/>\n<meta property=\"og:url\" content=\"https:\/\/www.lafarga.com\/corporatiu\/el-lloguer-social-portada-del-diari-de-lhospitalet\/\" \/>\n<meta property=\"og:site_name\" content=\"La Farga Gesti\u00f3n de Equipamientos Municipales, S.A.\" \/>\n<meta property=\"article:published_time\" content=\"2016-02-01T13:29:47+00:00\" \/>\n<meta property=\"article:modified_time\" content=\"2016-02-01T13:36:42+00:00\" \/>\n<meta property=\"og:image\" content=\"https:\/\/www.lafarga.com\/corporatiu\/wp-content\/uploads\/2016\/02\/portada-diariLH-0116.jpg\" \/>\n\t<meta property=\"og:image:width\" content=\"730\" \/>\n\t<meta property=\"og:image:height\" content=\"410\" \/>\n\t<meta property=\"og:image:type\" content=\"image\/jpeg\" \/>\n<meta name=\"author\" content=\"admfarga\" \/>\n<meta name=\"twitter:label1\" content=\"Escrit per\" \/>\n\t<meta name=\"twitter:data1\" content=\"admfarga\" \/>\n\t<meta name=\"twitter:label2\" content=\"Temps estimat de lectura\" \/>\n\t<meta name=\"twitter:data2\" content=\"1 minut\" \/>\n<script type=\"application\/ld+json\" class=\"yoast-schema-graph\">{\"@context\":\"https:\\\/\\\/schema.org\",\"@graph\":[{\"@type\":\"Article\",\"@id\":\"https:\\\/\\\/www.lafarga.com\\\/corporatiu\\\/el-lloguer-social-portada-del-diari-de-lhospitalet\\\/#article\",\"isPartOf\":{\"@id\":\"https:\\\/\\\/www.lafarga.com\\\/corporatiu\\\/el-lloguer-social-portada-del-diari-de-lhospitalet\\\/\"},\"author\":{\"name\":\"admfarga\",\"@id\":\"https:\\\/\\\/www.lafarga.com\\\/corporatiu\\\/#\\\/schema\\\/person\\\/0ad4bc37b46f53e6b85ad51c2ac2d685\"},\"headline\":\"El lloguer social, portada del Diari de L&#8217;Hospitalet\",\"datePublished\":\"2016-02-01T13:29:47+00:00\",\"dateModified\":\"2016-02-01T13:36:42+00:00\",\"mainEntityOfPage\":{\"@id\":\"https:\\\/\\\/www.lafarga.com\\\/corporatiu\\\/el-lloguer-social-portada-del-diari-de-lhospitalet\\\/\"},\"wordCount\":221,\"publisher\":{\"@id\":\"https:\\\/\\\/www.lafarga.com\\\/corporatiu\\\/#organization\"},\"image\":{\"@id\":\"https:\\\/\\\/www.lafarga.com\\\/corporatiu\\\/el-lloguer-social-portada-del-diari-de-lhospitalet\\\/#primaryimage\"},\"thumbnailUrl\":\"https:\\\/\\\/www.lafarga.com\\\/corporatiu\\\/wp-content\\\/uploads\\\/2016\\\/02\\\/portada-diariLH-0116.jpg\",\"articleSection\":[\"Mitjans de Comunicaci\u00f3\"],\"inLanguage\":\"ca\"},{\"@type\":\"WebPage\",\"@id\":\"https:\\\/\\\/www.lafarga.com\\\/corporatiu\\\/el-lloguer-social-portada-del-diari-de-lhospitalet\\\/\",\"url\":\"https:\\\/\\\/www.lafarga.com\\\/corporatiu\\\/el-lloguer-social-portada-del-diari-de-lhospitalet\\\/\",\"name\":\"El lloguer social, portada del Diari de L'Hospitalet\u00a0\",\"isPartOf\":{\"@id\":\"https:\\\/\\\/www.lafarga.com\\\/corporatiu\\\/#website\"},\"primaryImageOfPage\":{\"@id\":\"https:\\\/\\\/www.lafarga.com\\\/corporatiu\\\/el-lloguer-social-portada-del-diari-de-lhospitalet\\\/#primaryimage\"},\"image\":{\"@id\":\"https:\\\/\\\/www.lafarga.com\\\/corporatiu\\\/el-lloguer-social-portada-del-diari-de-lhospitalet\\\/#primaryimage\"},\"thumbnailUrl\":\"https:\\\/\\\/www.lafarga.com\\\/corporatiu\\\/wp-content\\\/uploads\\\/2016\\\/02\\\/portada-diariLH-0116.jpg\",\"datePublished\":\"2016-02-01T13:29:47+00:00\",\"dateModified\":\"2016-02-01T13:36:42+00:00\",\"description\":\"L'aprovaci\u00f3 d'un pressupost de 224 milions amb l'accent en el benestar comunitari \u00e9s el principal tema de portada de l'edici\u00f3 308 del Diari de L'Hospitalet.\",\"breadcrumb\":{\"@id\":\"https:\\\/\\\/www.lafarga.com\\\/corporatiu\\\/el-lloguer-social-portada-del-diari-de-lhospitalet\\\/#breadcrumb\"},\"inLanguage\":\"ca\",\"potentialAction\":[{\"@type\":\"ReadAction\",\"target\":[\"https:\\\/\\\/www.lafarga.com\\\/corporatiu\\\/el-lloguer-social-portada-del-diari-de-lhospitalet\\\/\"]}]},{\"@type\":\"ImageObject\",\"inLanguage\":\"ca\",\"@id\":\"https:\\\/\\\/www.lafarga.com\\\/corporatiu\\\/el-lloguer-social-portada-del-diari-de-lhospitalet\\\/#primaryimage\",\"url\":\"https:\\\/\\\/www.lafarga.com\\\/corporatiu\\\/wp-content\\\/uploads\\\/2016\\\/02\\\/portada-diariLH-0116.jpg\",\"contentUrl\":\"https:\\\/\\\/www.lafarga.com\\\/corporatiu\\\/wp-content\\\/uploads\\\/2016\\\/02\\\/portada-diariLH-0116.jpg\",\"width\":730,\"height\":410},{\"@type\":\"BreadcrumbList\",\"@id\":\"https:\\\/\\\/www.lafarga.com\\\/corporatiu\\\/el-lloguer-social-portada-del-diari-de-lhospitalet\\\/#breadcrumb\",\"itemListElement\":[{\"@type\":\"ListItem\",\"position\":1,\"name\":\"Home\",\"item\":\"https:\\\/\\\/www.lafarga.com\\\/corporatiu\\\/lafarga-hospitalet-llobregat\\\/\"},{\"@type\":\"ListItem\",\"position\":2,\"name\":\"El lloguer social, portada del Diari de L&#8217;Hospitalet\"}]},{\"@type\":\"WebSite\",\"@id\":\"https:\\\/\\\/www.lafarga.com\\\/corporatiu\\\/#website\",\"url\":\"https:\\\/\\\/www.lafarga.com\\\/corporatiu\\\/\",\"name\":\"La Farga Gesti\u00f3 d&#039;Equipaments Municipals, SA\",\"description\":\"\",\"publisher\":{\"@id\":\"https:\\\/\\\/www.lafarga.com\\\/corporatiu\\\/#organization\"},\"potentialAction\":[{\"@type\":\"SearchAction\",\"target\":{\"@type\":\"EntryPoint\",\"urlTemplate\":\"https:\\\/\\\/www.lafarga.com\\\/corporatiu\\\/?s={search_term_string}\"},\"query-input\":{\"@type\":\"PropertyValueSpecification\",\"valueRequired\":true,\"valueName\":\"search_term_string\"}}],\"inLanguage\":\"ca\"},{\"@type\":\"Organization\",\"@id\":\"https:\\\/\\\/www.lafarga.com\\\/corporatiu\\\/#organization\",\"name\":\"La Farga Gesti\u00f3 d&#039;Equipaments Municipals, SA\",\"url\":\"https:\\\/\\\/www.lafarga.com\\\/corporatiu\\\/\",\"logo\":{\"@type\":\"ImageObject\",\"inLanguage\":\"ca\",\"@id\":\"https:\\\/\\\/www.lafarga.com\\\/corporatiu\\\/#\\\/schema\\\/logo\\\/image\\\/\",\"url\":\"https:\\\/\\\/www.lafarga.com\\\/corporatiu\\\/wp-content\\\/uploads\\\/2023\\\/11\\\/logotipo_lafarga_gemsa.svg\",\"contentUrl\":\"https:\\\/\\\/www.lafarga.com\\\/corporatiu\\\/wp-content\\\/uploads\\\/2023\\\/11\\\/logotipo_lafarga_gemsa.svg\",\"width\":102,\"height\":103,\"caption\":\"La Farga Gesti\u00f3 d&#039;Equipaments Municipals, SA\"},\"image\":{\"@id\":\"https:\\\/\\\/www.lafarga.com\\\/corporatiu\\\/#\\\/schema\\\/logo\\\/image\\\/\"}},{\"@type\":\"Person\",\"@id\":\"https:\\\/\\\/www.lafarga.com\\\/corporatiu\\\/#\\\/schema\\\/person\\\/0ad4bc37b46f53e6b85ad51c2ac2d685\",\"name\":\"admfarga\",\"image\":{\"@type\":\"ImageObject\",\"inLanguage\":\"ca\",\"@id\":\"https:\\\/\\\/secure.gravatar.com\\\/avatar\\\/2a2db0975754ce87d41cab8623874e9e5ef5d0add52244aba02a09775feab5cb?s=96&d=mm&r=g\",\"url\":\"https:\\\/\\\/secure.gravatar.com\\\/avatar\\\/2a2db0975754ce87d41cab8623874e9e5ef5d0add52244aba02a09775feab5cb?s=96&d=mm&r=g\",\"contentUrl\":\"https:\\\/\\\/secure.gravatar.com\\\/avatar\\\/2a2db0975754ce87d41cab8623874e9e5ef5d0add52244aba02a09775feab5cb?s=96&d=mm&r=g\",\"caption\":\"admfarga\"},\"url\":\"https:\\\/\\\/www.lafarga.com\\\/corporatiu\\\/author\\\/admfarga\\\/\"}]}<\/script>\n<!-- \/ Yoast SEO plugin. -->","yoast_head_json":{"title":"El lloguer social, portada del Diari de L'Hospitalet\u00a0","description":"L'aprovaci\u00f3 d'un pressupost de 224 milions amb l'accent en el benestar comunitari \u00e9s el principal tema de portada de l'edici\u00f3 308 del Diari de L'Hospitalet.","robots":{"index":"index","follow":"follow","max-snippet":"max-snippet:-1","max-image-preview":"max-image-preview:large","max-video-preview":"max-video-preview:-1"},"canonical":"https:\/\/www.lafarga.com\/corporatiu\/el-lloguer-social-portada-del-diari-de-lhospitalet\/","og_locale":"ca_ES","og_type":"article","og_title":"El lloguer social, portada del Diari de L'Hospitalet\u00a0","og_description":"L'aprovaci\u00f3 d'un pressupost de 224 milions amb l'accent en el benestar comunitari \u00e9s el principal tema de portada de l'edici\u00f3 308 del Diari de L'Hospitalet.","og_url":"https:\/\/www.lafarga.com\/corporatiu\/el-lloguer-social-portada-del-diari-de-lhospitalet\/","og_site_name":"La Farga Gesti\u00f3n de Equipamientos Municipales, S.A.","article_published_time":"2016-02-01T13:29:47+00:00","article_modified_time":"2016-02-01T13:36:42+00:00","og_image":[{"width":730,"height":410,"url":"https:\/\/www.lafarga.com\/corporatiu\/wp-content\/uploads\/2016\/02\/portada-diariLH-0116.jpg","type":"image\/jpeg"}],"author":"admfarga","twitter_misc":{"Escrit per":"admfarga","Temps estimat de lectura":"1 minut"},"schema":{"@context":"https:\/\/schema.org","@graph":[{"@type":"Article","@id":"https:\/\/www.lafarga.com\/corporatiu\/el-lloguer-social-portada-del-diari-de-lhospitalet\/#article","isPartOf":{"@id":"https:\/\/www.lafarga.com\/corporatiu\/el-lloguer-social-portada-del-diari-de-lhospitalet\/"},"author":{"name":"admfarga","@id":"https:\/\/www.lafarga.com\/corporatiu\/#\/schema\/person\/0ad4bc37b46f53e6b85ad51c2ac2d685"},"headline":"El lloguer social, portada del Diari de L&#8217;Hospitalet","datePublished":"2016-02-01T13:29:47+00:00","dateModified":"2016-02-01T13:36:42+00:00","mainEntityOfPage":{"@id":"https:\/\/www.lafarga.com\/corporatiu\/el-lloguer-social-portada-del-diari-de-lhospitalet\/"},"wordCount":221,"publisher":{"@id":"https:\/\/www.lafarga.com\/corporatiu\/#organization"},"image":{"@id":"https:\/\/www.lafarga.com\/corporatiu\/el-lloguer-social-portada-del-diari-de-lhospitalet\/#primaryimage"},"thumbnailUrl":"https:\/\/www.lafarga.com\/corporatiu\/wp-content\/uploads\/2016\/02\/portada-diariLH-0116.jpg","articleSection":["Mitjans de Comunicaci\u00f3"],"inLanguage":"ca"},{"@type":"WebPage","@id":"https:\/\/www.lafarga.com\/corporatiu\/el-lloguer-social-portada-del-diari-de-lhospitalet\/","url":"https:\/\/www.lafarga.com\/corporatiu\/el-lloguer-social-portada-del-diari-de-lhospitalet\/","name":"El lloguer social, portada del Diari de L'Hospitalet\u00a0","isPartOf":{"@id":"https:\/\/www.lafarga.com\/corporatiu\/#website"},"primaryImageOfPage":{"@id":"https:\/\/www.lafarga.com\/corporatiu\/el-lloguer-social-portada-del-diari-de-lhospitalet\/#primaryimage"},"image":{"@id":"https:\/\/www.lafarga.com\/corporatiu\/el-lloguer-social-portada-del-diari-de-lhospitalet\/#primaryimage"},"thumbnailUrl":"https:\/\/www.lafarga.com\/corporatiu\/wp-content\/uploads\/2016\/02\/portada-diariLH-0116.jpg","datePublished":"2016-02-01T13:29:47+00:00","dateModified":"2016-02-01T13:36:42+00:00","description":"L'aprovaci\u00f3 d'un pressupost de 224 milions amb l'accent en el benestar comunitari \u00e9s el principal tema de portada de l'edici\u00f3 308 del Diari de L'Hospitalet.","breadcrumb":{"@id":"https:\/\/www.lafarga.com\/corporatiu\/el-lloguer-social-portada-del-diari-de-lhospitalet\/#breadcrumb"},"inLanguage":"ca","potentialAction":[{"@type":"ReadAction","target":["https:\/\/www.lafarga.com\/corporatiu\/el-lloguer-social-portada-del-diari-de-lhospitalet\/"]}]},{"@type":"ImageObject","inLanguage":"ca","@id":"https:\/\/www.lafarga.com\/corporatiu\/el-lloguer-social-portada-del-diari-de-lhospitalet\/#primaryimage","url":"https:\/\/www.lafarga.com\/corporatiu\/wp-content\/uploads\/2016\/02\/portada-diariLH-0116.jpg","contentUrl":"https:\/\/www.lafarga.com\/corporatiu\/wp-content\/uploads\/2016\/02\/portada-diariLH-0116.jpg","width":730,"height":410},{"@type":"BreadcrumbList","@id":"https:\/\/www.lafarga.com\/corporatiu\/el-lloguer-social-portada-del-diari-de-lhospitalet\/#breadcrumb","itemListElement":[{"@type":"ListItem","position":1,"name":"Home","item":"https:\/\/www.lafarga.com\/corporatiu\/lafarga-hospitalet-llobregat\/"},{"@type":"ListItem","position":2,"name":"El lloguer social, portada del Diari de L&#8217;Hospitalet"}]},{"@type":"WebSite","@id":"https:\/\/www.lafarga.com\/corporatiu\/#website","url":"https:\/\/www.lafarga.com\/corporatiu\/","name":"La Farga Gesti\u00f3 d&#039;Equipaments Municipals, SA","description":"","publisher":{"@id":"https:\/\/www.lafarga.com\/corporatiu\/#organization"},"potentialAction":[{"@type":"SearchAction","target":{"@type":"EntryPoint","urlTemplate":"https:\/\/www.lafarga.com\/corporatiu\/?s={search_term_string}"},"query-input":{"@type":"PropertyValueSpecification","valueRequired":true,"valueName":"search_term_string"}}],"inLanguage":"ca"},{"@type":"Organization","@id":"https:\/\/www.lafarga.com\/corporatiu\/#organization","name":"La Farga Gesti\u00f3 d&#039;Equipaments Municipals, SA","url":"https:\/\/www.lafarga.com\/corporatiu\/","logo":{"@type":"ImageObject","inLanguage":"ca","@id":"https:\/\/www.lafarga.com\/corporatiu\/#\/schema\/logo\/image\/","url":"https:\/\/www.lafarga.com\/corporatiu\/wp-content\/uploads\/2023\/11\/logotipo_lafarga_gemsa.svg","contentUrl":"https:\/\/www.lafarga.com\/corporatiu\/wp-content\/uploads\/2023\/11\/logotipo_lafarga_gemsa.svg","width":102,"height":103,"caption":"La Farga Gesti\u00f3 d&#039;Equipaments Municipals, SA"},"image":{"@id":"https:\/\/www.lafarga.com\/corporatiu\/#\/schema\/logo\/image\/"}},{"@type":"Person","@id":"https:\/\/www.lafarga.com\/corporatiu\/#\/schema\/person\/0ad4bc37b46f53e6b85ad51c2ac2d685","name":"admfarga","image":{"@type":"ImageObject","inLanguage":"ca","@id":"https:\/\/secure.gravatar.com\/avatar\/2a2db0975754ce87d41cab8623874e9e5ef5d0add52244aba02a09775feab5cb?s=96&d=mm&r=g","url":"https:\/\/secure.gravatar.com\/avatar\/2a2db0975754ce87d41cab8623874e9e5ef5d0add52244aba02a09775feab5cb?s=96&d=mm&r=g","contentUrl":"https:\/\/secure.gravatar.com\/avatar\/2a2db0975754ce87d41cab8623874e9e5ef5d0add52244aba02a09775feab5cb?s=96&d=mm&r=g","caption":"admfarga"},"url":"https:\/\/www.lafarga.com\/corporatiu\/author\/admfarga\/"}]}},"uagb_featured_image_src":{"full":["https:\/\/www.lafarga.com\/corporatiu\/wp-content\/uploads\/2016\/02\/portada-diariLH-0116.jpg",730,410,false],"thumbnail":["https:\/\/www.lafarga.com\/corporatiu\/wp-content\/uploads\/2016\/02\/portada-diariLH-0116-150x150.jpg",150,150,true],"medium":["https:\/\/www.lafarga.com\/corporatiu\/wp-content\/uploads\/2016\/02\/portada-diariLH-0116-300x168.jpg",300,168,true],"medium_large":["https:\/\/www.lafarga.com\/corporatiu\/wp-content\/uploads\/2016\/02\/portada-diariLH-0116.jpg",730,410,false],"large":["https:\/\/www.lafarga.com\/corporatiu\/wp-content\/uploads\/2016\/02\/portada-diariLH-0116.jpg",730,410,false],"1536x1536":["https:\/\/www.lafarga.com\/corporatiu\/wp-content\/uploads\/2016\/02\/portada-diariLH-0116.jpg",730,410,false],"2048x2048":["https:\/\/www.lafarga.com\/corporatiu\/wp-content\/uploads\/2016\/02\/portada-diariLH-0116.jpg",730,410,false],"mailpoet_newsletter_max":["https:\/\/www.lafarga.com\/corporatiu\/wp-content\/uploads\/2016\/02\/portada-diariLH-0116.jpg",730,410,false]},"uagb_author_info":{"display_name":"admfarga","author_link":"https:\/\/www.lafarga.com\/corporatiu\/author\/admfarga\/"},"uagb_comment_info":0,"uagb_excerpt":"L'aprovaci\u00f3 d'un pressupost de 224 milions amb l'accent en el benestar comunitari \u00e9s el principal tema de portada de l'edici\u00f3 308 del Diari de L'Hospitalet, que ha sortit aquest mes de gener-febrer.","_links":{"self":[{"href":"https:\/\/www.lafarga.com\/corporatiu\/wp-json\/wp\/v2\/posts\/6314","targetHints":{"allow":["GET"]}}],"collection":[{"href":"https:\/\/www.lafarga.com\/corporatiu\/wp-json\/wp\/v2\/posts"}],"about":[{"href":"https:\/\/www.lafarga.com\/corporatiu\/wp-json\/wp\/v2\/types\/post"}],"author":[{"embeddable":true,"href":"https:\/\/www.lafarga.com\/corporatiu\/wp-json\/wp\/v2\/users\/8"}],"replies":[{"embeddable":true,"href":"https:\/\/www.lafarga.com\/corporatiu\/wp-json\/wp\/v2\/comments?post=6314"}],"version-history":[{"count":4,"href":"https:\/\/www.lafarga.com\/corporatiu\/wp-json\/wp\/v2\/posts\/6314\/revisions"}],"predecessor-version":[{"id":6321,"href":"https:\/\/www.lafarga.com\/corporatiu\/wp-json\/wp\/v2\/posts\/6314\/revisions\/6321"}],"wp:featuredmedia":[{"embeddable":true,"href":"https:\/\/www.lafarga.com\/corporatiu\/wp-json\/wp\/v2\/media\/6315"}],"wp:attachment":[{"href":"https:\/\/www.lafarga.com\/corporatiu\/wp-json\/wp\/v2\/media?parent=6314"}],"wp:term":[{"taxonomy":"category","embeddable":true,"href":"https:\/\/www.lafarga.com\/corporatiu\/wp-json\/wp\/v2\/categories?post=6314"},{"taxonomy":"post_tag","embeddable":true,"href":"https:\/\/www.lafarga.com\/corporatiu\/wp-json\/wp\/v2\/tags?post=6314"}],"curies":[{"name":"wp","href":"https:\/\/api.w.org\/{rel}","templated":true}]}}