{"id":6272,"date":"2016-01-26T17:20:29","date_gmt":"2016-01-26T17:20:29","guid":{"rendered":"http:\/\/www.lafarga.com\/corporatiu\/?p=6272"},"modified":"2016-01-27T09:48:43","modified_gmt":"2016-01-27T09:48:43","slug":"el-mundo-del-cine-y-las-series-aterriza-en-la-farga-de-lhospitalet","status":"publish","type":"post","link":"https:\/\/www.lafarga.com\/corporatiu\/el-mundo-del-cine-y-las-series-aterriza-en-la-farga-de-lhospitalet\/","title":{"rendered":"El mundo del cine y las series aterriza en La Farga de L&#8217;Hospitalet"},"content":{"rendered":"<p>El impulso del primer Sal\u00f3n del Cine y las Series ya es una realidad, y todo empieza a estar a punto para que este viernes La Farga Centro de Actividades abra sus puertas, a un evento que todo el mundo coincide en que es una brillante idea para ser el punto de encuentro de todo lo relacionado con el mundo del cine y las series desde actores, directores, distribuidoras, productoras y p\u00fablico en general.<\/p>\n<p>Este martes se ha hecho la presentaci\u00f3n del Sal\u00f3n del Cine y las Series, que organizan conjuntamente <a href=\"http:\/\/cinemaworld.es\/\" target=\"_blank\">Cinemaworld<\/a> y La Farga de L&#8217;Hospitalet para iniciar la semana m\u00e1s cin\u00e9fila del a\u00f1o en L&#8217;Hospitalet.<\/p>\n<p>En este sentido el concejal de cultura de L&#8217;Hospitalet, <a href=\"https:\/\/twitter.com\/jaumegraells\" target=\"_blank\">Jaume Graells<\/a>, destac\u00f3 que este sal\u00f3n <em>&#8220;Es producto del empuje de gente muy emprendedora&#8221;<\/em>, para a\u00f1adir que <em>&#8220;Queremos que este sal\u00f3n empiece para quedarse en L&#8217;Hospitalet&#8221;<\/em>.<\/p>\n<p>Por su parte el director del Sal\u00f3n del Cine y las Series, \u00c0lex Murrull, se\u00f1al\u00f3 que este evento <em>&#8220;Debe ser el punto de encuentro de toda la industria del cine con el p\u00fablico en general, y lo hacemos para que todos se pueda sentirse c\u00f3modos&#8221;<\/em>. En el acto de presentaci\u00f3n tambi\u00e9n han asistido el actor <em><a href=\"https:\/\/es.wikipedia.org\/wiki\/%C3%80lex_Casanovas\" target=\"_blank\">\u00c0lex Casanovas<\/a><\/em>, <em>&#8220;Encantado de que surjan estas ideas&#8221;<\/em> al tiempo que ha recordado <em>&#8220;La significaci\u00f3n en los \u00faltimos tiempos de L&#8217;Hospitalet como ciudad cultural&#8221;<\/em>; y el director hospitalense <a href=\"https:\/\/twitter.com\/JuanCruzTuiter\" target=\"_blank\">Juan Cruz<\/a> que se ha mostrado satisfecho: <em>&#8220;Me gusta que este sal\u00f3n se lleve a cabo en mi ciudad&#8221;<\/em>.<\/p>\n<p>Por \u00faltimo tambi\u00e9n ha intervenido el teniente de alcalde de Promoci\u00f3n Econ\u00f3mica y Empleo de L&#8217;Hospitalet y presidente de La Farga, Gesti\u00f3n de Equipamientos Municipales, Jos\u00e9 Mar\u00eda Garc\u00eda Mompel quien destac\u00f3 tres puntos importantes en torno a este sal\u00f3n: <em>&#8220;Apostamos por la cultura, hecho importante para esta ciudad para acabar de trabar los barrios&#8221;<\/em>; <em>&#8220;Que La Farga sea tambi\u00e9n uno de los grandes escenarios de los grandes proyectos de ciudad como es el Distrito Cultural&#8221;<\/em> y el \u00faltimo punto <em>&#8220;Tambi\u00e9n lo hacemos por un factor econ\u00f3mico, tanto para la industria cultural como para la propia sociedad de La Farga GEM, SA en su apuesta de hacer crecer el Centro de Actividades y situarlo como centro de referencia de espacios para multidisciplinares&#8221;<\/em>.<\/p>\n<p>El Sal\u00f3n del Cine y las Series contar\u00e1 con la presencia de cerca de 75 expositores entre empresas y asociaciones relacionadas con el sector: tiendas especializadas, escuelas de cine, distribuidoras, plataformas online de cine y series, empresas tecnol\u00f3gicas, entidades sin \u00e1nimo de lucro, entre otros.<\/p>\n<p>Durante los tres d\u00edas de sal\u00f3n habr\u00e1 numerosas actividades previstas entre conferencias, charlas, exposiciones, proyecciones y espacios de participaci\u00f3n, como la jornada de <a href=\"https:\/\/www.lafarga.com\/corporatiu\/gran-foro-de-debate-en-el-salon-del-cine-y-las-series\/\" target=\"_blank\">Mesas Redondas<\/a> protagonizadas por reconocidos actores, guionistas y directores.<\/p>\n","protected":false},"excerpt":{"rendered":"<p>El impulso del primer Sal\u00f3n del Cine y las Series ya es una realidad, y todo empieza a estar a punto para que este viernes La Farga Centro de Actividades abra sus puertas.<\/p>\n","protected":false},"author":8,"featured_media":6270,"comment_status":"closed","ping_status":"closed","sticky":false,"template":"","format":"standard","meta":{"inline_featured_image":false,"_uag_custom_page_level_css":"","_monsterinsights_skip_tracking":false,"_monsterinsights_sitenote_active":false,"_monsterinsights_sitenote_note":"","_monsterinsights_sitenote_category":0,"site-sidebar-layout":"default","site-content-layout":"","ast-site-content-layout":"default","site-content-style":"default","site-sidebar-style":"default","ast-global-header-display":"","ast-banner-title-visibility":"","ast-main-header-display":"","ast-hfb-above-header-display":"","ast-hfb-below-header-display":"","ast-hfb-mobile-header-display":"","site-post-title":"","ast-breadcrumbs-content":"","ast-featured-img":"","footer-sml-layout":"","ast-disable-related-posts":"","theme-transparent-header-meta":"","adv-header-id-meta":"","stick-header-meta":"","header-above-stick-meta":"","header-main-stick-meta":"","header-below-stick-meta":"","astra-migrate-meta-layouts":"default","ast-page-background-enabled":"default","ast-page-background-meta":{"desktop":{"background-color":"var(--ast-global-color-4)","background-image":"","background-repeat":"repeat","background-position":"center center","background-size":"auto","background-attachment":"scroll","background-type":"","background-media":"","overlay-type":"","overlay-color":"","overlay-opacity":"","overlay-gradient":""},"tablet":{"background-color":"","background-image":"","background-repeat":"repeat","background-position":"center center","background-size":"auto","background-attachment":"scroll","background-type":"","background-media":"","overlay-type":"","overlay-color":"","overlay-opacity":"","overlay-gradient":""},"mobile":{"background-color":"","background-image":"","background-repeat":"repeat","background-position":"center center","background-size":"auto","background-attachment":"scroll","background-type":"","background-media":"","overlay-type":"","overlay-color":"","overlay-opacity":"","overlay-gradient":""}},"ast-content-background-meta":{"desktop":{"background-color":"var(--ast-global-color-5)","background-image":"","background-repeat":"repeat","background-position":"center center","background-size":"auto","background-attachment":"scroll","background-type":"","background-media":"","overlay-type":"","overlay-color":"","overlay-opacity":"","overlay-gradient":""},"tablet":{"background-color":"var(--ast-global-color-5)","background-image":"","background-repeat":"repeat","background-position":"center center","background-size":"auto","background-attachment":"scroll","background-type":"","background-media":"","overlay-type":"","overlay-color":"","overlay-opacity":"","overlay-gradient":""},"mobile":{"background-color":"var(--ast-global-color-5)","background-image":"","background-repeat":"repeat","background-position":"center center","background-size":"auto","background-attachment":"scroll","background-type":"","background-media":"","overlay-type":"","overlay-color":"","overlay-opacity":"","overlay-gradient":""}},"footnotes":""},"categories":[73],"tags":[],"class_list":["post-6272","post","type-post","status-publish","format-standard","has-post-thumbnail","hentry","category-centro-de-actividades"],"yoast_head":"<!-- This site is optimized with the Yoast SEO plugin v27.4 - https:\/\/yoast.com\/product\/yoast-seo-wordpress\/ -->\n<title>El mundo del cine y las series aterriza en La Farga de L&#039;Hospitalet - La Farga Gesti\u00f3n de Equipamientos Municipales, S.A.<\/title>\n<meta name=\"description\" content=\"L\u2019impuls del primer Sal\u00f3 del Cinema i les S\u00e8ries ja \u00e9s una realitat, i tot comen\u00e7a a estar a punt per obrir aquest divendres a La Farga de L&#039;Hospitalet.\" \/>\n<meta name=\"robots\" content=\"index, follow, max-snippet:-1, max-image-preview:large, max-video-preview:-1\" \/>\n<link rel=\"canonical\" href=\"https:\/\/www.lafarga.com\/corporatiu\/el-mundo-del-cine-y-las-series-aterriza-en-la-farga-de-lhospitalet\/\" \/>\n<meta property=\"og:locale\" content=\"ca_ES\" \/>\n<meta property=\"og:type\" content=\"article\" \/>\n<meta property=\"og:title\" content=\"El mundo del cine y las series aterriza en La Farga de L&#039;Hospitalet - La Farga Gesti\u00f3n de Equipamientos Municipales, S.A.\" \/>\n<meta property=\"og:description\" content=\"L\u2019impuls del primer Sal\u00f3 del Cinema i les S\u00e8ries ja \u00e9s una realitat, i tot comen\u00e7a a estar a punt per obrir aquest divendres a La Farga de L&#039;Hospitalet.\" \/>\n<meta property=\"og:url\" content=\"https:\/\/www.lafarga.com\/corporatiu\/el-mundo-del-cine-y-las-series-aterriza-en-la-farga-de-lhospitalet\/\" \/>\n<meta property=\"og:site_name\" content=\"La Farga Gesti\u00f3n de Equipamientos Municipales, S.A.\" \/>\n<meta property=\"article:published_time\" content=\"2016-01-26T17:20:29+00:00\" \/>\n<meta property=\"article:modified_time\" content=\"2016-01-27T09:48:43+00:00\" \/>\n<meta property=\"og:image\" content=\"https:\/\/www.lafarga.com\/corporatiu\/wp-content\/uploads\/2016\/01\/rodapremsa-salocine-farga.jpg\" \/>\n\t<meta property=\"og:image:width\" content=\"730\" \/>\n\t<meta property=\"og:image:height\" content=\"410\" \/>\n\t<meta property=\"og:image:type\" content=\"image\/jpeg\" \/>\n<meta name=\"author\" content=\"admfarga\" \/>\n<meta name=\"twitter:label1\" content=\"Escrit per\" \/>\n\t<meta name=\"twitter:data1\" content=\"admfarga\" \/>\n\t<meta name=\"twitter:label2\" content=\"Temps estimat de lectura\" \/>\n\t<meta name=\"twitter:data2\" content=\"2 minuts\" \/>\n<script type=\"application\/ld+json\" class=\"yoast-schema-graph\">{\"@context\":\"https:\\\/\\\/schema.org\",\"@graph\":[{\"@type\":\"Article\",\"@id\":\"https:\\\/\\\/www.lafarga.com\\\/corporatiu\\\/el-mundo-del-cine-y-las-series-aterriza-en-la-farga-de-lhospitalet\\\/#article\",\"isPartOf\":{\"@id\":\"https:\\\/\\\/www.lafarga.com\\\/corporatiu\\\/el-mundo-del-cine-y-las-series-aterriza-en-la-farga-de-lhospitalet\\\/\"},\"author\":{\"name\":\"admfarga\",\"@id\":\"https:\\\/\\\/www.lafarga.com\\\/corporatiu\\\/#\\\/schema\\\/person\\\/0ad4bc37b46f53e6b85ad51c2ac2d685\"},\"headline\":\"El mundo del cine y las series aterriza en La Farga de L&#8217;Hospitalet\",\"datePublished\":\"2016-01-26T17:20:29+00:00\",\"dateModified\":\"2016-01-27T09:48:43+00:00\",\"mainEntityOfPage\":{\"@id\":\"https:\\\/\\\/www.lafarga.com\\\/corporatiu\\\/el-mundo-del-cine-y-las-series-aterriza-en-la-farga-de-lhospitalet\\\/\"},\"wordCount\":494,\"publisher\":{\"@id\":\"https:\\\/\\\/www.lafarga.com\\\/corporatiu\\\/#organization\"},\"image\":{\"@id\":\"https:\\\/\\\/www.lafarga.com\\\/corporatiu\\\/el-mundo-del-cine-y-las-series-aterriza-en-la-farga-de-lhospitalet\\\/#primaryimage\"},\"thumbnailUrl\":\"https:\\\/\\\/www.lafarga.com\\\/corporatiu\\\/wp-content\\\/uploads\\\/2016\\\/01\\\/rodapremsa-salocine-farga.jpg\",\"articleSection\":[\"Centro de Actividades\"],\"inLanguage\":\"ca\"},{\"@type\":\"WebPage\",\"@id\":\"https:\\\/\\\/www.lafarga.com\\\/corporatiu\\\/el-mundo-del-cine-y-las-series-aterriza-en-la-farga-de-lhospitalet\\\/\",\"url\":\"https:\\\/\\\/www.lafarga.com\\\/corporatiu\\\/el-mundo-del-cine-y-las-series-aterriza-en-la-farga-de-lhospitalet\\\/\",\"name\":\"El mundo del cine y las series aterriza en La Farga de L'Hospitalet - La Farga Gesti\u00f3n de Equipamientos Municipales, S.A.\",\"isPartOf\":{\"@id\":\"https:\\\/\\\/www.lafarga.com\\\/corporatiu\\\/#website\"},\"primaryImageOfPage\":{\"@id\":\"https:\\\/\\\/www.lafarga.com\\\/corporatiu\\\/el-mundo-del-cine-y-las-series-aterriza-en-la-farga-de-lhospitalet\\\/#primaryimage\"},\"image\":{\"@id\":\"https:\\\/\\\/www.lafarga.com\\\/corporatiu\\\/el-mundo-del-cine-y-las-series-aterriza-en-la-farga-de-lhospitalet\\\/#primaryimage\"},\"thumbnailUrl\":\"https:\\\/\\\/www.lafarga.com\\\/corporatiu\\\/wp-content\\\/uploads\\\/2016\\\/01\\\/rodapremsa-salocine-farga.jpg\",\"datePublished\":\"2016-01-26T17:20:29+00:00\",\"dateModified\":\"2016-01-27T09:48:43+00:00\",\"description\":\"L\u2019impuls del primer Sal\u00f3 del Cinema i les S\u00e8ries ja \u00e9s una realitat, i tot comen\u00e7a a estar a punt per obrir aquest divendres a La Farga de L'Hospitalet.\",\"breadcrumb\":{\"@id\":\"https:\\\/\\\/www.lafarga.com\\\/corporatiu\\\/el-mundo-del-cine-y-las-series-aterriza-en-la-farga-de-lhospitalet\\\/#breadcrumb\"},\"inLanguage\":\"ca\",\"potentialAction\":[{\"@type\":\"ReadAction\",\"target\":[\"https:\\\/\\\/www.lafarga.com\\\/corporatiu\\\/el-mundo-del-cine-y-las-series-aterriza-en-la-farga-de-lhospitalet\\\/\"]}]},{\"@type\":\"ImageObject\",\"inLanguage\":\"ca\",\"@id\":\"https:\\\/\\\/www.lafarga.com\\\/corporatiu\\\/el-mundo-del-cine-y-las-series-aterriza-en-la-farga-de-lhospitalet\\\/#primaryimage\",\"url\":\"https:\\\/\\\/www.lafarga.com\\\/corporatiu\\\/wp-content\\\/uploads\\\/2016\\\/01\\\/rodapremsa-salocine-farga.jpg\",\"contentUrl\":\"https:\\\/\\\/www.lafarga.com\\\/corporatiu\\\/wp-content\\\/uploads\\\/2016\\\/01\\\/rodapremsa-salocine-farga.jpg\",\"width\":730,\"height\":410},{\"@type\":\"BreadcrumbList\",\"@id\":\"https:\\\/\\\/www.lafarga.com\\\/corporatiu\\\/el-mundo-del-cine-y-las-series-aterriza-en-la-farga-de-lhospitalet\\\/#breadcrumb\",\"itemListElement\":[{\"@type\":\"ListItem\",\"position\":1,\"name\":\"Home\",\"item\":\"https:\\\/\\\/www.lafarga.com\\\/corporatiu\\\/lafarga-hospitalet-llobregat\\\/\"},{\"@type\":\"ListItem\",\"position\":2,\"name\":\"El mundo del cine y las series aterriza en La Farga de L&#8217;Hospitalet\"}]},{\"@type\":\"WebSite\",\"@id\":\"https:\\\/\\\/www.lafarga.com\\\/corporatiu\\\/#website\",\"url\":\"https:\\\/\\\/www.lafarga.com\\\/corporatiu\\\/\",\"name\":\"La Farga Gesti\u00f3 d&#039;Equipaments Municipals, SA\",\"description\":\"\",\"publisher\":{\"@id\":\"https:\\\/\\\/www.lafarga.com\\\/corporatiu\\\/#organization\"},\"potentialAction\":[{\"@type\":\"SearchAction\",\"target\":{\"@type\":\"EntryPoint\",\"urlTemplate\":\"https:\\\/\\\/www.lafarga.com\\\/corporatiu\\\/?s={search_term_string}\"},\"query-input\":{\"@type\":\"PropertyValueSpecification\",\"valueRequired\":true,\"valueName\":\"search_term_string\"}}],\"inLanguage\":\"ca\"},{\"@type\":\"Organization\",\"@id\":\"https:\\\/\\\/www.lafarga.com\\\/corporatiu\\\/#organization\",\"name\":\"La Farga Gesti\u00f3 d&#039;Equipaments Municipals, SA\",\"url\":\"https:\\\/\\\/www.lafarga.com\\\/corporatiu\\\/\",\"logo\":{\"@type\":\"ImageObject\",\"inLanguage\":\"ca\",\"@id\":\"https:\\\/\\\/www.lafarga.com\\\/corporatiu\\\/#\\\/schema\\\/logo\\\/image\\\/\",\"url\":\"https:\\\/\\\/www.lafarga.com\\\/corporatiu\\\/wp-content\\\/uploads\\\/2023\\\/11\\\/logotipo_lafarga_gemsa.svg\",\"contentUrl\":\"https:\\\/\\\/www.lafarga.com\\\/corporatiu\\\/wp-content\\\/uploads\\\/2023\\\/11\\\/logotipo_lafarga_gemsa.svg\",\"width\":102,\"height\":103,\"caption\":\"La Farga Gesti\u00f3 d&#039;Equipaments Municipals, SA\"},\"image\":{\"@id\":\"https:\\\/\\\/www.lafarga.com\\\/corporatiu\\\/#\\\/schema\\\/logo\\\/image\\\/\"}},{\"@type\":\"Person\",\"@id\":\"https:\\\/\\\/www.lafarga.com\\\/corporatiu\\\/#\\\/schema\\\/person\\\/0ad4bc37b46f53e6b85ad51c2ac2d685\",\"name\":\"admfarga\",\"image\":{\"@type\":\"ImageObject\",\"inLanguage\":\"ca\",\"@id\":\"https:\\\/\\\/secure.gravatar.com\\\/avatar\\\/2a2db0975754ce87d41cab8623874e9e5ef5d0add52244aba02a09775feab5cb?s=96&d=mm&r=g\",\"url\":\"https:\\\/\\\/secure.gravatar.com\\\/avatar\\\/2a2db0975754ce87d41cab8623874e9e5ef5d0add52244aba02a09775feab5cb?s=96&d=mm&r=g\",\"contentUrl\":\"https:\\\/\\\/secure.gravatar.com\\\/avatar\\\/2a2db0975754ce87d41cab8623874e9e5ef5d0add52244aba02a09775feab5cb?s=96&d=mm&r=g\",\"caption\":\"admfarga\"},\"url\":\"https:\\\/\\\/www.lafarga.com\\\/corporatiu\\\/author\\\/admfarga\\\/\"}]}<\/script>\n<!-- \/ Yoast SEO plugin. -->","yoast_head_json":{"title":"El mundo del cine y las series aterriza en La Farga de L'Hospitalet - La Farga Gesti\u00f3n de Equipamientos Municipales, S.A.","description":"L\u2019impuls del primer Sal\u00f3 del Cinema i les S\u00e8ries ja \u00e9s una realitat, i tot comen\u00e7a a estar a punt per obrir aquest divendres a La Farga de L'Hospitalet.","robots":{"index":"index","follow":"follow","max-snippet":"max-snippet:-1","max-image-preview":"max-image-preview:large","max-video-preview":"max-video-preview:-1"},"canonical":"https:\/\/www.lafarga.com\/corporatiu\/el-mundo-del-cine-y-las-series-aterriza-en-la-farga-de-lhospitalet\/","og_locale":"ca_ES","og_type":"article","og_title":"El mundo del cine y las series aterriza en La Farga de L'Hospitalet - La Farga Gesti\u00f3n de Equipamientos Municipales, S.A.","og_description":"L\u2019impuls del primer Sal\u00f3 del Cinema i les S\u00e8ries ja \u00e9s una realitat, i tot comen\u00e7a a estar a punt per obrir aquest divendres a La Farga de L'Hospitalet.","og_url":"https:\/\/www.lafarga.com\/corporatiu\/el-mundo-del-cine-y-las-series-aterriza-en-la-farga-de-lhospitalet\/","og_site_name":"La Farga Gesti\u00f3n de Equipamientos Municipales, S.A.","article_published_time":"2016-01-26T17:20:29+00:00","article_modified_time":"2016-01-27T09:48:43+00:00","og_image":[{"width":730,"height":410,"url":"https:\/\/www.lafarga.com\/corporatiu\/wp-content\/uploads\/2016\/01\/rodapremsa-salocine-farga.jpg","type":"image\/jpeg"}],"author":"admfarga","twitter_misc":{"Escrit per":"admfarga","Temps estimat de lectura":"2 minuts"},"schema":{"@context":"https:\/\/schema.org","@graph":[{"@type":"Article","@id":"https:\/\/www.lafarga.com\/corporatiu\/el-mundo-del-cine-y-las-series-aterriza-en-la-farga-de-lhospitalet\/#article","isPartOf":{"@id":"https:\/\/www.lafarga.com\/corporatiu\/el-mundo-del-cine-y-las-series-aterriza-en-la-farga-de-lhospitalet\/"},"author":{"name":"admfarga","@id":"https:\/\/www.lafarga.com\/corporatiu\/#\/schema\/person\/0ad4bc37b46f53e6b85ad51c2ac2d685"},"headline":"El mundo del cine y las series aterriza en La Farga de L&#8217;Hospitalet","datePublished":"2016-01-26T17:20:29+00:00","dateModified":"2016-01-27T09:48:43+00:00","mainEntityOfPage":{"@id":"https:\/\/www.lafarga.com\/corporatiu\/el-mundo-del-cine-y-las-series-aterriza-en-la-farga-de-lhospitalet\/"},"wordCount":494,"publisher":{"@id":"https:\/\/www.lafarga.com\/corporatiu\/#organization"},"image":{"@id":"https:\/\/www.lafarga.com\/corporatiu\/el-mundo-del-cine-y-las-series-aterriza-en-la-farga-de-lhospitalet\/#primaryimage"},"thumbnailUrl":"https:\/\/www.lafarga.com\/corporatiu\/wp-content\/uploads\/2016\/01\/rodapremsa-salocine-farga.jpg","articleSection":["Centro de Actividades"],"inLanguage":"ca"},{"@type":"WebPage","@id":"https:\/\/www.lafarga.com\/corporatiu\/el-mundo-del-cine-y-las-series-aterriza-en-la-farga-de-lhospitalet\/","url":"https:\/\/www.lafarga.com\/corporatiu\/el-mundo-del-cine-y-las-series-aterriza-en-la-farga-de-lhospitalet\/","name":"El mundo del cine y las series aterriza en La Farga de L'Hospitalet - La Farga Gesti\u00f3n de Equipamientos Municipales, S.A.","isPartOf":{"@id":"https:\/\/www.lafarga.com\/corporatiu\/#website"},"primaryImageOfPage":{"@id":"https:\/\/www.lafarga.com\/corporatiu\/el-mundo-del-cine-y-las-series-aterriza-en-la-farga-de-lhospitalet\/#primaryimage"},"image":{"@id":"https:\/\/www.lafarga.com\/corporatiu\/el-mundo-del-cine-y-las-series-aterriza-en-la-farga-de-lhospitalet\/#primaryimage"},"thumbnailUrl":"https:\/\/www.lafarga.com\/corporatiu\/wp-content\/uploads\/2016\/01\/rodapremsa-salocine-farga.jpg","datePublished":"2016-01-26T17:20:29+00:00","dateModified":"2016-01-27T09:48:43+00:00","description":"L\u2019impuls del primer Sal\u00f3 del Cinema i les S\u00e8ries ja \u00e9s una realitat, i tot comen\u00e7a a estar a punt per obrir aquest divendres a La Farga de L'Hospitalet.","breadcrumb":{"@id":"https:\/\/www.lafarga.com\/corporatiu\/el-mundo-del-cine-y-las-series-aterriza-en-la-farga-de-lhospitalet\/#breadcrumb"},"inLanguage":"ca","potentialAction":[{"@type":"ReadAction","target":["https:\/\/www.lafarga.com\/corporatiu\/el-mundo-del-cine-y-las-series-aterriza-en-la-farga-de-lhospitalet\/"]}]},{"@type":"ImageObject","inLanguage":"ca","@id":"https:\/\/www.lafarga.com\/corporatiu\/el-mundo-del-cine-y-las-series-aterriza-en-la-farga-de-lhospitalet\/#primaryimage","url":"https:\/\/www.lafarga.com\/corporatiu\/wp-content\/uploads\/2016\/01\/rodapremsa-salocine-farga.jpg","contentUrl":"https:\/\/www.lafarga.com\/corporatiu\/wp-content\/uploads\/2016\/01\/rodapremsa-salocine-farga.jpg","width":730,"height":410},{"@type":"BreadcrumbList","@id":"https:\/\/www.lafarga.com\/corporatiu\/el-mundo-del-cine-y-las-series-aterriza-en-la-farga-de-lhospitalet\/#breadcrumb","itemListElement":[{"@type":"ListItem","position":1,"name":"Home","item":"https:\/\/www.lafarga.com\/corporatiu\/lafarga-hospitalet-llobregat\/"},{"@type":"ListItem","position":2,"name":"El mundo del cine y las series aterriza en La Farga de L&#8217;Hospitalet"}]},{"@type":"WebSite","@id":"https:\/\/www.lafarga.com\/corporatiu\/#website","url":"https:\/\/www.lafarga.com\/corporatiu\/","name":"La Farga Gesti\u00f3 d&#039;Equipaments Municipals, SA","description":"","publisher":{"@id":"https:\/\/www.lafarga.com\/corporatiu\/#organization"},"potentialAction":[{"@type":"SearchAction","target":{"@type":"EntryPoint","urlTemplate":"https:\/\/www.lafarga.com\/corporatiu\/?s={search_term_string}"},"query-input":{"@type":"PropertyValueSpecification","valueRequired":true,"valueName":"search_term_string"}}],"inLanguage":"ca"},{"@type":"Organization","@id":"https:\/\/www.lafarga.com\/corporatiu\/#organization","name":"La Farga Gesti\u00f3 d&#039;Equipaments Municipals, SA","url":"https:\/\/www.lafarga.com\/corporatiu\/","logo":{"@type":"ImageObject","inLanguage":"ca","@id":"https:\/\/www.lafarga.com\/corporatiu\/#\/schema\/logo\/image\/","url":"https:\/\/www.lafarga.com\/corporatiu\/wp-content\/uploads\/2023\/11\/logotipo_lafarga_gemsa.svg","contentUrl":"https:\/\/www.lafarga.com\/corporatiu\/wp-content\/uploads\/2023\/11\/logotipo_lafarga_gemsa.svg","width":102,"height":103,"caption":"La Farga Gesti\u00f3 d&#039;Equipaments Municipals, SA"},"image":{"@id":"https:\/\/www.lafarga.com\/corporatiu\/#\/schema\/logo\/image\/"}},{"@type":"Person","@id":"https:\/\/www.lafarga.com\/corporatiu\/#\/schema\/person\/0ad4bc37b46f53e6b85ad51c2ac2d685","name":"admfarga","image":{"@type":"ImageObject","inLanguage":"ca","@id":"https:\/\/secure.gravatar.com\/avatar\/2a2db0975754ce87d41cab8623874e9e5ef5d0add52244aba02a09775feab5cb?s=96&d=mm&r=g","url":"https:\/\/secure.gravatar.com\/avatar\/2a2db0975754ce87d41cab8623874e9e5ef5d0add52244aba02a09775feab5cb?s=96&d=mm&r=g","contentUrl":"https:\/\/secure.gravatar.com\/avatar\/2a2db0975754ce87d41cab8623874e9e5ef5d0add52244aba02a09775feab5cb?s=96&d=mm&r=g","caption":"admfarga"},"url":"https:\/\/www.lafarga.com\/corporatiu\/author\/admfarga\/"}]}},"uagb_featured_image_src":{"full":["https:\/\/www.lafarga.com\/corporatiu\/wp-content\/uploads\/2016\/01\/rodapremsa-salocine-farga.jpg",730,410,false],"thumbnail":["https:\/\/www.lafarga.com\/corporatiu\/wp-content\/uploads\/2016\/01\/rodapremsa-salocine-farga-150x150.jpg",150,150,true],"medium":["https:\/\/www.lafarga.com\/corporatiu\/wp-content\/uploads\/2016\/01\/rodapremsa-salocine-farga-300x168.jpg",300,168,true],"medium_large":["https:\/\/www.lafarga.com\/corporatiu\/wp-content\/uploads\/2016\/01\/rodapremsa-salocine-farga.jpg",730,410,false],"large":["https:\/\/www.lafarga.com\/corporatiu\/wp-content\/uploads\/2016\/01\/rodapremsa-salocine-farga.jpg",730,410,false],"1536x1536":["https:\/\/www.lafarga.com\/corporatiu\/wp-content\/uploads\/2016\/01\/rodapremsa-salocine-farga.jpg",730,410,false],"2048x2048":["https:\/\/www.lafarga.com\/corporatiu\/wp-content\/uploads\/2016\/01\/rodapremsa-salocine-farga.jpg",730,410,false],"mailpoet_newsletter_max":["https:\/\/www.lafarga.com\/corporatiu\/wp-content\/uploads\/2016\/01\/rodapremsa-salocine-farga.jpg",730,410,false]},"uagb_author_info":{"display_name":"admfarga","author_link":"https:\/\/www.lafarga.com\/corporatiu\/author\/admfarga\/"},"uagb_comment_info":0,"uagb_excerpt":"El impulso del primer Sal\u00f3n del Cine y las Series ya es una realidad, y todo empieza a estar a punto para que este viernes La Farga Centro de Actividades abra sus puertas.","_links":{"self":[{"href":"https:\/\/www.lafarga.com\/corporatiu\/wp-json\/wp\/v2\/posts\/6272","targetHints":{"allow":["GET"]}}],"collection":[{"href":"https:\/\/www.lafarga.com\/corporatiu\/wp-json\/wp\/v2\/posts"}],"about":[{"href":"https:\/\/www.lafarga.com\/corporatiu\/wp-json\/wp\/v2\/types\/post"}],"author":[{"embeddable":true,"href":"https:\/\/www.lafarga.com\/corporatiu\/wp-json\/wp\/v2\/users\/8"}],"replies":[{"embeddable":true,"href":"https:\/\/www.lafarga.com\/corporatiu\/wp-json\/wp\/v2\/comments?post=6272"}],"version-history":[{"count":3,"href":"https:\/\/www.lafarga.com\/corporatiu\/wp-json\/wp\/v2\/posts\/6272\/revisions"}],"predecessor-version":[{"id":6279,"href":"https:\/\/www.lafarga.com\/corporatiu\/wp-json\/wp\/v2\/posts\/6272\/revisions\/6279"}],"wp:featuredmedia":[{"embeddable":true,"href":"https:\/\/www.lafarga.com\/corporatiu\/wp-json\/wp\/v2\/media\/6270"}],"wp:attachment":[{"href":"https:\/\/www.lafarga.com\/corporatiu\/wp-json\/wp\/v2\/media?parent=6272"}],"wp:term":[{"taxonomy":"category","embeddable":true,"href":"https:\/\/www.lafarga.com\/corporatiu\/wp-json\/wp\/v2\/categories?post=6272"},{"taxonomy":"post_tag","embeddable":true,"href":"https:\/\/www.lafarga.com\/corporatiu\/wp-json\/wp\/v2\/tags?post=6272"}],"curies":[{"name":"wp","href":"https:\/\/api.w.org\/{rel}","templated":true}]}}