{"id":6269,"date":"2016-01-26T17:07:02","date_gmt":"2016-01-26T17:07:02","guid":{"rendered":"http:\/\/www.lafarga.com\/corporatiu\/?p=6269"},"modified":"2016-01-27T09:49:24","modified_gmt":"2016-01-27T09:49:24","slug":"el-mon-del-cinema-i-les-series-aterra-a-la-farga-de-lhospitalet","status":"publish","type":"post","link":"https:\/\/www.lafarga.com\/corporatiu\/el-mon-del-cinema-i-les-series-aterra-a-la-farga-de-lhospitalet\/","title":{"rendered":"El m\u00f3n del cinema i les s\u00e8ries aterra a La Farga de L&#8217;Hospitalet"},"content":{"rendered":"<p>L\u2019impuls del primer Sal\u00f3 del Cinema i les S\u00e8ries ja \u00e9s una realitat, i tot comen\u00e7a a estar a punt perqu\u00e8 aquest divendres La Farga Centre d\u2019Activitats obri les seves portes, a un esdeveniment que tothom coincideix que \u00e9s una brillant idea per ser el punt de trobada de tot all\u00f2 relacionat amb el m\u00f3n del cinema i les s\u00e8ries des d\u2019actors, directors, distribu\u00efdores, productores i p\u00fablic en general.<\/p>\n<p>Aquest dimarts s\u2019ha fet la presentaci\u00f3 del Sal\u00f3 del Cinema i les S\u00e8ries, que organitzen conjuntament <a href=\"http:\/\/cinemaworld.es\/\" target=\"_blank\">Cinemaworld<\/a> i La Farga de L\u2019Hospitalet per encetar la setmana m\u00e9s cin\u00e8fila de l\u2019any a L\u2019Hospitalet.<\/p>\n<p>En aquest sentit el regidor de cultura de L\u2019Hospitalet, <a href=\"https:\/\/twitter.com\/jaumegraells\" target=\"_blank\">Jaume Graells<\/a>, ha destacat que aquest sal\u00f3 <em>\u201c\u00c9s producte de l\u2019empenta de gent molt emprenedora\u201d, per afegir que \u201cVolem que aquest sal\u00f3 comenci per quedar-se a L\u2019Hospitalet\u201d<\/em>.<\/p>\n<p>Per la seva banda el director del Sal\u00f3 del Cinema i les S\u00e8ries, \u00c0lex Murrull, ha assenyalat que aquest esdeveniment <em>\u201cHa de ser el punt de trobada de tota la ind\u00fastria del cinema amb el p\u00fablic en general, i ho fem perqu\u00e8 tothom es pugui sentir-se c\u00f2mode\u201d<\/em>. En l\u2019acte de presentaci\u00f3 tamb\u00e9 han assistit l\u2019actor <a href=\"https:\/\/ca.wikipedia.org\/wiki\/%C3%80lex_Casanovas\" target=\"_blank\">\u00c0lex Casanovas<\/a>, \u201c<em>Encantat que sorgeixin aquestes idees<\/em>\u201d al mateix temps que ha recordat \u201c<em>La significaci\u00f3 en els darrers temps de L\u2019Hospitalet com a ciutat cultural<\/em>\u201d; i el director hospitalenc <a href=\"https:\/\/twitter.com\/JuanCruzTuiter\" target=\"_blank\">Juan Cruz<\/a> que s\u2019ha mostrat satisfet: \u201c<em>M\u2019agrada que aquest sal\u00f3 es porti a terme a la meva ciutat<\/em>\u201d.<\/p>\n<p>Per \u00faltim tamb\u00e9 ha intervingut el tinent d\u2019alcalde de Promoci\u00f3 Econ\u00f2mica i Ocupaci\u00f3 de L\u2019Hospitalet i president de La Farga, Gesti\u00f3 d\u2019Equipaments Municipals, Jos\u00e9 Mar\u00eda Garc\u00eda Mompel qui ha destacat tres punts importants al voltant d\u2019aquest sal\u00f3: <em>\u201cApostem per la cultura, fet important per a aquesta ciutat per acabar de travar els barris\u201d; \u201cQue La Farga sigui tamb\u00e9 un dels grans escenaris dels grans projectes de ciutat com \u00e9s el Districte Cultural\u201d<\/em> i el darrer punt <em>\u201cTamb\u00e9 ho fem per un factor econ\u00f2mic, tant per a la ind\u00fastria cultural com per a la pr\u00f2pia societat de La Farga GEM, S.A. en la seva aposta de fer cr\u00e9ixer el Centre d\u2019Activitats i situar-lo com a centre de refer\u00e8ncia d\u2019espais per multidisciplinars\u201d<\/em>.<\/p>\n<p>El Sal\u00f3 del Cinema i les S\u00e8ries comptar\u00e0 amb la pres\u00e8ncia de prop de 75 expositors entre empreses i associacions relacionades amb el sector: botigues especialitzades, escoles de cinema, distribu\u00efdores, plataformes online de cinema i s\u00e8ries, empreses tecnol\u00f2giques, entitats sense \u00e0nims de lucre, entre d\u2019altres.<\/p>\n<p>Durant els tres dies de sal\u00f3 hi haur\u00e0 nombroses activitats previstes entre confer\u00e8ncies, xerrades, exposicions, projeccions i espais de participaci\u00f3, com la jornada de <a href=\"https:\/\/www.lafarga.com\/corporatiu\/gran-forum-de-debat-al-salo-del-cinema-i-les-series\/\" target=\"_blank\">Taules Rodones<\/a> protagonitzades per reconeguts actors, guionistes i directors.<\/p>\n","protected":false},"excerpt":{"rendered":"<p>L\u2019impuls del primer Sal\u00f3 del Cinema i les S\u00e8ries ja \u00e9s una realitat, i tot comen\u00e7a a estar a punt perqu\u00e8 aquest divendres La Farga Centre d\u2019Activitats obri les seves portes.<\/p>\n","protected":false},"author":8,"featured_media":6270,"comment_status":"closed","ping_status":"closed","sticky":false,"template":"","format":"standard","meta":{"inline_featured_image":false,"_uag_custom_page_level_css":"","_monsterinsights_skip_tracking":false,"_monsterinsights_sitenote_active":false,"_monsterinsights_sitenote_note":"","_monsterinsights_sitenote_category":0,"site-sidebar-layout":"default","site-content-layout":"","ast-site-content-layout":"default","site-content-style":"default","site-sidebar-style":"default","ast-global-header-display":"","ast-banner-title-visibility":"","ast-main-header-display":"","ast-hfb-above-header-display":"","ast-hfb-below-header-display":"","ast-hfb-mobile-header-display":"","site-post-title":"","ast-breadcrumbs-content":"","ast-featured-img":"","footer-sml-layout":"","ast-disable-related-posts":"","theme-transparent-header-meta":"","adv-header-id-meta":"","stick-header-meta":"","header-above-stick-meta":"","header-main-stick-meta":"","header-below-stick-meta":"","astra-migrate-meta-layouts":"default","ast-page-background-enabled":"default","ast-page-background-meta":{"desktop":{"background-color":"var(--ast-global-color-4)","background-image":"","background-repeat":"repeat","background-position":"center center","background-size":"auto","background-attachment":"scroll","background-type":"","background-media":"","overlay-type":"","overlay-color":"","overlay-opacity":"","overlay-gradient":""},"tablet":{"background-color":"","background-image":"","background-repeat":"repeat","background-position":"center center","background-size":"auto","background-attachment":"scroll","background-type":"","background-media":"","overlay-type":"","overlay-color":"","overlay-opacity":"","overlay-gradient":""},"mobile":{"background-color":"","background-image":"","background-repeat":"repeat","background-position":"center center","background-size":"auto","background-attachment":"scroll","background-type":"","background-media":"","overlay-type":"","overlay-color":"","overlay-opacity":"","overlay-gradient":""}},"ast-content-background-meta":{"desktop":{"background-color":"var(--ast-global-color-5)","background-image":"","background-repeat":"repeat","background-position":"center center","background-size":"auto","background-attachment":"scroll","background-type":"","background-media":"","overlay-type":"","overlay-color":"","overlay-opacity":"","overlay-gradient":""},"tablet":{"background-color":"var(--ast-global-color-5)","background-image":"","background-repeat":"repeat","background-position":"center center","background-size":"auto","background-attachment":"scroll","background-type":"","background-media":"","overlay-type":"","overlay-color":"","overlay-opacity":"","overlay-gradient":""},"mobile":{"background-color":"var(--ast-global-color-5)","background-image":"","background-repeat":"repeat","background-position":"center center","background-size":"auto","background-attachment":"scroll","background-type":"","background-media":"","overlay-type":"","overlay-color":"","overlay-opacity":"","overlay-gradient":""}},"footnotes":""},"categories":[49],"tags":[],"class_list":["post-6269","post","type-post","status-publish","format-standard","has-post-thumbnail","hentry","category-centre-activitats"],"yoast_head":"<!-- This site is optimized with the Yoast SEO plugin v27.4 - https:\/\/yoast.com\/product\/yoast-seo-wordpress\/ -->\n<title>El m\u00f3n del cinema i les s\u00e8ries aterra a La Farga de L&#039;Hospitalet<\/title>\n<meta name=\"description\" content=\"L\u2019impuls del primer Sal\u00f3 del Cinema i les S\u00e8ries ja \u00e9s una realitat, i tot comen\u00e7a a estar a punt per obrir aquest divendres a La Farga de L&#039;Hospitalet.\" \/>\n<meta name=\"robots\" content=\"index, follow, max-snippet:-1, max-image-preview:large, max-video-preview:-1\" \/>\n<link rel=\"canonical\" href=\"https:\/\/www.lafarga.com\/corporatiu\/el-mon-del-cinema-i-les-series-aterra-a-la-farga-de-lhospitalet\/\" \/>\n<meta property=\"og:locale\" content=\"ca_ES\" \/>\n<meta property=\"og:type\" content=\"article\" \/>\n<meta property=\"og:title\" content=\"El m\u00f3n del cinema i les s\u00e8ries aterra a La Farga de L&#039;Hospitalet\" \/>\n<meta property=\"og:description\" content=\"L\u2019impuls del primer Sal\u00f3 del Cinema i les S\u00e8ries ja \u00e9s una realitat, i tot comen\u00e7a a estar a punt per obrir aquest divendres a La Farga de L&#039;Hospitalet.\" \/>\n<meta property=\"og:url\" content=\"https:\/\/www.lafarga.com\/corporatiu\/el-mon-del-cinema-i-les-series-aterra-a-la-farga-de-lhospitalet\/\" \/>\n<meta property=\"og:site_name\" content=\"La Farga Gesti\u00f3n de Equipamientos Municipales, S.A.\" \/>\n<meta property=\"article:published_time\" content=\"2016-01-26T17:07:02+00:00\" \/>\n<meta property=\"article:modified_time\" content=\"2016-01-27T09:49:24+00:00\" \/>\n<meta property=\"og:image\" content=\"https:\/\/www.lafarga.com\/corporatiu\/wp-content\/uploads\/2016\/01\/rodapremsa-salocine-farga.jpg\" \/>\n\t<meta property=\"og:image:width\" content=\"730\" \/>\n\t<meta property=\"og:image:height\" content=\"410\" \/>\n\t<meta property=\"og:image:type\" content=\"image\/jpeg\" \/>\n<meta name=\"author\" content=\"admfarga\" \/>\n<meta name=\"twitter:label1\" content=\"Escrit per\" \/>\n\t<meta name=\"twitter:data1\" content=\"admfarga\" \/>\n\t<meta name=\"twitter:label2\" content=\"Temps estimat de lectura\" \/>\n\t<meta name=\"twitter:data2\" content=\"2 minuts\" \/>\n<script type=\"application\/ld+json\" class=\"yoast-schema-graph\">{\"@context\":\"https:\\\/\\\/schema.org\",\"@graph\":[{\"@type\":\"Article\",\"@id\":\"https:\\\/\\\/www.lafarga.com\\\/corporatiu\\\/el-mon-del-cinema-i-les-series-aterra-a-la-farga-de-lhospitalet\\\/#article\",\"isPartOf\":{\"@id\":\"https:\\\/\\\/www.lafarga.com\\\/corporatiu\\\/el-mon-del-cinema-i-les-series-aterra-a-la-farga-de-lhospitalet\\\/\"},\"author\":{\"name\":\"admfarga\",\"@id\":\"https:\\\/\\\/www.lafarga.com\\\/corporatiu\\\/#\\\/schema\\\/person\\\/0ad4bc37b46f53e6b85ad51c2ac2d685\"},\"headline\":\"El m\u00f3n del cinema i les s\u00e8ries aterra a La Farga de L&#8217;Hospitalet\",\"datePublished\":\"2016-01-26T17:07:02+00:00\",\"dateModified\":\"2016-01-27T09:49:24+00:00\",\"mainEntityOfPage\":{\"@id\":\"https:\\\/\\\/www.lafarga.com\\\/corporatiu\\\/el-mon-del-cinema-i-les-series-aterra-a-la-farga-de-lhospitalet\\\/\"},\"wordCount\":502,\"publisher\":{\"@id\":\"https:\\\/\\\/www.lafarga.com\\\/corporatiu\\\/#organization\"},\"image\":{\"@id\":\"https:\\\/\\\/www.lafarga.com\\\/corporatiu\\\/el-mon-del-cinema-i-les-series-aterra-a-la-farga-de-lhospitalet\\\/#primaryimage\"},\"thumbnailUrl\":\"https:\\\/\\\/www.lafarga.com\\\/corporatiu\\\/wp-content\\\/uploads\\\/2016\\\/01\\\/rodapremsa-salocine-farga.jpg\",\"articleSection\":[\"Centre d'Activitats\"],\"inLanguage\":\"ca\"},{\"@type\":\"WebPage\",\"@id\":\"https:\\\/\\\/www.lafarga.com\\\/corporatiu\\\/el-mon-del-cinema-i-les-series-aterra-a-la-farga-de-lhospitalet\\\/\",\"url\":\"https:\\\/\\\/www.lafarga.com\\\/corporatiu\\\/el-mon-del-cinema-i-les-series-aterra-a-la-farga-de-lhospitalet\\\/\",\"name\":\"El m\u00f3n del cinema i les s\u00e8ries aterra a La Farga de L'Hospitalet\",\"isPartOf\":{\"@id\":\"https:\\\/\\\/www.lafarga.com\\\/corporatiu\\\/#website\"},\"primaryImageOfPage\":{\"@id\":\"https:\\\/\\\/www.lafarga.com\\\/corporatiu\\\/el-mon-del-cinema-i-les-series-aterra-a-la-farga-de-lhospitalet\\\/#primaryimage\"},\"image\":{\"@id\":\"https:\\\/\\\/www.lafarga.com\\\/corporatiu\\\/el-mon-del-cinema-i-les-series-aterra-a-la-farga-de-lhospitalet\\\/#primaryimage\"},\"thumbnailUrl\":\"https:\\\/\\\/www.lafarga.com\\\/corporatiu\\\/wp-content\\\/uploads\\\/2016\\\/01\\\/rodapremsa-salocine-farga.jpg\",\"datePublished\":\"2016-01-26T17:07:02+00:00\",\"dateModified\":\"2016-01-27T09:49:24+00:00\",\"description\":\"L\u2019impuls del primer Sal\u00f3 del Cinema i les S\u00e8ries ja \u00e9s una realitat, i tot comen\u00e7a a estar a punt per obrir aquest divendres a La Farga de L'Hospitalet.\",\"breadcrumb\":{\"@id\":\"https:\\\/\\\/www.lafarga.com\\\/corporatiu\\\/el-mon-del-cinema-i-les-series-aterra-a-la-farga-de-lhospitalet\\\/#breadcrumb\"},\"inLanguage\":\"ca\",\"potentialAction\":[{\"@type\":\"ReadAction\",\"target\":[\"https:\\\/\\\/www.lafarga.com\\\/corporatiu\\\/el-mon-del-cinema-i-les-series-aterra-a-la-farga-de-lhospitalet\\\/\"]}]},{\"@type\":\"ImageObject\",\"inLanguage\":\"ca\",\"@id\":\"https:\\\/\\\/www.lafarga.com\\\/corporatiu\\\/el-mon-del-cinema-i-les-series-aterra-a-la-farga-de-lhospitalet\\\/#primaryimage\",\"url\":\"https:\\\/\\\/www.lafarga.com\\\/corporatiu\\\/wp-content\\\/uploads\\\/2016\\\/01\\\/rodapremsa-salocine-farga.jpg\",\"contentUrl\":\"https:\\\/\\\/www.lafarga.com\\\/corporatiu\\\/wp-content\\\/uploads\\\/2016\\\/01\\\/rodapremsa-salocine-farga.jpg\",\"width\":730,\"height\":410},{\"@type\":\"BreadcrumbList\",\"@id\":\"https:\\\/\\\/www.lafarga.com\\\/corporatiu\\\/el-mon-del-cinema-i-les-series-aterra-a-la-farga-de-lhospitalet\\\/#breadcrumb\",\"itemListElement\":[{\"@type\":\"ListItem\",\"position\":1,\"name\":\"Home\",\"item\":\"https:\\\/\\\/www.lafarga.com\\\/corporatiu\\\/lafarga-hospitalet-llobregat\\\/\"},{\"@type\":\"ListItem\",\"position\":2,\"name\":\"El m\u00f3n del cinema i les s\u00e8ries aterra a La Farga de L&#8217;Hospitalet\"}]},{\"@type\":\"WebSite\",\"@id\":\"https:\\\/\\\/www.lafarga.com\\\/corporatiu\\\/#website\",\"url\":\"https:\\\/\\\/www.lafarga.com\\\/corporatiu\\\/\",\"name\":\"La Farga Gesti\u00f3 d&#039;Equipaments Municipals, SA\",\"description\":\"\",\"publisher\":{\"@id\":\"https:\\\/\\\/www.lafarga.com\\\/corporatiu\\\/#organization\"},\"potentialAction\":[{\"@type\":\"SearchAction\",\"target\":{\"@type\":\"EntryPoint\",\"urlTemplate\":\"https:\\\/\\\/www.lafarga.com\\\/corporatiu\\\/?s={search_term_string}\"},\"query-input\":{\"@type\":\"PropertyValueSpecification\",\"valueRequired\":true,\"valueName\":\"search_term_string\"}}],\"inLanguage\":\"ca\"},{\"@type\":\"Organization\",\"@id\":\"https:\\\/\\\/www.lafarga.com\\\/corporatiu\\\/#organization\",\"name\":\"La Farga Gesti\u00f3 d&#039;Equipaments Municipals, SA\",\"url\":\"https:\\\/\\\/www.lafarga.com\\\/corporatiu\\\/\",\"logo\":{\"@type\":\"ImageObject\",\"inLanguage\":\"ca\",\"@id\":\"https:\\\/\\\/www.lafarga.com\\\/corporatiu\\\/#\\\/schema\\\/logo\\\/image\\\/\",\"url\":\"https:\\\/\\\/www.lafarga.com\\\/corporatiu\\\/wp-content\\\/uploads\\\/2023\\\/11\\\/logotipo_lafarga_gemsa.svg\",\"contentUrl\":\"https:\\\/\\\/www.lafarga.com\\\/corporatiu\\\/wp-content\\\/uploads\\\/2023\\\/11\\\/logotipo_lafarga_gemsa.svg\",\"width\":102,\"height\":103,\"caption\":\"La Farga Gesti\u00f3 d&#039;Equipaments Municipals, SA\"},\"image\":{\"@id\":\"https:\\\/\\\/www.lafarga.com\\\/corporatiu\\\/#\\\/schema\\\/logo\\\/image\\\/\"}},{\"@type\":\"Person\",\"@id\":\"https:\\\/\\\/www.lafarga.com\\\/corporatiu\\\/#\\\/schema\\\/person\\\/0ad4bc37b46f53e6b85ad51c2ac2d685\",\"name\":\"admfarga\",\"image\":{\"@type\":\"ImageObject\",\"inLanguage\":\"ca\",\"@id\":\"https:\\\/\\\/secure.gravatar.com\\\/avatar\\\/2a2db0975754ce87d41cab8623874e9e5ef5d0add52244aba02a09775feab5cb?s=96&d=mm&r=g\",\"url\":\"https:\\\/\\\/secure.gravatar.com\\\/avatar\\\/2a2db0975754ce87d41cab8623874e9e5ef5d0add52244aba02a09775feab5cb?s=96&d=mm&r=g\",\"contentUrl\":\"https:\\\/\\\/secure.gravatar.com\\\/avatar\\\/2a2db0975754ce87d41cab8623874e9e5ef5d0add52244aba02a09775feab5cb?s=96&d=mm&r=g\",\"caption\":\"admfarga\"},\"url\":\"https:\\\/\\\/www.lafarga.com\\\/corporatiu\\\/author\\\/admfarga\\\/\"}]}<\/script>\n<!-- \/ Yoast SEO plugin. -->","yoast_head_json":{"title":"El m\u00f3n del cinema i les s\u00e8ries aterra a La Farga de L'Hospitalet","description":"L\u2019impuls del primer Sal\u00f3 del Cinema i les S\u00e8ries ja \u00e9s una realitat, i tot comen\u00e7a a estar a punt per obrir aquest divendres a La Farga de L'Hospitalet.","robots":{"index":"index","follow":"follow","max-snippet":"max-snippet:-1","max-image-preview":"max-image-preview:large","max-video-preview":"max-video-preview:-1"},"canonical":"https:\/\/www.lafarga.com\/corporatiu\/el-mon-del-cinema-i-les-series-aterra-a-la-farga-de-lhospitalet\/","og_locale":"ca_ES","og_type":"article","og_title":"El m\u00f3n del cinema i les s\u00e8ries aterra a La Farga de L'Hospitalet","og_description":"L\u2019impuls del primer Sal\u00f3 del Cinema i les S\u00e8ries ja \u00e9s una realitat, i tot comen\u00e7a a estar a punt per obrir aquest divendres a La Farga de L'Hospitalet.","og_url":"https:\/\/www.lafarga.com\/corporatiu\/el-mon-del-cinema-i-les-series-aterra-a-la-farga-de-lhospitalet\/","og_site_name":"La Farga Gesti\u00f3n de Equipamientos Municipales, S.A.","article_published_time":"2016-01-26T17:07:02+00:00","article_modified_time":"2016-01-27T09:49:24+00:00","og_image":[{"width":730,"height":410,"url":"https:\/\/www.lafarga.com\/corporatiu\/wp-content\/uploads\/2016\/01\/rodapremsa-salocine-farga.jpg","type":"image\/jpeg"}],"author":"admfarga","twitter_misc":{"Escrit per":"admfarga","Temps estimat de lectura":"2 minuts"},"schema":{"@context":"https:\/\/schema.org","@graph":[{"@type":"Article","@id":"https:\/\/www.lafarga.com\/corporatiu\/el-mon-del-cinema-i-les-series-aterra-a-la-farga-de-lhospitalet\/#article","isPartOf":{"@id":"https:\/\/www.lafarga.com\/corporatiu\/el-mon-del-cinema-i-les-series-aterra-a-la-farga-de-lhospitalet\/"},"author":{"name":"admfarga","@id":"https:\/\/www.lafarga.com\/corporatiu\/#\/schema\/person\/0ad4bc37b46f53e6b85ad51c2ac2d685"},"headline":"El m\u00f3n del cinema i les s\u00e8ries aterra a La Farga de L&#8217;Hospitalet","datePublished":"2016-01-26T17:07:02+00:00","dateModified":"2016-01-27T09:49:24+00:00","mainEntityOfPage":{"@id":"https:\/\/www.lafarga.com\/corporatiu\/el-mon-del-cinema-i-les-series-aterra-a-la-farga-de-lhospitalet\/"},"wordCount":502,"publisher":{"@id":"https:\/\/www.lafarga.com\/corporatiu\/#organization"},"image":{"@id":"https:\/\/www.lafarga.com\/corporatiu\/el-mon-del-cinema-i-les-series-aterra-a-la-farga-de-lhospitalet\/#primaryimage"},"thumbnailUrl":"https:\/\/www.lafarga.com\/corporatiu\/wp-content\/uploads\/2016\/01\/rodapremsa-salocine-farga.jpg","articleSection":["Centre d'Activitats"],"inLanguage":"ca"},{"@type":"WebPage","@id":"https:\/\/www.lafarga.com\/corporatiu\/el-mon-del-cinema-i-les-series-aterra-a-la-farga-de-lhospitalet\/","url":"https:\/\/www.lafarga.com\/corporatiu\/el-mon-del-cinema-i-les-series-aterra-a-la-farga-de-lhospitalet\/","name":"El m\u00f3n del cinema i les s\u00e8ries aterra a La Farga de L'Hospitalet","isPartOf":{"@id":"https:\/\/www.lafarga.com\/corporatiu\/#website"},"primaryImageOfPage":{"@id":"https:\/\/www.lafarga.com\/corporatiu\/el-mon-del-cinema-i-les-series-aterra-a-la-farga-de-lhospitalet\/#primaryimage"},"image":{"@id":"https:\/\/www.lafarga.com\/corporatiu\/el-mon-del-cinema-i-les-series-aterra-a-la-farga-de-lhospitalet\/#primaryimage"},"thumbnailUrl":"https:\/\/www.lafarga.com\/corporatiu\/wp-content\/uploads\/2016\/01\/rodapremsa-salocine-farga.jpg","datePublished":"2016-01-26T17:07:02+00:00","dateModified":"2016-01-27T09:49:24+00:00","description":"L\u2019impuls del primer Sal\u00f3 del Cinema i les S\u00e8ries ja \u00e9s una realitat, i tot comen\u00e7a a estar a punt per obrir aquest divendres a La Farga de L'Hospitalet.","breadcrumb":{"@id":"https:\/\/www.lafarga.com\/corporatiu\/el-mon-del-cinema-i-les-series-aterra-a-la-farga-de-lhospitalet\/#breadcrumb"},"inLanguage":"ca","potentialAction":[{"@type":"ReadAction","target":["https:\/\/www.lafarga.com\/corporatiu\/el-mon-del-cinema-i-les-series-aterra-a-la-farga-de-lhospitalet\/"]}]},{"@type":"ImageObject","inLanguage":"ca","@id":"https:\/\/www.lafarga.com\/corporatiu\/el-mon-del-cinema-i-les-series-aterra-a-la-farga-de-lhospitalet\/#primaryimage","url":"https:\/\/www.lafarga.com\/corporatiu\/wp-content\/uploads\/2016\/01\/rodapremsa-salocine-farga.jpg","contentUrl":"https:\/\/www.lafarga.com\/corporatiu\/wp-content\/uploads\/2016\/01\/rodapremsa-salocine-farga.jpg","width":730,"height":410},{"@type":"BreadcrumbList","@id":"https:\/\/www.lafarga.com\/corporatiu\/el-mon-del-cinema-i-les-series-aterra-a-la-farga-de-lhospitalet\/#breadcrumb","itemListElement":[{"@type":"ListItem","position":1,"name":"Home","item":"https:\/\/www.lafarga.com\/corporatiu\/lafarga-hospitalet-llobregat\/"},{"@type":"ListItem","position":2,"name":"El m\u00f3n del cinema i les s\u00e8ries aterra a La Farga de L&#8217;Hospitalet"}]},{"@type":"WebSite","@id":"https:\/\/www.lafarga.com\/corporatiu\/#website","url":"https:\/\/www.lafarga.com\/corporatiu\/","name":"La Farga Gesti\u00f3 d&#039;Equipaments Municipals, SA","description":"","publisher":{"@id":"https:\/\/www.lafarga.com\/corporatiu\/#organization"},"potentialAction":[{"@type":"SearchAction","target":{"@type":"EntryPoint","urlTemplate":"https:\/\/www.lafarga.com\/corporatiu\/?s={search_term_string}"},"query-input":{"@type":"PropertyValueSpecification","valueRequired":true,"valueName":"search_term_string"}}],"inLanguage":"ca"},{"@type":"Organization","@id":"https:\/\/www.lafarga.com\/corporatiu\/#organization","name":"La Farga Gesti\u00f3 d&#039;Equipaments Municipals, SA","url":"https:\/\/www.lafarga.com\/corporatiu\/","logo":{"@type":"ImageObject","inLanguage":"ca","@id":"https:\/\/www.lafarga.com\/corporatiu\/#\/schema\/logo\/image\/","url":"https:\/\/www.lafarga.com\/corporatiu\/wp-content\/uploads\/2023\/11\/logotipo_lafarga_gemsa.svg","contentUrl":"https:\/\/www.lafarga.com\/corporatiu\/wp-content\/uploads\/2023\/11\/logotipo_lafarga_gemsa.svg","width":102,"height":103,"caption":"La Farga Gesti\u00f3 d&#039;Equipaments Municipals, SA"},"image":{"@id":"https:\/\/www.lafarga.com\/corporatiu\/#\/schema\/logo\/image\/"}},{"@type":"Person","@id":"https:\/\/www.lafarga.com\/corporatiu\/#\/schema\/person\/0ad4bc37b46f53e6b85ad51c2ac2d685","name":"admfarga","image":{"@type":"ImageObject","inLanguage":"ca","@id":"https:\/\/secure.gravatar.com\/avatar\/2a2db0975754ce87d41cab8623874e9e5ef5d0add52244aba02a09775feab5cb?s=96&d=mm&r=g","url":"https:\/\/secure.gravatar.com\/avatar\/2a2db0975754ce87d41cab8623874e9e5ef5d0add52244aba02a09775feab5cb?s=96&d=mm&r=g","contentUrl":"https:\/\/secure.gravatar.com\/avatar\/2a2db0975754ce87d41cab8623874e9e5ef5d0add52244aba02a09775feab5cb?s=96&d=mm&r=g","caption":"admfarga"},"url":"https:\/\/www.lafarga.com\/corporatiu\/author\/admfarga\/"}]}},"uagb_featured_image_src":{"full":["https:\/\/www.lafarga.com\/corporatiu\/wp-content\/uploads\/2016\/01\/rodapremsa-salocine-farga.jpg",730,410,false],"thumbnail":["https:\/\/www.lafarga.com\/corporatiu\/wp-content\/uploads\/2016\/01\/rodapremsa-salocine-farga-150x150.jpg",150,150,true],"medium":["https:\/\/www.lafarga.com\/corporatiu\/wp-content\/uploads\/2016\/01\/rodapremsa-salocine-farga-300x168.jpg",300,168,true],"medium_large":["https:\/\/www.lafarga.com\/corporatiu\/wp-content\/uploads\/2016\/01\/rodapremsa-salocine-farga.jpg",730,410,false],"large":["https:\/\/www.lafarga.com\/corporatiu\/wp-content\/uploads\/2016\/01\/rodapremsa-salocine-farga.jpg",730,410,false],"1536x1536":["https:\/\/www.lafarga.com\/corporatiu\/wp-content\/uploads\/2016\/01\/rodapremsa-salocine-farga.jpg",730,410,false],"2048x2048":["https:\/\/www.lafarga.com\/corporatiu\/wp-content\/uploads\/2016\/01\/rodapremsa-salocine-farga.jpg",730,410,false],"mailpoet_newsletter_max":["https:\/\/www.lafarga.com\/corporatiu\/wp-content\/uploads\/2016\/01\/rodapremsa-salocine-farga.jpg",730,410,false]},"uagb_author_info":{"display_name":"admfarga","author_link":"https:\/\/www.lafarga.com\/corporatiu\/author\/admfarga\/"},"uagb_comment_info":0,"uagb_excerpt":"L\u2019impuls del primer Sal\u00f3 del Cinema i les S\u00e8ries ja \u00e9s una realitat, i tot comen\u00e7a a estar a punt perqu\u00e8 aquest divendres La Farga Centre d\u2019Activitats obri les seves portes.","_links":{"self":[{"href":"https:\/\/www.lafarga.com\/corporatiu\/wp-json\/wp\/v2\/posts\/6269","targetHints":{"allow":["GET"]}}],"collection":[{"href":"https:\/\/www.lafarga.com\/corporatiu\/wp-json\/wp\/v2\/posts"}],"about":[{"href":"https:\/\/www.lafarga.com\/corporatiu\/wp-json\/wp\/v2\/types\/post"}],"author":[{"embeddable":true,"href":"https:\/\/www.lafarga.com\/corporatiu\/wp-json\/wp\/v2\/users\/8"}],"replies":[{"embeddable":true,"href":"https:\/\/www.lafarga.com\/corporatiu\/wp-json\/wp\/v2\/comments?post=6269"}],"version-history":[{"count":4,"href":"https:\/\/www.lafarga.com\/corporatiu\/wp-json\/wp\/v2\/posts\/6269\/revisions"}],"predecessor-version":[{"id":6280,"href":"https:\/\/www.lafarga.com\/corporatiu\/wp-json\/wp\/v2\/posts\/6269\/revisions\/6280"}],"wp:featuredmedia":[{"embeddable":true,"href":"https:\/\/www.lafarga.com\/corporatiu\/wp-json\/wp\/v2\/media\/6270"}],"wp:attachment":[{"href":"https:\/\/www.lafarga.com\/corporatiu\/wp-json\/wp\/v2\/media?parent=6269"}],"wp:term":[{"taxonomy":"category","embeddable":true,"href":"https:\/\/www.lafarga.com\/corporatiu\/wp-json\/wp\/v2\/categories?post=6269"},{"taxonomy":"post_tag","embeddable":true,"href":"https:\/\/www.lafarga.com\/corporatiu\/wp-json\/wp\/v2\/tags?post=6269"}],"curies":[{"name":"wp","href":"https:\/\/api.w.org\/{rel}","templated":true}]}}