{"id":6204,"date":"2016-01-14T16:45:22","date_gmt":"2016-01-14T16:45:22","guid":{"rendered":"http:\/\/www.lafarga.com\/corporatiu\/?p=6204"},"modified":"2016-02-16T13:48:04","modified_gmt":"2016-02-16T13:48:04","slug":"gran-forum-de-debat-al-salo-del-cinema-i-les-series","status":"publish","type":"post","link":"https:\/\/www.lafarga.com\/corporatiu\/gran-forum-de-debat-al-salo-del-cinema-i-les-series\/","title":{"rendered":"Gran f\u00f2rum de debat al Sal\u00f3 del Cinema i les S\u00e8ries"},"content":{"rendered":"<p>Des de l\u2019organitzaci\u00f3 del <a href=\"http:\/\/cinemaworld.es\/\" target=\"_blank\">Sal\u00f3 del Cinema i les S\u00e8ries<\/a> s\u2019anuncia la creaci\u00f3 d\u2019una jornada de Taules Rodones, activitat que servir\u00e0 com a punt de trobada entre el p\u00fablic del certamen i alguns dels actors, directors i guionistes m\u00e9s reconeguts del pa\u00eds.<\/p>\n<p>El primer <a href=\"https:\/\/www.lafarga.com\/corporatiu\/el-salo-cinema-series-escalfa-motors\/\" target=\"_blank\">Sal\u00f3 del Cinema i les S\u00e8ries<\/a> tindr\u00e0 d\u2019entrada un plat fort el primer dia de la seva obertura, el proper divendres 29 de gener. Tres grans <strong>Taules Rodones<\/strong> protagonitzades per actors, directors i guionistes del pa\u00eds oferiran un gran toc d\u2019inici d\u2019aquest esdeveniment organitzat per Cinemaworld i La Farga de L\u2019Hospitalet, el darrer cap de setmana de gener a La Farga Centre d\u2019Activitats.<\/p>\n<p>Destacats membres del sector del cinema i les s\u00e8ries del moment passaran per aquestes taules rodones, dividides en actors i actrius, guionistes i una altra de directors\/es, i ser\u00e0 al final de totes elles quan hi haur\u00e0 un f\u00f2rum com\u00fa on els moderat per l&#8217;actor <a href=\"http:\/\/www.imdb.com\/name\/nm0142964\/\" target=\"_blank\">\u00c0lex Casanovas<\/a>, on els participants faran les darreres conclusions.<\/p>\n<p>La <strong>taula d\u2019actors i actrius<\/strong> ja t\u00e9 confirmada la pres\u00e8ncia de diferents personatges de renom catalans com <a href=\"http:\/\/www.silviabel.cat\/\" target=\"_blank\">Silvia Bel<\/a>, protagonista de films com <em>Torapia, A\u00f1o mariano, Un mundo num\u00e9rico<\/em> o <em>Insensibles<\/em>, i en teatre d\u2019<em>Un mes al camp, La casa del cors trencats<\/em> o <em>Nit de reis<\/em>; de <a href=\"http:\/\/pepplanas.com\/\" target=\"_blank\">Pep Planas<\/a>, amb darrers treballs en cinema com <em>Desclassificats<\/em> o <em>Olor de col\u00f2nia<\/em> i en teatre de Barcelona, <em>Jeanne d\u2019Arc au b\u00fbcher<\/em> o <em>Pel davant i pel darrera<\/em>; de <a href=\"http:\/\/www.monicaperez.es\/MONICA_PEREZ\/MONICAPEREZ.html\" target=\"_blank\">M\u00f3nica P\u00e9rez<\/a>, protagonista de <em>1001 gags, Nues<\/em> o el musical de Minoria Absoluta i Dagoll Dagom <em>La Fam\u00edlia Irreal; <\/em>i dels joves actors de la televisiva s\u00e8rie <em>Merl\u00ed<\/em> de TV3, <a href=\"http:\/\/www.imdb.com\/name\/nm1867017\/\" target=\"_blank\">Pau Poch<\/a> i <a href=\"https:\/\/ca.wikipedia.org\/wiki\/David_Solans\" target=\"_blank\">David Solans<\/a><em>.\u00a0<\/em>La taula d\u2019actors estar\u00e0 moderada per l\u2019actor i director de teatre Mart\u00ed Verd\u00fa.<\/p>\n<p>La <strong>taula rodona de guionistes<\/strong> comptar\u00e0 amb <a href=\"http:\/\/www.imdb.com\/name\/nm1141070\/?ref_=fn_al_nm_1\" target=\"_blank\">Borja Cobeaga<\/a>, guionista del recent \u00e8xit cinematogr\u00e0fic <em>Ocho apellidos vascos<\/em> i nominat a l\u2019\u00d2scar al millor curt per <em>\u00c9ramos pocos<\/em> l\u2019any 2007. Tamb\u00e9 ha tingut nominacions als premis Goya en diferents categories; del polifac\u00e8tic actor, guionista i director <a href=\"http:\/\/www.fenix1123.cat\/\" target=\"_blank\">Joel Joan<\/a>, art\u00edfex del film <em>F\u00e8nix 11\u00b723<\/em> i president de l\u2019Acad\u00e8mia del Cinema Catal\u00e0 fins el 2013; d\u2019<a href=\"http:\/\/www.imdb.com\/name\/nm1945335\/?ref_=fn_al_nm_1\" target=\"_blank\">Ana\u00efs Schaaff<\/a>, guionista de les s\u00e8ries <em>Ventdelpl\u00e0<\/em> o K<em>ubala, Moreno i Manch\u00f3n<\/em>; i d\u2019<a href=\"http:\/\/www.andreurife.com\/\" target=\"_blank\">Andreu Rif\u00e9<\/a>, actor, cantant, compositor i guionista de videoclips i conegut per la seva aparici\u00f3 a la s\u00e8rie d\u2019\u00e8xit <em>Polseres vermelles<\/em>. La taula de guionistes estar\u00e0 moderada pel periodista de Fotogramas, \u00c0lex Montoya.<\/p>\n<p>Finalment la <strong>taula de directors\/es<\/strong> tindr\u00e0 la pres\u00e8ncia destacada del prometedor <a href=\"http:\/\/www.danidelaorden.net\/\" target=\"_blank\">Dani de la Orden<\/a>, autor de <em>Barcelona, nit d\u2019hivern<\/em>, sensaci\u00f3 a la cartellera del passat Nadal, i pel\u00b7l\u00edcula continuaci\u00f3 de <em>Barcelona, nit d\u2019estiu<\/em>; de <a href=\"http:\/\/www.imdb.com\/name\/nm1417232\/\" target=\"_blank\">Fernando Trullols<\/a>, guanyador d\u2019un Goya a millor curtmetratge de ficci\u00f3 l\u2019any 2012 per <em>El barco pirata<\/em>. Tamb\u00e9 \u00e9s conegut per la seva participaci\u00f3 en films com <em>Amor idiota<\/em> i <em>Los ojos de Julia<\/em>, entre d\u2019altres; de <a href=\"http:\/\/www.imdb.com\/name\/nm0170888\/\" target=\"_blank\">Judith Colell<\/a>, directora, productora i guionista i nominada al Goya pel seu curtmetratge de ficci\u00f3 <em>Escrito en la piel<\/em>. El seu darrer treball \u00e9s el film <em>El \u00faltimo baile de Carmen Amaya<\/em>, nominada al Gaud\u00ed a la millor pel\u00b7l\u00edcula per televisi\u00f3 (2014), mentre que va ser Premi Butaca a la millor producci\u00f3 catalana l\u2019any 2001 per <em>Dones; <\/em>De <a href=\"http:\/\/www.davidvictori.com\/victori\/David_Victori____Director_+_Guionista_1.html\" target=\"_blank\">David Victori<\/a>, guanyador mundial del primer Festival de cine de Youtube, autor dels curts premiats internacionalment <em>Reacci\u00f3n<\/em> i <em>La Culpa<\/em>; i del director de cinema i televisi\u00f3 <a href=\"https:\/\/ca.wikipedia.org\/wiki\/Esteve_Rovira_i_Illa\" target=\"_blank\">Esteve Rovira<\/a>, director entre d&#8217;altres de la s\u00e8rie <em>La Riera<\/em> de TV3.\u00a0La taula rodona de directors\/es ser\u00e0 moderada per Luismi Mart\u00ednez, periodista, locutor i comunicador.<\/p>\n<p>Es pret\u00e9n donar a les Taules Rodones un car\u00e0cter pedag\u00f2gic a la vegada que did\u00e0ctic i l\u00fadico-festiu, i s\u2019espera l\u2019assist\u00e8ncia d\u2019estudiants de diferents escoles i universitats relacionades amb l\u2019audiovisual. El p\u00fablic podr\u00e0 plantejar les seves preguntes als convidats de forma pr\u00e8via a l\u2019acte a trav\u00e9s de les xarxes socials oficials del Sal\u00f3. Les tres Taules Rodones se celebraran divendres 29 de gener d\u201911 a 13 hores dins el 1r. Sal\u00f3 del Cinema i les S\u00e8ries, a l\u2019espai La Farga Congress. Les inscripcions seran gratu\u00eftes i obertes al p\u00fablic que pr\u00e8viament s\u2019hagi inscrit al correu <a href=\"mailto:comunicacion@cinemaworld.es\" target=\"_blank\">comunicacion@cinemaworld.es<\/a>.<\/p>\n<p>El Sal\u00f3 del Cinema i les S\u00e8ries habilitar\u00e0 una superf\u00edcie de m\u00e9s de 10000 m2 per a m\u00e9s de 70 expositors, els quals podran presentar els seus productes i novetats directament al seu p\u00fablic potencial i crear sinergies amb altres professionals, a m\u00e9s de generar activitats i continguts exclusius per a aquest esdeveniment. S\u2019estima que unes 15.000 persones creuaran les portes del Sal\u00f3 durant les jornades, 29, 30 i 31 de gener.<\/p>\n","protected":false},"excerpt":{"rendered":"<p>Des de l\u2019organitzaci\u00f3 del Sal\u00f3 del Cinema i les S\u00e8ries s\u2019anuncia la creaci\u00f3 d\u2019una jornada de Taules Rodones, activitat que servir\u00e0 com a punt de trobada entre el p\u00fablic del certamen i alguns dels actors, directors i guionistes m\u00e9s reconeguts del pa\u00eds.<\/p>\n","protected":false},"author":8,"featured_media":6286,"comment_status":"closed","ping_status":"closed","sticky":false,"template":"","format":"standard","meta":{"inline_featured_image":false,"_uag_custom_page_level_css":"","_monsterinsights_skip_tracking":false,"_monsterinsights_sitenote_active":false,"_monsterinsights_sitenote_note":"","_monsterinsights_sitenote_category":0,"site-sidebar-layout":"default","site-content-layout":"","ast-site-content-layout":"default","site-content-style":"default","site-sidebar-style":"default","ast-global-header-display":"","ast-banner-title-visibility":"","ast-main-header-display":"","ast-hfb-above-header-display":"","ast-hfb-below-header-display":"","ast-hfb-mobile-header-display":"","site-post-title":"","ast-breadcrumbs-content":"","ast-featured-img":"","footer-sml-layout":"","ast-disable-related-posts":"","theme-transparent-header-meta":"","adv-header-id-meta":"","stick-header-meta":"","header-above-stick-meta":"","header-main-stick-meta":"","header-below-stick-meta":"","astra-migrate-meta-layouts":"default","ast-page-background-enabled":"default","ast-page-background-meta":{"desktop":{"background-color":"var(--ast-global-color-4)","background-image":"","background-repeat":"repeat","background-position":"center center","background-size":"auto","background-attachment":"scroll","background-type":"","background-media":"","overlay-type":"","overlay-color":"","overlay-opacity":"","overlay-gradient":""},"tablet":{"background-color":"","background-image":"","background-repeat":"repeat","background-position":"center center","background-size":"auto","background-attachment":"scroll","background-type":"","background-media":"","overlay-type":"","overlay-color":"","overlay-opacity":"","overlay-gradient":""},"mobile":{"background-color":"","background-image":"","background-repeat":"repeat","background-position":"center center","background-size":"auto","background-attachment":"scroll","background-type":"","background-media":"","overlay-type":"","overlay-color":"","overlay-opacity":"","overlay-gradient":""}},"ast-content-background-meta":{"desktop":{"background-color":"var(--ast-global-color-5)","background-image":"","background-repeat":"repeat","background-position":"center center","background-size":"auto","background-attachment":"scroll","background-type":"","background-media":"","overlay-type":"","overlay-color":"","overlay-opacity":"","overlay-gradient":""},"tablet":{"background-color":"var(--ast-global-color-5)","background-image":"","background-repeat":"repeat","background-position":"center center","background-size":"auto","background-attachment":"scroll","background-type":"","background-media":"","overlay-type":"","overlay-color":"","overlay-opacity":"","overlay-gradient":""},"mobile":{"background-color":"var(--ast-global-color-5)","background-image":"","background-repeat":"repeat","background-position":"center center","background-size":"auto","background-attachment":"scroll","background-type":"","background-media":"","overlay-type":"","overlay-color":"","overlay-opacity":"","overlay-gradient":""}},"footnotes":""},"categories":[49],"tags":[],"class_list":["post-6204","post","type-post","status-publish","format-standard","has-post-thumbnail","hentry","category-centre-activitats"],"yoast_head":"<!-- This site is optimized with the Yoast SEO plugin v27.4 - https:\/\/yoast.com\/product\/yoast-seo-wordpress\/ -->\n<title>Gran f\u00f2rum de debat al Sal\u00f3 del Cinema i les S\u00e8ries\u00a0<\/title>\n<meta name=\"description\" content=\"L\u2019organitzaci\u00f3 del\u00a0Sal\u00f3 del Cinema i les S\u00e8ries\u00a0s\u2019anuncia la creaci\u00f3 d\u2019una jornada de Taules Rodones com a punt trobada d&#039;actors, directors i guionistes.\u00a0\" \/>\n<meta name=\"robots\" content=\"index, follow, max-snippet:-1, max-image-preview:large, max-video-preview:-1\" \/>\n<link rel=\"canonical\" href=\"https:\/\/www.lafarga.com\/corporatiu\/gran-forum-de-debat-al-salo-del-cinema-i-les-series\/\" \/>\n<meta property=\"og:locale\" content=\"ca_ES\" \/>\n<meta property=\"og:type\" content=\"article\" \/>\n<meta property=\"og:title\" content=\"Gran f\u00f2rum de debat al Sal\u00f3 del Cinema i les S\u00e8ries\u00a0\" \/>\n<meta property=\"og:description\" content=\"L\u2019organitzaci\u00f3 del\u00a0Sal\u00f3 del Cinema i les S\u00e8ries\u00a0s\u2019anuncia la creaci\u00f3 d\u2019una jornada de Taules Rodones com a punt trobada d&#039;actors, directors i guionistes.\u00a0\" \/>\n<meta property=\"og:url\" content=\"https:\/\/www.lafarga.com\/corporatiu\/gran-forum-de-debat-al-salo-del-cinema-i-les-series\/\" \/>\n<meta property=\"og:site_name\" content=\"La Farga Gesti\u00f3n de Equipamientos Municipales, S.A.\" \/>\n<meta property=\"article:published_time\" content=\"2016-01-14T16:45:22+00:00\" \/>\n<meta property=\"article:modified_time\" content=\"2016-02-16T13:48:04+00:00\" \/>\n<meta property=\"og:image\" content=\"https:\/\/www.lafarga.com\/corporatiu\/wp-content\/uploads\/2016\/01\/taules-rodones-farga.jpg\" \/>\n\t<meta property=\"og:image:width\" content=\"730\" \/>\n\t<meta property=\"og:image:height\" content=\"410\" \/>\n\t<meta property=\"og:image:type\" content=\"image\/jpeg\" \/>\n<meta name=\"author\" content=\"admfarga\" \/>\n<meta name=\"twitter:label1\" content=\"Escrit per\" \/>\n\t<meta name=\"twitter:data1\" content=\"admfarga\" \/>\n\t<meta name=\"twitter:label2\" content=\"Temps estimat de lectura\" \/>\n\t<meta name=\"twitter:data2\" content=\"4 minuts\" \/>\n<script type=\"application\/ld+json\" class=\"yoast-schema-graph\">{\"@context\":\"https:\\\/\\\/schema.org\",\"@graph\":[{\"@type\":\"Article\",\"@id\":\"https:\\\/\\\/www.lafarga.com\\\/corporatiu\\\/gran-forum-de-debat-al-salo-del-cinema-i-les-series\\\/#article\",\"isPartOf\":{\"@id\":\"https:\\\/\\\/www.lafarga.com\\\/corporatiu\\\/gran-forum-de-debat-al-salo-del-cinema-i-les-series\\\/\"},\"author\":{\"name\":\"admfarga\",\"@id\":\"https:\\\/\\\/www.lafarga.com\\\/corporatiu\\\/#\\\/schema\\\/person\\\/0ad4bc37b46f53e6b85ad51c2ac2d685\"},\"headline\":\"Gran f\u00f2rum de debat al Sal\u00f3 del Cinema i les S\u00e8ries\",\"datePublished\":\"2016-01-14T16:45:22+00:00\",\"dateModified\":\"2016-02-16T13:48:04+00:00\",\"mainEntityOfPage\":{\"@id\":\"https:\\\/\\\/www.lafarga.com\\\/corporatiu\\\/gran-forum-de-debat-al-salo-del-cinema-i-les-series\\\/\"},\"wordCount\":833,\"publisher\":{\"@id\":\"https:\\\/\\\/www.lafarga.com\\\/corporatiu\\\/#organization\"},\"image\":{\"@id\":\"https:\\\/\\\/www.lafarga.com\\\/corporatiu\\\/gran-forum-de-debat-al-salo-del-cinema-i-les-series\\\/#primaryimage\"},\"thumbnailUrl\":\"https:\\\/\\\/www.lafarga.com\\\/corporatiu\\\/wp-content\\\/uploads\\\/2016\\\/01\\\/taules-rodones-farga.jpg\",\"articleSection\":[\"Centre d'Activitats\"],\"inLanguage\":\"ca\"},{\"@type\":\"WebPage\",\"@id\":\"https:\\\/\\\/www.lafarga.com\\\/corporatiu\\\/gran-forum-de-debat-al-salo-del-cinema-i-les-series\\\/\",\"url\":\"https:\\\/\\\/www.lafarga.com\\\/corporatiu\\\/gran-forum-de-debat-al-salo-del-cinema-i-les-series\\\/\",\"name\":\"Gran f\u00f2rum de debat al Sal\u00f3 del Cinema i les S\u00e8ries\u00a0\",\"isPartOf\":{\"@id\":\"https:\\\/\\\/www.lafarga.com\\\/corporatiu\\\/#website\"},\"primaryImageOfPage\":{\"@id\":\"https:\\\/\\\/www.lafarga.com\\\/corporatiu\\\/gran-forum-de-debat-al-salo-del-cinema-i-les-series\\\/#primaryimage\"},\"image\":{\"@id\":\"https:\\\/\\\/www.lafarga.com\\\/corporatiu\\\/gran-forum-de-debat-al-salo-del-cinema-i-les-series\\\/#primaryimage\"},\"thumbnailUrl\":\"https:\\\/\\\/www.lafarga.com\\\/corporatiu\\\/wp-content\\\/uploads\\\/2016\\\/01\\\/taules-rodones-farga.jpg\",\"datePublished\":\"2016-01-14T16:45:22+00:00\",\"dateModified\":\"2016-02-16T13:48:04+00:00\",\"description\":\"L\u2019organitzaci\u00f3 del\u00a0Sal\u00f3 del Cinema i les S\u00e8ries\u00a0s\u2019anuncia la creaci\u00f3 d\u2019una jornada de Taules Rodones com a punt trobada d'actors, directors i guionistes.\u00a0\",\"breadcrumb\":{\"@id\":\"https:\\\/\\\/www.lafarga.com\\\/corporatiu\\\/gran-forum-de-debat-al-salo-del-cinema-i-les-series\\\/#breadcrumb\"},\"inLanguage\":\"ca\",\"potentialAction\":[{\"@type\":\"ReadAction\",\"target\":[\"https:\\\/\\\/www.lafarga.com\\\/corporatiu\\\/gran-forum-de-debat-al-salo-del-cinema-i-les-series\\\/\"]}]},{\"@type\":\"ImageObject\",\"inLanguage\":\"ca\",\"@id\":\"https:\\\/\\\/www.lafarga.com\\\/corporatiu\\\/gran-forum-de-debat-al-salo-del-cinema-i-les-series\\\/#primaryimage\",\"url\":\"https:\\\/\\\/www.lafarga.com\\\/corporatiu\\\/wp-content\\\/uploads\\\/2016\\\/01\\\/taules-rodones-farga.jpg\",\"contentUrl\":\"https:\\\/\\\/www.lafarga.com\\\/corporatiu\\\/wp-content\\\/uploads\\\/2016\\\/01\\\/taules-rodones-farga.jpg\",\"width\":730,\"height\":410},{\"@type\":\"BreadcrumbList\",\"@id\":\"https:\\\/\\\/www.lafarga.com\\\/corporatiu\\\/gran-forum-de-debat-al-salo-del-cinema-i-les-series\\\/#breadcrumb\",\"itemListElement\":[{\"@type\":\"ListItem\",\"position\":1,\"name\":\"Home\",\"item\":\"https:\\\/\\\/www.lafarga.com\\\/corporatiu\\\/lafarga-hospitalet-llobregat\\\/\"},{\"@type\":\"ListItem\",\"position\":2,\"name\":\"Gran f\u00f2rum de debat al Sal\u00f3 del Cinema i les S\u00e8ries\"}]},{\"@type\":\"WebSite\",\"@id\":\"https:\\\/\\\/www.lafarga.com\\\/corporatiu\\\/#website\",\"url\":\"https:\\\/\\\/www.lafarga.com\\\/corporatiu\\\/\",\"name\":\"La Farga Gesti\u00f3 d&#039;Equipaments Municipals, SA\",\"description\":\"\",\"publisher\":{\"@id\":\"https:\\\/\\\/www.lafarga.com\\\/corporatiu\\\/#organization\"},\"potentialAction\":[{\"@type\":\"SearchAction\",\"target\":{\"@type\":\"EntryPoint\",\"urlTemplate\":\"https:\\\/\\\/www.lafarga.com\\\/corporatiu\\\/?s={search_term_string}\"},\"query-input\":{\"@type\":\"PropertyValueSpecification\",\"valueRequired\":true,\"valueName\":\"search_term_string\"}}],\"inLanguage\":\"ca\"},{\"@type\":\"Organization\",\"@id\":\"https:\\\/\\\/www.lafarga.com\\\/corporatiu\\\/#organization\",\"name\":\"La Farga Gesti\u00f3 d&#039;Equipaments Municipals, SA\",\"url\":\"https:\\\/\\\/www.lafarga.com\\\/corporatiu\\\/\",\"logo\":{\"@type\":\"ImageObject\",\"inLanguage\":\"ca\",\"@id\":\"https:\\\/\\\/www.lafarga.com\\\/corporatiu\\\/#\\\/schema\\\/logo\\\/image\\\/\",\"url\":\"https:\\\/\\\/www.lafarga.com\\\/corporatiu\\\/wp-content\\\/uploads\\\/2023\\\/11\\\/logotipo_lafarga_gemsa.svg\",\"contentUrl\":\"https:\\\/\\\/www.lafarga.com\\\/corporatiu\\\/wp-content\\\/uploads\\\/2023\\\/11\\\/logotipo_lafarga_gemsa.svg\",\"width\":102,\"height\":103,\"caption\":\"La Farga Gesti\u00f3 d&#039;Equipaments Municipals, SA\"},\"image\":{\"@id\":\"https:\\\/\\\/www.lafarga.com\\\/corporatiu\\\/#\\\/schema\\\/logo\\\/image\\\/\"}},{\"@type\":\"Person\",\"@id\":\"https:\\\/\\\/www.lafarga.com\\\/corporatiu\\\/#\\\/schema\\\/person\\\/0ad4bc37b46f53e6b85ad51c2ac2d685\",\"name\":\"admfarga\",\"image\":{\"@type\":\"ImageObject\",\"inLanguage\":\"ca\",\"@id\":\"https:\\\/\\\/secure.gravatar.com\\\/avatar\\\/2a2db0975754ce87d41cab8623874e9e5ef5d0add52244aba02a09775feab5cb?s=96&d=mm&r=g\",\"url\":\"https:\\\/\\\/secure.gravatar.com\\\/avatar\\\/2a2db0975754ce87d41cab8623874e9e5ef5d0add52244aba02a09775feab5cb?s=96&d=mm&r=g\",\"contentUrl\":\"https:\\\/\\\/secure.gravatar.com\\\/avatar\\\/2a2db0975754ce87d41cab8623874e9e5ef5d0add52244aba02a09775feab5cb?s=96&d=mm&r=g\",\"caption\":\"admfarga\"},\"url\":\"https:\\\/\\\/www.lafarga.com\\\/corporatiu\\\/author\\\/admfarga\\\/\"}]}<\/script>\n<!-- \/ Yoast SEO plugin. -->","yoast_head_json":{"title":"Gran f\u00f2rum de debat al Sal\u00f3 del Cinema i les S\u00e8ries\u00a0","description":"L\u2019organitzaci\u00f3 del\u00a0Sal\u00f3 del Cinema i les S\u00e8ries\u00a0s\u2019anuncia la creaci\u00f3 d\u2019una jornada de Taules Rodones com a punt trobada d'actors, directors i guionistes.\u00a0","robots":{"index":"index","follow":"follow","max-snippet":"max-snippet:-1","max-image-preview":"max-image-preview:large","max-video-preview":"max-video-preview:-1"},"canonical":"https:\/\/www.lafarga.com\/corporatiu\/gran-forum-de-debat-al-salo-del-cinema-i-les-series\/","og_locale":"ca_ES","og_type":"article","og_title":"Gran f\u00f2rum de debat al Sal\u00f3 del Cinema i les S\u00e8ries\u00a0","og_description":"L\u2019organitzaci\u00f3 del\u00a0Sal\u00f3 del Cinema i les S\u00e8ries\u00a0s\u2019anuncia la creaci\u00f3 d\u2019una jornada de Taules Rodones com a punt trobada d'actors, directors i guionistes.\u00a0","og_url":"https:\/\/www.lafarga.com\/corporatiu\/gran-forum-de-debat-al-salo-del-cinema-i-les-series\/","og_site_name":"La Farga Gesti\u00f3n de Equipamientos Municipales, S.A.","article_published_time":"2016-01-14T16:45:22+00:00","article_modified_time":"2016-02-16T13:48:04+00:00","og_image":[{"width":730,"height":410,"url":"https:\/\/www.lafarga.com\/corporatiu\/wp-content\/uploads\/2016\/01\/taules-rodones-farga.jpg","type":"image\/jpeg"}],"author":"admfarga","twitter_misc":{"Escrit per":"admfarga","Temps estimat de lectura":"4 minuts"},"schema":{"@context":"https:\/\/schema.org","@graph":[{"@type":"Article","@id":"https:\/\/www.lafarga.com\/corporatiu\/gran-forum-de-debat-al-salo-del-cinema-i-les-series\/#article","isPartOf":{"@id":"https:\/\/www.lafarga.com\/corporatiu\/gran-forum-de-debat-al-salo-del-cinema-i-les-series\/"},"author":{"name":"admfarga","@id":"https:\/\/www.lafarga.com\/corporatiu\/#\/schema\/person\/0ad4bc37b46f53e6b85ad51c2ac2d685"},"headline":"Gran f\u00f2rum de debat al Sal\u00f3 del Cinema i les S\u00e8ries","datePublished":"2016-01-14T16:45:22+00:00","dateModified":"2016-02-16T13:48:04+00:00","mainEntityOfPage":{"@id":"https:\/\/www.lafarga.com\/corporatiu\/gran-forum-de-debat-al-salo-del-cinema-i-les-series\/"},"wordCount":833,"publisher":{"@id":"https:\/\/www.lafarga.com\/corporatiu\/#organization"},"image":{"@id":"https:\/\/www.lafarga.com\/corporatiu\/gran-forum-de-debat-al-salo-del-cinema-i-les-series\/#primaryimage"},"thumbnailUrl":"https:\/\/www.lafarga.com\/corporatiu\/wp-content\/uploads\/2016\/01\/taules-rodones-farga.jpg","articleSection":["Centre d'Activitats"],"inLanguage":"ca"},{"@type":"WebPage","@id":"https:\/\/www.lafarga.com\/corporatiu\/gran-forum-de-debat-al-salo-del-cinema-i-les-series\/","url":"https:\/\/www.lafarga.com\/corporatiu\/gran-forum-de-debat-al-salo-del-cinema-i-les-series\/","name":"Gran f\u00f2rum de debat al Sal\u00f3 del Cinema i les S\u00e8ries\u00a0","isPartOf":{"@id":"https:\/\/www.lafarga.com\/corporatiu\/#website"},"primaryImageOfPage":{"@id":"https:\/\/www.lafarga.com\/corporatiu\/gran-forum-de-debat-al-salo-del-cinema-i-les-series\/#primaryimage"},"image":{"@id":"https:\/\/www.lafarga.com\/corporatiu\/gran-forum-de-debat-al-salo-del-cinema-i-les-series\/#primaryimage"},"thumbnailUrl":"https:\/\/www.lafarga.com\/corporatiu\/wp-content\/uploads\/2016\/01\/taules-rodones-farga.jpg","datePublished":"2016-01-14T16:45:22+00:00","dateModified":"2016-02-16T13:48:04+00:00","description":"L\u2019organitzaci\u00f3 del\u00a0Sal\u00f3 del Cinema i les S\u00e8ries\u00a0s\u2019anuncia la creaci\u00f3 d\u2019una jornada de Taules Rodones com a punt trobada d'actors, directors i guionistes.\u00a0","breadcrumb":{"@id":"https:\/\/www.lafarga.com\/corporatiu\/gran-forum-de-debat-al-salo-del-cinema-i-les-series\/#breadcrumb"},"inLanguage":"ca","potentialAction":[{"@type":"ReadAction","target":["https:\/\/www.lafarga.com\/corporatiu\/gran-forum-de-debat-al-salo-del-cinema-i-les-series\/"]}]},{"@type":"ImageObject","inLanguage":"ca","@id":"https:\/\/www.lafarga.com\/corporatiu\/gran-forum-de-debat-al-salo-del-cinema-i-les-series\/#primaryimage","url":"https:\/\/www.lafarga.com\/corporatiu\/wp-content\/uploads\/2016\/01\/taules-rodones-farga.jpg","contentUrl":"https:\/\/www.lafarga.com\/corporatiu\/wp-content\/uploads\/2016\/01\/taules-rodones-farga.jpg","width":730,"height":410},{"@type":"BreadcrumbList","@id":"https:\/\/www.lafarga.com\/corporatiu\/gran-forum-de-debat-al-salo-del-cinema-i-les-series\/#breadcrumb","itemListElement":[{"@type":"ListItem","position":1,"name":"Home","item":"https:\/\/www.lafarga.com\/corporatiu\/lafarga-hospitalet-llobregat\/"},{"@type":"ListItem","position":2,"name":"Gran f\u00f2rum de debat al Sal\u00f3 del Cinema i les S\u00e8ries"}]},{"@type":"WebSite","@id":"https:\/\/www.lafarga.com\/corporatiu\/#website","url":"https:\/\/www.lafarga.com\/corporatiu\/","name":"La Farga Gesti\u00f3 d&#039;Equipaments Municipals, SA","description":"","publisher":{"@id":"https:\/\/www.lafarga.com\/corporatiu\/#organization"},"potentialAction":[{"@type":"SearchAction","target":{"@type":"EntryPoint","urlTemplate":"https:\/\/www.lafarga.com\/corporatiu\/?s={search_term_string}"},"query-input":{"@type":"PropertyValueSpecification","valueRequired":true,"valueName":"search_term_string"}}],"inLanguage":"ca"},{"@type":"Organization","@id":"https:\/\/www.lafarga.com\/corporatiu\/#organization","name":"La Farga Gesti\u00f3 d&#039;Equipaments Municipals, SA","url":"https:\/\/www.lafarga.com\/corporatiu\/","logo":{"@type":"ImageObject","inLanguage":"ca","@id":"https:\/\/www.lafarga.com\/corporatiu\/#\/schema\/logo\/image\/","url":"https:\/\/www.lafarga.com\/corporatiu\/wp-content\/uploads\/2023\/11\/logotipo_lafarga_gemsa.svg","contentUrl":"https:\/\/www.lafarga.com\/corporatiu\/wp-content\/uploads\/2023\/11\/logotipo_lafarga_gemsa.svg","width":102,"height":103,"caption":"La Farga Gesti\u00f3 d&#039;Equipaments Municipals, SA"},"image":{"@id":"https:\/\/www.lafarga.com\/corporatiu\/#\/schema\/logo\/image\/"}},{"@type":"Person","@id":"https:\/\/www.lafarga.com\/corporatiu\/#\/schema\/person\/0ad4bc37b46f53e6b85ad51c2ac2d685","name":"admfarga","image":{"@type":"ImageObject","inLanguage":"ca","@id":"https:\/\/secure.gravatar.com\/avatar\/2a2db0975754ce87d41cab8623874e9e5ef5d0add52244aba02a09775feab5cb?s=96&d=mm&r=g","url":"https:\/\/secure.gravatar.com\/avatar\/2a2db0975754ce87d41cab8623874e9e5ef5d0add52244aba02a09775feab5cb?s=96&d=mm&r=g","contentUrl":"https:\/\/secure.gravatar.com\/avatar\/2a2db0975754ce87d41cab8623874e9e5ef5d0add52244aba02a09775feab5cb?s=96&d=mm&r=g","caption":"admfarga"},"url":"https:\/\/www.lafarga.com\/corporatiu\/author\/admfarga\/"}]}},"uagb_featured_image_src":{"full":["https:\/\/www.lafarga.com\/corporatiu\/wp-content\/uploads\/2016\/01\/taules-rodones-farga.jpg",730,410,false],"thumbnail":["https:\/\/www.lafarga.com\/corporatiu\/wp-content\/uploads\/2016\/01\/taules-rodones-farga-150x150.jpg",150,150,true],"medium":["https:\/\/www.lafarga.com\/corporatiu\/wp-content\/uploads\/2016\/01\/taules-rodones-farga-300x168.jpg",300,168,true],"medium_large":["https:\/\/www.lafarga.com\/corporatiu\/wp-content\/uploads\/2016\/01\/taules-rodones-farga.jpg",730,410,false],"large":["https:\/\/www.lafarga.com\/corporatiu\/wp-content\/uploads\/2016\/01\/taules-rodones-farga.jpg",730,410,false],"1536x1536":["https:\/\/www.lafarga.com\/corporatiu\/wp-content\/uploads\/2016\/01\/taules-rodones-farga.jpg",730,410,false],"2048x2048":["https:\/\/www.lafarga.com\/corporatiu\/wp-content\/uploads\/2016\/01\/taules-rodones-farga.jpg",730,410,false],"mailpoet_newsletter_max":["https:\/\/www.lafarga.com\/corporatiu\/wp-content\/uploads\/2016\/01\/taules-rodones-farga.jpg",730,410,false]},"uagb_author_info":{"display_name":"admfarga","author_link":"https:\/\/www.lafarga.com\/corporatiu\/author\/admfarga\/"},"uagb_comment_info":0,"uagb_excerpt":"Des de l\u2019organitzaci\u00f3 del Sal\u00f3 del Cinema i les S\u00e8ries s\u2019anuncia la creaci\u00f3 d\u2019una jornada de Taules Rodones, activitat que servir\u00e0 com a punt de trobada entre el p\u00fablic del certamen i alguns dels actors, directors i guionistes m\u00e9s reconeguts del pa\u00eds.","_links":{"self":[{"href":"https:\/\/www.lafarga.com\/corporatiu\/wp-json\/wp\/v2\/posts\/6204","targetHints":{"allow":["GET"]}}],"collection":[{"href":"https:\/\/www.lafarga.com\/corporatiu\/wp-json\/wp\/v2\/posts"}],"about":[{"href":"https:\/\/www.lafarga.com\/corporatiu\/wp-json\/wp\/v2\/types\/post"}],"author":[{"embeddable":true,"href":"https:\/\/www.lafarga.com\/corporatiu\/wp-json\/wp\/v2\/users\/8"}],"replies":[{"embeddable":true,"href":"https:\/\/www.lafarga.com\/corporatiu\/wp-json\/wp\/v2\/comments?post=6204"}],"version-history":[{"count":9,"href":"https:\/\/www.lafarga.com\/corporatiu\/wp-json\/wp\/v2\/posts\/6204\/revisions"}],"predecessor-version":[{"id":6547,"href":"https:\/\/www.lafarga.com\/corporatiu\/wp-json\/wp\/v2\/posts\/6204\/revisions\/6547"}],"wp:featuredmedia":[{"embeddable":true,"href":"https:\/\/www.lafarga.com\/corporatiu\/wp-json\/wp\/v2\/media\/6286"}],"wp:attachment":[{"href":"https:\/\/www.lafarga.com\/corporatiu\/wp-json\/wp\/v2\/media?parent=6204"}],"wp:term":[{"taxonomy":"category","embeddable":true,"href":"https:\/\/www.lafarga.com\/corporatiu\/wp-json\/wp\/v2\/categories?post=6204"},{"taxonomy":"post_tag","embeddable":true,"href":"https:\/\/www.lafarga.com\/corporatiu\/wp-json\/wp\/v2\/tags?post=6204"}],"curies":[{"name":"wp","href":"https:\/\/api.w.org\/{rel}","templated":true}]}}