{"id":6194,"date":"2016-01-14T15:34:10","date_gmt":"2016-01-14T15:34:10","guid":{"rendered":"http:\/\/www.lafarga.com\/corporatiu\/?p=6194"},"modified":"2016-01-14T15:34:10","modified_gmt":"2016-01-14T15:34:10","slug":"la-pista-de-hielo-volvera-a-la-farga-centro-de-actividades","status":"publish","type":"post","link":"https:\/\/www.lafarga.com\/corporatiu\/la-pista-de-hielo-volvera-a-la-farga-centro-de-actividades\/","title":{"rendered":"La pista de hielo volver\u00e1 a La Farga Centro de Actividades"},"content":{"rendered":"<p>La pista de hielo volver\u00e1 a la Farga Centro de Actividades, tras el anuncio que ha hecho el director de <a href=\"http:\/\/www.ap-productions.org\/es\/welcome\" target=\"_blank\">AP Productions<\/a>, Antonio Peral, empresa encargada de gestionar el que ha sido el evento masivo de la pasada Navidad, en L&#8217;Hospitalet.<\/p>\n<p>Aparte del montaje de la pista de hielo m\u00e1s grande de Europa tambi\u00e9n se ha anunciado que habr\u00e1 bastantes novedades para la pr\u00f3xima edici\u00f3n <em>&#8220;De momento el proyecto est\u00e1 en estado embrionario, pero ya tenemos algunas ideas para ampliar las actividades de cara al pr\u00f3ximo a\u00f1o&#8221;<\/em>\u00a0ha manifestado Antonio Peral, tras la rueda de prensa de este mi\u00e9rcoles con la alcaldesa de L&#8217;Hospitalet, N\u00faria Mar\u00edn.<\/p>\n<p>La pista de hielo de la Farga ha recibido <a href=\"https:\/\/www.lafarga.com\/corporatiu\/224-000-visitantes-pasan-por-la-pista-de-hielo-de-la-farga\/\" target=\"_blank\">224.000 personas<\/a> desde que abri\u00f3 sus puertas el pasado 27 de noviembre con m\u00e1s de un 30% de visitantes vecinos de L&#8217;Hospitalet.<\/p>\n<p>La gran afluencia de p\u00fablico en la pista de hielo ha hecho que los comercios y restaurantes de la zona tambi\u00e9n hayan notado un incremento en su facturaci\u00f3n. <em>&#8220;Algunos restaurantes nos han comentado que algunos d\u00edas estaban doblando la caja&#8221;<\/em>, ha explicado la alcaldesa de la ciudad N\u00faria Mar\u00edn. <em>&#8220;El comercio y la restauraci\u00f3n est\u00e1n muy satisfechos con el impacto positivo de la pista de hielo&#8221;<\/em>, a\u00f1adi\u00f3 Mar\u00edn. <em>&#8220;Ahora queremos hacer una reflexi\u00f3n conjunta con ellos para ver c\u00f3mo podemos ampliar la colaboraci\u00f3n de cara a pr\u00f3ximas ediciones&#8221;<\/em>.<\/p>\n","protected":false},"excerpt":{"rendered":"<p>La pista de hielo volver\u00e1 a la Farga Centro de Actividades, tras el anuncio que ha hecho el director de AP Productions, Antonio Peral, empresa encargada de gestionar el que ha sido el evento masivo de la pasada Navidad, en L&#8217;Hospitalet.<\/p>\n","protected":false},"author":8,"featured_media":6191,"comment_status":"closed","ping_status":"closed","sticky":false,"template":"","format":"standard","meta":{"inline_featured_image":false,"_uag_custom_page_level_css":"","_monsterinsights_skip_tracking":false,"_monsterinsights_sitenote_active":false,"_monsterinsights_sitenote_note":"","_monsterinsights_sitenote_category":0,"site-sidebar-layout":"default","site-content-layout":"","ast-site-content-layout":"default","site-content-style":"default","site-sidebar-style":"default","ast-global-header-display":"","ast-banner-title-visibility":"","ast-main-header-display":"","ast-hfb-above-header-display":"","ast-hfb-below-header-display":"","ast-hfb-mobile-header-display":"","site-post-title":"","ast-breadcrumbs-content":"","ast-featured-img":"","footer-sml-layout":"","ast-disable-related-posts":"","theme-transparent-header-meta":"","adv-header-id-meta":"","stick-header-meta":"","header-above-stick-meta":"","header-main-stick-meta":"","header-below-stick-meta":"","astra-migrate-meta-layouts":"default","ast-page-background-enabled":"default","ast-page-background-meta":{"desktop":{"background-color":"var(--ast-global-color-4)","background-image":"","background-repeat":"repeat","background-position":"center center","background-size":"auto","background-attachment":"scroll","background-type":"","background-media":"","overlay-type":"","overlay-color":"","overlay-opacity":"","overlay-gradient":""},"tablet":{"background-color":"","background-image":"","background-repeat":"repeat","background-position":"center center","background-size":"auto","background-attachment":"scroll","background-type":"","background-media":"","overlay-type":"","overlay-color":"","overlay-opacity":"","overlay-gradient":""},"mobile":{"background-color":"","background-image":"","background-repeat":"repeat","background-position":"center center","background-size":"auto","background-attachment":"scroll","background-type":"","background-media":"","overlay-type":"","overlay-color":"","overlay-opacity":"","overlay-gradient":""}},"ast-content-background-meta":{"desktop":{"background-color":"var(--ast-global-color-5)","background-image":"","background-repeat":"repeat","background-position":"center center","background-size":"auto","background-attachment":"scroll","background-type":"","background-media":"","overlay-type":"","overlay-color":"","overlay-opacity":"","overlay-gradient":""},"tablet":{"background-color":"var(--ast-global-color-5)","background-image":"","background-repeat":"repeat","background-position":"center center","background-size":"auto","background-attachment":"scroll","background-type":"","background-media":"","overlay-type":"","overlay-color":"","overlay-opacity":"","overlay-gradient":""},"mobile":{"background-color":"var(--ast-global-color-5)","background-image":"","background-repeat":"repeat","background-position":"center center","background-size":"auto","background-attachment":"scroll","background-type":"","background-media":"","overlay-type":"","overlay-color":"","overlay-opacity":"","overlay-gradient":""}},"footnotes":""},"categories":[73],"tags":[],"class_list":["post-6194","post","type-post","status-publish","format-standard","has-post-thumbnail","hentry","category-centro-de-actividades"],"yoast_head":"<!-- This site is optimized with the Yoast SEO plugin v27.4 - https:\/\/yoast.com\/product\/yoast-seo-wordpress\/ -->\n<title>La pista de gel tornar\u00e0 a La Farga Centre d&#039;Activitats<\/title>\n<meta name=\"description\" content=\"La pista de gel tornar\u00e0 a La Farga Centre d\u2019Activitats, despr\u00e9s de l\u2019anunci que ha fet el director d\u2019AP Productions, Antonio Peral.\" \/>\n<meta name=\"robots\" content=\"index, follow, max-snippet:-1, max-image-preview:large, max-video-preview:-1\" \/>\n<link rel=\"canonical\" href=\"https:\/\/www.lafarga.com\/corporatiu\/la-pista-de-hielo-volvera-a-la-farga-centro-de-actividades\/\" \/>\n<meta property=\"og:locale\" content=\"ca_ES\" \/>\n<meta property=\"og:type\" content=\"article\" \/>\n<meta property=\"og:title\" content=\"La pista de gel tornar\u00e0 a La Farga Centre d&#039;Activitats\" \/>\n<meta property=\"og:description\" content=\"La pista de gel tornar\u00e0 a La Farga Centre d\u2019Activitats, despr\u00e9s de l\u2019anunci que ha fet el director d\u2019AP Productions, Antonio Peral.\" \/>\n<meta property=\"og:url\" content=\"https:\/\/www.lafarga.com\/corporatiu\/la-pista-de-hielo-volvera-a-la-farga-centro-de-actividades\/\" \/>\n<meta property=\"og:site_name\" content=\"La Farga Gesti\u00f3n de Equipamientos Municipales, S.A.\" \/>\n<meta property=\"article:published_time\" content=\"2016-01-14T15:34:10+00:00\" \/>\n<meta property=\"og:image\" content=\"https:\/\/www.lafarga.com\/corporatiu\/wp-content\/uploads\/2016\/01\/pistagel-farga-balans.jpg\" \/>\n\t<meta property=\"og:image:width\" content=\"730\" \/>\n\t<meta property=\"og:image:height\" content=\"410\" \/>\n\t<meta property=\"og:image:type\" content=\"image\/jpeg\" \/>\n<meta name=\"author\" content=\"admfarga\" \/>\n<meta name=\"twitter:label1\" content=\"Escrit per\" \/>\n\t<meta name=\"twitter:data1\" content=\"admfarga\" \/>\n\t<meta name=\"twitter:label2\" content=\"Temps estimat de lectura\" \/>\n\t<meta name=\"twitter:data2\" content=\"1 minut\" \/>\n<script type=\"application\/ld+json\" class=\"yoast-schema-graph\">{\"@context\":\"https:\\\/\\\/schema.org\",\"@graph\":[{\"@type\":\"Article\",\"@id\":\"https:\\\/\\\/www.lafarga.com\\\/corporatiu\\\/la-pista-de-hielo-volvera-a-la-farga-centro-de-actividades\\\/#article\",\"isPartOf\":{\"@id\":\"https:\\\/\\\/www.lafarga.com\\\/corporatiu\\\/la-pista-de-hielo-volvera-a-la-farga-centro-de-actividades\\\/\"},\"author\":{\"name\":\"admfarga\",\"@id\":\"https:\\\/\\\/www.lafarga.com\\\/corporatiu\\\/#\\\/schema\\\/person\\\/0ad4bc37b46f53e6b85ad51c2ac2d685\"},\"headline\":\"La pista de hielo volver\u00e1 a La Farga Centro de Actividades\",\"datePublished\":\"2016-01-14T15:34:10+00:00\",\"mainEntityOfPage\":{\"@id\":\"https:\\\/\\\/www.lafarga.com\\\/corporatiu\\\/la-pista-de-hielo-volvera-a-la-farga-centro-de-actividades\\\/\"},\"wordCount\":260,\"publisher\":{\"@id\":\"https:\\\/\\\/www.lafarga.com\\\/corporatiu\\\/#organization\"},\"image\":{\"@id\":\"https:\\\/\\\/www.lafarga.com\\\/corporatiu\\\/la-pista-de-hielo-volvera-a-la-farga-centro-de-actividades\\\/#primaryimage\"},\"thumbnailUrl\":\"https:\\\/\\\/www.lafarga.com\\\/corporatiu\\\/wp-content\\\/uploads\\\/2016\\\/01\\\/pistagel-farga-balans.jpg\",\"articleSection\":[\"Centro de Actividades\"],\"inLanguage\":\"ca\"},{\"@type\":\"WebPage\",\"@id\":\"https:\\\/\\\/www.lafarga.com\\\/corporatiu\\\/la-pista-de-hielo-volvera-a-la-farga-centro-de-actividades\\\/\",\"url\":\"https:\\\/\\\/www.lafarga.com\\\/corporatiu\\\/la-pista-de-hielo-volvera-a-la-farga-centro-de-actividades\\\/\",\"name\":\"La pista de gel tornar\u00e0 a La Farga Centre d'Activitats\",\"isPartOf\":{\"@id\":\"https:\\\/\\\/www.lafarga.com\\\/corporatiu\\\/#website\"},\"primaryImageOfPage\":{\"@id\":\"https:\\\/\\\/www.lafarga.com\\\/corporatiu\\\/la-pista-de-hielo-volvera-a-la-farga-centro-de-actividades\\\/#primaryimage\"},\"image\":{\"@id\":\"https:\\\/\\\/www.lafarga.com\\\/corporatiu\\\/la-pista-de-hielo-volvera-a-la-farga-centro-de-actividades\\\/#primaryimage\"},\"thumbnailUrl\":\"https:\\\/\\\/www.lafarga.com\\\/corporatiu\\\/wp-content\\\/uploads\\\/2016\\\/01\\\/pistagel-farga-balans.jpg\",\"datePublished\":\"2016-01-14T15:34:10+00:00\",\"description\":\"La pista de gel tornar\u00e0 a La Farga Centre d\u2019Activitats, despr\u00e9s de l\u2019anunci que ha fet el director d\u2019AP Productions, Antonio Peral.\",\"breadcrumb\":{\"@id\":\"https:\\\/\\\/www.lafarga.com\\\/corporatiu\\\/la-pista-de-hielo-volvera-a-la-farga-centro-de-actividades\\\/#breadcrumb\"},\"inLanguage\":\"ca\",\"potentialAction\":[{\"@type\":\"ReadAction\",\"target\":[\"https:\\\/\\\/www.lafarga.com\\\/corporatiu\\\/la-pista-de-hielo-volvera-a-la-farga-centro-de-actividades\\\/\"]}]},{\"@type\":\"ImageObject\",\"inLanguage\":\"ca\",\"@id\":\"https:\\\/\\\/www.lafarga.com\\\/corporatiu\\\/la-pista-de-hielo-volvera-a-la-farga-centro-de-actividades\\\/#primaryimage\",\"url\":\"https:\\\/\\\/www.lafarga.com\\\/corporatiu\\\/wp-content\\\/uploads\\\/2016\\\/01\\\/pistagel-farga-balans.jpg\",\"contentUrl\":\"https:\\\/\\\/www.lafarga.com\\\/corporatiu\\\/wp-content\\\/uploads\\\/2016\\\/01\\\/pistagel-farga-balans.jpg\",\"width\":730,\"height\":410},{\"@type\":\"BreadcrumbList\",\"@id\":\"https:\\\/\\\/www.lafarga.com\\\/corporatiu\\\/la-pista-de-hielo-volvera-a-la-farga-centro-de-actividades\\\/#breadcrumb\",\"itemListElement\":[{\"@type\":\"ListItem\",\"position\":1,\"name\":\"Home\",\"item\":\"https:\\\/\\\/www.lafarga.com\\\/corporatiu\\\/lafarga-hospitalet-llobregat\\\/\"},{\"@type\":\"ListItem\",\"position\":2,\"name\":\"La pista de hielo volver\u00e1 a La Farga Centro de Actividades\"}]},{\"@type\":\"WebSite\",\"@id\":\"https:\\\/\\\/www.lafarga.com\\\/corporatiu\\\/#website\",\"url\":\"https:\\\/\\\/www.lafarga.com\\\/corporatiu\\\/\",\"name\":\"La Farga Gesti\u00f3 d&#039;Equipaments Municipals, SA\",\"description\":\"\",\"publisher\":{\"@id\":\"https:\\\/\\\/www.lafarga.com\\\/corporatiu\\\/#organization\"},\"potentialAction\":[{\"@type\":\"SearchAction\",\"target\":{\"@type\":\"EntryPoint\",\"urlTemplate\":\"https:\\\/\\\/www.lafarga.com\\\/corporatiu\\\/?s={search_term_string}\"},\"query-input\":{\"@type\":\"PropertyValueSpecification\",\"valueRequired\":true,\"valueName\":\"search_term_string\"}}],\"inLanguage\":\"ca\"},{\"@type\":\"Organization\",\"@id\":\"https:\\\/\\\/www.lafarga.com\\\/corporatiu\\\/#organization\",\"name\":\"La Farga Gesti\u00f3 d&#039;Equipaments Municipals, SA\",\"url\":\"https:\\\/\\\/www.lafarga.com\\\/corporatiu\\\/\",\"logo\":{\"@type\":\"ImageObject\",\"inLanguage\":\"ca\",\"@id\":\"https:\\\/\\\/www.lafarga.com\\\/corporatiu\\\/#\\\/schema\\\/logo\\\/image\\\/\",\"url\":\"https:\\\/\\\/www.lafarga.com\\\/corporatiu\\\/wp-content\\\/uploads\\\/2023\\\/11\\\/logotipo_lafarga_gemsa.svg\",\"contentUrl\":\"https:\\\/\\\/www.lafarga.com\\\/corporatiu\\\/wp-content\\\/uploads\\\/2023\\\/11\\\/logotipo_lafarga_gemsa.svg\",\"width\":102,\"height\":103,\"caption\":\"La Farga Gesti\u00f3 d&#039;Equipaments Municipals, SA\"},\"image\":{\"@id\":\"https:\\\/\\\/www.lafarga.com\\\/corporatiu\\\/#\\\/schema\\\/logo\\\/image\\\/\"}},{\"@type\":\"Person\",\"@id\":\"https:\\\/\\\/www.lafarga.com\\\/corporatiu\\\/#\\\/schema\\\/person\\\/0ad4bc37b46f53e6b85ad51c2ac2d685\",\"name\":\"admfarga\",\"image\":{\"@type\":\"ImageObject\",\"inLanguage\":\"ca\",\"@id\":\"https:\\\/\\\/secure.gravatar.com\\\/avatar\\\/2a2db0975754ce87d41cab8623874e9e5ef5d0add52244aba02a09775feab5cb?s=96&d=mm&r=g\",\"url\":\"https:\\\/\\\/secure.gravatar.com\\\/avatar\\\/2a2db0975754ce87d41cab8623874e9e5ef5d0add52244aba02a09775feab5cb?s=96&d=mm&r=g\",\"contentUrl\":\"https:\\\/\\\/secure.gravatar.com\\\/avatar\\\/2a2db0975754ce87d41cab8623874e9e5ef5d0add52244aba02a09775feab5cb?s=96&d=mm&r=g\",\"caption\":\"admfarga\"},\"url\":\"https:\\\/\\\/www.lafarga.com\\\/corporatiu\\\/author\\\/admfarga\\\/\"}]}<\/script>\n<!-- \/ Yoast SEO plugin. -->","yoast_head_json":{"title":"La pista de gel tornar\u00e0 a La Farga Centre d'Activitats","description":"La pista de gel tornar\u00e0 a La Farga Centre d\u2019Activitats, despr\u00e9s de l\u2019anunci que ha fet el director d\u2019AP Productions, Antonio Peral.","robots":{"index":"index","follow":"follow","max-snippet":"max-snippet:-1","max-image-preview":"max-image-preview:large","max-video-preview":"max-video-preview:-1"},"canonical":"https:\/\/www.lafarga.com\/corporatiu\/la-pista-de-hielo-volvera-a-la-farga-centro-de-actividades\/","og_locale":"ca_ES","og_type":"article","og_title":"La pista de gel tornar\u00e0 a La Farga Centre d'Activitats","og_description":"La pista de gel tornar\u00e0 a La Farga Centre d\u2019Activitats, despr\u00e9s de l\u2019anunci que ha fet el director d\u2019AP Productions, Antonio Peral.","og_url":"https:\/\/www.lafarga.com\/corporatiu\/la-pista-de-hielo-volvera-a-la-farga-centro-de-actividades\/","og_site_name":"La Farga Gesti\u00f3n de Equipamientos Municipales, S.A.","article_published_time":"2016-01-14T15:34:10+00:00","og_image":[{"width":730,"height":410,"url":"https:\/\/www.lafarga.com\/corporatiu\/wp-content\/uploads\/2016\/01\/pistagel-farga-balans.jpg","type":"image\/jpeg"}],"author":"admfarga","twitter_misc":{"Escrit per":"admfarga","Temps estimat de lectura":"1 minut"},"schema":{"@context":"https:\/\/schema.org","@graph":[{"@type":"Article","@id":"https:\/\/www.lafarga.com\/corporatiu\/la-pista-de-hielo-volvera-a-la-farga-centro-de-actividades\/#article","isPartOf":{"@id":"https:\/\/www.lafarga.com\/corporatiu\/la-pista-de-hielo-volvera-a-la-farga-centro-de-actividades\/"},"author":{"name":"admfarga","@id":"https:\/\/www.lafarga.com\/corporatiu\/#\/schema\/person\/0ad4bc37b46f53e6b85ad51c2ac2d685"},"headline":"La pista de hielo volver\u00e1 a La Farga Centro de Actividades","datePublished":"2016-01-14T15:34:10+00:00","mainEntityOfPage":{"@id":"https:\/\/www.lafarga.com\/corporatiu\/la-pista-de-hielo-volvera-a-la-farga-centro-de-actividades\/"},"wordCount":260,"publisher":{"@id":"https:\/\/www.lafarga.com\/corporatiu\/#organization"},"image":{"@id":"https:\/\/www.lafarga.com\/corporatiu\/la-pista-de-hielo-volvera-a-la-farga-centro-de-actividades\/#primaryimage"},"thumbnailUrl":"https:\/\/www.lafarga.com\/corporatiu\/wp-content\/uploads\/2016\/01\/pistagel-farga-balans.jpg","articleSection":["Centro de Actividades"],"inLanguage":"ca"},{"@type":"WebPage","@id":"https:\/\/www.lafarga.com\/corporatiu\/la-pista-de-hielo-volvera-a-la-farga-centro-de-actividades\/","url":"https:\/\/www.lafarga.com\/corporatiu\/la-pista-de-hielo-volvera-a-la-farga-centro-de-actividades\/","name":"La pista de gel tornar\u00e0 a La Farga Centre d'Activitats","isPartOf":{"@id":"https:\/\/www.lafarga.com\/corporatiu\/#website"},"primaryImageOfPage":{"@id":"https:\/\/www.lafarga.com\/corporatiu\/la-pista-de-hielo-volvera-a-la-farga-centro-de-actividades\/#primaryimage"},"image":{"@id":"https:\/\/www.lafarga.com\/corporatiu\/la-pista-de-hielo-volvera-a-la-farga-centro-de-actividades\/#primaryimage"},"thumbnailUrl":"https:\/\/www.lafarga.com\/corporatiu\/wp-content\/uploads\/2016\/01\/pistagel-farga-balans.jpg","datePublished":"2016-01-14T15:34:10+00:00","description":"La pista de gel tornar\u00e0 a La Farga Centre d\u2019Activitats, despr\u00e9s de l\u2019anunci que ha fet el director d\u2019AP Productions, Antonio Peral.","breadcrumb":{"@id":"https:\/\/www.lafarga.com\/corporatiu\/la-pista-de-hielo-volvera-a-la-farga-centro-de-actividades\/#breadcrumb"},"inLanguage":"ca","potentialAction":[{"@type":"ReadAction","target":["https:\/\/www.lafarga.com\/corporatiu\/la-pista-de-hielo-volvera-a-la-farga-centro-de-actividades\/"]}]},{"@type":"ImageObject","inLanguage":"ca","@id":"https:\/\/www.lafarga.com\/corporatiu\/la-pista-de-hielo-volvera-a-la-farga-centro-de-actividades\/#primaryimage","url":"https:\/\/www.lafarga.com\/corporatiu\/wp-content\/uploads\/2016\/01\/pistagel-farga-balans.jpg","contentUrl":"https:\/\/www.lafarga.com\/corporatiu\/wp-content\/uploads\/2016\/01\/pistagel-farga-balans.jpg","width":730,"height":410},{"@type":"BreadcrumbList","@id":"https:\/\/www.lafarga.com\/corporatiu\/la-pista-de-hielo-volvera-a-la-farga-centro-de-actividades\/#breadcrumb","itemListElement":[{"@type":"ListItem","position":1,"name":"Home","item":"https:\/\/www.lafarga.com\/corporatiu\/lafarga-hospitalet-llobregat\/"},{"@type":"ListItem","position":2,"name":"La pista de hielo volver\u00e1 a La Farga Centro de Actividades"}]},{"@type":"WebSite","@id":"https:\/\/www.lafarga.com\/corporatiu\/#website","url":"https:\/\/www.lafarga.com\/corporatiu\/","name":"La Farga Gesti\u00f3 d&#039;Equipaments Municipals, SA","description":"","publisher":{"@id":"https:\/\/www.lafarga.com\/corporatiu\/#organization"},"potentialAction":[{"@type":"SearchAction","target":{"@type":"EntryPoint","urlTemplate":"https:\/\/www.lafarga.com\/corporatiu\/?s={search_term_string}"},"query-input":{"@type":"PropertyValueSpecification","valueRequired":true,"valueName":"search_term_string"}}],"inLanguage":"ca"},{"@type":"Organization","@id":"https:\/\/www.lafarga.com\/corporatiu\/#organization","name":"La Farga Gesti\u00f3 d&#039;Equipaments Municipals, SA","url":"https:\/\/www.lafarga.com\/corporatiu\/","logo":{"@type":"ImageObject","inLanguage":"ca","@id":"https:\/\/www.lafarga.com\/corporatiu\/#\/schema\/logo\/image\/","url":"https:\/\/www.lafarga.com\/corporatiu\/wp-content\/uploads\/2023\/11\/logotipo_lafarga_gemsa.svg","contentUrl":"https:\/\/www.lafarga.com\/corporatiu\/wp-content\/uploads\/2023\/11\/logotipo_lafarga_gemsa.svg","width":102,"height":103,"caption":"La Farga Gesti\u00f3 d&#039;Equipaments Municipals, SA"},"image":{"@id":"https:\/\/www.lafarga.com\/corporatiu\/#\/schema\/logo\/image\/"}},{"@type":"Person","@id":"https:\/\/www.lafarga.com\/corporatiu\/#\/schema\/person\/0ad4bc37b46f53e6b85ad51c2ac2d685","name":"admfarga","image":{"@type":"ImageObject","inLanguage":"ca","@id":"https:\/\/secure.gravatar.com\/avatar\/2a2db0975754ce87d41cab8623874e9e5ef5d0add52244aba02a09775feab5cb?s=96&d=mm&r=g","url":"https:\/\/secure.gravatar.com\/avatar\/2a2db0975754ce87d41cab8623874e9e5ef5d0add52244aba02a09775feab5cb?s=96&d=mm&r=g","contentUrl":"https:\/\/secure.gravatar.com\/avatar\/2a2db0975754ce87d41cab8623874e9e5ef5d0add52244aba02a09775feab5cb?s=96&d=mm&r=g","caption":"admfarga"},"url":"https:\/\/www.lafarga.com\/corporatiu\/author\/admfarga\/"}]}},"uagb_featured_image_src":{"full":["https:\/\/www.lafarga.com\/corporatiu\/wp-content\/uploads\/2016\/01\/pistagel-farga-balans.jpg",730,410,false],"thumbnail":["https:\/\/www.lafarga.com\/corporatiu\/wp-content\/uploads\/2016\/01\/pistagel-farga-balans-150x150.jpg",150,150,true],"medium":["https:\/\/www.lafarga.com\/corporatiu\/wp-content\/uploads\/2016\/01\/pistagel-farga-balans-300x168.jpg",300,168,true],"medium_large":["https:\/\/www.lafarga.com\/corporatiu\/wp-content\/uploads\/2016\/01\/pistagel-farga-balans.jpg",730,410,false],"large":["https:\/\/www.lafarga.com\/corporatiu\/wp-content\/uploads\/2016\/01\/pistagel-farga-balans.jpg",730,410,false],"1536x1536":["https:\/\/www.lafarga.com\/corporatiu\/wp-content\/uploads\/2016\/01\/pistagel-farga-balans.jpg",730,410,false],"2048x2048":["https:\/\/www.lafarga.com\/corporatiu\/wp-content\/uploads\/2016\/01\/pistagel-farga-balans.jpg",730,410,false],"mailpoet_newsletter_max":["https:\/\/www.lafarga.com\/corporatiu\/wp-content\/uploads\/2016\/01\/pistagel-farga-balans.jpg",730,410,false]},"uagb_author_info":{"display_name":"admfarga","author_link":"https:\/\/www.lafarga.com\/corporatiu\/author\/admfarga\/"},"uagb_comment_info":0,"uagb_excerpt":"La pista de hielo volver\u00e1 a la Farga Centro de Actividades, tras el anuncio que ha hecho el director de AP Productions, Antonio Peral, empresa encargada de gestionar el que ha sido el evento masivo de la pasada Navidad, en L'Hospitalet.","_links":{"self":[{"href":"https:\/\/www.lafarga.com\/corporatiu\/wp-json\/wp\/v2\/posts\/6194","targetHints":{"allow":["GET"]}}],"collection":[{"href":"https:\/\/www.lafarga.com\/corporatiu\/wp-json\/wp\/v2\/posts"}],"about":[{"href":"https:\/\/www.lafarga.com\/corporatiu\/wp-json\/wp\/v2\/types\/post"}],"author":[{"embeddable":true,"href":"https:\/\/www.lafarga.com\/corporatiu\/wp-json\/wp\/v2\/users\/8"}],"replies":[{"embeddable":true,"href":"https:\/\/www.lafarga.com\/corporatiu\/wp-json\/wp\/v2\/comments?post=6194"}],"version-history":[{"count":1,"href":"https:\/\/www.lafarga.com\/corporatiu\/wp-json\/wp\/v2\/posts\/6194\/revisions"}],"predecessor-version":[{"id":6195,"href":"https:\/\/www.lafarga.com\/corporatiu\/wp-json\/wp\/v2\/posts\/6194\/revisions\/6195"}],"wp:featuredmedia":[{"embeddable":true,"href":"https:\/\/www.lafarga.com\/corporatiu\/wp-json\/wp\/v2\/media\/6191"}],"wp:attachment":[{"href":"https:\/\/www.lafarga.com\/corporatiu\/wp-json\/wp\/v2\/media?parent=6194"}],"wp:term":[{"taxonomy":"category","embeddable":true,"href":"https:\/\/www.lafarga.com\/corporatiu\/wp-json\/wp\/v2\/categories?post=6194"},{"taxonomy":"post_tag","embeddable":true,"href":"https:\/\/www.lafarga.com\/corporatiu\/wp-json\/wp\/v2\/tags?post=6194"}],"curies":[{"name":"wp","href":"https:\/\/api.w.org\/{rel}","templated":true}]}}