{"id":6190,"date":"2016-01-14T13:59:56","date_gmt":"2016-01-14T13:59:56","guid":{"rendered":"http:\/\/www.lafarga.com\/corporatiu\/?p=6190"},"modified":"2016-01-14T15:34:40","modified_gmt":"2016-01-14T15:34:40","slug":"la-pista-de-gel-tornara-a-la-farga-centre-dactivitats","status":"publish","type":"post","link":"https:\/\/www.lafarga.com\/corporatiu\/la-pista-de-gel-tornara-a-la-farga-centre-dactivitats\/","title":{"rendered":"La pista de gel tornar\u00e0 a La Farga Centre d&#8217;Activitats"},"content":{"rendered":"<p>La pista de gel tornar\u00e0 a La Farga Centre d\u2019Activitats, despr\u00e9s de l\u2019anunci que ha fet el director d\u2019<a href=\"http:\/\/www.ap-productions.org\/ca\/welcome\" target=\"_blank\">AP Productions<\/a>, Antonio Peral, empresa encarregada de gestionar el que ha estat l\u2019esdeveniment massiu del passat Nadal, a L\u2019Hospitalet.<\/p>\n<p>A banda del muntatge de la pista de gel m\u00e9s gran d\u2019Europa tamb\u00e9 s\u2019ha anunciat que hi haur\u00e0 for\u00e7a novetats per a la propera edici\u00f3 <em>\u201cDe moment el projecte est\u00e0 en estat embrionari, per\u00f2 ja tenim algunes idees per a ampliar les activitats de cara a l&#8217;any vinent&#8221;<\/em> ha manifestat Antonio Peral, despr\u00e9s de la roda de premsa d&#8217;aquest dimecres amb l\u2019alcaldessa de L\u2019Hospitalet, N\u00faria Mar\u00edn.<\/p>\n<p>La pista de gel de La Farga ha rebut <a href=\"https:\/\/www.lafarga.com\/corporatiu\/224-000-visitants-passen-per-la-pista-de-gel-de-la-farga\/\" target=\"_blank\">224.000 persones<\/a> des que va obrir les seves portes el passat 27 de novembre amb m\u00e9s d&#8217;un 30% de visitants ve\u00efns i ve\u00efnes de L&#8217;Hospitalet.<\/p>\n<p>La gran aflu\u00e8ncia de p\u00fablic a la pista de gel ha fet que els comer\u00e7os i restaurants de la zona tamb\u00e9 hagin notat un increment en la seva facturaci\u00f3. &#8220;<em>Alguns restaurants ens han comentat que alguns dies estaven doblant la caixa&#8221;<\/em>, ha explicat l&#8217;alcaldessa de la ciutat N\u00faria Mar\u00edn. <em>\u201cEl comer\u00e7 i la restauraci\u00f3 estan molt satisfets amb l&#8217;impacte positiu de la pista de gel&#8221;<\/em>, ha afegit Mar\u00edn. <em>&#8220;Ara volem fer una reflexi\u00f3 conjunta amb ells per veure com podem ampliar la col\u00b7laboraci\u00f3 de cara a properes edicions&#8221;<\/em>.<\/p>\n","protected":false},"excerpt":{"rendered":"<p>La pista de gel tornar\u00e0 a La Farga Centre d\u2019Activitats, despr\u00e9s de l\u2019anunci que ha fet el director d\u2019AP Productions, Antonio Peral, empresa encarregada de gestionar el que ha estat l\u2019esdeveniment massiu del passat Nadal, a L\u2019Hospitalet.<\/p>\n","protected":false},"author":8,"featured_media":6191,"comment_status":"closed","ping_status":"closed","sticky":false,"template":"","format":"standard","meta":{"inline_featured_image":false,"_uag_custom_page_level_css":"","_monsterinsights_skip_tracking":false,"_monsterinsights_sitenote_active":false,"_monsterinsights_sitenote_note":"","_monsterinsights_sitenote_category":0,"site-sidebar-layout":"default","site-content-layout":"","ast-site-content-layout":"default","site-content-style":"default","site-sidebar-style":"default","ast-global-header-display":"","ast-banner-title-visibility":"","ast-main-header-display":"","ast-hfb-above-header-display":"","ast-hfb-below-header-display":"","ast-hfb-mobile-header-display":"","site-post-title":"","ast-breadcrumbs-content":"","ast-featured-img":"","footer-sml-layout":"","ast-disable-related-posts":"","theme-transparent-header-meta":"","adv-header-id-meta":"","stick-header-meta":"","header-above-stick-meta":"","header-main-stick-meta":"","header-below-stick-meta":"","astra-migrate-meta-layouts":"default","ast-page-background-enabled":"default","ast-page-background-meta":{"desktop":{"background-color":"var(--ast-global-color-4)","background-image":"","background-repeat":"repeat","background-position":"center center","background-size":"auto","background-attachment":"scroll","background-type":"","background-media":"","overlay-type":"","overlay-color":"","overlay-opacity":"","overlay-gradient":""},"tablet":{"background-color":"","background-image":"","background-repeat":"repeat","background-position":"center center","background-size":"auto","background-attachment":"scroll","background-type":"","background-media":"","overlay-type":"","overlay-color":"","overlay-opacity":"","overlay-gradient":""},"mobile":{"background-color":"","background-image":"","background-repeat":"repeat","background-position":"center center","background-size":"auto","background-attachment":"scroll","background-type":"","background-media":"","overlay-type":"","overlay-color":"","overlay-opacity":"","overlay-gradient":""}},"ast-content-background-meta":{"desktop":{"background-color":"var(--ast-global-color-5)","background-image":"","background-repeat":"repeat","background-position":"center center","background-size":"auto","background-attachment":"scroll","background-type":"","background-media":"","overlay-type":"","overlay-color":"","overlay-opacity":"","overlay-gradient":""},"tablet":{"background-color":"var(--ast-global-color-5)","background-image":"","background-repeat":"repeat","background-position":"center center","background-size":"auto","background-attachment":"scroll","background-type":"","background-media":"","overlay-type":"","overlay-color":"","overlay-opacity":"","overlay-gradient":""},"mobile":{"background-color":"var(--ast-global-color-5)","background-image":"","background-repeat":"repeat","background-position":"center center","background-size":"auto","background-attachment":"scroll","background-type":"","background-media":"","overlay-type":"","overlay-color":"","overlay-opacity":"","overlay-gradient":""}},"footnotes":""},"categories":[49],"tags":[],"class_list":["post-6190","post","type-post","status-publish","format-standard","has-post-thumbnail","hentry","category-centre-activitats"],"yoast_head":"<!-- This site is optimized with the Yoast SEO plugin v27.4 - https:\/\/yoast.com\/product\/yoast-seo-wordpress\/ -->\n<title>La pista de gel tornar\u00e0 a La Farga Centre d&#039;Activitats<\/title>\n<meta name=\"description\" content=\"La pista de gel tornar\u00e0 a La Farga Centre d\u2019Activitats, despr\u00e9s de l\u2019anunci que ha fet el director d\u2019AP Productions, Antonio Peral.\" \/>\n<meta name=\"robots\" content=\"index, follow, max-snippet:-1, max-image-preview:large, max-video-preview:-1\" \/>\n<link rel=\"canonical\" href=\"https:\/\/www.lafarga.com\/corporatiu\/la-pista-de-gel-tornara-a-la-farga-centre-dactivitats\/\" \/>\n<meta property=\"og:locale\" content=\"ca_ES\" \/>\n<meta property=\"og:type\" content=\"article\" \/>\n<meta property=\"og:title\" content=\"La pista de gel tornar\u00e0 a La Farga Centre d&#039;Activitats\" \/>\n<meta property=\"og:description\" content=\"La pista de gel tornar\u00e0 a La Farga Centre d\u2019Activitats, despr\u00e9s de l\u2019anunci que ha fet el director d\u2019AP Productions, Antonio Peral.\" \/>\n<meta property=\"og:url\" content=\"https:\/\/www.lafarga.com\/corporatiu\/la-pista-de-gel-tornara-a-la-farga-centre-dactivitats\/\" \/>\n<meta property=\"og:site_name\" content=\"La Farga Gesti\u00f3n de Equipamientos Municipales, S.A.\" \/>\n<meta property=\"article:published_time\" content=\"2016-01-14T13:59:56+00:00\" \/>\n<meta property=\"article:modified_time\" content=\"2016-01-14T15:34:40+00:00\" \/>\n<meta property=\"og:image\" content=\"https:\/\/www.lafarga.com\/corporatiu\/wp-content\/uploads\/2016\/01\/pistagel-farga-balans.jpg\" \/>\n\t<meta property=\"og:image:width\" content=\"730\" \/>\n\t<meta property=\"og:image:height\" content=\"410\" \/>\n\t<meta property=\"og:image:type\" content=\"image\/jpeg\" \/>\n<meta name=\"author\" content=\"admfarga\" \/>\n<meta name=\"twitter:label1\" content=\"Escrit per\" \/>\n\t<meta name=\"twitter:data1\" content=\"admfarga\" \/>\n\t<meta name=\"twitter:label2\" content=\"Temps estimat de lectura\" \/>\n\t<meta name=\"twitter:data2\" content=\"1 minut\" \/>\n<script type=\"application\/ld+json\" class=\"yoast-schema-graph\">{\"@context\":\"https:\\\/\\\/schema.org\",\"@graph\":[{\"@type\":\"Article\",\"@id\":\"https:\\\/\\\/www.lafarga.com\\\/corporatiu\\\/la-pista-de-gel-tornara-a-la-farga-centre-dactivitats\\\/#article\",\"isPartOf\":{\"@id\":\"https:\\\/\\\/www.lafarga.com\\\/corporatiu\\\/la-pista-de-gel-tornara-a-la-farga-centre-dactivitats\\\/\"},\"author\":{\"name\":\"admfarga\",\"@id\":\"https:\\\/\\\/www.lafarga.com\\\/corporatiu\\\/#\\\/schema\\\/person\\\/0ad4bc37b46f53e6b85ad51c2ac2d685\"},\"headline\":\"La pista de gel tornar\u00e0 a La Farga Centre d&#8217;Activitats\",\"datePublished\":\"2016-01-14T13:59:56+00:00\",\"dateModified\":\"2016-01-14T15:34:40+00:00\",\"mainEntityOfPage\":{\"@id\":\"https:\\\/\\\/www.lafarga.com\\\/corporatiu\\\/la-pista-de-gel-tornara-a-la-farga-centre-dactivitats\\\/\"},\"wordCount\":264,\"publisher\":{\"@id\":\"https:\\\/\\\/www.lafarga.com\\\/corporatiu\\\/#organization\"},\"image\":{\"@id\":\"https:\\\/\\\/www.lafarga.com\\\/corporatiu\\\/la-pista-de-gel-tornara-a-la-farga-centre-dactivitats\\\/#primaryimage\"},\"thumbnailUrl\":\"https:\\\/\\\/www.lafarga.com\\\/corporatiu\\\/wp-content\\\/uploads\\\/2016\\\/01\\\/pistagel-farga-balans.jpg\",\"articleSection\":[\"Centre d'Activitats\"],\"inLanguage\":\"ca\"},{\"@type\":\"WebPage\",\"@id\":\"https:\\\/\\\/www.lafarga.com\\\/corporatiu\\\/la-pista-de-gel-tornara-a-la-farga-centre-dactivitats\\\/\",\"url\":\"https:\\\/\\\/www.lafarga.com\\\/corporatiu\\\/la-pista-de-gel-tornara-a-la-farga-centre-dactivitats\\\/\",\"name\":\"La pista de gel tornar\u00e0 a La Farga Centre d'Activitats\",\"isPartOf\":{\"@id\":\"https:\\\/\\\/www.lafarga.com\\\/corporatiu\\\/#website\"},\"primaryImageOfPage\":{\"@id\":\"https:\\\/\\\/www.lafarga.com\\\/corporatiu\\\/la-pista-de-gel-tornara-a-la-farga-centre-dactivitats\\\/#primaryimage\"},\"image\":{\"@id\":\"https:\\\/\\\/www.lafarga.com\\\/corporatiu\\\/la-pista-de-gel-tornara-a-la-farga-centre-dactivitats\\\/#primaryimage\"},\"thumbnailUrl\":\"https:\\\/\\\/www.lafarga.com\\\/corporatiu\\\/wp-content\\\/uploads\\\/2016\\\/01\\\/pistagel-farga-balans.jpg\",\"datePublished\":\"2016-01-14T13:59:56+00:00\",\"dateModified\":\"2016-01-14T15:34:40+00:00\",\"description\":\"La pista de gel tornar\u00e0 a La Farga Centre d\u2019Activitats, despr\u00e9s de l\u2019anunci que ha fet el director d\u2019AP Productions, Antonio Peral.\",\"breadcrumb\":{\"@id\":\"https:\\\/\\\/www.lafarga.com\\\/corporatiu\\\/la-pista-de-gel-tornara-a-la-farga-centre-dactivitats\\\/#breadcrumb\"},\"inLanguage\":\"ca\",\"potentialAction\":[{\"@type\":\"ReadAction\",\"target\":[\"https:\\\/\\\/www.lafarga.com\\\/corporatiu\\\/la-pista-de-gel-tornara-a-la-farga-centre-dactivitats\\\/\"]}]},{\"@type\":\"ImageObject\",\"inLanguage\":\"ca\",\"@id\":\"https:\\\/\\\/www.lafarga.com\\\/corporatiu\\\/la-pista-de-gel-tornara-a-la-farga-centre-dactivitats\\\/#primaryimage\",\"url\":\"https:\\\/\\\/www.lafarga.com\\\/corporatiu\\\/wp-content\\\/uploads\\\/2016\\\/01\\\/pistagel-farga-balans.jpg\",\"contentUrl\":\"https:\\\/\\\/www.lafarga.com\\\/corporatiu\\\/wp-content\\\/uploads\\\/2016\\\/01\\\/pistagel-farga-balans.jpg\",\"width\":730,\"height\":410},{\"@type\":\"BreadcrumbList\",\"@id\":\"https:\\\/\\\/www.lafarga.com\\\/corporatiu\\\/la-pista-de-gel-tornara-a-la-farga-centre-dactivitats\\\/#breadcrumb\",\"itemListElement\":[{\"@type\":\"ListItem\",\"position\":1,\"name\":\"Home\",\"item\":\"https:\\\/\\\/www.lafarga.com\\\/corporatiu\\\/lafarga-hospitalet-llobregat\\\/\"},{\"@type\":\"ListItem\",\"position\":2,\"name\":\"La pista de gel tornar\u00e0 a La Farga Centre d&#8217;Activitats\"}]},{\"@type\":\"WebSite\",\"@id\":\"https:\\\/\\\/www.lafarga.com\\\/corporatiu\\\/#website\",\"url\":\"https:\\\/\\\/www.lafarga.com\\\/corporatiu\\\/\",\"name\":\"La Farga Gesti\u00f3 d&#039;Equipaments Municipals, SA\",\"description\":\"\",\"publisher\":{\"@id\":\"https:\\\/\\\/www.lafarga.com\\\/corporatiu\\\/#organization\"},\"potentialAction\":[{\"@type\":\"SearchAction\",\"target\":{\"@type\":\"EntryPoint\",\"urlTemplate\":\"https:\\\/\\\/www.lafarga.com\\\/corporatiu\\\/?s={search_term_string}\"},\"query-input\":{\"@type\":\"PropertyValueSpecification\",\"valueRequired\":true,\"valueName\":\"search_term_string\"}}],\"inLanguage\":\"ca\"},{\"@type\":\"Organization\",\"@id\":\"https:\\\/\\\/www.lafarga.com\\\/corporatiu\\\/#organization\",\"name\":\"La Farga Gesti\u00f3 d&#039;Equipaments Municipals, SA\",\"url\":\"https:\\\/\\\/www.lafarga.com\\\/corporatiu\\\/\",\"logo\":{\"@type\":\"ImageObject\",\"inLanguage\":\"ca\",\"@id\":\"https:\\\/\\\/www.lafarga.com\\\/corporatiu\\\/#\\\/schema\\\/logo\\\/image\\\/\",\"url\":\"https:\\\/\\\/www.lafarga.com\\\/corporatiu\\\/wp-content\\\/uploads\\\/2023\\\/11\\\/logotipo_lafarga_gemsa.svg\",\"contentUrl\":\"https:\\\/\\\/www.lafarga.com\\\/corporatiu\\\/wp-content\\\/uploads\\\/2023\\\/11\\\/logotipo_lafarga_gemsa.svg\",\"width\":102,\"height\":103,\"caption\":\"La Farga Gesti\u00f3 d&#039;Equipaments Municipals, SA\"},\"image\":{\"@id\":\"https:\\\/\\\/www.lafarga.com\\\/corporatiu\\\/#\\\/schema\\\/logo\\\/image\\\/\"}},{\"@type\":\"Person\",\"@id\":\"https:\\\/\\\/www.lafarga.com\\\/corporatiu\\\/#\\\/schema\\\/person\\\/0ad4bc37b46f53e6b85ad51c2ac2d685\",\"name\":\"admfarga\",\"image\":{\"@type\":\"ImageObject\",\"inLanguage\":\"ca\",\"@id\":\"https:\\\/\\\/secure.gravatar.com\\\/avatar\\\/2a2db0975754ce87d41cab8623874e9e5ef5d0add52244aba02a09775feab5cb?s=96&d=mm&r=g\",\"url\":\"https:\\\/\\\/secure.gravatar.com\\\/avatar\\\/2a2db0975754ce87d41cab8623874e9e5ef5d0add52244aba02a09775feab5cb?s=96&d=mm&r=g\",\"contentUrl\":\"https:\\\/\\\/secure.gravatar.com\\\/avatar\\\/2a2db0975754ce87d41cab8623874e9e5ef5d0add52244aba02a09775feab5cb?s=96&d=mm&r=g\",\"caption\":\"admfarga\"},\"url\":\"https:\\\/\\\/www.lafarga.com\\\/corporatiu\\\/author\\\/admfarga\\\/\"}]}<\/script>\n<!-- \/ Yoast SEO plugin. -->","yoast_head_json":{"title":"La pista de gel tornar\u00e0 a La Farga Centre d'Activitats","description":"La pista de gel tornar\u00e0 a La Farga Centre d\u2019Activitats, despr\u00e9s de l\u2019anunci que ha fet el director d\u2019AP Productions, Antonio Peral.","robots":{"index":"index","follow":"follow","max-snippet":"max-snippet:-1","max-image-preview":"max-image-preview:large","max-video-preview":"max-video-preview:-1"},"canonical":"https:\/\/www.lafarga.com\/corporatiu\/la-pista-de-gel-tornara-a-la-farga-centre-dactivitats\/","og_locale":"ca_ES","og_type":"article","og_title":"La pista de gel tornar\u00e0 a La Farga Centre d'Activitats","og_description":"La pista de gel tornar\u00e0 a La Farga Centre d\u2019Activitats, despr\u00e9s de l\u2019anunci que ha fet el director d\u2019AP Productions, Antonio Peral.","og_url":"https:\/\/www.lafarga.com\/corporatiu\/la-pista-de-gel-tornara-a-la-farga-centre-dactivitats\/","og_site_name":"La Farga Gesti\u00f3n de Equipamientos Municipales, S.A.","article_published_time":"2016-01-14T13:59:56+00:00","article_modified_time":"2016-01-14T15:34:40+00:00","og_image":[{"width":730,"height":410,"url":"https:\/\/www.lafarga.com\/corporatiu\/wp-content\/uploads\/2016\/01\/pistagel-farga-balans.jpg","type":"image\/jpeg"}],"author":"admfarga","twitter_misc":{"Escrit per":"admfarga","Temps estimat de lectura":"1 minut"},"schema":{"@context":"https:\/\/schema.org","@graph":[{"@type":"Article","@id":"https:\/\/www.lafarga.com\/corporatiu\/la-pista-de-gel-tornara-a-la-farga-centre-dactivitats\/#article","isPartOf":{"@id":"https:\/\/www.lafarga.com\/corporatiu\/la-pista-de-gel-tornara-a-la-farga-centre-dactivitats\/"},"author":{"name":"admfarga","@id":"https:\/\/www.lafarga.com\/corporatiu\/#\/schema\/person\/0ad4bc37b46f53e6b85ad51c2ac2d685"},"headline":"La pista de gel tornar\u00e0 a La Farga Centre d&#8217;Activitats","datePublished":"2016-01-14T13:59:56+00:00","dateModified":"2016-01-14T15:34:40+00:00","mainEntityOfPage":{"@id":"https:\/\/www.lafarga.com\/corporatiu\/la-pista-de-gel-tornara-a-la-farga-centre-dactivitats\/"},"wordCount":264,"publisher":{"@id":"https:\/\/www.lafarga.com\/corporatiu\/#organization"},"image":{"@id":"https:\/\/www.lafarga.com\/corporatiu\/la-pista-de-gel-tornara-a-la-farga-centre-dactivitats\/#primaryimage"},"thumbnailUrl":"https:\/\/www.lafarga.com\/corporatiu\/wp-content\/uploads\/2016\/01\/pistagel-farga-balans.jpg","articleSection":["Centre d'Activitats"],"inLanguage":"ca"},{"@type":"WebPage","@id":"https:\/\/www.lafarga.com\/corporatiu\/la-pista-de-gel-tornara-a-la-farga-centre-dactivitats\/","url":"https:\/\/www.lafarga.com\/corporatiu\/la-pista-de-gel-tornara-a-la-farga-centre-dactivitats\/","name":"La pista de gel tornar\u00e0 a La Farga Centre d'Activitats","isPartOf":{"@id":"https:\/\/www.lafarga.com\/corporatiu\/#website"},"primaryImageOfPage":{"@id":"https:\/\/www.lafarga.com\/corporatiu\/la-pista-de-gel-tornara-a-la-farga-centre-dactivitats\/#primaryimage"},"image":{"@id":"https:\/\/www.lafarga.com\/corporatiu\/la-pista-de-gel-tornara-a-la-farga-centre-dactivitats\/#primaryimage"},"thumbnailUrl":"https:\/\/www.lafarga.com\/corporatiu\/wp-content\/uploads\/2016\/01\/pistagel-farga-balans.jpg","datePublished":"2016-01-14T13:59:56+00:00","dateModified":"2016-01-14T15:34:40+00:00","description":"La pista de gel tornar\u00e0 a La Farga Centre d\u2019Activitats, despr\u00e9s de l\u2019anunci que ha fet el director d\u2019AP Productions, Antonio Peral.","breadcrumb":{"@id":"https:\/\/www.lafarga.com\/corporatiu\/la-pista-de-gel-tornara-a-la-farga-centre-dactivitats\/#breadcrumb"},"inLanguage":"ca","potentialAction":[{"@type":"ReadAction","target":["https:\/\/www.lafarga.com\/corporatiu\/la-pista-de-gel-tornara-a-la-farga-centre-dactivitats\/"]}]},{"@type":"ImageObject","inLanguage":"ca","@id":"https:\/\/www.lafarga.com\/corporatiu\/la-pista-de-gel-tornara-a-la-farga-centre-dactivitats\/#primaryimage","url":"https:\/\/www.lafarga.com\/corporatiu\/wp-content\/uploads\/2016\/01\/pistagel-farga-balans.jpg","contentUrl":"https:\/\/www.lafarga.com\/corporatiu\/wp-content\/uploads\/2016\/01\/pistagel-farga-balans.jpg","width":730,"height":410},{"@type":"BreadcrumbList","@id":"https:\/\/www.lafarga.com\/corporatiu\/la-pista-de-gel-tornara-a-la-farga-centre-dactivitats\/#breadcrumb","itemListElement":[{"@type":"ListItem","position":1,"name":"Home","item":"https:\/\/www.lafarga.com\/corporatiu\/lafarga-hospitalet-llobregat\/"},{"@type":"ListItem","position":2,"name":"La pista de gel tornar\u00e0 a La Farga Centre d&#8217;Activitats"}]},{"@type":"WebSite","@id":"https:\/\/www.lafarga.com\/corporatiu\/#website","url":"https:\/\/www.lafarga.com\/corporatiu\/","name":"La Farga Gesti\u00f3 d&#039;Equipaments Municipals, SA","description":"","publisher":{"@id":"https:\/\/www.lafarga.com\/corporatiu\/#organization"},"potentialAction":[{"@type":"SearchAction","target":{"@type":"EntryPoint","urlTemplate":"https:\/\/www.lafarga.com\/corporatiu\/?s={search_term_string}"},"query-input":{"@type":"PropertyValueSpecification","valueRequired":true,"valueName":"search_term_string"}}],"inLanguage":"ca"},{"@type":"Organization","@id":"https:\/\/www.lafarga.com\/corporatiu\/#organization","name":"La Farga Gesti\u00f3 d&#039;Equipaments Municipals, SA","url":"https:\/\/www.lafarga.com\/corporatiu\/","logo":{"@type":"ImageObject","inLanguage":"ca","@id":"https:\/\/www.lafarga.com\/corporatiu\/#\/schema\/logo\/image\/","url":"https:\/\/www.lafarga.com\/corporatiu\/wp-content\/uploads\/2023\/11\/logotipo_lafarga_gemsa.svg","contentUrl":"https:\/\/www.lafarga.com\/corporatiu\/wp-content\/uploads\/2023\/11\/logotipo_lafarga_gemsa.svg","width":102,"height":103,"caption":"La Farga Gesti\u00f3 d&#039;Equipaments Municipals, SA"},"image":{"@id":"https:\/\/www.lafarga.com\/corporatiu\/#\/schema\/logo\/image\/"}},{"@type":"Person","@id":"https:\/\/www.lafarga.com\/corporatiu\/#\/schema\/person\/0ad4bc37b46f53e6b85ad51c2ac2d685","name":"admfarga","image":{"@type":"ImageObject","inLanguage":"ca","@id":"https:\/\/secure.gravatar.com\/avatar\/2a2db0975754ce87d41cab8623874e9e5ef5d0add52244aba02a09775feab5cb?s=96&d=mm&r=g","url":"https:\/\/secure.gravatar.com\/avatar\/2a2db0975754ce87d41cab8623874e9e5ef5d0add52244aba02a09775feab5cb?s=96&d=mm&r=g","contentUrl":"https:\/\/secure.gravatar.com\/avatar\/2a2db0975754ce87d41cab8623874e9e5ef5d0add52244aba02a09775feab5cb?s=96&d=mm&r=g","caption":"admfarga"},"url":"https:\/\/www.lafarga.com\/corporatiu\/author\/admfarga\/"}]}},"uagb_featured_image_src":{"full":["https:\/\/www.lafarga.com\/corporatiu\/wp-content\/uploads\/2016\/01\/pistagel-farga-balans.jpg",730,410,false],"thumbnail":["https:\/\/www.lafarga.com\/corporatiu\/wp-content\/uploads\/2016\/01\/pistagel-farga-balans-150x150.jpg",150,150,true],"medium":["https:\/\/www.lafarga.com\/corporatiu\/wp-content\/uploads\/2016\/01\/pistagel-farga-balans-300x168.jpg",300,168,true],"medium_large":["https:\/\/www.lafarga.com\/corporatiu\/wp-content\/uploads\/2016\/01\/pistagel-farga-balans.jpg",730,410,false],"large":["https:\/\/www.lafarga.com\/corporatiu\/wp-content\/uploads\/2016\/01\/pistagel-farga-balans.jpg",730,410,false],"1536x1536":["https:\/\/www.lafarga.com\/corporatiu\/wp-content\/uploads\/2016\/01\/pistagel-farga-balans.jpg",730,410,false],"2048x2048":["https:\/\/www.lafarga.com\/corporatiu\/wp-content\/uploads\/2016\/01\/pistagel-farga-balans.jpg",730,410,false],"mailpoet_newsletter_max":["https:\/\/www.lafarga.com\/corporatiu\/wp-content\/uploads\/2016\/01\/pistagel-farga-balans.jpg",730,410,false]},"uagb_author_info":{"display_name":"admfarga","author_link":"https:\/\/www.lafarga.com\/corporatiu\/author\/admfarga\/"},"uagb_comment_info":0,"uagb_excerpt":"La pista de gel tornar\u00e0 a La Farga Centre d\u2019Activitats, despr\u00e9s de l\u2019anunci que ha fet el director d\u2019AP Productions, Antonio Peral, empresa encarregada de gestionar el que ha estat l\u2019esdeveniment massiu del passat Nadal, a L\u2019Hospitalet.","_links":{"self":[{"href":"https:\/\/www.lafarga.com\/corporatiu\/wp-json\/wp\/v2\/posts\/6190","targetHints":{"allow":["GET"]}}],"collection":[{"href":"https:\/\/www.lafarga.com\/corporatiu\/wp-json\/wp\/v2\/posts"}],"about":[{"href":"https:\/\/www.lafarga.com\/corporatiu\/wp-json\/wp\/v2\/types\/post"}],"author":[{"embeddable":true,"href":"https:\/\/www.lafarga.com\/corporatiu\/wp-json\/wp\/v2\/users\/8"}],"replies":[{"embeddable":true,"href":"https:\/\/www.lafarga.com\/corporatiu\/wp-json\/wp\/v2\/comments?post=6190"}],"version-history":[{"count":3,"href":"https:\/\/www.lafarga.com\/corporatiu\/wp-json\/wp\/v2\/posts\/6190\/revisions"}],"predecessor-version":[{"id":6196,"href":"https:\/\/www.lafarga.com\/corporatiu\/wp-json\/wp\/v2\/posts\/6190\/revisions\/6196"}],"wp:featuredmedia":[{"embeddable":true,"href":"https:\/\/www.lafarga.com\/corporatiu\/wp-json\/wp\/v2\/media\/6191"}],"wp:attachment":[{"href":"https:\/\/www.lafarga.com\/corporatiu\/wp-json\/wp\/v2\/media?parent=6190"}],"wp:term":[{"taxonomy":"category","embeddable":true,"href":"https:\/\/www.lafarga.com\/corporatiu\/wp-json\/wp\/v2\/categories?post=6190"},{"taxonomy":"post_tag","embeddable":true,"href":"https:\/\/www.lafarga.com\/corporatiu\/wp-json\/wp\/v2\/tags?post=6190"}],"curies":[{"name":"wp","href":"https:\/\/api.w.org\/{rel}","templated":true}]}}