{"id":6184,"date":"2016-01-12T10:58:48","date_gmt":"2016-01-12T10:58:48","guid":{"rendered":"http:\/\/www.lafarga.com\/corporatiu\/?p=6184"},"modified":"2016-01-12T11:02:37","modified_gmt":"2016-01-12T11:02:37","slug":"224-000-visitantes-pasan-por-la-pista-de-hielo-de-la-farga","status":"publish","type":"post","link":"https:\/\/www.lafarga.com\/corporatiu\/224-000-visitantes-pasan-por-la-pista-de-hielo-de-la-farga\/","title":{"rendered":"224.000 visitantes pasan por la pista de hielo de La Farga"},"content":{"rendered":"<p>La pista de patinaje sobre hielo urbana m\u00e1s grande de Europa ubicada por primera vez en La Farga Centro de Actividades ha cerrado sus puertas con una buena respuesta por parte de los ciudadanos de L&#8217;Hospitalet, \u00c1rea Metropolitana y Catalunya.<\/p>\n<p>La consolidada instalaci\u00f3n de ocio familiar y de promoci\u00f3n comercial y deportiva impulsada y gestionada por la empresa <a href=\"http:\/\/www.ap-productions.org\/ca\/welcome\" target=\"_blank\">AP Productions<\/a>, ha recibido la visita de 224.000 personas desde su inauguraci\u00f3n, el 27 de noviembre, hasta su clausura este 10 de enero de 2016.<\/p>\n<p>La pista de patinaje sobre hielo ha ampliado este a\u00f1o sus dimensiones hasta los 1.600 m2 (con 250 m2 de pista ni\u00f1os) ocupando 4.000 m2 del recinto principal de La Farga.<\/p>\n<p>Por primera vez, la atracci\u00f3n ha incorporado un espectacular tobog\u00e1n de hielo de m\u00e1s de 40 metros de longitud que ha hecho las delicias de adultos, j\u00f3venes y ni\u00f1os.<\/p>\n<p>La instalaci\u00f3n, con gran cafeter\u00eda, \u00e1rea de recreo gratuito para j\u00f3venes y ni\u00f1os, juegos deportivos como <em>street curling<\/em> o hockey, ha acogido fascinantes exhibiciones de patinaje art\u00edstico sobre hielo protagonizadas por campeonas de la especialidad, gracias a la colaboraci\u00f3n de la <a href=\"http:\/\/www.fceh.cat\/\" target=\"_blank\">Federaci\u00f3 Catalana d&#8217;Esports d&#8217;Hivern<\/a> y diferentes celebraciones o actividades como la presencia de los personajes m\u00e1s emblem\u00e1ticos de la saga Star Wars, que promocionaron el <a href=\"https:\/\/www.lafarga.com\/corporatiu\/el-salon-del-cine-y-las-series-calienta-motores\/\" target=\"_blank\">Sal\u00f3n del Cine y las Series<\/a> que se celebarar\u00e1 en La Farga Centro de Actividades el \u00faltimo fin de semana de enero.<\/p>\n<p><a data-flickr-embed=\"true\"  href=\"https:\/\/www.flickr.com\/photos\/lafargagemsa\/albums\/72157662498653432\" title=\"Pista de Gel &#x27;BarGELona&#x27;\"><img loading=\"lazy\" decoding=\"async\" src=\"https:\/\/farm6.staticflickr.com\/5623\/23877461746_0039150c96_z.jpg\" width=\"640\" height=\"426\" alt=\"Pista de Gel &#x27;BarGELona&#x27;\"><\/a><script async src=\"\/\/embedr.flickr.com\/assets\/client-code.js\" charset=\"utf-8\"><\/script><\/p>\n","protected":false},"excerpt":{"rendered":"<p>La pista de patinaje sobre hielo urbana m\u00e1s grande de Europa ubicada por primera vez en La Farga Centro de Actividades ha cerrado sus puertas con una buena respuesta por parte de los ciudadanos de L&#8217;Hospitalet, \u00c1rea Metropolitana y Catalunya.<\/p>\n","protected":false},"author":8,"featured_media":6182,"comment_status":"closed","ping_status":"closed","sticky":false,"template":"","format":"standard","meta":{"inline_featured_image":false,"_uag_custom_page_level_css":"","_monsterinsights_skip_tracking":false,"_monsterinsights_sitenote_active":false,"_monsterinsights_sitenote_note":"","_monsterinsights_sitenote_category":0,"site-sidebar-layout":"default","site-content-layout":"","ast-site-content-layout":"default","site-content-style":"default","site-sidebar-style":"default","ast-global-header-display":"","ast-banner-title-visibility":"","ast-main-header-display":"","ast-hfb-above-header-display":"","ast-hfb-below-header-display":"","ast-hfb-mobile-header-display":"","site-post-title":"","ast-breadcrumbs-content":"","ast-featured-img":"","footer-sml-layout":"","ast-disable-related-posts":"","theme-transparent-header-meta":"","adv-header-id-meta":"","stick-header-meta":"","header-above-stick-meta":"","header-main-stick-meta":"","header-below-stick-meta":"","astra-migrate-meta-layouts":"default","ast-page-background-enabled":"default","ast-page-background-meta":{"desktop":{"background-color":"var(--ast-global-color-4)","background-image":"","background-repeat":"repeat","background-position":"center center","background-size":"auto","background-attachment":"scroll","background-type":"","background-media":"","overlay-type":"","overlay-color":"","overlay-opacity":"","overlay-gradient":""},"tablet":{"background-color":"","background-image":"","background-repeat":"repeat","background-position":"center center","background-size":"auto","background-attachment":"scroll","background-type":"","background-media":"","overlay-type":"","overlay-color":"","overlay-opacity":"","overlay-gradient":""},"mobile":{"background-color":"","background-image":"","background-repeat":"repeat","background-position":"center center","background-size":"auto","background-attachment":"scroll","background-type":"","background-media":"","overlay-type":"","overlay-color":"","overlay-opacity":"","overlay-gradient":""}},"ast-content-background-meta":{"desktop":{"background-color":"var(--ast-global-color-5)","background-image":"","background-repeat":"repeat","background-position":"center center","background-size":"auto","background-attachment":"scroll","background-type":"","background-media":"","overlay-type":"","overlay-color":"","overlay-opacity":"","overlay-gradient":""},"tablet":{"background-color":"var(--ast-global-color-5)","background-image":"","background-repeat":"repeat","background-position":"center center","background-size":"auto","background-attachment":"scroll","background-type":"","background-media":"","overlay-type":"","overlay-color":"","overlay-opacity":"","overlay-gradient":""},"mobile":{"background-color":"var(--ast-global-color-5)","background-image":"","background-repeat":"repeat","background-position":"center center","background-size":"auto","background-attachment":"scroll","background-type":"","background-media":"","overlay-type":"","overlay-color":"","overlay-opacity":"","overlay-gradient":""}},"footnotes":""},"categories":[73],"tags":[],"class_list":["post-6184","post","type-post","status-publish","format-standard","has-post-thumbnail","hentry","category-centro-de-actividades"],"yoast_head":"<!-- This site is optimized with the Yoast SEO plugin v27.4 - https:\/\/yoast.com\/product\/yoast-seo-wordpress\/ -->\n<title>224.000 visitants passen per la pista de gel de La Farga<\/title>\n<meta name=\"description\" content=\"La pista de patinatge sobre gel urbana m\u00e9s gran d\u2019Europa ubicada per primer cop a La Farga Centre d\u2019Activitats ha tancat portes amb una bona resposta.\" \/>\n<meta name=\"robots\" content=\"index, follow, max-snippet:-1, max-image-preview:large, max-video-preview:-1\" \/>\n<link rel=\"canonical\" href=\"https:\/\/www.lafarga.com\/corporatiu\/224-000-visitantes-pasan-por-la-pista-de-hielo-de-la-farga\/\" \/>\n<meta property=\"og:locale\" content=\"ca_ES\" \/>\n<meta property=\"og:type\" content=\"article\" \/>\n<meta property=\"og:title\" content=\"224.000 visitants passen per la pista de gel de La Farga\" \/>\n<meta property=\"og:description\" content=\"La pista de patinatge sobre gel urbana m\u00e9s gran d\u2019Europa ubicada per primer cop a La Farga Centre d\u2019Activitats ha tancat portes amb una bona resposta.\" \/>\n<meta property=\"og:url\" content=\"https:\/\/www.lafarga.com\/corporatiu\/224-000-visitantes-pasan-por-la-pista-de-hielo-de-la-farga\/\" \/>\n<meta property=\"og:site_name\" content=\"La Farga Gesti\u00f3n de Equipamientos Municipales, S.A.\" \/>\n<meta property=\"article:published_time\" content=\"2016-01-12T10:58:48+00:00\" \/>\n<meta property=\"article:modified_time\" content=\"2016-01-12T11:02:37+00:00\" \/>\n<meta property=\"og:image\" content=\"https:\/\/www.lafarga.com\/corporatiu\/wp-content\/uploads\/2016\/01\/pista-farga-12-01.jpg\" \/>\n\t<meta property=\"og:image:width\" content=\"730\" \/>\n\t<meta property=\"og:image:height\" content=\"410\" \/>\n\t<meta property=\"og:image:type\" content=\"image\/jpeg\" \/>\n<meta name=\"author\" content=\"admfarga\" \/>\n<meta name=\"twitter:label1\" content=\"Escrit per\" \/>\n\t<meta name=\"twitter:data1\" content=\"admfarga\" \/>\n\t<meta name=\"twitter:label2\" content=\"Temps estimat de lectura\" \/>\n\t<meta name=\"twitter:data2\" content=\"1 minut\" \/>\n<script type=\"application\/ld+json\" class=\"yoast-schema-graph\">{\"@context\":\"https:\\\/\\\/schema.org\",\"@graph\":[{\"@type\":\"Article\",\"@id\":\"https:\\\/\\\/www.lafarga.com\\\/corporatiu\\\/224-000-visitantes-pasan-por-la-pista-de-hielo-de-la-farga\\\/#article\",\"isPartOf\":{\"@id\":\"https:\\\/\\\/www.lafarga.com\\\/corporatiu\\\/224-000-visitantes-pasan-por-la-pista-de-hielo-de-la-farga\\\/\"},\"author\":{\"name\":\"admfarga\",\"@id\":\"https:\\\/\\\/www.lafarga.com\\\/corporatiu\\\/#\\\/schema\\\/person\\\/0ad4bc37b46f53e6b85ad51c2ac2d685\"},\"headline\":\"224.000 visitantes pasan por la pista de hielo de La Farga\",\"datePublished\":\"2016-01-12T10:58:48+00:00\",\"dateModified\":\"2016-01-12T11:02:37+00:00\",\"mainEntityOfPage\":{\"@id\":\"https:\\\/\\\/www.lafarga.com\\\/corporatiu\\\/224-000-visitantes-pasan-por-la-pista-de-hielo-de-la-farga\\\/\"},\"wordCount\":256,\"publisher\":{\"@id\":\"https:\\\/\\\/www.lafarga.com\\\/corporatiu\\\/#organization\"},\"image\":{\"@id\":\"https:\\\/\\\/www.lafarga.com\\\/corporatiu\\\/224-000-visitantes-pasan-por-la-pista-de-hielo-de-la-farga\\\/#primaryimage\"},\"thumbnailUrl\":\"https:\\\/\\\/www.lafarga.com\\\/corporatiu\\\/wp-content\\\/uploads\\\/2016\\\/01\\\/pista-farga-12-01.jpg\",\"articleSection\":[\"Centro de Actividades\"],\"inLanguage\":\"ca\"},{\"@type\":\"WebPage\",\"@id\":\"https:\\\/\\\/www.lafarga.com\\\/corporatiu\\\/224-000-visitantes-pasan-por-la-pista-de-hielo-de-la-farga\\\/\",\"url\":\"https:\\\/\\\/www.lafarga.com\\\/corporatiu\\\/224-000-visitantes-pasan-por-la-pista-de-hielo-de-la-farga\\\/\",\"name\":\"224.000 visitants passen per la pista de gel de La Farga\",\"isPartOf\":{\"@id\":\"https:\\\/\\\/www.lafarga.com\\\/corporatiu\\\/#website\"},\"primaryImageOfPage\":{\"@id\":\"https:\\\/\\\/www.lafarga.com\\\/corporatiu\\\/224-000-visitantes-pasan-por-la-pista-de-hielo-de-la-farga\\\/#primaryimage\"},\"image\":{\"@id\":\"https:\\\/\\\/www.lafarga.com\\\/corporatiu\\\/224-000-visitantes-pasan-por-la-pista-de-hielo-de-la-farga\\\/#primaryimage\"},\"thumbnailUrl\":\"https:\\\/\\\/www.lafarga.com\\\/corporatiu\\\/wp-content\\\/uploads\\\/2016\\\/01\\\/pista-farga-12-01.jpg\",\"datePublished\":\"2016-01-12T10:58:48+00:00\",\"dateModified\":\"2016-01-12T11:02:37+00:00\",\"description\":\"La pista de patinatge sobre gel urbana m\u00e9s gran d\u2019Europa ubicada per primer cop a La Farga Centre d\u2019Activitats ha tancat portes amb una bona resposta.\",\"breadcrumb\":{\"@id\":\"https:\\\/\\\/www.lafarga.com\\\/corporatiu\\\/224-000-visitantes-pasan-por-la-pista-de-hielo-de-la-farga\\\/#breadcrumb\"},\"inLanguage\":\"ca\",\"potentialAction\":[{\"@type\":\"ReadAction\",\"target\":[\"https:\\\/\\\/www.lafarga.com\\\/corporatiu\\\/224-000-visitantes-pasan-por-la-pista-de-hielo-de-la-farga\\\/\"]}]},{\"@type\":\"ImageObject\",\"inLanguage\":\"ca\",\"@id\":\"https:\\\/\\\/www.lafarga.com\\\/corporatiu\\\/224-000-visitantes-pasan-por-la-pista-de-hielo-de-la-farga\\\/#primaryimage\",\"url\":\"https:\\\/\\\/www.lafarga.com\\\/corporatiu\\\/wp-content\\\/uploads\\\/2016\\\/01\\\/pista-farga-12-01.jpg\",\"contentUrl\":\"https:\\\/\\\/www.lafarga.com\\\/corporatiu\\\/wp-content\\\/uploads\\\/2016\\\/01\\\/pista-farga-12-01.jpg\",\"width\":730,\"height\":410},{\"@type\":\"BreadcrumbList\",\"@id\":\"https:\\\/\\\/www.lafarga.com\\\/corporatiu\\\/224-000-visitantes-pasan-por-la-pista-de-hielo-de-la-farga\\\/#breadcrumb\",\"itemListElement\":[{\"@type\":\"ListItem\",\"position\":1,\"name\":\"Home\",\"item\":\"https:\\\/\\\/www.lafarga.com\\\/corporatiu\\\/lafarga-hospitalet-llobregat\\\/\"},{\"@type\":\"ListItem\",\"position\":2,\"name\":\"224.000 visitantes pasan por la pista de hielo de La Farga\"}]},{\"@type\":\"WebSite\",\"@id\":\"https:\\\/\\\/www.lafarga.com\\\/corporatiu\\\/#website\",\"url\":\"https:\\\/\\\/www.lafarga.com\\\/corporatiu\\\/\",\"name\":\"La Farga Gesti\u00f3 d&#039;Equipaments Municipals, SA\",\"description\":\"\",\"publisher\":{\"@id\":\"https:\\\/\\\/www.lafarga.com\\\/corporatiu\\\/#organization\"},\"potentialAction\":[{\"@type\":\"SearchAction\",\"target\":{\"@type\":\"EntryPoint\",\"urlTemplate\":\"https:\\\/\\\/www.lafarga.com\\\/corporatiu\\\/?s={search_term_string}\"},\"query-input\":{\"@type\":\"PropertyValueSpecification\",\"valueRequired\":true,\"valueName\":\"search_term_string\"}}],\"inLanguage\":\"ca\"},{\"@type\":\"Organization\",\"@id\":\"https:\\\/\\\/www.lafarga.com\\\/corporatiu\\\/#organization\",\"name\":\"La Farga Gesti\u00f3 d&#039;Equipaments Municipals, SA\",\"url\":\"https:\\\/\\\/www.lafarga.com\\\/corporatiu\\\/\",\"logo\":{\"@type\":\"ImageObject\",\"inLanguage\":\"ca\",\"@id\":\"https:\\\/\\\/www.lafarga.com\\\/corporatiu\\\/#\\\/schema\\\/logo\\\/image\\\/\",\"url\":\"https:\\\/\\\/www.lafarga.com\\\/corporatiu\\\/wp-content\\\/uploads\\\/2023\\\/11\\\/logotipo_lafarga_gemsa.svg\",\"contentUrl\":\"https:\\\/\\\/www.lafarga.com\\\/corporatiu\\\/wp-content\\\/uploads\\\/2023\\\/11\\\/logotipo_lafarga_gemsa.svg\",\"width\":102,\"height\":103,\"caption\":\"La Farga Gesti\u00f3 d&#039;Equipaments Municipals, SA\"},\"image\":{\"@id\":\"https:\\\/\\\/www.lafarga.com\\\/corporatiu\\\/#\\\/schema\\\/logo\\\/image\\\/\"}},{\"@type\":\"Person\",\"@id\":\"https:\\\/\\\/www.lafarga.com\\\/corporatiu\\\/#\\\/schema\\\/person\\\/0ad4bc37b46f53e6b85ad51c2ac2d685\",\"name\":\"admfarga\",\"image\":{\"@type\":\"ImageObject\",\"inLanguage\":\"ca\",\"@id\":\"https:\\\/\\\/secure.gravatar.com\\\/avatar\\\/2a2db0975754ce87d41cab8623874e9e5ef5d0add52244aba02a09775feab5cb?s=96&d=mm&r=g\",\"url\":\"https:\\\/\\\/secure.gravatar.com\\\/avatar\\\/2a2db0975754ce87d41cab8623874e9e5ef5d0add52244aba02a09775feab5cb?s=96&d=mm&r=g\",\"contentUrl\":\"https:\\\/\\\/secure.gravatar.com\\\/avatar\\\/2a2db0975754ce87d41cab8623874e9e5ef5d0add52244aba02a09775feab5cb?s=96&d=mm&r=g\",\"caption\":\"admfarga\"},\"url\":\"https:\\\/\\\/www.lafarga.com\\\/corporatiu\\\/author\\\/admfarga\\\/\"}]}<\/script>\n<!-- \/ Yoast SEO plugin. -->","yoast_head_json":{"title":"224.000 visitants passen per la pista de gel de La Farga","description":"La pista de patinatge sobre gel urbana m\u00e9s gran d\u2019Europa ubicada per primer cop a La Farga Centre d\u2019Activitats ha tancat portes amb una bona resposta.","robots":{"index":"index","follow":"follow","max-snippet":"max-snippet:-1","max-image-preview":"max-image-preview:large","max-video-preview":"max-video-preview:-1"},"canonical":"https:\/\/www.lafarga.com\/corporatiu\/224-000-visitantes-pasan-por-la-pista-de-hielo-de-la-farga\/","og_locale":"ca_ES","og_type":"article","og_title":"224.000 visitants passen per la pista de gel de La Farga","og_description":"La pista de patinatge sobre gel urbana m\u00e9s gran d\u2019Europa ubicada per primer cop a La Farga Centre d\u2019Activitats ha tancat portes amb una bona resposta.","og_url":"https:\/\/www.lafarga.com\/corporatiu\/224-000-visitantes-pasan-por-la-pista-de-hielo-de-la-farga\/","og_site_name":"La Farga Gesti\u00f3n de Equipamientos Municipales, S.A.","article_published_time":"2016-01-12T10:58:48+00:00","article_modified_time":"2016-01-12T11:02:37+00:00","og_image":[{"width":730,"height":410,"url":"https:\/\/www.lafarga.com\/corporatiu\/wp-content\/uploads\/2016\/01\/pista-farga-12-01.jpg","type":"image\/jpeg"}],"author":"admfarga","twitter_misc":{"Escrit per":"admfarga","Temps estimat de lectura":"1 minut"},"schema":{"@context":"https:\/\/schema.org","@graph":[{"@type":"Article","@id":"https:\/\/www.lafarga.com\/corporatiu\/224-000-visitantes-pasan-por-la-pista-de-hielo-de-la-farga\/#article","isPartOf":{"@id":"https:\/\/www.lafarga.com\/corporatiu\/224-000-visitantes-pasan-por-la-pista-de-hielo-de-la-farga\/"},"author":{"name":"admfarga","@id":"https:\/\/www.lafarga.com\/corporatiu\/#\/schema\/person\/0ad4bc37b46f53e6b85ad51c2ac2d685"},"headline":"224.000 visitantes pasan por la pista de hielo de La Farga","datePublished":"2016-01-12T10:58:48+00:00","dateModified":"2016-01-12T11:02:37+00:00","mainEntityOfPage":{"@id":"https:\/\/www.lafarga.com\/corporatiu\/224-000-visitantes-pasan-por-la-pista-de-hielo-de-la-farga\/"},"wordCount":256,"publisher":{"@id":"https:\/\/www.lafarga.com\/corporatiu\/#organization"},"image":{"@id":"https:\/\/www.lafarga.com\/corporatiu\/224-000-visitantes-pasan-por-la-pista-de-hielo-de-la-farga\/#primaryimage"},"thumbnailUrl":"https:\/\/www.lafarga.com\/corporatiu\/wp-content\/uploads\/2016\/01\/pista-farga-12-01.jpg","articleSection":["Centro de Actividades"],"inLanguage":"ca"},{"@type":"WebPage","@id":"https:\/\/www.lafarga.com\/corporatiu\/224-000-visitantes-pasan-por-la-pista-de-hielo-de-la-farga\/","url":"https:\/\/www.lafarga.com\/corporatiu\/224-000-visitantes-pasan-por-la-pista-de-hielo-de-la-farga\/","name":"224.000 visitants passen per la pista de gel de La Farga","isPartOf":{"@id":"https:\/\/www.lafarga.com\/corporatiu\/#website"},"primaryImageOfPage":{"@id":"https:\/\/www.lafarga.com\/corporatiu\/224-000-visitantes-pasan-por-la-pista-de-hielo-de-la-farga\/#primaryimage"},"image":{"@id":"https:\/\/www.lafarga.com\/corporatiu\/224-000-visitantes-pasan-por-la-pista-de-hielo-de-la-farga\/#primaryimage"},"thumbnailUrl":"https:\/\/www.lafarga.com\/corporatiu\/wp-content\/uploads\/2016\/01\/pista-farga-12-01.jpg","datePublished":"2016-01-12T10:58:48+00:00","dateModified":"2016-01-12T11:02:37+00:00","description":"La pista de patinatge sobre gel urbana m\u00e9s gran d\u2019Europa ubicada per primer cop a La Farga Centre d\u2019Activitats ha tancat portes amb una bona resposta.","breadcrumb":{"@id":"https:\/\/www.lafarga.com\/corporatiu\/224-000-visitantes-pasan-por-la-pista-de-hielo-de-la-farga\/#breadcrumb"},"inLanguage":"ca","potentialAction":[{"@type":"ReadAction","target":["https:\/\/www.lafarga.com\/corporatiu\/224-000-visitantes-pasan-por-la-pista-de-hielo-de-la-farga\/"]}]},{"@type":"ImageObject","inLanguage":"ca","@id":"https:\/\/www.lafarga.com\/corporatiu\/224-000-visitantes-pasan-por-la-pista-de-hielo-de-la-farga\/#primaryimage","url":"https:\/\/www.lafarga.com\/corporatiu\/wp-content\/uploads\/2016\/01\/pista-farga-12-01.jpg","contentUrl":"https:\/\/www.lafarga.com\/corporatiu\/wp-content\/uploads\/2016\/01\/pista-farga-12-01.jpg","width":730,"height":410},{"@type":"BreadcrumbList","@id":"https:\/\/www.lafarga.com\/corporatiu\/224-000-visitantes-pasan-por-la-pista-de-hielo-de-la-farga\/#breadcrumb","itemListElement":[{"@type":"ListItem","position":1,"name":"Home","item":"https:\/\/www.lafarga.com\/corporatiu\/lafarga-hospitalet-llobregat\/"},{"@type":"ListItem","position":2,"name":"224.000 visitantes pasan por la pista de hielo de La Farga"}]},{"@type":"WebSite","@id":"https:\/\/www.lafarga.com\/corporatiu\/#website","url":"https:\/\/www.lafarga.com\/corporatiu\/","name":"La Farga Gesti\u00f3 d&#039;Equipaments Municipals, SA","description":"","publisher":{"@id":"https:\/\/www.lafarga.com\/corporatiu\/#organization"},"potentialAction":[{"@type":"SearchAction","target":{"@type":"EntryPoint","urlTemplate":"https:\/\/www.lafarga.com\/corporatiu\/?s={search_term_string}"},"query-input":{"@type":"PropertyValueSpecification","valueRequired":true,"valueName":"search_term_string"}}],"inLanguage":"ca"},{"@type":"Organization","@id":"https:\/\/www.lafarga.com\/corporatiu\/#organization","name":"La Farga Gesti\u00f3 d&#039;Equipaments Municipals, SA","url":"https:\/\/www.lafarga.com\/corporatiu\/","logo":{"@type":"ImageObject","inLanguage":"ca","@id":"https:\/\/www.lafarga.com\/corporatiu\/#\/schema\/logo\/image\/","url":"https:\/\/www.lafarga.com\/corporatiu\/wp-content\/uploads\/2023\/11\/logotipo_lafarga_gemsa.svg","contentUrl":"https:\/\/www.lafarga.com\/corporatiu\/wp-content\/uploads\/2023\/11\/logotipo_lafarga_gemsa.svg","width":102,"height":103,"caption":"La Farga Gesti\u00f3 d&#039;Equipaments Municipals, SA"},"image":{"@id":"https:\/\/www.lafarga.com\/corporatiu\/#\/schema\/logo\/image\/"}},{"@type":"Person","@id":"https:\/\/www.lafarga.com\/corporatiu\/#\/schema\/person\/0ad4bc37b46f53e6b85ad51c2ac2d685","name":"admfarga","image":{"@type":"ImageObject","inLanguage":"ca","@id":"https:\/\/secure.gravatar.com\/avatar\/2a2db0975754ce87d41cab8623874e9e5ef5d0add52244aba02a09775feab5cb?s=96&d=mm&r=g","url":"https:\/\/secure.gravatar.com\/avatar\/2a2db0975754ce87d41cab8623874e9e5ef5d0add52244aba02a09775feab5cb?s=96&d=mm&r=g","contentUrl":"https:\/\/secure.gravatar.com\/avatar\/2a2db0975754ce87d41cab8623874e9e5ef5d0add52244aba02a09775feab5cb?s=96&d=mm&r=g","caption":"admfarga"},"url":"https:\/\/www.lafarga.com\/corporatiu\/author\/admfarga\/"}]}},"uagb_featured_image_src":{"full":["https:\/\/www.lafarga.com\/corporatiu\/wp-content\/uploads\/2016\/01\/pista-farga-12-01.jpg",730,410,false],"thumbnail":["https:\/\/www.lafarga.com\/corporatiu\/wp-content\/uploads\/2016\/01\/pista-farga-12-01-150x150.jpg",150,150,true],"medium":["https:\/\/www.lafarga.com\/corporatiu\/wp-content\/uploads\/2016\/01\/pista-farga-12-01-300x168.jpg",300,168,true],"medium_large":["https:\/\/www.lafarga.com\/corporatiu\/wp-content\/uploads\/2016\/01\/pista-farga-12-01.jpg",730,410,false],"large":["https:\/\/www.lafarga.com\/corporatiu\/wp-content\/uploads\/2016\/01\/pista-farga-12-01.jpg",730,410,false],"1536x1536":["https:\/\/www.lafarga.com\/corporatiu\/wp-content\/uploads\/2016\/01\/pista-farga-12-01.jpg",730,410,false],"2048x2048":["https:\/\/www.lafarga.com\/corporatiu\/wp-content\/uploads\/2016\/01\/pista-farga-12-01.jpg",730,410,false],"mailpoet_newsletter_max":["https:\/\/www.lafarga.com\/corporatiu\/wp-content\/uploads\/2016\/01\/pista-farga-12-01.jpg",730,410,false]},"uagb_author_info":{"display_name":"admfarga","author_link":"https:\/\/www.lafarga.com\/corporatiu\/author\/admfarga\/"},"uagb_comment_info":0,"uagb_excerpt":"La pista de patinaje sobre hielo urbana m\u00e1s grande de Europa ubicada por primera vez en La Farga Centro de Actividades ha cerrado sus puertas con una buena respuesta por parte de los ciudadanos de L'Hospitalet, \u00c1rea Metropolitana y Catalunya.","_links":{"self":[{"href":"https:\/\/www.lafarga.com\/corporatiu\/wp-json\/wp\/v2\/posts\/6184","targetHints":{"allow":["GET"]}}],"collection":[{"href":"https:\/\/www.lafarga.com\/corporatiu\/wp-json\/wp\/v2\/posts"}],"about":[{"href":"https:\/\/www.lafarga.com\/corporatiu\/wp-json\/wp\/v2\/types\/post"}],"author":[{"embeddable":true,"href":"https:\/\/www.lafarga.com\/corporatiu\/wp-json\/wp\/v2\/users\/8"}],"replies":[{"embeddable":true,"href":"https:\/\/www.lafarga.com\/corporatiu\/wp-json\/wp\/v2\/comments?post=6184"}],"version-history":[{"count":2,"href":"https:\/\/www.lafarga.com\/corporatiu\/wp-json\/wp\/v2\/posts\/6184\/revisions"}],"predecessor-version":[{"id":6188,"href":"https:\/\/www.lafarga.com\/corporatiu\/wp-json\/wp\/v2\/posts\/6184\/revisions\/6188"}],"wp:featuredmedia":[{"embeddable":true,"href":"https:\/\/www.lafarga.com\/corporatiu\/wp-json\/wp\/v2\/media\/6182"}],"wp:attachment":[{"href":"https:\/\/www.lafarga.com\/corporatiu\/wp-json\/wp\/v2\/media?parent=6184"}],"wp:term":[{"taxonomy":"category","embeddable":true,"href":"https:\/\/www.lafarga.com\/corporatiu\/wp-json\/wp\/v2\/categories?post=6184"},{"taxonomy":"post_tag","embeddable":true,"href":"https:\/\/www.lafarga.com\/corporatiu\/wp-json\/wp\/v2\/tags?post=6184"}],"curies":[{"name":"wp","href":"https:\/\/api.w.org\/{rel}","templated":true}]}}