{"id":6166,"date":"2016-01-07T12:48:14","date_gmt":"2016-01-07T12:48:14","guid":{"rendered":"http:\/\/www.lafarga.com\/corporatiu\/?p=6166"},"modified":"2016-02-26T12:40:45","modified_gmt":"2016-02-26T12:40:45","slug":"concurs-coordinador-sistemes-tecnologics-multimedia-proces-finalitzat","status":"publish","type":"post","link":"https:\/\/www.lafarga.com\/corporatiu\/concurs-coordinador-sistemes-tecnologics-multimedia-proces-finalitzat\/","title":{"rendered":"Concurs coordinador sistemes tecnol\u00f2gics multim\u00e8dia (proc\u00e9s finalitzat)"},"content":{"rendered":"<p>Convocat\u00f2ria de concurs per cobrir, mitjan\u00e7ant promoci\u00f3 interna, el nou lloc de treball de coordinaci\u00f3 de sistemes tecnol\u00f2gics multim\u00e8dia dins del departament de Mitjans de Comunicaci\u00f3 que gestiona La Farga Gesti\u00f3 d\u2019Equipaments Municipals, S.A.<\/p>\n<p><strong>Informaci\u00f3 i bases<\/strong><br \/>\nA la p\u00e0gina web de La Farga,GEM, S.A.(<a href=\"http:\/\/www.lafarga.com\" target=\"_blank\">www.lafarga.com<\/a>).<\/p>\n<p><strong>Presentaci\u00f3 de sol\u00b7licituds<\/strong><br \/>\nA les oficines de La Farga, Gesti\u00f3 d\u2019Equipaments Municipals, S.A. situades al carrer Barcelona, n\u00fam. 2, de L\u2019Hospitalet, des del 7 de gener de 2016 a les 09:00 hores fins al dia 15 de gener de 2016 a les 14:00 hores.<br \/>\nL\u2019horari de presentaci\u00f3 de sol\u00b7licituds ser\u00e0 de 09:00 a 14:00 hores. Tel\u00e8fon de contacte: 93.261.52.00<\/p>\n<p>L\u2019Hospitalet, a 7 de gener de 2016.<\/p>\n<ul>\n<li><a href=\"https:\/\/www.lafarga.com\/corporatiu\/wp-content\/uploads\/2016\/01\/BASES-CONVOCAT\u00d2RIA-CONCURS-INTERN-COORDINADOR-SISTEMES.pdf\" target=\"_blank\">Bases convocat\u00f2ria concurs intern coordinador sistemes<\/a>.<\/li>\n<li><a href=\"https:\/\/www.lafarga.com\/corporatiu\/wp-content\/uploads\/2016\/01\/ACTA-COORDINADOR-SIST.-T\u00c8NC.-MULTIMEDIA.pdf\" target=\"_blank\">1a acta coordinador sistemes tecnol\u00f2gics multim\u00e8dia<\/a>.<\/li>\n<li><a href=\"https:\/\/www.lafarga.com\/corporatiu\/wp-content\/uploads\/2016\/01\/2\u00aa-ACTA-COORDINADOR-SIST.-T\u00c8CN.-MULTIMEDIA.pdf\" target=\"_blank\">2a acta coordinador sistemes tecnol\u00f2gics multim\u00e8dia<\/a>.<\/li>\n<li><a href=\"https:\/\/www.lafarga.com\/corporatiu\/wp-content\/uploads\/2016\/02\/Resoluci\u00f3-concurs-intern-Coordinador-sistemes.pdf\" target=\"_blank\">3a acta resoluci\u00f3 concurs coordinador sistemes tecnol\u00f2gics multim\u00e8dia<\/a>.<\/li>\n<li><a href=\"https:\/\/www.lafarga.com\/corporatiu\/wp-content\/uploads\/2016\/02\/ACTA-RECTIFICACI\u00d3.pdf\" target=\"_blank\">4a acta coordinador sistemes tecnol\u00f2gics multim\u00e8dia<\/a>.<\/li>\n<\/ul>\n","protected":false},"excerpt":{"rendered":"<p>Convocat\u00f2ria de concurs per cobrir, mitjan\u00e7ant promoci\u00f3 interna, el nou lloc de treball de coordinaci\u00f3 de sistemes tecnol\u00f2gics multim\u00e8dia dins del departament de Mitjans de Comunicaci\u00f3 que gestiona La Farga Gesti\u00f3 d\u2019Equipaments Municipals, S.A.<\/p>\n","protected":false},"author":8,"featured_media":3995,"comment_status":"closed","ping_status":"closed","sticky":false,"template":"","format":"standard","meta":{"inline_featured_image":false,"_uag_custom_page_level_css":"","_monsterinsights_skip_tracking":false,"_monsterinsights_sitenote_active":false,"_monsterinsights_sitenote_note":"","_monsterinsights_sitenote_category":0,"site-sidebar-layout":"default","site-content-layout":"","ast-site-content-layout":"default","site-content-style":"default","site-sidebar-style":"default","ast-global-header-display":"","ast-banner-title-visibility":"","ast-main-header-display":"","ast-hfb-above-header-display":"","ast-hfb-below-header-display":"","ast-hfb-mobile-header-display":"","site-post-title":"","ast-breadcrumbs-content":"","ast-featured-img":"","footer-sml-layout":"","ast-disable-related-posts":"","theme-transparent-header-meta":"","adv-header-id-meta":"","stick-header-meta":"","header-above-stick-meta":"","header-main-stick-meta":"","header-below-stick-meta":"","astra-migrate-meta-layouts":"default","ast-page-background-enabled":"default","ast-page-background-meta":{"desktop":{"background-color":"var(--ast-global-color-4)","background-image":"","background-repeat":"repeat","background-position":"center center","background-size":"auto","background-attachment":"scroll","background-type":"","background-media":"","overlay-type":"","overlay-color":"","overlay-opacity":"","overlay-gradient":""},"tablet":{"background-color":"","background-image":"","background-repeat":"repeat","background-position":"center center","background-size":"auto","background-attachment":"scroll","background-type":"","background-media":"","overlay-type":"","overlay-color":"","overlay-opacity":"","overlay-gradient":""},"mobile":{"background-color":"","background-image":"","background-repeat":"repeat","background-position":"center center","background-size":"auto","background-attachment":"scroll","background-type":"","background-media":"","overlay-type":"","overlay-color":"","overlay-opacity":"","overlay-gradient":""}},"ast-content-background-meta":{"desktop":{"background-color":"var(--ast-global-color-5)","background-image":"","background-repeat":"repeat","background-position":"center center","background-size":"auto","background-attachment":"scroll","background-type":"","background-media":"","overlay-type":"","overlay-color":"","overlay-opacity":"","overlay-gradient":""},"tablet":{"background-color":"var(--ast-global-color-5)","background-image":"","background-repeat":"repeat","background-position":"center center","background-size":"auto","background-attachment":"scroll","background-type":"","background-media":"","overlay-type":"","overlay-color":"","overlay-opacity":"","overlay-gradient":""},"mobile":{"background-color":"var(--ast-global-color-5)","background-image":"","background-repeat":"repeat","background-position":"center center","background-size":"auto","background-attachment":"scroll","background-type":"","background-media":"","overlay-type":"","overlay-color":"","overlay-opacity":"","overlay-gradient":""}},"footnotes":""},"categories":[65],"tags":[],"class_list":["post-6166","post","type-post","status-publish","format-standard","has-post-thumbnail","hentry","category-seleccio-de-personal"],"yoast_head":"<!-- This site is optimized with the Yoast SEO plugin v27.4 - https:\/\/yoast.com\/product\/yoast-seo-wordpress\/ -->\n<title>Concurs coordinador sistemes tecnol\u00f2gics multim\u00e8dia (proc\u00e9s en curs)<\/title>\n<meta name=\"description\" content=\"Concurs per cobrir, mitjan\u00e7ant promoci\u00f3 interna, lloc treball coordinaci\u00f3 sistemes tecnol\u00f2gics multim\u00e8dia dels Mitjans Comunicaci\u00f3 gestiona La Farga GEMSA.\" \/>\n<meta name=\"robots\" content=\"index, follow, max-snippet:-1, max-image-preview:large, max-video-preview:-1\" \/>\n<link rel=\"canonical\" href=\"https:\/\/www.lafarga.com\/corporatiu\/concurs-coordinador-sistemes-tecnologics-multimedia-proces-finalitzat\/\" \/>\n<meta property=\"og:locale\" content=\"ca_ES\" \/>\n<meta property=\"og:type\" content=\"article\" \/>\n<meta property=\"og:title\" content=\"Concurs coordinador sistemes tecnol\u00f2gics multim\u00e8dia (proc\u00e9s en curs)\" \/>\n<meta property=\"og:description\" content=\"Concurs per cobrir, mitjan\u00e7ant promoci\u00f3 interna, lloc treball coordinaci\u00f3 sistemes tecnol\u00f2gics multim\u00e8dia dels Mitjans Comunicaci\u00f3 gestiona La Farga GEMSA.\" \/>\n<meta property=\"og:url\" content=\"https:\/\/www.lafarga.com\/corporatiu\/concurs-coordinador-sistemes-tecnologics-multimedia-proces-finalitzat\/\" \/>\n<meta property=\"og:site_name\" content=\"La Farga Gesti\u00f3n de Equipamientos Municipales, S.A.\" \/>\n<meta property=\"article:published_time\" content=\"2016-01-07T12:48:14+00:00\" \/>\n<meta property=\"article:modified_time\" content=\"2016-02-26T12:40:45+00:00\" \/>\n<meta property=\"og:image\" content=\"https:\/\/www.lafarga.com\/corporatiu\/wp-content\/uploads\/2015\/01\/edifici-mitjans-farga1.jpg\" \/>\n\t<meta property=\"og:image:width\" content=\"730\" \/>\n\t<meta property=\"og:image:height\" content=\"410\" \/>\n\t<meta property=\"og:image:type\" content=\"image\/jpeg\" \/>\n<meta name=\"author\" content=\"admfarga\" \/>\n<meta name=\"twitter:label1\" content=\"Escrit per\" \/>\n\t<meta name=\"twitter:data1\" content=\"admfarga\" \/>\n\t<meta name=\"twitter:label2\" content=\"Temps estimat de lectura\" \/>\n\t<meta name=\"twitter:data2\" content=\"1 minut\" \/>\n<script type=\"application\/ld+json\" class=\"yoast-schema-graph\">{\"@context\":\"https:\\\/\\\/schema.org\",\"@graph\":[{\"@type\":\"Article\",\"@id\":\"https:\\\/\\\/www.lafarga.com\\\/corporatiu\\\/concurs-coordinador-sistemes-tecnologics-multimedia-proces-finalitzat\\\/#article\",\"isPartOf\":{\"@id\":\"https:\\\/\\\/www.lafarga.com\\\/corporatiu\\\/concurs-coordinador-sistemes-tecnologics-multimedia-proces-finalitzat\\\/\"},\"author\":{\"name\":\"admfarga\",\"@id\":\"https:\\\/\\\/www.lafarga.com\\\/corporatiu\\\/#\\\/schema\\\/person\\\/0ad4bc37b46f53e6b85ad51c2ac2d685\"},\"headline\":\"Concurs coordinador sistemes tecnol\u00f2gics multim\u00e8dia (proc\u00e9s finalitzat)\",\"datePublished\":\"2016-01-07T12:48:14+00:00\",\"dateModified\":\"2016-02-26T12:40:45+00:00\",\"mainEntityOfPage\":{\"@id\":\"https:\\\/\\\/www.lafarga.com\\\/corporatiu\\\/concurs-coordinador-sistemes-tecnologics-multimedia-proces-finalitzat\\\/\"},\"wordCount\":171,\"publisher\":{\"@id\":\"https:\\\/\\\/www.lafarga.com\\\/corporatiu\\\/#organization\"},\"image\":{\"@id\":\"https:\\\/\\\/www.lafarga.com\\\/corporatiu\\\/concurs-coordinador-sistemes-tecnologics-multimedia-proces-finalitzat\\\/#primaryimage\"},\"thumbnailUrl\":\"https:\\\/\\\/www.lafarga.com\\\/corporatiu\\\/wp-content\\\/uploads\\\/2015\\\/01\\\/edifici-mitjans-farga1.jpg\",\"articleSection\":[\"Selecci\u00f3 de personal\"],\"inLanguage\":\"ca\"},{\"@type\":\"WebPage\",\"@id\":\"https:\\\/\\\/www.lafarga.com\\\/corporatiu\\\/concurs-coordinador-sistemes-tecnologics-multimedia-proces-finalitzat\\\/\",\"url\":\"https:\\\/\\\/www.lafarga.com\\\/corporatiu\\\/concurs-coordinador-sistemes-tecnologics-multimedia-proces-finalitzat\\\/\",\"name\":\"Concurs coordinador sistemes tecnol\u00f2gics multim\u00e8dia (proc\u00e9s en curs)\",\"isPartOf\":{\"@id\":\"https:\\\/\\\/www.lafarga.com\\\/corporatiu\\\/#website\"},\"primaryImageOfPage\":{\"@id\":\"https:\\\/\\\/www.lafarga.com\\\/corporatiu\\\/concurs-coordinador-sistemes-tecnologics-multimedia-proces-finalitzat\\\/#primaryimage\"},\"image\":{\"@id\":\"https:\\\/\\\/www.lafarga.com\\\/corporatiu\\\/concurs-coordinador-sistemes-tecnologics-multimedia-proces-finalitzat\\\/#primaryimage\"},\"thumbnailUrl\":\"https:\\\/\\\/www.lafarga.com\\\/corporatiu\\\/wp-content\\\/uploads\\\/2015\\\/01\\\/edifici-mitjans-farga1.jpg\",\"datePublished\":\"2016-01-07T12:48:14+00:00\",\"dateModified\":\"2016-02-26T12:40:45+00:00\",\"description\":\"Concurs per cobrir, mitjan\u00e7ant promoci\u00f3 interna, lloc treball coordinaci\u00f3 sistemes tecnol\u00f2gics multim\u00e8dia dels Mitjans Comunicaci\u00f3 gestiona La Farga GEMSA.\",\"breadcrumb\":{\"@id\":\"https:\\\/\\\/www.lafarga.com\\\/corporatiu\\\/concurs-coordinador-sistemes-tecnologics-multimedia-proces-finalitzat\\\/#breadcrumb\"},\"inLanguage\":\"ca\",\"potentialAction\":[{\"@type\":\"ReadAction\",\"target\":[\"https:\\\/\\\/www.lafarga.com\\\/corporatiu\\\/concurs-coordinador-sistemes-tecnologics-multimedia-proces-finalitzat\\\/\"]}]},{\"@type\":\"ImageObject\",\"inLanguage\":\"ca\",\"@id\":\"https:\\\/\\\/www.lafarga.com\\\/corporatiu\\\/concurs-coordinador-sistemes-tecnologics-multimedia-proces-finalitzat\\\/#primaryimage\",\"url\":\"https:\\\/\\\/www.lafarga.com\\\/corporatiu\\\/wp-content\\\/uploads\\\/2015\\\/01\\\/edifici-mitjans-farga1.jpg\",\"contentUrl\":\"https:\\\/\\\/www.lafarga.com\\\/corporatiu\\\/wp-content\\\/uploads\\\/2015\\\/01\\\/edifici-mitjans-farga1.jpg\",\"width\":730,\"height\":410,\"caption\":\"Redactor\"},{\"@type\":\"BreadcrumbList\",\"@id\":\"https:\\\/\\\/www.lafarga.com\\\/corporatiu\\\/concurs-coordinador-sistemes-tecnologics-multimedia-proces-finalitzat\\\/#breadcrumb\",\"itemListElement\":[{\"@type\":\"ListItem\",\"position\":1,\"name\":\"Home\",\"item\":\"https:\\\/\\\/www.lafarga.com\\\/corporatiu\\\/lafarga-hospitalet-llobregat\\\/\"},{\"@type\":\"ListItem\",\"position\":2,\"name\":\"Concurs coordinador sistemes tecnol\u00f2gics multim\u00e8dia (proc\u00e9s finalitzat)\"}]},{\"@type\":\"WebSite\",\"@id\":\"https:\\\/\\\/www.lafarga.com\\\/corporatiu\\\/#website\",\"url\":\"https:\\\/\\\/www.lafarga.com\\\/corporatiu\\\/\",\"name\":\"La Farga Gesti\u00f3 d&#039;Equipaments Municipals, SA\",\"description\":\"\",\"publisher\":{\"@id\":\"https:\\\/\\\/www.lafarga.com\\\/corporatiu\\\/#organization\"},\"potentialAction\":[{\"@type\":\"SearchAction\",\"target\":{\"@type\":\"EntryPoint\",\"urlTemplate\":\"https:\\\/\\\/www.lafarga.com\\\/corporatiu\\\/?s={search_term_string}\"},\"query-input\":{\"@type\":\"PropertyValueSpecification\",\"valueRequired\":true,\"valueName\":\"search_term_string\"}}],\"inLanguage\":\"ca\"},{\"@type\":\"Organization\",\"@id\":\"https:\\\/\\\/www.lafarga.com\\\/corporatiu\\\/#organization\",\"name\":\"La Farga Gesti\u00f3 d&#039;Equipaments Municipals, SA\",\"url\":\"https:\\\/\\\/www.lafarga.com\\\/corporatiu\\\/\",\"logo\":{\"@type\":\"ImageObject\",\"inLanguage\":\"ca\",\"@id\":\"https:\\\/\\\/www.lafarga.com\\\/corporatiu\\\/#\\\/schema\\\/logo\\\/image\\\/\",\"url\":\"https:\\\/\\\/www.lafarga.com\\\/corporatiu\\\/wp-content\\\/uploads\\\/2023\\\/11\\\/logotipo_lafarga_gemsa.svg\",\"contentUrl\":\"https:\\\/\\\/www.lafarga.com\\\/corporatiu\\\/wp-content\\\/uploads\\\/2023\\\/11\\\/logotipo_lafarga_gemsa.svg\",\"width\":102,\"height\":103,\"caption\":\"La Farga Gesti\u00f3 d&#039;Equipaments Municipals, SA\"},\"image\":{\"@id\":\"https:\\\/\\\/www.lafarga.com\\\/corporatiu\\\/#\\\/schema\\\/logo\\\/image\\\/\"}},{\"@type\":\"Person\",\"@id\":\"https:\\\/\\\/www.lafarga.com\\\/corporatiu\\\/#\\\/schema\\\/person\\\/0ad4bc37b46f53e6b85ad51c2ac2d685\",\"name\":\"admfarga\",\"image\":{\"@type\":\"ImageObject\",\"inLanguage\":\"ca\",\"@id\":\"https:\\\/\\\/secure.gravatar.com\\\/avatar\\\/2a2db0975754ce87d41cab8623874e9e5ef5d0add52244aba02a09775feab5cb?s=96&d=mm&r=g\",\"url\":\"https:\\\/\\\/secure.gravatar.com\\\/avatar\\\/2a2db0975754ce87d41cab8623874e9e5ef5d0add52244aba02a09775feab5cb?s=96&d=mm&r=g\",\"contentUrl\":\"https:\\\/\\\/secure.gravatar.com\\\/avatar\\\/2a2db0975754ce87d41cab8623874e9e5ef5d0add52244aba02a09775feab5cb?s=96&d=mm&r=g\",\"caption\":\"admfarga\"},\"url\":\"https:\\\/\\\/www.lafarga.com\\\/corporatiu\\\/author\\\/admfarga\\\/\"}]}<\/script>\n<!-- \/ Yoast SEO plugin. -->","yoast_head_json":{"title":"Concurs coordinador sistemes tecnol\u00f2gics multim\u00e8dia (proc\u00e9s en curs)","description":"Concurs per cobrir, mitjan\u00e7ant promoci\u00f3 interna, lloc treball coordinaci\u00f3 sistemes tecnol\u00f2gics multim\u00e8dia dels Mitjans Comunicaci\u00f3 gestiona La Farga GEMSA.","robots":{"index":"index","follow":"follow","max-snippet":"max-snippet:-1","max-image-preview":"max-image-preview:large","max-video-preview":"max-video-preview:-1"},"canonical":"https:\/\/www.lafarga.com\/corporatiu\/concurs-coordinador-sistemes-tecnologics-multimedia-proces-finalitzat\/","og_locale":"ca_ES","og_type":"article","og_title":"Concurs coordinador sistemes tecnol\u00f2gics multim\u00e8dia (proc\u00e9s en curs)","og_description":"Concurs per cobrir, mitjan\u00e7ant promoci\u00f3 interna, lloc treball coordinaci\u00f3 sistemes tecnol\u00f2gics multim\u00e8dia dels Mitjans Comunicaci\u00f3 gestiona La Farga GEMSA.","og_url":"https:\/\/www.lafarga.com\/corporatiu\/concurs-coordinador-sistemes-tecnologics-multimedia-proces-finalitzat\/","og_site_name":"La Farga Gesti\u00f3n de Equipamientos Municipales, S.A.","article_published_time":"2016-01-07T12:48:14+00:00","article_modified_time":"2016-02-26T12:40:45+00:00","og_image":[{"width":730,"height":410,"url":"https:\/\/www.lafarga.com\/corporatiu\/wp-content\/uploads\/2015\/01\/edifici-mitjans-farga1.jpg","type":"image\/jpeg"}],"author":"admfarga","twitter_misc":{"Escrit per":"admfarga","Temps estimat de lectura":"1 minut"},"schema":{"@context":"https:\/\/schema.org","@graph":[{"@type":"Article","@id":"https:\/\/www.lafarga.com\/corporatiu\/concurs-coordinador-sistemes-tecnologics-multimedia-proces-finalitzat\/#article","isPartOf":{"@id":"https:\/\/www.lafarga.com\/corporatiu\/concurs-coordinador-sistemes-tecnologics-multimedia-proces-finalitzat\/"},"author":{"name":"admfarga","@id":"https:\/\/www.lafarga.com\/corporatiu\/#\/schema\/person\/0ad4bc37b46f53e6b85ad51c2ac2d685"},"headline":"Concurs coordinador sistemes tecnol\u00f2gics multim\u00e8dia (proc\u00e9s finalitzat)","datePublished":"2016-01-07T12:48:14+00:00","dateModified":"2016-02-26T12:40:45+00:00","mainEntityOfPage":{"@id":"https:\/\/www.lafarga.com\/corporatiu\/concurs-coordinador-sistemes-tecnologics-multimedia-proces-finalitzat\/"},"wordCount":171,"publisher":{"@id":"https:\/\/www.lafarga.com\/corporatiu\/#organization"},"image":{"@id":"https:\/\/www.lafarga.com\/corporatiu\/concurs-coordinador-sistemes-tecnologics-multimedia-proces-finalitzat\/#primaryimage"},"thumbnailUrl":"https:\/\/www.lafarga.com\/corporatiu\/wp-content\/uploads\/2015\/01\/edifici-mitjans-farga1.jpg","articleSection":["Selecci\u00f3 de personal"],"inLanguage":"ca"},{"@type":"WebPage","@id":"https:\/\/www.lafarga.com\/corporatiu\/concurs-coordinador-sistemes-tecnologics-multimedia-proces-finalitzat\/","url":"https:\/\/www.lafarga.com\/corporatiu\/concurs-coordinador-sistemes-tecnologics-multimedia-proces-finalitzat\/","name":"Concurs coordinador sistemes tecnol\u00f2gics multim\u00e8dia (proc\u00e9s en curs)","isPartOf":{"@id":"https:\/\/www.lafarga.com\/corporatiu\/#website"},"primaryImageOfPage":{"@id":"https:\/\/www.lafarga.com\/corporatiu\/concurs-coordinador-sistemes-tecnologics-multimedia-proces-finalitzat\/#primaryimage"},"image":{"@id":"https:\/\/www.lafarga.com\/corporatiu\/concurs-coordinador-sistemes-tecnologics-multimedia-proces-finalitzat\/#primaryimage"},"thumbnailUrl":"https:\/\/www.lafarga.com\/corporatiu\/wp-content\/uploads\/2015\/01\/edifici-mitjans-farga1.jpg","datePublished":"2016-01-07T12:48:14+00:00","dateModified":"2016-02-26T12:40:45+00:00","description":"Concurs per cobrir, mitjan\u00e7ant promoci\u00f3 interna, lloc treball coordinaci\u00f3 sistemes tecnol\u00f2gics multim\u00e8dia dels Mitjans Comunicaci\u00f3 gestiona La Farga GEMSA.","breadcrumb":{"@id":"https:\/\/www.lafarga.com\/corporatiu\/concurs-coordinador-sistemes-tecnologics-multimedia-proces-finalitzat\/#breadcrumb"},"inLanguage":"ca","potentialAction":[{"@type":"ReadAction","target":["https:\/\/www.lafarga.com\/corporatiu\/concurs-coordinador-sistemes-tecnologics-multimedia-proces-finalitzat\/"]}]},{"@type":"ImageObject","inLanguage":"ca","@id":"https:\/\/www.lafarga.com\/corporatiu\/concurs-coordinador-sistemes-tecnologics-multimedia-proces-finalitzat\/#primaryimage","url":"https:\/\/www.lafarga.com\/corporatiu\/wp-content\/uploads\/2015\/01\/edifici-mitjans-farga1.jpg","contentUrl":"https:\/\/www.lafarga.com\/corporatiu\/wp-content\/uploads\/2015\/01\/edifici-mitjans-farga1.jpg","width":730,"height":410,"caption":"Redactor"},{"@type":"BreadcrumbList","@id":"https:\/\/www.lafarga.com\/corporatiu\/concurs-coordinador-sistemes-tecnologics-multimedia-proces-finalitzat\/#breadcrumb","itemListElement":[{"@type":"ListItem","position":1,"name":"Home","item":"https:\/\/www.lafarga.com\/corporatiu\/lafarga-hospitalet-llobregat\/"},{"@type":"ListItem","position":2,"name":"Concurs coordinador sistemes tecnol\u00f2gics multim\u00e8dia (proc\u00e9s finalitzat)"}]},{"@type":"WebSite","@id":"https:\/\/www.lafarga.com\/corporatiu\/#website","url":"https:\/\/www.lafarga.com\/corporatiu\/","name":"La Farga Gesti\u00f3 d&#039;Equipaments Municipals, SA","description":"","publisher":{"@id":"https:\/\/www.lafarga.com\/corporatiu\/#organization"},"potentialAction":[{"@type":"SearchAction","target":{"@type":"EntryPoint","urlTemplate":"https:\/\/www.lafarga.com\/corporatiu\/?s={search_term_string}"},"query-input":{"@type":"PropertyValueSpecification","valueRequired":true,"valueName":"search_term_string"}}],"inLanguage":"ca"},{"@type":"Organization","@id":"https:\/\/www.lafarga.com\/corporatiu\/#organization","name":"La Farga Gesti\u00f3 d&#039;Equipaments Municipals, SA","url":"https:\/\/www.lafarga.com\/corporatiu\/","logo":{"@type":"ImageObject","inLanguage":"ca","@id":"https:\/\/www.lafarga.com\/corporatiu\/#\/schema\/logo\/image\/","url":"https:\/\/www.lafarga.com\/corporatiu\/wp-content\/uploads\/2023\/11\/logotipo_lafarga_gemsa.svg","contentUrl":"https:\/\/www.lafarga.com\/corporatiu\/wp-content\/uploads\/2023\/11\/logotipo_lafarga_gemsa.svg","width":102,"height":103,"caption":"La Farga Gesti\u00f3 d&#039;Equipaments Municipals, SA"},"image":{"@id":"https:\/\/www.lafarga.com\/corporatiu\/#\/schema\/logo\/image\/"}},{"@type":"Person","@id":"https:\/\/www.lafarga.com\/corporatiu\/#\/schema\/person\/0ad4bc37b46f53e6b85ad51c2ac2d685","name":"admfarga","image":{"@type":"ImageObject","inLanguage":"ca","@id":"https:\/\/secure.gravatar.com\/avatar\/2a2db0975754ce87d41cab8623874e9e5ef5d0add52244aba02a09775feab5cb?s=96&d=mm&r=g","url":"https:\/\/secure.gravatar.com\/avatar\/2a2db0975754ce87d41cab8623874e9e5ef5d0add52244aba02a09775feab5cb?s=96&d=mm&r=g","contentUrl":"https:\/\/secure.gravatar.com\/avatar\/2a2db0975754ce87d41cab8623874e9e5ef5d0add52244aba02a09775feab5cb?s=96&d=mm&r=g","caption":"admfarga"},"url":"https:\/\/www.lafarga.com\/corporatiu\/author\/admfarga\/"}]}},"uagb_featured_image_src":{"full":["https:\/\/www.lafarga.com\/corporatiu\/wp-content\/uploads\/2015\/01\/edifici-mitjans-farga1.jpg",730,410,false],"thumbnail":["https:\/\/www.lafarga.com\/corporatiu\/wp-content\/uploads\/2015\/01\/edifici-mitjans-farga1-150x150.jpg",150,150,true],"medium":["https:\/\/www.lafarga.com\/corporatiu\/wp-content\/uploads\/2015\/01\/edifici-mitjans-farga1-300x168.jpg",300,168,true],"medium_large":["https:\/\/www.lafarga.com\/corporatiu\/wp-content\/uploads\/2015\/01\/edifici-mitjans-farga1.jpg",730,410,false],"large":["https:\/\/www.lafarga.com\/corporatiu\/wp-content\/uploads\/2015\/01\/edifici-mitjans-farga1.jpg",730,410,false],"1536x1536":["https:\/\/www.lafarga.com\/corporatiu\/wp-content\/uploads\/2015\/01\/edifici-mitjans-farga1.jpg",730,410,false],"2048x2048":["https:\/\/www.lafarga.com\/corporatiu\/wp-content\/uploads\/2015\/01\/edifici-mitjans-farga1.jpg",730,410,false],"mailpoet_newsletter_max":["https:\/\/www.lafarga.com\/corporatiu\/wp-content\/uploads\/2015\/01\/edifici-mitjans-farga1.jpg",730,410,false]},"uagb_author_info":{"display_name":"admfarga","author_link":"https:\/\/www.lafarga.com\/corporatiu\/author\/admfarga\/"},"uagb_comment_info":0,"uagb_excerpt":"Convocat\u00f2ria de concurs per cobrir, mitjan\u00e7ant promoci\u00f3 interna, el nou lloc de treball de coordinaci\u00f3 de sistemes tecnol\u00f2gics multim\u00e8dia dins del departament de Mitjans de Comunicaci\u00f3 que gestiona La Farga Gesti\u00f3 d\u2019Equipaments Municipals, S.A.","_links":{"self":[{"href":"https:\/\/www.lafarga.com\/corporatiu\/wp-json\/wp\/v2\/posts\/6166","targetHints":{"allow":["GET"]}}],"collection":[{"href":"https:\/\/www.lafarga.com\/corporatiu\/wp-json\/wp\/v2\/posts"}],"about":[{"href":"https:\/\/www.lafarga.com\/corporatiu\/wp-json\/wp\/v2\/types\/post"}],"author":[{"embeddable":true,"href":"https:\/\/www.lafarga.com\/corporatiu\/wp-json\/wp\/v2\/users\/8"}],"replies":[{"embeddable":true,"href":"https:\/\/www.lafarga.com\/corporatiu\/wp-json\/wp\/v2\/comments?post=6166"}],"version-history":[{"count":11,"href":"https:\/\/www.lafarga.com\/corporatiu\/wp-json\/wp\/v2\/posts\/6166\/revisions"}],"predecessor-version":[{"id":6675,"href":"https:\/\/www.lafarga.com\/corporatiu\/wp-json\/wp\/v2\/posts\/6166\/revisions\/6675"}],"wp:featuredmedia":[{"embeddable":true,"href":"https:\/\/www.lafarga.com\/corporatiu\/wp-json\/wp\/v2\/media\/3995"}],"wp:attachment":[{"href":"https:\/\/www.lafarga.com\/corporatiu\/wp-json\/wp\/v2\/media?parent=6166"}],"wp:term":[{"taxonomy":"category","embeddable":true,"href":"https:\/\/www.lafarga.com\/corporatiu\/wp-json\/wp\/v2\/categories?post=6166"},{"taxonomy":"post_tag","embeddable":true,"href":"https:\/\/www.lafarga.com\/corporatiu\/wp-json\/wp\/v2\/tags?post=6166"}],"curies":[{"name":"wp","href":"https:\/\/api.w.org\/{rel}","templated":true}]}}