{"id":6157,"date":"2015-12-28T08:29:04","date_gmt":"2015-12-28T08:29:04","guid":{"rendered":"http:\/\/www.lafarga.com\/corporatiu\/?p=6157"},"modified":"2016-01-12T11:07:56","modified_gmt":"2016-01-12T11:07:56","slug":"star-wars-a-la-pista-de-gel-de-la-farga","status":"publish","type":"post","link":"https:\/\/www.lafarga.com\/corporatiu\/star-wars-a-la-pista-de-gel-de-la-farga\/","title":{"rendered":"Star Wars, a la pista de gel de La Farga"},"content":{"rendered":"<p>La pista de gel &#8216;Bargelona&#8217; instal\u00b7lada a La Farga Centre d&#8217;Activitats rep aquest diumenge 3 de gener, a les 17 hores, una visita molt especial.<\/p>\n<p>Gaudeix d&#8217;una tarda de patinatge i interactua amb els teus personatges preferits de &#8216;<strong>Star Wars<\/strong>&#8216; gr\u00e0cies al <a href=\"http:\/\/cinemaworld.es\/\" target=\"_blank\">Sal\u00f3 del Cinema i de les S\u00e8ries<\/a>, <a href=\"https:\/\/starprops.wordpress.com\/\" target=\"_blank\">Star Props<\/a>, &#8216;<a href=\"http:\/\/bargelona.cat\/ca\/\" target=\"_blank\">BarGELona<\/a>&#8216; i La Farga de L&#8217;Hospitalet.<\/p>\n<p>Apr\u00e8n a patinar amb el ca\u00e7a-recompenses m\u00e9s fam\u00f3s de la gal\u00e0xia, <strong>Boba Fett<\/strong> o sentir-se com un veritable<strong> Jedi<\/strong> del patinatge al costat d&#8217;<strong>Obi-Wan Kenobi<\/strong>.<\/p>\n<p>Per\u00f2 alerta! Les forces imperials t&#8217;estaran buscant. Si veus algun <strong>Stormtrooper<\/strong> o <strong>Biker Scout<\/strong>, amaga&#8217;t, o millor encara, dissimula i demana fer-te una foto amb ells!.<\/p>\n<p>I per descomptat, tamb\u00e9 hi seran els grans representants del costat fosc per reclutar nous troopers: L&#8217;incombustible <strong>Darth Vader<\/strong> i el seu successor, el nouvingut <strong>Kylo Ren<\/strong>.<\/p>\n<p>I si vens en cotxe &#8230; compte que els <strong>Jawas<\/strong>, els drapaires de la gal\u00e0xia rondaran a prop. Distreu-los perqu\u00e8 no es posin a treballar i et desmuntin el cotxe.<\/p>\n<p><strong>Star Props<\/strong> juntament amb el <a href=\"https:\/\/www.lafarga.com\/corporatiu\/el-salo-cinema-series-escalfa-motors\/\" target=\"_blank\">Sal\u00f3 del Cinema i les S\u00e8ries<\/a>, et porten a la pista de gel urbana m\u00e9s gran d&#8217;Europa, els personatges m\u00e9s emblem\u00e0tics de la saga de Star Wars per donar a con\u00e8ixer i el Sal\u00f3 que se celebrar\u00e0 el proper 29, 30 i 31 de Gener de 2016 a La Farga Centre d&#8217;Activitats.<\/p>\n","protected":false},"excerpt":{"rendered":"<p>Gaudeix d&#8217;una tarda de patinatge i interactua amb els teus personatges preferits de &#8216;Star Wars&#8217; gr\u00e0cies al Sal\u00f3 del Cinema i de les S\u00e8ries, Star Props, &#8216;BarGELona&#8217; i La Farga de L&#8217;Hospitalet.<\/p>\n","protected":false},"author":8,"featured_media":6158,"comment_status":"closed","ping_status":"closed","sticky":false,"template":"","format":"standard","meta":{"inline_featured_image":false,"_uag_custom_page_level_css":"","_monsterinsights_skip_tracking":false,"_monsterinsights_sitenote_active":false,"_monsterinsights_sitenote_note":"","_monsterinsights_sitenote_category":0,"site-sidebar-layout":"default","site-content-layout":"","ast-site-content-layout":"default","site-content-style":"default","site-sidebar-style":"default","ast-global-header-display":"","ast-banner-title-visibility":"","ast-main-header-display":"","ast-hfb-above-header-display":"","ast-hfb-below-header-display":"","ast-hfb-mobile-header-display":"","site-post-title":"","ast-breadcrumbs-content":"","ast-featured-img":"","footer-sml-layout":"","ast-disable-related-posts":"","theme-transparent-header-meta":"","adv-header-id-meta":"","stick-header-meta":"","header-above-stick-meta":"","header-main-stick-meta":"","header-below-stick-meta":"","astra-migrate-meta-layouts":"default","ast-page-background-enabled":"default","ast-page-background-meta":{"desktop":{"background-color":"var(--ast-global-color-4)","background-image":"","background-repeat":"repeat","background-position":"center center","background-size":"auto","background-attachment":"scroll","background-type":"","background-media":"","overlay-type":"","overlay-color":"","overlay-opacity":"","overlay-gradient":""},"tablet":{"background-color":"","background-image":"","background-repeat":"repeat","background-position":"center center","background-size":"auto","background-attachment":"scroll","background-type":"","background-media":"","overlay-type":"","overlay-color":"","overlay-opacity":"","overlay-gradient":""},"mobile":{"background-color":"","background-image":"","background-repeat":"repeat","background-position":"center center","background-size":"auto","background-attachment":"scroll","background-type":"","background-media":"","overlay-type":"","overlay-color":"","overlay-opacity":"","overlay-gradient":""}},"ast-content-background-meta":{"desktop":{"background-color":"var(--ast-global-color-5)","background-image":"","background-repeat":"repeat","background-position":"center center","background-size":"auto","background-attachment":"scroll","background-type":"","background-media":"","overlay-type":"","overlay-color":"","overlay-opacity":"","overlay-gradient":""},"tablet":{"background-color":"var(--ast-global-color-5)","background-image":"","background-repeat":"repeat","background-position":"center center","background-size":"auto","background-attachment":"scroll","background-type":"","background-media":"","overlay-type":"","overlay-color":"","overlay-opacity":"","overlay-gradient":""},"mobile":{"background-color":"var(--ast-global-color-5)","background-image":"","background-repeat":"repeat","background-position":"center center","background-size":"auto","background-attachment":"scroll","background-type":"","background-media":"","overlay-type":"","overlay-color":"","overlay-opacity":"","overlay-gradient":""}},"footnotes":""},"categories":[49],"tags":[],"class_list":["post-6157","post","type-post","status-publish","format-standard","has-post-thumbnail","hentry","category-centre-activitats"],"yoast_head":"<!-- This site is optimized with the Yoast SEO plugin v27.5 - https:\/\/yoast.com\/product\/yoast-seo-wordpress\/ -->\n<title>Star Wars, a la pista de gel de La Farga de L&#039;Hospitalet<\/title>\n<meta name=\"description\" content=\"Gaudeix d&#039;una tarda de patinatge amb els teus personatges preferits de &#039;Star Wars&#039; gr\u00e0cies al Sal\u00f3 del Cinema i de les S\u00e8ries, Star Props i &#039;BarGELona&#039;.\" \/>\n<meta name=\"robots\" content=\"index, follow, max-snippet:-1, max-image-preview:large, max-video-preview:-1\" \/>\n<link rel=\"canonical\" href=\"https:\/\/www.lafarga.com\/corporatiu\/star-wars-a-la-pista-de-gel-de-la-farga\/\" \/>\n<meta property=\"og:locale\" content=\"ca_ES\" \/>\n<meta property=\"og:type\" content=\"article\" \/>\n<meta property=\"og:title\" content=\"Star Wars, a la pista de gel de La Farga de L&#039;Hospitalet\" \/>\n<meta property=\"og:description\" content=\"Gaudeix d&#039;una tarda de patinatge amb els teus personatges preferits de &#039;Star Wars&#039; gr\u00e0cies al Sal\u00f3 del Cinema i de les S\u00e8ries, Star Props i &#039;BarGELona&#039;.\" \/>\n<meta property=\"og:url\" content=\"https:\/\/www.lafarga.com\/corporatiu\/star-wars-a-la-pista-de-gel-de-la-farga\/\" \/>\n<meta property=\"og:site_name\" content=\"La Farga Gesti\u00f3n de Equipamientos Municipales, S.A.\" \/>\n<meta property=\"article:published_time\" content=\"2015-12-28T08:29:04+00:00\" \/>\n<meta property=\"article:modified_time\" content=\"2016-01-12T11:07:56+00:00\" \/>\n<meta property=\"og:image\" content=\"https:\/\/www.lafarga.com\/corporatiu\/wp-content\/uploads\/2015\/12\/starprops-farga-pistagel.jpg\" \/>\n\t<meta property=\"og:image:width\" content=\"730\" \/>\n\t<meta property=\"og:image:height\" content=\"410\" \/>\n\t<meta property=\"og:image:type\" content=\"image\/jpeg\" \/>\n<meta name=\"author\" content=\"admfarga\" \/>\n<meta name=\"twitter:label1\" content=\"Escrit per\" \/>\n\t<meta name=\"twitter:data1\" content=\"admfarga\" \/>\n\t<meta name=\"twitter:label2\" content=\"Temps estimat de lectura\" \/>\n\t<meta name=\"twitter:data2\" content=\"1 minut\" \/>\n<script type=\"application\/ld+json\" class=\"yoast-schema-graph\">{\"@context\":\"https:\\\/\\\/schema.org\",\"@graph\":[{\"@type\":\"Article\",\"@id\":\"https:\\\/\\\/www.lafarga.com\\\/corporatiu\\\/star-wars-a-la-pista-de-gel-de-la-farga\\\/#article\",\"isPartOf\":{\"@id\":\"https:\\\/\\\/www.lafarga.com\\\/corporatiu\\\/star-wars-a-la-pista-de-gel-de-la-farga\\\/\"},\"author\":{\"name\":\"admfarga\",\"@id\":\"https:\\\/\\\/www.lafarga.com\\\/corporatiu\\\/#\\\/schema\\\/person\\\/0ad4bc37b46f53e6b85ad51c2ac2d685\"},\"headline\":\"Star Wars, a la pista de gel de La Farga\",\"datePublished\":\"2015-12-28T08:29:04+00:00\",\"dateModified\":\"2016-01-12T11:07:56+00:00\",\"mainEntityOfPage\":{\"@id\":\"https:\\\/\\\/www.lafarga.com\\\/corporatiu\\\/star-wars-a-la-pista-de-gel-de-la-farga\\\/\"},\"wordCount\":248,\"publisher\":{\"@id\":\"https:\\\/\\\/www.lafarga.com\\\/corporatiu\\\/#organization\"},\"image\":{\"@id\":\"https:\\\/\\\/www.lafarga.com\\\/corporatiu\\\/star-wars-a-la-pista-de-gel-de-la-farga\\\/#primaryimage\"},\"thumbnailUrl\":\"https:\\\/\\\/www.lafarga.com\\\/corporatiu\\\/wp-content\\\/uploads\\\/2015\\\/12\\\/starprops-farga-pistagel.jpg\",\"articleSection\":[\"Centre d'Activitats\"],\"inLanguage\":\"ca\"},{\"@type\":\"WebPage\",\"@id\":\"https:\\\/\\\/www.lafarga.com\\\/corporatiu\\\/star-wars-a-la-pista-de-gel-de-la-farga\\\/\",\"url\":\"https:\\\/\\\/www.lafarga.com\\\/corporatiu\\\/star-wars-a-la-pista-de-gel-de-la-farga\\\/\",\"name\":\"Star Wars, a la pista de gel de La Farga de L'Hospitalet\",\"isPartOf\":{\"@id\":\"https:\\\/\\\/www.lafarga.com\\\/corporatiu\\\/#website\"},\"primaryImageOfPage\":{\"@id\":\"https:\\\/\\\/www.lafarga.com\\\/corporatiu\\\/star-wars-a-la-pista-de-gel-de-la-farga\\\/#primaryimage\"},\"image\":{\"@id\":\"https:\\\/\\\/www.lafarga.com\\\/corporatiu\\\/star-wars-a-la-pista-de-gel-de-la-farga\\\/#primaryimage\"},\"thumbnailUrl\":\"https:\\\/\\\/www.lafarga.com\\\/corporatiu\\\/wp-content\\\/uploads\\\/2015\\\/12\\\/starprops-farga-pistagel.jpg\",\"datePublished\":\"2015-12-28T08:29:04+00:00\",\"dateModified\":\"2016-01-12T11:07:56+00:00\",\"description\":\"Gaudeix d'una tarda de patinatge amb els teus personatges preferits de 'Star Wars' gr\u00e0cies al Sal\u00f3 del Cinema i de les S\u00e8ries, Star Props i 'BarGELona'.\",\"breadcrumb\":{\"@id\":\"https:\\\/\\\/www.lafarga.com\\\/corporatiu\\\/star-wars-a-la-pista-de-gel-de-la-farga\\\/#breadcrumb\"},\"inLanguage\":\"ca\",\"potentialAction\":[{\"@type\":\"ReadAction\",\"target\":[\"https:\\\/\\\/www.lafarga.com\\\/corporatiu\\\/star-wars-a-la-pista-de-gel-de-la-farga\\\/\"]}]},{\"@type\":\"ImageObject\",\"inLanguage\":\"ca\",\"@id\":\"https:\\\/\\\/www.lafarga.com\\\/corporatiu\\\/star-wars-a-la-pista-de-gel-de-la-farga\\\/#primaryimage\",\"url\":\"https:\\\/\\\/www.lafarga.com\\\/corporatiu\\\/wp-content\\\/uploads\\\/2015\\\/12\\\/starprops-farga-pistagel.jpg\",\"contentUrl\":\"https:\\\/\\\/www.lafarga.com\\\/corporatiu\\\/wp-content\\\/uploads\\\/2015\\\/12\\\/starprops-farga-pistagel.jpg\",\"width\":730,\"height\":410},{\"@type\":\"BreadcrumbList\",\"@id\":\"https:\\\/\\\/www.lafarga.com\\\/corporatiu\\\/star-wars-a-la-pista-de-gel-de-la-farga\\\/#breadcrumb\",\"itemListElement\":[{\"@type\":\"ListItem\",\"position\":1,\"name\":\"Home\",\"item\":\"https:\\\/\\\/www.lafarga.com\\\/corporatiu\\\/lafarga-hospitalet-llobregat\\\/\"},{\"@type\":\"ListItem\",\"position\":2,\"name\":\"Star Wars, a la pista de gel de La Farga\"}]},{\"@type\":\"WebSite\",\"@id\":\"https:\\\/\\\/www.lafarga.com\\\/corporatiu\\\/#website\",\"url\":\"https:\\\/\\\/www.lafarga.com\\\/corporatiu\\\/\",\"name\":\"La Farga Gesti\u00f3 d&#039;Equipaments Municipals, SA\",\"description\":\"\",\"publisher\":{\"@id\":\"https:\\\/\\\/www.lafarga.com\\\/corporatiu\\\/#organization\"},\"potentialAction\":[{\"@type\":\"SearchAction\",\"target\":{\"@type\":\"EntryPoint\",\"urlTemplate\":\"https:\\\/\\\/www.lafarga.com\\\/corporatiu\\\/?s={search_term_string}\"},\"query-input\":{\"@type\":\"PropertyValueSpecification\",\"valueRequired\":true,\"valueName\":\"search_term_string\"}}],\"inLanguage\":\"ca\"},{\"@type\":\"Organization\",\"@id\":\"https:\\\/\\\/www.lafarga.com\\\/corporatiu\\\/#organization\",\"name\":\"La Farga Gesti\u00f3 d&#039;Equipaments Municipals, SA\",\"url\":\"https:\\\/\\\/www.lafarga.com\\\/corporatiu\\\/\",\"logo\":{\"@type\":\"ImageObject\",\"inLanguage\":\"ca\",\"@id\":\"https:\\\/\\\/www.lafarga.com\\\/corporatiu\\\/#\\\/schema\\\/logo\\\/image\\\/\",\"url\":\"https:\\\/\\\/www.lafarga.com\\\/corporatiu\\\/wp-content\\\/uploads\\\/2023\\\/11\\\/logotipo_lafarga_gemsa.svg\",\"contentUrl\":\"https:\\\/\\\/www.lafarga.com\\\/corporatiu\\\/wp-content\\\/uploads\\\/2023\\\/11\\\/logotipo_lafarga_gemsa.svg\",\"width\":102,\"height\":103,\"caption\":\"La Farga Gesti\u00f3 d&#039;Equipaments Municipals, SA\"},\"image\":{\"@id\":\"https:\\\/\\\/www.lafarga.com\\\/corporatiu\\\/#\\\/schema\\\/logo\\\/image\\\/\"}},{\"@type\":\"Person\",\"@id\":\"https:\\\/\\\/www.lafarga.com\\\/corporatiu\\\/#\\\/schema\\\/person\\\/0ad4bc37b46f53e6b85ad51c2ac2d685\",\"name\":\"admfarga\",\"image\":{\"@type\":\"ImageObject\",\"inLanguage\":\"ca\",\"@id\":\"https:\\\/\\\/secure.gravatar.com\\\/avatar\\\/2a2db0975754ce87d41cab8623874e9e5ef5d0add52244aba02a09775feab5cb?s=96&d=mm&r=g\",\"url\":\"https:\\\/\\\/secure.gravatar.com\\\/avatar\\\/2a2db0975754ce87d41cab8623874e9e5ef5d0add52244aba02a09775feab5cb?s=96&d=mm&r=g\",\"contentUrl\":\"https:\\\/\\\/secure.gravatar.com\\\/avatar\\\/2a2db0975754ce87d41cab8623874e9e5ef5d0add52244aba02a09775feab5cb?s=96&d=mm&r=g\",\"caption\":\"admfarga\"},\"url\":\"https:\\\/\\\/www.lafarga.com\\\/corporatiu\\\/author\\\/admfarga\\\/\"}]}<\/script>\n<!-- \/ Yoast SEO plugin. -->","yoast_head_json":{"title":"Star Wars, a la pista de gel de La Farga de L'Hospitalet","description":"Gaudeix d'una tarda de patinatge amb els teus personatges preferits de 'Star Wars' gr\u00e0cies al Sal\u00f3 del Cinema i de les S\u00e8ries, Star Props i 'BarGELona'.","robots":{"index":"index","follow":"follow","max-snippet":"max-snippet:-1","max-image-preview":"max-image-preview:large","max-video-preview":"max-video-preview:-1"},"canonical":"https:\/\/www.lafarga.com\/corporatiu\/star-wars-a-la-pista-de-gel-de-la-farga\/","og_locale":"ca_ES","og_type":"article","og_title":"Star Wars, a la pista de gel de La Farga de L'Hospitalet","og_description":"Gaudeix d'una tarda de patinatge amb els teus personatges preferits de 'Star Wars' gr\u00e0cies al Sal\u00f3 del Cinema i de les S\u00e8ries, Star Props i 'BarGELona'.","og_url":"https:\/\/www.lafarga.com\/corporatiu\/star-wars-a-la-pista-de-gel-de-la-farga\/","og_site_name":"La Farga Gesti\u00f3n de Equipamientos Municipales, S.A.","article_published_time":"2015-12-28T08:29:04+00:00","article_modified_time":"2016-01-12T11:07:56+00:00","og_image":[{"width":730,"height":410,"url":"https:\/\/www.lafarga.com\/corporatiu\/wp-content\/uploads\/2015\/12\/starprops-farga-pistagel.jpg","type":"image\/jpeg"}],"author":"admfarga","twitter_misc":{"Escrit per":"admfarga","Temps estimat de lectura":"1 minut"},"schema":{"@context":"https:\/\/schema.org","@graph":[{"@type":"Article","@id":"https:\/\/www.lafarga.com\/corporatiu\/star-wars-a-la-pista-de-gel-de-la-farga\/#article","isPartOf":{"@id":"https:\/\/www.lafarga.com\/corporatiu\/star-wars-a-la-pista-de-gel-de-la-farga\/"},"author":{"name":"admfarga","@id":"https:\/\/www.lafarga.com\/corporatiu\/#\/schema\/person\/0ad4bc37b46f53e6b85ad51c2ac2d685"},"headline":"Star Wars, a la pista de gel de La Farga","datePublished":"2015-12-28T08:29:04+00:00","dateModified":"2016-01-12T11:07:56+00:00","mainEntityOfPage":{"@id":"https:\/\/www.lafarga.com\/corporatiu\/star-wars-a-la-pista-de-gel-de-la-farga\/"},"wordCount":248,"publisher":{"@id":"https:\/\/www.lafarga.com\/corporatiu\/#organization"},"image":{"@id":"https:\/\/www.lafarga.com\/corporatiu\/star-wars-a-la-pista-de-gel-de-la-farga\/#primaryimage"},"thumbnailUrl":"https:\/\/www.lafarga.com\/corporatiu\/wp-content\/uploads\/2015\/12\/starprops-farga-pistagel.jpg","articleSection":["Centre d'Activitats"],"inLanguage":"ca"},{"@type":"WebPage","@id":"https:\/\/www.lafarga.com\/corporatiu\/star-wars-a-la-pista-de-gel-de-la-farga\/","url":"https:\/\/www.lafarga.com\/corporatiu\/star-wars-a-la-pista-de-gel-de-la-farga\/","name":"Star Wars, a la pista de gel de La Farga de L'Hospitalet","isPartOf":{"@id":"https:\/\/www.lafarga.com\/corporatiu\/#website"},"primaryImageOfPage":{"@id":"https:\/\/www.lafarga.com\/corporatiu\/star-wars-a-la-pista-de-gel-de-la-farga\/#primaryimage"},"image":{"@id":"https:\/\/www.lafarga.com\/corporatiu\/star-wars-a-la-pista-de-gel-de-la-farga\/#primaryimage"},"thumbnailUrl":"https:\/\/www.lafarga.com\/corporatiu\/wp-content\/uploads\/2015\/12\/starprops-farga-pistagel.jpg","datePublished":"2015-12-28T08:29:04+00:00","dateModified":"2016-01-12T11:07:56+00:00","description":"Gaudeix d'una tarda de patinatge amb els teus personatges preferits de 'Star Wars' gr\u00e0cies al Sal\u00f3 del Cinema i de les S\u00e8ries, Star Props i 'BarGELona'.","breadcrumb":{"@id":"https:\/\/www.lafarga.com\/corporatiu\/star-wars-a-la-pista-de-gel-de-la-farga\/#breadcrumb"},"inLanguage":"ca","potentialAction":[{"@type":"ReadAction","target":["https:\/\/www.lafarga.com\/corporatiu\/star-wars-a-la-pista-de-gel-de-la-farga\/"]}]},{"@type":"ImageObject","inLanguage":"ca","@id":"https:\/\/www.lafarga.com\/corporatiu\/star-wars-a-la-pista-de-gel-de-la-farga\/#primaryimage","url":"https:\/\/www.lafarga.com\/corporatiu\/wp-content\/uploads\/2015\/12\/starprops-farga-pistagel.jpg","contentUrl":"https:\/\/www.lafarga.com\/corporatiu\/wp-content\/uploads\/2015\/12\/starprops-farga-pistagel.jpg","width":730,"height":410},{"@type":"BreadcrumbList","@id":"https:\/\/www.lafarga.com\/corporatiu\/star-wars-a-la-pista-de-gel-de-la-farga\/#breadcrumb","itemListElement":[{"@type":"ListItem","position":1,"name":"Home","item":"https:\/\/www.lafarga.com\/corporatiu\/lafarga-hospitalet-llobregat\/"},{"@type":"ListItem","position":2,"name":"Star Wars, a la pista de gel de La Farga"}]},{"@type":"WebSite","@id":"https:\/\/www.lafarga.com\/corporatiu\/#website","url":"https:\/\/www.lafarga.com\/corporatiu\/","name":"La Farga Gesti\u00f3 d&#039;Equipaments Municipals, SA","description":"","publisher":{"@id":"https:\/\/www.lafarga.com\/corporatiu\/#organization"},"potentialAction":[{"@type":"SearchAction","target":{"@type":"EntryPoint","urlTemplate":"https:\/\/www.lafarga.com\/corporatiu\/?s={search_term_string}"},"query-input":{"@type":"PropertyValueSpecification","valueRequired":true,"valueName":"search_term_string"}}],"inLanguage":"ca"},{"@type":"Organization","@id":"https:\/\/www.lafarga.com\/corporatiu\/#organization","name":"La Farga Gesti\u00f3 d&#039;Equipaments Municipals, SA","url":"https:\/\/www.lafarga.com\/corporatiu\/","logo":{"@type":"ImageObject","inLanguage":"ca","@id":"https:\/\/www.lafarga.com\/corporatiu\/#\/schema\/logo\/image\/","url":"https:\/\/www.lafarga.com\/corporatiu\/wp-content\/uploads\/2023\/11\/logotipo_lafarga_gemsa.svg","contentUrl":"https:\/\/www.lafarga.com\/corporatiu\/wp-content\/uploads\/2023\/11\/logotipo_lafarga_gemsa.svg","width":102,"height":103,"caption":"La Farga Gesti\u00f3 d&#039;Equipaments Municipals, SA"},"image":{"@id":"https:\/\/www.lafarga.com\/corporatiu\/#\/schema\/logo\/image\/"}},{"@type":"Person","@id":"https:\/\/www.lafarga.com\/corporatiu\/#\/schema\/person\/0ad4bc37b46f53e6b85ad51c2ac2d685","name":"admfarga","image":{"@type":"ImageObject","inLanguage":"ca","@id":"https:\/\/secure.gravatar.com\/avatar\/2a2db0975754ce87d41cab8623874e9e5ef5d0add52244aba02a09775feab5cb?s=96&d=mm&r=g","url":"https:\/\/secure.gravatar.com\/avatar\/2a2db0975754ce87d41cab8623874e9e5ef5d0add52244aba02a09775feab5cb?s=96&d=mm&r=g","contentUrl":"https:\/\/secure.gravatar.com\/avatar\/2a2db0975754ce87d41cab8623874e9e5ef5d0add52244aba02a09775feab5cb?s=96&d=mm&r=g","caption":"admfarga"},"url":"https:\/\/www.lafarga.com\/corporatiu\/author\/admfarga\/"}]}},"uagb_featured_image_src":{"full":["https:\/\/www.lafarga.com\/corporatiu\/wp-content\/uploads\/2015\/12\/starprops-farga-pistagel.jpg",730,410,false],"thumbnail":["https:\/\/www.lafarga.com\/corporatiu\/wp-content\/uploads\/2015\/12\/starprops-farga-pistagel-150x150.jpg",150,150,true],"medium":["https:\/\/www.lafarga.com\/corporatiu\/wp-content\/uploads\/2015\/12\/starprops-farga-pistagel-300x168.jpg",300,168,true],"medium_large":["https:\/\/www.lafarga.com\/corporatiu\/wp-content\/uploads\/2015\/12\/starprops-farga-pistagel.jpg",730,410,false],"large":["https:\/\/www.lafarga.com\/corporatiu\/wp-content\/uploads\/2015\/12\/starprops-farga-pistagel.jpg",730,410,false],"1536x1536":["https:\/\/www.lafarga.com\/corporatiu\/wp-content\/uploads\/2015\/12\/starprops-farga-pistagel.jpg",730,410,false],"2048x2048":["https:\/\/www.lafarga.com\/corporatiu\/wp-content\/uploads\/2015\/12\/starprops-farga-pistagel.jpg",730,410,false],"mailpoet_newsletter_max":["https:\/\/www.lafarga.com\/corporatiu\/wp-content\/uploads\/2015\/12\/starprops-farga-pistagel.jpg",730,410,false]},"uagb_author_info":{"display_name":"admfarga","author_link":"https:\/\/www.lafarga.com\/corporatiu\/author\/admfarga\/"},"uagb_comment_info":0,"uagb_excerpt":"Gaudeix d'una tarda de patinatge i interactua amb els teus personatges preferits de 'Star Wars' gr\u00e0cies al Sal\u00f3 del Cinema i de les S\u00e8ries, Star Props, 'BarGELona' i La Farga de L'Hospitalet.","_links":{"self":[{"href":"https:\/\/www.lafarga.com\/corporatiu\/wp-json\/wp\/v2\/posts\/6157","targetHints":{"allow":["GET"]}}],"collection":[{"href":"https:\/\/www.lafarga.com\/corporatiu\/wp-json\/wp\/v2\/posts"}],"about":[{"href":"https:\/\/www.lafarga.com\/corporatiu\/wp-json\/wp\/v2\/types\/post"}],"author":[{"embeddable":true,"href":"https:\/\/www.lafarga.com\/corporatiu\/wp-json\/wp\/v2\/users\/8"}],"replies":[{"embeddable":true,"href":"https:\/\/www.lafarga.com\/corporatiu\/wp-json\/wp\/v2\/comments?post=6157"}],"version-history":[{"count":3,"href":"https:\/\/www.lafarga.com\/corporatiu\/wp-json\/wp\/v2\/posts\/6157\/revisions"}],"predecessor-version":[{"id":6162,"href":"https:\/\/www.lafarga.com\/corporatiu\/wp-json\/wp\/v2\/posts\/6157\/revisions\/6162"}],"wp:featuredmedia":[{"embeddable":true,"href":"https:\/\/www.lafarga.com\/corporatiu\/wp-json\/wp\/v2\/media\/6158"}],"wp:attachment":[{"href":"https:\/\/www.lafarga.com\/corporatiu\/wp-json\/wp\/v2\/media?parent=6157"}],"wp:term":[{"taxonomy":"category","embeddable":true,"href":"https:\/\/www.lafarga.com\/corporatiu\/wp-json\/wp\/v2\/categories?post=6157"},{"taxonomy":"post_tag","embeddable":true,"href":"https:\/\/www.lafarga.com\/corporatiu\/wp-json\/wp\/v2\/tags?post=6157"}],"curies":[{"name":"wp","href":"https:\/\/api.w.org\/{rel}","templated":true}]}}