{"id":6028,"date":"2015-12-22T20:13:02","date_gmt":"2015-12-22T20:13:02","guid":{"rendered":"http:\/\/www.lafarga.com\/corporatiu\/?p=6028"},"modified":"2015-12-28T21:14:00","modified_gmt":"2015-12-28T21:14:00","slug":"el-salon-del-cine-y-las-series-calienta-motores","status":"publish","type":"post","link":"https:\/\/www.lafarga.com\/corporatiu\/el-salon-del-cine-y-las-series-calienta-motores\/","title":{"rendered":"El Sal\u00f3n del Cine y las Series calienta motores"},"content":{"rendered":"<p>Llega el primer Sal\u00f3n del Cine y las Series, organizado por <a href=\"http:\/\/cinemaworld.es\/\" target=\"_blank\">Cinemaworld<\/a> y La Farga de L&#8217;Hospitalet y que se celebrar\u00e1 los pr\u00f3ximos d\u00edas 29, 30 y 31 de enero de 2016 en La Farga Centro de Actividades.<\/p>\n<p>Este evento debe ser el punto de encuentro de todos los aficionados al cine y las series, de todas las edades, tanto desde el punto de vista cultural, ocio y l\u00fadico, as\u00ed como lugar de promoci\u00f3n para productoras y distribuidoras y nuevos proyectos.<\/p>\n<p>Hasta el momento el Sal\u00f3n del Cine y las Series contar\u00e1 con la presencia de 60 expositores entre empresas y asociaciones relacionadas con el sector: tiendas especializadas, escuelas de cine, distribuidoras, plataformas online de cine y series, empresas tecnol\u00f3gicas, entidades sin \u00e1nimo de lucro, entre otros.<\/p>\n<p>Otro de los atractivos del Sal\u00f3n del Cine y las Series ser\u00e1n las numerosas exposiciones tem\u00e1ticas que podremos ver en los 8.500m2 de recinto. Destacan las que giran alrededor del mundo Star Wars, Indiana Jones (en colaboraci\u00f3n con el Museo Arqueol\u00f3gico de Catalunya) y James Bond. Tambi\u00e9n cabe destacar la muestra &#8220;Papel, tinta y acci\u00f3n&#8221;, exposici\u00f3n de revistas de cine desde 1910, y la que nos presentar\u00e1 Fotogramas: &#8220;Luz, modernidad y rebeld\u00eda&#8221;.<\/p>\n<p>El Sal\u00f3n del Cine y las Series cuenta con numerosas actividades previstas entre conferencias, charlas y espacios de participaci\u00f3n como el de realidad virtual que nos ofrecer\u00e1 experiencias interactivas para el p\u00fablico.<\/p>\n<p>Una de las apuestas de la organizaci\u00f3n es que el certamen se convierta en un marco para luchar contra la pirater\u00eda y que tambi\u00e9n sea plataforma de crowdfunding para nuevos proyectos. En este sentido habr\u00e1 hasta 15 proyectos audiovisuales buscando micromecenazgo, aparte de que 1\u20ac del precio de la entrada ser\u00e1 destinado a estas propuestas.<\/p>\n<p>En el apartado de los concursos encontraremos el de Canon (en el que se podr\u00e1 ganar una c\u00e1mara Canon XC80), de carteles de cine, cosplay y el concurso de la escuela <a href=\"http:\/\/elplatodecinema.com\/\" target=\"_blank\">Plat\u00f3 de Cinema<\/a>. Como atractivo del sal\u00f3n todos los visitantes podr\u00e1n pasar por el photocall de la popular serie Juego de Tronos e incluso sentarse en el trono.<\/p>\n<p>El Sal\u00f3n del Cine y las Series nos presenta una veintena de conferencias, charlas y mesas redondas. Cabe destacar la charla sobre J.J. Abrams a cargo del cr\u00edtico Toni de la Torre, sobre m\u00fasica y cine por Rub\u00e9n Gimeno, director de la Orquestra Simf\u00f2nica del Vall\u00e9s, de series como Twin Peaks, Fargo, ciencia ficci\u00f3n de los a\u00f1os 70 y 80, entre otras y mesas redondas con actores, directores y guionistas.<\/p>\n<p>Con el Sal\u00f3n del Cine y las Series se podr\u00e1 disfrutar durante tres d\u00edas, en La Farga de L&#8217;Hospitalet, de todo aquello que rodea el s\u00e9ptimo arte, sin olvidar un sector tan al alza como son las series.<\/p>\n","protected":false},"excerpt":{"rendered":"<p>Llega el primer Sal\u00f3n del Cine y las Series, organizado por Cinemaworld y La Farga de L&#8217;Hospitalet y que se celebrar\u00e1 los pr\u00f3ximos d\u00edas 29, 30 y 31 de enero de 2016 en La Farga Centro de Actividades.<\/p>\n","protected":false},"author":8,"featured_media":6026,"comment_status":"closed","ping_status":"closed","sticky":false,"template":"","format":"standard","meta":{"inline_featured_image":false,"_uag_custom_page_level_css":"","_monsterinsights_skip_tracking":false,"_monsterinsights_sitenote_active":false,"_monsterinsights_sitenote_note":"","_monsterinsights_sitenote_category":0,"site-sidebar-layout":"default","site-content-layout":"","ast-site-content-layout":"default","site-content-style":"default","site-sidebar-style":"default","ast-global-header-display":"","ast-banner-title-visibility":"","ast-main-header-display":"","ast-hfb-above-header-display":"","ast-hfb-below-header-display":"","ast-hfb-mobile-header-display":"","site-post-title":"","ast-breadcrumbs-content":"","ast-featured-img":"","footer-sml-layout":"","ast-disable-related-posts":"","theme-transparent-header-meta":"","adv-header-id-meta":"","stick-header-meta":"","header-above-stick-meta":"","header-main-stick-meta":"","header-below-stick-meta":"","astra-migrate-meta-layouts":"default","ast-page-background-enabled":"default","ast-page-background-meta":{"desktop":{"background-color":"var(--ast-global-color-4)","background-image":"","background-repeat":"repeat","background-position":"center center","background-size":"auto","background-attachment":"scroll","background-type":"","background-media":"","overlay-type":"","overlay-color":"","overlay-opacity":"","overlay-gradient":""},"tablet":{"background-color":"","background-image":"","background-repeat":"repeat","background-position":"center center","background-size":"auto","background-attachment":"scroll","background-type":"","background-media":"","overlay-type":"","overlay-color":"","overlay-opacity":"","overlay-gradient":""},"mobile":{"background-color":"","background-image":"","background-repeat":"repeat","background-position":"center center","background-size":"auto","background-attachment":"scroll","background-type":"","background-media":"","overlay-type":"","overlay-color":"","overlay-opacity":"","overlay-gradient":""}},"ast-content-background-meta":{"desktop":{"background-color":"var(--ast-global-color-5)","background-image":"","background-repeat":"repeat","background-position":"center center","background-size":"auto","background-attachment":"scroll","background-type":"","background-media":"","overlay-type":"","overlay-color":"","overlay-opacity":"","overlay-gradient":""},"tablet":{"background-color":"var(--ast-global-color-5)","background-image":"","background-repeat":"repeat","background-position":"center center","background-size":"auto","background-attachment":"scroll","background-type":"","background-media":"","overlay-type":"","overlay-color":"","overlay-opacity":"","overlay-gradient":""},"mobile":{"background-color":"var(--ast-global-color-5)","background-image":"","background-repeat":"repeat","background-position":"center center","background-size":"auto","background-attachment":"scroll","background-type":"","background-media":"","overlay-type":"","overlay-color":"","overlay-opacity":"","overlay-gradient":""}},"footnotes":""},"categories":[73],"tags":[],"class_list":["post-6028","post","type-post","status-publish","format-standard","has-post-thumbnail","hentry","category-centro-de-actividades"],"yoast_head":"<!-- This site is optimized with the Yoast SEO plugin v27.5 - https:\/\/yoast.com\/product\/yoast-seo-wordpress\/ -->\n<title>El Sal\u00f3 del Cinema i les S\u00e8ries escalfa motors<\/title>\n<meta name=\"description\" content=\"Arriba el primer Sal\u00f3 del Cinema i les S\u00e8ries, organitzat per Cinemaworld i La Farga de L\u2019Hospitalet i que se celebrar\u00e0 els propers dies 29, 30 i 31 gener.\" \/>\n<meta name=\"robots\" content=\"index, follow, max-snippet:-1, max-image-preview:large, max-video-preview:-1\" \/>\n<link rel=\"canonical\" href=\"https:\/\/www.lafarga.com\/corporatiu\/el-salon-del-cine-y-las-series-calienta-motores\/\" \/>\n<meta property=\"og:locale\" content=\"ca_ES\" \/>\n<meta property=\"og:type\" content=\"article\" \/>\n<meta property=\"og:title\" content=\"El Sal\u00f3 del Cinema i les S\u00e8ries escalfa motors\" \/>\n<meta property=\"og:description\" content=\"Arriba el primer Sal\u00f3 del Cinema i les S\u00e8ries, organitzat per Cinemaworld i La Farga de L\u2019Hospitalet i que se celebrar\u00e0 els propers dies 29, 30 i 31 gener.\" \/>\n<meta property=\"og:url\" content=\"https:\/\/www.lafarga.com\/corporatiu\/el-salon-del-cine-y-las-series-calienta-motores\/\" \/>\n<meta property=\"og:site_name\" content=\"La Farga Gesti\u00f3n de Equipamientos Municipales, S.A.\" \/>\n<meta property=\"article:published_time\" content=\"2015-12-22T20:13:02+00:00\" \/>\n<meta property=\"article:modified_time\" content=\"2015-12-28T21:14:00+00:00\" \/>\n<meta property=\"og:image\" content=\"https:\/\/www.lafarga.com\/corporatiu\/wp-content\/uploads\/2015\/12\/salodelcinema.jpg\" \/>\n\t<meta property=\"og:image:width\" content=\"730\" \/>\n\t<meta property=\"og:image:height\" content=\"410\" \/>\n\t<meta property=\"og:image:type\" content=\"image\/jpeg\" \/>\n<meta name=\"author\" content=\"admfarga\" \/>\n<meta name=\"twitter:label1\" content=\"Escrit per\" \/>\n\t<meta name=\"twitter:data1\" content=\"admfarga\" \/>\n\t<meta name=\"twitter:label2\" content=\"Temps estimat de lectura\" \/>\n\t<meta name=\"twitter:data2\" content=\"2 minuts\" \/>\n<script type=\"application\/ld+json\" class=\"yoast-schema-graph\">{\"@context\":\"https:\\\/\\\/schema.org\",\"@graph\":[{\"@type\":\"Article\",\"@id\":\"https:\\\/\\\/www.lafarga.com\\\/corporatiu\\\/el-salon-del-cine-y-las-series-calienta-motores\\\/#article\",\"isPartOf\":{\"@id\":\"https:\\\/\\\/www.lafarga.com\\\/corporatiu\\\/el-salon-del-cine-y-las-series-calienta-motores\\\/\"},\"author\":{\"name\":\"admfarga\",\"@id\":\"https:\\\/\\\/www.lafarga.com\\\/corporatiu\\\/#\\\/schema\\\/person\\\/0ad4bc37b46f53e6b85ad51c2ac2d685\"},\"headline\":\"El Sal\u00f3n del Cine y las Series calienta motores\",\"datePublished\":\"2015-12-22T20:13:02+00:00\",\"dateModified\":\"2015-12-28T21:14:00+00:00\",\"mainEntityOfPage\":{\"@id\":\"https:\\\/\\\/www.lafarga.com\\\/corporatiu\\\/el-salon-del-cine-y-las-series-calienta-motores\\\/\"},\"wordCount\":492,\"publisher\":{\"@id\":\"https:\\\/\\\/www.lafarga.com\\\/corporatiu\\\/#organization\"},\"image\":{\"@id\":\"https:\\\/\\\/www.lafarga.com\\\/corporatiu\\\/el-salon-del-cine-y-las-series-calienta-motores\\\/#primaryimage\"},\"thumbnailUrl\":\"https:\\\/\\\/www.lafarga.com\\\/corporatiu\\\/wp-content\\\/uploads\\\/2015\\\/12\\\/salodelcinema.jpg\",\"articleSection\":[\"Centro de Actividades\"],\"inLanguage\":\"ca\"},{\"@type\":\"WebPage\",\"@id\":\"https:\\\/\\\/www.lafarga.com\\\/corporatiu\\\/el-salon-del-cine-y-las-series-calienta-motores\\\/\",\"url\":\"https:\\\/\\\/www.lafarga.com\\\/corporatiu\\\/el-salon-del-cine-y-las-series-calienta-motores\\\/\",\"name\":\"El Sal\u00f3 del Cinema i les S\u00e8ries escalfa motors\",\"isPartOf\":{\"@id\":\"https:\\\/\\\/www.lafarga.com\\\/corporatiu\\\/#website\"},\"primaryImageOfPage\":{\"@id\":\"https:\\\/\\\/www.lafarga.com\\\/corporatiu\\\/el-salon-del-cine-y-las-series-calienta-motores\\\/#primaryimage\"},\"image\":{\"@id\":\"https:\\\/\\\/www.lafarga.com\\\/corporatiu\\\/el-salon-del-cine-y-las-series-calienta-motores\\\/#primaryimage\"},\"thumbnailUrl\":\"https:\\\/\\\/www.lafarga.com\\\/corporatiu\\\/wp-content\\\/uploads\\\/2015\\\/12\\\/salodelcinema.jpg\",\"datePublished\":\"2015-12-22T20:13:02+00:00\",\"dateModified\":\"2015-12-28T21:14:00+00:00\",\"description\":\"Arriba el primer Sal\u00f3 del Cinema i les S\u00e8ries, organitzat per Cinemaworld i La Farga de L\u2019Hospitalet i que se celebrar\u00e0 els propers dies 29, 30 i 31 gener.\",\"breadcrumb\":{\"@id\":\"https:\\\/\\\/www.lafarga.com\\\/corporatiu\\\/el-salon-del-cine-y-las-series-calienta-motores\\\/#breadcrumb\"},\"inLanguage\":\"ca\",\"potentialAction\":[{\"@type\":\"ReadAction\",\"target\":[\"https:\\\/\\\/www.lafarga.com\\\/corporatiu\\\/el-salon-del-cine-y-las-series-calienta-motores\\\/\"]}]},{\"@type\":\"ImageObject\",\"inLanguage\":\"ca\",\"@id\":\"https:\\\/\\\/www.lafarga.com\\\/corporatiu\\\/el-salon-del-cine-y-las-series-calienta-motores\\\/#primaryimage\",\"url\":\"https:\\\/\\\/www.lafarga.com\\\/corporatiu\\\/wp-content\\\/uploads\\\/2015\\\/12\\\/salodelcinema.jpg\",\"contentUrl\":\"https:\\\/\\\/www.lafarga.com\\\/corporatiu\\\/wp-content\\\/uploads\\\/2015\\\/12\\\/salodelcinema.jpg\",\"width\":730,\"height\":410},{\"@type\":\"BreadcrumbList\",\"@id\":\"https:\\\/\\\/www.lafarga.com\\\/corporatiu\\\/el-salon-del-cine-y-las-series-calienta-motores\\\/#breadcrumb\",\"itemListElement\":[{\"@type\":\"ListItem\",\"position\":1,\"name\":\"Home\",\"item\":\"https:\\\/\\\/www.lafarga.com\\\/corporatiu\\\/lafarga-hospitalet-llobregat\\\/\"},{\"@type\":\"ListItem\",\"position\":2,\"name\":\"El Sal\u00f3n del Cine y las Series calienta motores\"}]},{\"@type\":\"WebSite\",\"@id\":\"https:\\\/\\\/www.lafarga.com\\\/corporatiu\\\/#website\",\"url\":\"https:\\\/\\\/www.lafarga.com\\\/corporatiu\\\/\",\"name\":\"La Farga Gesti\u00f3 d&#039;Equipaments Municipals, SA\",\"description\":\"\",\"publisher\":{\"@id\":\"https:\\\/\\\/www.lafarga.com\\\/corporatiu\\\/#organization\"},\"potentialAction\":[{\"@type\":\"SearchAction\",\"target\":{\"@type\":\"EntryPoint\",\"urlTemplate\":\"https:\\\/\\\/www.lafarga.com\\\/corporatiu\\\/?s={search_term_string}\"},\"query-input\":{\"@type\":\"PropertyValueSpecification\",\"valueRequired\":true,\"valueName\":\"search_term_string\"}}],\"inLanguage\":\"ca\"},{\"@type\":\"Organization\",\"@id\":\"https:\\\/\\\/www.lafarga.com\\\/corporatiu\\\/#organization\",\"name\":\"La Farga Gesti\u00f3 d&#039;Equipaments Municipals, SA\",\"url\":\"https:\\\/\\\/www.lafarga.com\\\/corporatiu\\\/\",\"logo\":{\"@type\":\"ImageObject\",\"inLanguage\":\"ca\",\"@id\":\"https:\\\/\\\/www.lafarga.com\\\/corporatiu\\\/#\\\/schema\\\/logo\\\/image\\\/\",\"url\":\"https:\\\/\\\/www.lafarga.com\\\/corporatiu\\\/wp-content\\\/uploads\\\/2023\\\/11\\\/logotipo_lafarga_gemsa.svg\",\"contentUrl\":\"https:\\\/\\\/www.lafarga.com\\\/corporatiu\\\/wp-content\\\/uploads\\\/2023\\\/11\\\/logotipo_lafarga_gemsa.svg\",\"width\":102,\"height\":103,\"caption\":\"La Farga Gesti\u00f3 d&#039;Equipaments Municipals, SA\"},\"image\":{\"@id\":\"https:\\\/\\\/www.lafarga.com\\\/corporatiu\\\/#\\\/schema\\\/logo\\\/image\\\/\"}},{\"@type\":\"Person\",\"@id\":\"https:\\\/\\\/www.lafarga.com\\\/corporatiu\\\/#\\\/schema\\\/person\\\/0ad4bc37b46f53e6b85ad51c2ac2d685\",\"name\":\"admfarga\",\"image\":{\"@type\":\"ImageObject\",\"inLanguage\":\"ca\",\"@id\":\"https:\\\/\\\/secure.gravatar.com\\\/avatar\\\/2a2db0975754ce87d41cab8623874e9e5ef5d0add52244aba02a09775feab5cb?s=96&d=mm&r=g\",\"url\":\"https:\\\/\\\/secure.gravatar.com\\\/avatar\\\/2a2db0975754ce87d41cab8623874e9e5ef5d0add52244aba02a09775feab5cb?s=96&d=mm&r=g\",\"contentUrl\":\"https:\\\/\\\/secure.gravatar.com\\\/avatar\\\/2a2db0975754ce87d41cab8623874e9e5ef5d0add52244aba02a09775feab5cb?s=96&d=mm&r=g\",\"caption\":\"admfarga\"},\"url\":\"https:\\\/\\\/www.lafarga.com\\\/corporatiu\\\/author\\\/admfarga\\\/\"}]}<\/script>\n<!-- \/ Yoast SEO plugin. -->","yoast_head_json":{"title":"El Sal\u00f3 del Cinema i les S\u00e8ries escalfa motors","description":"Arriba el primer Sal\u00f3 del Cinema i les S\u00e8ries, organitzat per Cinemaworld i La Farga de L\u2019Hospitalet i que se celebrar\u00e0 els propers dies 29, 30 i 31 gener.","robots":{"index":"index","follow":"follow","max-snippet":"max-snippet:-1","max-image-preview":"max-image-preview:large","max-video-preview":"max-video-preview:-1"},"canonical":"https:\/\/www.lafarga.com\/corporatiu\/el-salon-del-cine-y-las-series-calienta-motores\/","og_locale":"ca_ES","og_type":"article","og_title":"El Sal\u00f3 del Cinema i les S\u00e8ries escalfa motors","og_description":"Arriba el primer Sal\u00f3 del Cinema i les S\u00e8ries, organitzat per Cinemaworld i La Farga de L\u2019Hospitalet i que se celebrar\u00e0 els propers dies 29, 30 i 31 gener.","og_url":"https:\/\/www.lafarga.com\/corporatiu\/el-salon-del-cine-y-las-series-calienta-motores\/","og_site_name":"La Farga Gesti\u00f3n de Equipamientos Municipales, S.A.","article_published_time":"2015-12-22T20:13:02+00:00","article_modified_time":"2015-12-28T21:14:00+00:00","og_image":[{"width":730,"height":410,"url":"https:\/\/www.lafarga.com\/corporatiu\/wp-content\/uploads\/2015\/12\/salodelcinema.jpg","type":"image\/jpeg"}],"author":"admfarga","twitter_misc":{"Escrit per":"admfarga","Temps estimat de lectura":"2 minuts"},"schema":{"@context":"https:\/\/schema.org","@graph":[{"@type":"Article","@id":"https:\/\/www.lafarga.com\/corporatiu\/el-salon-del-cine-y-las-series-calienta-motores\/#article","isPartOf":{"@id":"https:\/\/www.lafarga.com\/corporatiu\/el-salon-del-cine-y-las-series-calienta-motores\/"},"author":{"name":"admfarga","@id":"https:\/\/www.lafarga.com\/corporatiu\/#\/schema\/person\/0ad4bc37b46f53e6b85ad51c2ac2d685"},"headline":"El Sal\u00f3n del Cine y las Series calienta motores","datePublished":"2015-12-22T20:13:02+00:00","dateModified":"2015-12-28T21:14:00+00:00","mainEntityOfPage":{"@id":"https:\/\/www.lafarga.com\/corporatiu\/el-salon-del-cine-y-las-series-calienta-motores\/"},"wordCount":492,"publisher":{"@id":"https:\/\/www.lafarga.com\/corporatiu\/#organization"},"image":{"@id":"https:\/\/www.lafarga.com\/corporatiu\/el-salon-del-cine-y-las-series-calienta-motores\/#primaryimage"},"thumbnailUrl":"https:\/\/www.lafarga.com\/corporatiu\/wp-content\/uploads\/2015\/12\/salodelcinema.jpg","articleSection":["Centro de Actividades"],"inLanguage":"ca"},{"@type":"WebPage","@id":"https:\/\/www.lafarga.com\/corporatiu\/el-salon-del-cine-y-las-series-calienta-motores\/","url":"https:\/\/www.lafarga.com\/corporatiu\/el-salon-del-cine-y-las-series-calienta-motores\/","name":"El Sal\u00f3 del Cinema i les S\u00e8ries escalfa motors","isPartOf":{"@id":"https:\/\/www.lafarga.com\/corporatiu\/#website"},"primaryImageOfPage":{"@id":"https:\/\/www.lafarga.com\/corporatiu\/el-salon-del-cine-y-las-series-calienta-motores\/#primaryimage"},"image":{"@id":"https:\/\/www.lafarga.com\/corporatiu\/el-salon-del-cine-y-las-series-calienta-motores\/#primaryimage"},"thumbnailUrl":"https:\/\/www.lafarga.com\/corporatiu\/wp-content\/uploads\/2015\/12\/salodelcinema.jpg","datePublished":"2015-12-22T20:13:02+00:00","dateModified":"2015-12-28T21:14:00+00:00","description":"Arriba el primer Sal\u00f3 del Cinema i les S\u00e8ries, organitzat per Cinemaworld i La Farga de L\u2019Hospitalet i que se celebrar\u00e0 els propers dies 29, 30 i 31 gener.","breadcrumb":{"@id":"https:\/\/www.lafarga.com\/corporatiu\/el-salon-del-cine-y-las-series-calienta-motores\/#breadcrumb"},"inLanguage":"ca","potentialAction":[{"@type":"ReadAction","target":["https:\/\/www.lafarga.com\/corporatiu\/el-salon-del-cine-y-las-series-calienta-motores\/"]}]},{"@type":"ImageObject","inLanguage":"ca","@id":"https:\/\/www.lafarga.com\/corporatiu\/el-salon-del-cine-y-las-series-calienta-motores\/#primaryimage","url":"https:\/\/www.lafarga.com\/corporatiu\/wp-content\/uploads\/2015\/12\/salodelcinema.jpg","contentUrl":"https:\/\/www.lafarga.com\/corporatiu\/wp-content\/uploads\/2015\/12\/salodelcinema.jpg","width":730,"height":410},{"@type":"BreadcrumbList","@id":"https:\/\/www.lafarga.com\/corporatiu\/el-salon-del-cine-y-las-series-calienta-motores\/#breadcrumb","itemListElement":[{"@type":"ListItem","position":1,"name":"Home","item":"https:\/\/www.lafarga.com\/corporatiu\/lafarga-hospitalet-llobregat\/"},{"@type":"ListItem","position":2,"name":"El Sal\u00f3n del Cine y las Series calienta motores"}]},{"@type":"WebSite","@id":"https:\/\/www.lafarga.com\/corporatiu\/#website","url":"https:\/\/www.lafarga.com\/corporatiu\/","name":"La Farga Gesti\u00f3 d&#039;Equipaments Municipals, SA","description":"","publisher":{"@id":"https:\/\/www.lafarga.com\/corporatiu\/#organization"},"potentialAction":[{"@type":"SearchAction","target":{"@type":"EntryPoint","urlTemplate":"https:\/\/www.lafarga.com\/corporatiu\/?s={search_term_string}"},"query-input":{"@type":"PropertyValueSpecification","valueRequired":true,"valueName":"search_term_string"}}],"inLanguage":"ca"},{"@type":"Organization","@id":"https:\/\/www.lafarga.com\/corporatiu\/#organization","name":"La Farga Gesti\u00f3 d&#039;Equipaments Municipals, SA","url":"https:\/\/www.lafarga.com\/corporatiu\/","logo":{"@type":"ImageObject","inLanguage":"ca","@id":"https:\/\/www.lafarga.com\/corporatiu\/#\/schema\/logo\/image\/","url":"https:\/\/www.lafarga.com\/corporatiu\/wp-content\/uploads\/2023\/11\/logotipo_lafarga_gemsa.svg","contentUrl":"https:\/\/www.lafarga.com\/corporatiu\/wp-content\/uploads\/2023\/11\/logotipo_lafarga_gemsa.svg","width":102,"height":103,"caption":"La Farga Gesti\u00f3 d&#039;Equipaments Municipals, SA"},"image":{"@id":"https:\/\/www.lafarga.com\/corporatiu\/#\/schema\/logo\/image\/"}},{"@type":"Person","@id":"https:\/\/www.lafarga.com\/corporatiu\/#\/schema\/person\/0ad4bc37b46f53e6b85ad51c2ac2d685","name":"admfarga","image":{"@type":"ImageObject","inLanguage":"ca","@id":"https:\/\/secure.gravatar.com\/avatar\/2a2db0975754ce87d41cab8623874e9e5ef5d0add52244aba02a09775feab5cb?s=96&d=mm&r=g","url":"https:\/\/secure.gravatar.com\/avatar\/2a2db0975754ce87d41cab8623874e9e5ef5d0add52244aba02a09775feab5cb?s=96&d=mm&r=g","contentUrl":"https:\/\/secure.gravatar.com\/avatar\/2a2db0975754ce87d41cab8623874e9e5ef5d0add52244aba02a09775feab5cb?s=96&d=mm&r=g","caption":"admfarga"},"url":"https:\/\/www.lafarga.com\/corporatiu\/author\/admfarga\/"}]}},"uagb_featured_image_src":{"full":["https:\/\/www.lafarga.com\/corporatiu\/wp-content\/uploads\/2015\/12\/salodelcinema.jpg",730,410,false],"thumbnail":["https:\/\/www.lafarga.com\/corporatiu\/wp-content\/uploads\/2015\/12\/salodelcinema-150x150.jpg",150,150,true],"medium":["https:\/\/www.lafarga.com\/corporatiu\/wp-content\/uploads\/2015\/12\/salodelcinema-300x168.jpg",300,168,true],"medium_large":["https:\/\/www.lafarga.com\/corporatiu\/wp-content\/uploads\/2015\/12\/salodelcinema.jpg",730,410,false],"large":["https:\/\/www.lafarga.com\/corporatiu\/wp-content\/uploads\/2015\/12\/salodelcinema.jpg",730,410,false],"1536x1536":["https:\/\/www.lafarga.com\/corporatiu\/wp-content\/uploads\/2015\/12\/salodelcinema.jpg",730,410,false],"2048x2048":["https:\/\/www.lafarga.com\/corporatiu\/wp-content\/uploads\/2015\/12\/salodelcinema.jpg",730,410,false],"mailpoet_newsletter_max":["https:\/\/www.lafarga.com\/corporatiu\/wp-content\/uploads\/2015\/12\/salodelcinema.jpg",730,410,false]},"uagb_author_info":{"display_name":"admfarga","author_link":"https:\/\/www.lafarga.com\/corporatiu\/author\/admfarga\/"},"uagb_comment_info":0,"uagb_excerpt":"Llega el primer Sal\u00f3n del Cine y las Series, organizado por Cinemaworld y La Farga de L'Hospitalet y que se celebrar\u00e1 los pr\u00f3ximos d\u00edas 29, 30 y 31 de enero de 2016 en La Farga Centro de Actividades.","_links":{"self":[{"href":"https:\/\/www.lafarga.com\/corporatiu\/wp-json\/wp\/v2\/posts\/6028","targetHints":{"allow":["GET"]}}],"collection":[{"href":"https:\/\/www.lafarga.com\/corporatiu\/wp-json\/wp\/v2\/posts"}],"about":[{"href":"https:\/\/www.lafarga.com\/corporatiu\/wp-json\/wp\/v2\/types\/post"}],"author":[{"embeddable":true,"href":"https:\/\/www.lafarga.com\/corporatiu\/wp-json\/wp\/v2\/users\/8"}],"replies":[{"embeddable":true,"href":"https:\/\/www.lafarga.com\/corporatiu\/wp-json\/wp\/v2\/comments?post=6028"}],"version-history":[{"count":2,"href":"https:\/\/www.lafarga.com\/corporatiu\/wp-json\/wp\/v2\/posts\/6028\/revisions"}],"predecessor-version":[{"id":6121,"href":"https:\/\/www.lafarga.com\/corporatiu\/wp-json\/wp\/v2\/posts\/6028\/revisions\/6121"}],"wp:featuredmedia":[{"embeddable":true,"href":"https:\/\/www.lafarga.com\/corporatiu\/wp-json\/wp\/v2\/media\/6026"}],"wp:attachment":[{"href":"https:\/\/www.lafarga.com\/corporatiu\/wp-json\/wp\/v2\/media?parent=6028"}],"wp:term":[{"taxonomy":"category","embeddable":true,"href":"https:\/\/www.lafarga.com\/corporatiu\/wp-json\/wp\/v2\/categories?post=6028"},{"taxonomy":"post_tag","embeddable":true,"href":"https:\/\/www.lafarga.com\/corporatiu\/wp-json\/wp\/v2\/tags?post=6028"}],"curies":[{"name":"wp","href":"https:\/\/api.w.org\/{rel}","templated":true}]}}