{"id":6025,"date":"2015-12-22T20:09:29","date_gmt":"2015-12-22T20:09:29","guid":{"rendered":"http:\/\/www.lafarga.com\/corporatiu\/?p=6025"},"modified":"2015-12-28T21:13:37","modified_gmt":"2015-12-28T21:13:37","slug":"el-salo-cinema-series-escalfa-motors","status":"publish","type":"post","link":"https:\/\/www.lafarga.com\/corporatiu\/el-salo-cinema-series-escalfa-motors\/","title":{"rendered":"El Sal\u00f3 del Cinema i les S\u00e8ries escalfa motors"},"content":{"rendered":"<p>Arriba el primer Sal\u00f3 del Cinema i les S\u00e8ries, organitzat per <a href=\"http:\/\/cinemaworld.es\/\" target=\"_blank\">Cinemaworld<\/a> i La Farga de L\u2019Hospitalet i que se celebrar\u00e0 els propers dies 29, 30 i 31 de gener de 2016 a La Farga Centre d\u2019Activitats.<\/p>\n<p>Aquest esdeveniment ha de ser el punt de trobada de tots els afeccionats al cinema i les s\u00e8ries, de totes les edats, tant des del punt de vista cultural, oci i l\u00fadic, com tamb\u00e9 lloc de promoci\u00f3 per a productores i distribu\u00efdores i nous projectes.<\/p>\n<p>Fins al moment el Sal\u00f3 del Cinema i les S\u00e8ries comptar\u00e0 amb la pres\u00e8ncia de 60 expositors entre empreses i associacions relacionades amb el sector: botigues especialitzades, escoles de cinema, distribu\u00efdores, plataformes online de cinema i s\u00e8ries, empreses tecnol\u00f2giques, entitats sense \u00e0nims de lucre, entre d\u2019altres.<\/p>\n<p>Un altre dels atractius del Sal\u00f3 del Cinema i les S\u00e8ries seran les nombroses exposicions tem\u00e0tiques que podrem veure en els 8.500m2 de recinte. Destaquen les que giren al voltant del m\u00f3n Star Wars, Indiana Jones (amb col\u00b7laboraci\u00f3 amb el Museu Arqueol\u00f2gic de Catalunya) i James Bond. Tamb\u00e9 cal destacar la mostra \u201cPapel, tinta i acci\u00f3n\u201d, exposici\u00f3 de revistes de cinema des de 1910, i la que ens portar\u00e0 Fotogramas: \u201cLuz, modernidad y rebeld\u00eda\u201d.<\/p>\n<p>El Sal\u00f3 del Cinema i les S\u00e8ries tindr\u00e0 nombroses activitats previstes entre confer\u00e8ncies, xerrades i espais de participaci\u00f3 com un de realitat virtual que ens oferir\u00e0 experi\u00e8ncies interactives per al p\u00fablic.<\/p>\n<p>Una de les apostes de l\u2019organitzaci\u00f3 \u00e9s que el certamen es converteixi en un marc per lluitar contra la pirateria i que tamb\u00e9 sigui plataforma de crowdfunding per a nous projectes. En aquest sentit hi haur\u00e0 fins a 15 projectes audiovisuals cercant micromecenatge, a banda que 1\u20ac del preu de l\u2019entrada ser\u00e0 destinat a aquestes propostes.<\/p>\n<p>En l\u2019apartat dels concursos trobarem el de Canon (en el que es podr\u00e0 guanyar una c\u00e0mera Canon XC-10), de cartells de cinema, cosplay i el concurs de l\u2019escola <a href=\"http:\/\/elplatodecinema.com\/\" target=\"_blank\">Plat\u00f3 de Cinema<\/a>. Com a atractiu del sal\u00f3 tots els visitants podran passar pel photocall de la popular s\u00e8rie Joc de Trons i fins i tot asseure\u2019s en el tron.<\/p>\n<p>El Sal\u00f3 del Cinema i les S\u00e8ries ens proposar\u00e0 una vintena de confer\u00e8ncies, xerrades i taules rodones. Cal destacar la xerrada sobre J.J. Abrams a c\u00e0rrec del cr\u00edtic Toni de la Torre, sobre m\u00fasica i cinema per Rub\u00e9n Gimeno, director de l\u2019Orquestra Simf\u00f2nica del Vall\u00e8s, de s\u00e8ries como Twin Peaks, Fargo, ci\u00e8ncia ficci\u00f3 dels anys 70 i 80, entre d\u2019altres i taules rodones amb actors, directors i guionistes.<\/p>\n<p>Amb el Sal\u00f3 del Cinema i les S\u00e8ries es podr\u00e0 gaudir durant tres dies, a La Farga de L\u2019Hospitalet, de tot all\u00f2 que envolta el set\u00e8 art, sense oblidar un sector tan a l\u2019al\u00e7a com les s\u00e8ries.<\/p>\n","protected":false},"excerpt":{"rendered":"<p>Arriba el primer Sal\u00f3 del Cinema i les S\u00e8ries, organitzat per Cinemaworld i La Farga de L\u2019Hospitalet i que se celebrar\u00e0 els propers dies 29, 30 i 31 de gener de 2016 a La Farga Centre d\u2019Activitats.<\/p>\n","protected":false},"author":8,"featured_media":6026,"comment_status":"closed","ping_status":"closed","sticky":false,"template":"","format":"standard","meta":{"inline_featured_image":false,"_uag_custom_page_level_css":"","_monsterinsights_skip_tracking":false,"_monsterinsights_sitenote_active":false,"_monsterinsights_sitenote_note":"","_monsterinsights_sitenote_category":0,"site-sidebar-layout":"default","site-content-layout":"","ast-site-content-layout":"default","site-content-style":"default","site-sidebar-style":"default","ast-global-header-display":"","ast-banner-title-visibility":"","ast-main-header-display":"","ast-hfb-above-header-display":"","ast-hfb-below-header-display":"","ast-hfb-mobile-header-display":"","site-post-title":"","ast-breadcrumbs-content":"","ast-featured-img":"","footer-sml-layout":"","ast-disable-related-posts":"","theme-transparent-header-meta":"","adv-header-id-meta":"","stick-header-meta":"","header-above-stick-meta":"","header-main-stick-meta":"","header-below-stick-meta":"","astra-migrate-meta-layouts":"default","ast-page-background-enabled":"default","ast-page-background-meta":{"desktop":{"background-color":"var(--ast-global-color-4)","background-image":"","background-repeat":"repeat","background-position":"center center","background-size":"auto","background-attachment":"scroll","background-type":"","background-media":"","overlay-type":"","overlay-color":"","overlay-opacity":"","overlay-gradient":""},"tablet":{"background-color":"","background-image":"","background-repeat":"repeat","background-position":"center center","background-size":"auto","background-attachment":"scroll","background-type":"","background-media":"","overlay-type":"","overlay-color":"","overlay-opacity":"","overlay-gradient":""},"mobile":{"background-color":"","background-image":"","background-repeat":"repeat","background-position":"center center","background-size":"auto","background-attachment":"scroll","background-type":"","background-media":"","overlay-type":"","overlay-color":"","overlay-opacity":"","overlay-gradient":""}},"ast-content-background-meta":{"desktop":{"background-color":"var(--ast-global-color-5)","background-image":"","background-repeat":"repeat","background-position":"center center","background-size":"auto","background-attachment":"scroll","background-type":"","background-media":"","overlay-type":"","overlay-color":"","overlay-opacity":"","overlay-gradient":""},"tablet":{"background-color":"var(--ast-global-color-5)","background-image":"","background-repeat":"repeat","background-position":"center center","background-size":"auto","background-attachment":"scroll","background-type":"","background-media":"","overlay-type":"","overlay-color":"","overlay-opacity":"","overlay-gradient":""},"mobile":{"background-color":"var(--ast-global-color-5)","background-image":"","background-repeat":"repeat","background-position":"center center","background-size":"auto","background-attachment":"scroll","background-type":"","background-media":"","overlay-type":"","overlay-color":"","overlay-opacity":"","overlay-gradient":""}},"footnotes":""},"categories":[49],"tags":[],"class_list":["post-6025","post","type-post","status-publish","format-standard","has-post-thumbnail","hentry","category-centre-activitats"],"yoast_head":"<!-- This site is optimized with the Yoast SEO plugin v27.5 - https:\/\/yoast.com\/product\/yoast-seo-wordpress\/ -->\n<title>El Sal\u00f3 del Cinema i les S\u00e8ries escalfa motors<\/title>\n<meta name=\"description\" content=\"Arriba el primer Sal\u00f3 del Cinema i les S\u00e8ries, organitzat per Cinemaworld i La Farga de L\u2019Hospitalet i que se celebrar\u00e0 els propers dies 29, 30 i 31 gener.\" \/>\n<meta name=\"robots\" content=\"index, follow, max-snippet:-1, max-image-preview:large, max-video-preview:-1\" \/>\n<link rel=\"canonical\" href=\"https:\/\/www.lafarga.com\/corporatiu\/el-salo-cinema-series-escalfa-motors\/\" \/>\n<meta property=\"og:locale\" content=\"ca_ES\" \/>\n<meta property=\"og:type\" content=\"article\" \/>\n<meta property=\"og:title\" content=\"El Sal\u00f3 del Cinema i les S\u00e8ries escalfa motors\" \/>\n<meta property=\"og:description\" content=\"Arriba el primer Sal\u00f3 del Cinema i les S\u00e8ries, organitzat per Cinemaworld i La Farga de L\u2019Hospitalet i que se celebrar\u00e0 els propers dies 29, 30 i 31 gener.\" \/>\n<meta property=\"og:url\" content=\"https:\/\/www.lafarga.com\/corporatiu\/el-salo-cinema-series-escalfa-motors\/\" \/>\n<meta property=\"og:site_name\" content=\"La Farga Gesti\u00f3n de Equipamientos Municipales, S.A.\" \/>\n<meta property=\"article:published_time\" content=\"2015-12-22T20:09:29+00:00\" \/>\n<meta property=\"article:modified_time\" content=\"2015-12-28T21:13:37+00:00\" \/>\n<meta property=\"og:image\" content=\"https:\/\/www.lafarga.com\/corporatiu\/wp-content\/uploads\/2015\/12\/salodelcinema.jpg\" \/>\n\t<meta property=\"og:image:width\" content=\"730\" \/>\n\t<meta property=\"og:image:height\" content=\"410\" \/>\n\t<meta property=\"og:image:type\" content=\"image\/jpeg\" \/>\n<meta name=\"author\" content=\"admfarga\" \/>\n<meta name=\"twitter:label1\" content=\"Escrit per\" \/>\n\t<meta name=\"twitter:data1\" content=\"admfarga\" \/>\n\t<meta name=\"twitter:label2\" content=\"Temps estimat de lectura\" \/>\n\t<meta name=\"twitter:data2\" content=\"2 minuts\" \/>\n<script type=\"application\/ld+json\" class=\"yoast-schema-graph\">{\"@context\":\"https:\\\/\\\/schema.org\",\"@graph\":[{\"@type\":\"Article\",\"@id\":\"https:\\\/\\\/www.lafarga.com\\\/corporatiu\\\/el-salo-cinema-series-escalfa-motors\\\/#article\",\"isPartOf\":{\"@id\":\"https:\\\/\\\/www.lafarga.com\\\/corporatiu\\\/el-salo-cinema-series-escalfa-motors\\\/\"},\"author\":{\"name\":\"admfarga\",\"@id\":\"https:\\\/\\\/www.lafarga.com\\\/corporatiu\\\/#\\\/schema\\\/person\\\/0ad4bc37b46f53e6b85ad51c2ac2d685\"},\"headline\":\"El Sal\u00f3 del Cinema i les S\u00e8ries escalfa motors\",\"datePublished\":\"2015-12-22T20:09:29+00:00\",\"dateModified\":\"2015-12-28T21:13:37+00:00\",\"mainEntityOfPage\":{\"@id\":\"https:\\\/\\\/www.lafarga.com\\\/corporatiu\\\/el-salo-cinema-series-escalfa-motors\\\/\"},\"wordCount\":500,\"publisher\":{\"@id\":\"https:\\\/\\\/www.lafarga.com\\\/corporatiu\\\/#organization\"},\"image\":{\"@id\":\"https:\\\/\\\/www.lafarga.com\\\/corporatiu\\\/el-salo-cinema-series-escalfa-motors\\\/#primaryimage\"},\"thumbnailUrl\":\"https:\\\/\\\/www.lafarga.com\\\/corporatiu\\\/wp-content\\\/uploads\\\/2015\\\/12\\\/salodelcinema.jpg\",\"articleSection\":[\"Centre d'Activitats\"],\"inLanguage\":\"ca\"},{\"@type\":\"WebPage\",\"@id\":\"https:\\\/\\\/www.lafarga.com\\\/corporatiu\\\/el-salo-cinema-series-escalfa-motors\\\/\",\"url\":\"https:\\\/\\\/www.lafarga.com\\\/corporatiu\\\/el-salo-cinema-series-escalfa-motors\\\/\",\"name\":\"El Sal\u00f3 del Cinema i les S\u00e8ries escalfa motors\",\"isPartOf\":{\"@id\":\"https:\\\/\\\/www.lafarga.com\\\/corporatiu\\\/#website\"},\"primaryImageOfPage\":{\"@id\":\"https:\\\/\\\/www.lafarga.com\\\/corporatiu\\\/el-salo-cinema-series-escalfa-motors\\\/#primaryimage\"},\"image\":{\"@id\":\"https:\\\/\\\/www.lafarga.com\\\/corporatiu\\\/el-salo-cinema-series-escalfa-motors\\\/#primaryimage\"},\"thumbnailUrl\":\"https:\\\/\\\/www.lafarga.com\\\/corporatiu\\\/wp-content\\\/uploads\\\/2015\\\/12\\\/salodelcinema.jpg\",\"datePublished\":\"2015-12-22T20:09:29+00:00\",\"dateModified\":\"2015-12-28T21:13:37+00:00\",\"description\":\"Arriba el primer Sal\u00f3 del Cinema i les S\u00e8ries, organitzat per Cinemaworld i La Farga de L\u2019Hospitalet i que se celebrar\u00e0 els propers dies 29, 30 i 31 gener.\",\"breadcrumb\":{\"@id\":\"https:\\\/\\\/www.lafarga.com\\\/corporatiu\\\/el-salo-cinema-series-escalfa-motors\\\/#breadcrumb\"},\"inLanguage\":\"ca\",\"potentialAction\":[{\"@type\":\"ReadAction\",\"target\":[\"https:\\\/\\\/www.lafarga.com\\\/corporatiu\\\/el-salo-cinema-series-escalfa-motors\\\/\"]}]},{\"@type\":\"ImageObject\",\"inLanguage\":\"ca\",\"@id\":\"https:\\\/\\\/www.lafarga.com\\\/corporatiu\\\/el-salo-cinema-series-escalfa-motors\\\/#primaryimage\",\"url\":\"https:\\\/\\\/www.lafarga.com\\\/corporatiu\\\/wp-content\\\/uploads\\\/2015\\\/12\\\/salodelcinema.jpg\",\"contentUrl\":\"https:\\\/\\\/www.lafarga.com\\\/corporatiu\\\/wp-content\\\/uploads\\\/2015\\\/12\\\/salodelcinema.jpg\",\"width\":730,\"height\":410},{\"@type\":\"BreadcrumbList\",\"@id\":\"https:\\\/\\\/www.lafarga.com\\\/corporatiu\\\/el-salo-cinema-series-escalfa-motors\\\/#breadcrumb\",\"itemListElement\":[{\"@type\":\"ListItem\",\"position\":1,\"name\":\"Home\",\"item\":\"https:\\\/\\\/www.lafarga.com\\\/corporatiu\\\/lafarga-hospitalet-llobregat\\\/\"},{\"@type\":\"ListItem\",\"position\":2,\"name\":\"El Sal\u00f3 del Cinema i les S\u00e8ries escalfa motors\"}]},{\"@type\":\"WebSite\",\"@id\":\"https:\\\/\\\/www.lafarga.com\\\/corporatiu\\\/#website\",\"url\":\"https:\\\/\\\/www.lafarga.com\\\/corporatiu\\\/\",\"name\":\"La Farga Gesti\u00f3 d&#039;Equipaments Municipals, SA\",\"description\":\"\",\"publisher\":{\"@id\":\"https:\\\/\\\/www.lafarga.com\\\/corporatiu\\\/#organization\"},\"potentialAction\":[{\"@type\":\"SearchAction\",\"target\":{\"@type\":\"EntryPoint\",\"urlTemplate\":\"https:\\\/\\\/www.lafarga.com\\\/corporatiu\\\/?s={search_term_string}\"},\"query-input\":{\"@type\":\"PropertyValueSpecification\",\"valueRequired\":true,\"valueName\":\"search_term_string\"}}],\"inLanguage\":\"ca\"},{\"@type\":\"Organization\",\"@id\":\"https:\\\/\\\/www.lafarga.com\\\/corporatiu\\\/#organization\",\"name\":\"La Farga Gesti\u00f3 d&#039;Equipaments Municipals, SA\",\"url\":\"https:\\\/\\\/www.lafarga.com\\\/corporatiu\\\/\",\"logo\":{\"@type\":\"ImageObject\",\"inLanguage\":\"ca\",\"@id\":\"https:\\\/\\\/www.lafarga.com\\\/corporatiu\\\/#\\\/schema\\\/logo\\\/image\\\/\",\"url\":\"https:\\\/\\\/www.lafarga.com\\\/corporatiu\\\/wp-content\\\/uploads\\\/2023\\\/11\\\/logotipo_lafarga_gemsa.svg\",\"contentUrl\":\"https:\\\/\\\/www.lafarga.com\\\/corporatiu\\\/wp-content\\\/uploads\\\/2023\\\/11\\\/logotipo_lafarga_gemsa.svg\",\"width\":102,\"height\":103,\"caption\":\"La Farga Gesti\u00f3 d&#039;Equipaments Municipals, SA\"},\"image\":{\"@id\":\"https:\\\/\\\/www.lafarga.com\\\/corporatiu\\\/#\\\/schema\\\/logo\\\/image\\\/\"}},{\"@type\":\"Person\",\"@id\":\"https:\\\/\\\/www.lafarga.com\\\/corporatiu\\\/#\\\/schema\\\/person\\\/0ad4bc37b46f53e6b85ad51c2ac2d685\",\"name\":\"admfarga\",\"image\":{\"@type\":\"ImageObject\",\"inLanguage\":\"ca\",\"@id\":\"https:\\\/\\\/secure.gravatar.com\\\/avatar\\\/2a2db0975754ce87d41cab8623874e9e5ef5d0add52244aba02a09775feab5cb?s=96&d=mm&r=g\",\"url\":\"https:\\\/\\\/secure.gravatar.com\\\/avatar\\\/2a2db0975754ce87d41cab8623874e9e5ef5d0add52244aba02a09775feab5cb?s=96&d=mm&r=g\",\"contentUrl\":\"https:\\\/\\\/secure.gravatar.com\\\/avatar\\\/2a2db0975754ce87d41cab8623874e9e5ef5d0add52244aba02a09775feab5cb?s=96&d=mm&r=g\",\"caption\":\"admfarga\"},\"url\":\"https:\\\/\\\/www.lafarga.com\\\/corporatiu\\\/author\\\/admfarga\\\/\"}]}<\/script>\n<!-- \/ Yoast SEO plugin. -->","yoast_head_json":{"title":"El Sal\u00f3 del Cinema i les S\u00e8ries escalfa motors","description":"Arriba el primer Sal\u00f3 del Cinema i les S\u00e8ries, organitzat per Cinemaworld i La Farga de L\u2019Hospitalet i que se celebrar\u00e0 els propers dies 29, 30 i 31 gener.","robots":{"index":"index","follow":"follow","max-snippet":"max-snippet:-1","max-image-preview":"max-image-preview:large","max-video-preview":"max-video-preview:-1"},"canonical":"https:\/\/www.lafarga.com\/corporatiu\/el-salo-cinema-series-escalfa-motors\/","og_locale":"ca_ES","og_type":"article","og_title":"El Sal\u00f3 del Cinema i les S\u00e8ries escalfa motors","og_description":"Arriba el primer Sal\u00f3 del Cinema i les S\u00e8ries, organitzat per Cinemaworld i La Farga de L\u2019Hospitalet i que se celebrar\u00e0 els propers dies 29, 30 i 31 gener.","og_url":"https:\/\/www.lafarga.com\/corporatiu\/el-salo-cinema-series-escalfa-motors\/","og_site_name":"La Farga Gesti\u00f3n de Equipamientos Municipales, S.A.","article_published_time":"2015-12-22T20:09:29+00:00","article_modified_time":"2015-12-28T21:13:37+00:00","og_image":[{"width":730,"height":410,"url":"https:\/\/www.lafarga.com\/corporatiu\/wp-content\/uploads\/2015\/12\/salodelcinema.jpg","type":"image\/jpeg"}],"author":"admfarga","twitter_misc":{"Escrit per":"admfarga","Temps estimat de lectura":"2 minuts"},"schema":{"@context":"https:\/\/schema.org","@graph":[{"@type":"Article","@id":"https:\/\/www.lafarga.com\/corporatiu\/el-salo-cinema-series-escalfa-motors\/#article","isPartOf":{"@id":"https:\/\/www.lafarga.com\/corporatiu\/el-salo-cinema-series-escalfa-motors\/"},"author":{"name":"admfarga","@id":"https:\/\/www.lafarga.com\/corporatiu\/#\/schema\/person\/0ad4bc37b46f53e6b85ad51c2ac2d685"},"headline":"El Sal\u00f3 del Cinema i les S\u00e8ries escalfa motors","datePublished":"2015-12-22T20:09:29+00:00","dateModified":"2015-12-28T21:13:37+00:00","mainEntityOfPage":{"@id":"https:\/\/www.lafarga.com\/corporatiu\/el-salo-cinema-series-escalfa-motors\/"},"wordCount":500,"publisher":{"@id":"https:\/\/www.lafarga.com\/corporatiu\/#organization"},"image":{"@id":"https:\/\/www.lafarga.com\/corporatiu\/el-salo-cinema-series-escalfa-motors\/#primaryimage"},"thumbnailUrl":"https:\/\/www.lafarga.com\/corporatiu\/wp-content\/uploads\/2015\/12\/salodelcinema.jpg","articleSection":["Centre d'Activitats"],"inLanguage":"ca"},{"@type":"WebPage","@id":"https:\/\/www.lafarga.com\/corporatiu\/el-salo-cinema-series-escalfa-motors\/","url":"https:\/\/www.lafarga.com\/corporatiu\/el-salo-cinema-series-escalfa-motors\/","name":"El Sal\u00f3 del Cinema i les S\u00e8ries escalfa motors","isPartOf":{"@id":"https:\/\/www.lafarga.com\/corporatiu\/#website"},"primaryImageOfPage":{"@id":"https:\/\/www.lafarga.com\/corporatiu\/el-salo-cinema-series-escalfa-motors\/#primaryimage"},"image":{"@id":"https:\/\/www.lafarga.com\/corporatiu\/el-salo-cinema-series-escalfa-motors\/#primaryimage"},"thumbnailUrl":"https:\/\/www.lafarga.com\/corporatiu\/wp-content\/uploads\/2015\/12\/salodelcinema.jpg","datePublished":"2015-12-22T20:09:29+00:00","dateModified":"2015-12-28T21:13:37+00:00","description":"Arriba el primer Sal\u00f3 del Cinema i les S\u00e8ries, organitzat per Cinemaworld i La Farga de L\u2019Hospitalet i que se celebrar\u00e0 els propers dies 29, 30 i 31 gener.","breadcrumb":{"@id":"https:\/\/www.lafarga.com\/corporatiu\/el-salo-cinema-series-escalfa-motors\/#breadcrumb"},"inLanguage":"ca","potentialAction":[{"@type":"ReadAction","target":["https:\/\/www.lafarga.com\/corporatiu\/el-salo-cinema-series-escalfa-motors\/"]}]},{"@type":"ImageObject","inLanguage":"ca","@id":"https:\/\/www.lafarga.com\/corporatiu\/el-salo-cinema-series-escalfa-motors\/#primaryimage","url":"https:\/\/www.lafarga.com\/corporatiu\/wp-content\/uploads\/2015\/12\/salodelcinema.jpg","contentUrl":"https:\/\/www.lafarga.com\/corporatiu\/wp-content\/uploads\/2015\/12\/salodelcinema.jpg","width":730,"height":410},{"@type":"BreadcrumbList","@id":"https:\/\/www.lafarga.com\/corporatiu\/el-salo-cinema-series-escalfa-motors\/#breadcrumb","itemListElement":[{"@type":"ListItem","position":1,"name":"Home","item":"https:\/\/www.lafarga.com\/corporatiu\/lafarga-hospitalet-llobregat\/"},{"@type":"ListItem","position":2,"name":"El Sal\u00f3 del Cinema i les S\u00e8ries escalfa motors"}]},{"@type":"WebSite","@id":"https:\/\/www.lafarga.com\/corporatiu\/#website","url":"https:\/\/www.lafarga.com\/corporatiu\/","name":"La Farga Gesti\u00f3 d&#039;Equipaments Municipals, SA","description":"","publisher":{"@id":"https:\/\/www.lafarga.com\/corporatiu\/#organization"},"potentialAction":[{"@type":"SearchAction","target":{"@type":"EntryPoint","urlTemplate":"https:\/\/www.lafarga.com\/corporatiu\/?s={search_term_string}"},"query-input":{"@type":"PropertyValueSpecification","valueRequired":true,"valueName":"search_term_string"}}],"inLanguage":"ca"},{"@type":"Organization","@id":"https:\/\/www.lafarga.com\/corporatiu\/#organization","name":"La Farga Gesti\u00f3 d&#039;Equipaments Municipals, SA","url":"https:\/\/www.lafarga.com\/corporatiu\/","logo":{"@type":"ImageObject","inLanguage":"ca","@id":"https:\/\/www.lafarga.com\/corporatiu\/#\/schema\/logo\/image\/","url":"https:\/\/www.lafarga.com\/corporatiu\/wp-content\/uploads\/2023\/11\/logotipo_lafarga_gemsa.svg","contentUrl":"https:\/\/www.lafarga.com\/corporatiu\/wp-content\/uploads\/2023\/11\/logotipo_lafarga_gemsa.svg","width":102,"height":103,"caption":"La Farga Gesti\u00f3 d&#039;Equipaments Municipals, SA"},"image":{"@id":"https:\/\/www.lafarga.com\/corporatiu\/#\/schema\/logo\/image\/"}},{"@type":"Person","@id":"https:\/\/www.lafarga.com\/corporatiu\/#\/schema\/person\/0ad4bc37b46f53e6b85ad51c2ac2d685","name":"admfarga","image":{"@type":"ImageObject","inLanguage":"ca","@id":"https:\/\/secure.gravatar.com\/avatar\/2a2db0975754ce87d41cab8623874e9e5ef5d0add52244aba02a09775feab5cb?s=96&d=mm&r=g","url":"https:\/\/secure.gravatar.com\/avatar\/2a2db0975754ce87d41cab8623874e9e5ef5d0add52244aba02a09775feab5cb?s=96&d=mm&r=g","contentUrl":"https:\/\/secure.gravatar.com\/avatar\/2a2db0975754ce87d41cab8623874e9e5ef5d0add52244aba02a09775feab5cb?s=96&d=mm&r=g","caption":"admfarga"},"url":"https:\/\/www.lafarga.com\/corporatiu\/author\/admfarga\/"}]}},"uagb_featured_image_src":{"full":["https:\/\/www.lafarga.com\/corporatiu\/wp-content\/uploads\/2015\/12\/salodelcinema.jpg",730,410,false],"thumbnail":["https:\/\/www.lafarga.com\/corporatiu\/wp-content\/uploads\/2015\/12\/salodelcinema-150x150.jpg",150,150,true],"medium":["https:\/\/www.lafarga.com\/corporatiu\/wp-content\/uploads\/2015\/12\/salodelcinema-300x168.jpg",300,168,true],"medium_large":["https:\/\/www.lafarga.com\/corporatiu\/wp-content\/uploads\/2015\/12\/salodelcinema.jpg",730,410,false],"large":["https:\/\/www.lafarga.com\/corporatiu\/wp-content\/uploads\/2015\/12\/salodelcinema.jpg",730,410,false],"1536x1536":["https:\/\/www.lafarga.com\/corporatiu\/wp-content\/uploads\/2015\/12\/salodelcinema.jpg",730,410,false],"2048x2048":["https:\/\/www.lafarga.com\/corporatiu\/wp-content\/uploads\/2015\/12\/salodelcinema.jpg",730,410,false],"mailpoet_newsletter_max":["https:\/\/www.lafarga.com\/corporatiu\/wp-content\/uploads\/2015\/12\/salodelcinema.jpg",730,410,false]},"uagb_author_info":{"display_name":"admfarga","author_link":"https:\/\/www.lafarga.com\/corporatiu\/author\/admfarga\/"},"uagb_comment_info":0,"uagb_excerpt":"Arriba el primer Sal\u00f3 del Cinema i les S\u00e8ries, organitzat per Cinemaworld i La Farga de L\u2019Hospitalet i que se celebrar\u00e0 els propers dies 29, 30 i 31 de gener de 2016 a La Farga Centre d\u2019Activitats.","_links":{"self":[{"href":"https:\/\/www.lafarga.com\/corporatiu\/wp-json\/wp\/v2\/posts\/6025","targetHints":{"allow":["GET"]}}],"collection":[{"href":"https:\/\/www.lafarga.com\/corporatiu\/wp-json\/wp\/v2\/posts"}],"about":[{"href":"https:\/\/www.lafarga.com\/corporatiu\/wp-json\/wp\/v2\/types\/post"}],"author":[{"embeddable":true,"href":"https:\/\/www.lafarga.com\/corporatiu\/wp-json\/wp\/v2\/users\/8"}],"replies":[{"embeddable":true,"href":"https:\/\/www.lafarga.com\/corporatiu\/wp-json\/wp\/v2\/comments?post=6025"}],"version-history":[{"count":4,"href":"https:\/\/www.lafarga.com\/corporatiu\/wp-json\/wp\/v2\/posts\/6025\/revisions"}],"predecessor-version":[{"id":6032,"href":"https:\/\/www.lafarga.com\/corporatiu\/wp-json\/wp\/v2\/posts\/6025\/revisions\/6032"}],"wp:featuredmedia":[{"embeddable":true,"href":"https:\/\/www.lafarga.com\/corporatiu\/wp-json\/wp\/v2\/media\/6026"}],"wp:attachment":[{"href":"https:\/\/www.lafarga.com\/corporatiu\/wp-json\/wp\/v2\/media?parent=6025"}],"wp:term":[{"taxonomy":"category","embeddable":true,"href":"https:\/\/www.lafarga.com\/corporatiu\/wp-json\/wp\/v2\/categories?post=6025"},{"taxonomy":"post_tag","embeddable":true,"href":"https:\/\/www.lafarga.com\/corporatiu\/wp-json\/wp\/v2\/tags?post=6025"}],"curies":[{"name":"wp","href":"https:\/\/api.w.org\/{rel}","templated":true}]}}