{"id":5957,"date":"2015-12-10T11:58:02","date_gmt":"2015-12-10T11:58:02","guid":{"rendered":"http:\/\/www.lafarga.com\/corporatiu\/?p=5957"},"modified":"2015-12-10T11:58:02","modified_gmt":"2015-12-10T11:58:02","slug":"mes-de-50-000-persones-ja-han-passat-per-la-pista-de-gel","status":"publish","type":"post","link":"https:\/\/www.lafarga.com\/corporatiu\/mes-de-50-000-persones-ja-han-passat-per-la-pista-de-gel\/","title":{"rendered":"M\u00e9s de 50.000 persones ja han passat per la pista de gel"},"content":{"rendered":"<p>La pista de gel de La Farga &#8216;<a href=\"http:\/\/bargelona.cat\/\" target=\"_blank\">BarGELona<\/a>&#8216; est\u00e0 tenint for\u00e7a acceptaci\u00f3 entre la ciutadania ja que aquesta, s&#8217;ha abocat amb entusiasme en els primers dies, de la que \u00e9s la pista de patinatge sobre gel urbana m\u00e9s \u00e0mplia d&#8217;Europa, i instal\u00b7lada per vegada primera en un recinte com La Farga Centre d&#8217;Activitats.<\/p>\n<p>50.000 persones ja han visitat la instal\u00b7laci\u00f3 des del 27 de novembre, dia d&#8217;obertura, fins el 8 de desembre. Un bon\u00a0nombre d\u2019elles han patinat o han lliscat per l\u2019 espectacular tobogan de gel de\u00a040 metres de longitud, una de les novetats m\u00e9s celebrades de la present edici\u00f3 i\u00a0que romandr\u00e0 oberta fins al 10 de gener.<\/p>\n<p>L&#8217;aflu\u00e8ncia de ciutadans ha resultat\u00a0especialment massiva les tardes de dissabte i de diumenge dels dos primers\u00a0caps de setmana i el dimarts 8 de desembre.<\/p>\n<p>Enguany \u00e9s el\u00a0cinqu\u00e8 aniversari d&#8217;aquesta emblem\u00e0tica atracci\u00f3 nadalenca d&#8217;oci familiar i\u00a0promoci\u00f3 comercial i esportiva impulsada per l&#8217;empresa <a href=\"http:\/\/www.ap-productions.org\/ca\/welcome\" target=\"_blank\">AP Productions<\/a>.\u00a0Coincidint amb el seu desembarcament a L&#8217;Hospitalet, la instal\u00b7laci\u00f3 ha ampliat les seves dimensions fins als 1.600 m2 amb 250 metres reservats per a pista\u00a0infantil.<\/p>\n<p>L&#8217;estructura general (amb entrada lliure a la zona de les graderies, bar,\u00a0\u00e0rea d&#8217;esbarjo gratu\u00eft per a joves i nens, jocs esportius com street c\u00farling o\u00a0hoquei, actuacions musicals o exhibicions en un espai molt di\u00e0fan i atractiu)\u00a0ocupa 4.000 m2 del recinte firal.<\/p>\n<p>Amb un aforament m\u00e0xim de 350 patinadors en la pista (a m\u00e9s de la\u00a0suggeridora pista infantil amb monitors especialitzats) l&#8217;horari de funcionament\u00a0\u00e9s des de les 10 del mat\u00ed a les 9 de la nit els dies feiners i fins a les 11 de la nit\u00a0divendres, dissabtes i vig\u00edlies de festius.<\/p>\n","protected":false},"excerpt":{"rendered":"<p>La pista de gel de La Farga &#8216;BarGELona&#8217; est\u00e0 tenint for\u00e7a acceptaci\u00f3 entre la ciutadania ja que aquesta, s&#8217;ha abocat amb entusiasme en els primers dies, de la que \u00e9s la pista de patinatge sobre gel urbana m\u00e9s \u00e0mplia d&#8217;Europa.<\/p>\n","protected":false},"author":8,"featured_media":5958,"comment_status":"closed","ping_status":"closed","sticky":false,"template":"","format":"standard","meta":{"inline_featured_image":false,"_uag_custom_page_level_css":"","_monsterinsights_skip_tracking":false,"_monsterinsights_sitenote_active":false,"_monsterinsights_sitenote_note":"","_monsterinsights_sitenote_category":0,"site-sidebar-layout":"default","site-content-layout":"","ast-site-content-layout":"default","site-content-style":"default","site-sidebar-style":"default","ast-global-header-display":"","ast-banner-title-visibility":"","ast-main-header-display":"","ast-hfb-above-header-display":"","ast-hfb-below-header-display":"","ast-hfb-mobile-header-display":"","site-post-title":"","ast-breadcrumbs-content":"","ast-featured-img":"","footer-sml-layout":"","ast-disable-related-posts":"","theme-transparent-header-meta":"","adv-header-id-meta":"","stick-header-meta":"","header-above-stick-meta":"","header-main-stick-meta":"","header-below-stick-meta":"","astra-migrate-meta-layouts":"default","ast-page-background-enabled":"default","ast-page-background-meta":{"desktop":{"background-color":"var(--ast-global-color-4)","background-image":"","background-repeat":"repeat","background-position":"center center","background-size":"auto","background-attachment":"scroll","background-type":"","background-media":"","overlay-type":"","overlay-color":"","overlay-opacity":"","overlay-gradient":""},"tablet":{"background-color":"","background-image":"","background-repeat":"repeat","background-position":"center center","background-size":"auto","background-attachment":"scroll","background-type":"","background-media":"","overlay-type":"","overlay-color":"","overlay-opacity":"","overlay-gradient":""},"mobile":{"background-color":"","background-image":"","background-repeat":"repeat","background-position":"center center","background-size":"auto","background-attachment":"scroll","background-type":"","background-media":"","overlay-type":"","overlay-color":"","overlay-opacity":"","overlay-gradient":""}},"ast-content-background-meta":{"desktop":{"background-color":"var(--ast-global-color-5)","background-image":"","background-repeat":"repeat","background-position":"center center","background-size":"auto","background-attachment":"scroll","background-type":"","background-media":"","overlay-type":"","overlay-color":"","overlay-opacity":"","overlay-gradient":""},"tablet":{"background-color":"var(--ast-global-color-5)","background-image":"","background-repeat":"repeat","background-position":"center center","background-size":"auto","background-attachment":"scroll","background-type":"","background-media":"","overlay-type":"","overlay-color":"","overlay-opacity":"","overlay-gradient":""},"mobile":{"background-color":"var(--ast-global-color-5)","background-image":"","background-repeat":"repeat","background-position":"center center","background-size":"auto","background-attachment":"scroll","background-type":"","background-media":"","overlay-type":"","overlay-color":"","overlay-opacity":"","overlay-gradient":""}},"footnotes":""},"categories":[49],"tags":[],"class_list":["post-5957","post","type-post","status-publish","format-standard","has-post-thumbnail","hentry","category-centre-activitats"],"yoast_head":"<!-- This site is optimized with the Yoast SEO plugin v27.4 - https:\/\/yoast.com\/product\/yoast-seo-wordpress\/ -->\n<title>M\u00e9s de 50.000 persones ja han passat per la pista de gel<\/title>\n<meta name=\"description\" content=\"La pista de gel de La Farga &#039;BarGELona&#039; est\u00e0 tenint for\u00e7a acceptaci\u00f3 entre la ciutadania ja que aquesta, s&#039;ha abocat amb entusiasme en els primers dies.\" \/>\n<meta name=\"robots\" content=\"index, follow, max-snippet:-1, max-image-preview:large, max-video-preview:-1\" \/>\n<link rel=\"canonical\" href=\"https:\/\/www.lafarga.com\/corporatiu\/mes-de-50-000-persones-ja-han-passat-per-la-pista-de-gel\/\" \/>\n<meta property=\"og:locale\" content=\"ca_ES\" \/>\n<meta property=\"og:type\" content=\"article\" \/>\n<meta property=\"og:title\" content=\"M\u00e9s de 50.000 persones ja han passat per la pista de gel\" \/>\n<meta property=\"og:description\" content=\"La pista de gel de La Farga &#039;BarGELona&#039; est\u00e0 tenint for\u00e7a acceptaci\u00f3 entre la ciutadania ja que aquesta, s&#039;ha abocat amb entusiasme en els primers dies.\" \/>\n<meta property=\"og:url\" content=\"https:\/\/www.lafarga.com\/corporatiu\/mes-de-50-000-persones-ja-han-passat-per-la-pista-de-gel\/\" \/>\n<meta property=\"og:site_name\" content=\"La Farga Gesti\u00f3n de Equipamientos Municipales, S.A.\" \/>\n<meta property=\"article:published_time\" content=\"2015-12-10T11:58:02+00:00\" \/>\n<meta property=\"og:image\" content=\"https:\/\/www.lafarga.com\/corporatiu\/wp-content\/uploads\/2015\/12\/pista-farga-8-12.jpg\" \/>\n\t<meta property=\"og:image:width\" content=\"730\" \/>\n\t<meta property=\"og:image:height\" content=\"410\" \/>\n\t<meta property=\"og:image:type\" content=\"image\/jpeg\" \/>\n<meta name=\"author\" content=\"admfarga\" \/>\n<meta name=\"twitter:label1\" content=\"Escrit per\" \/>\n\t<meta name=\"twitter:data1\" content=\"admfarga\" \/>\n\t<meta name=\"twitter:label2\" content=\"Temps estimat de lectura\" \/>\n\t<meta name=\"twitter:data2\" content=\"1 minut\" \/>\n<script type=\"application\/ld+json\" class=\"yoast-schema-graph\">{\"@context\":\"https:\\\/\\\/schema.org\",\"@graph\":[{\"@type\":\"Article\",\"@id\":\"https:\\\/\\\/www.lafarga.com\\\/corporatiu\\\/mes-de-50-000-persones-ja-han-passat-per-la-pista-de-gel\\\/#article\",\"isPartOf\":{\"@id\":\"https:\\\/\\\/www.lafarga.com\\\/corporatiu\\\/mes-de-50-000-persones-ja-han-passat-per-la-pista-de-gel\\\/\"},\"author\":{\"name\":\"admfarga\",\"@id\":\"https:\\\/\\\/www.lafarga.com\\\/corporatiu\\\/#\\\/schema\\\/person\\\/0ad4bc37b46f53e6b85ad51c2ac2d685\"},\"headline\":\"M\u00e9s de 50.000 persones ja han passat per la pista de gel\",\"datePublished\":\"2015-12-10T11:58:02+00:00\",\"mainEntityOfPage\":{\"@id\":\"https:\\\/\\\/www.lafarga.com\\\/corporatiu\\\/mes-de-50-000-persones-ja-han-passat-per-la-pista-de-gel\\\/\"},\"wordCount\":307,\"publisher\":{\"@id\":\"https:\\\/\\\/www.lafarga.com\\\/corporatiu\\\/#organization\"},\"image\":{\"@id\":\"https:\\\/\\\/www.lafarga.com\\\/corporatiu\\\/mes-de-50-000-persones-ja-han-passat-per-la-pista-de-gel\\\/#primaryimage\"},\"thumbnailUrl\":\"https:\\\/\\\/www.lafarga.com\\\/corporatiu\\\/wp-content\\\/uploads\\\/2015\\\/12\\\/pista-farga-8-12.jpg\",\"articleSection\":[\"Centre d'Activitats\"],\"inLanguage\":\"ca\"},{\"@type\":\"WebPage\",\"@id\":\"https:\\\/\\\/www.lafarga.com\\\/corporatiu\\\/mes-de-50-000-persones-ja-han-passat-per-la-pista-de-gel\\\/\",\"url\":\"https:\\\/\\\/www.lafarga.com\\\/corporatiu\\\/mes-de-50-000-persones-ja-han-passat-per-la-pista-de-gel\\\/\",\"name\":\"M\u00e9s de 50.000 persones ja han passat per la pista de gel\",\"isPartOf\":{\"@id\":\"https:\\\/\\\/www.lafarga.com\\\/corporatiu\\\/#website\"},\"primaryImageOfPage\":{\"@id\":\"https:\\\/\\\/www.lafarga.com\\\/corporatiu\\\/mes-de-50-000-persones-ja-han-passat-per-la-pista-de-gel\\\/#primaryimage\"},\"image\":{\"@id\":\"https:\\\/\\\/www.lafarga.com\\\/corporatiu\\\/mes-de-50-000-persones-ja-han-passat-per-la-pista-de-gel\\\/#primaryimage\"},\"thumbnailUrl\":\"https:\\\/\\\/www.lafarga.com\\\/corporatiu\\\/wp-content\\\/uploads\\\/2015\\\/12\\\/pista-farga-8-12.jpg\",\"datePublished\":\"2015-12-10T11:58:02+00:00\",\"description\":\"La pista de gel de La Farga 'BarGELona' est\u00e0 tenint for\u00e7a acceptaci\u00f3 entre la ciutadania ja que aquesta, s'ha abocat amb entusiasme en els primers dies.\",\"breadcrumb\":{\"@id\":\"https:\\\/\\\/www.lafarga.com\\\/corporatiu\\\/mes-de-50-000-persones-ja-han-passat-per-la-pista-de-gel\\\/#breadcrumb\"},\"inLanguage\":\"ca\",\"potentialAction\":[{\"@type\":\"ReadAction\",\"target\":[\"https:\\\/\\\/www.lafarga.com\\\/corporatiu\\\/mes-de-50-000-persones-ja-han-passat-per-la-pista-de-gel\\\/\"]}]},{\"@type\":\"ImageObject\",\"inLanguage\":\"ca\",\"@id\":\"https:\\\/\\\/www.lafarga.com\\\/corporatiu\\\/mes-de-50-000-persones-ja-han-passat-per-la-pista-de-gel\\\/#primaryimage\",\"url\":\"https:\\\/\\\/www.lafarga.com\\\/corporatiu\\\/wp-content\\\/uploads\\\/2015\\\/12\\\/pista-farga-8-12.jpg\",\"contentUrl\":\"https:\\\/\\\/www.lafarga.com\\\/corporatiu\\\/wp-content\\\/uploads\\\/2015\\\/12\\\/pista-farga-8-12.jpg\",\"width\":730,\"height\":410},{\"@type\":\"BreadcrumbList\",\"@id\":\"https:\\\/\\\/www.lafarga.com\\\/corporatiu\\\/mes-de-50-000-persones-ja-han-passat-per-la-pista-de-gel\\\/#breadcrumb\",\"itemListElement\":[{\"@type\":\"ListItem\",\"position\":1,\"name\":\"Home\",\"item\":\"https:\\\/\\\/www.lafarga.com\\\/corporatiu\\\/lafarga-hospitalet-llobregat\\\/\"},{\"@type\":\"ListItem\",\"position\":2,\"name\":\"M\u00e9s de 50.000 persones ja han passat per la pista de gel\"}]},{\"@type\":\"WebSite\",\"@id\":\"https:\\\/\\\/www.lafarga.com\\\/corporatiu\\\/#website\",\"url\":\"https:\\\/\\\/www.lafarga.com\\\/corporatiu\\\/\",\"name\":\"La Farga Gesti\u00f3 d&#039;Equipaments Municipals, SA\",\"description\":\"\",\"publisher\":{\"@id\":\"https:\\\/\\\/www.lafarga.com\\\/corporatiu\\\/#organization\"},\"potentialAction\":[{\"@type\":\"SearchAction\",\"target\":{\"@type\":\"EntryPoint\",\"urlTemplate\":\"https:\\\/\\\/www.lafarga.com\\\/corporatiu\\\/?s={search_term_string}\"},\"query-input\":{\"@type\":\"PropertyValueSpecification\",\"valueRequired\":true,\"valueName\":\"search_term_string\"}}],\"inLanguage\":\"ca\"},{\"@type\":\"Organization\",\"@id\":\"https:\\\/\\\/www.lafarga.com\\\/corporatiu\\\/#organization\",\"name\":\"La Farga Gesti\u00f3 d&#039;Equipaments Municipals, SA\",\"url\":\"https:\\\/\\\/www.lafarga.com\\\/corporatiu\\\/\",\"logo\":{\"@type\":\"ImageObject\",\"inLanguage\":\"ca\",\"@id\":\"https:\\\/\\\/www.lafarga.com\\\/corporatiu\\\/#\\\/schema\\\/logo\\\/image\\\/\",\"url\":\"https:\\\/\\\/www.lafarga.com\\\/corporatiu\\\/wp-content\\\/uploads\\\/2023\\\/11\\\/logotipo_lafarga_gemsa.svg\",\"contentUrl\":\"https:\\\/\\\/www.lafarga.com\\\/corporatiu\\\/wp-content\\\/uploads\\\/2023\\\/11\\\/logotipo_lafarga_gemsa.svg\",\"width\":102,\"height\":103,\"caption\":\"La Farga Gesti\u00f3 d&#039;Equipaments Municipals, SA\"},\"image\":{\"@id\":\"https:\\\/\\\/www.lafarga.com\\\/corporatiu\\\/#\\\/schema\\\/logo\\\/image\\\/\"}},{\"@type\":\"Person\",\"@id\":\"https:\\\/\\\/www.lafarga.com\\\/corporatiu\\\/#\\\/schema\\\/person\\\/0ad4bc37b46f53e6b85ad51c2ac2d685\",\"name\":\"admfarga\",\"image\":{\"@type\":\"ImageObject\",\"inLanguage\":\"ca\",\"@id\":\"https:\\\/\\\/secure.gravatar.com\\\/avatar\\\/2a2db0975754ce87d41cab8623874e9e5ef5d0add52244aba02a09775feab5cb?s=96&d=mm&r=g\",\"url\":\"https:\\\/\\\/secure.gravatar.com\\\/avatar\\\/2a2db0975754ce87d41cab8623874e9e5ef5d0add52244aba02a09775feab5cb?s=96&d=mm&r=g\",\"contentUrl\":\"https:\\\/\\\/secure.gravatar.com\\\/avatar\\\/2a2db0975754ce87d41cab8623874e9e5ef5d0add52244aba02a09775feab5cb?s=96&d=mm&r=g\",\"caption\":\"admfarga\"},\"url\":\"https:\\\/\\\/www.lafarga.com\\\/corporatiu\\\/author\\\/admfarga\\\/\"}]}<\/script>\n<!-- \/ Yoast SEO plugin. -->","yoast_head_json":{"title":"M\u00e9s de 50.000 persones ja han passat per la pista de gel","description":"La pista de gel de La Farga 'BarGELona' est\u00e0 tenint for\u00e7a acceptaci\u00f3 entre la ciutadania ja que aquesta, s'ha abocat amb entusiasme en els primers dies.","robots":{"index":"index","follow":"follow","max-snippet":"max-snippet:-1","max-image-preview":"max-image-preview:large","max-video-preview":"max-video-preview:-1"},"canonical":"https:\/\/www.lafarga.com\/corporatiu\/mes-de-50-000-persones-ja-han-passat-per-la-pista-de-gel\/","og_locale":"ca_ES","og_type":"article","og_title":"M\u00e9s de 50.000 persones ja han passat per la pista de gel","og_description":"La pista de gel de La Farga 'BarGELona' est\u00e0 tenint for\u00e7a acceptaci\u00f3 entre la ciutadania ja que aquesta, s'ha abocat amb entusiasme en els primers dies.","og_url":"https:\/\/www.lafarga.com\/corporatiu\/mes-de-50-000-persones-ja-han-passat-per-la-pista-de-gel\/","og_site_name":"La Farga Gesti\u00f3n de Equipamientos Municipales, S.A.","article_published_time":"2015-12-10T11:58:02+00:00","og_image":[{"width":730,"height":410,"url":"https:\/\/www.lafarga.com\/corporatiu\/wp-content\/uploads\/2015\/12\/pista-farga-8-12.jpg","type":"image\/jpeg"}],"author":"admfarga","twitter_misc":{"Escrit per":"admfarga","Temps estimat de lectura":"1 minut"},"schema":{"@context":"https:\/\/schema.org","@graph":[{"@type":"Article","@id":"https:\/\/www.lafarga.com\/corporatiu\/mes-de-50-000-persones-ja-han-passat-per-la-pista-de-gel\/#article","isPartOf":{"@id":"https:\/\/www.lafarga.com\/corporatiu\/mes-de-50-000-persones-ja-han-passat-per-la-pista-de-gel\/"},"author":{"name":"admfarga","@id":"https:\/\/www.lafarga.com\/corporatiu\/#\/schema\/person\/0ad4bc37b46f53e6b85ad51c2ac2d685"},"headline":"M\u00e9s de 50.000 persones ja han passat per la pista de gel","datePublished":"2015-12-10T11:58:02+00:00","mainEntityOfPage":{"@id":"https:\/\/www.lafarga.com\/corporatiu\/mes-de-50-000-persones-ja-han-passat-per-la-pista-de-gel\/"},"wordCount":307,"publisher":{"@id":"https:\/\/www.lafarga.com\/corporatiu\/#organization"},"image":{"@id":"https:\/\/www.lafarga.com\/corporatiu\/mes-de-50-000-persones-ja-han-passat-per-la-pista-de-gel\/#primaryimage"},"thumbnailUrl":"https:\/\/www.lafarga.com\/corporatiu\/wp-content\/uploads\/2015\/12\/pista-farga-8-12.jpg","articleSection":["Centre d'Activitats"],"inLanguage":"ca"},{"@type":"WebPage","@id":"https:\/\/www.lafarga.com\/corporatiu\/mes-de-50-000-persones-ja-han-passat-per-la-pista-de-gel\/","url":"https:\/\/www.lafarga.com\/corporatiu\/mes-de-50-000-persones-ja-han-passat-per-la-pista-de-gel\/","name":"M\u00e9s de 50.000 persones ja han passat per la pista de gel","isPartOf":{"@id":"https:\/\/www.lafarga.com\/corporatiu\/#website"},"primaryImageOfPage":{"@id":"https:\/\/www.lafarga.com\/corporatiu\/mes-de-50-000-persones-ja-han-passat-per-la-pista-de-gel\/#primaryimage"},"image":{"@id":"https:\/\/www.lafarga.com\/corporatiu\/mes-de-50-000-persones-ja-han-passat-per-la-pista-de-gel\/#primaryimage"},"thumbnailUrl":"https:\/\/www.lafarga.com\/corporatiu\/wp-content\/uploads\/2015\/12\/pista-farga-8-12.jpg","datePublished":"2015-12-10T11:58:02+00:00","description":"La pista de gel de La Farga 'BarGELona' est\u00e0 tenint for\u00e7a acceptaci\u00f3 entre la ciutadania ja que aquesta, s'ha abocat amb entusiasme en els primers dies.","breadcrumb":{"@id":"https:\/\/www.lafarga.com\/corporatiu\/mes-de-50-000-persones-ja-han-passat-per-la-pista-de-gel\/#breadcrumb"},"inLanguage":"ca","potentialAction":[{"@type":"ReadAction","target":["https:\/\/www.lafarga.com\/corporatiu\/mes-de-50-000-persones-ja-han-passat-per-la-pista-de-gel\/"]}]},{"@type":"ImageObject","inLanguage":"ca","@id":"https:\/\/www.lafarga.com\/corporatiu\/mes-de-50-000-persones-ja-han-passat-per-la-pista-de-gel\/#primaryimage","url":"https:\/\/www.lafarga.com\/corporatiu\/wp-content\/uploads\/2015\/12\/pista-farga-8-12.jpg","contentUrl":"https:\/\/www.lafarga.com\/corporatiu\/wp-content\/uploads\/2015\/12\/pista-farga-8-12.jpg","width":730,"height":410},{"@type":"BreadcrumbList","@id":"https:\/\/www.lafarga.com\/corporatiu\/mes-de-50-000-persones-ja-han-passat-per-la-pista-de-gel\/#breadcrumb","itemListElement":[{"@type":"ListItem","position":1,"name":"Home","item":"https:\/\/www.lafarga.com\/corporatiu\/lafarga-hospitalet-llobregat\/"},{"@type":"ListItem","position":2,"name":"M\u00e9s de 50.000 persones ja han passat per la pista de gel"}]},{"@type":"WebSite","@id":"https:\/\/www.lafarga.com\/corporatiu\/#website","url":"https:\/\/www.lafarga.com\/corporatiu\/","name":"La Farga Gesti\u00f3 d&#039;Equipaments Municipals, SA","description":"","publisher":{"@id":"https:\/\/www.lafarga.com\/corporatiu\/#organization"},"potentialAction":[{"@type":"SearchAction","target":{"@type":"EntryPoint","urlTemplate":"https:\/\/www.lafarga.com\/corporatiu\/?s={search_term_string}"},"query-input":{"@type":"PropertyValueSpecification","valueRequired":true,"valueName":"search_term_string"}}],"inLanguage":"ca"},{"@type":"Organization","@id":"https:\/\/www.lafarga.com\/corporatiu\/#organization","name":"La Farga Gesti\u00f3 d&#039;Equipaments Municipals, SA","url":"https:\/\/www.lafarga.com\/corporatiu\/","logo":{"@type":"ImageObject","inLanguage":"ca","@id":"https:\/\/www.lafarga.com\/corporatiu\/#\/schema\/logo\/image\/","url":"https:\/\/www.lafarga.com\/corporatiu\/wp-content\/uploads\/2023\/11\/logotipo_lafarga_gemsa.svg","contentUrl":"https:\/\/www.lafarga.com\/corporatiu\/wp-content\/uploads\/2023\/11\/logotipo_lafarga_gemsa.svg","width":102,"height":103,"caption":"La Farga Gesti\u00f3 d&#039;Equipaments Municipals, SA"},"image":{"@id":"https:\/\/www.lafarga.com\/corporatiu\/#\/schema\/logo\/image\/"}},{"@type":"Person","@id":"https:\/\/www.lafarga.com\/corporatiu\/#\/schema\/person\/0ad4bc37b46f53e6b85ad51c2ac2d685","name":"admfarga","image":{"@type":"ImageObject","inLanguage":"ca","@id":"https:\/\/secure.gravatar.com\/avatar\/2a2db0975754ce87d41cab8623874e9e5ef5d0add52244aba02a09775feab5cb?s=96&d=mm&r=g","url":"https:\/\/secure.gravatar.com\/avatar\/2a2db0975754ce87d41cab8623874e9e5ef5d0add52244aba02a09775feab5cb?s=96&d=mm&r=g","contentUrl":"https:\/\/secure.gravatar.com\/avatar\/2a2db0975754ce87d41cab8623874e9e5ef5d0add52244aba02a09775feab5cb?s=96&d=mm&r=g","caption":"admfarga"},"url":"https:\/\/www.lafarga.com\/corporatiu\/author\/admfarga\/"}]}},"uagb_featured_image_src":{"full":["https:\/\/www.lafarga.com\/corporatiu\/wp-content\/uploads\/2015\/12\/pista-farga-8-12.jpg",730,410,false],"thumbnail":["https:\/\/www.lafarga.com\/corporatiu\/wp-content\/uploads\/2015\/12\/pista-farga-8-12-150x150.jpg",150,150,true],"medium":["https:\/\/www.lafarga.com\/corporatiu\/wp-content\/uploads\/2015\/12\/pista-farga-8-12-300x168.jpg",300,168,true],"medium_large":["https:\/\/www.lafarga.com\/corporatiu\/wp-content\/uploads\/2015\/12\/pista-farga-8-12.jpg",730,410,false],"large":["https:\/\/www.lafarga.com\/corporatiu\/wp-content\/uploads\/2015\/12\/pista-farga-8-12.jpg",730,410,false],"1536x1536":["https:\/\/www.lafarga.com\/corporatiu\/wp-content\/uploads\/2015\/12\/pista-farga-8-12.jpg",730,410,false],"2048x2048":["https:\/\/www.lafarga.com\/corporatiu\/wp-content\/uploads\/2015\/12\/pista-farga-8-12.jpg",730,410,false],"mailpoet_newsletter_max":["https:\/\/www.lafarga.com\/corporatiu\/wp-content\/uploads\/2015\/12\/pista-farga-8-12.jpg",730,410,false]},"uagb_author_info":{"display_name":"admfarga","author_link":"https:\/\/www.lafarga.com\/corporatiu\/author\/admfarga\/"},"uagb_comment_info":0,"uagb_excerpt":"La pista de gel de La Farga 'BarGELona' est\u00e0 tenint for\u00e7a acceptaci\u00f3 entre la ciutadania ja que aquesta, s'ha abocat amb entusiasme en els primers dies, de la que \u00e9s la pista de patinatge sobre gel urbana m\u00e9s \u00e0mplia d'Europa.","_links":{"self":[{"href":"https:\/\/www.lafarga.com\/corporatiu\/wp-json\/wp\/v2\/posts\/5957","targetHints":{"allow":["GET"]}}],"collection":[{"href":"https:\/\/www.lafarga.com\/corporatiu\/wp-json\/wp\/v2\/posts"}],"about":[{"href":"https:\/\/www.lafarga.com\/corporatiu\/wp-json\/wp\/v2\/types\/post"}],"author":[{"embeddable":true,"href":"https:\/\/www.lafarga.com\/corporatiu\/wp-json\/wp\/v2\/users\/8"}],"replies":[{"embeddable":true,"href":"https:\/\/www.lafarga.com\/corporatiu\/wp-json\/wp\/v2\/comments?post=5957"}],"version-history":[{"count":1,"href":"https:\/\/www.lafarga.com\/corporatiu\/wp-json\/wp\/v2\/posts\/5957\/revisions"}],"predecessor-version":[{"id":5959,"href":"https:\/\/www.lafarga.com\/corporatiu\/wp-json\/wp\/v2\/posts\/5957\/revisions\/5959"}],"wp:featuredmedia":[{"embeddable":true,"href":"https:\/\/www.lafarga.com\/corporatiu\/wp-json\/wp\/v2\/media\/5958"}],"wp:attachment":[{"href":"https:\/\/www.lafarga.com\/corporatiu\/wp-json\/wp\/v2\/media?parent=5957"}],"wp:term":[{"taxonomy":"category","embeddable":true,"href":"https:\/\/www.lafarga.com\/corporatiu\/wp-json\/wp\/v2\/categories?post=5957"},{"taxonomy":"post_tag","embeddable":true,"href":"https:\/\/www.lafarga.com\/corporatiu\/wp-json\/wp\/v2\/tags?post=5957"}],"curies":[{"name":"wp","href":"https:\/\/api.w.org\/{rel}","templated":true}]}}