{"id":5921,"date":"2015-12-01T08:40:24","date_gmt":"2015-12-01T08:40:24","guid":{"rendered":"http:\/\/www.lafarga.com\/corporatiu\/?p=5921"},"modified":"2015-12-09T13:29:45","modified_gmt":"2015-12-09T13:29:45","slug":"experimentalhs-calienta-motores","status":"publish","type":"post","link":"https:\/\/www.lafarga.com\/corporatiu\/experimentalhs-calienta-motores\/","title":{"rendered":"Experimental&#8217;Hs calienta motores"},"content":{"rendered":"<p>El <a href=\"http:\/\/www.l-h.cat\/inici_2.aspx\" target=\"_blank\">Ayuntamiento de L&#8217;Hospitalet<\/a>, a trav\u00e9s de <a href=\"http:\/\/www.torrebarrina.cat\/inici_2.aspx\" target=\"_blank\">Torre Barrina, Centro Municipal de Creaci\u00f3n Multimedia<\/a>,<br \/>\npresenta la segunda edici\u00f3n de las Jornadas para el Fomento del Audiovisual <a href=\"http:\/\/www.experimentalhs.cat\/\" target=\"_blank\">Experimental&#8217;Hs<\/a> 2015.<\/p>\n<p>El objetivo de este a\u00f1o es generar debate en torno al cortometraje y reivindicarlo como un formato<br \/>\ncinematogr\u00e1fico sin complejos, en plena \u00e9poca dorada en la que la creatividad y la calidad art\u00edstica<br \/>\ny t\u00e9cnica no tienen l\u00edmites.<\/p>\n<p>Del 9 al 11 de diciembre se han programado mesas de experiencias, masterclass, talleres pr\u00e1cticos,<br \/>\ncharlas, networking abierto a profesionales y creadores noveles, y proyecciones de cortos, con la intervenci\u00f3n<br \/>\nde guionistas y directores. El gui\u00f3n, el sonido, la fotograf\u00eda, la direcci\u00f3n y los derechos de autor centran<br \/>\ncontenidos de estas jornadas que culminan el viernes con una tarde de cine enmarcada en<br \/>\nla iniciativa titulada <a href=\"http:\/\/www.eldiamescurt.cat\/\" target=\"_blank\">El Dia M\u00e9s Curt<\/a>.<\/p>\n<p>Por primera vez Torre Barrina se suma a esta fiesta del cortometraje de repercusi\u00f3n<br \/>\neuropea, impulsada por instituciones como la <a href=\"http:\/\/academiadelcinema.cat\/es\/\" target=\"_blank\">Academia del Cine Catal\u00e1n<\/a>, la <a href=\"http:\/\/catalunyafilmfestivals.com\/es\/\" target=\"_blank\">Coordinadora de Festivales<\/a><br \/>\n<a href=\"http:\/\/catalunyafilmfestivals.com\/es\/\" target=\"_blank\">de Cine de Catalunya<\/a>, el <a href=\"http:\/\/www.cpac.cat\/\" target=\"_blank\">Colegio Profesional del Audiovisual de Catalunya<\/a> y la distribuidora de<br \/>\ncortometrajes <a href=\"http:\/\/marvinwayne.com\/ca\/\" target=\"_blank\">Marvin &amp; Wayne<\/a>, y organizada en Catalunya.<\/p>\n<p>En paralelo, Experimental&#8217;Hs 2015 sirve nuevamente de marco para acoger la presentaci\u00f3n del<br \/>\n<a href=\"http:\/\/videolookinglh.com\/\" target=\"_blank\">Festival Videolooking<\/a>, Muestra Audiovisual y Live Performance de L&#8217;Hospitalet, que este a\u00f1o celebra<br \/>\nla quinta edici\u00f3n. Un evento cultural y art\u00edstico atrevido en el que la imagen en movimiento<br \/>\nadquiere otra dimensi\u00f3n.<\/p>\n<p>Tambi\u00e9n cabe destacar que entre los colaboradores de Experimental&#8217;Hs est\u00e1 el <a href=\"http:\/\/cinemaworld.es\/\" target=\"_blank\">Sal\u00f3n del Cine y las Series<\/a> que por primera vez se llevar\u00e1 a cabo, <a href=\"https:\/\/www.lafarga.com\/corporatiu\/el-primer-salon-del-cine-i-las-series-se-hara-en-la-farga-de-lhospitalet\/\" target=\"_blank\">a finales de enero<\/a>, con coorganizaci\u00f3n de La Farga Gesti\u00f3n de Equipamientos Municipales S.A.<\/p>\n<p><a href=\"https:\/\/dl.dropboxusercontent.com\/u\/16999205\/ExperimentLHs_15.pdf\" target=\"_blank\">Consultad el programa de actividades de Experimental&#8217;Hs<\/a><\/p>\n<p>Aqu\u00ed ten\u00e9is el video promocional de Experimental&#8217;Hs<br \/>\n<iframe loading=\"lazy\" src=\"https:\/\/player.vimeo.com\/video\/146391369\" width=\"500\" height=\"281\" frameborder=\"0\" allowfullscreen=\"allowfullscreen\"><\/iframe><\/p>\n","protected":false},"excerpt":{"rendered":"<p>El Ayuntamiento de L&#8217;Hospitalet, a trav\u00e9s de Torre Barrina, Centro Municipal de Creaci\u00f3n Multimedia, presenta la segunda edici\u00f3n de las Jornadas para el Fomento del Audiovisual Experimental&#8217;Hs 2015.<\/p>\n","protected":false},"author":8,"featured_media":5918,"comment_status":"closed","ping_status":"closed","sticky":false,"template":"","format":"standard","meta":{"inline_featured_image":false,"_uag_custom_page_level_css":"","_monsterinsights_skip_tracking":false,"_monsterinsights_sitenote_active":false,"_monsterinsights_sitenote_note":"","_monsterinsights_sitenote_category":0,"site-sidebar-layout":"default","site-content-layout":"","ast-site-content-layout":"default","site-content-style":"default","site-sidebar-style":"default","ast-global-header-display":"","ast-banner-title-visibility":"","ast-main-header-display":"","ast-hfb-above-header-display":"","ast-hfb-below-header-display":"","ast-hfb-mobile-header-display":"","site-post-title":"","ast-breadcrumbs-content":"","ast-featured-img":"","footer-sml-layout":"","ast-disable-related-posts":"","theme-transparent-header-meta":"","adv-header-id-meta":"","stick-header-meta":"","header-above-stick-meta":"","header-main-stick-meta":"","header-below-stick-meta":"","astra-migrate-meta-layouts":"default","ast-page-background-enabled":"default","ast-page-background-meta":{"desktop":{"background-color":"var(--ast-global-color-4)","background-image":"","background-repeat":"repeat","background-position":"center center","background-size":"auto","background-attachment":"scroll","background-type":"","background-media":"","overlay-type":"","overlay-color":"","overlay-opacity":"","overlay-gradient":""},"tablet":{"background-color":"","background-image":"","background-repeat":"repeat","background-position":"center center","background-size":"auto","background-attachment":"scroll","background-type":"","background-media":"","overlay-type":"","overlay-color":"","overlay-opacity":"","overlay-gradient":""},"mobile":{"background-color":"","background-image":"","background-repeat":"repeat","background-position":"center center","background-size":"auto","background-attachment":"scroll","background-type":"","background-media":"","overlay-type":"","overlay-color":"","overlay-opacity":"","overlay-gradient":""}},"ast-content-background-meta":{"desktop":{"background-color":"var(--ast-global-color-5)","background-image":"","background-repeat":"repeat","background-position":"center center","background-size":"auto","background-attachment":"scroll","background-type":"","background-media":"","overlay-type":"","overlay-color":"","overlay-opacity":"","overlay-gradient":""},"tablet":{"background-color":"var(--ast-global-color-5)","background-image":"","background-repeat":"repeat","background-position":"center center","background-size":"auto","background-attachment":"scroll","background-type":"","background-media":"","overlay-type":"","overlay-color":"","overlay-opacity":"","overlay-gradient":""},"mobile":{"background-color":"var(--ast-global-color-5)","background-image":"","background-repeat":"repeat","background-position":"center center","background-size":"auto","background-attachment":"scroll","background-type":"","background-media":"","overlay-type":"","overlay-color":"","overlay-opacity":"","overlay-gradient":""}},"footnotes":""},"categories":[87],"tags":[],"class_list":["post-5921","post","type-post","status-publish","format-standard","has-post-thumbnail","hentry","category-torre-barrina-cas"],"yoast_head":"<!-- This site is optimized with the Yoast SEO plugin v27.4 - https:\/\/yoast.com\/product\/yoast-seo-wordpress\/ -->\n<title>L&#039;Experimental&#039;Hs escalfa motors<\/title>\n<meta name=\"description\" content=\"L\u2019Ajuntament de L\u2019Hospitalet, a trav\u00e9s de Torre Barrina, presenta la segona edici\u00f3 de les Jornades per al Foment de l\u2019Audiovisual Experimental\u2019Hs 2015.\" \/>\n<meta name=\"robots\" content=\"index, follow, max-snippet:-1, max-image-preview:large, max-video-preview:-1\" \/>\n<link rel=\"canonical\" href=\"https:\/\/www.lafarga.com\/corporatiu\/experimentalhs-calienta-motores\/\" \/>\n<meta property=\"og:locale\" content=\"ca_ES\" \/>\n<meta property=\"og:type\" content=\"article\" \/>\n<meta property=\"og:title\" content=\"L&#039;Experimental&#039;Hs escalfa motors\" \/>\n<meta property=\"og:description\" content=\"L\u2019Ajuntament de L\u2019Hospitalet, a trav\u00e9s de Torre Barrina, presenta la segona edici\u00f3 de les Jornades per al Foment de l\u2019Audiovisual Experimental\u2019Hs 2015.\" \/>\n<meta property=\"og:url\" content=\"https:\/\/www.lafarga.com\/corporatiu\/experimentalhs-calienta-motores\/\" \/>\n<meta property=\"og:site_name\" content=\"La Farga Gesti\u00f3n de Equipamientos Municipales, S.A.\" \/>\n<meta property=\"article:published_time\" content=\"2015-12-01T08:40:24+00:00\" \/>\n<meta property=\"article:modified_time\" content=\"2015-12-09T13:29:45+00:00\" \/>\n<meta property=\"og:image\" content=\"https:\/\/www.lafarga.com\/corporatiu\/wp-content\/uploads\/2015\/12\/experimentalhs-farga.jpg\" \/>\n\t<meta property=\"og:image:width\" content=\"730\" \/>\n\t<meta property=\"og:image:height\" content=\"410\" \/>\n\t<meta property=\"og:image:type\" content=\"image\/jpeg\" \/>\n<meta name=\"author\" content=\"admfarga\" \/>\n<meta name=\"twitter:label1\" content=\"Escrit per\" \/>\n\t<meta name=\"twitter:data1\" content=\"admfarga\" \/>\n\t<meta name=\"twitter:label2\" content=\"Temps estimat de lectura\" \/>\n\t<meta name=\"twitter:data2\" content=\"2 minuts\" \/>\n<script type=\"application\/ld+json\" class=\"yoast-schema-graph\">{\"@context\":\"https:\\\/\\\/schema.org\",\"@graph\":[{\"@type\":\"Article\",\"@id\":\"https:\\\/\\\/www.lafarga.com\\\/corporatiu\\\/experimentalhs-calienta-motores\\\/#article\",\"isPartOf\":{\"@id\":\"https:\\\/\\\/www.lafarga.com\\\/corporatiu\\\/experimentalhs-calienta-motores\\\/\"},\"author\":{\"name\":\"admfarga\",\"@id\":\"https:\\\/\\\/www.lafarga.com\\\/corporatiu\\\/#\\\/schema\\\/person\\\/0ad4bc37b46f53e6b85ad51c2ac2d685\"},\"headline\":\"Experimental&#8217;Hs calienta motores\",\"datePublished\":\"2015-12-01T08:40:24+00:00\",\"dateModified\":\"2015-12-09T13:29:45+00:00\",\"mainEntityOfPage\":{\"@id\":\"https:\\\/\\\/www.lafarga.com\\\/corporatiu\\\/experimentalhs-calienta-motores\\\/\"},\"wordCount\":319,\"publisher\":{\"@id\":\"https:\\\/\\\/www.lafarga.com\\\/corporatiu\\\/#organization\"},\"image\":{\"@id\":\"https:\\\/\\\/www.lafarga.com\\\/corporatiu\\\/experimentalhs-calienta-motores\\\/#primaryimage\"},\"thumbnailUrl\":\"https:\\\/\\\/www.lafarga.com\\\/corporatiu\\\/wp-content\\\/uploads\\\/2015\\\/12\\\/experimentalhs-farga.jpg\",\"articleSection\":[\"Torre Barrina.\"],\"inLanguage\":\"ca\"},{\"@type\":\"WebPage\",\"@id\":\"https:\\\/\\\/www.lafarga.com\\\/corporatiu\\\/experimentalhs-calienta-motores\\\/\",\"url\":\"https:\\\/\\\/www.lafarga.com\\\/corporatiu\\\/experimentalhs-calienta-motores\\\/\",\"name\":\"L'Experimental'Hs escalfa motors\",\"isPartOf\":{\"@id\":\"https:\\\/\\\/www.lafarga.com\\\/corporatiu\\\/#website\"},\"primaryImageOfPage\":{\"@id\":\"https:\\\/\\\/www.lafarga.com\\\/corporatiu\\\/experimentalhs-calienta-motores\\\/#primaryimage\"},\"image\":{\"@id\":\"https:\\\/\\\/www.lafarga.com\\\/corporatiu\\\/experimentalhs-calienta-motores\\\/#primaryimage\"},\"thumbnailUrl\":\"https:\\\/\\\/www.lafarga.com\\\/corporatiu\\\/wp-content\\\/uploads\\\/2015\\\/12\\\/experimentalhs-farga.jpg\",\"datePublished\":\"2015-12-01T08:40:24+00:00\",\"dateModified\":\"2015-12-09T13:29:45+00:00\",\"description\":\"L\u2019Ajuntament de L\u2019Hospitalet, a trav\u00e9s de Torre Barrina, presenta la segona edici\u00f3 de les Jornades per al Foment de l\u2019Audiovisual Experimental\u2019Hs 2015.\",\"breadcrumb\":{\"@id\":\"https:\\\/\\\/www.lafarga.com\\\/corporatiu\\\/experimentalhs-calienta-motores\\\/#breadcrumb\"},\"inLanguage\":\"ca\",\"potentialAction\":[{\"@type\":\"ReadAction\",\"target\":[\"https:\\\/\\\/www.lafarga.com\\\/corporatiu\\\/experimentalhs-calienta-motores\\\/\"]}]},{\"@type\":\"ImageObject\",\"inLanguage\":\"ca\",\"@id\":\"https:\\\/\\\/www.lafarga.com\\\/corporatiu\\\/experimentalhs-calienta-motores\\\/#primaryimage\",\"url\":\"https:\\\/\\\/www.lafarga.com\\\/corporatiu\\\/wp-content\\\/uploads\\\/2015\\\/12\\\/experimentalhs-farga.jpg\",\"contentUrl\":\"https:\\\/\\\/www.lafarga.com\\\/corporatiu\\\/wp-content\\\/uploads\\\/2015\\\/12\\\/experimentalhs-farga.jpg\",\"width\":730,\"height\":410},{\"@type\":\"BreadcrumbList\",\"@id\":\"https:\\\/\\\/www.lafarga.com\\\/corporatiu\\\/experimentalhs-calienta-motores\\\/#breadcrumb\",\"itemListElement\":[{\"@type\":\"ListItem\",\"position\":1,\"name\":\"Home\",\"item\":\"https:\\\/\\\/www.lafarga.com\\\/corporatiu\\\/lafarga-hospitalet-llobregat\\\/\"},{\"@type\":\"ListItem\",\"position\":2,\"name\":\"Experimental&#8217;Hs calienta motores\"}]},{\"@type\":\"WebSite\",\"@id\":\"https:\\\/\\\/www.lafarga.com\\\/corporatiu\\\/#website\",\"url\":\"https:\\\/\\\/www.lafarga.com\\\/corporatiu\\\/\",\"name\":\"La Farga Gesti\u00f3 d&#039;Equipaments Municipals, SA\",\"description\":\"\",\"publisher\":{\"@id\":\"https:\\\/\\\/www.lafarga.com\\\/corporatiu\\\/#organization\"},\"potentialAction\":[{\"@type\":\"SearchAction\",\"target\":{\"@type\":\"EntryPoint\",\"urlTemplate\":\"https:\\\/\\\/www.lafarga.com\\\/corporatiu\\\/?s={search_term_string}\"},\"query-input\":{\"@type\":\"PropertyValueSpecification\",\"valueRequired\":true,\"valueName\":\"search_term_string\"}}],\"inLanguage\":\"ca\"},{\"@type\":\"Organization\",\"@id\":\"https:\\\/\\\/www.lafarga.com\\\/corporatiu\\\/#organization\",\"name\":\"La Farga Gesti\u00f3 d&#039;Equipaments Municipals, SA\",\"url\":\"https:\\\/\\\/www.lafarga.com\\\/corporatiu\\\/\",\"logo\":{\"@type\":\"ImageObject\",\"inLanguage\":\"ca\",\"@id\":\"https:\\\/\\\/www.lafarga.com\\\/corporatiu\\\/#\\\/schema\\\/logo\\\/image\\\/\",\"url\":\"https:\\\/\\\/www.lafarga.com\\\/corporatiu\\\/wp-content\\\/uploads\\\/2023\\\/11\\\/logotipo_lafarga_gemsa.svg\",\"contentUrl\":\"https:\\\/\\\/www.lafarga.com\\\/corporatiu\\\/wp-content\\\/uploads\\\/2023\\\/11\\\/logotipo_lafarga_gemsa.svg\",\"width\":102,\"height\":103,\"caption\":\"La Farga Gesti\u00f3 d&#039;Equipaments Municipals, SA\"},\"image\":{\"@id\":\"https:\\\/\\\/www.lafarga.com\\\/corporatiu\\\/#\\\/schema\\\/logo\\\/image\\\/\"}},{\"@type\":\"Person\",\"@id\":\"https:\\\/\\\/www.lafarga.com\\\/corporatiu\\\/#\\\/schema\\\/person\\\/0ad4bc37b46f53e6b85ad51c2ac2d685\",\"name\":\"admfarga\",\"image\":{\"@type\":\"ImageObject\",\"inLanguage\":\"ca\",\"@id\":\"https:\\\/\\\/secure.gravatar.com\\\/avatar\\\/2a2db0975754ce87d41cab8623874e9e5ef5d0add52244aba02a09775feab5cb?s=96&d=mm&r=g\",\"url\":\"https:\\\/\\\/secure.gravatar.com\\\/avatar\\\/2a2db0975754ce87d41cab8623874e9e5ef5d0add52244aba02a09775feab5cb?s=96&d=mm&r=g\",\"contentUrl\":\"https:\\\/\\\/secure.gravatar.com\\\/avatar\\\/2a2db0975754ce87d41cab8623874e9e5ef5d0add52244aba02a09775feab5cb?s=96&d=mm&r=g\",\"caption\":\"admfarga\"},\"url\":\"https:\\\/\\\/www.lafarga.com\\\/corporatiu\\\/author\\\/admfarga\\\/\"}]}<\/script>\n<!-- \/ Yoast SEO plugin. -->","yoast_head_json":{"title":"L'Experimental'Hs escalfa motors","description":"L\u2019Ajuntament de L\u2019Hospitalet, a trav\u00e9s de Torre Barrina, presenta la segona edici\u00f3 de les Jornades per al Foment de l\u2019Audiovisual Experimental\u2019Hs 2015.","robots":{"index":"index","follow":"follow","max-snippet":"max-snippet:-1","max-image-preview":"max-image-preview:large","max-video-preview":"max-video-preview:-1"},"canonical":"https:\/\/www.lafarga.com\/corporatiu\/experimentalhs-calienta-motores\/","og_locale":"ca_ES","og_type":"article","og_title":"L'Experimental'Hs escalfa motors","og_description":"L\u2019Ajuntament de L\u2019Hospitalet, a trav\u00e9s de Torre Barrina, presenta la segona edici\u00f3 de les Jornades per al Foment de l\u2019Audiovisual Experimental\u2019Hs 2015.","og_url":"https:\/\/www.lafarga.com\/corporatiu\/experimentalhs-calienta-motores\/","og_site_name":"La Farga Gesti\u00f3n de Equipamientos Municipales, S.A.","article_published_time":"2015-12-01T08:40:24+00:00","article_modified_time":"2015-12-09T13:29:45+00:00","og_image":[{"width":730,"height":410,"url":"https:\/\/www.lafarga.com\/corporatiu\/wp-content\/uploads\/2015\/12\/experimentalhs-farga.jpg","type":"image\/jpeg"}],"author":"admfarga","twitter_misc":{"Escrit per":"admfarga","Temps estimat de lectura":"2 minuts"},"schema":{"@context":"https:\/\/schema.org","@graph":[{"@type":"Article","@id":"https:\/\/www.lafarga.com\/corporatiu\/experimentalhs-calienta-motores\/#article","isPartOf":{"@id":"https:\/\/www.lafarga.com\/corporatiu\/experimentalhs-calienta-motores\/"},"author":{"name":"admfarga","@id":"https:\/\/www.lafarga.com\/corporatiu\/#\/schema\/person\/0ad4bc37b46f53e6b85ad51c2ac2d685"},"headline":"Experimental&#8217;Hs calienta motores","datePublished":"2015-12-01T08:40:24+00:00","dateModified":"2015-12-09T13:29:45+00:00","mainEntityOfPage":{"@id":"https:\/\/www.lafarga.com\/corporatiu\/experimentalhs-calienta-motores\/"},"wordCount":319,"publisher":{"@id":"https:\/\/www.lafarga.com\/corporatiu\/#organization"},"image":{"@id":"https:\/\/www.lafarga.com\/corporatiu\/experimentalhs-calienta-motores\/#primaryimage"},"thumbnailUrl":"https:\/\/www.lafarga.com\/corporatiu\/wp-content\/uploads\/2015\/12\/experimentalhs-farga.jpg","articleSection":["Torre Barrina."],"inLanguage":"ca"},{"@type":"WebPage","@id":"https:\/\/www.lafarga.com\/corporatiu\/experimentalhs-calienta-motores\/","url":"https:\/\/www.lafarga.com\/corporatiu\/experimentalhs-calienta-motores\/","name":"L'Experimental'Hs escalfa motors","isPartOf":{"@id":"https:\/\/www.lafarga.com\/corporatiu\/#website"},"primaryImageOfPage":{"@id":"https:\/\/www.lafarga.com\/corporatiu\/experimentalhs-calienta-motores\/#primaryimage"},"image":{"@id":"https:\/\/www.lafarga.com\/corporatiu\/experimentalhs-calienta-motores\/#primaryimage"},"thumbnailUrl":"https:\/\/www.lafarga.com\/corporatiu\/wp-content\/uploads\/2015\/12\/experimentalhs-farga.jpg","datePublished":"2015-12-01T08:40:24+00:00","dateModified":"2015-12-09T13:29:45+00:00","description":"L\u2019Ajuntament de L\u2019Hospitalet, a trav\u00e9s de Torre Barrina, presenta la segona edici\u00f3 de les Jornades per al Foment de l\u2019Audiovisual Experimental\u2019Hs 2015.","breadcrumb":{"@id":"https:\/\/www.lafarga.com\/corporatiu\/experimentalhs-calienta-motores\/#breadcrumb"},"inLanguage":"ca","potentialAction":[{"@type":"ReadAction","target":["https:\/\/www.lafarga.com\/corporatiu\/experimentalhs-calienta-motores\/"]}]},{"@type":"ImageObject","inLanguage":"ca","@id":"https:\/\/www.lafarga.com\/corporatiu\/experimentalhs-calienta-motores\/#primaryimage","url":"https:\/\/www.lafarga.com\/corporatiu\/wp-content\/uploads\/2015\/12\/experimentalhs-farga.jpg","contentUrl":"https:\/\/www.lafarga.com\/corporatiu\/wp-content\/uploads\/2015\/12\/experimentalhs-farga.jpg","width":730,"height":410},{"@type":"BreadcrumbList","@id":"https:\/\/www.lafarga.com\/corporatiu\/experimentalhs-calienta-motores\/#breadcrumb","itemListElement":[{"@type":"ListItem","position":1,"name":"Home","item":"https:\/\/www.lafarga.com\/corporatiu\/lafarga-hospitalet-llobregat\/"},{"@type":"ListItem","position":2,"name":"Experimental&#8217;Hs calienta motores"}]},{"@type":"WebSite","@id":"https:\/\/www.lafarga.com\/corporatiu\/#website","url":"https:\/\/www.lafarga.com\/corporatiu\/","name":"La Farga Gesti\u00f3 d&#039;Equipaments Municipals, SA","description":"","publisher":{"@id":"https:\/\/www.lafarga.com\/corporatiu\/#organization"},"potentialAction":[{"@type":"SearchAction","target":{"@type":"EntryPoint","urlTemplate":"https:\/\/www.lafarga.com\/corporatiu\/?s={search_term_string}"},"query-input":{"@type":"PropertyValueSpecification","valueRequired":true,"valueName":"search_term_string"}}],"inLanguage":"ca"},{"@type":"Organization","@id":"https:\/\/www.lafarga.com\/corporatiu\/#organization","name":"La Farga Gesti\u00f3 d&#039;Equipaments Municipals, SA","url":"https:\/\/www.lafarga.com\/corporatiu\/","logo":{"@type":"ImageObject","inLanguage":"ca","@id":"https:\/\/www.lafarga.com\/corporatiu\/#\/schema\/logo\/image\/","url":"https:\/\/www.lafarga.com\/corporatiu\/wp-content\/uploads\/2023\/11\/logotipo_lafarga_gemsa.svg","contentUrl":"https:\/\/www.lafarga.com\/corporatiu\/wp-content\/uploads\/2023\/11\/logotipo_lafarga_gemsa.svg","width":102,"height":103,"caption":"La Farga Gesti\u00f3 d&#039;Equipaments Municipals, SA"},"image":{"@id":"https:\/\/www.lafarga.com\/corporatiu\/#\/schema\/logo\/image\/"}},{"@type":"Person","@id":"https:\/\/www.lafarga.com\/corporatiu\/#\/schema\/person\/0ad4bc37b46f53e6b85ad51c2ac2d685","name":"admfarga","image":{"@type":"ImageObject","inLanguage":"ca","@id":"https:\/\/secure.gravatar.com\/avatar\/2a2db0975754ce87d41cab8623874e9e5ef5d0add52244aba02a09775feab5cb?s=96&d=mm&r=g","url":"https:\/\/secure.gravatar.com\/avatar\/2a2db0975754ce87d41cab8623874e9e5ef5d0add52244aba02a09775feab5cb?s=96&d=mm&r=g","contentUrl":"https:\/\/secure.gravatar.com\/avatar\/2a2db0975754ce87d41cab8623874e9e5ef5d0add52244aba02a09775feab5cb?s=96&d=mm&r=g","caption":"admfarga"},"url":"https:\/\/www.lafarga.com\/corporatiu\/author\/admfarga\/"}]}},"uagb_featured_image_src":{"full":["https:\/\/www.lafarga.com\/corporatiu\/wp-content\/uploads\/2015\/12\/experimentalhs-farga.jpg",730,410,false],"thumbnail":["https:\/\/www.lafarga.com\/corporatiu\/wp-content\/uploads\/2015\/12\/experimentalhs-farga-150x150.jpg",150,150,true],"medium":["https:\/\/www.lafarga.com\/corporatiu\/wp-content\/uploads\/2015\/12\/experimentalhs-farga-300x168.jpg",300,168,true],"medium_large":["https:\/\/www.lafarga.com\/corporatiu\/wp-content\/uploads\/2015\/12\/experimentalhs-farga.jpg",730,410,false],"large":["https:\/\/www.lafarga.com\/corporatiu\/wp-content\/uploads\/2015\/12\/experimentalhs-farga.jpg",730,410,false],"1536x1536":["https:\/\/www.lafarga.com\/corporatiu\/wp-content\/uploads\/2015\/12\/experimentalhs-farga.jpg",730,410,false],"2048x2048":["https:\/\/www.lafarga.com\/corporatiu\/wp-content\/uploads\/2015\/12\/experimentalhs-farga.jpg",730,410,false],"mailpoet_newsletter_max":["https:\/\/www.lafarga.com\/corporatiu\/wp-content\/uploads\/2015\/12\/experimentalhs-farga.jpg",730,410,false]},"uagb_author_info":{"display_name":"admfarga","author_link":"https:\/\/www.lafarga.com\/corporatiu\/author\/admfarga\/"},"uagb_comment_info":0,"uagb_excerpt":"El Ayuntamiento de L'Hospitalet, a trav\u00e9s de Torre Barrina, Centro Municipal de Creaci\u00f3n Multimedia, presenta la segunda edici\u00f3n de las Jornadas para el Fomento del Audiovisual Experimental'Hs 2015.","_links":{"self":[{"href":"https:\/\/www.lafarga.com\/corporatiu\/wp-json\/wp\/v2\/posts\/5921","targetHints":{"allow":["GET"]}}],"collection":[{"href":"https:\/\/www.lafarga.com\/corporatiu\/wp-json\/wp\/v2\/posts"}],"about":[{"href":"https:\/\/www.lafarga.com\/corporatiu\/wp-json\/wp\/v2\/types\/post"}],"author":[{"embeddable":true,"href":"https:\/\/www.lafarga.com\/corporatiu\/wp-json\/wp\/v2\/users\/8"}],"replies":[{"embeddable":true,"href":"https:\/\/www.lafarga.com\/corporatiu\/wp-json\/wp\/v2\/comments?post=5921"}],"version-history":[{"count":3,"href":"https:\/\/www.lafarga.com\/corporatiu\/wp-json\/wp\/v2\/posts\/5921\/revisions"}],"predecessor-version":[{"id":5926,"href":"https:\/\/www.lafarga.com\/corporatiu\/wp-json\/wp\/v2\/posts\/5921\/revisions\/5926"}],"wp:featuredmedia":[{"embeddable":true,"href":"https:\/\/www.lafarga.com\/corporatiu\/wp-json\/wp\/v2\/media\/5918"}],"wp:attachment":[{"href":"https:\/\/www.lafarga.com\/corporatiu\/wp-json\/wp\/v2\/media?parent=5921"}],"wp:term":[{"taxonomy":"category","embeddable":true,"href":"https:\/\/www.lafarga.com\/corporatiu\/wp-json\/wp\/v2\/categories?post=5921"},{"taxonomy":"post_tag","embeddable":true,"href":"https:\/\/www.lafarga.com\/corporatiu\/wp-json\/wp\/v2\/tags?post=5921"}],"curies":[{"name":"wp","href":"https:\/\/api.w.org\/{rel}","templated":true}]}}