{"id":5917,"date":"2015-12-01T08:33:14","date_gmt":"2015-12-01T08:33:14","guid":{"rendered":"http:\/\/www.lafarga.com\/corporatiu\/?p=5917"},"modified":"2015-12-09T13:29:24","modified_gmt":"2015-12-09T13:29:24","slug":"lexperimentalhs-escalfa-motors","status":"publish","type":"post","link":"https:\/\/www.lafarga.com\/corporatiu\/lexperimentalhs-escalfa-motors\/","title":{"rendered":"L&#8217;Experimental&#8217;Hs escalfa motors"},"content":{"rendered":"<p>L\u2019<a href=\"http:\/\/www.l-h.cat\/\" target=\"_blank\">Ajuntament de L\u2019Hospitalet<\/a>, a trav\u00e9s de <a href=\"http:\/\/www.torrebarrina.cat\/\" target=\"_blank\">Torre\u00a0Barrina, Centre Municipal de Creaci\u00f3 Multim\u00e8dia<\/a>,<br \/>\npresenta la segona edici\u00f3 de les Jornades per al\u00a0Foment de l\u2019Audiovisual <a href=\"http:\/\/www.experimentalhs.cat\/\" target=\"_blank\">Experimental\u2019Hs<\/a> 2015.<\/p>\n<p>L\u2019objectiu d\u2019enguany \u00e9s generar debat al voltant\u00a0del curtmetratge i reivindicar-lo com un format<br \/>\ncinematogr\u00e0fic sense complexos, en plena \u00e8poca\u00a0daurada en qu\u00e8 la creativitat i la qualitat art\u00edstica<br \/>\ni t\u00e8cnica no tenen l\u00edmits.<\/p>\n<p>Del 9 a l\u201911 de desembre s\u2019han programat taules\u00a0d\u2019experi\u00e8ncies, masterclass, tallers pr\u00e0ctics,<br \/>\nxerrades, networking obert a professionals i creadors\u00a0novells, i projeccions de curts, amb la intervenci\u00f3<br \/>\nde guionistes i directors. El gui\u00f3, el so, la\u00a0fotografia, la direcci\u00f3 i els drets d\u2019autor centren els<br \/>\ncontinguts d\u2019aquestes jornades que culminen el\u00a0divendres amb una tarda de cinema emmarcada en<br \/>\nla iniciativa titulada <a href=\"http:\/\/www.eldiamescurt.cat\/\" target=\"_blank\">El Dia M\u00e9s Curt<\/a>.<\/p>\n<p>Per primera vegada Torre Barrina se suma a\u00a0aquesta festa del curtmetratge de repercussi\u00f3<br \/>\neuropea, impulsada per institucions com l\u2019<a href=\"http:\/\/academiadelcinema.cat\/ca\/\" target=\"_blank\">Acad\u00e8mia\u00a0del Cinema Catal\u00e0<\/a>, la <a href=\"http:\/\/catalunyafilmfestivals.com\/\" target=\"_blank\">Coordinadora de Festivals<\/a><br \/>\n<a href=\"http:\/\/catalunyafilmfestivals.com\/\" target=\"_blank\">de Cinema de Catalunya<\/a>, el <a href=\"http:\/\/www.cpac.cat\/\" target=\"_blank\">Col\u00b7legi Professional\u00a0de l\u2019Audiovisual de Catalunya<\/a> i la distribu\u00efdora de<br \/>\ncurtmetratges <a href=\"http:\/\/marvinwayne.com\/\" target=\"_blank\">Marvin &amp; Wayne<\/a>, i organitzada a Catalunya.<\/p>\n<p>En paral\u00b7lel, Experimental\u2019Hs 2015 serveix novament\u00a0de marc per acollir la presentaci\u00f3 del<br \/>\n<a href=\"http:\/\/videolookinglh.com\/\" target=\"_blank\">Festival Videolooking<\/a>, Mostra Audiovisual i Live\u00a0Performance de L\u2019Hospitalet, que enguany celebra<br \/>\nla cinquena edici\u00f3. Un esdeveniment cultural\u00a0i art\u00edstic agosarat en qu\u00e8 la imatge en moviment<br \/>\nadquireix una altra dimensi\u00f3.<\/p>\n<p>Tamb\u00e9 cal destacar que entre els col\u00b7laboradors d&#8217;Experimental&#8217;Hs hi ha el <a href=\"http:\/\/cinemaworld.es\/\" target=\"_blank\">Sal\u00f3 del Cin\u00e8ma i les S\u00e8ries<\/a> que per primera vegada es dur\u00e0 a terme, <a href=\"https:\/\/www.lafarga.com\/corporatiu\/el-salo-del-cinema-i-les-series-es-fara-a-la-farga-de-lhospitalet\/\" target=\"_blank\">a finals de gener<\/a>, amb coorganitzaci\u00f3 de La Farga Gesti\u00f3 d&#8217;Equipaments Municipals S.A.<\/p>\n<p><a href=\"https:\/\/dl.dropboxusercontent.com\/u\/16999205\/ExperimentLHs_15.pdf\" target=\"_blank\">Consulteu el programa d&#8217;activitats d&#8217;Experimental&#8217;Hs<\/a><\/p>\n<p>Aqu\u00ed teniu el v\u00eddeo promocional d&#8217;Experimental&#8217;Hs<br \/>\n<iframe loading=\"lazy\" src=\"https:\/\/player.vimeo.com\/video\/146391369\" width=\"500\" height=\"281\" frameborder=\"0\" allowfullscreen=\"allowfullscreen\"><\/iframe><\/p>\n<p><a href=\"https:\/\/vimeo.com\/146391369\">Experimentalhs 2015, II Jornades per al foment de l&#8217;audiovisual a L&#8217;Hospitalet<\/a> from <a href=\"https:\/\/vimeo.com\/torrebarrinalh\">Torre Barrina L&#8217;H<\/a> on <a href=\"https:\/\/vimeo.com\">Vimeo<\/a>.<\/p>\n","protected":false},"excerpt":{"rendered":"<p>L\u2019Ajuntament de L\u2019Hospitalet, a trav\u00e9s de Torre Barrina, Centre Municipal de Creaci\u00f3 Multim\u00e8dia, presenta la segona edici\u00f3 de les Jornades per al Foment de l\u2019Audiovisual Experimental\u2019Hs 2015.<\/p>\n","protected":false},"author":8,"featured_media":5918,"comment_status":"closed","ping_status":"closed","sticky":false,"template":"","format":"standard","meta":{"inline_featured_image":false,"_uag_custom_page_level_css":"","_monsterinsights_skip_tracking":false,"_monsterinsights_sitenote_active":false,"_monsterinsights_sitenote_note":"","_monsterinsights_sitenote_category":0,"site-sidebar-layout":"default","site-content-layout":"","ast-site-content-layout":"default","site-content-style":"default","site-sidebar-style":"default","ast-global-header-display":"","ast-banner-title-visibility":"","ast-main-header-display":"","ast-hfb-above-header-display":"","ast-hfb-below-header-display":"","ast-hfb-mobile-header-display":"","site-post-title":"","ast-breadcrumbs-content":"","ast-featured-img":"","footer-sml-layout":"","ast-disable-related-posts":"","theme-transparent-header-meta":"","adv-header-id-meta":"","stick-header-meta":"","header-above-stick-meta":"","header-main-stick-meta":"","header-below-stick-meta":"","astra-migrate-meta-layouts":"default","ast-page-background-enabled":"default","ast-page-background-meta":{"desktop":{"background-color":"var(--ast-global-color-4)","background-image":"","background-repeat":"repeat","background-position":"center center","background-size":"auto","background-attachment":"scroll","background-type":"","background-media":"","overlay-type":"","overlay-color":"","overlay-opacity":"","overlay-gradient":""},"tablet":{"background-color":"","background-image":"","background-repeat":"repeat","background-position":"center center","background-size":"auto","background-attachment":"scroll","background-type":"","background-media":"","overlay-type":"","overlay-color":"","overlay-opacity":"","overlay-gradient":""},"mobile":{"background-color":"","background-image":"","background-repeat":"repeat","background-position":"center center","background-size":"auto","background-attachment":"scroll","background-type":"","background-media":"","overlay-type":"","overlay-color":"","overlay-opacity":"","overlay-gradient":""}},"ast-content-background-meta":{"desktop":{"background-color":"var(--ast-global-color-5)","background-image":"","background-repeat":"repeat","background-position":"center center","background-size":"auto","background-attachment":"scroll","background-type":"","background-media":"","overlay-type":"","overlay-color":"","overlay-opacity":"","overlay-gradient":""},"tablet":{"background-color":"var(--ast-global-color-5)","background-image":"","background-repeat":"repeat","background-position":"center center","background-size":"auto","background-attachment":"scroll","background-type":"","background-media":"","overlay-type":"","overlay-color":"","overlay-opacity":"","overlay-gradient":""},"mobile":{"background-color":"var(--ast-global-color-5)","background-image":"","background-repeat":"repeat","background-position":"center center","background-size":"auto","background-attachment":"scroll","background-type":"","background-media":"","overlay-type":"","overlay-color":"","overlay-opacity":"","overlay-gradient":""}},"footnotes":""},"categories":[57],"tags":[],"class_list":["post-5917","post","type-post","status-publish","format-standard","has-post-thumbnail","hentry","category-torre-barrina"],"yoast_head":"<!-- This site is optimized with the Yoast SEO plugin v27.4 - https:\/\/yoast.com\/product\/yoast-seo-wordpress\/ -->\n<title>L&#039;Experimental&#039;Hs escalfa motors<\/title>\n<meta name=\"description\" content=\"L\u2019Ajuntament de L\u2019Hospitalet, a trav\u00e9s de Torre Barrina, presenta la segona edici\u00f3 de les Jornades per al Foment de l\u2019Audiovisual Experimental\u2019Hs 2015.\" \/>\n<meta name=\"robots\" content=\"index, follow, max-snippet:-1, max-image-preview:large, max-video-preview:-1\" \/>\n<link rel=\"canonical\" href=\"https:\/\/www.lafarga.com\/corporatiu\/lexperimentalhs-escalfa-motors\/\" \/>\n<meta property=\"og:locale\" content=\"ca_ES\" \/>\n<meta property=\"og:type\" content=\"article\" \/>\n<meta property=\"og:title\" content=\"L&#039;Experimental&#039;Hs escalfa motors\" \/>\n<meta property=\"og:description\" content=\"L\u2019Ajuntament de L\u2019Hospitalet, a trav\u00e9s de Torre Barrina, presenta la segona edici\u00f3 de les Jornades per al Foment de l\u2019Audiovisual Experimental\u2019Hs 2015.\" \/>\n<meta property=\"og:url\" content=\"https:\/\/www.lafarga.com\/corporatiu\/lexperimentalhs-escalfa-motors\/\" \/>\n<meta property=\"og:site_name\" content=\"La Farga Gesti\u00f3n de Equipamientos Municipales, S.A.\" \/>\n<meta property=\"article:published_time\" content=\"2015-12-01T08:33:14+00:00\" \/>\n<meta property=\"article:modified_time\" content=\"2015-12-09T13:29:24+00:00\" \/>\n<meta property=\"og:image\" content=\"https:\/\/www.lafarga.com\/corporatiu\/wp-content\/uploads\/2015\/12\/experimentalhs-farga.jpg\" \/>\n\t<meta property=\"og:image:width\" content=\"730\" \/>\n\t<meta property=\"og:image:height\" content=\"410\" \/>\n\t<meta property=\"og:image:type\" content=\"image\/jpeg\" \/>\n<meta name=\"author\" content=\"admfarga\" \/>\n<meta name=\"twitter:label1\" content=\"Escrit per\" \/>\n\t<meta name=\"twitter:data1\" content=\"admfarga\" \/>\n\t<meta name=\"twitter:label2\" content=\"Temps estimat de lectura\" \/>\n\t<meta name=\"twitter:data2\" content=\"2 minuts\" \/>\n<script type=\"application\/ld+json\" class=\"yoast-schema-graph\">{\"@context\":\"https:\\\/\\\/schema.org\",\"@graph\":[{\"@type\":\"Article\",\"@id\":\"https:\\\/\\\/www.lafarga.com\\\/corporatiu\\\/lexperimentalhs-escalfa-motors\\\/#article\",\"isPartOf\":{\"@id\":\"https:\\\/\\\/www.lafarga.com\\\/corporatiu\\\/lexperimentalhs-escalfa-motors\\\/\"},\"author\":{\"name\":\"admfarga\",\"@id\":\"https:\\\/\\\/www.lafarga.com\\\/corporatiu\\\/#\\\/schema\\\/person\\\/0ad4bc37b46f53e6b85ad51c2ac2d685\"},\"headline\":\"L&#8217;Experimental&#8217;Hs escalfa motors\",\"datePublished\":\"2015-12-01T08:33:14+00:00\",\"dateModified\":\"2015-12-09T13:29:24+00:00\",\"mainEntityOfPage\":{\"@id\":\"https:\\\/\\\/www.lafarga.com\\\/corporatiu\\\/lexperimentalhs-escalfa-motors\\\/\"},\"wordCount\":333,\"publisher\":{\"@id\":\"https:\\\/\\\/www.lafarga.com\\\/corporatiu\\\/#organization\"},\"image\":{\"@id\":\"https:\\\/\\\/www.lafarga.com\\\/corporatiu\\\/lexperimentalhs-escalfa-motors\\\/#primaryimage\"},\"thumbnailUrl\":\"https:\\\/\\\/www.lafarga.com\\\/corporatiu\\\/wp-content\\\/uploads\\\/2015\\\/12\\\/experimentalhs-farga.jpg\",\"articleSection\":[\"Torre Barrina\"],\"inLanguage\":\"ca\"},{\"@type\":\"WebPage\",\"@id\":\"https:\\\/\\\/www.lafarga.com\\\/corporatiu\\\/lexperimentalhs-escalfa-motors\\\/\",\"url\":\"https:\\\/\\\/www.lafarga.com\\\/corporatiu\\\/lexperimentalhs-escalfa-motors\\\/\",\"name\":\"L'Experimental'Hs escalfa motors\",\"isPartOf\":{\"@id\":\"https:\\\/\\\/www.lafarga.com\\\/corporatiu\\\/#website\"},\"primaryImageOfPage\":{\"@id\":\"https:\\\/\\\/www.lafarga.com\\\/corporatiu\\\/lexperimentalhs-escalfa-motors\\\/#primaryimage\"},\"image\":{\"@id\":\"https:\\\/\\\/www.lafarga.com\\\/corporatiu\\\/lexperimentalhs-escalfa-motors\\\/#primaryimage\"},\"thumbnailUrl\":\"https:\\\/\\\/www.lafarga.com\\\/corporatiu\\\/wp-content\\\/uploads\\\/2015\\\/12\\\/experimentalhs-farga.jpg\",\"datePublished\":\"2015-12-01T08:33:14+00:00\",\"dateModified\":\"2015-12-09T13:29:24+00:00\",\"description\":\"L\u2019Ajuntament de L\u2019Hospitalet, a trav\u00e9s de Torre Barrina, presenta la segona edici\u00f3 de les Jornades per al Foment de l\u2019Audiovisual Experimental\u2019Hs 2015.\",\"breadcrumb\":{\"@id\":\"https:\\\/\\\/www.lafarga.com\\\/corporatiu\\\/lexperimentalhs-escalfa-motors\\\/#breadcrumb\"},\"inLanguage\":\"ca\",\"potentialAction\":[{\"@type\":\"ReadAction\",\"target\":[\"https:\\\/\\\/www.lafarga.com\\\/corporatiu\\\/lexperimentalhs-escalfa-motors\\\/\"]}]},{\"@type\":\"ImageObject\",\"inLanguage\":\"ca\",\"@id\":\"https:\\\/\\\/www.lafarga.com\\\/corporatiu\\\/lexperimentalhs-escalfa-motors\\\/#primaryimage\",\"url\":\"https:\\\/\\\/www.lafarga.com\\\/corporatiu\\\/wp-content\\\/uploads\\\/2015\\\/12\\\/experimentalhs-farga.jpg\",\"contentUrl\":\"https:\\\/\\\/www.lafarga.com\\\/corporatiu\\\/wp-content\\\/uploads\\\/2015\\\/12\\\/experimentalhs-farga.jpg\",\"width\":730,\"height\":410},{\"@type\":\"BreadcrumbList\",\"@id\":\"https:\\\/\\\/www.lafarga.com\\\/corporatiu\\\/lexperimentalhs-escalfa-motors\\\/#breadcrumb\",\"itemListElement\":[{\"@type\":\"ListItem\",\"position\":1,\"name\":\"Home\",\"item\":\"https:\\\/\\\/www.lafarga.com\\\/corporatiu\\\/lafarga-hospitalet-llobregat\\\/\"},{\"@type\":\"ListItem\",\"position\":2,\"name\":\"L&#8217;Experimental&#8217;Hs escalfa motors\"}]},{\"@type\":\"WebSite\",\"@id\":\"https:\\\/\\\/www.lafarga.com\\\/corporatiu\\\/#website\",\"url\":\"https:\\\/\\\/www.lafarga.com\\\/corporatiu\\\/\",\"name\":\"La Farga Gesti\u00f3 d&#039;Equipaments Municipals, SA\",\"description\":\"\",\"publisher\":{\"@id\":\"https:\\\/\\\/www.lafarga.com\\\/corporatiu\\\/#organization\"},\"potentialAction\":[{\"@type\":\"SearchAction\",\"target\":{\"@type\":\"EntryPoint\",\"urlTemplate\":\"https:\\\/\\\/www.lafarga.com\\\/corporatiu\\\/?s={search_term_string}\"},\"query-input\":{\"@type\":\"PropertyValueSpecification\",\"valueRequired\":true,\"valueName\":\"search_term_string\"}}],\"inLanguage\":\"ca\"},{\"@type\":\"Organization\",\"@id\":\"https:\\\/\\\/www.lafarga.com\\\/corporatiu\\\/#organization\",\"name\":\"La Farga Gesti\u00f3 d&#039;Equipaments Municipals, SA\",\"url\":\"https:\\\/\\\/www.lafarga.com\\\/corporatiu\\\/\",\"logo\":{\"@type\":\"ImageObject\",\"inLanguage\":\"ca\",\"@id\":\"https:\\\/\\\/www.lafarga.com\\\/corporatiu\\\/#\\\/schema\\\/logo\\\/image\\\/\",\"url\":\"https:\\\/\\\/www.lafarga.com\\\/corporatiu\\\/wp-content\\\/uploads\\\/2023\\\/11\\\/logotipo_lafarga_gemsa.svg\",\"contentUrl\":\"https:\\\/\\\/www.lafarga.com\\\/corporatiu\\\/wp-content\\\/uploads\\\/2023\\\/11\\\/logotipo_lafarga_gemsa.svg\",\"width\":102,\"height\":103,\"caption\":\"La Farga Gesti\u00f3 d&#039;Equipaments Municipals, SA\"},\"image\":{\"@id\":\"https:\\\/\\\/www.lafarga.com\\\/corporatiu\\\/#\\\/schema\\\/logo\\\/image\\\/\"}},{\"@type\":\"Person\",\"@id\":\"https:\\\/\\\/www.lafarga.com\\\/corporatiu\\\/#\\\/schema\\\/person\\\/0ad4bc37b46f53e6b85ad51c2ac2d685\",\"name\":\"admfarga\",\"image\":{\"@type\":\"ImageObject\",\"inLanguage\":\"ca\",\"@id\":\"https:\\\/\\\/secure.gravatar.com\\\/avatar\\\/2a2db0975754ce87d41cab8623874e9e5ef5d0add52244aba02a09775feab5cb?s=96&d=mm&r=g\",\"url\":\"https:\\\/\\\/secure.gravatar.com\\\/avatar\\\/2a2db0975754ce87d41cab8623874e9e5ef5d0add52244aba02a09775feab5cb?s=96&d=mm&r=g\",\"contentUrl\":\"https:\\\/\\\/secure.gravatar.com\\\/avatar\\\/2a2db0975754ce87d41cab8623874e9e5ef5d0add52244aba02a09775feab5cb?s=96&d=mm&r=g\",\"caption\":\"admfarga\"},\"url\":\"https:\\\/\\\/www.lafarga.com\\\/corporatiu\\\/author\\\/admfarga\\\/\"}]}<\/script>\n<!-- \/ Yoast SEO plugin. -->","yoast_head_json":{"title":"L'Experimental'Hs escalfa motors","description":"L\u2019Ajuntament de L\u2019Hospitalet, a trav\u00e9s de Torre Barrina, presenta la segona edici\u00f3 de les Jornades per al Foment de l\u2019Audiovisual Experimental\u2019Hs 2015.","robots":{"index":"index","follow":"follow","max-snippet":"max-snippet:-1","max-image-preview":"max-image-preview:large","max-video-preview":"max-video-preview:-1"},"canonical":"https:\/\/www.lafarga.com\/corporatiu\/lexperimentalhs-escalfa-motors\/","og_locale":"ca_ES","og_type":"article","og_title":"L'Experimental'Hs escalfa motors","og_description":"L\u2019Ajuntament de L\u2019Hospitalet, a trav\u00e9s de Torre Barrina, presenta la segona edici\u00f3 de les Jornades per al Foment de l\u2019Audiovisual Experimental\u2019Hs 2015.","og_url":"https:\/\/www.lafarga.com\/corporatiu\/lexperimentalhs-escalfa-motors\/","og_site_name":"La Farga Gesti\u00f3n de Equipamientos Municipales, S.A.","article_published_time":"2015-12-01T08:33:14+00:00","article_modified_time":"2015-12-09T13:29:24+00:00","og_image":[{"width":730,"height":410,"url":"https:\/\/www.lafarga.com\/corporatiu\/wp-content\/uploads\/2015\/12\/experimentalhs-farga.jpg","type":"image\/jpeg"}],"author":"admfarga","twitter_misc":{"Escrit per":"admfarga","Temps estimat de lectura":"2 minuts"},"schema":{"@context":"https:\/\/schema.org","@graph":[{"@type":"Article","@id":"https:\/\/www.lafarga.com\/corporatiu\/lexperimentalhs-escalfa-motors\/#article","isPartOf":{"@id":"https:\/\/www.lafarga.com\/corporatiu\/lexperimentalhs-escalfa-motors\/"},"author":{"name":"admfarga","@id":"https:\/\/www.lafarga.com\/corporatiu\/#\/schema\/person\/0ad4bc37b46f53e6b85ad51c2ac2d685"},"headline":"L&#8217;Experimental&#8217;Hs escalfa motors","datePublished":"2015-12-01T08:33:14+00:00","dateModified":"2015-12-09T13:29:24+00:00","mainEntityOfPage":{"@id":"https:\/\/www.lafarga.com\/corporatiu\/lexperimentalhs-escalfa-motors\/"},"wordCount":333,"publisher":{"@id":"https:\/\/www.lafarga.com\/corporatiu\/#organization"},"image":{"@id":"https:\/\/www.lafarga.com\/corporatiu\/lexperimentalhs-escalfa-motors\/#primaryimage"},"thumbnailUrl":"https:\/\/www.lafarga.com\/corporatiu\/wp-content\/uploads\/2015\/12\/experimentalhs-farga.jpg","articleSection":["Torre Barrina"],"inLanguage":"ca"},{"@type":"WebPage","@id":"https:\/\/www.lafarga.com\/corporatiu\/lexperimentalhs-escalfa-motors\/","url":"https:\/\/www.lafarga.com\/corporatiu\/lexperimentalhs-escalfa-motors\/","name":"L'Experimental'Hs escalfa motors","isPartOf":{"@id":"https:\/\/www.lafarga.com\/corporatiu\/#website"},"primaryImageOfPage":{"@id":"https:\/\/www.lafarga.com\/corporatiu\/lexperimentalhs-escalfa-motors\/#primaryimage"},"image":{"@id":"https:\/\/www.lafarga.com\/corporatiu\/lexperimentalhs-escalfa-motors\/#primaryimage"},"thumbnailUrl":"https:\/\/www.lafarga.com\/corporatiu\/wp-content\/uploads\/2015\/12\/experimentalhs-farga.jpg","datePublished":"2015-12-01T08:33:14+00:00","dateModified":"2015-12-09T13:29:24+00:00","description":"L\u2019Ajuntament de L\u2019Hospitalet, a trav\u00e9s de Torre Barrina, presenta la segona edici\u00f3 de les Jornades per al Foment de l\u2019Audiovisual Experimental\u2019Hs 2015.","breadcrumb":{"@id":"https:\/\/www.lafarga.com\/corporatiu\/lexperimentalhs-escalfa-motors\/#breadcrumb"},"inLanguage":"ca","potentialAction":[{"@type":"ReadAction","target":["https:\/\/www.lafarga.com\/corporatiu\/lexperimentalhs-escalfa-motors\/"]}]},{"@type":"ImageObject","inLanguage":"ca","@id":"https:\/\/www.lafarga.com\/corporatiu\/lexperimentalhs-escalfa-motors\/#primaryimage","url":"https:\/\/www.lafarga.com\/corporatiu\/wp-content\/uploads\/2015\/12\/experimentalhs-farga.jpg","contentUrl":"https:\/\/www.lafarga.com\/corporatiu\/wp-content\/uploads\/2015\/12\/experimentalhs-farga.jpg","width":730,"height":410},{"@type":"BreadcrumbList","@id":"https:\/\/www.lafarga.com\/corporatiu\/lexperimentalhs-escalfa-motors\/#breadcrumb","itemListElement":[{"@type":"ListItem","position":1,"name":"Home","item":"https:\/\/www.lafarga.com\/corporatiu\/lafarga-hospitalet-llobregat\/"},{"@type":"ListItem","position":2,"name":"L&#8217;Experimental&#8217;Hs escalfa motors"}]},{"@type":"WebSite","@id":"https:\/\/www.lafarga.com\/corporatiu\/#website","url":"https:\/\/www.lafarga.com\/corporatiu\/","name":"La Farga Gesti\u00f3 d&#039;Equipaments Municipals, SA","description":"","publisher":{"@id":"https:\/\/www.lafarga.com\/corporatiu\/#organization"},"potentialAction":[{"@type":"SearchAction","target":{"@type":"EntryPoint","urlTemplate":"https:\/\/www.lafarga.com\/corporatiu\/?s={search_term_string}"},"query-input":{"@type":"PropertyValueSpecification","valueRequired":true,"valueName":"search_term_string"}}],"inLanguage":"ca"},{"@type":"Organization","@id":"https:\/\/www.lafarga.com\/corporatiu\/#organization","name":"La Farga Gesti\u00f3 d&#039;Equipaments Municipals, SA","url":"https:\/\/www.lafarga.com\/corporatiu\/","logo":{"@type":"ImageObject","inLanguage":"ca","@id":"https:\/\/www.lafarga.com\/corporatiu\/#\/schema\/logo\/image\/","url":"https:\/\/www.lafarga.com\/corporatiu\/wp-content\/uploads\/2023\/11\/logotipo_lafarga_gemsa.svg","contentUrl":"https:\/\/www.lafarga.com\/corporatiu\/wp-content\/uploads\/2023\/11\/logotipo_lafarga_gemsa.svg","width":102,"height":103,"caption":"La Farga Gesti\u00f3 d&#039;Equipaments Municipals, SA"},"image":{"@id":"https:\/\/www.lafarga.com\/corporatiu\/#\/schema\/logo\/image\/"}},{"@type":"Person","@id":"https:\/\/www.lafarga.com\/corporatiu\/#\/schema\/person\/0ad4bc37b46f53e6b85ad51c2ac2d685","name":"admfarga","image":{"@type":"ImageObject","inLanguage":"ca","@id":"https:\/\/secure.gravatar.com\/avatar\/2a2db0975754ce87d41cab8623874e9e5ef5d0add52244aba02a09775feab5cb?s=96&d=mm&r=g","url":"https:\/\/secure.gravatar.com\/avatar\/2a2db0975754ce87d41cab8623874e9e5ef5d0add52244aba02a09775feab5cb?s=96&d=mm&r=g","contentUrl":"https:\/\/secure.gravatar.com\/avatar\/2a2db0975754ce87d41cab8623874e9e5ef5d0add52244aba02a09775feab5cb?s=96&d=mm&r=g","caption":"admfarga"},"url":"https:\/\/www.lafarga.com\/corporatiu\/author\/admfarga\/"}]}},"uagb_featured_image_src":{"full":["https:\/\/www.lafarga.com\/corporatiu\/wp-content\/uploads\/2015\/12\/experimentalhs-farga.jpg",730,410,false],"thumbnail":["https:\/\/www.lafarga.com\/corporatiu\/wp-content\/uploads\/2015\/12\/experimentalhs-farga-150x150.jpg",150,150,true],"medium":["https:\/\/www.lafarga.com\/corporatiu\/wp-content\/uploads\/2015\/12\/experimentalhs-farga-300x168.jpg",300,168,true],"medium_large":["https:\/\/www.lafarga.com\/corporatiu\/wp-content\/uploads\/2015\/12\/experimentalhs-farga.jpg",730,410,false],"large":["https:\/\/www.lafarga.com\/corporatiu\/wp-content\/uploads\/2015\/12\/experimentalhs-farga.jpg",730,410,false],"1536x1536":["https:\/\/www.lafarga.com\/corporatiu\/wp-content\/uploads\/2015\/12\/experimentalhs-farga.jpg",730,410,false],"2048x2048":["https:\/\/www.lafarga.com\/corporatiu\/wp-content\/uploads\/2015\/12\/experimentalhs-farga.jpg",730,410,false],"mailpoet_newsletter_max":["https:\/\/www.lafarga.com\/corporatiu\/wp-content\/uploads\/2015\/12\/experimentalhs-farga.jpg",730,410,false]},"uagb_author_info":{"display_name":"admfarga","author_link":"https:\/\/www.lafarga.com\/corporatiu\/author\/admfarga\/"},"uagb_comment_info":0,"uagb_excerpt":"L\u2019Ajuntament de L\u2019Hospitalet, a trav\u00e9s de Torre Barrina, Centre Municipal de Creaci\u00f3 Multim\u00e8dia, presenta la segona edici\u00f3 de les Jornades per al Foment de l\u2019Audiovisual Experimental\u2019Hs 2015.","_links":{"self":[{"href":"https:\/\/www.lafarga.com\/corporatiu\/wp-json\/wp\/v2\/posts\/5917","targetHints":{"allow":["GET"]}}],"collection":[{"href":"https:\/\/www.lafarga.com\/corporatiu\/wp-json\/wp\/v2\/posts"}],"about":[{"href":"https:\/\/www.lafarga.com\/corporatiu\/wp-json\/wp\/v2\/types\/post"}],"author":[{"embeddable":true,"href":"https:\/\/www.lafarga.com\/corporatiu\/wp-json\/wp\/v2\/users\/8"}],"replies":[{"embeddable":true,"href":"https:\/\/www.lafarga.com\/corporatiu\/wp-json\/wp\/v2\/comments?post=5917"}],"version-history":[{"count":4,"href":"https:\/\/www.lafarga.com\/corporatiu\/wp-json\/wp\/v2\/posts\/5917\/revisions"}],"predecessor-version":[{"id":5924,"href":"https:\/\/www.lafarga.com\/corporatiu\/wp-json\/wp\/v2\/posts\/5917\/revisions\/5924"}],"wp:featuredmedia":[{"embeddable":true,"href":"https:\/\/www.lafarga.com\/corporatiu\/wp-json\/wp\/v2\/media\/5918"}],"wp:attachment":[{"href":"https:\/\/www.lafarga.com\/corporatiu\/wp-json\/wp\/v2\/media?parent=5917"}],"wp:term":[{"taxonomy":"category","embeddable":true,"href":"https:\/\/www.lafarga.com\/corporatiu\/wp-json\/wp\/v2\/categories?post=5917"},{"taxonomy":"post_tag","embeddable":true,"href":"https:\/\/www.lafarga.com\/corporatiu\/wp-json\/wp\/v2\/tags?post=5917"}],"curies":[{"name":"wp","href":"https:\/\/api.w.org\/{rel}","templated":true}]}}