{"id":5853,"date":"2016-02-18T11:57:22","date_gmt":"2016-02-18T11:57:22","guid":{"rendered":"http:\/\/www.lafarga.com\/corporatiu\/?p=5853"},"modified":"2016-02-18T13:19:52","modified_gmt":"2016-02-18T13:19:52","slug":"actualizado-el-proceso-de-seleccion-oficial-administrativo","status":"publish","type":"post","link":"https:\/\/www.lafarga.com\/corporatiu\/actualizado-el-proceso-de-seleccion-oficial-administrativo\/","title":{"rendered":"Actualizado el proceso de selecci\u00f3n oficial administrativo"},"content":{"rendered":"<p>Ya est\u00e1 disponible la actualizaci\u00f3n del proceso en curso de la convocatoria para la creaci\u00f3n de una bolsa de personal para cubrir mediante contrato de interinidad la sustituci\u00f3n del puesto de trabajo de oficial administrativo\/a del Centro de Actividades de La Farga que gestiona esta sociedad municipal.<\/p>\n<p>Aqu\u00ed ten\u00e9is el enlace a la <a href=\"https:\/\/www.lafarga.com\/corporatiu\/convocatoria-de-seleccion-de-personal-proceso-en-curso\/\" target=\"_blank\">convocatoria<\/a>.<\/p>\n<p>Se recuerda que las actualizaciones siempre estar\u00e1n disponibles en la secci\u00f3n <a href=\"https:\/\/www.lafarga.com\/corporatiu\/category\/seleccion-de-personal\/\" target=\"_blank\">Selecci\u00f3n de Personal<\/a> de este portal web.<\/p>\n","protected":false},"excerpt":{"rendered":"<p>Ya est\u00e1 disponible la actualizaci\u00f3n del proceso en curso de la convocatoria para la creaci\u00f3n de una bolsa de personal para cubrir mediante contrato de interinidad la sustituci\u00f3n del puesto de trabajo de oficial administrativo\/a del Centro de Actividades.<\/p>\n","protected":false},"author":8,"featured_media":5851,"comment_status":"closed","ping_status":"closed","sticky":false,"template":"","format":"standard","meta":{"inline_featured_image":false,"_uag_custom_page_level_css":"","_monsterinsights_skip_tracking":false,"_monsterinsights_sitenote_active":false,"_monsterinsights_sitenote_note":"","_monsterinsights_sitenote_category":0,"site-sidebar-layout":"default","site-content-layout":"","ast-site-content-layout":"default","site-content-style":"default","site-sidebar-style":"default","ast-global-header-display":"","ast-banner-title-visibility":"","ast-main-header-display":"","ast-hfb-above-header-display":"","ast-hfb-below-header-display":"","ast-hfb-mobile-header-display":"","site-post-title":"","ast-breadcrumbs-content":"","ast-featured-img":"","footer-sml-layout":"","ast-disable-related-posts":"","theme-transparent-header-meta":"","adv-header-id-meta":"","stick-header-meta":"","header-above-stick-meta":"","header-main-stick-meta":"","header-below-stick-meta":"","astra-migrate-meta-layouts":"default","ast-page-background-enabled":"default","ast-page-background-meta":{"desktop":{"background-color":"var(--ast-global-color-4)","background-image":"","background-repeat":"repeat","background-position":"center center","background-size":"auto","background-attachment":"scroll","background-type":"","background-media":"","overlay-type":"","overlay-color":"","overlay-opacity":"","overlay-gradient":""},"tablet":{"background-color":"","background-image":"","background-repeat":"repeat","background-position":"center center","background-size":"auto","background-attachment":"scroll","background-type":"","background-media":"","overlay-type":"","overlay-color":"","overlay-opacity":"","overlay-gradient":""},"mobile":{"background-color":"","background-image":"","background-repeat":"repeat","background-position":"center center","background-size":"auto","background-attachment":"scroll","background-type":"","background-media":"","overlay-type":"","overlay-color":"","overlay-opacity":"","overlay-gradient":""}},"ast-content-background-meta":{"desktop":{"background-color":"var(--ast-global-color-5)","background-image":"","background-repeat":"repeat","background-position":"center center","background-size":"auto","background-attachment":"scroll","background-type":"","background-media":"","overlay-type":"","overlay-color":"","overlay-opacity":"","overlay-gradient":""},"tablet":{"background-color":"var(--ast-global-color-5)","background-image":"","background-repeat":"repeat","background-position":"center center","background-size":"auto","background-attachment":"scroll","background-type":"","background-media":"","overlay-type":"","overlay-color":"","overlay-opacity":"","overlay-gradient":""},"mobile":{"background-color":"var(--ast-global-color-5)","background-image":"","background-repeat":"repeat","background-position":"center center","background-size":"auto","background-attachment":"scroll","background-type":"","background-media":"","overlay-type":"","overlay-color":"","overlay-opacity":"","overlay-gradient":""}},"footnotes":""},"categories":[249],"tags":[],"class_list":["post-5853","post","type-post","status-publish","format-standard","has-post-thumbnail","hentry","category-generale"],"yoast_head":"<!-- This site is optimized with the Yoast SEO plugin v27.4 - https:\/\/yoast.com\/product\/yoast-seo-wordpress\/ -->\n<title>Actualitzat el proc\u00e9s de selecci\u00f3 oficial administratiu<\/title>\n<meta name=\"description\" content=\"Actualitzaci\u00f3 de la convocat\u00f2ria per la creaci\u00f3 d\u2019una borsa per a cobrir substituci\u00f3 del lloc de treball d\u2019oficial administratiu\/va del Centre d\u2019Activitats.\" \/>\n<meta name=\"robots\" content=\"index, follow, max-snippet:-1, max-image-preview:large, max-video-preview:-1\" \/>\n<link rel=\"canonical\" href=\"https:\/\/www.lafarga.com\/corporatiu\/actualizado-el-proceso-de-seleccion-oficial-administrativo\/\" \/>\n<meta property=\"og:locale\" content=\"ca_ES\" \/>\n<meta property=\"og:type\" content=\"article\" \/>\n<meta property=\"og:title\" content=\"Actualitzat el proc\u00e9s de selecci\u00f3 oficial administratiu\" \/>\n<meta property=\"og:description\" content=\"Actualitzaci\u00f3 de la convocat\u00f2ria per la creaci\u00f3 d\u2019una borsa per a cobrir substituci\u00f3 del lloc de treball d\u2019oficial administratiu\/va del Centre d\u2019Activitats.\" \/>\n<meta property=\"og:url\" content=\"https:\/\/www.lafarga.com\/corporatiu\/actualizado-el-proceso-de-seleccion-oficial-administrativo\/\" \/>\n<meta property=\"og:site_name\" content=\"La Farga Gesti\u00f3n de Equipamientos Municipales, S.A.\" \/>\n<meta property=\"article:published_time\" content=\"2016-02-18T11:57:22+00:00\" \/>\n<meta property=\"article:modified_time\" content=\"2016-02-18T13:19:52+00:00\" \/>\n<meta property=\"og:image\" content=\"https:\/\/www.lafarga.com\/corporatiu\/wp-content\/uploads\/2015\/11\/logo-farga-hospitalet.jpg\" \/>\n\t<meta property=\"og:image:width\" content=\"730\" \/>\n\t<meta property=\"og:image:height\" content=\"410\" \/>\n\t<meta property=\"og:image:type\" content=\"image\/jpeg\" \/>\n<meta name=\"author\" content=\"admfarga\" \/>\n<meta name=\"twitter:label1\" content=\"Escrit per\" \/>\n\t<meta name=\"twitter:data1\" content=\"admfarga\" \/>\n<script type=\"application\/ld+json\" class=\"yoast-schema-graph\">{\"@context\":\"https:\\\/\\\/schema.org\",\"@graph\":[{\"@type\":\"Article\",\"@id\":\"https:\\\/\\\/www.lafarga.com\\\/corporatiu\\\/actualizado-el-proceso-de-seleccion-oficial-administrativo\\\/#article\",\"isPartOf\":{\"@id\":\"https:\\\/\\\/www.lafarga.com\\\/corporatiu\\\/actualizado-el-proceso-de-seleccion-oficial-administrativo\\\/\"},\"author\":{\"name\":\"admfarga\",\"@id\":\"https:\\\/\\\/www.lafarga.com\\\/corporatiu\\\/#\\\/schema\\\/person\\\/0ad4bc37b46f53e6b85ad51c2ac2d685\"},\"headline\":\"Actualizado el proceso de selecci\u00f3n oficial administrativo\",\"datePublished\":\"2016-02-18T11:57:22+00:00\",\"dateModified\":\"2016-02-18T13:19:52+00:00\",\"mainEntityOfPage\":{\"@id\":\"https:\\\/\\\/www.lafarga.com\\\/corporatiu\\\/actualizado-el-proceso-de-seleccion-oficial-administrativo\\\/\"},\"wordCount\":88,\"publisher\":{\"@id\":\"https:\\\/\\\/www.lafarga.com\\\/corporatiu\\\/#organization\"},\"image\":{\"@id\":\"https:\\\/\\\/www.lafarga.com\\\/corporatiu\\\/actualizado-el-proceso-de-seleccion-oficial-administrativo\\\/#primaryimage\"},\"thumbnailUrl\":\"https:\\\/\\\/www.lafarga.com\\\/corporatiu\\\/wp-content\\\/uploads\\\/2015\\\/11\\\/logo-farga-hospitalet.jpg\",\"articleSection\":[\"General.\"],\"inLanguage\":\"ca\"},{\"@type\":\"WebPage\",\"@id\":\"https:\\\/\\\/www.lafarga.com\\\/corporatiu\\\/actualizado-el-proceso-de-seleccion-oficial-administrativo\\\/\",\"url\":\"https:\\\/\\\/www.lafarga.com\\\/corporatiu\\\/actualizado-el-proceso-de-seleccion-oficial-administrativo\\\/\",\"name\":\"Actualitzat el proc\u00e9s de selecci\u00f3 oficial administratiu\",\"isPartOf\":{\"@id\":\"https:\\\/\\\/www.lafarga.com\\\/corporatiu\\\/#website\"},\"primaryImageOfPage\":{\"@id\":\"https:\\\/\\\/www.lafarga.com\\\/corporatiu\\\/actualizado-el-proceso-de-seleccion-oficial-administrativo\\\/#primaryimage\"},\"image\":{\"@id\":\"https:\\\/\\\/www.lafarga.com\\\/corporatiu\\\/actualizado-el-proceso-de-seleccion-oficial-administrativo\\\/#primaryimage\"},\"thumbnailUrl\":\"https:\\\/\\\/www.lafarga.com\\\/corporatiu\\\/wp-content\\\/uploads\\\/2015\\\/11\\\/logo-farga-hospitalet.jpg\",\"datePublished\":\"2016-02-18T11:57:22+00:00\",\"dateModified\":\"2016-02-18T13:19:52+00:00\",\"description\":\"Actualitzaci\u00f3 de la convocat\u00f2ria per la creaci\u00f3 d\u2019una borsa per a cobrir substituci\u00f3 del lloc de treball d\u2019oficial administratiu\\\/va del Centre d\u2019Activitats.\",\"breadcrumb\":{\"@id\":\"https:\\\/\\\/www.lafarga.com\\\/corporatiu\\\/actualizado-el-proceso-de-seleccion-oficial-administrativo\\\/#breadcrumb\"},\"inLanguage\":\"ca\",\"potentialAction\":[{\"@type\":\"ReadAction\",\"target\":[\"https:\\\/\\\/www.lafarga.com\\\/corporatiu\\\/actualizado-el-proceso-de-seleccion-oficial-administrativo\\\/\"]}]},{\"@type\":\"ImageObject\",\"inLanguage\":\"ca\",\"@id\":\"https:\\\/\\\/www.lafarga.com\\\/corporatiu\\\/actualizado-el-proceso-de-seleccion-oficial-administrativo\\\/#primaryimage\",\"url\":\"https:\\\/\\\/www.lafarga.com\\\/corporatiu\\\/wp-content\\\/uploads\\\/2015\\\/11\\\/logo-farga-hospitalet.jpg\",\"contentUrl\":\"https:\\\/\\\/www.lafarga.com\\\/corporatiu\\\/wp-content\\\/uploads\\\/2015\\\/11\\\/logo-farga-hospitalet.jpg\",\"width\":730,\"height\":410},{\"@type\":\"BreadcrumbList\",\"@id\":\"https:\\\/\\\/www.lafarga.com\\\/corporatiu\\\/actualizado-el-proceso-de-seleccion-oficial-administrativo\\\/#breadcrumb\",\"itemListElement\":[{\"@type\":\"ListItem\",\"position\":1,\"name\":\"Home\",\"item\":\"https:\\\/\\\/www.lafarga.com\\\/corporatiu\\\/lafarga-hospitalet-llobregat\\\/\"},{\"@type\":\"ListItem\",\"position\":2,\"name\":\"Actualizado el proceso de selecci\u00f3n oficial administrativo\"}]},{\"@type\":\"WebSite\",\"@id\":\"https:\\\/\\\/www.lafarga.com\\\/corporatiu\\\/#website\",\"url\":\"https:\\\/\\\/www.lafarga.com\\\/corporatiu\\\/\",\"name\":\"La Farga Gesti\u00f3 d&#039;Equipaments Municipals, SA\",\"description\":\"\",\"publisher\":{\"@id\":\"https:\\\/\\\/www.lafarga.com\\\/corporatiu\\\/#organization\"},\"potentialAction\":[{\"@type\":\"SearchAction\",\"target\":{\"@type\":\"EntryPoint\",\"urlTemplate\":\"https:\\\/\\\/www.lafarga.com\\\/corporatiu\\\/?s={search_term_string}\"},\"query-input\":{\"@type\":\"PropertyValueSpecification\",\"valueRequired\":true,\"valueName\":\"search_term_string\"}}],\"inLanguage\":\"ca\"},{\"@type\":\"Organization\",\"@id\":\"https:\\\/\\\/www.lafarga.com\\\/corporatiu\\\/#organization\",\"name\":\"La Farga Gesti\u00f3 d&#039;Equipaments Municipals, SA\",\"url\":\"https:\\\/\\\/www.lafarga.com\\\/corporatiu\\\/\",\"logo\":{\"@type\":\"ImageObject\",\"inLanguage\":\"ca\",\"@id\":\"https:\\\/\\\/www.lafarga.com\\\/corporatiu\\\/#\\\/schema\\\/logo\\\/image\\\/\",\"url\":\"https:\\\/\\\/www.lafarga.com\\\/corporatiu\\\/wp-content\\\/uploads\\\/2023\\\/11\\\/logotipo_lafarga_gemsa.svg\",\"contentUrl\":\"https:\\\/\\\/www.lafarga.com\\\/corporatiu\\\/wp-content\\\/uploads\\\/2023\\\/11\\\/logotipo_lafarga_gemsa.svg\",\"width\":102,\"height\":103,\"caption\":\"La Farga Gesti\u00f3 d&#039;Equipaments Municipals, SA\"},\"image\":{\"@id\":\"https:\\\/\\\/www.lafarga.com\\\/corporatiu\\\/#\\\/schema\\\/logo\\\/image\\\/\"}},{\"@type\":\"Person\",\"@id\":\"https:\\\/\\\/www.lafarga.com\\\/corporatiu\\\/#\\\/schema\\\/person\\\/0ad4bc37b46f53e6b85ad51c2ac2d685\",\"name\":\"admfarga\",\"image\":{\"@type\":\"ImageObject\",\"inLanguage\":\"ca\",\"@id\":\"https:\\\/\\\/secure.gravatar.com\\\/avatar\\\/2a2db0975754ce87d41cab8623874e9e5ef5d0add52244aba02a09775feab5cb?s=96&d=mm&r=g\",\"url\":\"https:\\\/\\\/secure.gravatar.com\\\/avatar\\\/2a2db0975754ce87d41cab8623874e9e5ef5d0add52244aba02a09775feab5cb?s=96&d=mm&r=g\",\"contentUrl\":\"https:\\\/\\\/secure.gravatar.com\\\/avatar\\\/2a2db0975754ce87d41cab8623874e9e5ef5d0add52244aba02a09775feab5cb?s=96&d=mm&r=g\",\"caption\":\"admfarga\"},\"url\":\"https:\\\/\\\/www.lafarga.com\\\/corporatiu\\\/author\\\/admfarga\\\/\"}]}<\/script>\n<!-- \/ Yoast SEO plugin. -->","yoast_head_json":{"title":"Actualitzat el proc\u00e9s de selecci\u00f3 oficial administratiu","description":"Actualitzaci\u00f3 de la convocat\u00f2ria per la creaci\u00f3 d\u2019una borsa per a cobrir substituci\u00f3 del lloc de treball d\u2019oficial administratiu\/va del Centre d\u2019Activitats.","robots":{"index":"index","follow":"follow","max-snippet":"max-snippet:-1","max-image-preview":"max-image-preview:large","max-video-preview":"max-video-preview:-1"},"canonical":"https:\/\/www.lafarga.com\/corporatiu\/actualizado-el-proceso-de-seleccion-oficial-administrativo\/","og_locale":"ca_ES","og_type":"article","og_title":"Actualitzat el proc\u00e9s de selecci\u00f3 oficial administratiu","og_description":"Actualitzaci\u00f3 de la convocat\u00f2ria per la creaci\u00f3 d\u2019una borsa per a cobrir substituci\u00f3 del lloc de treball d\u2019oficial administratiu\/va del Centre d\u2019Activitats.","og_url":"https:\/\/www.lafarga.com\/corporatiu\/actualizado-el-proceso-de-seleccion-oficial-administrativo\/","og_site_name":"La Farga Gesti\u00f3n de Equipamientos Municipales, S.A.","article_published_time":"2016-02-18T11:57:22+00:00","article_modified_time":"2016-02-18T13:19:52+00:00","og_image":[{"width":730,"height":410,"url":"https:\/\/www.lafarga.com\/corporatiu\/wp-content\/uploads\/2015\/11\/logo-farga-hospitalet.jpg","type":"image\/jpeg"}],"author":"admfarga","twitter_misc":{"Escrit per":"admfarga"},"schema":{"@context":"https:\/\/schema.org","@graph":[{"@type":"Article","@id":"https:\/\/www.lafarga.com\/corporatiu\/actualizado-el-proceso-de-seleccion-oficial-administrativo\/#article","isPartOf":{"@id":"https:\/\/www.lafarga.com\/corporatiu\/actualizado-el-proceso-de-seleccion-oficial-administrativo\/"},"author":{"name":"admfarga","@id":"https:\/\/www.lafarga.com\/corporatiu\/#\/schema\/person\/0ad4bc37b46f53e6b85ad51c2ac2d685"},"headline":"Actualizado el proceso de selecci\u00f3n oficial administrativo","datePublished":"2016-02-18T11:57:22+00:00","dateModified":"2016-02-18T13:19:52+00:00","mainEntityOfPage":{"@id":"https:\/\/www.lafarga.com\/corporatiu\/actualizado-el-proceso-de-seleccion-oficial-administrativo\/"},"wordCount":88,"publisher":{"@id":"https:\/\/www.lafarga.com\/corporatiu\/#organization"},"image":{"@id":"https:\/\/www.lafarga.com\/corporatiu\/actualizado-el-proceso-de-seleccion-oficial-administrativo\/#primaryimage"},"thumbnailUrl":"https:\/\/www.lafarga.com\/corporatiu\/wp-content\/uploads\/2015\/11\/logo-farga-hospitalet.jpg","articleSection":["General."],"inLanguage":"ca"},{"@type":"WebPage","@id":"https:\/\/www.lafarga.com\/corporatiu\/actualizado-el-proceso-de-seleccion-oficial-administrativo\/","url":"https:\/\/www.lafarga.com\/corporatiu\/actualizado-el-proceso-de-seleccion-oficial-administrativo\/","name":"Actualitzat el proc\u00e9s de selecci\u00f3 oficial administratiu","isPartOf":{"@id":"https:\/\/www.lafarga.com\/corporatiu\/#website"},"primaryImageOfPage":{"@id":"https:\/\/www.lafarga.com\/corporatiu\/actualizado-el-proceso-de-seleccion-oficial-administrativo\/#primaryimage"},"image":{"@id":"https:\/\/www.lafarga.com\/corporatiu\/actualizado-el-proceso-de-seleccion-oficial-administrativo\/#primaryimage"},"thumbnailUrl":"https:\/\/www.lafarga.com\/corporatiu\/wp-content\/uploads\/2015\/11\/logo-farga-hospitalet.jpg","datePublished":"2016-02-18T11:57:22+00:00","dateModified":"2016-02-18T13:19:52+00:00","description":"Actualitzaci\u00f3 de la convocat\u00f2ria per la creaci\u00f3 d\u2019una borsa per a cobrir substituci\u00f3 del lloc de treball d\u2019oficial administratiu\/va del Centre d\u2019Activitats.","breadcrumb":{"@id":"https:\/\/www.lafarga.com\/corporatiu\/actualizado-el-proceso-de-seleccion-oficial-administrativo\/#breadcrumb"},"inLanguage":"ca","potentialAction":[{"@type":"ReadAction","target":["https:\/\/www.lafarga.com\/corporatiu\/actualizado-el-proceso-de-seleccion-oficial-administrativo\/"]}]},{"@type":"ImageObject","inLanguage":"ca","@id":"https:\/\/www.lafarga.com\/corporatiu\/actualizado-el-proceso-de-seleccion-oficial-administrativo\/#primaryimage","url":"https:\/\/www.lafarga.com\/corporatiu\/wp-content\/uploads\/2015\/11\/logo-farga-hospitalet.jpg","contentUrl":"https:\/\/www.lafarga.com\/corporatiu\/wp-content\/uploads\/2015\/11\/logo-farga-hospitalet.jpg","width":730,"height":410},{"@type":"BreadcrumbList","@id":"https:\/\/www.lafarga.com\/corporatiu\/actualizado-el-proceso-de-seleccion-oficial-administrativo\/#breadcrumb","itemListElement":[{"@type":"ListItem","position":1,"name":"Home","item":"https:\/\/www.lafarga.com\/corporatiu\/lafarga-hospitalet-llobregat\/"},{"@type":"ListItem","position":2,"name":"Actualizado el proceso de selecci\u00f3n oficial administrativo"}]},{"@type":"WebSite","@id":"https:\/\/www.lafarga.com\/corporatiu\/#website","url":"https:\/\/www.lafarga.com\/corporatiu\/","name":"La Farga Gesti\u00f3 d&#039;Equipaments Municipals, SA","description":"","publisher":{"@id":"https:\/\/www.lafarga.com\/corporatiu\/#organization"},"potentialAction":[{"@type":"SearchAction","target":{"@type":"EntryPoint","urlTemplate":"https:\/\/www.lafarga.com\/corporatiu\/?s={search_term_string}"},"query-input":{"@type":"PropertyValueSpecification","valueRequired":true,"valueName":"search_term_string"}}],"inLanguage":"ca"},{"@type":"Organization","@id":"https:\/\/www.lafarga.com\/corporatiu\/#organization","name":"La Farga Gesti\u00f3 d&#039;Equipaments Municipals, SA","url":"https:\/\/www.lafarga.com\/corporatiu\/","logo":{"@type":"ImageObject","inLanguage":"ca","@id":"https:\/\/www.lafarga.com\/corporatiu\/#\/schema\/logo\/image\/","url":"https:\/\/www.lafarga.com\/corporatiu\/wp-content\/uploads\/2023\/11\/logotipo_lafarga_gemsa.svg","contentUrl":"https:\/\/www.lafarga.com\/corporatiu\/wp-content\/uploads\/2023\/11\/logotipo_lafarga_gemsa.svg","width":102,"height":103,"caption":"La Farga Gesti\u00f3 d&#039;Equipaments Municipals, SA"},"image":{"@id":"https:\/\/www.lafarga.com\/corporatiu\/#\/schema\/logo\/image\/"}},{"@type":"Person","@id":"https:\/\/www.lafarga.com\/corporatiu\/#\/schema\/person\/0ad4bc37b46f53e6b85ad51c2ac2d685","name":"admfarga","image":{"@type":"ImageObject","inLanguage":"ca","@id":"https:\/\/secure.gravatar.com\/avatar\/2a2db0975754ce87d41cab8623874e9e5ef5d0add52244aba02a09775feab5cb?s=96&d=mm&r=g","url":"https:\/\/secure.gravatar.com\/avatar\/2a2db0975754ce87d41cab8623874e9e5ef5d0add52244aba02a09775feab5cb?s=96&d=mm&r=g","contentUrl":"https:\/\/secure.gravatar.com\/avatar\/2a2db0975754ce87d41cab8623874e9e5ef5d0add52244aba02a09775feab5cb?s=96&d=mm&r=g","caption":"admfarga"},"url":"https:\/\/www.lafarga.com\/corporatiu\/author\/admfarga\/"}]}},"uagb_featured_image_src":{"full":["https:\/\/www.lafarga.com\/corporatiu\/wp-content\/uploads\/2015\/11\/logo-farga-hospitalet.jpg",730,410,false],"thumbnail":["https:\/\/www.lafarga.com\/corporatiu\/wp-content\/uploads\/2015\/11\/logo-farga-hospitalet-150x150.jpg",150,150,true],"medium":["https:\/\/www.lafarga.com\/corporatiu\/wp-content\/uploads\/2015\/11\/logo-farga-hospitalet-300x168.jpg",300,168,true],"medium_large":["https:\/\/www.lafarga.com\/corporatiu\/wp-content\/uploads\/2015\/11\/logo-farga-hospitalet.jpg",730,410,false],"large":["https:\/\/www.lafarga.com\/corporatiu\/wp-content\/uploads\/2015\/11\/logo-farga-hospitalet.jpg",730,410,false],"1536x1536":["https:\/\/www.lafarga.com\/corporatiu\/wp-content\/uploads\/2015\/11\/logo-farga-hospitalet.jpg",730,410,false],"2048x2048":["https:\/\/www.lafarga.com\/corporatiu\/wp-content\/uploads\/2015\/11\/logo-farga-hospitalet.jpg",730,410,false],"mailpoet_newsletter_max":["https:\/\/www.lafarga.com\/corporatiu\/wp-content\/uploads\/2015\/11\/logo-farga-hospitalet.jpg",730,410,false]},"uagb_author_info":{"display_name":"admfarga","author_link":"https:\/\/www.lafarga.com\/corporatiu\/author\/admfarga\/"},"uagb_comment_info":0,"uagb_excerpt":"Ya est\u00e1 disponible la actualizaci\u00f3n del proceso en curso de la convocatoria para la creaci\u00f3n de una bolsa de personal para cubrir mediante contrato de interinidad la sustituci\u00f3n del puesto de trabajo de oficial administrativo\/a del Centro de Actividades.","_links":{"self":[{"href":"https:\/\/www.lafarga.com\/corporatiu\/wp-json\/wp\/v2\/posts\/5853","targetHints":{"allow":["GET"]}}],"collection":[{"href":"https:\/\/www.lafarga.com\/corporatiu\/wp-json\/wp\/v2\/posts"}],"about":[{"href":"https:\/\/www.lafarga.com\/corporatiu\/wp-json\/wp\/v2\/types\/post"}],"author":[{"embeddable":true,"href":"https:\/\/www.lafarga.com\/corporatiu\/wp-json\/wp\/v2\/users\/8"}],"replies":[{"embeddable":true,"href":"https:\/\/www.lafarga.com\/corporatiu\/wp-json\/wp\/v2\/comments?post=5853"}],"version-history":[{"count":4,"href":"https:\/\/www.lafarga.com\/corporatiu\/wp-json\/wp\/v2\/posts\/5853\/revisions"}],"predecessor-version":[{"id":6448,"href":"https:\/\/www.lafarga.com\/corporatiu\/wp-json\/wp\/v2\/posts\/5853\/revisions\/6448"}],"wp:featuredmedia":[{"embeddable":true,"href":"https:\/\/www.lafarga.com\/corporatiu\/wp-json\/wp\/v2\/media\/5851"}],"wp:attachment":[{"href":"https:\/\/www.lafarga.com\/corporatiu\/wp-json\/wp\/v2\/media?parent=5853"}],"wp:term":[{"taxonomy":"category","embeddable":true,"href":"https:\/\/www.lafarga.com\/corporatiu\/wp-json\/wp\/v2\/categories?post=5853"},{"taxonomy":"post_tag","embeddable":true,"href":"https:\/\/www.lafarga.com\/corporatiu\/wp-json\/wp\/v2\/tags?post=5853"}],"curies":[{"name":"wp","href":"https:\/\/api.w.org\/{rel}","templated":true}]}}