{"id":5774,"date":"2015-11-19T16:53:35","date_gmt":"2015-11-19T16:53:35","guid":{"rendered":"http:\/\/www.lafarga.com\/corporatiu\/?p=5774"},"modified":"2015-11-19T16:56:53","modified_gmt":"2015-11-19T16:56:53","slug":"todo-listo-para-el-montaje-de-la-pista-de-hielo","status":"publish","type":"post","link":"https:\/\/www.lafarga.com\/corporatiu\/todo-listo-para-el-montaje-de-la-pista-de-hielo\/","title":{"rendered":"Todo listo en La Farga para el montaje de la pista de hielo"},"content":{"rendered":"<p>Todo est\u00e1 a punto para que este lunes la pista de hielo comience a instalarse en La Farga Centro de Actividades.<\/p>\n<p>La emblem\u00e1tica pista de hielo urbana m\u00e1s grande de Europa, <a href=\"http:\/\/bargelona.cat\/\" target=\"_blank\">BarGELona<\/a>, consolidada y celebrada instalaci\u00f3n de ocio familiar y de promoci\u00f3n comercial y deportiva impulsada por la empresa <a href=\"http:\/\/www.ap-productions.org\/es\/welcome\" target=\"_blank\">AP Productions<\/a>, vuelve a dinamizar el periodo navide\u00f1o, en este caso a la ciudad de L&#8217;Hospitalet desde el viernes 27 de noviembre hasta el domingo 10 de enero.<\/p>\n<p>Coincidiendo con el quinto a\u00f1o de funcionamiento de BarGELona, ahora por primera vez en La Farga de L&#8217;Hospitalet, la pista de hielo ampl\u00eda hasta los 1.600 m2 sus dimensiones, ya que el espacio del Centro de Actividades lo permite.<\/p>\n<p>La estructura general (con entrada libre en la zona de las gradas, gran cafeter\u00eda, \u00e1rea de recreo gratuito para j\u00f3venes y ni\u00f1os, juegos deportivos como &#8220;street-curling&#8221; o hockey hielo, actuaciones musicales o exhibiciones en un espacio muy di\u00e1fano y atractivo) ocupa 4.000 m2 del recinto de La Farga.<\/p>\n<p>Adem\u00e1s este a\u00f1o una de las novedades ser\u00e1 que adultos, j\u00f3venes y ni\u00f1os tendr\u00e1n la opci\u00f3n de acceder a un espectacular <a href=\"https:\/\/www.lafarga.com\/corporatiu\/bargelona-tendra-un-tobogan-de-hielo-de-40-metros\/\" target=\"_blank\">tobog\u00e1n de hielo<\/a> de 40 metros.<\/p>\n<p>Con un aforo m\u00e1ximo de 350 patinadores en la pista (adem\u00e1s de la sugerente pista infantil con monitores especializados) el horario previsto de funcionamiento ser\u00e1 desde las 10 de la ma\u00f1ana hasta las 9 de la noche (los d\u00edas laborables y hasta las 11 de la noche viernes, s\u00e1bado y v\u00edsperas de festivos).<\/p>\n<p>Los precios de los tickets que dan derecho a patinar y a un juego de patines y guantes se mantienen como en los dos \u00faltimos a\u00f1os en 7 euros la media hora y 10 euros sesenta minutos.<\/p>\n<p>Las entradas se podr\u00e1n adquirir tambi\u00e9n en <a href=\"http:\/\/bargelona.cat\/tarifas\/\" target=\"_blank\">www.bargelona.cat<\/a>.<\/p>\n","protected":false},"excerpt":{"rendered":"<p>Todo est\u00e1 a punto para que este lunes la pista de hielo comience a instalarse en La Farga Centro de Actividades.<\/p>\n","protected":false},"author":8,"featured_media":5583,"comment_status":"closed","ping_status":"closed","sticky":false,"template":"","format":"standard","meta":{"inline_featured_image":false,"_uag_custom_page_level_css":"","_monsterinsights_skip_tracking":false,"_monsterinsights_sitenote_active":false,"_monsterinsights_sitenote_note":"","_monsterinsights_sitenote_category":0,"site-sidebar-layout":"default","site-content-layout":"","ast-site-content-layout":"default","site-content-style":"default","site-sidebar-style":"default","ast-global-header-display":"","ast-banner-title-visibility":"","ast-main-header-display":"","ast-hfb-above-header-display":"","ast-hfb-below-header-display":"","ast-hfb-mobile-header-display":"","site-post-title":"","ast-breadcrumbs-content":"","ast-featured-img":"","footer-sml-layout":"","ast-disable-related-posts":"","theme-transparent-header-meta":"","adv-header-id-meta":"","stick-header-meta":"","header-above-stick-meta":"","header-main-stick-meta":"","header-below-stick-meta":"","astra-migrate-meta-layouts":"default","ast-page-background-enabled":"default","ast-page-background-meta":{"desktop":{"background-color":"var(--ast-global-color-4)","background-image":"","background-repeat":"repeat","background-position":"center center","background-size":"auto","background-attachment":"scroll","background-type":"","background-media":"","overlay-type":"","overlay-color":"","overlay-opacity":"","overlay-gradient":""},"tablet":{"background-color":"","background-image":"","background-repeat":"repeat","background-position":"center center","background-size":"auto","background-attachment":"scroll","background-type":"","background-media":"","overlay-type":"","overlay-color":"","overlay-opacity":"","overlay-gradient":""},"mobile":{"background-color":"","background-image":"","background-repeat":"repeat","background-position":"center center","background-size":"auto","background-attachment":"scroll","background-type":"","background-media":"","overlay-type":"","overlay-color":"","overlay-opacity":"","overlay-gradient":""}},"ast-content-background-meta":{"desktop":{"background-color":"var(--ast-global-color-5)","background-image":"","background-repeat":"repeat","background-position":"center center","background-size":"auto","background-attachment":"scroll","background-type":"","background-media":"","overlay-type":"","overlay-color":"","overlay-opacity":"","overlay-gradient":""},"tablet":{"background-color":"var(--ast-global-color-5)","background-image":"","background-repeat":"repeat","background-position":"center center","background-size":"auto","background-attachment":"scroll","background-type":"","background-media":"","overlay-type":"","overlay-color":"","overlay-opacity":"","overlay-gradient":""},"mobile":{"background-color":"var(--ast-global-color-5)","background-image":"","background-repeat":"repeat","background-position":"center center","background-size":"auto","background-attachment":"scroll","background-type":"","background-media":"","overlay-type":"","overlay-color":"","overlay-opacity":"","overlay-gradient":""}},"footnotes":""},"categories":[73],"tags":[],"class_list":["post-5774","post","type-post","status-publish","format-standard","has-post-thumbnail","hentry","category-centro-de-actividades"],"yoast_head":"<!-- This site is optimized with the Yoast SEO plugin v27.4 - https:\/\/yoast.com\/product\/yoast-seo-wordpress\/ -->\n<title>Todo listo en La Farga para el montaje de la pista de hielo<\/title>\n<meta name=\"description\" content=\"Tot \u00e9s a punt perqu\u00e8 aquest dilluns la Pista de Gel comenci a instal\u00b7lar-se a La Farga Centre d\u2019Activitats.\" \/>\n<meta name=\"robots\" content=\"index, follow, max-snippet:-1, max-image-preview:large, max-video-preview:-1\" \/>\n<link rel=\"canonical\" href=\"https:\/\/www.lafarga.com\/corporatiu\/todo-listo-para-el-montaje-de-la-pista-de-hielo\/\" \/>\n<meta property=\"og:locale\" content=\"ca_ES\" \/>\n<meta property=\"og:type\" content=\"article\" \/>\n<meta property=\"og:title\" content=\"Todo listo en La Farga para el montaje de la pista de hielo\" \/>\n<meta property=\"og:description\" content=\"Tot \u00e9s a punt perqu\u00e8 aquest dilluns la Pista de Gel comenci a instal\u00b7lar-se a La Farga Centre d\u2019Activitats.\" \/>\n<meta property=\"og:url\" content=\"https:\/\/www.lafarga.com\/corporatiu\/todo-listo-para-el-montaje-de-la-pista-de-hielo\/\" \/>\n<meta property=\"og:site_name\" content=\"La Farga Gesti\u00f3n de Equipamientos Municipales, S.A.\" \/>\n<meta property=\"article:published_time\" content=\"2015-11-19T16:53:35+00:00\" \/>\n<meta property=\"article:modified_time\" content=\"2015-11-19T16:56:53+00:00\" \/>\n<meta property=\"og:image\" content=\"https:\/\/www.lafarga.com\/corporatiu\/wp-content\/uploads\/2015\/10\/recinte-farga-2.jpg\" \/>\n\t<meta property=\"og:image:width\" content=\"730\" \/>\n\t<meta property=\"og:image:height\" content=\"410\" \/>\n\t<meta property=\"og:image:type\" content=\"image\/jpeg\" \/>\n<meta name=\"author\" content=\"admfarga\" \/>\n<meta name=\"twitter:label1\" content=\"Escrit per\" \/>\n\t<meta name=\"twitter:data1\" content=\"admfarga\" \/>\n\t<meta name=\"twitter:label2\" content=\"Temps estimat de lectura\" \/>\n\t<meta name=\"twitter:data2\" content=\"2 minuts\" \/>\n<script type=\"application\/ld+json\" class=\"yoast-schema-graph\">{\"@context\":\"https:\\\/\\\/schema.org\",\"@graph\":[{\"@type\":\"Article\",\"@id\":\"https:\\\/\\\/www.lafarga.com\\\/corporatiu\\\/todo-listo-para-el-montaje-de-la-pista-de-hielo\\\/#article\",\"isPartOf\":{\"@id\":\"https:\\\/\\\/www.lafarga.com\\\/corporatiu\\\/todo-listo-para-el-montaje-de-la-pista-de-hielo\\\/\"},\"author\":{\"name\":\"admfarga\",\"@id\":\"https:\\\/\\\/www.lafarga.com\\\/corporatiu\\\/#\\\/schema\\\/person\\\/0ad4bc37b46f53e6b85ad51c2ac2d685\"},\"headline\":\"Todo listo en La Farga para el montaje de la pista de hielo\",\"datePublished\":\"2015-11-19T16:53:35+00:00\",\"dateModified\":\"2015-11-19T16:56:53+00:00\",\"mainEntityOfPage\":{\"@id\":\"https:\\\/\\\/www.lafarga.com\\\/corporatiu\\\/todo-listo-para-el-montaje-de-la-pista-de-hielo\\\/\"},\"wordCount\":322,\"publisher\":{\"@id\":\"https:\\\/\\\/www.lafarga.com\\\/corporatiu\\\/#organization\"},\"image\":{\"@id\":\"https:\\\/\\\/www.lafarga.com\\\/corporatiu\\\/todo-listo-para-el-montaje-de-la-pista-de-hielo\\\/#primaryimage\"},\"thumbnailUrl\":\"https:\\\/\\\/www.lafarga.com\\\/corporatiu\\\/wp-content\\\/uploads\\\/2015\\\/10\\\/recinte-farga-2.jpg\",\"articleSection\":[\"Centro de Actividades\"],\"inLanguage\":\"ca\"},{\"@type\":\"WebPage\",\"@id\":\"https:\\\/\\\/www.lafarga.com\\\/corporatiu\\\/todo-listo-para-el-montaje-de-la-pista-de-hielo\\\/\",\"url\":\"https:\\\/\\\/www.lafarga.com\\\/corporatiu\\\/todo-listo-para-el-montaje-de-la-pista-de-hielo\\\/\",\"name\":\"Todo listo en La Farga para el montaje de la pista de hielo\",\"isPartOf\":{\"@id\":\"https:\\\/\\\/www.lafarga.com\\\/corporatiu\\\/#website\"},\"primaryImageOfPage\":{\"@id\":\"https:\\\/\\\/www.lafarga.com\\\/corporatiu\\\/todo-listo-para-el-montaje-de-la-pista-de-hielo\\\/#primaryimage\"},\"image\":{\"@id\":\"https:\\\/\\\/www.lafarga.com\\\/corporatiu\\\/todo-listo-para-el-montaje-de-la-pista-de-hielo\\\/#primaryimage\"},\"thumbnailUrl\":\"https:\\\/\\\/www.lafarga.com\\\/corporatiu\\\/wp-content\\\/uploads\\\/2015\\\/10\\\/recinte-farga-2.jpg\",\"datePublished\":\"2015-11-19T16:53:35+00:00\",\"dateModified\":\"2015-11-19T16:56:53+00:00\",\"description\":\"Tot \u00e9s a punt perqu\u00e8 aquest dilluns la Pista de Gel comenci a instal\u00b7lar-se a La Farga Centre d\u2019Activitats.\",\"breadcrumb\":{\"@id\":\"https:\\\/\\\/www.lafarga.com\\\/corporatiu\\\/todo-listo-para-el-montaje-de-la-pista-de-hielo\\\/#breadcrumb\"},\"inLanguage\":\"ca\",\"potentialAction\":[{\"@type\":\"ReadAction\",\"target\":[\"https:\\\/\\\/www.lafarga.com\\\/corporatiu\\\/todo-listo-para-el-montaje-de-la-pista-de-hielo\\\/\"]}]},{\"@type\":\"ImageObject\",\"inLanguage\":\"ca\",\"@id\":\"https:\\\/\\\/www.lafarga.com\\\/corporatiu\\\/todo-listo-para-el-montaje-de-la-pista-de-hielo\\\/#primaryimage\",\"url\":\"https:\\\/\\\/www.lafarga.com\\\/corporatiu\\\/wp-content\\\/uploads\\\/2015\\\/10\\\/recinte-farga-2.jpg\",\"contentUrl\":\"https:\\\/\\\/www.lafarga.com\\\/corporatiu\\\/wp-content\\\/uploads\\\/2015\\\/10\\\/recinte-farga-2.jpg\",\"width\":730,\"height\":410,\"caption\":\"Controladores\"},{\"@type\":\"BreadcrumbList\",\"@id\":\"https:\\\/\\\/www.lafarga.com\\\/corporatiu\\\/todo-listo-para-el-montaje-de-la-pista-de-hielo\\\/#breadcrumb\",\"itemListElement\":[{\"@type\":\"ListItem\",\"position\":1,\"name\":\"Home\",\"item\":\"https:\\\/\\\/www.lafarga.com\\\/corporatiu\\\/lafarga-hospitalet-llobregat\\\/\"},{\"@type\":\"ListItem\",\"position\":2,\"name\":\"Todo listo en La Farga para el montaje de la pista de hielo\"}]},{\"@type\":\"WebSite\",\"@id\":\"https:\\\/\\\/www.lafarga.com\\\/corporatiu\\\/#website\",\"url\":\"https:\\\/\\\/www.lafarga.com\\\/corporatiu\\\/\",\"name\":\"La Farga Gesti\u00f3 d&#039;Equipaments Municipals, SA\",\"description\":\"\",\"publisher\":{\"@id\":\"https:\\\/\\\/www.lafarga.com\\\/corporatiu\\\/#organization\"},\"potentialAction\":[{\"@type\":\"SearchAction\",\"target\":{\"@type\":\"EntryPoint\",\"urlTemplate\":\"https:\\\/\\\/www.lafarga.com\\\/corporatiu\\\/?s={search_term_string}\"},\"query-input\":{\"@type\":\"PropertyValueSpecification\",\"valueRequired\":true,\"valueName\":\"search_term_string\"}}],\"inLanguage\":\"ca\"},{\"@type\":\"Organization\",\"@id\":\"https:\\\/\\\/www.lafarga.com\\\/corporatiu\\\/#organization\",\"name\":\"La Farga Gesti\u00f3 d&#039;Equipaments Municipals, SA\",\"url\":\"https:\\\/\\\/www.lafarga.com\\\/corporatiu\\\/\",\"logo\":{\"@type\":\"ImageObject\",\"inLanguage\":\"ca\",\"@id\":\"https:\\\/\\\/www.lafarga.com\\\/corporatiu\\\/#\\\/schema\\\/logo\\\/image\\\/\",\"url\":\"https:\\\/\\\/www.lafarga.com\\\/corporatiu\\\/wp-content\\\/uploads\\\/2023\\\/11\\\/logotipo_lafarga_gemsa.svg\",\"contentUrl\":\"https:\\\/\\\/www.lafarga.com\\\/corporatiu\\\/wp-content\\\/uploads\\\/2023\\\/11\\\/logotipo_lafarga_gemsa.svg\",\"width\":102,\"height\":103,\"caption\":\"La Farga Gesti\u00f3 d&#039;Equipaments Municipals, SA\"},\"image\":{\"@id\":\"https:\\\/\\\/www.lafarga.com\\\/corporatiu\\\/#\\\/schema\\\/logo\\\/image\\\/\"}},{\"@type\":\"Person\",\"@id\":\"https:\\\/\\\/www.lafarga.com\\\/corporatiu\\\/#\\\/schema\\\/person\\\/0ad4bc37b46f53e6b85ad51c2ac2d685\",\"name\":\"admfarga\",\"image\":{\"@type\":\"ImageObject\",\"inLanguage\":\"ca\",\"@id\":\"https:\\\/\\\/secure.gravatar.com\\\/avatar\\\/2a2db0975754ce87d41cab8623874e9e5ef5d0add52244aba02a09775feab5cb?s=96&d=mm&r=g\",\"url\":\"https:\\\/\\\/secure.gravatar.com\\\/avatar\\\/2a2db0975754ce87d41cab8623874e9e5ef5d0add52244aba02a09775feab5cb?s=96&d=mm&r=g\",\"contentUrl\":\"https:\\\/\\\/secure.gravatar.com\\\/avatar\\\/2a2db0975754ce87d41cab8623874e9e5ef5d0add52244aba02a09775feab5cb?s=96&d=mm&r=g\",\"caption\":\"admfarga\"},\"url\":\"https:\\\/\\\/www.lafarga.com\\\/corporatiu\\\/author\\\/admfarga\\\/\"}]}<\/script>\n<!-- \/ Yoast SEO plugin. -->","yoast_head_json":{"title":"Todo listo en La Farga para el montaje de la pista de hielo","description":"Tot \u00e9s a punt perqu\u00e8 aquest dilluns la Pista de Gel comenci a instal\u00b7lar-se a La Farga Centre d\u2019Activitats.","robots":{"index":"index","follow":"follow","max-snippet":"max-snippet:-1","max-image-preview":"max-image-preview:large","max-video-preview":"max-video-preview:-1"},"canonical":"https:\/\/www.lafarga.com\/corporatiu\/todo-listo-para-el-montaje-de-la-pista-de-hielo\/","og_locale":"ca_ES","og_type":"article","og_title":"Todo listo en La Farga para el montaje de la pista de hielo","og_description":"Tot \u00e9s a punt perqu\u00e8 aquest dilluns la Pista de Gel comenci a instal\u00b7lar-se a La Farga Centre d\u2019Activitats.","og_url":"https:\/\/www.lafarga.com\/corporatiu\/todo-listo-para-el-montaje-de-la-pista-de-hielo\/","og_site_name":"La Farga Gesti\u00f3n de Equipamientos Municipales, S.A.","article_published_time":"2015-11-19T16:53:35+00:00","article_modified_time":"2015-11-19T16:56:53+00:00","og_image":[{"width":730,"height":410,"url":"https:\/\/www.lafarga.com\/corporatiu\/wp-content\/uploads\/2015\/10\/recinte-farga-2.jpg","type":"image\/jpeg"}],"author":"admfarga","twitter_misc":{"Escrit per":"admfarga","Temps estimat de lectura":"2 minuts"},"schema":{"@context":"https:\/\/schema.org","@graph":[{"@type":"Article","@id":"https:\/\/www.lafarga.com\/corporatiu\/todo-listo-para-el-montaje-de-la-pista-de-hielo\/#article","isPartOf":{"@id":"https:\/\/www.lafarga.com\/corporatiu\/todo-listo-para-el-montaje-de-la-pista-de-hielo\/"},"author":{"name":"admfarga","@id":"https:\/\/www.lafarga.com\/corporatiu\/#\/schema\/person\/0ad4bc37b46f53e6b85ad51c2ac2d685"},"headline":"Todo listo en La Farga para el montaje de la pista de hielo","datePublished":"2015-11-19T16:53:35+00:00","dateModified":"2015-11-19T16:56:53+00:00","mainEntityOfPage":{"@id":"https:\/\/www.lafarga.com\/corporatiu\/todo-listo-para-el-montaje-de-la-pista-de-hielo\/"},"wordCount":322,"publisher":{"@id":"https:\/\/www.lafarga.com\/corporatiu\/#organization"},"image":{"@id":"https:\/\/www.lafarga.com\/corporatiu\/todo-listo-para-el-montaje-de-la-pista-de-hielo\/#primaryimage"},"thumbnailUrl":"https:\/\/www.lafarga.com\/corporatiu\/wp-content\/uploads\/2015\/10\/recinte-farga-2.jpg","articleSection":["Centro de Actividades"],"inLanguage":"ca"},{"@type":"WebPage","@id":"https:\/\/www.lafarga.com\/corporatiu\/todo-listo-para-el-montaje-de-la-pista-de-hielo\/","url":"https:\/\/www.lafarga.com\/corporatiu\/todo-listo-para-el-montaje-de-la-pista-de-hielo\/","name":"Todo listo en La Farga para el montaje de la pista de hielo","isPartOf":{"@id":"https:\/\/www.lafarga.com\/corporatiu\/#website"},"primaryImageOfPage":{"@id":"https:\/\/www.lafarga.com\/corporatiu\/todo-listo-para-el-montaje-de-la-pista-de-hielo\/#primaryimage"},"image":{"@id":"https:\/\/www.lafarga.com\/corporatiu\/todo-listo-para-el-montaje-de-la-pista-de-hielo\/#primaryimage"},"thumbnailUrl":"https:\/\/www.lafarga.com\/corporatiu\/wp-content\/uploads\/2015\/10\/recinte-farga-2.jpg","datePublished":"2015-11-19T16:53:35+00:00","dateModified":"2015-11-19T16:56:53+00:00","description":"Tot \u00e9s a punt perqu\u00e8 aquest dilluns la Pista de Gel comenci a instal\u00b7lar-se a La Farga Centre d\u2019Activitats.","breadcrumb":{"@id":"https:\/\/www.lafarga.com\/corporatiu\/todo-listo-para-el-montaje-de-la-pista-de-hielo\/#breadcrumb"},"inLanguage":"ca","potentialAction":[{"@type":"ReadAction","target":["https:\/\/www.lafarga.com\/corporatiu\/todo-listo-para-el-montaje-de-la-pista-de-hielo\/"]}]},{"@type":"ImageObject","inLanguage":"ca","@id":"https:\/\/www.lafarga.com\/corporatiu\/todo-listo-para-el-montaje-de-la-pista-de-hielo\/#primaryimage","url":"https:\/\/www.lafarga.com\/corporatiu\/wp-content\/uploads\/2015\/10\/recinte-farga-2.jpg","contentUrl":"https:\/\/www.lafarga.com\/corporatiu\/wp-content\/uploads\/2015\/10\/recinte-farga-2.jpg","width":730,"height":410,"caption":"Controladores"},{"@type":"BreadcrumbList","@id":"https:\/\/www.lafarga.com\/corporatiu\/todo-listo-para-el-montaje-de-la-pista-de-hielo\/#breadcrumb","itemListElement":[{"@type":"ListItem","position":1,"name":"Home","item":"https:\/\/www.lafarga.com\/corporatiu\/lafarga-hospitalet-llobregat\/"},{"@type":"ListItem","position":2,"name":"Todo listo en La Farga para el montaje de la pista de hielo"}]},{"@type":"WebSite","@id":"https:\/\/www.lafarga.com\/corporatiu\/#website","url":"https:\/\/www.lafarga.com\/corporatiu\/","name":"La Farga Gesti\u00f3 d&#039;Equipaments Municipals, SA","description":"","publisher":{"@id":"https:\/\/www.lafarga.com\/corporatiu\/#organization"},"potentialAction":[{"@type":"SearchAction","target":{"@type":"EntryPoint","urlTemplate":"https:\/\/www.lafarga.com\/corporatiu\/?s={search_term_string}"},"query-input":{"@type":"PropertyValueSpecification","valueRequired":true,"valueName":"search_term_string"}}],"inLanguage":"ca"},{"@type":"Organization","@id":"https:\/\/www.lafarga.com\/corporatiu\/#organization","name":"La Farga Gesti\u00f3 d&#039;Equipaments Municipals, SA","url":"https:\/\/www.lafarga.com\/corporatiu\/","logo":{"@type":"ImageObject","inLanguage":"ca","@id":"https:\/\/www.lafarga.com\/corporatiu\/#\/schema\/logo\/image\/","url":"https:\/\/www.lafarga.com\/corporatiu\/wp-content\/uploads\/2023\/11\/logotipo_lafarga_gemsa.svg","contentUrl":"https:\/\/www.lafarga.com\/corporatiu\/wp-content\/uploads\/2023\/11\/logotipo_lafarga_gemsa.svg","width":102,"height":103,"caption":"La Farga Gesti\u00f3 d&#039;Equipaments Municipals, SA"},"image":{"@id":"https:\/\/www.lafarga.com\/corporatiu\/#\/schema\/logo\/image\/"}},{"@type":"Person","@id":"https:\/\/www.lafarga.com\/corporatiu\/#\/schema\/person\/0ad4bc37b46f53e6b85ad51c2ac2d685","name":"admfarga","image":{"@type":"ImageObject","inLanguage":"ca","@id":"https:\/\/secure.gravatar.com\/avatar\/2a2db0975754ce87d41cab8623874e9e5ef5d0add52244aba02a09775feab5cb?s=96&d=mm&r=g","url":"https:\/\/secure.gravatar.com\/avatar\/2a2db0975754ce87d41cab8623874e9e5ef5d0add52244aba02a09775feab5cb?s=96&d=mm&r=g","contentUrl":"https:\/\/secure.gravatar.com\/avatar\/2a2db0975754ce87d41cab8623874e9e5ef5d0add52244aba02a09775feab5cb?s=96&d=mm&r=g","caption":"admfarga"},"url":"https:\/\/www.lafarga.com\/corporatiu\/author\/admfarga\/"}]}},"uagb_featured_image_src":{"full":["https:\/\/www.lafarga.com\/corporatiu\/wp-content\/uploads\/2015\/10\/recinte-farga-2.jpg",730,410,false],"thumbnail":["https:\/\/www.lafarga.com\/corporatiu\/wp-content\/uploads\/2015\/10\/recinte-farga-2-150x150.jpg",150,150,true],"medium":["https:\/\/www.lafarga.com\/corporatiu\/wp-content\/uploads\/2015\/10\/recinte-farga-2-300x168.jpg",300,168,true],"medium_large":["https:\/\/www.lafarga.com\/corporatiu\/wp-content\/uploads\/2015\/10\/recinte-farga-2.jpg",730,410,false],"large":["https:\/\/www.lafarga.com\/corporatiu\/wp-content\/uploads\/2015\/10\/recinte-farga-2.jpg",730,410,false],"1536x1536":["https:\/\/www.lafarga.com\/corporatiu\/wp-content\/uploads\/2015\/10\/recinte-farga-2.jpg",730,410,false],"2048x2048":["https:\/\/www.lafarga.com\/corporatiu\/wp-content\/uploads\/2015\/10\/recinte-farga-2.jpg",730,410,false],"mailpoet_newsletter_max":["https:\/\/www.lafarga.com\/corporatiu\/wp-content\/uploads\/2015\/10\/recinte-farga-2.jpg",730,410,false]},"uagb_author_info":{"display_name":"admfarga","author_link":"https:\/\/www.lafarga.com\/corporatiu\/author\/admfarga\/"},"uagb_comment_info":0,"uagb_excerpt":"Todo est\u00e1 a punto para que este lunes la pista de hielo comience a instalarse en La Farga Centro de Actividades.","_links":{"self":[{"href":"https:\/\/www.lafarga.com\/corporatiu\/wp-json\/wp\/v2\/posts\/5774","targetHints":{"allow":["GET"]}}],"collection":[{"href":"https:\/\/www.lafarga.com\/corporatiu\/wp-json\/wp\/v2\/posts"}],"about":[{"href":"https:\/\/www.lafarga.com\/corporatiu\/wp-json\/wp\/v2\/types\/post"}],"author":[{"embeddable":true,"href":"https:\/\/www.lafarga.com\/corporatiu\/wp-json\/wp\/v2\/users\/8"}],"replies":[{"embeddable":true,"href":"https:\/\/www.lafarga.com\/corporatiu\/wp-json\/wp\/v2\/comments?post=5774"}],"version-history":[{"count":2,"href":"https:\/\/www.lafarga.com\/corporatiu\/wp-json\/wp\/v2\/posts\/5774\/revisions"}],"predecessor-version":[{"id":5780,"href":"https:\/\/www.lafarga.com\/corporatiu\/wp-json\/wp\/v2\/posts\/5774\/revisions\/5780"}],"wp:featuredmedia":[{"embeddable":true,"href":"https:\/\/www.lafarga.com\/corporatiu\/wp-json\/wp\/v2\/media\/5583"}],"wp:attachment":[{"href":"https:\/\/www.lafarga.com\/corporatiu\/wp-json\/wp\/v2\/media?parent=5774"}],"wp:term":[{"taxonomy":"category","embeddable":true,"href":"https:\/\/www.lafarga.com\/corporatiu\/wp-json\/wp\/v2\/categories?post=5774"},{"taxonomy":"post_tag","embeddable":true,"href":"https:\/\/www.lafarga.com\/corporatiu\/wp-json\/wp\/v2\/tags?post=5774"}],"curies":[{"name":"wp","href":"https:\/\/api.w.org\/{rel}","templated":true}]}}