{"id":5599,"date":"2015-10-30T13:23:27","date_gmt":"2015-10-30T13:23:27","guid":{"rendered":"http:\/\/www.lafarga.com\/corporatiu\/?p=5599"},"modified":"2016-02-03T13:16:19","modified_gmt":"2016-02-03T13:16:19","slug":"concurso-oficial-mantenimiento-centro-de-actividades-proceso-finalizado","status":"publish","type":"post","link":"https:\/\/www.lafarga.com\/corporatiu\/concurso-oficial-mantenimiento-centro-de-actividades-proceso-finalizado\/","title":{"rendered":"Concurso oficial mantenimiento del Centro de Actividades (proceso finalizado)"},"content":{"rendered":"<p>Convocatoria p\u00fablica para la selecci\u00f3n de un\/a oficial de mantenimiento para el Centro de Actividades que gestiona La Farga, Gesti\u00f3n de Equipamientos Municipales, S.A.<\/p>\n<p><strong>Informaci\u00f3n y bases:<\/strong><br \/>\nEn la p\u00e1gina web de La Farga, GEM, S.A. (<a href=\"https:\/\/www.lafarga.com\/corporatiu\/lafarga-hospitalet\/\" target=\"_blank\">www.lafarga.com<\/a>).<\/p>\n<p><strong>Presentaci\u00f3n de solicitudes:<\/strong><br \/>\nEn las oficinas de La Farga, Gesti\u00f3n de Equipamientos Municipales, S.A. situadas en la calle Barcelona, \u200b\u200bn\u00fam. 2, de L&#8217;Hospitalet, desde el 4 de noviembre de 2015 a las 09:00 horas hasta el d\u00eda 19 de noviembre de 2015 a las 14:00 horas.<br \/>\nEl horario de presentaci\u00f3n de solicitudes ser\u00e1 de 09:00 a 14:00 horas. Tel\u00e9fono de contacto : 93.261.52.00<\/p>\n<p>El Gerente de La Farga, GEM S.A.<br \/>\nManuel P\u00e9rez Gim\u00e9nez<\/p>\n<p>L&#8217;Hospitalet, 30 de octubre de 2015<\/p>\n<ul>\n<li><a href=\"https:\/\/www.lafarga.com\/corporatiu\/wp-content\/uploads\/2015\/10\/BASES-OFICIAL-MANTENIMENT-CENTRE-ACTIVITATS.pdf\" target=\"_blank\">Bases oficial mantenimiento Centro de Actividades<\/a><\/li>\n<li><a href=\"https:\/\/www.lafarga.com\/corporatiu\/wp-content\/uploads\/2015\/10\/INST%C3%80NCIA-LA-FARGA.pdf\" target=\"_blank\">Modelo de instancia<\/a><\/li>\n<li><a href=\"https:\/\/www.lafarga.com\/corporatiu\/wp-content\/uploads\/2015\/11\/1\u00aa-ACTA-CONVOCAT.SELECCI\u00d3-OFIC.MANTENIMENT.pdf\" target=\"_blank\">1\u00aa acta convocatoria selecci\u00f3n oficial mantenimiento Centro de Actividades (24-11-15<\/a>)<\/li>\n<li><a href=\"https:\/\/www.lafarga.com\/corporatiu\/wp-content\/uploads\/2015\/12\/2\u00aa-ACTA-CONVOCAT.SELECCI\u00d3-OFIC.MANTENIMENT.pdf\" target=\"_blank\">2\u00aa acta convocatoria selecci\u00f3n oficial mantenimiento Centro de Actividades (01-12-15)<\/a><\/li>\n<li><a href=\"https:\/\/www.lafarga.com\/corporatiu\/wp-content\/uploads\/2015\/12\/20151211-3\u00aa-ACTA-TRIBUNAL-SELECCI\u00d3-OFICIAL-MANTENIMENT1.pdf\" target=\"_blank\">3\u00aa acta convocatoria selecci\u00f3n oficial mantenimiento Centro de Actividades (11-12-15)<\/a><\/li>\n<li><a href=\"https:\/\/www.lafarga.com\/corporatiu\/wp-content\/uploads\/2015\/12\/4\u00aa-ACTA-TRIBUNAL-SELECCI\u00d3-OFICIAL-MANTENIMENT.pdf\" target=\"_blank\">4\u00aa acta convocatoria selecci\u00f3n oficial mantenimiento Centro de Actividades (22-12-15)<\/a><\/li>\n<li><a href=\"https:\/\/www.lafarga.com\/corporatiu\/wp-content\/uploads\/2016\/01\/5-\u00aa-ACTA-CONVOCAT\u00d2RIA-SELECCI\u00d3-OFICIAL-DE-MANTENIMENT.pdf\" target=\"_blank\">Resoluci\u00f3n convocatoria selecci\u00f3n oficial mantenimiento Centro de Actividades (14-01-16)<\/a><\/li>\n<\/ul>\n","protected":false},"excerpt":{"rendered":"<p>Convocatoria p\u00fablica para la selecci\u00f3n de un\/a oficial de mantenimiento para el Centro de Actividades que gestiona La Farga, Gesti\u00f3n de Equipamientos Municipales, S.A.<\/p>\n","protected":false},"author":8,"featured_media":5583,"comment_status":"closed","ping_status":"closed","sticky":false,"template":"","format":"standard","meta":{"inline_featured_image":false,"_uag_custom_page_level_css":"","_monsterinsights_skip_tracking":false,"_monsterinsights_sitenote_active":false,"_monsterinsights_sitenote_note":"","_monsterinsights_sitenote_category":0,"site-sidebar-layout":"default","site-content-layout":"","ast-site-content-layout":"default","site-content-style":"default","site-sidebar-style":"default","ast-global-header-display":"","ast-banner-title-visibility":"","ast-main-header-display":"","ast-hfb-above-header-display":"","ast-hfb-below-header-display":"","ast-hfb-mobile-header-display":"","site-post-title":"","ast-breadcrumbs-content":"","ast-featured-img":"","footer-sml-layout":"","ast-disable-related-posts":"","theme-transparent-header-meta":"","adv-header-id-meta":"","stick-header-meta":"","header-above-stick-meta":"","header-main-stick-meta":"","header-below-stick-meta":"","astra-migrate-meta-layouts":"default","ast-page-background-enabled":"default","ast-page-background-meta":{"desktop":{"background-color":"var(--ast-global-color-4)","background-image":"","background-repeat":"repeat","background-position":"center center","background-size":"auto","background-attachment":"scroll","background-type":"","background-media":"","overlay-type":"","overlay-color":"","overlay-opacity":"","overlay-gradient":""},"tablet":{"background-color":"","background-image":"","background-repeat":"repeat","background-position":"center center","background-size":"auto","background-attachment":"scroll","background-type":"","background-media":"","overlay-type":"","overlay-color":"","overlay-opacity":"","overlay-gradient":""},"mobile":{"background-color":"","background-image":"","background-repeat":"repeat","background-position":"center center","background-size":"auto","background-attachment":"scroll","background-type":"","background-media":"","overlay-type":"","overlay-color":"","overlay-opacity":"","overlay-gradient":""}},"ast-content-background-meta":{"desktop":{"background-color":"var(--ast-global-color-5)","background-image":"","background-repeat":"repeat","background-position":"center center","background-size":"auto","background-attachment":"scroll","background-type":"","background-media":"","overlay-type":"","overlay-color":"","overlay-opacity":"","overlay-gradient":""},"tablet":{"background-color":"var(--ast-global-color-5)","background-image":"","background-repeat":"repeat","background-position":"center center","background-size":"auto","background-attachment":"scroll","background-type":"","background-media":"","overlay-type":"","overlay-color":"","overlay-opacity":"","overlay-gradient":""},"mobile":{"background-color":"var(--ast-global-color-5)","background-image":"","background-repeat":"repeat","background-position":"center center","background-size":"auto","background-attachment":"scroll","background-type":"","background-media":"","overlay-type":"","overlay-color":"","overlay-opacity":"","overlay-gradient":""}},"footnotes":""},"categories":[85],"tags":[],"class_list":["post-5599","post","type-post","status-publish","format-standard","has-post-thumbnail","hentry","category-seleccion-de-personal"],"yoast_head":"<!-- This site is optimized with the Yoast SEO plugin v27.4 - https:\/\/yoast.com\/product\/yoast-seo-wordpress\/ -->\n<title>Concurso oficial mantenimiento Centro de Actividades (finalizado)<\/title>\n<meta name=\"description\" content=\"Convocat\u00f2ria p\u00fablica per a la selecci\u00f3 d\u2019un\/a oficial de manteniment per al Centre d\u2019Activitats que gestiona La Farga, Gesti\u00f3 d\u2019Equipaments Municipals, S.A.\" \/>\n<meta name=\"robots\" content=\"index, follow, max-snippet:-1, max-image-preview:large, max-video-preview:-1\" \/>\n<link rel=\"canonical\" href=\"https:\/\/www.lafarga.com\/corporatiu\/concurso-oficial-mantenimiento-centro-de-actividades-proceso-finalizado\/\" \/>\n<meta property=\"og:locale\" content=\"ca_ES\" \/>\n<meta property=\"og:type\" content=\"article\" \/>\n<meta property=\"og:title\" content=\"Concurso oficial mantenimiento Centro de Actividades (finalizado)\" \/>\n<meta property=\"og:description\" content=\"Convocat\u00f2ria p\u00fablica per a la selecci\u00f3 d\u2019un\/a oficial de manteniment per al Centre d\u2019Activitats que gestiona La Farga, Gesti\u00f3 d\u2019Equipaments Municipals, S.A.\" \/>\n<meta property=\"og:url\" content=\"https:\/\/www.lafarga.com\/corporatiu\/concurso-oficial-mantenimiento-centro-de-actividades-proceso-finalizado\/\" \/>\n<meta property=\"og:site_name\" content=\"La Farga Gesti\u00f3n de Equipamientos Municipales, S.A.\" \/>\n<meta property=\"article:published_time\" content=\"2015-10-30T13:23:27+00:00\" \/>\n<meta property=\"article:modified_time\" content=\"2016-02-03T13:16:19+00:00\" \/>\n<meta property=\"og:image\" content=\"https:\/\/www.lafarga.com\/corporatiu\/wp-content\/uploads\/2015\/10\/recinte-farga-2.jpg\" \/>\n\t<meta property=\"og:image:width\" content=\"730\" \/>\n\t<meta property=\"og:image:height\" content=\"410\" \/>\n\t<meta property=\"og:image:type\" content=\"image\/jpeg\" \/>\n<meta name=\"author\" content=\"admfarga\" \/>\n<meta name=\"twitter:label1\" content=\"Escrit per\" \/>\n\t<meta name=\"twitter:data1\" content=\"admfarga\" \/>\n\t<meta name=\"twitter:label2\" content=\"Temps estimat de lectura\" \/>\n\t<meta name=\"twitter:data2\" content=\"1 minut\" \/>\n<script type=\"application\/ld+json\" class=\"yoast-schema-graph\">{\"@context\":\"https:\\\/\\\/schema.org\",\"@graph\":[{\"@type\":\"Article\",\"@id\":\"https:\\\/\\\/www.lafarga.com\\\/corporatiu\\\/concurso-oficial-mantenimiento-centro-de-actividades-proceso-finalizado\\\/#article\",\"isPartOf\":{\"@id\":\"https:\\\/\\\/www.lafarga.com\\\/corporatiu\\\/concurso-oficial-mantenimiento-centro-de-actividades-proceso-finalizado\\\/\"},\"author\":{\"name\":\"admfarga\",\"@id\":\"https:\\\/\\\/www.lafarga.com\\\/corporatiu\\\/#\\\/schema\\\/person\\\/0ad4bc37b46f53e6b85ad51c2ac2d685\"},\"headline\":\"Concurso oficial mantenimiento del Centro de Actividades (proceso finalizado)\",\"datePublished\":\"2015-10-30T13:23:27+00:00\",\"dateModified\":\"2016-02-03T13:16:19+00:00\",\"mainEntityOfPage\":{\"@id\":\"https:\\\/\\\/www.lafarga.com\\\/corporatiu\\\/concurso-oficial-mantenimiento-centro-de-actividades-proceso-finalizado\\\/\"},\"wordCount\":199,\"publisher\":{\"@id\":\"https:\\\/\\\/www.lafarga.com\\\/corporatiu\\\/#organization\"},\"image\":{\"@id\":\"https:\\\/\\\/www.lafarga.com\\\/corporatiu\\\/concurso-oficial-mantenimiento-centro-de-actividades-proceso-finalizado\\\/#primaryimage\"},\"thumbnailUrl\":\"https:\\\/\\\/www.lafarga.com\\\/corporatiu\\\/wp-content\\\/uploads\\\/2015\\\/10\\\/recinte-farga-2.jpg\",\"articleSection\":[\"Selecci\u00f3n de personal\"],\"inLanguage\":\"ca\"},{\"@type\":\"WebPage\",\"@id\":\"https:\\\/\\\/www.lafarga.com\\\/corporatiu\\\/concurso-oficial-mantenimiento-centro-de-actividades-proceso-finalizado\\\/\",\"url\":\"https:\\\/\\\/www.lafarga.com\\\/corporatiu\\\/concurso-oficial-mantenimiento-centro-de-actividades-proceso-finalizado\\\/\",\"name\":\"Concurso oficial mantenimiento Centro de Actividades (finalizado)\",\"isPartOf\":{\"@id\":\"https:\\\/\\\/www.lafarga.com\\\/corporatiu\\\/#website\"},\"primaryImageOfPage\":{\"@id\":\"https:\\\/\\\/www.lafarga.com\\\/corporatiu\\\/concurso-oficial-mantenimiento-centro-de-actividades-proceso-finalizado\\\/#primaryimage\"},\"image\":{\"@id\":\"https:\\\/\\\/www.lafarga.com\\\/corporatiu\\\/concurso-oficial-mantenimiento-centro-de-actividades-proceso-finalizado\\\/#primaryimage\"},\"thumbnailUrl\":\"https:\\\/\\\/www.lafarga.com\\\/corporatiu\\\/wp-content\\\/uploads\\\/2015\\\/10\\\/recinte-farga-2.jpg\",\"datePublished\":\"2015-10-30T13:23:27+00:00\",\"dateModified\":\"2016-02-03T13:16:19+00:00\",\"description\":\"Convocat\u00f2ria p\u00fablica per a la selecci\u00f3 d\u2019un\\\/a oficial de manteniment per al Centre d\u2019Activitats que gestiona La Farga, Gesti\u00f3 d\u2019Equipaments Municipals, S.A.\",\"breadcrumb\":{\"@id\":\"https:\\\/\\\/www.lafarga.com\\\/corporatiu\\\/concurso-oficial-mantenimiento-centro-de-actividades-proceso-finalizado\\\/#breadcrumb\"},\"inLanguage\":\"ca\",\"potentialAction\":[{\"@type\":\"ReadAction\",\"target\":[\"https:\\\/\\\/www.lafarga.com\\\/corporatiu\\\/concurso-oficial-mantenimiento-centro-de-actividades-proceso-finalizado\\\/\"]}]},{\"@type\":\"ImageObject\",\"inLanguage\":\"ca\",\"@id\":\"https:\\\/\\\/www.lafarga.com\\\/corporatiu\\\/concurso-oficial-mantenimiento-centro-de-actividades-proceso-finalizado\\\/#primaryimage\",\"url\":\"https:\\\/\\\/www.lafarga.com\\\/corporatiu\\\/wp-content\\\/uploads\\\/2015\\\/10\\\/recinte-farga-2.jpg\",\"contentUrl\":\"https:\\\/\\\/www.lafarga.com\\\/corporatiu\\\/wp-content\\\/uploads\\\/2015\\\/10\\\/recinte-farga-2.jpg\",\"width\":730,\"height\":410,\"caption\":\"Controladores\"},{\"@type\":\"BreadcrumbList\",\"@id\":\"https:\\\/\\\/www.lafarga.com\\\/corporatiu\\\/concurso-oficial-mantenimiento-centro-de-actividades-proceso-finalizado\\\/#breadcrumb\",\"itemListElement\":[{\"@type\":\"ListItem\",\"position\":1,\"name\":\"Home\",\"item\":\"https:\\\/\\\/www.lafarga.com\\\/corporatiu\\\/lafarga-hospitalet-llobregat\\\/\"},{\"@type\":\"ListItem\",\"position\":2,\"name\":\"Concurso oficial mantenimiento del Centro de Actividades (proceso finalizado)\"}]},{\"@type\":\"WebSite\",\"@id\":\"https:\\\/\\\/www.lafarga.com\\\/corporatiu\\\/#website\",\"url\":\"https:\\\/\\\/www.lafarga.com\\\/corporatiu\\\/\",\"name\":\"La Farga Gesti\u00f3 d&#039;Equipaments Municipals, SA\",\"description\":\"\",\"publisher\":{\"@id\":\"https:\\\/\\\/www.lafarga.com\\\/corporatiu\\\/#organization\"},\"potentialAction\":[{\"@type\":\"SearchAction\",\"target\":{\"@type\":\"EntryPoint\",\"urlTemplate\":\"https:\\\/\\\/www.lafarga.com\\\/corporatiu\\\/?s={search_term_string}\"},\"query-input\":{\"@type\":\"PropertyValueSpecification\",\"valueRequired\":true,\"valueName\":\"search_term_string\"}}],\"inLanguage\":\"ca\"},{\"@type\":\"Organization\",\"@id\":\"https:\\\/\\\/www.lafarga.com\\\/corporatiu\\\/#organization\",\"name\":\"La Farga Gesti\u00f3 d&#039;Equipaments Municipals, SA\",\"url\":\"https:\\\/\\\/www.lafarga.com\\\/corporatiu\\\/\",\"logo\":{\"@type\":\"ImageObject\",\"inLanguage\":\"ca\",\"@id\":\"https:\\\/\\\/www.lafarga.com\\\/corporatiu\\\/#\\\/schema\\\/logo\\\/image\\\/\",\"url\":\"https:\\\/\\\/www.lafarga.com\\\/corporatiu\\\/wp-content\\\/uploads\\\/2023\\\/11\\\/logotipo_lafarga_gemsa.svg\",\"contentUrl\":\"https:\\\/\\\/www.lafarga.com\\\/corporatiu\\\/wp-content\\\/uploads\\\/2023\\\/11\\\/logotipo_lafarga_gemsa.svg\",\"width\":102,\"height\":103,\"caption\":\"La Farga Gesti\u00f3 d&#039;Equipaments Municipals, SA\"},\"image\":{\"@id\":\"https:\\\/\\\/www.lafarga.com\\\/corporatiu\\\/#\\\/schema\\\/logo\\\/image\\\/\"}},{\"@type\":\"Person\",\"@id\":\"https:\\\/\\\/www.lafarga.com\\\/corporatiu\\\/#\\\/schema\\\/person\\\/0ad4bc37b46f53e6b85ad51c2ac2d685\",\"name\":\"admfarga\",\"image\":{\"@type\":\"ImageObject\",\"inLanguage\":\"ca\",\"@id\":\"https:\\\/\\\/secure.gravatar.com\\\/avatar\\\/2a2db0975754ce87d41cab8623874e9e5ef5d0add52244aba02a09775feab5cb?s=96&d=mm&r=g\",\"url\":\"https:\\\/\\\/secure.gravatar.com\\\/avatar\\\/2a2db0975754ce87d41cab8623874e9e5ef5d0add52244aba02a09775feab5cb?s=96&d=mm&r=g\",\"contentUrl\":\"https:\\\/\\\/secure.gravatar.com\\\/avatar\\\/2a2db0975754ce87d41cab8623874e9e5ef5d0add52244aba02a09775feab5cb?s=96&d=mm&r=g\",\"caption\":\"admfarga\"},\"url\":\"https:\\\/\\\/www.lafarga.com\\\/corporatiu\\\/author\\\/admfarga\\\/\"}]}<\/script>\n<!-- \/ Yoast SEO plugin. -->","yoast_head_json":{"title":"Concurso oficial mantenimiento Centro de Actividades (finalizado)","description":"Convocat\u00f2ria p\u00fablica per a la selecci\u00f3 d\u2019un\/a oficial de manteniment per al Centre d\u2019Activitats que gestiona La Farga, Gesti\u00f3 d\u2019Equipaments Municipals, S.A.","robots":{"index":"index","follow":"follow","max-snippet":"max-snippet:-1","max-image-preview":"max-image-preview:large","max-video-preview":"max-video-preview:-1"},"canonical":"https:\/\/www.lafarga.com\/corporatiu\/concurso-oficial-mantenimiento-centro-de-actividades-proceso-finalizado\/","og_locale":"ca_ES","og_type":"article","og_title":"Concurso oficial mantenimiento Centro de Actividades (finalizado)","og_description":"Convocat\u00f2ria p\u00fablica per a la selecci\u00f3 d\u2019un\/a oficial de manteniment per al Centre d\u2019Activitats que gestiona La Farga, Gesti\u00f3 d\u2019Equipaments Municipals, S.A.","og_url":"https:\/\/www.lafarga.com\/corporatiu\/concurso-oficial-mantenimiento-centro-de-actividades-proceso-finalizado\/","og_site_name":"La Farga Gesti\u00f3n de Equipamientos Municipales, S.A.","article_published_time":"2015-10-30T13:23:27+00:00","article_modified_time":"2016-02-03T13:16:19+00:00","og_image":[{"width":730,"height":410,"url":"https:\/\/www.lafarga.com\/corporatiu\/wp-content\/uploads\/2015\/10\/recinte-farga-2.jpg","type":"image\/jpeg"}],"author":"admfarga","twitter_misc":{"Escrit per":"admfarga","Temps estimat de lectura":"1 minut"},"schema":{"@context":"https:\/\/schema.org","@graph":[{"@type":"Article","@id":"https:\/\/www.lafarga.com\/corporatiu\/concurso-oficial-mantenimiento-centro-de-actividades-proceso-finalizado\/#article","isPartOf":{"@id":"https:\/\/www.lafarga.com\/corporatiu\/concurso-oficial-mantenimiento-centro-de-actividades-proceso-finalizado\/"},"author":{"name":"admfarga","@id":"https:\/\/www.lafarga.com\/corporatiu\/#\/schema\/person\/0ad4bc37b46f53e6b85ad51c2ac2d685"},"headline":"Concurso oficial mantenimiento del Centro de Actividades (proceso finalizado)","datePublished":"2015-10-30T13:23:27+00:00","dateModified":"2016-02-03T13:16:19+00:00","mainEntityOfPage":{"@id":"https:\/\/www.lafarga.com\/corporatiu\/concurso-oficial-mantenimiento-centro-de-actividades-proceso-finalizado\/"},"wordCount":199,"publisher":{"@id":"https:\/\/www.lafarga.com\/corporatiu\/#organization"},"image":{"@id":"https:\/\/www.lafarga.com\/corporatiu\/concurso-oficial-mantenimiento-centro-de-actividades-proceso-finalizado\/#primaryimage"},"thumbnailUrl":"https:\/\/www.lafarga.com\/corporatiu\/wp-content\/uploads\/2015\/10\/recinte-farga-2.jpg","articleSection":["Selecci\u00f3n de personal"],"inLanguage":"ca"},{"@type":"WebPage","@id":"https:\/\/www.lafarga.com\/corporatiu\/concurso-oficial-mantenimiento-centro-de-actividades-proceso-finalizado\/","url":"https:\/\/www.lafarga.com\/corporatiu\/concurso-oficial-mantenimiento-centro-de-actividades-proceso-finalizado\/","name":"Concurso oficial mantenimiento Centro de Actividades (finalizado)","isPartOf":{"@id":"https:\/\/www.lafarga.com\/corporatiu\/#website"},"primaryImageOfPage":{"@id":"https:\/\/www.lafarga.com\/corporatiu\/concurso-oficial-mantenimiento-centro-de-actividades-proceso-finalizado\/#primaryimage"},"image":{"@id":"https:\/\/www.lafarga.com\/corporatiu\/concurso-oficial-mantenimiento-centro-de-actividades-proceso-finalizado\/#primaryimage"},"thumbnailUrl":"https:\/\/www.lafarga.com\/corporatiu\/wp-content\/uploads\/2015\/10\/recinte-farga-2.jpg","datePublished":"2015-10-30T13:23:27+00:00","dateModified":"2016-02-03T13:16:19+00:00","description":"Convocat\u00f2ria p\u00fablica per a la selecci\u00f3 d\u2019un\/a oficial de manteniment per al Centre d\u2019Activitats que gestiona La Farga, Gesti\u00f3 d\u2019Equipaments Municipals, S.A.","breadcrumb":{"@id":"https:\/\/www.lafarga.com\/corporatiu\/concurso-oficial-mantenimiento-centro-de-actividades-proceso-finalizado\/#breadcrumb"},"inLanguage":"ca","potentialAction":[{"@type":"ReadAction","target":["https:\/\/www.lafarga.com\/corporatiu\/concurso-oficial-mantenimiento-centro-de-actividades-proceso-finalizado\/"]}]},{"@type":"ImageObject","inLanguage":"ca","@id":"https:\/\/www.lafarga.com\/corporatiu\/concurso-oficial-mantenimiento-centro-de-actividades-proceso-finalizado\/#primaryimage","url":"https:\/\/www.lafarga.com\/corporatiu\/wp-content\/uploads\/2015\/10\/recinte-farga-2.jpg","contentUrl":"https:\/\/www.lafarga.com\/corporatiu\/wp-content\/uploads\/2015\/10\/recinte-farga-2.jpg","width":730,"height":410,"caption":"Controladores"},{"@type":"BreadcrumbList","@id":"https:\/\/www.lafarga.com\/corporatiu\/concurso-oficial-mantenimiento-centro-de-actividades-proceso-finalizado\/#breadcrumb","itemListElement":[{"@type":"ListItem","position":1,"name":"Home","item":"https:\/\/www.lafarga.com\/corporatiu\/lafarga-hospitalet-llobregat\/"},{"@type":"ListItem","position":2,"name":"Concurso oficial mantenimiento del Centro de Actividades (proceso finalizado)"}]},{"@type":"WebSite","@id":"https:\/\/www.lafarga.com\/corporatiu\/#website","url":"https:\/\/www.lafarga.com\/corporatiu\/","name":"La Farga Gesti\u00f3 d&#039;Equipaments Municipals, SA","description":"","publisher":{"@id":"https:\/\/www.lafarga.com\/corporatiu\/#organization"},"potentialAction":[{"@type":"SearchAction","target":{"@type":"EntryPoint","urlTemplate":"https:\/\/www.lafarga.com\/corporatiu\/?s={search_term_string}"},"query-input":{"@type":"PropertyValueSpecification","valueRequired":true,"valueName":"search_term_string"}}],"inLanguage":"ca"},{"@type":"Organization","@id":"https:\/\/www.lafarga.com\/corporatiu\/#organization","name":"La Farga Gesti\u00f3 d&#039;Equipaments Municipals, SA","url":"https:\/\/www.lafarga.com\/corporatiu\/","logo":{"@type":"ImageObject","inLanguage":"ca","@id":"https:\/\/www.lafarga.com\/corporatiu\/#\/schema\/logo\/image\/","url":"https:\/\/www.lafarga.com\/corporatiu\/wp-content\/uploads\/2023\/11\/logotipo_lafarga_gemsa.svg","contentUrl":"https:\/\/www.lafarga.com\/corporatiu\/wp-content\/uploads\/2023\/11\/logotipo_lafarga_gemsa.svg","width":102,"height":103,"caption":"La Farga Gesti\u00f3 d&#039;Equipaments Municipals, SA"},"image":{"@id":"https:\/\/www.lafarga.com\/corporatiu\/#\/schema\/logo\/image\/"}},{"@type":"Person","@id":"https:\/\/www.lafarga.com\/corporatiu\/#\/schema\/person\/0ad4bc37b46f53e6b85ad51c2ac2d685","name":"admfarga","image":{"@type":"ImageObject","inLanguage":"ca","@id":"https:\/\/secure.gravatar.com\/avatar\/2a2db0975754ce87d41cab8623874e9e5ef5d0add52244aba02a09775feab5cb?s=96&d=mm&r=g","url":"https:\/\/secure.gravatar.com\/avatar\/2a2db0975754ce87d41cab8623874e9e5ef5d0add52244aba02a09775feab5cb?s=96&d=mm&r=g","contentUrl":"https:\/\/secure.gravatar.com\/avatar\/2a2db0975754ce87d41cab8623874e9e5ef5d0add52244aba02a09775feab5cb?s=96&d=mm&r=g","caption":"admfarga"},"url":"https:\/\/www.lafarga.com\/corporatiu\/author\/admfarga\/"}]}},"uagb_featured_image_src":{"full":["https:\/\/www.lafarga.com\/corporatiu\/wp-content\/uploads\/2015\/10\/recinte-farga-2.jpg",730,410,false],"thumbnail":["https:\/\/www.lafarga.com\/corporatiu\/wp-content\/uploads\/2015\/10\/recinte-farga-2-150x150.jpg",150,150,true],"medium":["https:\/\/www.lafarga.com\/corporatiu\/wp-content\/uploads\/2015\/10\/recinte-farga-2-300x168.jpg",300,168,true],"medium_large":["https:\/\/www.lafarga.com\/corporatiu\/wp-content\/uploads\/2015\/10\/recinte-farga-2.jpg",730,410,false],"large":["https:\/\/www.lafarga.com\/corporatiu\/wp-content\/uploads\/2015\/10\/recinte-farga-2.jpg",730,410,false],"1536x1536":["https:\/\/www.lafarga.com\/corporatiu\/wp-content\/uploads\/2015\/10\/recinte-farga-2.jpg",730,410,false],"2048x2048":["https:\/\/www.lafarga.com\/corporatiu\/wp-content\/uploads\/2015\/10\/recinte-farga-2.jpg",730,410,false],"mailpoet_newsletter_max":["https:\/\/www.lafarga.com\/corporatiu\/wp-content\/uploads\/2015\/10\/recinte-farga-2.jpg",730,410,false]},"uagb_author_info":{"display_name":"admfarga","author_link":"https:\/\/www.lafarga.com\/corporatiu\/author\/admfarga\/"},"uagb_comment_info":0,"uagb_excerpt":"Convocatoria p\u00fablica para la selecci\u00f3n de un\/a oficial de mantenimiento para el Centro de Actividades que gestiona La Farga, Gesti\u00f3n de Equipamientos Municipales, S.A.","_links":{"self":[{"href":"https:\/\/www.lafarga.com\/corporatiu\/wp-json\/wp\/v2\/posts\/5599","targetHints":{"allow":["GET"]}}],"collection":[{"href":"https:\/\/www.lafarga.com\/corporatiu\/wp-json\/wp\/v2\/posts"}],"about":[{"href":"https:\/\/www.lafarga.com\/corporatiu\/wp-json\/wp\/v2\/types\/post"}],"author":[{"embeddable":true,"href":"https:\/\/www.lafarga.com\/corporatiu\/wp-json\/wp\/v2\/users\/8"}],"replies":[{"embeddable":true,"href":"https:\/\/www.lafarga.com\/corporatiu\/wp-json\/wp\/v2\/comments?post=5599"}],"version-history":[{"count":12,"href":"https:\/\/www.lafarga.com\/corporatiu\/wp-json\/wp\/v2\/posts\/5599\/revisions"}],"predecessor-version":[{"id":6386,"href":"https:\/\/www.lafarga.com\/corporatiu\/wp-json\/wp\/v2\/posts\/5599\/revisions\/6386"}],"wp:featuredmedia":[{"embeddable":true,"href":"https:\/\/www.lafarga.com\/corporatiu\/wp-json\/wp\/v2\/media\/5583"}],"wp:attachment":[{"href":"https:\/\/www.lafarga.com\/corporatiu\/wp-json\/wp\/v2\/media?parent=5599"}],"wp:term":[{"taxonomy":"category","embeddable":true,"href":"https:\/\/www.lafarga.com\/corporatiu\/wp-json\/wp\/v2\/categories?post=5599"},{"taxonomy":"post_tag","embeddable":true,"href":"https:\/\/www.lafarga.com\/corporatiu\/wp-json\/wp\/v2\/tags?post=5599"}],"curies":[{"name":"wp","href":"https:\/\/api.w.org\/{rel}","templated":true}]}}