{"id":5460,"date":"2015-10-20T10:56:17","date_gmt":"2015-10-20T10:56:17","guid":{"rendered":"http:\/\/www.lafarga.com\/corporatiu\/?p=5460"},"modified":"2015-10-22T08:42:44","modified_gmt":"2015-10-22T08:42:44","slug":"lhdigital-i-pren-ne-nota-et-porten-al-teatre","status":"publish","type":"post","link":"https:\/\/www.lafarga.com\/corporatiu\/lhdigital-i-pren-ne-nota-et-porten-al-teatre\/","title":{"rendered":"L&#8217;Hdigital i &#8220;Pren-ne nota&#8221; et porten al teatre"},"content":{"rendered":"<p>Aquesta setmana el concurs de <a href=\"http:\/\/lhdigital.cat\/web\/digital-h\/\" target=\"_blank\">L&#8217;Hdigital<\/a> i &#8220;<a href=\"http:\/\/lhdigital.cat\/web\/digital-h\/televisio\/tots-els-videos\/tags\/video%20agenda\" target=\"_blank\">Pren-ne nota<\/a>&#8220;, el programa cultural de TV L&#8217;Hospitalet,\u00a0ofereix entrades de teatre. En concret, sortegem tres entrades dobles per a l&#8217;obra &#8216;<a href=\"http:\/\/www.teatrejoventut.cat\/detallActeTeatreJoventut.aspx?1uun37KS18qazAfLiZFvwNSM6cEtIUZnQCrvqazAdtjaM3xpZr7CbcIqV1TRQqazBqazB\" target=\"_blank\">Idiota<\/a>&#8216; que es representar\u00e0 el diumenge, 25 d&#8217;octubre, a les 19 hores, al <a href=\"http:\/\/www.teatrejoventut.cat\/inici.aspx?id=1\" target=\"_blank\">Teatre Joventut<\/a>.<\/p>\n<p>L&#8217;obra est\u00e0 protagonitzada per Ramon Madaula i Anna Sahun. Es tracta de la hist\u00f2ria d&#8217;un home que es presenta a unes molt ben remunerades proves psicol\u00f2giques. Formen part d&#8217;un misteri\u00f3s experiment que una important fundaci\u00f3 est\u00e0 desenvolupant. El que l&#8217;home creu que ser\u00e0 una manera f\u00e0cil i senzilla d&#8217;aconseguir els diners que necessita per resoldre els seus problemes econ\u00f2mics es convertir\u00e0 en una aut\u00e8ntica trampa, tant f\u00edsica com psicol\u00f2gica. Una atractiva psic\u00f2loga el posar\u00e0 a prova duent-lo a reaccions totalment insospitades per ell. Nom\u00e9s concentrant-se ser\u00e0 capa\u00e7 de sortir-se&#8217;n. Si no ho aconsegueix, el final ser\u00e0 fatal.<\/p>\n<p>Per participar en el concurs nom\u00e9s cal omplir el formulari d&#8217;aquest <a href=\"http:\/\/lhdigital.cat\/web\/digital-h\/noticia\/cultura\/-\/journal_content\/56_INSTANCE_43Th\/11023\/9983976\" target=\"_blank\">enlla\u00e7<\/a>. Els participants rebran un n\u00famero per al sorteig. Els guanyadors rebran un correu electr\u00f2nic notificant el premi.<\/p>\n","protected":false},"excerpt":{"rendered":"<p>Aquesta setmana el concurs de L&#8217;Hdigital i &#8220;Pren-ne nota&#8221;, el programa cultural de TV L&#8217;Hospitalet, ofereix entrades de teatre.<\/p>\n","protected":false},"author":8,"featured_media":5461,"comment_status":"closed","ping_status":"closed","sticky":false,"template":"","format":"standard","meta":{"inline_featured_image":false,"_uag_custom_page_level_css":"","_monsterinsights_skip_tracking":false,"_monsterinsights_sitenote_active":false,"_monsterinsights_sitenote_note":"","_monsterinsights_sitenote_category":0,"site-sidebar-layout":"default","site-content-layout":"","ast-site-content-layout":"default","site-content-style":"default","site-sidebar-style":"default","ast-global-header-display":"","ast-banner-title-visibility":"","ast-main-header-display":"","ast-hfb-above-header-display":"","ast-hfb-below-header-display":"","ast-hfb-mobile-header-display":"","site-post-title":"","ast-breadcrumbs-content":"","ast-featured-img":"","footer-sml-layout":"","ast-disable-related-posts":"","theme-transparent-header-meta":"","adv-header-id-meta":"","stick-header-meta":"","header-above-stick-meta":"","header-main-stick-meta":"","header-below-stick-meta":"","astra-migrate-meta-layouts":"default","ast-page-background-enabled":"default","ast-page-background-meta":{"desktop":{"background-color":"var(--ast-global-color-4)","background-image":"","background-repeat":"repeat","background-position":"center center","background-size":"auto","background-attachment":"scroll","background-type":"","background-media":"","overlay-type":"","overlay-color":"","overlay-opacity":"","overlay-gradient":""},"tablet":{"background-color":"","background-image":"","background-repeat":"repeat","background-position":"center center","background-size":"auto","background-attachment":"scroll","background-type":"","background-media":"","overlay-type":"","overlay-color":"","overlay-opacity":"","overlay-gradient":""},"mobile":{"background-color":"","background-image":"","background-repeat":"repeat","background-position":"center center","background-size":"auto","background-attachment":"scroll","background-type":"","background-media":"","overlay-type":"","overlay-color":"","overlay-opacity":"","overlay-gradient":""}},"ast-content-background-meta":{"desktop":{"background-color":"var(--ast-global-color-5)","background-image":"","background-repeat":"repeat","background-position":"center center","background-size":"auto","background-attachment":"scroll","background-type":"","background-media":"","overlay-type":"","overlay-color":"","overlay-opacity":"","overlay-gradient":""},"tablet":{"background-color":"var(--ast-global-color-5)","background-image":"","background-repeat":"repeat","background-position":"center center","background-size":"auto","background-attachment":"scroll","background-type":"","background-media":"","overlay-type":"","overlay-color":"","overlay-opacity":"","overlay-gradient":""},"mobile":{"background-color":"var(--ast-global-color-5)","background-image":"","background-repeat":"repeat","background-position":"center center","background-size":"auto","background-attachment":"scroll","background-type":"","background-media":"","overlay-type":"","overlay-color":"","overlay-opacity":"","overlay-gradient":""}},"footnotes":""},"categories":[51],"tags":[],"class_list":["post-5460","post","type-post","status-publish","format-standard","has-post-thumbnail","hentry","category-mitjans-comunicacio"],"yoast_head":"<!-- This site is optimized with the Yoast SEO plugin v27.4 - https:\/\/yoast.com\/product\/yoast-seo-wordpress\/ -->\n<title>L&#039;Hdigital i &quot;Pren-ne nota&quot; et porten al teatre<\/title>\n<meta name=\"description\" content=\"Aquesta setmana el concurs de L&#039;Hdigital i Pren-ne nota ofereix entrades de teatre. En concret, sortegem tres entrades dobles per a l&#039;obra &#039;Idiota&#039;.\" \/>\n<meta name=\"robots\" content=\"index, follow, max-snippet:-1, max-image-preview:large, max-video-preview:-1\" \/>\n<link rel=\"canonical\" href=\"https:\/\/www.lafarga.com\/corporatiu\/lhdigital-i-pren-ne-nota-et-porten-al-teatre\/\" \/>\n<meta property=\"og:locale\" content=\"ca_ES\" \/>\n<meta property=\"og:type\" content=\"article\" \/>\n<meta property=\"og:title\" content=\"L&#039;Hdigital i &quot;Pren-ne nota&quot; et porten al teatre\" \/>\n<meta property=\"og:description\" content=\"Aquesta setmana el concurs de L&#039;Hdigital i Pren-ne nota ofereix entrades de teatre. En concret, sortegem tres entrades dobles per a l&#039;obra &#039;Idiota&#039;.\" \/>\n<meta property=\"og:url\" content=\"https:\/\/www.lafarga.com\/corporatiu\/lhdigital-i-pren-ne-nota-et-porten-al-teatre\/\" \/>\n<meta property=\"og:site_name\" content=\"La Farga Gesti\u00f3n de Equipamientos Municipales, S.A.\" \/>\n<meta property=\"article:published_time\" content=\"2015-10-20T10:56:17+00:00\" \/>\n<meta property=\"article:modified_time\" content=\"2015-10-22T08:42:44+00:00\" \/>\n<meta property=\"og:image\" content=\"https:\/\/www.lafarga.com\/corporatiu\/wp-content\/uploads\/2015\/10\/Pren-nenota-farga-idiota.jpg\" \/>\n\t<meta property=\"og:image:width\" content=\"730\" \/>\n\t<meta property=\"og:image:height\" content=\"410\" \/>\n\t<meta property=\"og:image:type\" content=\"image\/jpeg\" \/>\n<meta name=\"author\" content=\"admfarga\" \/>\n<meta name=\"twitter:label1\" content=\"Escrit per\" \/>\n\t<meta name=\"twitter:data1\" content=\"admfarga\" \/>\n\t<meta name=\"twitter:label2\" content=\"Temps estimat de lectura\" \/>\n\t<meta name=\"twitter:data2\" content=\"1 minut\" \/>\n<script type=\"application\/ld+json\" class=\"yoast-schema-graph\">{\"@context\":\"https:\\\/\\\/schema.org\",\"@graph\":[{\"@type\":\"Article\",\"@id\":\"https:\\\/\\\/www.lafarga.com\\\/corporatiu\\\/lhdigital-i-pren-ne-nota-et-porten-al-teatre\\\/#article\",\"isPartOf\":{\"@id\":\"https:\\\/\\\/www.lafarga.com\\\/corporatiu\\\/lhdigital-i-pren-ne-nota-et-porten-al-teatre\\\/\"},\"author\":{\"name\":\"admfarga\",\"@id\":\"https:\\\/\\\/www.lafarga.com\\\/corporatiu\\\/#\\\/schema\\\/person\\\/0ad4bc37b46f53e6b85ad51c2ac2d685\"},\"headline\":\"L&#8217;Hdigital i &#8220;Pren-ne nota&#8221; et porten al teatre\",\"datePublished\":\"2015-10-20T10:56:17+00:00\",\"dateModified\":\"2015-10-22T08:42:44+00:00\",\"mainEntityOfPage\":{\"@id\":\"https:\\\/\\\/www.lafarga.com\\\/corporatiu\\\/lhdigital-i-pren-ne-nota-et-porten-al-teatre\\\/\"},\"wordCount\":200,\"publisher\":{\"@id\":\"https:\\\/\\\/www.lafarga.com\\\/corporatiu\\\/#organization\"},\"image\":{\"@id\":\"https:\\\/\\\/www.lafarga.com\\\/corporatiu\\\/lhdigital-i-pren-ne-nota-et-porten-al-teatre\\\/#primaryimage\"},\"thumbnailUrl\":\"https:\\\/\\\/www.lafarga.com\\\/corporatiu\\\/wp-content\\\/uploads\\\/2015\\\/10\\\/Pren-nenota-farga-idiota.jpg\",\"articleSection\":[\"Mitjans de Comunicaci\u00f3\"],\"inLanguage\":\"ca\"},{\"@type\":\"WebPage\",\"@id\":\"https:\\\/\\\/www.lafarga.com\\\/corporatiu\\\/lhdigital-i-pren-ne-nota-et-porten-al-teatre\\\/\",\"url\":\"https:\\\/\\\/www.lafarga.com\\\/corporatiu\\\/lhdigital-i-pren-ne-nota-et-porten-al-teatre\\\/\",\"name\":\"L'Hdigital i \\\"Pren-ne nota\\\" et porten al teatre\",\"isPartOf\":{\"@id\":\"https:\\\/\\\/www.lafarga.com\\\/corporatiu\\\/#website\"},\"primaryImageOfPage\":{\"@id\":\"https:\\\/\\\/www.lafarga.com\\\/corporatiu\\\/lhdigital-i-pren-ne-nota-et-porten-al-teatre\\\/#primaryimage\"},\"image\":{\"@id\":\"https:\\\/\\\/www.lafarga.com\\\/corporatiu\\\/lhdigital-i-pren-ne-nota-et-porten-al-teatre\\\/#primaryimage\"},\"thumbnailUrl\":\"https:\\\/\\\/www.lafarga.com\\\/corporatiu\\\/wp-content\\\/uploads\\\/2015\\\/10\\\/Pren-nenota-farga-idiota.jpg\",\"datePublished\":\"2015-10-20T10:56:17+00:00\",\"dateModified\":\"2015-10-22T08:42:44+00:00\",\"description\":\"Aquesta setmana el concurs de L'Hdigital i Pren-ne nota ofereix entrades de teatre. En concret, sortegem tres entrades dobles per a l'obra 'Idiota'.\",\"breadcrumb\":{\"@id\":\"https:\\\/\\\/www.lafarga.com\\\/corporatiu\\\/lhdigital-i-pren-ne-nota-et-porten-al-teatre\\\/#breadcrumb\"},\"inLanguage\":\"ca\",\"potentialAction\":[{\"@type\":\"ReadAction\",\"target\":[\"https:\\\/\\\/www.lafarga.com\\\/corporatiu\\\/lhdigital-i-pren-ne-nota-et-porten-al-teatre\\\/\"]}]},{\"@type\":\"ImageObject\",\"inLanguage\":\"ca\",\"@id\":\"https:\\\/\\\/www.lafarga.com\\\/corporatiu\\\/lhdigital-i-pren-ne-nota-et-porten-al-teatre\\\/#primaryimage\",\"url\":\"https:\\\/\\\/www.lafarga.com\\\/corporatiu\\\/wp-content\\\/uploads\\\/2015\\\/10\\\/Pren-nenota-farga-idiota.jpg\",\"contentUrl\":\"https:\\\/\\\/www.lafarga.com\\\/corporatiu\\\/wp-content\\\/uploads\\\/2015\\\/10\\\/Pren-nenota-farga-idiota.jpg\",\"width\":730,\"height\":410},{\"@type\":\"BreadcrumbList\",\"@id\":\"https:\\\/\\\/www.lafarga.com\\\/corporatiu\\\/lhdigital-i-pren-ne-nota-et-porten-al-teatre\\\/#breadcrumb\",\"itemListElement\":[{\"@type\":\"ListItem\",\"position\":1,\"name\":\"Home\",\"item\":\"https:\\\/\\\/www.lafarga.com\\\/corporatiu\\\/lafarga-hospitalet-llobregat\\\/\"},{\"@type\":\"ListItem\",\"position\":2,\"name\":\"L&#8217;Hdigital i &#8220;Pren-ne nota&#8221; et porten al teatre\"}]},{\"@type\":\"WebSite\",\"@id\":\"https:\\\/\\\/www.lafarga.com\\\/corporatiu\\\/#website\",\"url\":\"https:\\\/\\\/www.lafarga.com\\\/corporatiu\\\/\",\"name\":\"La Farga Gesti\u00f3 d&#039;Equipaments Municipals, SA\",\"description\":\"\",\"publisher\":{\"@id\":\"https:\\\/\\\/www.lafarga.com\\\/corporatiu\\\/#organization\"},\"potentialAction\":[{\"@type\":\"SearchAction\",\"target\":{\"@type\":\"EntryPoint\",\"urlTemplate\":\"https:\\\/\\\/www.lafarga.com\\\/corporatiu\\\/?s={search_term_string}\"},\"query-input\":{\"@type\":\"PropertyValueSpecification\",\"valueRequired\":true,\"valueName\":\"search_term_string\"}}],\"inLanguage\":\"ca\"},{\"@type\":\"Organization\",\"@id\":\"https:\\\/\\\/www.lafarga.com\\\/corporatiu\\\/#organization\",\"name\":\"La Farga Gesti\u00f3 d&#039;Equipaments Municipals, SA\",\"url\":\"https:\\\/\\\/www.lafarga.com\\\/corporatiu\\\/\",\"logo\":{\"@type\":\"ImageObject\",\"inLanguage\":\"ca\",\"@id\":\"https:\\\/\\\/www.lafarga.com\\\/corporatiu\\\/#\\\/schema\\\/logo\\\/image\\\/\",\"url\":\"https:\\\/\\\/www.lafarga.com\\\/corporatiu\\\/wp-content\\\/uploads\\\/2023\\\/11\\\/logotipo_lafarga_gemsa.svg\",\"contentUrl\":\"https:\\\/\\\/www.lafarga.com\\\/corporatiu\\\/wp-content\\\/uploads\\\/2023\\\/11\\\/logotipo_lafarga_gemsa.svg\",\"width\":102,\"height\":103,\"caption\":\"La Farga Gesti\u00f3 d&#039;Equipaments Municipals, SA\"},\"image\":{\"@id\":\"https:\\\/\\\/www.lafarga.com\\\/corporatiu\\\/#\\\/schema\\\/logo\\\/image\\\/\"}},{\"@type\":\"Person\",\"@id\":\"https:\\\/\\\/www.lafarga.com\\\/corporatiu\\\/#\\\/schema\\\/person\\\/0ad4bc37b46f53e6b85ad51c2ac2d685\",\"name\":\"admfarga\",\"image\":{\"@type\":\"ImageObject\",\"inLanguage\":\"ca\",\"@id\":\"https:\\\/\\\/secure.gravatar.com\\\/avatar\\\/2a2db0975754ce87d41cab8623874e9e5ef5d0add52244aba02a09775feab5cb?s=96&d=mm&r=g\",\"url\":\"https:\\\/\\\/secure.gravatar.com\\\/avatar\\\/2a2db0975754ce87d41cab8623874e9e5ef5d0add52244aba02a09775feab5cb?s=96&d=mm&r=g\",\"contentUrl\":\"https:\\\/\\\/secure.gravatar.com\\\/avatar\\\/2a2db0975754ce87d41cab8623874e9e5ef5d0add52244aba02a09775feab5cb?s=96&d=mm&r=g\",\"caption\":\"admfarga\"},\"url\":\"https:\\\/\\\/www.lafarga.com\\\/corporatiu\\\/author\\\/admfarga\\\/\"}]}<\/script>\n<!-- \/ Yoast SEO plugin. -->","yoast_head_json":{"title":"L'Hdigital i \"Pren-ne nota\" et porten al teatre","description":"Aquesta setmana el concurs de L'Hdigital i Pren-ne nota ofereix entrades de teatre. En concret, sortegem tres entrades dobles per a l'obra 'Idiota'.","robots":{"index":"index","follow":"follow","max-snippet":"max-snippet:-1","max-image-preview":"max-image-preview:large","max-video-preview":"max-video-preview:-1"},"canonical":"https:\/\/www.lafarga.com\/corporatiu\/lhdigital-i-pren-ne-nota-et-porten-al-teatre\/","og_locale":"ca_ES","og_type":"article","og_title":"L'Hdigital i \"Pren-ne nota\" et porten al teatre","og_description":"Aquesta setmana el concurs de L'Hdigital i Pren-ne nota ofereix entrades de teatre. En concret, sortegem tres entrades dobles per a l'obra 'Idiota'.","og_url":"https:\/\/www.lafarga.com\/corporatiu\/lhdigital-i-pren-ne-nota-et-porten-al-teatre\/","og_site_name":"La Farga Gesti\u00f3n de Equipamientos Municipales, S.A.","article_published_time":"2015-10-20T10:56:17+00:00","article_modified_time":"2015-10-22T08:42:44+00:00","og_image":[{"width":730,"height":410,"url":"https:\/\/www.lafarga.com\/corporatiu\/wp-content\/uploads\/2015\/10\/Pren-nenota-farga-idiota.jpg","type":"image\/jpeg"}],"author":"admfarga","twitter_misc":{"Escrit per":"admfarga","Temps estimat de lectura":"1 minut"},"schema":{"@context":"https:\/\/schema.org","@graph":[{"@type":"Article","@id":"https:\/\/www.lafarga.com\/corporatiu\/lhdigital-i-pren-ne-nota-et-porten-al-teatre\/#article","isPartOf":{"@id":"https:\/\/www.lafarga.com\/corporatiu\/lhdigital-i-pren-ne-nota-et-porten-al-teatre\/"},"author":{"name":"admfarga","@id":"https:\/\/www.lafarga.com\/corporatiu\/#\/schema\/person\/0ad4bc37b46f53e6b85ad51c2ac2d685"},"headline":"L&#8217;Hdigital i &#8220;Pren-ne nota&#8221; et porten al teatre","datePublished":"2015-10-20T10:56:17+00:00","dateModified":"2015-10-22T08:42:44+00:00","mainEntityOfPage":{"@id":"https:\/\/www.lafarga.com\/corporatiu\/lhdigital-i-pren-ne-nota-et-porten-al-teatre\/"},"wordCount":200,"publisher":{"@id":"https:\/\/www.lafarga.com\/corporatiu\/#organization"},"image":{"@id":"https:\/\/www.lafarga.com\/corporatiu\/lhdigital-i-pren-ne-nota-et-porten-al-teatre\/#primaryimage"},"thumbnailUrl":"https:\/\/www.lafarga.com\/corporatiu\/wp-content\/uploads\/2015\/10\/Pren-nenota-farga-idiota.jpg","articleSection":["Mitjans de Comunicaci\u00f3"],"inLanguage":"ca"},{"@type":"WebPage","@id":"https:\/\/www.lafarga.com\/corporatiu\/lhdigital-i-pren-ne-nota-et-porten-al-teatre\/","url":"https:\/\/www.lafarga.com\/corporatiu\/lhdigital-i-pren-ne-nota-et-porten-al-teatre\/","name":"L'Hdigital i \"Pren-ne nota\" et porten al teatre","isPartOf":{"@id":"https:\/\/www.lafarga.com\/corporatiu\/#website"},"primaryImageOfPage":{"@id":"https:\/\/www.lafarga.com\/corporatiu\/lhdigital-i-pren-ne-nota-et-porten-al-teatre\/#primaryimage"},"image":{"@id":"https:\/\/www.lafarga.com\/corporatiu\/lhdigital-i-pren-ne-nota-et-porten-al-teatre\/#primaryimage"},"thumbnailUrl":"https:\/\/www.lafarga.com\/corporatiu\/wp-content\/uploads\/2015\/10\/Pren-nenota-farga-idiota.jpg","datePublished":"2015-10-20T10:56:17+00:00","dateModified":"2015-10-22T08:42:44+00:00","description":"Aquesta setmana el concurs de L'Hdigital i Pren-ne nota ofereix entrades de teatre. En concret, sortegem tres entrades dobles per a l'obra 'Idiota'.","breadcrumb":{"@id":"https:\/\/www.lafarga.com\/corporatiu\/lhdigital-i-pren-ne-nota-et-porten-al-teatre\/#breadcrumb"},"inLanguage":"ca","potentialAction":[{"@type":"ReadAction","target":["https:\/\/www.lafarga.com\/corporatiu\/lhdigital-i-pren-ne-nota-et-porten-al-teatre\/"]}]},{"@type":"ImageObject","inLanguage":"ca","@id":"https:\/\/www.lafarga.com\/corporatiu\/lhdigital-i-pren-ne-nota-et-porten-al-teatre\/#primaryimage","url":"https:\/\/www.lafarga.com\/corporatiu\/wp-content\/uploads\/2015\/10\/Pren-nenota-farga-idiota.jpg","contentUrl":"https:\/\/www.lafarga.com\/corporatiu\/wp-content\/uploads\/2015\/10\/Pren-nenota-farga-idiota.jpg","width":730,"height":410},{"@type":"BreadcrumbList","@id":"https:\/\/www.lafarga.com\/corporatiu\/lhdigital-i-pren-ne-nota-et-porten-al-teatre\/#breadcrumb","itemListElement":[{"@type":"ListItem","position":1,"name":"Home","item":"https:\/\/www.lafarga.com\/corporatiu\/lafarga-hospitalet-llobregat\/"},{"@type":"ListItem","position":2,"name":"L&#8217;Hdigital i &#8220;Pren-ne nota&#8221; et porten al teatre"}]},{"@type":"WebSite","@id":"https:\/\/www.lafarga.com\/corporatiu\/#website","url":"https:\/\/www.lafarga.com\/corporatiu\/","name":"La Farga Gesti\u00f3 d&#039;Equipaments Municipals, SA","description":"","publisher":{"@id":"https:\/\/www.lafarga.com\/corporatiu\/#organization"},"potentialAction":[{"@type":"SearchAction","target":{"@type":"EntryPoint","urlTemplate":"https:\/\/www.lafarga.com\/corporatiu\/?s={search_term_string}"},"query-input":{"@type":"PropertyValueSpecification","valueRequired":true,"valueName":"search_term_string"}}],"inLanguage":"ca"},{"@type":"Organization","@id":"https:\/\/www.lafarga.com\/corporatiu\/#organization","name":"La Farga Gesti\u00f3 d&#039;Equipaments Municipals, SA","url":"https:\/\/www.lafarga.com\/corporatiu\/","logo":{"@type":"ImageObject","inLanguage":"ca","@id":"https:\/\/www.lafarga.com\/corporatiu\/#\/schema\/logo\/image\/","url":"https:\/\/www.lafarga.com\/corporatiu\/wp-content\/uploads\/2023\/11\/logotipo_lafarga_gemsa.svg","contentUrl":"https:\/\/www.lafarga.com\/corporatiu\/wp-content\/uploads\/2023\/11\/logotipo_lafarga_gemsa.svg","width":102,"height":103,"caption":"La Farga Gesti\u00f3 d&#039;Equipaments Municipals, SA"},"image":{"@id":"https:\/\/www.lafarga.com\/corporatiu\/#\/schema\/logo\/image\/"}},{"@type":"Person","@id":"https:\/\/www.lafarga.com\/corporatiu\/#\/schema\/person\/0ad4bc37b46f53e6b85ad51c2ac2d685","name":"admfarga","image":{"@type":"ImageObject","inLanguage":"ca","@id":"https:\/\/secure.gravatar.com\/avatar\/2a2db0975754ce87d41cab8623874e9e5ef5d0add52244aba02a09775feab5cb?s=96&d=mm&r=g","url":"https:\/\/secure.gravatar.com\/avatar\/2a2db0975754ce87d41cab8623874e9e5ef5d0add52244aba02a09775feab5cb?s=96&d=mm&r=g","contentUrl":"https:\/\/secure.gravatar.com\/avatar\/2a2db0975754ce87d41cab8623874e9e5ef5d0add52244aba02a09775feab5cb?s=96&d=mm&r=g","caption":"admfarga"},"url":"https:\/\/www.lafarga.com\/corporatiu\/author\/admfarga\/"}]}},"uagb_featured_image_src":{"full":["https:\/\/www.lafarga.com\/corporatiu\/wp-content\/uploads\/2015\/10\/Pren-nenota-farga-idiota.jpg",730,410,false],"thumbnail":["https:\/\/www.lafarga.com\/corporatiu\/wp-content\/uploads\/2015\/10\/Pren-nenota-farga-idiota-150x150.jpg",150,150,true],"medium":["https:\/\/www.lafarga.com\/corporatiu\/wp-content\/uploads\/2015\/10\/Pren-nenota-farga-idiota-300x168.jpg",300,168,true],"medium_large":["https:\/\/www.lafarga.com\/corporatiu\/wp-content\/uploads\/2015\/10\/Pren-nenota-farga-idiota.jpg",730,410,false],"large":["https:\/\/www.lafarga.com\/corporatiu\/wp-content\/uploads\/2015\/10\/Pren-nenota-farga-idiota.jpg",730,410,false],"1536x1536":["https:\/\/www.lafarga.com\/corporatiu\/wp-content\/uploads\/2015\/10\/Pren-nenota-farga-idiota.jpg",730,410,false],"2048x2048":["https:\/\/www.lafarga.com\/corporatiu\/wp-content\/uploads\/2015\/10\/Pren-nenota-farga-idiota.jpg",730,410,false],"mailpoet_newsletter_max":["https:\/\/www.lafarga.com\/corporatiu\/wp-content\/uploads\/2015\/10\/Pren-nenota-farga-idiota.jpg",730,410,false]},"uagb_author_info":{"display_name":"admfarga","author_link":"https:\/\/www.lafarga.com\/corporatiu\/author\/admfarga\/"},"uagb_comment_info":0,"uagb_excerpt":"Aquesta setmana el concurs de L'Hdigital i \"Pren-ne nota\", el programa cultural de TV L'Hospitalet, ofereix entrades de teatre.","_links":{"self":[{"href":"https:\/\/www.lafarga.com\/corporatiu\/wp-json\/wp\/v2\/posts\/5460","targetHints":{"allow":["GET"]}}],"collection":[{"href":"https:\/\/www.lafarga.com\/corporatiu\/wp-json\/wp\/v2\/posts"}],"about":[{"href":"https:\/\/www.lafarga.com\/corporatiu\/wp-json\/wp\/v2\/types\/post"}],"author":[{"embeddable":true,"href":"https:\/\/www.lafarga.com\/corporatiu\/wp-json\/wp\/v2\/users\/8"}],"replies":[{"embeddable":true,"href":"https:\/\/www.lafarga.com\/corporatiu\/wp-json\/wp\/v2\/comments?post=5460"}],"version-history":[{"count":3,"href":"https:\/\/www.lafarga.com\/corporatiu\/wp-json\/wp\/v2\/posts\/5460\/revisions"}],"predecessor-version":[{"id":5488,"href":"https:\/\/www.lafarga.com\/corporatiu\/wp-json\/wp\/v2\/posts\/5460\/revisions\/5488"}],"wp:featuredmedia":[{"embeddable":true,"href":"https:\/\/www.lafarga.com\/corporatiu\/wp-json\/wp\/v2\/media\/5461"}],"wp:attachment":[{"href":"https:\/\/www.lafarga.com\/corporatiu\/wp-json\/wp\/v2\/media?parent=5460"}],"wp:term":[{"taxonomy":"category","embeddable":true,"href":"https:\/\/www.lafarga.com\/corporatiu\/wp-json\/wp\/v2\/categories?post=5460"},{"taxonomy":"post_tag","embeddable":true,"href":"https:\/\/www.lafarga.com\/corporatiu\/wp-json\/wp\/v2\/tags?post=5460"}],"curies":[{"name":"wp","href":"https:\/\/api.w.org\/{rel}","templated":true}]}}