{"id":5434,"date":"2015-10-19T12:59:56","date_gmt":"2015-10-19T12:59:56","guid":{"rendered":"http:\/\/www.lafarga.com\/corporatiu\/?p=5434"},"modified":"2015-10-20T10:30:40","modified_gmt":"2015-10-20T10:30:40","slug":"lhospitalet-consolida-el-districte-cultural-portada-del-diari","status":"publish","type":"post","link":"https:\/\/www.lafarga.com\/corporatiu\/lhospitalet-consolida-el-districte-cultural-portada-del-diari\/","title":{"rendered":"L&#8217;Hospitalet consolida el Districte Cultural, portada del Diari"},"content":{"rendered":"<p>Aquest dilluns ha sortit un nou <a href=\"http:\/\/lhdigital.cat\/web\/diari\/diari-l-h\" target=\"_blank\">Diari de L\u2019Hospitalet<\/a>, en seva edici\u00f3 305. En portada podem veure com a destacat la consolidaci\u00f3 de L\u2019Hospitalet com a Districte Cultural. Aquest \u00e9s el principal tema d\u2019aquest n\u00famero, com tamb\u00e9 la reclamaci\u00f3 de l\u2019alcaldessa, N\u00faria Mar\u00edn, de poder invertir el 100% de la taxa tur\u00edstica en serveis p\u00fablics.<\/p>\n<p>Altres temes del Diari de L\u2019Hospitalet que trobarem aquest mes d\u2019octubre s\u00f3n la solidaritat que ha mostrat la ciutat per atendre la petici\u00f3 d\u2019ajuda de la Creu Roja, que el mercats municipals ofereixen nits de tapes per tastar productes de qualitat a bon preu i l\u2019aprovaci\u00f3 per part del Ple municipal per fer una pla de millora de la neteja vi\u00e0ria i combatre les accions inc\u00edviques.<\/p>\n<p>En p\u00e0gines culturals destaca que L\u2019Hospitalet commemora, amb diverses activitats, els 51 anys d\u2019\u201dEls altres catalans\u201d de Paco Candel, mentre que en esports \u00e9s not\u00edcia que el Club de Beisbol i Softbol H\u00e8rcules L\u2019Hospitalet rebr\u00e0 la ins\u00edgnia d\u2019or de la Federaci\u00f3 Espanyola amb motiu del seu 75\u00e8 aniversari.<\/p>\n<p>El Diari de L\u2019Hospitalet, mitj\u00e0 de comunicaci\u00f3 que gestiona La Farga Gesti\u00f3 d\u2019Equipaments Municipals SA, arriba a totes es llars de la ciutat, amb 105.000 exemplars cada mes.<\/p>\n<p>A trav\u00e9s d\u2019aquest <a href=\"http:\/\/lhdigital.cat\/web\/diari\/numero_hemeroteca\/tags\/edicio%20305#http:\/\/lhdigital.cat\/web\/diari\/hemeroteca_contingut\/tags\/edicio%20305\" target=\"_blank\">enlla\u00e7<\/a> tamb\u00e9 podeu consultar el Diari en la seva versi\u00f3 digital.<\/p>\n","protected":false},"excerpt":{"rendered":"<p>Aquest dilluns ha sortit un nou Diari de L\u2019Hospitalet, el seva edici\u00f3 305. En portada podem veure com a destacat la consolidaci\u00f3 de L\u2019Hospitalet com a Districte Cultural. Aquest \u00e9s el principal tema d\u2019aquest n\u00famero, com tamb\u00e9 la reclamaci\u00f3 de l\u2019alcaldessa, N\u00faria Mar\u00edn, de poder invertir el 100% de la taxa tur\u00edstica en serveis p\u00fablics.<\/p>\n","protected":false},"author":8,"featured_media":5435,"comment_status":"closed","ping_status":"closed","sticky":false,"template":"","format":"standard","meta":{"inline_featured_image":false,"_uag_custom_page_level_css":"","_monsterinsights_skip_tracking":false,"_monsterinsights_sitenote_active":false,"_monsterinsights_sitenote_note":"","_monsterinsights_sitenote_category":0,"site-sidebar-layout":"default","site-content-layout":"","ast-site-content-layout":"default","site-content-style":"default","site-sidebar-style":"default","ast-global-header-display":"","ast-banner-title-visibility":"","ast-main-header-display":"","ast-hfb-above-header-display":"","ast-hfb-below-header-display":"","ast-hfb-mobile-header-display":"","site-post-title":"","ast-breadcrumbs-content":"","ast-featured-img":"","footer-sml-layout":"","ast-disable-related-posts":"","theme-transparent-header-meta":"","adv-header-id-meta":"","stick-header-meta":"","header-above-stick-meta":"","header-main-stick-meta":"","header-below-stick-meta":"","astra-migrate-meta-layouts":"default","ast-page-background-enabled":"default","ast-page-background-meta":{"desktop":{"background-color":"var(--ast-global-color-4)","background-image":"","background-repeat":"repeat","background-position":"center center","background-size":"auto","background-attachment":"scroll","background-type":"","background-media":"","overlay-type":"","overlay-color":"","overlay-opacity":"","overlay-gradient":""},"tablet":{"background-color":"","background-image":"","background-repeat":"repeat","background-position":"center center","background-size":"auto","background-attachment":"scroll","background-type":"","background-media":"","overlay-type":"","overlay-color":"","overlay-opacity":"","overlay-gradient":""},"mobile":{"background-color":"","background-image":"","background-repeat":"repeat","background-position":"center center","background-size":"auto","background-attachment":"scroll","background-type":"","background-media":"","overlay-type":"","overlay-color":"","overlay-opacity":"","overlay-gradient":""}},"ast-content-background-meta":{"desktop":{"background-color":"var(--ast-global-color-5)","background-image":"","background-repeat":"repeat","background-position":"center center","background-size":"auto","background-attachment":"scroll","background-type":"","background-media":"","overlay-type":"","overlay-color":"","overlay-opacity":"","overlay-gradient":""},"tablet":{"background-color":"var(--ast-global-color-5)","background-image":"","background-repeat":"repeat","background-position":"center center","background-size":"auto","background-attachment":"scroll","background-type":"","background-media":"","overlay-type":"","overlay-color":"","overlay-opacity":"","overlay-gradient":""},"mobile":{"background-color":"var(--ast-global-color-5)","background-image":"","background-repeat":"repeat","background-position":"center center","background-size":"auto","background-attachment":"scroll","background-type":"","background-media":"","overlay-type":"","overlay-color":"","overlay-opacity":"","overlay-gradient":""}},"footnotes":""},"categories":[51],"tags":[],"class_list":["post-5434","post","type-post","status-publish","format-standard","has-post-thumbnail","hentry","category-mitjans-comunicacio"],"yoast_head":"<!-- This site is optimized with the Yoast SEO plugin v27.4 - https:\/\/yoast.com\/product\/yoast-seo-wordpress\/ -->\n<title>L&#039;Hospitalet consolida el Districte Cultural, portada del Diari<\/title>\n<meta name=\"description\" content=\"Aquest dilluns ha sortit un nou Diari de L\u2019Hospitalet, el seva edici\u00f3 305. En portada podem veure com a destacat la consolidaci\u00f3 de L\u2019Hospitalet com a Districte Cultural. Aquest \u00e9s el principal tema d\u2019aquest n\u00famero, com tamb\u00e9 la reclamaci\u00f3 de l\u2019alcaldessa, N\u00faria Mar\u00edn, de poder invertir el 100% de la taxa tur\u00edstica en serveis p\u00fablics.\" \/>\n<meta name=\"robots\" content=\"index, follow, max-snippet:-1, max-image-preview:large, max-video-preview:-1\" \/>\n<link rel=\"canonical\" href=\"https:\/\/www.lafarga.com\/corporatiu\/lhospitalet-consolida-el-districte-cultural-portada-del-diari\/\" \/>\n<meta property=\"og:locale\" content=\"ca_ES\" \/>\n<meta property=\"og:type\" content=\"article\" \/>\n<meta property=\"og:title\" content=\"L&#039;Hospitalet consolida el Districte Cultural, portada del Diari\" \/>\n<meta property=\"og:description\" content=\"Aquest dilluns ha sortit un nou Diari de L\u2019Hospitalet, el seva edici\u00f3 305. En portada podem veure com a destacat la consolidaci\u00f3 de L\u2019Hospitalet com a Districte Cultural. Aquest \u00e9s el principal tema d\u2019aquest n\u00famero, com tamb\u00e9 la reclamaci\u00f3 de l\u2019alcaldessa, N\u00faria Mar\u00edn, de poder invertir el 100% de la taxa tur\u00edstica en serveis p\u00fablics.\" \/>\n<meta property=\"og:url\" content=\"https:\/\/www.lafarga.com\/corporatiu\/lhospitalet-consolida-el-districte-cultural-portada-del-diari\/\" \/>\n<meta property=\"og:site_name\" content=\"La Farga Gesti\u00f3n de Equipamientos Municipales, S.A.\" \/>\n<meta property=\"article:published_time\" content=\"2015-10-19T12:59:56+00:00\" \/>\n<meta property=\"article:modified_time\" content=\"2015-10-20T10:30:40+00:00\" \/>\n<meta property=\"og:image\" content=\"https:\/\/www.lafarga.com\/corporatiu\/wp-content\/uploads\/2015\/10\/diarihospitaletoctubre.jpg\" \/>\n\t<meta property=\"og:image:width\" content=\"730\" \/>\n\t<meta property=\"og:image:height\" content=\"410\" \/>\n\t<meta property=\"og:image:type\" content=\"image\/jpeg\" \/>\n<meta name=\"author\" content=\"admfarga\" \/>\n<meta name=\"twitter:label1\" content=\"Escrit per\" \/>\n\t<meta name=\"twitter:data1\" content=\"admfarga\" \/>\n\t<meta name=\"twitter:label2\" content=\"Temps estimat de lectura\" \/>\n\t<meta name=\"twitter:data2\" content=\"1 minut\" \/>\n<script type=\"application\/ld+json\" class=\"yoast-schema-graph\">{\"@context\":\"https:\\\/\\\/schema.org\",\"@graph\":[{\"@type\":\"Article\",\"@id\":\"https:\\\/\\\/www.lafarga.com\\\/corporatiu\\\/lhospitalet-consolida-el-districte-cultural-portada-del-diari\\\/#article\",\"isPartOf\":{\"@id\":\"https:\\\/\\\/www.lafarga.com\\\/corporatiu\\\/lhospitalet-consolida-el-districte-cultural-portada-del-diari\\\/\"},\"author\":{\"name\":\"admfarga\",\"@id\":\"https:\\\/\\\/www.lafarga.com\\\/corporatiu\\\/#\\\/schema\\\/person\\\/0ad4bc37b46f53e6b85ad51c2ac2d685\"},\"headline\":\"L&#8217;Hospitalet consolida el Districte Cultural, portada del Diari\",\"datePublished\":\"2015-10-19T12:59:56+00:00\",\"dateModified\":\"2015-10-20T10:30:40+00:00\",\"mainEntityOfPage\":{\"@id\":\"https:\\\/\\\/www.lafarga.com\\\/corporatiu\\\/lhospitalet-consolida-el-districte-cultural-portada-del-diari\\\/\"},\"wordCount\":243,\"publisher\":{\"@id\":\"https:\\\/\\\/www.lafarga.com\\\/corporatiu\\\/#organization\"},\"image\":{\"@id\":\"https:\\\/\\\/www.lafarga.com\\\/corporatiu\\\/lhospitalet-consolida-el-districte-cultural-portada-del-diari\\\/#primaryimage\"},\"thumbnailUrl\":\"https:\\\/\\\/www.lafarga.com\\\/corporatiu\\\/wp-content\\\/uploads\\\/2015\\\/10\\\/diarihospitaletoctubre.jpg\",\"articleSection\":[\"Mitjans de Comunicaci\u00f3\"],\"inLanguage\":\"ca\"},{\"@type\":\"WebPage\",\"@id\":\"https:\\\/\\\/www.lafarga.com\\\/corporatiu\\\/lhospitalet-consolida-el-districte-cultural-portada-del-diari\\\/\",\"url\":\"https:\\\/\\\/www.lafarga.com\\\/corporatiu\\\/lhospitalet-consolida-el-districte-cultural-portada-del-diari\\\/\",\"name\":\"L'Hospitalet consolida el Districte Cultural, portada del Diari\",\"isPartOf\":{\"@id\":\"https:\\\/\\\/www.lafarga.com\\\/corporatiu\\\/#website\"},\"primaryImageOfPage\":{\"@id\":\"https:\\\/\\\/www.lafarga.com\\\/corporatiu\\\/lhospitalet-consolida-el-districte-cultural-portada-del-diari\\\/#primaryimage\"},\"image\":{\"@id\":\"https:\\\/\\\/www.lafarga.com\\\/corporatiu\\\/lhospitalet-consolida-el-districte-cultural-portada-del-diari\\\/#primaryimage\"},\"thumbnailUrl\":\"https:\\\/\\\/www.lafarga.com\\\/corporatiu\\\/wp-content\\\/uploads\\\/2015\\\/10\\\/diarihospitaletoctubre.jpg\",\"datePublished\":\"2015-10-19T12:59:56+00:00\",\"dateModified\":\"2015-10-20T10:30:40+00:00\",\"description\":\"Aquest dilluns ha sortit un nou Diari de L\u2019Hospitalet, el seva edici\u00f3 305. En portada podem veure com a destacat la consolidaci\u00f3 de L\u2019Hospitalet com a Districte Cultural. Aquest \u00e9s el principal tema d\u2019aquest n\u00famero, com tamb\u00e9 la reclamaci\u00f3 de l\u2019alcaldessa, N\u00faria Mar\u00edn, de poder invertir el 100% de la taxa tur\u00edstica en serveis p\u00fablics.\",\"breadcrumb\":{\"@id\":\"https:\\\/\\\/www.lafarga.com\\\/corporatiu\\\/lhospitalet-consolida-el-districte-cultural-portada-del-diari\\\/#breadcrumb\"},\"inLanguage\":\"ca\",\"potentialAction\":[{\"@type\":\"ReadAction\",\"target\":[\"https:\\\/\\\/www.lafarga.com\\\/corporatiu\\\/lhospitalet-consolida-el-districte-cultural-portada-del-diari\\\/\"]}]},{\"@type\":\"ImageObject\",\"inLanguage\":\"ca\",\"@id\":\"https:\\\/\\\/www.lafarga.com\\\/corporatiu\\\/lhospitalet-consolida-el-districte-cultural-portada-del-diari\\\/#primaryimage\",\"url\":\"https:\\\/\\\/www.lafarga.com\\\/corporatiu\\\/wp-content\\\/uploads\\\/2015\\\/10\\\/diarihospitaletoctubre.jpg\",\"contentUrl\":\"https:\\\/\\\/www.lafarga.com\\\/corporatiu\\\/wp-content\\\/uploads\\\/2015\\\/10\\\/diarihospitaletoctubre.jpg\",\"width\":730,\"height\":410},{\"@type\":\"BreadcrumbList\",\"@id\":\"https:\\\/\\\/www.lafarga.com\\\/corporatiu\\\/lhospitalet-consolida-el-districte-cultural-portada-del-diari\\\/#breadcrumb\",\"itemListElement\":[{\"@type\":\"ListItem\",\"position\":1,\"name\":\"Home\",\"item\":\"https:\\\/\\\/www.lafarga.com\\\/corporatiu\\\/lafarga-hospitalet-llobregat\\\/\"},{\"@type\":\"ListItem\",\"position\":2,\"name\":\"L&#8217;Hospitalet consolida el Districte Cultural, portada del Diari\"}]},{\"@type\":\"WebSite\",\"@id\":\"https:\\\/\\\/www.lafarga.com\\\/corporatiu\\\/#website\",\"url\":\"https:\\\/\\\/www.lafarga.com\\\/corporatiu\\\/\",\"name\":\"La Farga Gesti\u00f3 d&#039;Equipaments Municipals, SA\",\"description\":\"\",\"publisher\":{\"@id\":\"https:\\\/\\\/www.lafarga.com\\\/corporatiu\\\/#organization\"},\"potentialAction\":[{\"@type\":\"SearchAction\",\"target\":{\"@type\":\"EntryPoint\",\"urlTemplate\":\"https:\\\/\\\/www.lafarga.com\\\/corporatiu\\\/?s={search_term_string}\"},\"query-input\":{\"@type\":\"PropertyValueSpecification\",\"valueRequired\":true,\"valueName\":\"search_term_string\"}}],\"inLanguage\":\"ca\"},{\"@type\":\"Organization\",\"@id\":\"https:\\\/\\\/www.lafarga.com\\\/corporatiu\\\/#organization\",\"name\":\"La Farga Gesti\u00f3 d&#039;Equipaments Municipals, SA\",\"url\":\"https:\\\/\\\/www.lafarga.com\\\/corporatiu\\\/\",\"logo\":{\"@type\":\"ImageObject\",\"inLanguage\":\"ca\",\"@id\":\"https:\\\/\\\/www.lafarga.com\\\/corporatiu\\\/#\\\/schema\\\/logo\\\/image\\\/\",\"url\":\"https:\\\/\\\/www.lafarga.com\\\/corporatiu\\\/wp-content\\\/uploads\\\/2023\\\/11\\\/logotipo_lafarga_gemsa.svg\",\"contentUrl\":\"https:\\\/\\\/www.lafarga.com\\\/corporatiu\\\/wp-content\\\/uploads\\\/2023\\\/11\\\/logotipo_lafarga_gemsa.svg\",\"width\":102,\"height\":103,\"caption\":\"La Farga Gesti\u00f3 d&#039;Equipaments Municipals, SA\"},\"image\":{\"@id\":\"https:\\\/\\\/www.lafarga.com\\\/corporatiu\\\/#\\\/schema\\\/logo\\\/image\\\/\"}},{\"@type\":\"Person\",\"@id\":\"https:\\\/\\\/www.lafarga.com\\\/corporatiu\\\/#\\\/schema\\\/person\\\/0ad4bc37b46f53e6b85ad51c2ac2d685\",\"name\":\"admfarga\",\"image\":{\"@type\":\"ImageObject\",\"inLanguage\":\"ca\",\"@id\":\"https:\\\/\\\/secure.gravatar.com\\\/avatar\\\/2a2db0975754ce87d41cab8623874e9e5ef5d0add52244aba02a09775feab5cb?s=96&d=mm&r=g\",\"url\":\"https:\\\/\\\/secure.gravatar.com\\\/avatar\\\/2a2db0975754ce87d41cab8623874e9e5ef5d0add52244aba02a09775feab5cb?s=96&d=mm&r=g\",\"contentUrl\":\"https:\\\/\\\/secure.gravatar.com\\\/avatar\\\/2a2db0975754ce87d41cab8623874e9e5ef5d0add52244aba02a09775feab5cb?s=96&d=mm&r=g\",\"caption\":\"admfarga\"},\"url\":\"https:\\\/\\\/www.lafarga.com\\\/corporatiu\\\/author\\\/admfarga\\\/\"}]}<\/script>\n<!-- \/ Yoast SEO plugin. -->","yoast_head_json":{"title":"L'Hospitalet consolida el Districte Cultural, portada del Diari","description":"Aquest dilluns ha sortit un nou Diari de L\u2019Hospitalet, el seva edici\u00f3 305. En portada podem veure com a destacat la consolidaci\u00f3 de L\u2019Hospitalet com a Districte Cultural. Aquest \u00e9s el principal tema d\u2019aquest n\u00famero, com tamb\u00e9 la reclamaci\u00f3 de l\u2019alcaldessa, N\u00faria Mar\u00edn, de poder invertir el 100% de la taxa tur\u00edstica en serveis p\u00fablics.","robots":{"index":"index","follow":"follow","max-snippet":"max-snippet:-1","max-image-preview":"max-image-preview:large","max-video-preview":"max-video-preview:-1"},"canonical":"https:\/\/www.lafarga.com\/corporatiu\/lhospitalet-consolida-el-districte-cultural-portada-del-diari\/","og_locale":"ca_ES","og_type":"article","og_title":"L'Hospitalet consolida el Districte Cultural, portada del Diari","og_description":"Aquest dilluns ha sortit un nou Diari de L\u2019Hospitalet, el seva edici\u00f3 305. En portada podem veure com a destacat la consolidaci\u00f3 de L\u2019Hospitalet com a Districte Cultural. Aquest \u00e9s el principal tema d\u2019aquest n\u00famero, com tamb\u00e9 la reclamaci\u00f3 de l\u2019alcaldessa, N\u00faria Mar\u00edn, de poder invertir el 100% de la taxa tur\u00edstica en serveis p\u00fablics.","og_url":"https:\/\/www.lafarga.com\/corporatiu\/lhospitalet-consolida-el-districte-cultural-portada-del-diari\/","og_site_name":"La Farga Gesti\u00f3n de Equipamientos Municipales, S.A.","article_published_time":"2015-10-19T12:59:56+00:00","article_modified_time":"2015-10-20T10:30:40+00:00","og_image":[{"width":730,"height":410,"url":"https:\/\/www.lafarga.com\/corporatiu\/wp-content\/uploads\/2015\/10\/diarihospitaletoctubre.jpg","type":"image\/jpeg"}],"author":"admfarga","twitter_misc":{"Escrit per":"admfarga","Temps estimat de lectura":"1 minut"},"schema":{"@context":"https:\/\/schema.org","@graph":[{"@type":"Article","@id":"https:\/\/www.lafarga.com\/corporatiu\/lhospitalet-consolida-el-districte-cultural-portada-del-diari\/#article","isPartOf":{"@id":"https:\/\/www.lafarga.com\/corporatiu\/lhospitalet-consolida-el-districte-cultural-portada-del-diari\/"},"author":{"name":"admfarga","@id":"https:\/\/www.lafarga.com\/corporatiu\/#\/schema\/person\/0ad4bc37b46f53e6b85ad51c2ac2d685"},"headline":"L&#8217;Hospitalet consolida el Districte Cultural, portada del Diari","datePublished":"2015-10-19T12:59:56+00:00","dateModified":"2015-10-20T10:30:40+00:00","mainEntityOfPage":{"@id":"https:\/\/www.lafarga.com\/corporatiu\/lhospitalet-consolida-el-districte-cultural-portada-del-diari\/"},"wordCount":243,"publisher":{"@id":"https:\/\/www.lafarga.com\/corporatiu\/#organization"},"image":{"@id":"https:\/\/www.lafarga.com\/corporatiu\/lhospitalet-consolida-el-districte-cultural-portada-del-diari\/#primaryimage"},"thumbnailUrl":"https:\/\/www.lafarga.com\/corporatiu\/wp-content\/uploads\/2015\/10\/diarihospitaletoctubre.jpg","articleSection":["Mitjans de Comunicaci\u00f3"],"inLanguage":"ca"},{"@type":"WebPage","@id":"https:\/\/www.lafarga.com\/corporatiu\/lhospitalet-consolida-el-districte-cultural-portada-del-diari\/","url":"https:\/\/www.lafarga.com\/corporatiu\/lhospitalet-consolida-el-districte-cultural-portada-del-diari\/","name":"L'Hospitalet consolida el Districte Cultural, portada del Diari","isPartOf":{"@id":"https:\/\/www.lafarga.com\/corporatiu\/#website"},"primaryImageOfPage":{"@id":"https:\/\/www.lafarga.com\/corporatiu\/lhospitalet-consolida-el-districte-cultural-portada-del-diari\/#primaryimage"},"image":{"@id":"https:\/\/www.lafarga.com\/corporatiu\/lhospitalet-consolida-el-districte-cultural-portada-del-diari\/#primaryimage"},"thumbnailUrl":"https:\/\/www.lafarga.com\/corporatiu\/wp-content\/uploads\/2015\/10\/diarihospitaletoctubre.jpg","datePublished":"2015-10-19T12:59:56+00:00","dateModified":"2015-10-20T10:30:40+00:00","description":"Aquest dilluns ha sortit un nou Diari de L\u2019Hospitalet, el seva edici\u00f3 305. En portada podem veure com a destacat la consolidaci\u00f3 de L\u2019Hospitalet com a Districte Cultural. Aquest \u00e9s el principal tema d\u2019aquest n\u00famero, com tamb\u00e9 la reclamaci\u00f3 de l\u2019alcaldessa, N\u00faria Mar\u00edn, de poder invertir el 100% de la taxa tur\u00edstica en serveis p\u00fablics.","breadcrumb":{"@id":"https:\/\/www.lafarga.com\/corporatiu\/lhospitalet-consolida-el-districte-cultural-portada-del-diari\/#breadcrumb"},"inLanguage":"ca","potentialAction":[{"@type":"ReadAction","target":["https:\/\/www.lafarga.com\/corporatiu\/lhospitalet-consolida-el-districte-cultural-portada-del-diari\/"]}]},{"@type":"ImageObject","inLanguage":"ca","@id":"https:\/\/www.lafarga.com\/corporatiu\/lhospitalet-consolida-el-districte-cultural-portada-del-diari\/#primaryimage","url":"https:\/\/www.lafarga.com\/corporatiu\/wp-content\/uploads\/2015\/10\/diarihospitaletoctubre.jpg","contentUrl":"https:\/\/www.lafarga.com\/corporatiu\/wp-content\/uploads\/2015\/10\/diarihospitaletoctubre.jpg","width":730,"height":410},{"@type":"BreadcrumbList","@id":"https:\/\/www.lafarga.com\/corporatiu\/lhospitalet-consolida-el-districte-cultural-portada-del-diari\/#breadcrumb","itemListElement":[{"@type":"ListItem","position":1,"name":"Home","item":"https:\/\/www.lafarga.com\/corporatiu\/lafarga-hospitalet-llobregat\/"},{"@type":"ListItem","position":2,"name":"L&#8217;Hospitalet consolida el Districte Cultural, portada del Diari"}]},{"@type":"WebSite","@id":"https:\/\/www.lafarga.com\/corporatiu\/#website","url":"https:\/\/www.lafarga.com\/corporatiu\/","name":"La Farga Gesti\u00f3 d&#039;Equipaments Municipals, SA","description":"","publisher":{"@id":"https:\/\/www.lafarga.com\/corporatiu\/#organization"},"potentialAction":[{"@type":"SearchAction","target":{"@type":"EntryPoint","urlTemplate":"https:\/\/www.lafarga.com\/corporatiu\/?s={search_term_string}"},"query-input":{"@type":"PropertyValueSpecification","valueRequired":true,"valueName":"search_term_string"}}],"inLanguage":"ca"},{"@type":"Organization","@id":"https:\/\/www.lafarga.com\/corporatiu\/#organization","name":"La Farga Gesti\u00f3 d&#039;Equipaments Municipals, SA","url":"https:\/\/www.lafarga.com\/corporatiu\/","logo":{"@type":"ImageObject","inLanguage":"ca","@id":"https:\/\/www.lafarga.com\/corporatiu\/#\/schema\/logo\/image\/","url":"https:\/\/www.lafarga.com\/corporatiu\/wp-content\/uploads\/2023\/11\/logotipo_lafarga_gemsa.svg","contentUrl":"https:\/\/www.lafarga.com\/corporatiu\/wp-content\/uploads\/2023\/11\/logotipo_lafarga_gemsa.svg","width":102,"height":103,"caption":"La Farga Gesti\u00f3 d&#039;Equipaments Municipals, SA"},"image":{"@id":"https:\/\/www.lafarga.com\/corporatiu\/#\/schema\/logo\/image\/"}},{"@type":"Person","@id":"https:\/\/www.lafarga.com\/corporatiu\/#\/schema\/person\/0ad4bc37b46f53e6b85ad51c2ac2d685","name":"admfarga","image":{"@type":"ImageObject","inLanguage":"ca","@id":"https:\/\/secure.gravatar.com\/avatar\/2a2db0975754ce87d41cab8623874e9e5ef5d0add52244aba02a09775feab5cb?s=96&d=mm&r=g","url":"https:\/\/secure.gravatar.com\/avatar\/2a2db0975754ce87d41cab8623874e9e5ef5d0add52244aba02a09775feab5cb?s=96&d=mm&r=g","contentUrl":"https:\/\/secure.gravatar.com\/avatar\/2a2db0975754ce87d41cab8623874e9e5ef5d0add52244aba02a09775feab5cb?s=96&d=mm&r=g","caption":"admfarga"},"url":"https:\/\/www.lafarga.com\/corporatiu\/author\/admfarga\/"}]}},"uagb_featured_image_src":{"full":["https:\/\/www.lafarga.com\/corporatiu\/wp-content\/uploads\/2015\/10\/diarihospitaletoctubre.jpg",730,410,false],"thumbnail":["https:\/\/www.lafarga.com\/corporatiu\/wp-content\/uploads\/2015\/10\/diarihospitaletoctubre-150x150.jpg",150,150,true],"medium":["https:\/\/www.lafarga.com\/corporatiu\/wp-content\/uploads\/2015\/10\/diarihospitaletoctubre-300x168.jpg",300,168,true],"medium_large":["https:\/\/www.lafarga.com\/corporatiu\/wp-content\/uploads\/2015\/10\/diarihospitaletoctubre.jpg",730,410,false],"large":["https:\/\/www.lafarga.com\/corporatiu\/wp-content\/uploads\/2015\/10\/diarihospitaletoctubre.jpg",730,410,false],"1536x1536":["https:\/\/www.lafarga.com\/corporatiu\/wp-content\/uploads\/2015\/10\/diarihospitaletoctubre.jpg",730,410,false],"2048x2048":["https:\/\/www.lafarga.com\/corporatiu\/wp-content\/uploads\/2015\/10\/diarihospitaletoctubre.jpg",730,410,false],"mailpoet_newsletter_max":["https:\/\/www.lafarga.com\/corporatiu\/wp-content\/uploads\/2015\/10\/diarihospitaletoctubre.jpg",730,410,false]},"uagb_author_info":{"display_name":"admfarga","author_link":"https:\/\/www.lafarga.com\/corporatiu\/author\/admfarga\/"},"uagb_comment_info":0,"uagb_excerpt":"Aquest dilluns ha sortit un nou Diari de L\u2019Hospitalet, el seva edici\u00f3 305. En portada podem veure com a destacat la consolidaci\u00f3 de L\u2019Hospitalet com a Districte Cultural. Aquest \u00e9s el principal tema d\u2019aquest n\u00famero, com tamb\u00e9 la reclamaci\u00f3 de l\u2019alcaldessa, N\u00faria Mar\u00edn, de poder invertir el 100% de la taxa tur\u00edstica en serveis p\u00fablics.","_links":{"self":[{"href":"https:\/\/www.lafarga.com\/corporatiu\/wp-json\/wp\/v2\/posts\/5434","targetHints":{"allow":["GET"]}}],"collection":[{"href":"https:\/\/www.lafarga.com\/corporatiu\/wp-json\/wp\/v2\/posts"}],"about":[{"href":"https:\/\/www.lafarga.com\/corporatiu\/wp-json\/wp\/v2\/types\/post"}],"author":[{"embeddable":true,"href":"https:\/\/www.lafarga.com\/corporatiu\/wp-json\/wp\/v2\/users\/8"}],"replies":[{"embeddable":true,"href":"https:\/\/www.lafarga.com\/corporatiu\/wp-json\/wp\/v2\/comments?post=5434"}],"version-history":[{"count":3,"href":"https:\/\/www.lafarga.com\/corporatiu\/wp-json\/wp\/v2\/posts\/5434\/revisions"}],"predecessor-version":[{"id":5453,"href":"https:\/\/www.lafarga.com\/corporatiu\/wp-json\/wp\/v2\/posts\/5434\/revisions\/5453"}],"wp:featuredmedia":[{"embeddable":true,"href":"https:\/\/www.lafarga.com\/corporatiu\/wp-json\/wp\/v2\/media\/5435"}],"wp:attachment":[{"href":"https:\/\/www.lafarga.com\/corporatiu\/wp-json\/wp\/v2\/media?parent=5434"}],"wp:term":[{"taxonomy":"category","embeddable":true,"href":"https:\/\/www.lafarga.com\/corporatiu\/wp-json\/wp\/v2\/categories?post=5434"},{"taxonomy":"post_tag","embeddable":true,"href":"https:\/\/www.lafarga.com\/corporatiu\/wp-json\/wp\/v2\/tags?post=5434"}],"curies":[{"name":"wp","href":"https:\/\/api.w.org\/{rel}","templated":true}]}}