{"id":5429,"date":"2015-10-16T08:42:53","date_gmt":"2015-10-16T08:42:53","guid":{"rendered":"http:\/\/www.lafarga.com\/corporatiu\/?p=5429"},"modified":"2015-10-16T08:42:53","modified_gmt":"2015-10-16T08:42:53","slug":"torre-barrina-a-punto-para-el-festival-metropolhis-globalh","status":"publish","type":"post","link":"https:\/\/www.lafarga.com\/corporatiu\/torre-barrina-a-punto-para-el-festival-metropolhis-globalh\/","title":{"rendered":"Torre Barrina, a punto para el Festival MetropoL\u2019His-GlobaL\u2019H"},"content":{"rendered":"<p>Este viernes 16 de octubre tiene lugar el acto de Presentaci\u00f3n de la d\u00e9cima edici\u00f3n del <a href=\"http:\/\/www.metropolhis.cat\/es\" target=\"_blank\">Festival MetropoL&#8217;His-GlobaL&#8217;H<\/a>, en <a href=\"http:\/\/www.torrebarrina.cat\/inici_2.aspx\" target=\"_blank\">Torre Barrina, Centro Municipal de Creaci\u00f3n Multimedia de L&#8217;Hospitalet<\/a>.<\/p>\n<p>En el evento se presentar\u00e1n las tres premisas para la realizaci\u00f3n de los cortos en 48h (localizaci\u00f3n de la ciudad de L&#8217;Hospitalet; frase o palabra; acci\u00f3n u objeto) y la cantante Dolo Beltr\u00e1n desvelar\u00e1 en directo la canci\u00f3n escogida de su nuevo \u00e1lbum y dar\u00e1 las indicaciones que crea oportunas para el videoclip.<\/p>\n<p>El acto est\u00e1 previsto organizarse de la siguiente manera:<\/p>\n<p>18h: Saludo y bienvenida.<br \/>\nA cargo de Cristian Alc\u00e1zar Esteban, Teniente de Alcalde del \u00c1rea de Bienestar y Derechos Sociales &#8211; Deportes y Juventud y Concejal de Distrito II Collblanc-La Torrassa.<\/p>\n<p>18:10h: La accesibilidad visual en el Cine.<br \/>\nA cargo de Llorens Blasi, Audiodescriptor con una muy amplia experiencia de AD en Artes Esc\u00e9nicas (\u00f3pera, teatro, danza &#8230;); Museos y exposiciones; y en Audiovisual con pel\u00edculas y documentales, televisi\u00f3n y radio, DVD audionavegables, eventos en directo.<\/p>\n<ul>\n<li>La ceguera. Cuatro palabras necesarias.<\/li>\n<li>Proyecci\u00f3n y peque\u00f1o ejercicio para conocer la AD de un corto.<br \/>\nPrimer corto: Ocupied (3 &#8217;21 &#8220;). Future Shorts.<br \/>\nSegundo corto: The black hole (2 &#8217;50 &#8220;). Future Shorts.<\/li>\n<li>La necesidad de dar a conocer una creaci\u00f3n. Un deber sobre un derecho inalienable.<\/li>\n<\/ul>\n<p>18:40h: Presentaci\u00f3n del GlobaL&#8217;H: Festival Internacional de Cortos de Cooperaci\u00f3n para el Desarrollo<br \/>\nA cargo de Nicol\u00e1s Cort\u00e9s Rojano, T\u00e9cnico de Cooperaci\u00f3n del Ayuntamiento de L&#8217;Hospitalet y Director del Programa de Cooperaci\u00f3n y Solidaridad.<\/p>\n<p>18:45h: Entrega de las premisas por los videoclips en 48h.<br \/>\nA cargo de Dolo Beltr\u00e1n -cortesia de Music Bus, Cantante, compositora, actriz, artista y autora del libro ilustrado &#8220;Peque\u00f1os desastres y Otras alegr\u00edas&#8221; entre otras cosas.<\/p>\n<p>18: 55h: Entrega de las premisas por los cortos en 48h.<br \/>\nA cargo de Laia Pajuelo Sans, Directora del Festival MetropoL&#8217;His-GlobaL&#8217;H y presidenta de <a href=\"http:\/\/joves.org\/\" target=\"_blank\">J\u00f3venes por la Igualdad<\/a>.<\/p>\n","protected":false},"excerpt":{"rendered":"<p>Este viernes 16 de octubre tiene lugar el acto de Presentaci\u00f3n de la d\u00e9cima edici\u00f3n del Festival MetropoL&#8217;His-GlobaL&#8217;H, en Torre Barrina, Centro Municipal de Creaci\u00f3n Multimedia de L&#8217;Hospitalet.<\/p>\n","protected":false},"author":8,"featured_media":5427,"comment_status":"closed","ping_status":"closed","sticky":false,"template":"","format":"standard","meta":{"inline_featured_image":false,"_uag_custom_page_level_css":"","_monsterinsights_skip_tracking":false,"_monsterinsights_sitenote_active":false,"_monsterinsights_sitenote_note":"","_monsterinsights_sitenote_category":0,"site-sidebar-layout":"default","site-content-layout":"","ast-site-content-layout":"default","site-content-style":"default","site-sidebar-style":"default","ast-global-header-display":"","ast-banner-title-visibility":"","ast-main-header-display":"","ast-hfb-above-header-display":"","ast-hfb-below-header-display":"","ast-hfb-mobile-header-display":"","site-post-title":"","ast-breadcrumbs-content":"","ast-featured-img":"","footer-sml-layout":"","ast-disable-related-posts":"","theme-transparent-header-meta":"","adv-header-id-meta":"","stick-header-meta":"","header-above-stick-meta":"","header-main-stick-meta":"","header-below-stick-meta":"","astra-migrate-meta-layouts":"default","ast-page-background-enabled":"default","ast-page-background-meta":{"desktop":{"background-color":"var(--ast-global-color-4)","background-image":"","background-repeat":"repeat","background-position":"center center","background-size":"auto","background-attachment":"scroll","background-type":"","background-media":"","overlay-type":"","overlay-color":"","overlay-opacity":"","overlay-gradient":""},"tablet":{"background-color":"","background-image":"","background-repeat":"repeat","background-position":"center center","background-size":"auto","background-attachment":"scroll","background-type":"","background-media":"","overlay-type":"","overlay-color":"","overlay-opacity":"","overlay-gradient":""},"mobile":{"background-color":"","background-image":"","background-repeat":"repeat","background-position":"center center","background-size":"auto","background-attachment":"scroll","background-type":"","background-media":"","overlay-type":"","overlay-color":"","overlay-opacity":"","overlay-gradient":""}},"ast-content-background-meta":{"desktop":{"background-color":"var(--ast-global-color-5)","background-image":"","background-repeat":"repeat","background-position":"center center","background-size":"auto","background-attachment":"scroll","background-type":"","background-media":"","overlay-type":"","overlay-color":"","overlay-opacity":"","overlay-gradient":""},"tablet":{"background-color":"var(--ast-global-color-5)","background-image":"","background-repeat":"repeat","background-position":"center center","background-size":"auto","background-attachment":"scroll","background-type":"","background-media":"","overlay-type":"","overlay-color":"","overlay-opacity":"","overlay-gradient":""},"mobile":{"background-color":"var(--ast-global-color-5)","background-image":"","background-repeat":"repeat","background-position":"center center","background-size":"auto","background-attachment":"scroll","background-type":"","background-media":"","overlay-type":"","overlay-color":"","overlay-opacity":"","overlay-gradient":""}},"footnotes":""},"categories":[87],"tags":[],"class_list":["post-5429","post","type-post","status-publish","format-standard","has-post-thumbnail","hentry","category-torre-barrina-cas"],"yoast_head":"<!-- This site is optimized with the Yoast SEO plugin v27.4 - https:\/\/yoast.com\/product\/yoast-seo-wordpress\/ -->\n<title>Torre Barrina, a punt per al Festival MetropoL&#039;His-GlobaL&#039;H<\/title>\n<meta name=\"description\" content=\"Aquest divendres 16 d\u2019octubre te lloc l\u2019acte de Presentaci\u00f3 de la desena edici\u00f3 del Festival MetropoL\u2019His-GlobaL&#039;H, a Torre Barrina\" \/>\n<meta name=\"robots\" content=\"index, follow, max-snippet:-1, max-image-preview:large, max-video-preview:-1\" \/>\n<link rel=\"canonical\" href=\"https:\/\/www.lafarga.com\/corporatiu\/torre-barrina-a-punto-para-el-festival-metropolhis-globalh\/\" \/>\n<meta property=\"og:locale\" content=\"ca_ES\" \/>\n<meta property=\"og:type\" content=\"article\" \/>\n<meta property=\"og:title\" content=\"Torre Barrina, a punt per al Festival MetropoL&#039;His-GlobaL&#039;H\" \/>\n<meta property=\"og:description\" content=\"Aquest divendres 16 d\u2019octubre te lloc l\u2019acte de Presentaci\u00f3 de la desena edici\u00f3 del Festival MetropoL\u2019His-GlobaL&#039;H, a Torre Barrina\" \/>\n<meta property=\"og:url\" content=\"https:\/\/www.lafarga.com\/corporatiu\/torre-barrina-a-punto-para-el-festival-metropolhis-globalh\/\" \/>\n<meta property=\"og:site_name\" content=\"La Farga Gesti\u00f3n de Equipamientos Municipales, S.A.\" \/>\n<meta property=\"article:published_time\" content=\"2015-10-16T08:42:53+00:00\" \/>\n<meta property=\"og:image\" content=\"https:\/\/www.lafarga.com\/corporatiu\/wp-content\/uploads\/2015\/10\/12108211_938780299528311_5777294894415765531_n.jpg\" \/>\n\t<meta property=\"og:image:width\" content=\"960\" \/>\n\t<meta property=\"og:image:height\" content=\"536\" \/>\n\t<meta property=\"og:image:type\" content=\"image\/jpeg\" \/>\n<meta name=\"author\" content=\"admfarga\" \/>\n<meta name=\"twitter:label1\" content=\"Escrit per\" \/>\n\t<meta name=\"twitter:data1\" content=\"admfarga\" \/>\n\t<meta name=\"twitter:label2\" content=\"Temps estimat de lectura\" \/>\n\t<meta name=\"twitter:data2\" content=\"2 minuts\" \/>\n<script type=\"application\/ld+json\" class=\"yoast-schema-graph\">{\"@context\":\"https:\\\/\\\/schema.org\",\"@graph\":[{\"@type\":\"Article\",\"@id\":\"https:\\\/\\\/www.lafarga.com\\\/corporatiu\\\/torre-barrina-a-punto-para-el-festival-metropolhis-globalh\\\/#article\",\"isPartOf\":{\"@id\":\"https:\\\/\\\/www.lafarga.com\\\/corporatiu\\\/torre-barrina-a-punto-para-el-festival-metropolhis-globalh\\\/\"},\"author\":{\"name\":\"admfarga\",\"@id\":\"https:\\\/\\\/www.lafarga.com\\\/corporatiu\\\/#\\\/schema\\\/person\\\/0ad4bc37b46f53e6b85ad51c2ac2d685\"},\"headline\":\"Torre Barrina, a punto para el Festival MetropoL\u2019His-GlobaL\u2019H\",\"datePublished\":\"2015-10-16T08:42:53+00:00\",\"mainEntityOfPage\":{\"@id\":\"https:\\\/\\\/www.lafarga.com\\\/corporatiu\\\/torre-barrina-a-punto-para-el-festival-metropolhis-globalh\\\/\"},\"wordCount\":349,\"publisher\":{\"@id\":\"https:\\\/\\\/www.lafarga.com\\\/corporatiu\\\/#organization\"},\"image\":{\"@id\":\"https:\\\/\\\/www.lafarga.com\\\/corporatiu\\\/torre-barrina-a-punto-para-el-festival-metropolhis-globalh\\\/#primaryimage\"},\"thumbnailUrl\":\"https:\\\/\\\/www.lafarga.com\\\/corporatiu\\\/wp-content\\\/uploads\\\/2015\\\/10\\\/12108211_938780299528311_5777294894415765531_n.jpg\",\"articleSection\":[\"Torre Barrina.\"],\"inLanguage\":\"ca\"},{\"@type\":\"WebPage\",\"@id\":\"https:\\\/\\\/www.lafarga.com\\\/corporatiu\\\/torre-barrina-a-punto-para-el-festival-metropolhis-globalh\\\/\",\"url\":\"https:\\\/\\\/www.lafarga.com\\\/corporatiu\\\/torre-barrina-a-punto-para-el-festival-metropolhis-globalh\\\/\",\"name\":\"Torre Barrina, a punt per al Festival MetropoL'His-GlobaL'H\",\"isPartOf\":{\"@id\":\"https:\\\/\\\/www.lafarga.com\\\/corporatiu\\\/#website\"},\"primaryImageOfPage\":{\"@id\":\"https:\\\/\\\/www.lafarga.com\\\/corporatiu\\\/torre-barrina-a-punto-para-el-festival-metropolhis-globalh\\\/#primaryimage\"},\"image\":{\"@id\":\"https:\\\/\\\/www.lafarga.com\\\/corporatiu\\\/torre-barrina-a-punto-para-el-festival-metropolhis-globalh\\\/#primaryimage\"},\"thumbnailUrl\":\"https:\\\/\\\/www.lafarga.com\\\/corporatiu\\\/wp-content\\\/uploads\\\/2015\\\/10\\\/12108211_938780299528311_5777294894415765531_n.jpg\",\"datePublished\":\"2015-10-16T08:42:53+00:00\",\"description\":\"Aquest divendres 16 d\u2019octubre te lloc l\u2019acte de Presentaci\u00f3 de la desena edici\u00f3 del Festival MetropoL\u2019His-GlobaL'H, a Torre Barrina\",\"breadcrumb\":{\"@id\":\"https:\\\/\\\/www.lafarga.com\\\/corporatiu\\\/torre-barrina-a-punto-para-el-festival-metropolhis-globalh\\\/#breadcrumb\"},\"inLanguage\":\"ca\",\"potentialAction\":[{\"@type\":\"ReadAction\",\"target\":[\"https:\\\/\\\/www.lafarga.com\\\/corporatiu\\\/torre-barrina-a-punto-para-el-festival-metropolhis-globalh\\\/\"]}]},{\"@type\":\"ImageObject\",\"inLanguage\":\"ca\",\"@id\":\"https:\\\/\\\/www.lafarga.com\\\/corporatiu\\\/torre-barrina-a-punto-para-el-festival-metropolhis-globalh\\\/#primaryimage\",\"url\":\"https:\\\/\\\/www.lafarga.com\\\/corporatiu\\\/wp-content\\\/uploads\\\/2015\\\/10\\\/12108211_938780299528311_5777294894415765531_n.jpg\",\"contentUrl\":\"https:\\\/\\\/www.lafarga.com\\\/corporatiu\\\/wp-content\\\/uploads\\\/2015\\\/10\\\/12108211_938780299528311_5777294894415765531_n.jpg\",\"width\":960,\"height\":536},{\"@type\":\"BreadcrumbList\",\"@id\":\"https:\\\/\\\/www.lafarga.com\\\/corporatiu\\\/torre-barrina-a-punto-para-el-festival-metropolhis-globalh\\\/#breadcrumb\",\"itemListElement\":[{\"@type\":\"ListItem\",\"position\":1,\"name\":\"Home\",\"item\":\"https:\\\/\\\/www.lafarga.com\\\/corporatiu\\\/lafarga-hospitalet-llobregat\\\/\"},{\"@type\":\"ListItem\",\"position\":2,\"name\":\"Torre Barrina, a punto para el Festival MetropoL\u2019His-GlobaL\u2019H\"}]},{\"@type\":\"WebSite\",\"@id\":\"https:\\\/\\\/www.lafarga.com\\\/corporatiu\\\/#website\",\"url\":\"https:\\\/\\\/www.lafarga.com\\\/corporatiu\\\/\",\"name\":\"La Farga Gesti\u00f3 d&#039;Equipaments Municipals, SA\",\"description\":\"\",\"publisher\":{\"@id\":\"https:\\\/\\\/www.lafarga.com\\\/corporatiu\\\/#organization\"},\"potentialAction\":[{\"@type\":\"SearchAction\",\"target\":{\"@type\":\"EntryPoint\",\"urlTemplate\":\"https:\\\/\\\/www.lafarga.com\\\/corporatiu\\\/?s={search_term_string}\"},\"query-input\":{\"@type\":\"PropertyValueSpecification\",\"valueRequired\":true,\"valueName\":\"search_term_string\"}}],\"inLanguage\":\"ca\"},{\"@type\":\"Organization\",\"@id\":\"https:\\\/\\\/www.lafarga.com\\\/corporatiu\\\/#organization\",\"name\":\"La Farga Gesti\u00f3 d&#039;Equipaments Municipals, SA\",\"url\":\"https:\\\/\\\/www.lafarga.com\\\/corporatiu\\\/\",\"logo\":{\"@type\":\"ImageObject\",\"inLanguage\":\"ca\",\"@id\":\"https:\\\/\\\/www.lafarga.com\\\/corporatiu\\\/#\\\/schema\\\/logo\\\/image\\\/\",\"url\":\"https:\\\/\\\/www.lafarga.com\\\/corporatiu\\\/wp-content\\\/uploads\\\/2023\\\/11\\\/logotipo_lafarga_gemsa.svg\",\"contentUrl\":\"https:\\\/\\\/www.lafarga.com\\\/corporatiu\\\/wp-content\\\/uploads\\\/2023\\\/11\\\/logotipo_lafarga_gemsa.svg\",\"width\":102,\"height\":103,\"caption\":\"La Farga Gesti\u00f3 d&#039;Equipaments Municipals, SA\"},\"image\":{\"@id\":\"https:\\\/\\\/www.lafarga.com\\\/corporatiu\\\/#\\\/schema\\\/logo\\\/image\\\/\"}},{\"@type\":\"Person\",\"@id\":\"https:\\\/\\\/www.lafarga.com\\\/corporatiu\\\/#\\\/schema\\\/person\\\/0ad4bc37b46f53e6b85ad51c2ac2d685\",\"name\":\"admfarga\",\"image\":{\"@type\":\"ImageObject\",\"inLanguage\":\"ca\",\"@id\":\"https:\\\/\\\/secure.gravatar.com\\\/avatar\\\/2a2db0975754ce87d41cab8623874e9e5ef5d0add52244aba02a09775feab5cb?s=96&d=mm&r=g\",\"url\":\"https:\\\/\\\/secure.gravatar.com\\\/avatar\\\/2a2db0975754ce87d41cab8623874e9e5ef5d0add52244aba02a09775feab5cb?s=96&d=mm&r=g\",\"contentUrl\":\"https:\\\/\\\/secure.gravatar.com\\\/avatar\\\/2a2db0975754ce87d41cab8623874e9e5ef5d0add52244aba02a09775feab5cb?s=96&d=mm&r=g\",\"caption\":\"admfarga\"},\"url\":\"https:\\\/\\\/www.lafarga.com\\\/corporatiu\\\/author\\\/admfarga\\\/\"}]}<\/script>\n<!-- \/ Yoast SEO plugin. -->","yoast_head_json":{"title":"Torre Barrina, a punt per al Festival MetropoL'His-GlobaL'H","description":"Aquest divendres 16 d\u2019octubre te lloc l\u2019acte de Presentaci\u00f3 de la desena edici\u00f3 del Festival MetropoL\u2019His-GlobaL'H, a Torre Barrina","robots":{"index":"index","follow":"follow","max-snippet":"max-snippet:-1","max-image-preview":"max-image-preview:large","max-video-preview":"max-video-preview:-1"},"canonical":"https:\/\/www.lafarga.com\/corporatiu\/torre-barrina-a-punto-para-el-festival-metropolhis-globalh\/","og_locale":"ca_ES","og_type":"article","og_title":"Torre Barrina, a punt per al Festival MetropoL'His-GlobaL'H","og_description":"Aquest divendres 16 d\u2019octubre te lloc l\u2019acte de Presentaci\u00f3 de la desena edici\u00f3 del Festival MetropoL\u2019His-GlobaL'H, a Torre Barrina","og_url":"https:\/\/www.lafarga.com\/corporatiu\/torre-barrina-a-punto-para-el-festival-metropolhis-globalh\/","og_site_name":"La Farga Gesti\u00f3n de Equipamientos Municipales, S.A.","article_published_time":"2015-10-16T08:42:53+00:00","og_image":[{"width":960,"height":536,"url":"https:\/\/www.lafarga.com\/corporatiu\/wp-content\/uploads\/2015\/10\/12108211_938780299528311_5777294894415765531_n.jpg","type":"image\/jpeg"}],"author":"admfarga","twitter_misc":{"Escrit per":"admfarga","Temps estimat de lectura":"2 minuts"},"schema":{"@context":"https:\/\/schema.org","@graph":[{"@type":"Article","@id":"https:\/\/www.lafarga.com\/corporatiu\/torre-barrina-a-punto-para-el-festival-metropolhis-globalh\/#article","isPartOf":{"@id":"https:\/\/www.lafarga.com\/corporatiu\/torre-barrina-a-punto-para-el-festival-metropolhis-globalh\/"},"author":{"name":"admfarga","@id":"https:\/\/www.lafarga.com\/corporatiu\/#\/schema\/person\/0ad4bc37b46f53e6b85ad51c2ac2d685"},"headline":"Torre Barrina, a punto para el Festival MetropoL\u2019His-GlobaL\u2019H","datePublished":"2015-10-16T08:42:53+00:00","mainEntityOfPage":{"@id":"https:\/\/www.lafarga.com\/corporatiu\/torre-barrina-a-punto-para-el-festival-metropolhis-globalh\/"},"wordCount":349,"publisher":{"@id":"https:\/\/www.lafarga.com\/corporatiu\/#organization"},"image":{"@id":"https:\/\/www.lafarga.com\/corporatiu\/torre-barrina-a-punto-para-el-festival-metropolhis-globalh\/#primaryimage"},"thumbnailUrl":"https:\/\/www.lafarga.com\/corporatiu\/wp-content\/uploads\/2015\/10\/12108211_938780299528311_5777294894415765531_n.jpg","articleSection":["Torre Barrina."],"inLanguage":"ca"},{"@type":"WebPage","@id":"https:\/\/www.lafarga.com\/corporatiu\/torre-barrina-a-punto-para-el-festival-metropolhis-globalh\/","url":"https:\/\/www.lafarga.com\/corporatiu\/torre-barrina-a-punto-para-el-festival-metropolhis-globalh\/","name":"Torre Barrina, a punt per al Festival MetropoL'His-GlobaL'H","isPartOf":{"@id":"https:\/\/www.lafarga.com\/corporatiu\/#website"},"primaryImageOfPage":{"@id":"https:\/\/www.lafarga.com\/corporatiu\/torre-barrina-a-punto-para-el-festival-metropolhis-globalh\/#primaryimage"},"image":{"@id":"https:\/\/www.lafarga.com\/corporatiu\/torre-barrina-a-punto-para-el-festival-metropolhis-globalh\/#primaryimage"},"thumbnailUrl":"https:\/\/www.lafarga.com\/corporatiu\/wp-content\/uploads\/2015\/10\/12108211_938780299528311_5777294894415765531_n.jpg","datePublished":"2015-10-16T08:42:53+00:00","description":"Aquest divendres 16 d\u2019octubre te lloc l\u2019acte de Presentaci\u00f3 de la desena edici\u00f3 del Festival MetropoL\u2019His-GlobaL'H, a Torre Barrina","breadcrumb":{"@id":"https:\/\/www.lafarga.com\/corporatiu\/torre-barrina-a-punto-para-el-festival-metropolhis-globalh\/#breadcrumb"},"inLanguage":"ca","potentialAction":[{"@type":"ReadAction","target":["https:\/\/www.lafarga.com\/corporatiu\/torre-barrina-a-punto-para-el-festival-metropolhis-globalh\/"]}]},{"@type":"ImageObject","inLanguage":"ca","@id":"https:\/\/www.lafarga.com\/corporatiu\/torre-barrina-a-punto-para-el-festival-metropolhis-globalh\/#primaryimage","url":"https:\/\/www.lafarga.com\/corporatiu\/wp-content\/uploads\/2015\/10\/12108211_938780299528311_5777294894415765531_n.jpg","contentUrl":"https:\/\/www.lafarga.com\/corporatiu\/wp-content\/uploads\/2015\/10\/12108211_938780299528311_5777294894415765531_n.jpg","width":960,"height":536},{"@type":"BreadcrumbList","@id":"https:\/\/www.lafarga.com\/corporatiu\/torre-barrina-a-punto-para-el-festival-metropolhis-globalh\/#breadcrumb","itemListElement":[{"@type":"ListItem","position":1,"name":"Home","item":"https:\/\/www.lafarga.com\/corporatiu\/lafarga-hospitalet-llobregat\/"},{"@type":"ListItem","position":2,"name":"Torre Barrina, a punto para el Festival MetropoL\u2019His-GlobaL\u2019H"}]},{"@type":"WebSite","@id":"https:\/\/www.lafarga.com\/corporatiu\/#website","url":"https:\/\/www.lafarga.com\/corporatiu\/","name":"La Farga Gesti\u00f3 d&#039;Equipaments Municipals, SA","description":"","publisher":{"@id":"https:\/\/www.lafarga.com\/corporatiu\/#organization"},"potentialAction":[{"@type":"SearchAction","target":{"@type":"EntryPoint","urlTemplate":"https:\/\/www.lafarga.com\/corporatiu\/?s={search_term_string}"},"query-input":{"@type":"PropertyValueSpecification","valueRequired":true,"valueName":"search_term_string"}}],"inLanguage":"ca"},{"@type":"Organization","@id":"https:\/\/www.lafarga.com\/corporatiu\/#organization","name":"La Farga Gesti\u00f3 d&#039;Equipaments Municipals, SA","url":"https:\/\/www.lafarga.com\/corporatiu\/","logo":{"@type":"ImageObject","inLanguage":"ca","@id":"https:\/\/www.lafarga.com\/corporatiu\/#\/schema\/logo\/image\/","url":"https:\/\/www.lafarga.com\/corporatiu\/wp-content\/uploads\/2023\/11\/logotipo_lafarga_gemsa.svg","contentUrl":"https:\/\/www.lafarga.com\/corporatiu\/wp-content\/uploads\/2023\/11\/logotipo_lafarga_gemsa.svg","width":102,"height":103,"caption":"La Farga Gesti\u00f3 d&#039;Equipaments Municipals, SA"},"image":{"@id":"https:\/\/www.lafarga.com\/corporatiu\/#\/schema\/logo\/image\/"}},{"@type":"Person","@id":"https:\/\/www.lafarga.com\/corporatiu\/#\/schema\/person\/0ad4bc37b46f53e6b85ad51c2ac2d685","name":"admfarga","image":{"@type":"ImageObject","inLanguage":"ca","@id":"https:\/\/secure.gravatar.com\/avatar\/2a2db0975754ce87d41cab8623874e9e5ef5d0add52244aba02a09775feab5cb?s=96&d=mm&r=g","url":"https:\/\/secure.gravatar.com\/avatar\/2a2db0975754ce87d41cab8623874e9e5ef5d0add52244aba02a09775feab5cb?s=96&d=mm&r=g","contentUrl":"https:\/\/secure.gravatar.com\/avatar\/2a2db0975754ce87d41cab8623874e9e5ef5d0add52244aba02a09775feab5cb?s=96&d=mm&r=g","caption":"admfarga"},"url":"https:\/\/www.lafarga.com\/corporatiu\/author\/admfarga\/"}]}},"uagb_featured_image_src":{"full":["https:\/\/www.lafarga.com\/corporatiu\/wp-content\/uploads\/2015\/10\/12108211_938780299528311_5777294894415765531_n.jpg",960,536,false],"thumbnail":["https:\/\/www.lafarga.com\/corporatiu\/wp-content\/uploads\/2015\/10\/12108211_938780299528311_5777294894415765531_n-150x150.jpg",150,150,true],"medium":["https:\/\/www.lafarga.com\/corporatiu\/wp-content\/uploads\/2015\/10\/12108211_938780299528311_5777294894415765531_n-300x168.jpg",300,168,true],"medium_large":["https:\/\/www.lafarga.com\/corporatiu\/wp-content\/uploads\/2015\/10\/12108211_938780299528311_5777294894415765531_n.jpg",768,429,false],"large":["https:\/\/www.lafarga.com\/corporatiu\/wp-content\/uploads\/2015\/10\/12108211_938780299528311_5777294894415765531_n.jpg",960,536,false],"1536x1536":["https:\/\/www.lafarga.com\/corporatiu\/wp-content\/uploads\/2015\/10\/12108211_938780299528311_5777294894415765531_n.jpg",960,536,false],"2048x2048":["https:\/\/www.lafarga.com\/corporatiu\/wp-content\/uploads\/2015\/10\/12108211_938780299528311_5777294894415765531_n.jpg",960,536,false],"mailpoet_newsletter_max":["https:\/\/www.lafarga.com\/corporatiu\/wp-content\/uploads\/2015\/10\/12108211_938780299528311_5777294894415765531_n.jpg",960,536,false]},"uagb_author_info":{"display_name":"admfarga","author_link":"https:\/\/www.lafarga.com\/corporatiu\/author\/admfarga\/"},"uagb_comment_info":0,"uagb_excerpt":"Este viernes 16 de octubre tiene lugar el acto de Presentaci\u00f3n de la d\u00e9cima edici\u00f3n del Festival MetropoL'His-GlobaL'H, en Torre Barrina, Centro Municipal de Creaci\u00f3n Multimedia de L'Hospitalet.","_links":{"self":[{"href":"https:\/\/www.lafarga.com\/corporatiu\/wp-json\/wp\/v2\/posts\/5429","targetHints":{"allow":["GET"]}}],"collection":[{"href":"https:\/\/www.lafarga.com\/corporatiu\/wp-json\/wp\/v2\/posts"}],"about":[{"href":"https:\/\/www.lafarga.com\/corporatiu\/wp-json\/wp\/v2\/types\/post"}],"author":[{"embeddable":true,"href":"https:\/\/www.lafarga.com\/corporatiu\/wp-json\/wp\/v2\/users\/8"}],"replies":[{"embeddable":true,"href":"https:\/\/www.lafarga.com\/corporatiu\/wp-json\/wp\/v2\/comments?post=5429"}],"version-history":[{"count":1,"href":"https:\/\/www.lafarga.com\/corporatiu\/wp-json\/wp\/v2\/posts\/5429\/revisions"}],"predecessor-version":[{"id":5430,"href":"https:\/\/www.lafarga.com\/corporatiu\/wp-json\/wp\/v2\/posts\/5429\/revisions\/5430"}],"wp:featuredmedia":[{"embeddable":true,"href":"https:\/\/www.lafarga.com\/corporatiu\/wp-json\/wp\/v2\/media\/5427"}],"wp:attachment":[{"href":"https:\/\/www.lafarga.com\/corporatiu\/wp-json\/wp\/v2\/media?parent=5429"}],"wp:term":[{"taxonomy":"category","embeddable":true,"href":"https:\/\/www.lafarga.com\/corporatiu\/wp-json\/wp\/v2\/categories?post=5429"},{"taxonomy":"post_tag","embeddable":true,"href":"https:\/\/www.lafarga.com\/corporatiu\/wp-json\/wp\/v2\/tags?post=5429"}],"curies":[{"name":"wp","href":"https:\/\/api.w.org\/{rel}","templated":true}]}}