{"id":5426,"date":"2015-10-16T08:38:37","date_gmt":"2015-10-16T08:38:37","guid":{"rendered":"http:\/\/www.lafarga.com\/corporatiu\/?p=5426"},"modified":"2015-10-16T08:43:35","modified_gmt":"2015-10-16T08:43:35","slug":"torre-barrina-a-punt-per-al-festival-metropolhis-globalh","status":"publish","type":"post","link":"https:\/\/www.lafarga.com\/corporatiu\/torre-barrina-a-punt-per-al-festival-metropolhis-globalh\/","title":{"rendered":"Torre Barrina, a punt per al Festival MetropoL&#8217;His-GlobaL&#8217;H"},"content":{"rendered":"<p>Aquest divendres 16 d\u2019octubre te lloc l\u2019acte de Presentaci\u00f3 de la desena edici\u00f3 del <a href=\"http:\/\/www.metropolhis.cat\/ca\" target=\"_blank\">Festival MetropoL\u2019His-GlobaL&#8217;H<\/a>, a <a href=\"http:\/\/www.torrebarrina.cat\/\" target=\"_blank\">Torre Barrina, Centre Municipal de Creaci\u00f3 Multim\u00e8dia de L\u2019Hospitalet<\/a>.<\/p>\n<p>A l\u2019esdeveniment es presentaran les tres premisses per a la realitzaci\u00f3 dels curts en 48h (localitzaci\u00f3 de la ciutat de L\u2019Hospitalet; frase o paraula; acci\u00f3 o objecte) i la cantant Dolo Beltr\u00e1n desvetllar\u00e0 en directe la can\u00e7\u00f3 escollida del seu nou \u00e0lbum i donar\u00e0 les indicacions que cregui oportunes per al videoclip.<\/p>\n<p>L&#8217;acte est\u00e0 previst organitzar-se de la seg\u00fcent manera:<\/p>\n<p>18h: Salutaci\u00f3 i benvinguda.<br \/>\nA c\u00e0rrec de Cristian Alc\u00e1zar Esteban,\u00a0Tinent d\u2019alcaldia de l\u2019\u00c0rea de Benestar i Drets Socials &#8211; Esports i Joventut i Regidor de Districte II Collblanc-La Torrassa.<\/p>\n<p>18:10h: L&#8217;accessibilitat visual en el Cinema.<br \/>\nA c\u00e0rrec de Llorens Blasi,\u00a0Audiodescriptor amb una molt \u00e0mplia experi\u00e8ncia d&#8217;AD en Arts Esc\u00e8niques (\u00f2pera, teatre, dansa&#8230;); Museus i exposicions; i en Audiovisual amb pel\u00b7l\u00edcules i documentals, televisi\u00f3 i r\u00e0dio, DVD&#8217;s audionavegables, esdeveniments en directe.<\/p>\n<ul>\n<li>La ceguesa. Quatre paraules necess\u00e0ries.<\/li>\n<li>Projecci\u00f3 i petit exercici per con\u00e8ixer l\u2019AD d\u2019un curt.<br \/>\nPrimer curt: Ocupied (3\u2019 21\u201d). Future Shorts.<br \/>\nSegon curt: The black hole (2\u2019 50\u201d). Future Shorts.<\/li>\n<li>La necessitat de donar a con\u00e8ixer una creaci\u00f3. Un deure sobre un dret inalienable.<\/li>\n<\/ul>\n<p>18:40h: Presentaci\u00f3 del GlobaL&#8217;H: Festival Internacional de Curts de Cooperaci\u00f3 pel Desenvolupament<br \/>\nA c\u00e0rrec de Nicol\u00e1s Cort\u00e9s Rojano,\u00a0T\u00e8cnic de Cooperaci\u00f3 de l\u2019Ajuntament de L\u2019Hospitalet i Director del Programa de Cooperaci\u00f3 i Solidaritat.<\/p>\n<p>18:45h: Lliurament de les premisses pels videoclips en 48h.<br \/>\nA c\u00e0rrec de Dolo Beltr\u00e1n -cortesia de Music Bus-,\u00a0Cantant, compositora, actriu, artista i autora del llibre il\u00b7lustrat &#8220;Peque\u00f1os desastres y otras alegr\u00edas&#8221; entre d&#8217;altres coses.<\/p>\n<p>18:55h: Lliurament de les premisses pels curts en 48h.<br \/>\nA c\u00e0rrec de Laia Pajuelo Sans,\u00a0Directora del Festival MetropoL\u2019His-GlobaL&#8217;H i presidenta de <a href=\"http:\/\/joves.org\/\" target=\"_blank\">Joves per la Igualtat<\/a>.<\/p>\n","protected":false},"excerpt":{"rendered":"<p>Aquest divendres 16 d\u2019octubre te lloc l\u2019acte de Presentaci\u00f3 de la desena edici\u00f3 del Festival MetropoL\u2019His-GlobaL&#8217;H, a Torre Barrina, Centre Municipal de Creaci\u00f3 Multim\u00e8dia de L\u2019Hospitalet.<\/p>\n","protected":false},"author":8,"featured_media":5427,"comment_status":"closed","ping_status":"closed","sticky":false,"template":"","format":"standard","meta":{"inline_featured_image":false,"_uag_custom_page_level_css":"","_monsterinsights_skip_tracking":false,"_monsterinsights_sitenote_active":false,"_monsterinsights_sitenote_note":"","_monsterinsights_sitenote_category":0,"site-sidebar-layout":"default","site-content-layout":"","ast-site-content-layout":"default","site-content-style":"default","site-sidebar-style":"default","ast-global-header-display":"","ast-banner-title-visibility":"","ast-main-header-display":"","ast-hfb-above-header-display":"","ast-hfb-below-header-display":"","ast-hfb-mobile-header-display":"","site-post-title":"","ast-breadcrumbs-content":"","ast-featured-img":"","footer-sml-layout":"","ast-disable-related-posts":"","theme-transparent-header-meta":"","adv-header-id-meta":"","stick-header-meta":"","header-above-stick-meta":"","header-main-stick-meta":"","header-below-stick-meta":"","astra-migrate-meta-layouts":"default","ast-page-background-enabled":"default","ast-page-background-meta":{"desktop":{"background-color":"var(--ast-global-color-4)","background-image":"","background-repeat":"repeat","background-position":"center center","background-size":"auto","background-attachment":"scroll","background-type":"","background-media":"","overlay-type":"","overlay-color":"","overlay-opacity":"","overlay-gradient":""},"tablet":{"background-color":"","background-image":"","background-repeat":"repeat","background-position":"center center","background-size":"auto","background-attachment":"scroll","background-type":"","background-media":"","overlay-type":"","overlay-color":"","overlay-opacity":"","overlay-gradient":""},"mobile":{"background-color":"","background-image":"","background-repeat":"repeat","background-position":"center center","background-size":"auto","background-attachment":"scroll","background-type":"","background-media":"","overlay-type":"","overlay-color":"","overlay-opacity":"","overlay-gradient":""}},"ast-content-background-meta":{"desktop":{"background-color":"var(--ast-global-color-5)","background-image":"","background-repeat":"repeat","background-position":"center center","background-size":"auto","background-attachment":"scroll","background-type":"","background-media":"","overlay-type":"","overlay-color":"","overlay-opacity":"","overlay-gradient":""},"tablet":{"background-color":"var(--ast-global-color-5)","background-image":"","background-repeat":"repeat","background-position":"center center","background-size":"auto","background-attachment":"scroll","background-type":"","background-media":"","overlay-type":"","overlay-color":"","overlay-opacity":"","overlay-gradient":""},"mobile":{"background-color":"var(--ast-global-color-5)","background-image":"","background-repeat":"repeat","background-position":"center center","background-size":"auto","background-attachment":"scroll","background-type":"","background-media":"","overlay-type":"","overlay-color":"","overlay-opacity":"","overlay-gradient":""}},"footnotes":""},"categories":[57],"tags":[],"class_list":["post-5426","post","type-post","status-publish","format-standard","has-post-thumbnail","hentry","category-torre-barrina"],"yoast_head":"<!-- This site is optimized with the Yoast SEO plugin v27.4 - https:\/\/yoast.com\/product\/yoast-seo-wordpress\/ -->\n<title>Torre Barrina, a punt per al Festival MetropoL&#039;His-GlobaL&#039;H<\/title>\n<meta name=\"description\" content=\"Aquest divendres 16 d\u2019octubre te lloc l\u2019acte de Presentaci\u00f3 de la desena edici\u00f3 del Festival MetropoL\u2019His-GlobaL&#039;H, a Torre Barrina\" \/>\n<meta name=\"robots\" content=\"index, follow, max-snippet:-1, max-image-preview:large, max-video-preview:-1\" \/>\n<link rel=\"canonical\" href=\"https:\/\/www.lafarga.com\/corporatiu\/torre-barrina-a-punt-per-al-festival-metropolhis-globalh\/\" \/>\n<meta property=\"og:locale\" content=\"ca_ES\" \/>\n<meta property=\"og:type\" content=\"article\" \/>\n<meta property=\"og:title\" content=\"Torre Barrina, a punt per al Festival MetropoL&#039;His-GlobaL&#039;H\" \/>\n<meta property=\"og:description\" content=\"Aquest divendres 16 d\u2019octubre te lloc l\u2019acte de Presentaci\u00f3 de la desena edici\u00f3 del Festival MetropoL\u2019His-GlobaL&#039;H, a Torre Barrina\" \/>\n<meta property=\"og:url\" content=\"https:\/\/www.lafarga.com\/corporatiu\/torre-barrina-a-punt-per-al-festival-metropolhis-globalh\/\" \/>\n<meta property=\"og:site_name\" content=\"La Farga Gesti\u00f3n de Equipamientos Municipales, S.A.\" \/>\n<meta property=\"article:published_time\" content=\"2015-10-16T08:38:37+00:00\" \/>\n<meta property=\"article:modified_time\" content=\"2015-10-16T08:43:35+00:00\" \/>\n<meta property=\"og:image\" content=\"https:\/\/www.lafarga.com\/corporatiu\/wp-content\/uploads\/2015\/10\/12108211_938780299528311_5777294894415765531_n.jpg\" \/>\n\t<meta property=\"og:image:width\" content=\"960\" \/>\n\t<meta property=\"og:image:height\" content=\"536\" \/>\n\t<meta property=\"og:image:type\" content=\"image\/jpeg\" \/>\n<meta name=\"author\" content=\"admfarga\" \/>\n<meta name=\"twitter:label1\" content=\"Escrit per\" \/>\n\t<meta name=\"twitter:data1\" content=\"admfarga\" \/>\n\t<meta name=\"twitter:label2\" content=\"Temps estimat de lectura\" \/>\n\t<meta name=\"twitter:data2\" content=\"2 minuts\" \/>\n<script type=\"application\/ld+json\" class=\"yoast-schema-graph\">{\"@context\":\"https:\\\/\\\/schema.org\",\"@graph\":[{\"@type\":\"Article\",\"@id\":\"https:\\\/\\\/www.lafarga.com\\\/corporatiu\\\/torre-barrina-a-punt-per-al-festival-metropolhis-globalh\\\/#article\",\"isPartOf\":{\"@id\":\"https:\\\/\\\/www.lafarga.com\\\/corporatiu\\\/torre-barrina-a-punt-per-al-festival-metropolhis-globalh\\\/\"},\"author\":{\"name\":\"admfarga\",\"@id\":\"https:\\\/\\\/www.lafarga.com\\\/corporatiu\\\/#\\\/schema\\\/person\\\/0ad4bc37b46f53e6b85ad51c2ac2d685\"},\"headline\":\"Torre Barrina, a punt per al Festival MetropoL&#8217;His-GlobaL&#8217;H\",\"datePublished\":\"2015-10-16T08:38:37+00:00\",\"dateModified\":\"2015-10-16T08:43:35+00:00\",\"mainEntityOfPage\":{\"@id\":\"https:\\\/\\\/www.lafarga.com\\\/corporatiu\\\/torre-barrina-a-punt-per-al-festival-metropolhis-globalh\\\/\"},\"wordCount\":346,\"publisher\":{\"@id\":\"https:\\\/\\\/www.lafarga.com\\\/corporatiu\\\/#organization\"},\"image\":{\"@id\":\"https:\\\/\\\/www.lafarga.com\\\/corporatiu\\\/torre-barrina-a-punt-per-al-festival-metropolhis-globalh\\\/#primaryimage\"},\"thumbnailUrl\":\"https:\\\/\\\/www.lafarga.com\\\/corporatiu\\\/wp-content\\\/uploads\\\/2015\\\/10\\\/12108211_938780299528311_5777294894415765531_n.jpg\",\"articleSection\":[\"Torre Barrina\"],\"inLanguage\":\"ca\"},{\"@type\":\"WebPage\",\"@id\":\"https:\\\/\\\/www.lafarga.com\\\/corporatiu\\\/torre-barrina-a-punt-per-al-festival-metropolhis-globalh\\\/\",\"url\":\"https:\\\/\\\/www.lafarga.com\\\/corporatiu\\\/torre-barrina-a-punt-per-al-festival-metropolhis-globalh\\\/\",\"name\":\"Torre Barrina, a punt per al Festival MetropoL'His-GlobaL'H\",\"isPartOf\":{\"@id\":\"https:\\\/\\\/www.lafarga.com\\\/corporatiu\\\/#website\"},\"primaryImageOfPage\":{\"@id\":\"https:\\\/\\\/www.lafarga.com\\\/corporatiu\\\/torre-barrina-a-punt-per-al-festival-metropolhis-globalh\\\/#primaryimage\"},\"image\":{\"@id\":\"https:\\\/\\\/www.lafarga.com\\\/corporatiu\\\/torre-barrina-a-punt-per-al-festival-metropolhis-globalh\\\/#primaryimage\"},\"thumbnailUrl\":\"https:\\\/\\\/www.lafarga.com\\\/corporatiu\\\/wp-content\\\/uploads\\\/2015\\\/10\\\/12108211_938780299528311_5777294894415765531_n.jpg\",\"datePublished\":\"2015-10-16T08:38:37+00:00\",\"dateModified\":\"2015-10-16T08:43:35+00:00\",\"description\":\"Aquest divendres 16 d\u2019octubre te lloc l\u2019acte de Presentaci\u00f3 de la desena edici\u00f3 del Festival MetropoL\u2019His-GlobaL'H, a Torre Barrina\",\"breadcrumb\":{\"@id\":\"https:\\\/\\\/www.lafarga.com\\\/corporatiu\\\/torre-barrina-a-punt-per-al-festival-metropolhis-globalh\\\/#breadcrumb\"},\"inLanguage\":\"ca\",\"potentialAction\":[{\"@type\":\"ReadAction\",\"target\":[\"https:\\\/\\\/www.lafarga.com\\\/corporatiu\\\/torre-barrina-a-punt-per-al-festival-metropolhis-globalh\\\/\"]}]},{\"@type\":\"ImageObject\",\"inLanguage\":\"ca\",\"@id\":\"https:\\\/\\\/www.lafarga.com\\\/corporatiu\\\/torre-barrina-a-punt-per-al-festival-metropolhis-globalh\\\/#primaryimage\",\"url\":\"https:\\\/\\\/www.lafarga.com\\\/corporatiu\\\/wp-content\\\/uploads\\\/2015\\\/10\\\/12108211_938780299528311_5777294894415765531_n.jpg\",\"contentUrl\":\"https:\\\/\\\/www.lafarga.com\\\/corporatiu\\\/wp-content\\\/uploads\\\/2015\\\/10\\\/12108211_938780299528311_5777294894415765531_n.jpg\",\"width\":960,\"height\":536},{\"@type\":\"BreadcrumbList\",\"@id\":\"https:\\\/\\\/www.lafarga.com\\\/corporatiu\\\/torre-barrina-a-punt-per-al-festival-metropolhis-globalh\\\/#breadcrumb\",\"itemListElement\":[{\"@type\":\"ListItem\",\"position\":1,\"name\":\"Home\",\"item\":\"https:\\\/\\\/www.lafarga.com\\\/corporatiu\\\/lafarga-hospitalet-llobregat\\\/\"},{\"@type\":\"ListItem\",\"position\":2,\"name\":\"Torre Barrina, a punt per al Festival MetropoL&#8217;His-GlobaL&#8217;H\"}]},{\"@type\":\"WebSite\",\"@id\":\"https:\\\/\\\/www.lafarga.com\\\/corporatiu\\\/#website\",\"url\":\"https:\\\/\\\/www.lafarga.com\\\/corporatiu\\\/\",\"name\":\"La Farga Gesti\u00f3 d&#039;Equipaments Municipals, SA\",\"description\":\"\",\"publisher\":{\"@id\":\"https:\\\/\\\/www.lafarga.com\\\/corporatiu\\\/#organization\"},\"potentialAction\":[{\"@type\":\"SearchAction\",\"target\":{\"@type\":\"EntryPoint\",\"urlTemplate\":\"https:\\\/\\\/www.lafarga.com\\\/corporatiu\\\/?s={search_term_string}\"},\"query-input\":{\"@type\":\"PropertyValueSpecification\",\"valueRequired\":true,\"valueName\":\"search_term_string\"}}],\"inLanguage\":\"ca\"},{\"@type\":\"Organization\",\"@id\":\"https:\\\/\\\/www.lafarga.com\\\/corporatiu\\\/#organization\",\"name\":\"La Farga Gesti\u00f3 d&#039;Equipaments Municipals, SA\",\"url\":\"https:\\\/\\\/www.lafarga.com\\\/corporatiu\\\/\",\"logo\":{\"@type\":\"ImageObject\",\"inLanguage\":\"ca\",\"@id\":\"https:\\\/\\\/www.lafarga.com\\\/corporatiu\\\/#\\\/schema\\\/logo\\\/image\\\/\",\"url\":\"https:\\\/\\\/www.lafarga.com\\\/corporatiu\\\/wp-content\\\/uploads\\\/2023\\\/11\\\/logotipo_lafarga_gemsa.svg\",\"contentUrl\":\"https:\\\/\\\/www.lafarga.com\\\/corporatiu\\\/wp-content\\\/uploads\\\/2023\\\/11\\\/logotipo_lafarga_gemsa.svg\",\"width\":102,\"height\":103,\"caption\":\"La Farga Gesti\u00f3 d&#039;Equipaments Municipals, SA\"},\"image\":{\"@id\":\"https:\\\/\\\/www.lafarga.com\\\/corporatiu\\\/#\\\/schema\\\/logo\\\/image\\\/\"}},{\"@type\":\"Person\",\"@id\":\"https:\\\/\\\/www.lafarga.com\\\/corporatiu\\\/#\\\/schema\\\/person\\\/0ad4bc37b46f53e6b85ad51c2ac2d685\",\"name\":\"admfarga\",\"image\":{\"@type\":\"ImageObject\",\"inLanguage\":\"ca\",\"@id\":\"https:\\\/\\\/secure.gravatar.com\\\/avatar\\\/2a2db0975754ce87d41cab8623874e9e5ef5d0add52244aba02a09775feab5cb?s=96&d=mm&r=g\",\"url\":\"https:\\\/\\\/secure.gravatar.com\\\/avatar\\\/2a2db0975754ce87d41cab8623874e9e5ef5d0add52244aba02a09775feab5cb?s=96&d=mm&r=g\",\"contentUrl\":\"https:\\\/\\\/secure.gravatar.com\\\/avatar\\\/2a2db0975754ce87d41cab8623874e9e5ef5d0add52244aba02a09775feab5cb?s=96&d=mm&r=g\",\"caption\":\"admfarga\"},\"url\":\"https:\\\/\\\/www.lafarga.com\\\/corporatiu\\\/author\\\/admfarga\\\/\"}]}<\/script>\n<!-- \/ Yoast SEO plugin. -->","yoast_head_json":{"title":"Torre Barrina, a punt per al Festival MetropoL'His-GlobaL'H","description":"Aquest divendres 16 d\u2019octubre te lloc l\u2019acte de Presentaci\u00f3 de la desena edici\u00f3 del Festival MetropoL\u2019His-GlobaL'H, a Torre Barrina","robots":{"index":"index","follow":"follow","max-snippet":"max-snippet:-1","max-image-preview":"max-image-preview:large","max-video-preview":"max-video-preview:-1"},"canonical":"https:\/\/www.lafarga.com\/corporatiu\/torre-barrina-a-punt-per-al-festival-metropolhis-globalh\/","og_locale":"ca_ES","og_type":"article","og_title":"Torre Barrina, a punt per al Festival MetropoL'His-GlobaL'H","og_description":"Aquest divendres 16 d\u2019octubre te lloc l\u2019acte de Presentaci\u00f3 de la desena edici\u00f3 del Festival MetropoL\u2019His-GlobaL'H, a Torre Barrina","og_url":"https:\/\/www.lafarga.com\/corporatiu\/torre-barrina-a-punt-per-al-festival-metropolhis-globalh\/","og_site_name":"La Farga Gesti\u00f3n de Equipamientos Municipales, S.A.","article_published_time":"2015-10-16T08:38:37+00:00","article_modified_time":"2015-10-16T08:43:35+00:00","og_image":[{"width":960,"height":536,"url":"https:\/\/www.lafarga.com\/corporatiu\/wp-content\/uploads\/2015\/10\/12108211_938780299528311_5777294894415765531_n.jpg","type":"image\/jpeg"}],"author":"admfarga","twitter_misc":{"Escrit per":"admfarga","Temps estimat de lectura":"2 minuts"},"schema":{"@context":"https:\/\/schema.org","@graph":[{"@type":"Article","@id":"https:\/\/www.lafarga.com\/corporatiu\/torre-barrina-a-punt-per-al-festival-metropolhis-globalh\/#article","isPartOf":{"@id":"https:\/\/www.lafarga.com\/corporatiu\/torre-barrina-a-punt-per-al-festival-metropolhis-globalh\/"},"author":{"name":"admfarga","@id":"https:\/\/www.lafarga.com\/corporatiu\/#\/schema\/person\/0ad4bc37b46f53e6b85ad51c2ac2d685"},"headline":"Torre Barrina, a punt per al Festival MetropoL&#8217;His-GlobaL&#8217;H","datePublished":"2015-10-16T08:38:37+00:00","dateModified":"2015-10-16T08:43:35+00:00","mainEntityOfPage":{"@id":"https:\/\/www.lafarga.com\/corporatiu\/torre-barrina-a-punt-per-al-festival-metropolhis-globalh\/"},"wordCount":346,"publisher":{"@id":"https:\/\/www.lafarga.com\/corporatiu\/#organization"},"image":{"@id":"https:\/\/www.lafarga.com\/corporatiu\/torre-barrina-a-punt-per-al-festival-metropolhis-globalh\/#primaryimage"},"thumbnailUrl":"https:\/\/www.lafarga.com\/corporatiu\/wp-content\/uploads\/2015\/10\/12108211_938780299528311_5777294894415765531_n.jpg","articleSection":["Torre Barrina"],"inLanguage":"ca"},{"@type":"WebPage","@id":"https:\/\/www.lafarga.com\/corporatiu\/torre-barrina-a-punt-per-al-festival-metropolhis-globalh\/","url":"https:\/\/www.lafarga.com\/corporatiu\/torre-barrina-a-punt-per-al-festival-metropolhis-globalh\/","name":"Torre Barrina, a punt per al Festival MetropoL'His-GlobaL'H","isPartOf":{"@id":"https:\/\/www.lafarga.com\/corporatiu\/#website"},"primaryImageOfPage":{"@id":"https:\/\/www.lafarga.com\/corporatiu\/torre-barrina-a-punt-per-al-festival-metropolhis-globalh\/#primaryimage"},"image":{"@id":"https:\/\/www.lafarga.com\/corporatiu\/torre-barrina-a-punt-per-al-festival-metropolhis-globalh\/#primaryimage"},"thumbnailUrl":"https:\/\/www.lafarga.com\/corporatiu\/wp-content\/uploads\/2015\/10\/12108211_938780299528311_5777294894415765531_n.jpg","datePublished":"2015-10-16T08:38:37+00:00","dateModified":"2015-10-16T08:43:35+00:00","description":"Aquest divendres 16 d\u2019octubre te lloc l\u2019acte de Presentaci\u00f3 de la desena edici\u00f3 del Festival MetropoL\u2019His-GlobaL'H, a Torre Barrina","breadcrumb":{"@id":"https:\/\/www.lafarga.com\/corporatiu\/torre-barrina-a-punt-per-al-festival-metropolhis-globalh\/#breadcrumb"},"inLanguage":"ca","potentialAction":[{"@type":"ReadAction","target":["https:\/\/www.lafarga.com\/corporatiu\/torre-barrina-a-punt-per-al-festival-metropolhis-globalh\/"]}]},{"@type":"ImageObject","inLanguage":"ca","@id":"https:\/\/www.lafarga.com\/corporatiu\/torre-barrina-a-punt-per-al-festival-metropolhis-globalh\/#primaryimage","url":"https:\/\/www.lafarga.com\/corporatiu\/wp-content\/uploads\/2015\/10\/12108211_938780299528311_5777294894415765531_n.jpg","contentUrl":"https:\/\/www.lafarga.com\/corporatiu\/wp-content\/uploads\/2015\/10\/12108211_938780299528311_5777294894415765531_n.jpg","width":960,"height":536},{"@type":"BreadcrumbList","@id":"https:\/\/www.lafarga.com\/corporatiu\/torre-barrina-a-punt-per-al-festival-metropolhis-globalh\/#breadcrumb","itemListElement":[{"@type":"ListItem","position":1,"name":"Home","item":"https:\/\/www.lafarga.com\/corporatiu\/lafarga-hospitalet-llobregat\/"},{"@type":"ListItem","position":2,"name":"Torre Barrina, a punt per al Festival MetropoL&#8217;His-GlobaL&#8217;H"}]},{"@type":"WebSite","@id":"https:\/\/www.lafarga.com\/corporatiu\/#website","url":"https:\/\/www.lafarga.com\/corporatiu\/","name":"La Farga Gesti\u00f3 d&#039;Equipaments Municipals, SA","description":"","publisher":{"@id":"https:\/\/www.lafarga.com\/corporatiu\/#organization"},"potentialAction":[{"@type":"SearchAction","target":{"@type":"EntryPoint","urlTemplate":"https:\/\/www.lafarga.com\/corporatiu\/?s={search_term_string}"},"query-input":{"@type":"PropertyValueSpecification","valueRequired":true,"valueName":"search_term_string"}}],"inLanguage":"ca"},{"@type":"Organization","@id":"https:\/\/www.lafarga.com\/corporatiu\/#organization","name":"La Farga Gesti\u00f3 d&#039;Equipaments Municipals, SA","url":"https:\/\/www.lafarga.com\/corporatiu\/","logo":{"@type":"ImageObject","inLanguage":"ca","@id":"https:\/\/www.lafarga.com\/corporatiu\/#\/schema\/logo\/image\/","url":"https:\/\/www.lafarga.com\/corporatiu\/wp-content\/uploads\/2023\/11\/logotipo_lafarga_gemsa.svg","contentUrl":"https:\/\/www.lafarga.com\/corporatiu\/wp-content\/uploads\/2023\/11\/logotipo_lafarga_gemsa.svg","width":102,"height":103,"caption":"La Farga Gesti\u00f3 d&#039;Equipaments Municipals, SA"},"image":{"@id":"https:\/\/www.lafarga.com\/corporatiu\/#\/schema\/logo\/image\/"}},{"@type":"Person","@id":"https:\/\/www.lafarga.com\/corporatiu\/#\/schema\/person\/0ad4bc37b46f53e6b85ad51c2ac2d685","name":"admfarga","image":{"@type":"ImageObject","inLanguage":"ca","@id":"https:\/\/secure.gravatar.com\/avatar\/2a2db0975754ce87d41cab8623874e9e5ef5d0add52244aba02a09775feab5cb?s=96&d=mm&r=g","url":"https:\/\/secure.gravatar.com\/avatar\/2a2db0975754ce87d41cab8623874e9e5ef5d0add52244aba02a09775feab5cb?s=96&d=mm&r=g","contentUrl":"https:\/\/secure.gravatar.com\/avatar\/2a2db0975754ce87d41cab8623874e9e5ef5d0add52244aba02a09775feab5cb?s=96&d=mm&r=g","caption":"admfarga"},"url":"https:\/\/www.lafarga.com\/corporatiu\/author\/admfarga\/"}]}},"uagb_featured_image_src":{"full":["https:\/\/www.lafarga.com\/corporatiu\/wp-content\/uploads\/2015\/10\/12108211_938780299528311_5777294894415765531_n.jpg",960,536,false],"thumbnail":["https:\/\/www.lafarga.com\/corporatiu\/wp-content\/uploads\/2015\/10\/12108211_938780299528311_5777294894415765531_n-150x150.jpg",150,150,true],"medium":["https:\/\/www.lafarga.com\/corporatiu\/wp-content\/uploads\/2015\/10\/12108211_938780299528311_5777294894415765531_n-300x168.jpg",300,168,true],"medium_large":["https:\/\/www.lafarga.com\/corporatiu\/wp-content\/uploads\/2015\/10\/12108211_938780299528311_5777294894415765531_n.jpg",768,429,false],"large":["https:\/\/www.lafarga.com\/corporatiu\/wp-content\/uploads\/2015\/10\/12108211_938780299528311_5777294894415765531_n.jpg",960,536,false],"1536x1536":["https:\/\/www.lafarga.com\/corporatiu\/wp-content\/uploads\/2015\/10\/12108211_938780299528311_5777294894415765531_n.jpg",960,536,false],"2048x2048":["https:\/\/www.lafarga.com\/corporatiu\/wp-content\/uploads\/2015\/10\/12108211_938780299528311_5777294894415765531_n.jpg",960,536,false],"mailpoet_newsletter_max":["https:\/\/www.lafarga.com\/corporatiu\/wp-content\/uploads\/2015\/10\/12108211_938780299528311_5777294894415765531_n.jpg",960,536,false]},"uagb_author_info":{"display_name":"admfarga","author_link":"https:\/\/www.lafarga.com\/corporatiu\/author\/admfarga\/"},"uagb_comment_info":0,"uagb_excerpt":"Aquest divendres 16 d\u2019octubre te lloc l\u2019acte de Presentaci\u00f3 de la desena edici\u00f3 del Festival MetropoL\u2019His-GlobaL'H, a Torre Barrina, Centre Municipal de Creaci\u00f3 Multim\u00e8dia de L\u2019Hospitalet.","_links":{"self":[{"href":"https:\/\/www.lafarga.com\/corporatiu\/wp-json\/wp\/v2\/posts\/5426","targetHints":{"allow":["GET"]}}],"collection":[{"href":"https:\/\/www.lafarga.com\/corporatiu\/wp-json\/wp\/v2\/posts"}],"about":[{"href":"https:\/\/www.lafarga.com\/corporatiu\/wp-json\/wp\/v2\/types\/post"}],"author":[{"embeddable":true,"href":"https:\/\/www.lafarga.com\/corporatiu\/wp-json\/wp\/v2\/users\/8"}],"replies":[{"embeddable":true,"href":"https:\/\/www.lafarga.com\/corporatiu\/wp-json\/wp\/v2\/comments?post=5426"}],"version-history":[{"count":2,"href":"https:\/\/www.lafarga.com\/corporatiu\/wp-json\/wp\/v2\/posts\/5426\/revisions"}],"predecessor-version":[{"id":5431,"href":"https:\/\/www.lafarga.com\/corporatiu\/wp-json\/wp\/v2\/posts\/5426\/revisions\/5431"}],"wp:featuredmedia":[{"embeddable":true,"href":"https:\/\/www.lafarga.com\/corporatiu\/wp-json\/wp\/v2\/media\/5427"}],"wp:attachment":[{"href":"https:\/\/www.lafarga.com\/corporatiu\/wp-json\/wp\/v2\/media?parent=5426"}],"wp:term":[{"taxonomy":"category","embeddable":true,"href":"https:\/\/www.lafarga.com\/corporatiu\/wp-json\/wp\/v2\/categories?post=5426"},{"taxonomy":"post_tag","embeddable":true,"href":"https:\/\/www.lafarga.com\/corporatiu\/wp-json\/wp\/v2\/tags?post=5426"}],"curies":[{"name":"wp","href":"https:\/\/api.w.org\/{rel}","templated":true}]}}