{"id":5385,"date":"2015-10-09T12:14:35","date_gmt":"2015-10-09T12:14:35","guid":{"rendered":"http:\/\/www.lafarga.com\/corporatiu\/?p=5385"},"modified":"2015-10-13T13:50:12","modified_gmt":"2015-10-13T13:50:12","slug":"presentada-la-10a-edicio-de-creativa-2","status":"publish","type":"post","link":"https:\/\/www.lafarga.com\/corporatiu\/presentada-la-10a-edicio-de-creativa-2\/","title":{"rendered":"Presentada la 10\u00aa edici\u00f3n de Creativa"},"content":{"rendered":"<p>La 10\u00aa edici\u00f3n del <a href=\"http:\/\/barcelona.creativa.eu\/\" target=\"_blank\">Sal\u00f3n Creativa<\/a> llevar\u00e1 a la Farga de L&#8217;Hospitalet m\u00e1s 150 expositores de 7 pa\u00edses diferentes, 700 talleres, 10 exposiciones, charlas y conferencias que ocupar\u00e1n unos 10.000 m2 del Centro de Actividades, para llenar el fin de semana del 5 al 9 de noviembre de creatividad e imaginaci\u00f3n.<\/p>\n<p>Creativa Barcelona 2015, organizada por <a href=\"http:\/\/www.conceptum.eu\/spain\/\" target=\"_blank\">Conceptum<\/a> es el mayor sal\u00f3n de ocio creativo de Europa y vuelve a L&#8217;Hospitalet para mostrarnos todo lo relacionado con las manualidades, labores y bellas artes. El objetivo del sal\u00f3n es difundir el arte de la creaci\u00f3n manual como formula activa para un estilo de vida moderno. El mundo de la imaginaci\u00f3n y la creatividad se plasman en Creativa donde la expresi\u00f3n manual se pone de relieve.<\/p>\n<p>En Creativa seguiremos encontrando este a\u00f1o diferentes talleres para aprender t\u00e9cnicas tradicionales, t\u00e9cnicas modernas, manualidades infantiles, entre otras actividades como charlas y conferencias, adem\u00e1s de diferentes exposiciones de aficionados, de artistas profesionales noveles y de tambi\u00e9n reconocido prestigio.<\/p>\n<p>Entre las novedades de Creativa Barcelona 2015 est\u00e1 el regreso del concurso <em>Nacional Patch Fild&#8217;or<\/em>, que tras 3 ediciones de ausencia, vuelve para celebrar su novena edici\u00f3n, con la exposici\u00f3n de m\u00e1s de 100 metros lineales de todos los participantes.<\/p>\n<p>La directora del Sal\u00f3n Creativa, <strong>In\u00e9s Moreno<\/strong>, se\u00f1al\u00f3 en la presentaci\u00f3n del certamen de este a\u00f1o realizada este mediod\u00eda en la Farga,<em> &#8220;la satisfacci\u00f3n de haber podido llegar a 10 ediciones ofreciendo adem\u00e1s cada a\u00f1o que pasa propuestas nuevas&#8221;<\/em>.<\/p>\n<p>Por su parte el presidente de la Farga Gesti\u00f3n de Equipamientos Municipales SA, <strong>Jos\u00e9 Mar\u00eda Garc\u00eda Mompel<\/strong> ha destacado la importancia de todo lo que mueve Creativa <em>&#8220;a parte de la actividad de ocio para las personas aficionadas en este sector, implica una actividad econ\u00f3mica en la ciudad y m\u00e1s concretamente en la zona del barrio del Centro donde se encuentra el recinto&#8221;<\/em>. Adem\u00e1s Garc\u00eda Mompel a\u00f1adi\u00f3 que en<em> &#8220;La Farga de L&#8217;Hospitalet estamos siempre abiertos a poder hacer ferias innovadoras y emergentes, como Creativa y de otras que haremos en un futuro de la mano de Conceptum y que situar\u00e1n este recinto y la ciudad en punto de inter\u00e9s del sector de nuevas ferias y eventos&#8221;<\/em>.<\/p>\n","protected":false},"excerpt":{"rendered":"<p>La 10\u00aa edici\u00f3n del Sal\u00f3n Creativa llevar\u00e1 a la Farga de L&#8217;Hospitalet m\u00e1s 150 expositores de 7 pa\u00edses diferentes, 700 talleres, 10 exposiciones, charlas y conferencias que ocupar\u00e1n unos 10.000 m2 del Centro de Actividades, para llenar el fin de semana del 5 al 9 de noviembre de creatividad e imaginaci\u00f3n.<\/p>\n","protected":false},"author":8,"featured_media":5382,"comment_status":"closed","ping_status":"closed","sticky":false,"template":"","format":"standard","meta":{"inline_featured_image":false,"_uag_custom_page_level_css":"","_monsterinsights_skip_tracking":false,"_monsterinsights_sitenote_active":false,"_monsterinsights_sitenote_note":"","_monsterinsights_sitenote_category":0,"site-sidebar-layout":"default","site-content-layout":"","ast-site-content-layout":"default","site-content-style":"default","site-sidebar-style":"default","ast-global-header-display":"","ast-banner-title-visibility":"","ast-main-header-display":"","ast-hfb-above-header-display":"","ast-hfb-below-header-display":"","ast-hfb-mobile-header-display":"","site-post-title":"","ast-breadcrumbs-content":"","ast-featured-img":"","footer-sml-layout":"","ast-disable-related-posts":"","theme-transparent-header-meta":"","adv-header-id-meta":"","stick-header-meta":"","header-above-stick-meta":"","header-main-stick-meta":"","header-below-stick-meta":"","astra-migrate-meta-layouts":"default","ast-page-background-enabled":"default","ast-page-background-meta":{"desktop":{"background-color":"var(--ast-global-color-4)","background-image":"","background-repeat":"repeat","background-position":"center center","background-size":"auto","background-attachment":"scroll","background-type":"","background-media":"","overlay-type":"","overlay-color":"","overlay-opacity":"","overlay-gradient":""},"tablet":{"background-color":"","background-image":"","background-repeat":"repeat","background-position":"center center","background-size":"auto","background-attachment":"scroll","background-type":"","background-media":"","overlay-type":"","overlay-color":"","overlay-opacity":"","overlay-gradient":""},"mobile":{"background-color":"","background-image":"","background-repeat":"repeat","background-position":"center center","background-size":"auto","background-attachment":"scroll","background-type":"","background-media":"","overlay-type":"","overlay-color":"","overlay-opacity":"","overlay-gradient":""}},"ast-content-background-meta":{"desktop":{"background-color":"var(--ast-global-color-5)","background-image":"","background-repeat":"repeat","background-position":"center center","background-size":"auto","background-attachment":"scroll","background-type":"","background-media":"","overlay-type":"","overlay-color":"","overlay-opacity":"","overlay-gradient":""},"tablet":{"background-color":"var(--ast-global-color-5)","background-image":"","background-repeat":"repeat","background-position":"center center","background-size":"auto","background-attachment":"scroll","background-type":"","background-media":"","overlay-type":"","overlay-color":"","overlay-opacity":"","overlay-gradient":""},"mobile":{"background-color":"var(--ast-global-color-5)","background-image":"","background-repeat":"repeat","background-position":"center center","background-size":"auto","background-attachment":"scroll","background-type":"","background-media":"","overlay-type":"","overlay-color":"","overlay-opacity":"","overlay-gradient":""}},"footnotes":""},"categories":[73],"tags":[],"class_list":["post-5385","post","type-post","status-publish","format-standard","has-post-thumbnail","hentry","category-centro-de-actividades"],"yoast_head":"<!-- This site is optimized with the Yoast SEO plugin v27.4 - https:\/\/yoast.com\/product\/yoast-seo-wordpress\/ -->\n<title>Presentada la 10\u00aa edici\u00f3n de Creativa - La Farga Gesti\u00f3n de Equipamientos Municipales, S.A.<\/title>\n<meta name=\"description\" content=\"La 10a edici\u00f3 del Sal\u00f3 Creativa portar\u00e0 a La Farga de L\u2019H m\u00e9s 150 expositors de 7 pa\u00efsos diferents que ocuparan uns 10.000 m2 del Centre d\u2019Activitats.\" \/>\n<meta name=\"robots\" content=\"index, follow, max-snippet:-1, max-image-preview:large, max-video-preview:-1\" \/>\n<link rel=\"canonical\" href=\"https:\/\/www.lafarga.com\/corporatiu\/presentada-la-10a-edicio-de-creativa-2\/\" \/>\n<meta property=\"og:locale\" content=\"ca_ES\" \/>\n<meta property=\"og:type\" content=\"article\" \/>\n<meta property=\"og:title\" content=\"Presentada la 10\u00aa edici\u00f3n de Creativa - La Farga Gesti\u00f3n de Equipamientos Municipales, S.A.\" \/>\n<meta property=\"og:description\" content=\"La 10a edici\u00f3 del Sal\u00f3 Creativa portar\u00e0 a La Farga de L\u2019H m\u00e9s 150 expositors de 7 pa\u00efsos diferents que ocuparan uns 10.000 m2 del Centre d\u2019Activitats.\" \/>\n<meta property=\"og:url\" content=\"https:\/\/www.lafarga.com\/corporatiu\/presentada-la-10a-edicio-de-creativa-2\/\" \/>\n<meta property=\"og:site_name\" content=\"La Farga Gesti\u00f3n de Equipamientos Municipales, S.A.\" \/>\n<meta property=\"article:published_time\" content=\"2015-10-09T12:14:35+00:00\" \/>\n<meta property=\"article:modified_time\" content=\"2015-10-13T13:50:12+00:00\" \/>\n<meta property=\"og:image\" content=\"https:\/\/www.lafarga.com\/corporatiu\/wp-content\/uploads\/2015\/10\/creativa-farga.gif\" \/>\n\t<meta property=\"og:image:width\" content=\"730\" \/>\n\t<meta property=\"og:image:height\" content=\"410\" \/>\n\t<meta property=\"og:image:type\" content=\"image\/gif\" \/>\n<meta name=\"author\" content=\"admfarga\" \/>\n<meta name=\"twitter:label1\" content=\"Escrit per\" \/>\n\t<meta name=\"twitter:data1\" content=\"admfarga\" \/>\n\t<meta name=\"twitter:label2\" content=\"Temps estimat de lectura\" \/>\n\t<meta name=\"twitter:data2\" content=\"2 minuts\" \/>\n<script type=\"application\/ld+json\" class=\"yoast-schema-graph\">{\"@context\":\"https:\\\/\\\/schema.org\",\"@graph\":[{\"@type\":\"Article\",\"@id\":\"https:\\\/\\\/www.lafarga.com\\\/corporatiu\\\/presentada-la-10a-edicio-de-creativa-2\\\/#article\",\"isPartOf\":{\"@id\":\"https:\\\/\\\/www.lafarga.com\\\/corporatiu\\\/presentada-la-10a-edicio-de-creativa-2\\\/\"},\"author\":{\"name\":\"admfarga\",\"@id\":\"https:\\\/\\\/www.lafarga.com\\\/corporatiu\\\/#\\\/schema\\\/person\\\/0ad4bc37b46f53e6b85ad51c2ac2d685\"},\"headline\":\"Presentada la 10\u00aa edici\u00f3n de Creativa\",\"datePublished\":\"2015-10-09T12:14:35+00:00\",\"dateModified\":\"2015-10-13T13:50:12+00:00\",\"mainEntityOfPage\":{\"@id\":\"https:\\\/\\\/www.lafarga.com\\\/corporatiu\\\/presentada-la-10a-edicio-de-creativa-2\\\/\"},\"wordCount\":392,\"publisher\":{\"@id\":\"https:\\\/\\\/www.lafarga.com\\\/corporatiu\\\/#organization\"},\"image\":{\"@id\":\"https:\\\/\\\/www.lafarga.com\\\/corporatiu\\\/presentada-la-10a-edicio-de-creativa-2\\\/#primaryimage\"},\"thumbnailUrl\":\"https:\\\/\\\/www.lafarga.com\\\/corporatiu\\\/wp-content\\\/uploads\\\/2015\\\/10\\\/creativa-farga.gif\",\"articleSection\":[\"Centro de Actividades\"],\"inLanguage\":\"ca\"},{\"@type\":\"WebPage\",\"@id\":\"https:\\\/\\\/www.lafarga.com\\\/corporatiu\\\/presentada-la-10a-edicio-de-creativa-2\\\/\",\"url\":\"https:\\\/\\\/www.lafarga.com\\\/corporatiu\\\/presentada-la-10a-edicio-de-creativa-2\\\/\",\"name\":\"Presentada la 10\u00aa edici\u00f3n de Creativa - La Farga Gesti\u00f3n de Equipamientos Municipales, S.A.\",\"isPartOf\":{\"@id\":\"https:\\\/\\\/www.lafarga.com\\\/corporatiu\\\/#website\"},\"primaryImageOfPage\":{\"@id\":\"https:\\\/\\\/www.lafarga.com\\\/corporatiu\\\/presentada-la-10a-edicio-de-creativa-2\\\/#primaryimage\"},\"image\":{\"@id\":\"https:\\\/\\\/www.lafarga.com\\\/corporatiu\\\/presentada-la-10a-edicio-de-creativa-2\\\/#primaryimage\"},\"thumbnailUrl\":\"https:\\\/\\\/www.lafarga.com\\\/corporatiu\\\/wp-content\\\/uploads\\\/2015\\\/10\\\/creativa-farga.gif\",\"datePublished\":\"2015-10-09T12:14:35+00:00\",\"dateModified\":\"2015-10-13T13:50:12+00:00\",\"description\":\"La 10a edici\u00f3 del Sal\u00f3 Creativa portar\u00e0 a La Farga de L\u2019H m\u00e9s 150 expositors de 7 pa\u00efsos diferents que ocuparan uns 10.000 m2 del Centre d\u2019Activitats.\",\"breadcrumb\":{\"@id\":\"https:\\\/\\\/www.lafarga.com\\\/corporatiu\\\/presentada-la-10a-edicio-de-creativa-2\\\/#breadcrumb\"},\"inLanguage\":\"ca\",\"potentialAction\":[{\"@type\":\"ReadAction\",\"target\":[\"https:\\\/\\\/www.lafarga.com\\\/corporatiu\\\/presentada-la-10a-edicio-de-creativa-2\\\/\"]}]},{\"@type\":\"ImageObject\",\"inLanguage\":\"ca\",\"@id\":\"https:\\\/\\\/www.lafarga.com\\\/corporatiu\\\/presentada-la-10a-edicio-de-creativa-2\\\/#primaryimage\",\"url\":\"https:\\\/\\\/www.lafarga.com\\\/corporatiu\\\/wp-content\\\/uploads\\\/2015\\\/10\\\/creativa-farga.gif\",\"contentUrl\":\"https:\\\/\\\/www.lafarga.com\\\/corporatiu\\\/wp-content\\\/uploads\\\/2015\\\/10\\\/creativa-farga.gif\",\"width\":730,\"height\":410},{\"@type\":\"BreadcrumbList\",\"@id\":\"https:\\\/\\\/www.lafarga.com\\\/corporatiu\\\/presentada-la-10a-edicio-de-creativa-2\\\/#breadcrumb\",\"itemListElement\":[{\"@type\":\"ListItem\",\"position\":1,\"name\":\"Home\",\"item\":\"https:\\\/\\\/www.lafarga.com\\\/corporatiu\\\/lafarga-hospitalet-llobregat\\\/\"},{\"@type\":\"ListItem\",\"position\":2,\"name\":\"Presentada la 10\u00aa edici\u00f3n de Creativa\"}]},{\"@type\":\"WebSite\",\"@id\":\"https:\\\/\\\/www.lafarga.com\\\/corporatiu\\\/#website\",\"url\":\"https:\\\/\\\/www.lafarga.com\\\/corporatiu\\\/\",\"name\":\"La Farga Gesti\u00f3 d&#039;Equipaments Municipals, SA\",\"description\":\"\",\"publisher\":{\"@id\":\"https:\\\/\\\/www.lafarga.com\\\/corporatiu\\\/#organization\"},\"potentialAction\":[{\"@type\":\"SearchAction\",\"target\":{\"@type\":\"EntryPoint\",\"urlTemplate\":\"https:\\\/\\\/www.lafarga.com\\\/corporatiu\\\/?s={search_term_string}\"},\"query-input\":{\"@type\":\"PropertyValueSpecification\",\"valueRequired\":true,\"valueName\":\"search_term_string\"}}],\"inLanguage\":\"ca\"},{\"@type\":\"Organization\",\"@id\":\"https:\\\/\\\/www.lafarga.com\\\/corporatiu\\\/#organization\",\"name\":\"La Farga Gesti\u00f3 d&#039;Equipaments Municipals, SA\",\"url\":\"https:\\\/\\\/www.lafarga.com\\\/corporatiu\\\/\",\"logo\":{\"@type\":\"ImageObject\",\"inLanguage\":\"ca\",\"@id\":\"https:\\\/\\\/www.lafarga.com\\\/corporatiu\\\/#\\\/schema\\\/logo\\\/image\\\/\",\"url\":\"https:\\\/\\\/www.lafarga.com\\\/corporatiu\\\/wp-content\\\/uploads\\\/2023\\\/11\\\/logotipo_lafarga_gemsa.svg\",\"contentUrl\":\"https:\\\/\\\/www.lafarga.com\\\/corporatiu\\\/wp-content\\\/uploads\\\/2023\\\/11\\\/logotipo_lafarga_gemsa.svg\",\"width\":102,\"height\":103,\"caption\":\"La Farga Gesti\u00f3 d&#039;Equipaments Municipals, SA\"},\"image\":{\"@id\":\"https:\\\/\\\/www.lafarga.com\\\/corporatiu\\\/#\\\/schema\\\/logo\\\/image\\\/\"}},{\"@type\":\"Person\",\"@id\":\"https:\\\/\\\/www.lafarga.com\\\/corporatiu\\\/#\\\/schema\\\/person\\\/0ad4bc37b46f53e6b85ad51c2ac2d685\",\"name\":\"admfarga\",\"image\":{\"@type\":\"ImageObject\",\"inLanguage\":\"ca\",\"@id\":\"https:\\\/\\\/secure.gravatar.com\\\/avatar\\\/2a2db0975754ce87d41cab8623874e9e5ef5d0add52244aba02a09775feab5cb?s=96&d=mm&r=g\",\"url\":\"https:\\\/\\\/secure.gravatar.com\\\/avatar\\\/2a2db0975754ce87d41cab8623874e9e5ef5d0add52244aba02a09775feab5cb?s=96&d=mm&r=g\",\"contentUrl\":\"https:\\\/\\\/secure.gravatar.com\\\/avatar\\\/2a2db0975754ce87d41cab8623874e9e5ef5d0add52244aba02a09775feab5cb?s=96&d=mm&r=g\",\"caption\":\"admfarga\"},\"url\":\"https:\\\/\\\/www.lafarga.com\\\/corporatiu\\\/author\\\/admfarga\\\/\"}]}<\/script>\n<!-- \/ Yoast SEO plugin. -->","yoast_head_json":{"title":"Presentada la 10\u00aa edici\u00f3n de Creativa - La Farga Gesti\u00f3n de Equipamientos Municipales, S.A.","description":"La 10a edici\u00f3 del Sal\u00f3 Creativa portar\u00e0 a La Farga de L\u2019H m\u00e9s 150 expositors de 7 pa\u00efsos diferents que ocuparan uns 10.000 m2 del Centre d\u2019Activitats.","robots":{"index":"index","follow":"follow","max-snippet":"max-snippet:-1","max-image-preview":"max-image-preview:large","max-video-preview":"max-video-preview:-1"},"canonical":"https:\/\/www.lafarga.com\/corporatiu\/presentada-la-10a-edicio-de-creativa-2\/","og_locale":"ca_ES","og_type":"article","og_title":"Presentada la 10\u00aa edici\u00f3n de Creativa - La Farga Gesti\u00f3n de Equipamientos Municipales, S.A.","og_description":"La 10a edici\u00f3 del Sal\u00f3 Creativa portar\u00e0 a La Farga de L\u2019H m\u00e9s 150 expositors de 7 pa\u00efsos diferents que ocuparan uns 10.000 m2 del Centre d\u2019Activitats.","og_url":"https:\/\/www.lafarga.com\/corporatiu\/presentada-la-10a-edicio-de-creativa-2\/","og_site_name":"La Farga Gesti\u00f3n de Equipamientos Municipales, S.A.","article_published_time":"2015-10-09T12:14:35+00:00","article_modified_time":"2015-10-13T13:50:12+00:00","og_image":[{"width":730,"height":410,"url":"https:\/\/www.lafarga.com\/corporatiu\/wp-content\/uploads\/2015\/10\/creativa-farga.gif","type":"image\/gif"}],"author":"admfarga","twitter_misc":{"Escrit per":"admfarga","Temps estimat de lectura":"2 minuts"},"schema":{"@context":"https:\/\/schema.org","@graph":[{"@type":"Article","@id":"https:\/\/www.lafarga.com\/corporatiu\/presentada-la-10a-edicio-de-creativa-2\/#article","isPartOf":{"@id":"https:\/\/www.lafarga.com\/corporatiu\/presentada-la-10a-edicio-de-creativa-2\/"},"author":{"name":"admfarga","@id":"https:\/\/www.lafarga.com\/corporatiu\/#\/schema\/person\/0ad4bc37b46f53e6b85ad51c2ac2d685"},"headline":"Presentada la 10\u00aa edici\u00f3n de Creativa","datePublished":"2015-10-09T12:14:35+00:00","dateModified":"2015-10-13T13:50:12+00:00","mainEntityOfPage":{"@id":"https:\/\/www.lafarga.com\/corporatiu\/presentada-la-10a-edicio-de-creativa-2\/"},"wordCount":392,"publisher":{"@id":"https:\/\/www.lafarga.com\/corporatiu\/#organization"},"image":{"@id":"https:\/\/www.lafarga.com\/corporatiu\/presentada-la-10a-edicio-de-creativa-2\/#primaryimage"},"thumbnailUrl":"https:\/\/www.lafarga.com\/corporatiu\/wp-content\/uploads\/2015\/10\/creativa-farga.gif","articleSection":["Centro de Actividades"],"inLanguage":"ca"},{"@type":"WebPage","@id":"https:\/\/www.lafarga.com\/corporatiu\/presentada-la-10a-edicio-de-creativa-2\/","url":"https:\/\/www.lafarga.com\/corporatiu\/presentada-la-10a-edicio-de-creativa-2\/","name":"Presentada la 10\u00aa edici\u00f3n de Creativa - La Farga Gesti\u00f3n de Equipamientos Municipales, S.A.","isPartOf":{"@id":"https:\/\/www.lafarga.com\/corporatiu\/#website"},"primaryImageOfPage":{"@id":"https:\/\/www.lafarga.com\/corporatiu\/presentada-la-10a-edicio-de-creativa-2\/#primaryimage"},"image":{"@id":"https:\/\/www.lafarga.com\/corporatiu\/presentada-la-10a-edicio-de-creativa-2\/#primaryimage"},"thumbnailUrl":"https:\/\/www.lafarga.com\/corporatiu\/wp-content\/uploads\/2015\/10\/creativa-farga.gif","datePublished":"2015-10-09T12:14:35+00:00","dateModified":"2015-10-13T13:50:12+00:00","description":"La 10a edici\u00f3 del Sal\u00f3 Creativa portar\u00e0 a La Farga de L\u2019H m\u00e9s 150 expositors de 7 pa\u00efsos diferents que ocuparan uns 10.000 m2 del Centre d\u2019Activitats.","breadcrumb":{"@id":"https:\/\/www.lafarga.com\/corporatiu\/presentada-la-10a-edicio-de-creativa-2\/#breadcrumb"},"inLanguage":"ca","potentialAction":[{"@type":"ReadAction","target":["https:\/\/www.lafarga.com\/corporatiu\/presentada-la-10a-edicio-de-creativa-2\/"]}]},{"@type":"ImageObject","inLanguage":"ca","@id":"https:\/\/www.lafarga.com\/corporatiu\/presentada-la-10a-edicio-de-creativa-2\/#primaryimage","url":"https:\/\/www.lafarga.com\/corporatiu\/wp-content\/uploads\/2015\/10\/creativa-farga.gif","contentUrl":"https:\/\/www.lafarga.com\/corporatiu\/wp-content\/uploads\/2015\/10\/creativa-farga.gif","width":730,"height":410},{"@type":"BreadcrumbList","@id":"https:\/\/www.lafarga.com\/corporatiu\/presentada-la-10a-edicio-de-creativa-2\/#breadcrumb","itemListElement":[{"@type":"ListItem","position":1,"name":"Home","item":"https:\/\/www.lafarga.com\/corporatiu\/lafarga-hospitalet-llobregat\/"},{"@type":"ListItem","position":2,"name":"Presentada la 10\u00aa edici\u00f3n de Creativa"}]},{"@type":"WebSite","@id":"https:\/\/www.lafarga.com\/corporatiu\/#website","url":"https:\/\/www.lafarga.com\/corporatiu\/","name":"La Farga Gesti\u00f3 d&#039;Equipaments Municipals, SA","description":"","publisher":{"@id":"https:\/\/www.lafarga.com\/corporatiu\/#organization"},"potentialAction":[{"@type":"SearchAction","target":{"@type":"EntryPoint","urlTemplate":"https:\/\/www.lafarga.com\/corporatiu\/?s={search_term_string}"},"query-input":{"@type":"PropertyValueSpecification","valueRequired":true,"valueName":"search_term_string"}}],"inLanguage":"ca"},{"@type":"Organization","@id":"https:\/\/www.lafarga.com\/corporatiu\/#organization","name":"La Farga Gesti\u00f3 d&#039;Equipaments Municipals, SA","url":"https:\/\/www.lafarga.com\/corporatiu\/","logo":{"@type":"ImageObject","inLanguage":"ca","@id":"https:\/\/www.lafarga.com\/corporatiu\/#\/schema\/logo\/image\/","url":"https:\/\/www.lafarga.com\/corporatiu\/wp-content\/uploads\/2023\/11\/logotipo_lafarga_gemsa.svg","contentUrl":"https:\/\/www.lafarga.com\/corporatiu\/wp-content\/uploads\/2023\/11\/logotipo_lafarga_gemsa.svg","width":102,"height":103,"caption":"La Farga Gesti\u00f3 d&#039;Equipaments Municipals, SA"},"image":{"@id":"https:\/\/www.lafarga.com\/corporatiu\/#\/schema\/logo\/image\/"}},{"@type":"Person","@id":"https:\/\/www.lafarga.com\/corporatiu\/#\/schema\/person\/0ad4bc37b46f53e6b85ad51c2ac2d685","name":"admfarga","image":{"@type":"ImageObject","inLanguage":"ca","@id":"https:\/\/secure.gravatar.com\/avatar\/2a2db0975754ce87d41cab8623874e9e5ef5d0add52244aba02a09775feab5cb?s=96&d=mm&r=g","url":"https:\/\/secure.gravatar.com\/avatar\/2a2db0975754ce87d41cab8623874e9e5ef5d0add52244aba02a09775feab5cb?s=96&d=mm&r=g","contentUrl":"https:\/\/secure.gravatar.com\/avatar\/2a2db0975754ce87d41cab8623874e9e5ef5d0add52244aba02a09775feab5cb?s=96&d=mm&r=g","caption":"admfarga"},"url":"https:\/\/www.lafarga.com\/corporatiu\/author\/admfarga\/"}]}},"uagb_featured_image_src":{"full":["https:\/\/www.lafarga.com\/corporatiu\/wp-content\/uploads\/2015\/10\/creativa-farga.gif",730,410,false],"thumbnail":["https:\/\/www.lafarga.com\/corporatiu\/wp-content\/uploads\/2015\/10\/creativa-farga-150x150.gif",150,150,true],"medium":["https:\/\/www.lafarga.com\/corporatiu\/wp-content\/uploads\/2015\/10\/creativa-farga-300x168.gif",300,168,true],"medium_large":["https:\/\/www.lafarga.com\/corporatiu\/wp-content\/uploads\/2015\/10\/creativa-farga.gif",730,410,false],"large":["https:\/\/www.lafarga.com\/corporatiu\/wp-content\/uploads\/2015\/10\/creativa-farga.gif",730,410,false],"1536x1536":["https:\/\/www.lafarga.com\/corporatiu\/wp-content\/uploads\/2015\/10\/creativa-farga.gif",730,410,false],"2048x2048":["https:\/\/www.lafarga.com\/corporatiu\/wp-content\/uploads\/2015\/10\/creativa-farga.gif",730,410,false],"mailpoet_newsletter_max":["https:\/\/www.lafarga.com\/corporatiu\/wp-content\/uploads\/2015\/10\/creativa-farga.gif",730,410,false]},"uagb_author_info":{"display_name":"admfarga","author_link":"https:\/\/www.lafarga.com\/corporatiu\/author\/admfarga\/"},"uagb_comment_info":0,"uagb_excerpt":"La 10\u00aa edici\u00f3n del Sal\u00f3n Creativa llevar\u00e1 a la Farga de L'Hospitalet m\u00e1s 150 expositores de 7 pa\u00edses diferentes, 700 talleres, 10 exposiciones, charlas y conferencias que ocupar\u00e1n unos 10.000 m2 del Centro de Actividades, para llenar el fin de semana del 5 al 9 de noviembre de creatividad e imaginaci\u00f3n.","_links":{"self":[{"href":"https:\/\/www.lafarga.com\/corporatiu\/wp-json\/wp\/v2\/posts\/5385","targetHints":{"allow":["GET"]}}],"collection":[{"href":"https:\/\/www.lafarga.com\/corporatiu\/wp-json\/wp\/v2\/posts"}],"about":[{"href":"https:\/\/www.lafarga.com\/corporatiu\/wp-json\/wp\/v2\/types\/post"}],"author":[{"embeddable":true,"href":"https:\/\/www.lafarga.com\/corporatiu\/wp-json\/wp\/v2\/users\/8"}],"replies":[{"embeddable":true,"href":"https:\/\/www.lafarga.com\/corporatiu\/wp-json\/wp\/v2\/comments?post=5385"}],"version-history":[{"count":6,"href":"https:\/\/www.lafarga.com\/corporatiu\/wp-json\/wp\/v2\/posts\/5385\/revisions"}],"predecessor-version":[{"id":5394,"href":"https:\/\/www.lafarga.com\/corporatiu\/wp-json\/wp\/v2\/posts\/5385\/revisions\/5394"}],"wp:featuredmedia":[{"embeddable":true,"href":"https:\/\/www.lafarga.com\/corporatiu\/wp-json\/wp\/v2\/media\/5382"}],"wp:attachment":[{"href":"https:\/\/www.lafarga.com\/corporatiu\/wp-json\/wp\/v2\/media?parent=5385"}],"wp:term":[{"taxonomy":"category","embeddable":true,"href":"https:\/\/www.lafarga.com\/corporatiu\/wp-json\/wp\/v2\/categories?post=5385"},{"taxonomy":"post_tag","embeddable":true,"href":"https:\/\/www.lafarga.com\/corporatiu\/wp-json\/wp\/v2\/tags?post=5385"}],"curies":[{"name":"wp","href":"https:\/\/api.w.org\/{rel}","templated":true}]}}