{"id":5381,"date":"2015-10-09T12:10:18","date_gmt":"2015-10-09T12:10:18","guid":{"rendered":"http:\/\/www.lafarga.com\/corporatiu\/?p=5381"},"modified":"2015-10-13T13:48:03","modified_gmt":"2015-10-13T13:48:03","slug":"presentada-la-10a-edicio-de-creativa","status":"publish","type":"post","link":"https:\/\/www.lafarga.com\/corporatiu\/presentada-la-10a-edicio-de-creativa\/","title":{"rendered":"Presentada la 10a edici\u00f3 de Creativa"},"content":{"rendered":"<p>La 10a edici\u00f3 del <a href=\"http:\/\/barcelona.creativa.eu\/\" target=\"_blank\">Sal\u00f3 Creativa<\/a> portar\u00e0 a La Farga de L\u2019Hospitalet m\u00e9s 150 expositors de 7 pa\u00efsos diferents, 700 tallers, 10 exposicions, xerrades i confer\u00e8ncies que ocuparan uns 10.000 m2 del Centre d\u2019Activitats, per omplir el cap de setmana del 5 al 9 de novembre de creativitat i imaginaci\u00f3.<\/p>\n<p>Creativa Barcelona 2015, organitzada per <a href=\"http:\/\/www.conceptum.eu\/spain\/\" target=\"_blank\">Conceptum<\/a> \u00e9s el m\u00e9s gran sal\u00f3 d\u2019oci creatiu d\u2019Europa i torna a L\u2019Hospitalet per mostrar-nos tot all\u00f2 relacionat amb les manualitats, labors i belles arts. L\u2019objectiu del sal\u00f3 \u00e9s difondre l\u2019art de la creaci\u00f3 manual com a formula activa per a un estil de vida modern. El m\u00f3n de la imaginaci\u00f3 i la creativitat es plasmen a Creativa on l\u2019expressi\u00f3 manual es posa de relleu.<\/p>\n<p>A Creativa seguirem trobant enguany diferents tallers per aprendre t\u00e8cniques tradicionals, t\u00e8cniques modernes, manualitats infantils, entre d\u2019altres, xerrades i confer\u00e8ncies, a m\u00e9s de diferents exposicions d\u2019aficionats, d\u2019artistes professionals novells i de tamb\u00e9 reconegut prestigi.<\/p>\n<p>Entre les novetats de Creativa Barcelona 2015 hi ha \u00e9s el retorn del concurs <em>Nacional Patch Fild&#8217;or<\/em>, que despr\u00e9s de 3 edicions d&#8217;abs\u00e8ncia, torna per celebrar la seva novena edici\u00f3, amb la exposici\u00f3 de m\u00e9s de 100 metres lineals de tots els participants.<\/p>\n<p>La directora del Sal\u00f3 Creativa, <strong>In\u00e9s Moreno<\/strong>, ha assenyalat en la presentaci\u00f3 del certamen d\u2019enguany feta aquest migdia a La Farga, <em>\u201cla satisfacci\u00f3 d\u2019haver pogut arribar a 10 edicions oferint a m\u00e9s cada any que passa propostes noves\u201d<\/em>.<\/p>\n<p>Per la seva banda el president de la Farga Gesti\u00f3 d\u2019Equipaments Municipals S.A., <strong>Jos\u00e9 Maria Garc\u00eda Mompel<\/strong> ha destacat la import\u00e0ncia de tot el que mou Creativa <em>\u201ca banda de l\u2019activitat d\u2019oci per a les persones aficionades en aquest sector, implica una activitat econ\u00f2mica a la ciutat i m\u00e9s concretament a la zona del barri del Centre on \u00e9s troba el recinte. <\/em>A m\u00e9s Garc\u00eda Mompel ha afegit que<em>\u00a0&#8220;a La Farga de L\u2019Hospitalet estem sempre oberts a poder fer fires innovadores i emergents, com Creativa i d\u2019altres que farem en un futur de la m\u00e0 de Conceptum i que situaran aquest recinte i la ciutat com a punt d\u2019inter\u00e8s del sector de noves fires i esdeveniments&#8221;.<\/em><\/p>\n","protected":false},"excerpt":{"rendered":"<p>La 10a edici\u00f3 del Sal\u00f3 Creativa portar\u00e0 a La Farga de L\u2019Hospitalet m\u00e9s 150 expositors de 7 pa\u00efsos diferents, tallers, xerrades i confer\u00e8ncies que ocuparan uns 10.000 m2 del Centre d\u2019Activitats per omplir el cap de setmana del 5 al 9 de novembre de creativitat i imaginaci\u00f3.<\/p>\n","protected":false},"author":8,"featured_media":5382,"comment_status":"closed","ping_status":"closed","sticky":false,"template":"","format":"standard","meta":{"inline_featured_image":false,"_uag_custom_page_level_css":"","_monsterinsights_skip_tracking":false,"_monsterinsights_sitenote_active":false,"_monsterinsights_sitenote_note":"","_monsterinsights_sitenote_category":0,"site-sidebar-layout":"default","site-content-layout":"","ast-site-content-layout":"default","site-content-style":"default","site-sidebar-style":"default","ast-global-header-display":"","ast-banner-title-visibility":"","ast-main-header-display":"","ast-hfb-above-header-display":"","ast-hfb-below-header-display":"","ast-hfb-mobile-header-display":"","site-post-title":"","ast-breadcrumbs-content":"","ast-featured-img":"","footer-sml-layout":"","ast-disable-related-posts":"","theme-transparent-header-meta":"","adv-header-id-meta":"","stick-header-meta":"","header-above-stick-meta":"","header-main-stick-meta":"","header-below-stick-meta":"","astra-migrate-meta-layouts":"default","ast-page-background-enabled":"default","ast-page-background-meta":{"desktop":{"background-color":"var(--ast-global-color-4)","background-image":"","background-repeat":"repeat","background-position":"center center","background-size":"auto","background-attachment":"scroll","background-type":"","background-media":"","overlay-type":"","overlay-color":"","overlay-opacity":"","overlay-gradient":""},"tablet":{"background-color":"","background-image":"","background-repeat":"repeat","background-position":"center center","background-size":"auto","background-attachment":"scroll","background-type":"","background-media":"","overlay-type":"","overlay-color":"","overlay-opacity":"","overlay-gradient":""},"mobile":{"background-color":"","background-image":"","background-repeat":"repeat","background-position":"center center","background-size":"auto","background-attachment":"scroll","background-type":"","background-media":"","overlay-type":"","overlay-color":"","overlay-opacity":"","overlay-gradient":""}},"ast-content-background-meta":{"desktop":{"background-color":"var(--ast-global-color-5)","background-image":"","background-repeat":"repeat","background-position":"center center","background-size":"auto","background-attachment":"scroll","background-type":"","background-media":"","overlay-type":"","overlay-color":"","overlay-opacity":"","overlay-gradient":""},"tablet":{"background-color":"var(--ast-global-color-5)","background-image":"","background-repeat":"repeat","background-position":"center center","background-size":"auto","background-attachment":"scroll","background-type":"","background-media":"","overlay-type":"","overlay-color":"","overlay-opacity":"","overlay-gradient":""},"mobile":{"background-color":"var(--ast-global-color-5)","background-image":"","background-repeat":"repeat","background-position":"center center","background-size":"auto","background-attachment":"scroll","background-type":"","background-media":"","overlay-type":"","overlay-color":"","overlay-opacity":"","overlay-gradient":""}},"footnotes":""},"categories":[49],"tags":[],"class_list":["post-5381","post","type-post","status-publish","format-standard","has-post-thumbnail","hentry","category-centre-activitats"],"yoast_head":"<!-- This site is optimized with the Yoast SEO plugin v27.4 - https:\/\/yoast.com\/product\/yoast-seo-wordpress\/ -->\n<title>Presentada la 10a edici\u00f3 de Creativa<\/title>\n<meta name=\"description\" content=\"La 10a edici\u00f3 del Sal\u00f3 Creativa portar\u00e0 a La Farga de L\u2019H m\u00e9s 150 expositors de 7 pa\u00efsos diferents que ocuparan uns 10.000 m2 del Centre d\u2019Activitats.\" \/>\n<meta name=\"robots\" content=\"index, follow, max-snippet:-1, max-image-preview:large, max-video-preview:-1\" \/>\n<link rel=\"canonical\" href=\"https:\/\/www.lafarga.com\/corporatiu\/presentada-la-10a-edicio-de-creativa\/\" \/>\n<meta property=\"og:locale\" content=\"ca_ES\" \/>\n<meta property=\"og:type\" content=\"article\" \/>\n<meta property=\"og:title\" content=\"Presentada la 10a edici\u00f3 de Creativa\" \/>\n<meta property=\"og:description\" content=\"La 10a edici\u00f3 del Sal\u00f3 Creativa portar\u00e0 a La Farga de L\u2019H m\u00e9s 150 expositors de 7 pa\u00efsos diferents que ocuparan uns 10.000 m2 del Centre d\u2019Activitats.\" \/>\n<meta property=\"og:url\" content=\"https:\/\/www.lafarga.com\/corporatiu\/presentada-la-10a-edicio-de-creativa\/\" \/>\n<meta property=\"og:site_name\" content=\"La Farga Gesti\u00f3n de Equipamientos Municipales, S.A.\" \/>\n<meta property=\"article:published_time\" content=\"2015-10-09T12:10:18+00:00\" \/>\n<meta property=\"article:modified_time\" content=\"2015-10-13T13:48:03+00:00\" \/>\n<meta property=\"og:image\" content=\"https:\/\/www.lafarga.com\/corporatiu\/wp-content\/uploads\/2015\/10\/creativa-farga.gif\" \/>\n\t<meta property=\"og:image:width\" content=\"730\" \/>\n\t<meta property=\"og:image:height\" content=\"410\" \/>\n\t<meta property=\"og:image:type\" content=\"image\/gif\" \/>\n<meta name=\"author\" content=\"admfarga\" \/>\n<meta name=\"twitter:label1\" content=\"Escrit per\" \/>\n\t<meta name=\"twitter:data1\" content=\"admfarga\" \/>\n\t<meta name=\"twitter:label2\" content=\"Temps estimat de lectura\" \/>\n\t<meta name=\"twitter:data2\" content=\"2 minuts\" \/>\n<script type=\"application\/ld+json\" class=\"yoast-schema-graph\">{\"@context\":\"https:\\\/\\\/schema.org\",\"@graph\":[{\"@type\":\"Article\",\"@id\":\"https:\\\/\\\/www.lafarga.com\\\/corporatiu\\\/presentada-la-10a-edicio-de-creativa\\\/#article\",\"isPartOf\":{\"@id\":\"https:\\\/\\\/www.lafarga.com\\\/corporatiu\\\/presentada-la-10a-edicio-de-creativa\\\/\"},\"author\":{\"name\":\"admfarga\",\"@id\":\"https:\\\/\\\/www.lafarga.com\\\/corporatiu\\\/#\\\/schema\\\/person\\\/0ad4bc37b46f53e6b85ad51c2ac2d685\"},\"headline\":\"Presentada la 10a edici\u00f3 de Creativa\",\"datePublished\":\"2015-10-09T12:10:18+00:00\",\"dateModified\":\"2015-10-13T13:48:03+00:00\",\"mainEntityOfPage\":{\"@id\":\"https:\\\/\\\/www.lafarga.com\\\/corporatiu\\\/presentada-la-10a-edicio-de-creativa\\\/\"},\"wordCount\":389,\"publisher\":{\"@id\":\"https:\\\/\\\/www.lafarga.com\\\/corporatiu\\\/#organization\"},\"image\":{\"@id\":\"https:\\\/\\\/www.lafarga.com\\\/corporatiu\\\/presentada-la-10a-edicio-de-creativa\\\/#primaryimage\"},\"thumbnailUrl\":\"https:\\\/\\\/www.lafarga.com\\\/corporatiu\\\/wp-content\\\/uploads\\\/2015\\\/10\\\/creativa-farga.gif\",\"articleSection\":[\"Centre d'Activitats\"],\"inLanguage\":\"ca\"},{\"@type\":\"WebPage\",\"@id\":\"https:\\\/\\\/www.lafarga.com\\\/corporatiu\\\/presentada-la-10a-edicio-de-creativa\\\/\",\"url\":\"https:\\\/\\\/www.lafarga.com\\\/corporatiu\\\/presentada-la-10a-edicio-de-creativa\\\/\",\"name\":\"Presentada la 10a edici\u00f3 de Creativa\",\"isPartOf\":{\"@id\":\"https:\\\/\\\/www.lafarga.com\\\/corporatiu\\\/#website\"},\"primaryImageOfPage\":{\"@id\":\"https:\\\/\\\/www.lafarga.com\\\/corporatiu\\\/presentada-la-10a-edicio-de-creativa\\\/#primaryimage\"},\"image\":{\"@id\":\"https:\\\/\\\/www.lafarga.com\\\/corporatiu\\\/presentada-la-10a-edicio-de-creativa\\\/#primaryimage\"},\"thumbnailUrl\":\"https:\\\/\\\/www.lafarga.com\\\/corporatiu\\\/wp-content\\\/uploads\\\/2015\\\/10\\\/creativa-farga.gif\",\"datePublished\":\"2015-10-09T12:10:18+00:00\",\"dateModified\":\"2015-10-13T13:48:03+00:00\",\"description\":\"La 10a edici\u00f3 del Sal\u00f3 Creativa portar\u00e0 a La Farga de L\u2019H m\u00e9s 150 expositors de 7 pa\u00efsos diferents que ocuparan uns 10.000 m2 del Centre d\u2019Activitats.\",\"breadcrumb\":{\"@id\":\"https:\\\/\\\/www.lafarga.com\\\/corporatiu\\\/presentada-la-10a-edicio-de-creativa\\\/#breadcrumb\"},\"inLanguage\":\"ca\",\"potentialAction\":[{\"@type\":\"ReadAction\",\"target\":[\"https:\\\/\\\/www.lafarga.com\\\/corporatiu\\\/presentada-la-10a-edicio-de-creativa\\\/\"]}]},{\"@type\":\"ImageObject\",\"inLanguage\":\"ca\",\"@id\":\"https:\\\/\\\/www.lafarga.com\\\/corporatiu\\\/presentada-la-10a-edicio-de-creativa\\\/#primaryimage\",\"url\":\"https:\\\/\\\/www.lafarga.com\\\/corporatiu\\\/wp-content\\\/uploads\\\/2015\\\/10\\\/creativa-farga.gif\",\"contentUrl\":\"https:\\\/\\\/www.lafarga.com\\\/corporatiu\\\/wp-content\\\/uploads\\\/2015\\\/10\\\/creativa-farga.gif\",\"width\":730,\"height\":410},{\"@type\":\"BreadcrumbList\",\"@id\":\"https:\\\/\\\/www.lafarga.com\\\/corporatiu\\\/presentada-la-10a-edicio-de-creativa\\\/#breadcrumb\",\"itemListElement\":[{\"@type\":\"ListItem\",\"position\":1,\"name\":\"Home\",\"item\":\"https:\\\/\\\/www.lafarga.com\\\/corporatiu\\\/lafarga-hospitalet-llobregat\\\/\"},{\"@type\":\"ListItem\",\"position\":2,\"name\":\"Presentada la 10a edici\u00f3 de Creativa\"}]},{\"@type\":\"WebSite\",\"@id\":\"https:\\\/\\\/www.lafarga.com\\\/corporatiu\\\/#website\",\"url\":\"https:\\\/\\\/www.lafarga.com\\\/corporatiu\\\/\",\"name\":\"La Farga Gesti\u00f3 d&#039;Equipaments Municipals, SA\",\"description\":\"\",\"publisher\":{\"@id\":\"https:\\\/\\\/www.lafarga.com\\\/corporatiu\\\/#organization\"},\"potentialAction\":[{\"@type\":\"SearchAction\",\"target\":{\"@type\":\"EntryPoint\",\"urlTemplate\":\"https:\\\/\\\/www.lafarga.com\\\/corporatiu\\\/?s={search_term_string}\"},\"query-input\":{\"@type\":\"PropertyValueSpecification\",\"valueRequired\":true,\"valueName\":\"search_term_string\"}}],\"inLanguage\":\"ca\"},{\"@type\":\"Organization\",\"@id\":\"https:\\\/\\\/www.lafarga.com\\\/corporatiu\\\/#organization\",\"name\":\"La Farga Gesti\u00f3 d&#039;Equipaments Municipals, SA\",\"url\":\"https:\\\/\\\/www.lafarga.com\\\/corporatiu\\\/\",\"logo\":{\"@type\":\"ImageObject\",\"inLanguage\":\"ca\",\"@id\":\"https:\\\/\\\/www.lafarga.com\\\/corporatiu\\\/#\\\/schema\\\/logo\\\/image\\\/\",\"url\":\"https:\\\/\\\/www.lafarga.com\\\/corporatiu\\\/wp-content\\\/uploads\\\/2023\\\/11\\\/logotipo_lafarga_gemsa.svg\",\"contentUrl\":\"https:\\\/\\\/www.lafarga.com\\\/corporatiu\\\/wp-content\\\/uploads\\\/2023\\\/11\\\/logotipo_lafarga_gemsa.svg\",\"width\":102,\"height\":103,\"caption\":\"La Farga Gesti\u00f3 d&#039;Equipaments Municipals, SA\"},\"image\":{\"@id\":\"https:\\\/\\\/www.lafarga.com\\\/corporatiu\\\/#\\\/schema\\\/logo\\\/image\\\/\"}},{\"@type\":\"Person\",\"@id\":\"https:\\\/\\\/www.lafarga.com\\\/corporatiu\\\/#\\\/schema\\\/person\\\/0ad4bc37b46f53e6b85ad51c2ac2d685\",\"name\":\"admfarga\",\"image\":{\"@type\":\"ImageObject\",\"inLanguage\":\"ca\",\"@id\":\"https:\\\/\\\/secure.gravatar.com\\\/avatar\\\/2a2db0975754ce87d41cab8623874e9e5ef5d0add52244aba02a09775feab5cb?s=96&d=mm&r=g\",\"url\":\"https:\\\/\\\/secure.gravatar.com\\\/avatar\\\/2a2db0975754ce87d41cab8623874e9e5ef5d0add52244aba02a09775feab5cb?s=96&d=mm&r=g\",\"contentUrl\":\"https:\\\/\\\/secure.gravatar.com\\\/avatar\\\/2a2db0975754ce87d41cab8623874e9e5ef5d0add52244aba02a09775feab5cb?s=96&d=mm&r=g\",\"caption\":\"admfarga\"},\"url\":\"https:\\\/\\\/www.lafarga.com\\\/corporatiu\\\/author\\\/admfarga\\\/\"}]}<\/script>\n<!-- \/ Yoast SEO plugin. -->","yoast_head_json":{"title":"Presentada la 10a edici\u00f3 de Creativa","description":"La 10a edici\u00f3 del Sal\u00f3 Creativa portar\u00e0 a La Farga de L\u2019H m\u00e9s 150 expositors de 7 pa\u00efsos diferents que ocuparan uns 10.000 m2 del Centre d\u2019Activitats.","robots":{"index":"index","follow":"follow","max-snippet":"max-snippet:-1","max-image-preview":"max-image-preview:large","max-video-preview":"max-video-preview:-1"},"canonical":"https:\/\/www.lafarga.com\/corporatiu\/presentada-la-10a-edicio-de-creativa\/","og_locale":"ca_ES","og_type":"article","og_title":"Presentada la 10a edici\u00f3 de Creativa","og_description":"La 10a edici\u00f3 del Sal\u00f3 Creativa portar\u00e0 a La Farga de L\u2019H m\u00e9s 150 expositors de 7 pa\u00efsos diferents que ocuparan uns 10.000 m2 del Centre d\u2019Activitats.","og_url":"https:\/\/www.lafarga.com\/corporatiu\/presentada-la-10a-edicio-de-creativa\/","og_site_name":"La Farga Gesti\u00f3n de Equipamientos Municipales, S.A.","article_published_time":"2015-10-09T12:10:18+00:00","article_modified_time":"2015-10-13T13:48:03+00:00","og_image":[{"width":730,"height":410,"url":"https:\/\/www.lafarga.com\/corporatiu\/wp-content\/uploads\/2015\/10\/creativa-farga.gif","type":"image\/gif"}],"author":"admfarga","twitter_misc":{"Escrit per":"admfarga","Temps estimat de lectura":"2 minuts"},"schema":{"@context":"https:\/\/schema.org","@graph":[{"@type":"Article","@id":"https:\/\/www.lafarga.com\/corporatiu\/presentada-la-10a-edicio-de-creativa\/#article","isPartOf":{"@id":"https:\/\/www.lafarga.com\/corporatiu\/presentada-la-10a-edicio-de-creativa\/"},"author":{"name":"admfarga","@id":"https:\/\/www.lafarga.com\/corporatiu\/#\/schema\/person\/0ad4bc37b46f53e6b85ad51c2ac2d685"},"headline":"Presentada la 10a edici\u00f3 de Creativa","datePublished":"2015-10-09T12:10:18+00:00","dateModified":"2015-10-13T13:48:03+00:00","mainEntityOfPage":{"@id":"https:\/\/www.lafarga.com\/corporatiu\/presentada-la-10a-edicio-de-creativa\/"},"wordCount":389,"publisher":{"@id":"https:\/\/www.lafarga.com\/corporatiu\/#organization"},"image":{"@id":"https:\/\/www.lafarga.com\/corporatiu\/presentada-la-10a-edicio-de-creativa\/#primaryimage"},"thumbnailUrl":"https:\/\/www.lafarga.com\/corporatiu\/wp-content\/uploads\/2015\/10\/creativa-farga.gif","articleSection":["Centre d'Activitats"],"inLanguage":"ca"},{"@type":"WebPage","@id":"https:\/\/www.lafarga.com\/corporatiu\/presentada-la-10a-edicio-de-creativa\/","url":"https:\/\/www.lafarga.com\/corporatiu\/presentada-la-10a-edicio-de-creativa\/","name":"Presentada la 10a edici\u00f3 de Creativa","isPartOf":{"@id":"https:\/\/www.lafarga.com\/corporatiu\/#website"},"primaryImageOfPage":{"@id":"https:\/\/www.lafarga.com\/corporatiu\/presentada-la-10a-edicio-de-creativa\/#primaryimage"},"image":{"@id":"https:\/\/www.lafarga.com\/corporatiu\/presentada-la-10a-edicio-de-creativa\/#primaryimage"},"thumbnailUrl":"https:\/\/www.lafarga.com\/corporatiu\/wp-content\/uploads\/2015\/10\/creativa-farga.gif","datePublished":"2015-10-09T12:10:18+00:00","dateModified":"2015-10-13T13:48:03+00:00","description":"La 10a edici\u00f3 del Sal\u00f3 Creativa portar\u00e0 a La Farga de L\u2019H m\u00e9s 150 expositors de 7 pa\u00efsos diferents que ocuparan uns 10.000 m2 del Centre d\u2019Activitats.","breadcrumb":{"@id":"https:\/\/www.lafarga.com\/corporatiu\/presentada-la-10a-edicio-de-creativa\/#breadcrumb"},"inLanguage":"ca","potentialAction":[{"@type":"ReadAction","target":["https:\/\/www.lafarga.com\/corporatiu\/presentada-la-10a-edicio-de-creativa\/"]}]},{"@type":"ImageObject","inLanguage":"ca","@id":"https:\/\/www.lafarga.com\/corporatiu\/presentada-la-10a-edicio-de-creativa\/#primaryimage","url":"https:\/\/www.lafarga.com\/corporatiu\/wp-content\/uploads\/2015\/10\/creativa-farga.gif","contentUrl":"https:\/\/www.lafarga.com\/corporatiu\/wp-content\/uploads\/2015\/10\/creativa-farga.gif","width":730,"height":410},{"@type":"BreadcrumbList","@id":"https:\/\/www.lafarga.com\/corporatiu\/presentada-la-10a-edicio-de-creativa\/#breadcrumb","itemListElement":[{"@type":"ListItem","position":1,"name":"Home","item":"https:\/\/www.lafarga.com\/corporatiu\/lafarga-hospitalet-llobregat\/"},{"@type":"ListItem","position":2,"name":"Presentada la 10a edici\u00f3 de Creativa"}]},{"@type":"WebSite","@id":"https:\/\/www.lafarga.com\/corporatiu\/#website","url":"https:\/\/www.lafarga.com\/corporatiu\/","name":"La Farga Gesti\u00f3 d&#039;Equipaments Municipals, SA","description":"","publisher":{"@id":"https:\/\/www.lafarga.com\/corporatiu\/#organization"},"potentialAction":[{"@type":"SearchAction","target":{"@type":"EntryPoint","urlTemplate":"https:\/\/www.lafarga.com\/corporatiu\/?s={search_term_string}"},"query-input":{"@type":"PropertyValueSpecification","valueRequired":true,"valueName":"search_term_string"}}],"inLanguage":"ca"},{"@type":"Organization","@id":"https:\/\/www.lafarga.com\/corporatiu\/#organization","name":"La Farga Gesti\u00f3 d&#039;Equipaments Municipals, SA","url":"https:\/\/www.lafarga.com\/corporatiu\/","logo":{"@type":"ImageObject","inLanguage":"ca","@id":"https:\/\/www.lafarga.com\/corporatiu\/#\/schema\/logo\/image\/","url":"https:\/\/www.lafarga.com\/corporatiu\/wp-content\/uploads\/2023\/11\/logotipo_lafarga_gemsa.svg","contentUrl":"https:\/\/www.lafarga.com\/corporatiu\/wp-content\/uploads\/2023\/11\/logotipo_lafarga_gemsa.svg","width":102,"height":103,"caption":"La Farga Gesti\u00f3 d&#039;Equipaments Municipals, SA"},"image":{"@id":"https:\/\/www.lafarga.com\/corporatiu\/#\/schema\/logo\/image\/"}},{"@type":"Person","@id":"https:\/\/www.lafarga.com\/corporatiu\/#\/schema\/person\/0ad4bc37b46f53e6b85ad51c2ac2d685","name":"admfarga","image":{"@type":"ImageObject","inLanguage":"ca","@id":"https:\/\/secure.gravatar.com\/avatar\/2a2db0975754ce87d41cab8623874e9e5ef5d0add52244aba02a09775feab5cb?s=96&d=mm&r=g","url":"https:\/\/secure.gravatar.com\/avatar\/2a2db0975754ce87d41cab8623874e9e5ef5d0add52244aba02a09775feab5cb?s=96&d=mm&r=g","contentUrl":"https:\/\/secure.gravatar.com\/avatar\/2a2db0975754ce87d41cab8623874e9e5ef5d0add52244aba02a09775feab5cb?s=96&d=mm&r=g","caption":"admfarga"},"url":"https:\/\/www.lafarga.com\/corporatiu\/author\/admfarga\/"}]}},"uagb_featured_image_src":{"full":["https:\/\/www.lafarga.com\/corporatiu\/wp-content\/uploads\/2015\/10\/creativa-farga.gif",730,410,false],"thumbnail":["https:\/\/www.lafarga.com\/corporatiu\/wp-content\/uploads\/2015\/10\/creativa-farga-150x150.gif",150,150,true],"medium":["https:\/\/www.lafarga.com\/corporatiu\/wp-content\/uploads\/2015\/10\/creativa-farga-300x168.gif",300,168,true],"medium_large":["https:\/\/www.lafarga.com\/corporatiu\/wp-content\/uploads\/2015\/10\/creativa-farga.gif",730,410,false],"large":["https:\/\/www.lafarga.com\/corporatiu\/wp-content\/uploads\/2015\/10\/creativa-farga.gif",730,410,false],"1536x1536":["https:\/\/www.lafarga.com\/corporatiu\/wp-content\/uploads\/2015\/10\/creativa-farga.gif",730,410,false],"2048x2048":["https:\/\/www.lafarga.com\/corporatiu\/wp-content\/uploads\/2015\/10\/creativa-farga.gif",730,410,false],"mailpoet_newsletter_max":["https:\/\/www.lafarga.com\/corporatiu\/wp-content\/uploads\/2015\/10\/creativa-farga.gif",730,410,false]},"uagb_author_info":{"display_name":"admfarga","author_link":"https:\/\/www.lafarga.com\/corporatiu\/author\/admfarga\/"},"uagb_comment_info":0,"uagb_excerpt":"La 10a edici\u00f3 del Sal\u00f3 Creativa portar\u00e0 a La Farga de L\u2019Hospitalet m\u00e9s 150 expositors de 7 pa\u00efsos diferents, tallers, xerrades i confer\u00e8ncies que ocuparan uns 10.000 m2 del Centre d\u2019Activitats per omplir el cap de setmana del 5 al 9 de novembre de creativitat i imaginaci\u00f3.","_links":{"self":[{"href":"https:\/\/www.lafarga.com\/corporatiu\/wp-json\/wp\/v2\/posts\/5381","targetHints":{"allow":["GET"]}}],"collection":[{"href":"https:\/\/www.lafarga.com\/corporatiu\/wp-json\/wp\/v2\/posts"}],"about":[{"href":"https:\/\/www.lafarga.com\/corporatiu\/wp-json\/wp\/v2\/types\/post"}],"author":[{"embeddable":true,"href":"https:\/\/www.lafarga.com\/corporatiu\/wp-json\/wp\/v2\/users\/8"}],"replies":[{"embeddable":true,"href":"https:\/\/www.lafarga.com\/corporatiu\/wp-json\/wp\/v2\/comments?post=5381"}],"version-history":[{"count":5,"href":"https:\/\/www.lafarga.com\/corporatiu\/wp-json\/wp\/v2\/posts\/5381\/revisions"}],"predecessor-version":[{"id":5389,"href":"https:\/\/www.lafarga.com\/corporatiu\/wp-json\/wp\/v2\/posts\/5381\/revisions\/5389"}],"wp:featuredmedia":[{"embeddable":true,"href":"https:\/\/www.lafarga.com\/corporatiu\/wp-json\/wp\/v2\/media\/5382"}],"wp:attachment":[{"href":"https:\/\/www.lafarga.com\/corporatiu\/wp-json\/wp\/v2\/media?parent=5381"}],"wp:term":[{"taxonomy":"category","embeddable":true,"href":"https:\/\/www.lafarga.com\/corporatiu\/wp-json\/wp\/v2\/categories?post=5381"},{"taxonomy":"post_tag","embeddable":true,"href":"https:\/\/www.lafarga.com\/corporatiu\/wp-json\/wp\/v2\/tags?post=5381"}],"curies":[{"name":"wp","href":"https:\/\/api.w.org\/{rel}","templated":true}]}}